{"id":57325,"date":"2023-08-31T09:30:48","date_gmt":"2023-08-31T16:30:48","guid":{"rendered":"https:\/\/fuentesfidedignas.com.mx\/?p=57325"},"modified":"2023-08-31T09:51:08","modified_gmt":"2023-08-31T16:51:08","slug":"gane-la-apuesta-amlo-reacciona-a-victoria-de-xochitl-galvez-en-proceso-del-frente-amplio","status":"publish","type":"post","link":"https:\/\/fuentesfidedignas.com.mx\/index.php\/2023\/08\/31\/gane-la-apuesta-amlo-reacciona-a-victoria-de-xochitl-galvez-en-proceso-del-frente-amplio\/","title":{"rendered":"\u2018\u00a1Gan\u00e9 la apuesta!\u2019 AMLO reacciona a \u2018victoria\u2019 de X\u00f3chitl G\u00e1lvez en proceso del Frente Amplio"},"content":{"rendered":"\n<p><strong><em>Hace dos meses -el 3 de julio de 2023- AMLO \u2018apost\u00f3\u2019 que X\u00f3chitl G\u00e1lvez ser\u00eda, por dedazo, la elegida del Frente Amplio por M\u00e9xico<\/em><\/strong><\/p>\n\n\n\n<p>Ciudad de M\u00e9xico. El presidente\u00a0Andr\u00e9s Manuel L\u00f3pez Obrador\u00a0celebr\u00f3\u00a0haber\u00a0ganado la apuesta\u00a0que hizo sobre que\u00a0X\u00f3chitl G\u00e1lvez\u00a0ser\u00eda, por\u00a0dedazo de la oligarqu\u00eda, la candidata presidencial del\u00a0Frente Amplio por M\u00e9xico.<\/p>\n\n\n\n<p>Esto, despu\u00e9s de que el Partido Revolucionario Institucional (<a href=\"https:\/\/www.elfinanciero.com.mx\/nacional\/2023\/08\/30\/morena-acusa-simulacion-en-declinacion-del-pri-por-xochitl-galvez-y-restar-apoyo-a-beatriz-paredes\/\">PRI<\/a>) anunciara que apoyar\u00e1 a la aspirante panista, retirando as\u00ed de la contienda interna a\u00a0<a href=\"https:\/\/www.elfinanciero.com.mx\/nacional\/2023\/08\/31\/beatriz-paredes-declina-por-xochitl-galvez-esto-dijo-alito-moreno-marko-cortez-y-jesus-zambrano\/\">Beatriz Paredes<\/a>.<\/p>\n\n\n\n<p>\u201c\u00a1<strong>Gan\u00e9 la apuesta<\/strong>! No vayan a decir que no sab\u00eda yo de lo que se trataba, lo tienen que reconocer\u201d, festej\u00f3 AMLO en Palacio Nacional.<\/p>\n\n\n\n<p>Sin embargo, durante la\u00a0<a href=\"https:\/\/www.elfinanciero.com.mx\/nacional\/2023\/08\/31\/amlo-mananera-temas-hoy-31-agosto-2023-en-vivo\/\">conferencia de prensa matutina<\/a>, el mandatario mexicano\u00a0<strong>lament\u00f3\u00a0<\/strong>que la \u2018victoria\u2019 de G\u00e1lvez Ruiz se deba solo a una \u201c<strong>decisi\u00f3n copular<\/strong>\u201d.<\/p>\n\n\n\n<p>\u201cNunca se hab\u00eda visto esto en la historia. Algo tan descarado,&nbsp;<strong>ni siquiera terminaron su proceso<\/strong>, sino que fue pura declinaci\u00f3n. Se los dije\u201d, reiter\u00f3.https:\/\/d-38140910373910226016.ampproject.net\/2308181609000\/frame.html<\/p>\n\n\n\n<p>\u201cEl pacto era hacer una encuesta y una elecci\u00f3n, pero resulta que solo hacen la encuesta y ya no hacen el siguiente paso,&nbsp;<strong>hay una cargada en favor de una se\u00f1ora<\/strong>\u201d, ironiz\u00f3.<\/p>\n\n\n\n<p>En este contexto, el jefe del Ejecutivo&nbsp;<strong>minimiz\u00f3&nbsp;<\/strong>los&nbsp;<a href=\"https:\/\/www.elfinanciero.com.mx\/nacional\/2023\/08\/30\/marcelo-ebrard-reclama-fallas-en-levantamiento-de-encuestas-de-morena-estas-son-sus-quejas\/\">se\u00f1alamientos de Marcelo Ebrard<\/a>, quien ayer dijo que estaba<strong>&nbsp;\u201cpreocupado<\/strong>\u201d ante el \u201c<strong>gran desorden<\/strong>\u201dque se registr\u00f3 durante el inici\u00f3 del levantamiento de la&nbsp;<a href=\"https:\/\/www.elfinanciero.com.mx\/nacional\/2023\/08\/30\/encuesta-de-morena-equipo-de-ebrard-dice-que-se-aplicara-un-dia-mas\/\">encuesta organizada por Morena<\/a>.<\/p>\n\n\n\n<p>\u201cAqu\u00ed no hay dedazo. Yo no estoy influyendo y no tengo doble discurso porque no soy hip\u00f3crita. No somos iguales. El pueblo debe decidir y debemos acostumbrarnos a eso\u201d, afirm\u00f3.<\/p>\n\n\n\n<h2 class=\"wp-block-heading\">\u00bfCu\u00e1ndo \u2018profetiz\u00f3 AMLO la victoria de X\u00f3chitl?<\/h2>\n\n\n\n<p>El 3 de julio de 2023, el mandatario mexicano asegur\u00f3 que X\u00f3chitl G\u00e1lvez ser\u00eda, por\u00a0<strong>dedazo<\/strong>, la elegida para representar a la oposici\u00f3n en el pr\u00f3ximo proceso electoral.<\/p>\n\n\n\n<p>\u201cTengo toda la informaci\u00f3n de que (Claudio X. Gonz\u00e1lez) llev\u00f3 a cabo las consultas para que los represente X\u00f3chitl G\u00e1lvez. Fue un proceso de consulta arriba, con<strong>&nbsp;los que no dan la cara<\/strong>, pero s\u00ed act\u00faan y son los que&nbsp;<strong>aportan dinero<\/strong>&nbsp;para las campa\u00f1as\u201d, afirm\u00f3 AMLO.<\/p>\n\n\n\n<p>\u201c<strong>No me voy a equivocar<\/strong>. Ya est\u00e1 resuelto porque se re\u00fanen con anticipaci\u00f3n y empiezan a hacer sus enjuagues y tomar algunos acuerdos.&nbsp;<strong>Todo es una simulaci\u00f3n<\/strong>\u201d, se\u00f1al\u00f3.<\/p>\n\n\n\n<p>58 d\u00edas despu\u00e9s, los dirigentes nacionales el PAN, PRI y PRD levantaron la mano de la hidalguense.<\/p>\n\n\n\n<figure class=\"wp-block-embed is-type-video is-provider-youtube wp-block-embed-youtube wp-embed-aspect-16-9 wp-has-aspect-ratio\"><div class=\"wp-block-embed__wrapper\">\n<iframe loading=\"lazy\" title=\"El PRI DECLINA en favor de X\u00d3CHITL G\u00e1lvez en contienda del Frente\" width=\"696\" height=\"392\" src=\"https:\/\/www.youtube.com\/embed\/oJIl_LpUV0o?feature=oembed\" frameborder=\"0\" allow=\"accelerometer; autoplay; clipboard-write; encrypted-media; gyroscope; picture-in-picture; web-share\" allowfullscreen><\/iframe>\n<\/div><\/figure>\n","protected":false},"excerpt":{"rendered":"<p>Hace dos meses -el 3 de julio de 2023- AMLO \u2018apost\u00f3\u2019 que X\u00f3chitl G\u00e1lvez ser\u00eda, por dedazo, la elegida del Frente Amplio por M\u00e9xico Ciudad de M\u00e9xico. El presidente\u00a0Andr\u00e9s Manuel L\u00f3pez Obrador\u00a0celebr\u00f3\u00a0haber\u00a0ganado la apuesta\u00a0que hizo sobre que\u00a0X\u00f3chitl G\u00e1lvez\u00a0ser\u00eda, por\u00a0dedazo de la oligarqu\u00eda, la candidata presidencial del\u00a0Frente Amplio por M\u00e9xico. Esto, despu\u00e9s de que el Partido [&hellip;]<\/p>\n","protected":false},"author":21,"featured_media":57327,"comment_status":"open","ping_status":"open","sticky":false,"template":"","format":"standard","meta":{"tdm_status":"","tdm_grid_status":"","footnotes":""},"categories":[39,1],"tags":[],"class_list":{"0":"post-57325","1":"post","2":"type-post","3":"status-publish","4":"format-standard","5":"has-post-thumbnail","7":"category-noticias-nacionales","8":"category-sin-categoria"},"yoast_head":"<!-- This site is optimized with the Yoast SEO plugin v27.5 - https:\/\/yoast.com\/product\/yoast-seo-wordpress\/ -->\n<title>\u2018\u00a1Gan\u00e9 la apuesta!\u2019 AMLO reacciona a \u2018victoria\u2019 de X\u00f3chitl G\u00e1lvez en proceso del Frente Amplio - Fuentes Fidedignas<\/title>\n<meta name=\"robots\" content=\"index, follow, max-snippet:-1, max-image-preview:large, max-video-preview:-1\" \/>\n<link rel=\"canonical\" href=\"https:\/\/fuentesfidedignas.com.mx\/index.php\/2023\/08\/31\/gane-la-apuesta-amlo-reacciona-a-victoria-de-xochitl-galvez-en-proceso-del-frente-amplio\/\" \/>\n<meta property=\"og:locale\" content=\"es_MX\" \/>\n<meta property=\"og:type\" content=\"article\" \/>\n<meta property=\"og:title\" content=\"\u2018\u00a1Gan\u00e9 la apuesta!\u2019 AMLO reacciona a \u2018victoria\u2019 de X\u00f3chitl G\u00e1lvez en proceso del Frente Amplio - Fuentes Fidedignas\" \/>\n<meta property=\"og:description\" content=\"Hace dos meses -el 3 de julio de 2023- AMLO \u2018apost\u00f3\u2019 que X\u00f3chitl G\u00e1lvez ser\u00eda, por dedazo, la elegida del Frente Amplio por M\u00e9xico Ciudad de M\u00e9xico. El presidente\u00a0Andr\u00e9s Manuel L\u00f3pez Obrador\u00a0celebr\u00f3\u00a0haber\u00a0ganado la apuesta\u00a0que hizo sobre que\u00a0X\u00f3chitl G\u00e1lvez\u00a0ser\u00eda, por\u00a0dedazo de la oligarqu\u00eda, la candidata presidencial del\u00a0Frente Amplio por M\u00e9xico. Esto, despu\u00e9s de que el Partido [&hellip;]\" \/>\n<meta property=\"og:url\" content=\"https:\/\/fuentesfidedignas.com.mx\/index.php\/2023\/08\/31\/gane-la-apuesta-amlo-reacciona-a-victoria-de-xochitl-galvez-en-proceso-del-frente-amplio\/\" \/>\n<meta property=\"og:site_name\" content=\"Fuentes Fidedignas\" \/>\n<meta property=\"article:publisher\" content=\"https:\/\/www.facebook.com\/Fuentes-Fidedignas-368234489921644\" \/>\n<meta property=\"article:published_time\" content=\"2023-08-31T16:30:48+00:00\" \/>\n<meta property=\"article:modified_time\" content=\"2023-08-31T16:51:08+00:00\" \/>\n<meta property=\"og:image\" content=\"https:\/\/fuentesfidedignas.com.mx\/wp-content\/uploads\/2023\/08\/Screenshot_20230831_092749_Chrome.jpg\" \/>\n\t<meta property=\"og:image:width\" content=\"1079\" \/>\n\t<meta property=\"og:image:height\" content=\"604\" \/>\n\t<meta property=\"og:image:type\" content=\"image\/jpeg\" \/>\n<meta name=\"author\" content=\"El Financiero\" \/>\n<meta name=\"twitter:card\" content=\"summary_large_image\" \/>\n<meta name=\"twitter:creator\" content=\"@fidedignas\" \/>\n<meta name=\"twitter:site\" content=\"@fidedignas\" \/>\n<meta name=\"twitter:label1\" content=\"Escrito por\" \/>\n\t<meta name=\"twitter:data1\" content=\"El Financiero\" \/>\n\t<meta name=\"twitter:label2\" content=\"Tiempo de lectura\" \/>\n\t<meta name=\"twitter:data2\" content=\"2 minutos\" \/>\n<script type=\"application\/ld+json\" class=\"yoast-schema-graph\">{\"@context\":\"https:\\\/\\\/schema.org\",\"@graph\":[{\"@type\":\"Article\",\"@id\":\"https:\\\/\\\/fuentesfidedignas.com.mx\\\/index.php\\\/2023\\\/08\\\/31\\\/gane-la-apuesta-amlo-reacciona-a-victoria-de-xochitl-galvez-en-proceso-del-frente-amplio\\\/#article\",\"isPartOf\":{\"@id\":\"https:\\\/\\\/fuentesfidedignas.com.mx\\\/index.php\\\/2023\\\/08\\\/31\\\/gane-la-apuesta-amlo-reacciona-a-victoria-de-xochitl-galvez-en-proceso-del-frente-amplio\\\/\"},\"author\":{\"name\":\"El Financiero\",\"@id\":\"https:\\\/\\\/fuentesfidedignas.com.mx\\\/#\\\/schema\\\/person\\\/494f7e0dce8dfaaec5b64f16615b78e9\"},\"headline\":\"\u2018\u00a1Gan\u00e9 la apuesta!\u2019 AMLO reacciona a \u2018victoria\u2019 de X\u00f3chitl G\u00e1lvez en proceso del Frente Amplio\",\"datePublished\":\"2023-08-31T16:30:48+00:00\",\"dateModified\":\"2023-08-31T16:51:08+00:00\",\"mainEntityOfPage\":{\"@id\":\"https:\\\/\\\/fuentesfidedignas.com.mx\\\/index.php\\\/2023\\\/08\\\/31\\\/gane-la-apuesta-amlo-reacciona-a-victoria-de-xochitl-galvez-en-proceso-del-frente-amplio\\\/\"},\"wordCount\":461,\"commentCount\":0,\"publisher\":{\"@id\":\"https:\\\/\\\/fuentesfidedignas.com.mx\\\/#organization\"},\"image\":{\"@id\":\"https:\\\/\\\/fuentesfidedignas.com.mx\\\/index.php\\\/2023\\\/08\\\/31\\\/gane-la-apuesta-amlo-reacciona-a-victoria-de-xochitl-galvez-en-proceso-del-frente-amplio\\\/#primaryimage\"},\"thumbnailUrl\":\"https:\\\/\\\/fuentesfidedignas.com.mx\\\/wp-content\\\/uploads\\\/2023\\\/08\\\/Screenshot_20230831_092749_Chrome.jpg\",\"articleSection\":[\"NOTICIAS NACIONALES\"],\"inLanguage\":\"es\",\"potentialAction\":[{\"@type\":\"CommentAction\",\"name\":\"Comment\",\"target\":[\"https:\\\/\\\/fuentesfidedignas.com.mx\\\/index.php\\\/2023\\\/08\\\/31\\\/gane-la-apuesta-amlo-reacciona-a-victoria-de-xochitl-galvez-en-proceso-del-frente-amplio\\\/#respond\"]}]},{\"@type\":\"WebPage\",\"@id\":\"https:\\\/\\\/fuentesfidedignas.com.mx\\\/index.php\\\/2023\\\/08\\\/31\\\/gane-la-apuesta-amlo-reacciona-a-victoria-de-xochitl-galvez-en-proceso-del-frente-amplio\\\/\",\"url\":\"https:\\\/\\\/fuentesfidedignas.com.mx\\\/index.php\\\/2023\\\/08\\\/31\\\/gane-la-apuesta-amlo-reacciona-a-victoria-de-xochitl-galvez-en-proceso-del-frente-amplio\\\/\",\"name\":\"\u2018\u00a1Gan\u00e9 la apuesta!\u2019 AMLO reacciona a \u2018victoria\u2019 de X\u00f3chitl G\u00e1lvez en proceso del Frente Amplio - Fuentes Fidedignas\",\"isPartOf\":{\"@id\":\"https:\\\/\\\/fuentesfidedignas.com.mx\\\/#website\"},\"primaryImageOfPage\":{\"@id\":\"https:\\\/\\\/fuentesfidedignas.com.mx\\\/index.php\\\/2023\\\/08\\\/31\\\/gane-la-apuesta-amlo-reacciona-a-victoria-de-xochitl-galvez-en-proceso-del-frente-amplio\\\/#primaryimage\"},\"image\":{\"@id\":\"https:\\\/\\\/fuentesfidedignas.com.mx\\\/index.php\\\/2023\\\/08\\\/31\\\/gane-la-apuesta-amlo-reacciona-a-victoria-de-xochitl-galvez-en-proceso-del-frente-amplio\\\/#primaryimage\"},\"thumbnailUrl\":\"https:\\\/\\\/fuentesfidedignas.com.mx\\\/wp-content\\\/uploads\\\/2023\\\/08\\\/Screenshot_20230831_092749_Chrome.jpg\",\"datePublished\":\"2023-08-31T16:30:48+00:00\",\"dateModified\":\"2023-08-31T16:51:08+00:00\",\"breadcrumb\":{\"@id\":\"https:\\\/\\\/fuentesfidedignas.com.mx\\\/index.php\\\/2023\\\/08\\\/31\\\/gane-la-apuesta-amlo-reacciona-a-victoria-de-xochitl-galvez-en-proceso-del-frente-amplio\\\/#breadcrumb\"},\"inLanguage\":\"es\",\"potentialAction\":[{\"@type\":\"ReadAction\",\"target\":[\"https:\\\/\\\/fuentesfidedignas.com.mx\\\/index.php\\\/2023\\\/08\\\/31\\\/gane-la-apuesta-amlo-reacciona-a-victoria-de-xochitl-galvez-en-proceso-del-frente-amplio\\\/\"]}]},{\"@type\":\"ImageObject\",\"inLanguage\":\"es\",\"@id\":\"https:\\\/\\\/fuentesfidedignas.com.mx\\\/index.php\\\/2023\\\/08\\\/31\\\/gane-la-apuesta-amlo-reacciona-a-victoria-de-xochitl-galvez-en-proceso-del-frente-amplio\\\/#primaryimage\",\"url\":\"https:\\\/\\\/fuentesfidedignas.com.mx\\\/wp-content\\\/uploads\\\/2023\\\/08\\\/Screenshot_20230831_092749_Chrome.jpg\",\"contentUrl\":\"https:\\\/\\\/fuentesfidedignas.com.mx\\\/wp-content\\\/uploads\\\/2023\\\/08\\\/Screenshot_20230831_092749_Chrome.jpg\",\"width\":1079,\"height\":604},{\"@type\":\"BreadcrumbList\",\"@id\":\"https:\\\/\\\/fuentesfidedignas.com.mx\\\/index.php\\\/2023\\\/08\\\/31\\\/gane-la-apuesta-amlo-reacciona-a-victoria-de-xochitl-galvez-en-proceso-del-frente-amplio\\\/#breadcrumb\",\"itemListElement\":[{\"@type\":\"ListItem\",\"position\":1,\"name\":\"Inicio\",\"item\":\"https:\\\/\\\/fuentesfidedignas.com.mx\\\/\"},{\"@type\":\"ListItem\",\"position\":2,\"name\":\"\u2018\u00a1Gan\u00e9 la apuesta!\u2019 AMLO reacciona a \u2018victoria\u2019 de X\u00f3chitl G\u00e1lvez en proceso del Frente Amplio\"}]},{\"@type\":\"WebSite\",\"@id\":\"https:\\\/\\\/fuentesfidedignas.com.mx\\\/#website\",\"url\":\"https:\\\/\\\/fuentesfidedignas.com.mx\\\/\",\"name\":\"Fuentes Fidedignas\",\"description\":\"Otro sitio realizado con WordPress\",\"publisher\":{\"@id\":\"https:\\\/\\\/fuentesfidedignas.com.mx\\\/#organization\"},\"potentialAction\":[{\"@type\":\"SearchAction\",\"target\":{\"@type\":\"EntryPoint\",\"urlTemplate\":\"https:\\\/\\\/fuentesfidedignas.com.mx\\\/?s={search_term_string}\"},\"query-input\":{\"@type\":\"PropertyValueSpecification\",\"valueRequired\":true,\"valueName\":\"search_term_string\"}}],\"inLanguage\":\"es\"},{\"@type\":\"Organization\",\"@id\":\"https:\\\/\\\/fuentesfidedignas.com.mx\\\/#organization\",\"name\":\"Fuentes Fidedignas\",\"url\":\"https:\\\/\\\/fuentesfidedignas.com.mx\\\/\",\"logo\":{\"@type\":\"ImageObject\",\"inLanguage\":\"es\",\"@id\":\"https:\\\/\\\/fuentesfidedignas.com.mx\\\/#\\\/schema\\\/logo\\\/image\\\/\",\"url\":\"https:\\\/\\\/fuentesfidedignas.com.mx\\\/wp-content\\\/uploads\\\/2021\\\/04\\\/logo-retina.png\",\"contentUrl\":\"https:\\\/\\\/fuentesfidedignas.com.mx\\\/wp-content\\\/uploads\\\/2021\\\/04\\\/logo-retina.png\",\"width\":280,\"height\":51,\"caption\":\"Fuentes Fidedignas\"},\"image\":{\"@id\":\"https:\\\/\\\/fuentesfidedignas.com.mx\\\/#\\\/schema\\\/logo\\\/image\\\/\"},\"sameAs\":[\"https:\\\/\\\/www.facebook.com\\\/Fuentes-Fidedignas-368234489921644\",\"https:\\\/\\\/x.com\\\/fidedignas\"]},{\"@type\":\"Person\",\"@id\":\"https:\\\/\\\/fuentesfidedignas.com.mx\\\/#\\\/schema\\\/person\\\/494f7e0dce8dfaaec5b64f16615b78e9\",\"name\":\"El Financiero\",\"image\":{\"@type\":\"ImageObject\",\"inLanguage\":\"es\",\"@id\":\"https:\\\/\\\/secure.gravatar.com\\\/avatar\\\/88c0f3f2079389318ef8dd35c22cb997212aa89646e357ba59b318db26ed91a9?s=96&d=mm&r=g\",\"url\":\"https:\\\/\\\/secure.gravatar.com\\\/avatar\\\/88c0f3f2079389318ef8dd35c22cb997212aa89646e357ba59b318db26ed91a9?s=96&d=mm&r=g\",\"contentUrl\":\"https:\\\/\\\/secure.gravatar.com\\\/avatar\\\/88c0f3f2079389318ef8dd35c22cb997212aa89646e357ba59b318db26ed91a9?s=96&d=mm&r=g\",\"caption\":\"El Financiero\"},\"url\":\"https:\\\/\\\/fuentesfidedignas.com.mx\\\/index.php\\\/author\\\/financiero\\\/\"}]}<\/script>\n<!-- \/ Yoast SEO plugin. -->","yoast_head_json":{"title":"\u2018\u00a1Gan\u00e9 la apuesta!\u2019 AMLO reacciona a \u2018victoria\u2019 de X\u00f3chitl G\u00e1lvez en proceso del Frente Amplio - Fuentes Fidedignas","robots":{"index":"index","follow":"follow","max-snippet":"max-snippet:-1","max-image-preview":"max-image-preview:large","max-video-preview":"max-video-preview:-1"},"canonical":"https:\/\/fuentesfidedignas.com.mx\/index.php\/2023\/08\/31\/gane-la-apuesta-amlo-reacciona-a-victoria-de-xochitl-galvez-en-proceso-del-frente-amplio\/","og_locale":"es_MX","og_type":"article","og_title":"\u2018\u00a1Gan\u00e9 la apuesta!\u2019 AMLO reacciona a \u2018victoria\u2019 de X\u00f3chitl G\u00e1lvez en proceso del Frente Amplio - Fuentes Fidedignas","og_description":"Hace dos meses -el 3 de julio de 2023- AMLO \u2018apost\u00f3\u2019 que X\u00f3chitl G\u00e1lvez ser\u00eda, por dedazo, la elegida del Frente Amplio por M\u00e9xico Ciudad de M\u00e9xico. El presidente\u00a0Andr\u00e9s Manuel L\u00f3pez Obrador\u00a0celebr\u00f3\u00a0haber\u00a0ganado la apuesta\u00a0que hizo sobre que\u00a0X\u00f3chitl G\u00e1lvez\u00a0ser\u00eda, por\u00a0dedazo de la oligarqu\u00eda, la candidata presidencial del\u00a0Frente Amplio por M\u00e9xico. Esto, despu\u00e9s de que el Partido [&hellip;]","og_url":"https:\/\/fuentesfidedignas.com.mx\/index.php\/2023\/08\/31\/gane-la-apuesta-amlo-reacciona-a-victoria-de-xochitl-galvez-en-proceso-del-frente-amplio\/","og_site_name":"Fuentes Fidedignas","article_publisher":"https:\/\/www.facebook.com\/Fuentes-Fidedignas-368234489921644","article_published_time":"2023-08-31T16:30:48+00:00","article_modified_time":"2023-08-31T16:51:08+00:00","og_image":[{"width":1079,"height":604,"url":"https:\/\/fuentesfidedignas.com.mx\/wp-content\/uploads\/2023\/08\/Screenshot_20230831_092749_Chrome.jpg","type":"image\/jpeg"}],"author":"El Financiero","twitter_card":"summary_large_image","twitter_creator":"@fidedignas","twitter_site":"@fidedignas","twitter_misc":{"Escrito por":"El Financiero","Tiempo de lectura":"2 minutos"},"schema":{"@context":"https:\/\/schema.org","@graph":[{"@type":"Article","@id":"https:\/\/fuentesfidedignas.com.mx\/index.php\/2023\/08\/31\/gane-la-apuesta-amlo-reacciona-a-victoria-de-xochitl-galvez-en-proceso-del-frente-amplio\/#article","isPartOf":{"@id":"https:\/\/fuentesfidedignas.com.mx\/index.php\/2023\/08\/31\/gane-la-apuesta-amlo-reacciona-a-victoria-de-xochitl-galvez-en-proceso-del-frente-amplio\/"},"author":{"name":"El Financiero","@id":"https:\/\/fuentesfidedignas.com.mx\/#\/schema\/person\/494f7e0dce8dfaaec5b64f16615b78e9"},"headline":"\u2018\u00a1Gan\u00e9 la apuesta!\u2019 AMLO reacciona a \u2018victoria\u2019 de X\u00f3chitl G\u00e1lvez en proceso del Frente Amplio","datePublished":"2023-08-31T16:30:48+00:00","dateModified":"2023-08-31T16:51:08+00:00","mainEntityOfPage":{"@id":"https:\/\/fuentesfidedignas.com.mx\/index.php\/2023\/08\/31\/gane-la-apuesta-amlo-reacciona-a-victoria-de-xochitl-galvez-en-proceso-del-frente-amplio\/"},"wordCount":461,"commentCount":0,"publisher":{"@id":"https:\/\/fuentesfidedignas.com.mx\/#organization"},"image":{"@id":"https:\/\/fuentesfidedignas.com.mx\/index.php\/2023\/08\/31\/gane-la-apuesta-amlo-reacciona-a-victoria-de-xochitl-galvez-en-proceso-del-frente-amplio\/#primaryimage"},"thumbnailUrl":"https:\/\/fuentesfidedignas.com.mx\/wp-content\/uploads\/2023\/08\/Screenshot_20230831_092749_Chrome.jpg","articleSection":["NOTICIAS NACIONALES"],"inLanguage":"es","potentialAction":[{"@type":"CommentAction","name":"Comment","target":["https:\/\/fuentesfidedignas.com.mx\/index.php\/2023\/08\/31\/gane-la-apuesta-amlo-reacciona-a-victoria-de-xochitl-galvez-en-proceso-del-frente-amplio\/#respond"]}]},{"@type":"WebPage","@id":"https:\/\/fuentesfidedignas.com.mx\/index.php\/2023\/08\/31\/gane-la-apuesta-amlo-reacciona-a-victoria-de-xochitl-galvez-en-proceso-del-frente-amplio\/","url":"https:\/\/fuentesfidedignas.com.mx\/index.php\/2023\/08\/31\/gane-la-apuesta-amlo-reacciona-a-victoria-de-xochitl-galvez-en-proceso-del-frente-amplio\/","name":"\u2018\u00a1Gan\u00e9 la apuesta!\u2019 AMLO reacciona a \u2018victoria\u2019 de X\u00f3chitl G\u00e1lvez en proceso del Frente Amplio - Fuentes Fidedignas","isPartOf":{"@id":"https:\/\/fuentesfidedignas.com.mx\/#website"},"primaryImageOfPage":{"@id":"https:\/\/fuentesfidedignas.com.mx\/index.php\/2023\/08\/31\/gane-la-apuesta-amlo-reacciona-a-victoria-de-xochitl-galvez-en-proceso-del-frente-amplio\/#primaryimage"},"image":{"@id":"https:\/\/fuentesfidedignas.com.mx\/index.php\/2023\/08\/31\/gane-la-apuesta-amlo-reacciona-a-victoria-de-xochitl-galvez-en-proceso-del-frente-amplio\/#primaryimage"},"thumbnailUrl":"https:\/\/fuentesfidedignas.com.mx\/wp-content\/uploads\/2023\/08\/Screenshot_20230831_092749_Chrome.jpg","datePublished":"2023-08-31T16:30:48+00:00","dateModified":"2023-08-31T16:51:08+00:00","breadcrumb":{"@id":"https:\/\/fuentesfidedignas.com.mx\/index.php\/2023\/08\/31\/gane-la-apuesta-amlo-reacciona-a-victoria-de-xochitl-galvez-en-proceso-del-frente-amplio\/#breadcrumb"},"inLanguage":"es","potentialAction":[{"@type":"ReadAction","target":["https:\/\/fuentesfidedignas.com.mx\/index.php\/2023\/08\/31\/gane-la-apuesta-amlo-reacciona-a-victoria-de-xochitl-galvez-en-proceso-del-frente-amplio\/"]}]},{"@type":"ImageObject","inLanguage":"es","@id":"https:\/\/fuentesfidedignas.com.mx\/index.php\/2023\/08\/31\/gane-la-apuesta-amlo-reacciona-a-victoria-de-xochitl-galvez-en-proceso-del-frente-amplio\/#primaryimage","url":"https:\/\/fuentesfidedignas.com.mx\/wp-content\/uploads\/2023\/08\/Screenshot_20230831_092749_Chrome.jpg","contentUrl":"https:\/\/fuentesfidedignas.com.mx\/wp-content\/uploads\/2023\/08\/Screenshot_20230831_092749_Chrome.jpg","width":1079,"height":604},{"@type":"BreadcrumbList","@id":"https:\/\/fuentesfidedignas.com.mx\/index.php\/2023\/08\/31\/gane-la-apuesta-amlo-reacciona-a-victoria-de-xochitl-galvez-en-proceso-del-frente-amplio\/#breadcrumb","itemListElement":[{"@type":"ListItem","position":1,"name":"Inicio","item":"https:\/\/fuentesfidedignas.com.mx\/"},{"@type":"ListItem","position":2,"name":"\u2018\u00a1Gan\u00e9 la apuesta!\u2019 AMLO reacciona a \u2018victoria\u2019 de X\u00f3chitl G\u00e1lvez en proceso del Frente Amplio"}]},{"@type":"WebSite","@id":"https:\/\/fuentesfidedignas.com.mx\/#website","url":"https:\/\/fuentesfidedignas.com.mx\/","name":"Fuentes Fidedignas","description":"Otro sitio realizado con WordPress","publisher":{"@id":"https:\/\/fuentesfidedignas.com.mx\/#organization"},"potentialAction":[{"@type":"SearchAction","target":{"@type":"EntryPoint","urlTemplate":"https:\/\/fuentesfidedignas.com.mx\/?s={search_term_string}"},"query-input":{"@type":"PropertyValueSpecification","valueRequired":true,"valueName":"search_term_string"}}],"inLanguage":"es"},{"@type":"Organization","@id":"https:\/\/fuentesfidedignas.com.mx\/#organization","name":"Fuentes Fidedignas","url":"https:\/\/fuentesfidedignas.com.mx\/","logo":{"@type":"ImageObject","inLanguage":"es","@id":"https:\/\/fuentesfidedignas.com.mx\/#\/schema\/logo\/image\/","url":"https:\/\/fuentesfidedignas.com.mx\/wp-content\/uploads\/2021\/04\/logo-retina.png","contentUrl":"https:\/\/fuentesfidedignas.com.mx\/wp-content\/uploads\/2021\/04\/logo-retina.png","width":280,"height":51,"caption":"Fuentes Fidedignas"},"image":{"@id":"https:\/\/fuentesfidedignas.com.mx\/#\/schema\/logo\/image\/"},"sameAs":["https:\/\/www.facebook.com\/Fuentes-Fidedignas-368234489921644","https:\/\/x.com\/fidedignas"]},{"@type":"Person","@id":"https:\/\/fuentesfidedignas.com.mx\/#\/schema\/person\/494f7e0dce8dfaaec5b64f16615b78e9","name":"El Financiero","image":{"@type":"ImageObject","inLanguage":"es","@id":"https:\/\/secure.gravatar.com\/avatar\/88c0f3f2079389318ef8dd35c22cb997212aa89646e357ba59b318db26ed91a9?s=96&d=mm&r=g","url":"https:\/\/secure.gravatar.com\/avatar\/88c0f3f2079389318ef8dd35c22cb997212aa89646e357ba59b318db26ed91a9?s=96&d=mm&r=g","contentUrl":"https:\/\/secure.gravatar.com\/avatar\/88c0f3f2079389318ef8dd35c22cb997212aa89646e357ba59b318db26ed91a9?s=96&d=mm&r=g","caption":"El Financiero"},"url":"https:\/\/fuentesfidedignas.com.mx\/index.php\/author\/financiero\/"}]}},"_links":{"self":[{"href":"https:\/\/fuentesfidedignas.com.mx\/index.php\/wp-json\/wp\/v2\/posts\/57325","targetHints":{"allow":["GET"]}}],"collection":[{"href":"https:\/\/fuentesfidedignas.com.mx\/index.php\/wp-json\/wp\/v2\/posts"}],"about":[{"href":"https:\/\/fuentesfidedignas.com.mx\/index.php\/wp-json\/wp\/v2\/types\/post"}],"author":[{"embeddable":true,"href":"https:\/\/fuentesfidedignas.com.mx\/index.php\/wp-json\/wp\/v2\/users\/21"}],"replies":[{"embeddable":true,"href":"https:\/\/fuentesfidedignas.com.mx\/index.php\/wp-json\/wp\/v2\/comments?post=57325"}],"version-history":[{"count":1,"href":"https:\/\/fuentesfidedignas.com.mx\/index.php\/wp-json\/wp\/v2\/posts\/57325\/revisions"}],"predecessor-version":[{"id":57326,"href":"https:\/\/fuentesfidedignas.com.mx\/index.php\/wp-json\/wp\/v2\/posts\/57325\/revisions\/57326"}],"wp:featuredmedia":[{"embeddable":true,"href":"https:\/\/fuentesfidedignas.com.mx\/index.php\/wp-json\/wp\/v2\/media\/57327"}],"wp:attachment":[{"href":"https:\/\/fuentesfidedignas.com.mx\/index.php\/wp-json\/wp\/v2\/media?parent=57325"}],"wp:term":[{"taxonomy":"category","embeddable":true,"href":"https:\/\/fuentesfidedignas.com.mx\/index.php\/wp-json\/wp\/v2\/categories?post=57325"},{"taxonomy":"post_tag","embeddable":true,"href":"https:\/\/fuentesfidedignas.com.mx\/index.php\/wp-json\/wp\/v2\/tags?post=57325"}],"curies":[{"name":"wp","href":"https:\/\/api.w.org\/{rel}","templated":true}]}}