{"id":57315,"date":"2023-08-31T08:11:20","date_gmt":"2023-08-31T15:11:20","guid":{"rendered":"https:\/\/fuentesfidedignas.com.mx\/?p=57315"},"modified":"2023-08-31T07:12:49","modified_gmt":"2023-08-31T14:12:49","slug":"estas-son-las-fechas-para-el-deposito-de-la-pension-del-imss-issste-y-bienestar","status":"publish","type":"post","link":"https:\/\/fuentesfidedignas.com.mx\/index.php\/2023\/08\/31\/estas-son-las-fechas-para-el-deposito-de-la-pension-del-imss-issste-y-bienestar\/","title":{"rendered":"Estas son las fechas para el dep\u00f3sito de la pensi\u00f3n del IMSS, ISSSTE y Bienestar"},"content":{"rendered":"\n<p><strong><em>Durante septiembre, jubilados y pensionados del IMSS y del ISSSTE recibir\u00e1n su pensi\u00f3n, que se juntar\u00e1 con la del Bienestar para Adultos Mayores. Estas son las fechas de dep\u00f3sito.<\/em><\/strong><\/p>\n\n\n\n<p>CIUDAD DE M\u00c9XICO.- Durante septiembre, cerca de 8 millones de jubilados y pensionados del IMSS y del ISSSTE recibir\u00e1n su pensi\u00f3n, misma que se junta con la del Bienestar para Adultos Mayores. Estas son las fechas de dispersi\u00f3n<\/p>\n\n\n\n<p>Por parte del Instituto Mexicano del Seguro Social (IMSS), m\u00e1s de 4 millones de personas dispondr\u00e1n de su pensi\u00f3n a partir del viernes 1 de septiembre.<\/p>\n\n\n\n<p>Los jubilados del Instituto de Seguridad y Servicios Sociales de los Trabajadores del Estado (ISSSTE) la recibir\u00e1n a partir del 31 de agosto.<\/p>\n\n\n\n<p>En cuanto a las 11.5 millones de personas con 65 a\u00f1os o m\u00e1s que reciben el pago de 4 mil 800 pesos bimestrales, la Secretar\u00eda del Bienestar no ha publicado el calendario, como hac\u00eda en meses anteriores.<\/p>\n\n\n\n<p>Sin embargo, el dinero debe llegar las cuentas de los beneficiarios en la primera semana de septiembre.<\/p>\n\n\n\n<p>La dependencia s\u00ed avis\u00f3 a los beneficiarios de las pensiones para Adultos Mayores o de la Discapacidad que \u201cmuy pronto\u201d se depositar\u00e1 la pensi\u00f3n en la Tarjeta Bienestar.<\/p>\n\n\n\n<p>Adem\u00e1s, invit\u00f3 a quienes no recogieron a tiempo su tarjeta a que, con su CURP, ubiquen el M\u00f3dulo de Rezagados en la p\u00e1gina por lo que invit\u00f3 a los rezagados que no recogieron a tiempo el pl\u00e1stico que, con su CURP podr\u00e1n ubicar el M\u00f3dulo de Rezagados en la p\u00e1gina <a href=\"https:\/\/www.gob.mx\/bienestar\">https:\/\/www.gob.mx\/bienestar<\/a> para poder recogerla.<\/p>\n\n\n\n<p>\u201c\u00a1No te quedes sin tu medio de pago!\u201d, se\u00f1al\u00f3 en su cuenta en la red social X.<\/p>\n\n\n\n<blockquote class=\"twitter-tweet\"><p lang=\"es\" dir=\"ltr\">\ud83d\udea8 AVISO REZAGADOS\ud83d\udea8 <br>Derechohabiente de la <a href=\"https:\/\/twitter.com\/hashtag\/Pensi%C3%B3nAdultoMayor?src=hash&amp;ref_src=twsrc%5Etfw\">#Pensi\u00f3nAdultoMayor<\/a> o de la <a href=\"https:\/\/twitter.com\/hashtag\/Pensi%C3%B3nDiscapacidad?src=hash&amp;ref_src=twsrc%5Etfw\">#Pensi\u00f3nDiscapacidad<\/a>, si se te pas\u00f3 el plazo para recoger tu <a href=\"https:\/\/twitter.com\/hashtag\/TarjetaBienestar?src=hash&amp;ref_src=twsrc%5Etfw\">#TarjetaBienestar<\/a>, muy pronto s\u00f3lo se te depositar\u00e1 en ella el monto de tu pensi\u00f3n. Con tu CURP a la mano ubica el M\u00f3dulo de Rezagados en\u2026 <a href=\"https:\/\/t.co\/vZPvz5yl4L\">pic.twitter.com\/vZPvz5yl4L<\/a><\/p>&mdash; Ariadna Montiel Reyes (@A_MontielR) <a href=\"https:\/\/twitter.com\/A_MontielR\/status\/1696585465485238765?ref_src=twsrc%5Etfw\">August 29, 2023<\/a><\/blockquote> <script async src=\"https:\/\/platform.twitter.com\/widgets.js\" charset=\"utf-8\"><\/script>\n\n\n\n<p>Tambi\u00e9n record\u00f3 que dicha pensi\u00f3n ya es un derecho universal que se otorga a partir de los 65 a\u00f1os, y desde 2018 ha ido en aumento. En el 2024, el monto de la Pensi\u00f3n del Bienestar ser\u00e1 de 6 mil pesos bimestrales.<\/p>\n\n\n\n<blockquote class=\"twitter-tweet\"><p lang=\"es\" dir=\"ltr\">En el Gobierno de la <a href=\"https:\/\/twitter.com\/hashtag\/4aTransformaci%C3%B3n?src=hash&amp;ref_src=twsrc%5Etfw\">#4aTransformaci\u00f3n<\/a> estamos convencidos de que invertir en las y los adultos mayores, siempre ser\u00e1 un acierto. Por eso, ya es un derecho universal a partir de los 65 a\u00f1os, tiene m\u00e1s presupuesto y cada a\u00f1o va aumentando hasta llegar en 2024 a 6 mil pesos\u2026 <a href=\"https:\/\/t.co\/oH0CgbOtqr\">pic.twitter.com\/oH0CgbOtqr<\/a><\/p>&mdash; Ariadna Montiel Reyes (@A_MontielR) <a href=\"https:\/\/twitter.com\/A_MontielR\/status\/1696226545143267342?ref_src=twsrc%5Etfw\">August 28, 2023<\/a><\/blockquote> <script async src=\"https:\/\/platform.twitter.com\/widgets.js\" charset=\"utf-8\"><\/script>\n\n\n\n<p><strong>\u00bfQu\u00e9 d\u00edas depositan el pago de la Pensi\u00f3n Bienestar?<\/strong><br>Las fechas de distribuci\u00f3n suelen ser anunciadas con suficiente antelaci\u00f3n, se anticipa que los pagos se iniciar\u00e1n a partir del 4 de septiembre, d\u00eda que ha sido utilizado previamente por el Banco Bienestar en meses anteriores. Es necesario recordar, que los fondos son transferidos directamente a la cuenta en el Banco Bienestar.<\/p>\n\n\n\n<p>A continuaci\u00f3n, se detallan los posibles d\u00edas de dep\u00f3sito para el mes de septiembre:<\/p>\n\n\n\n<p>Lunes 4 de septiembre: A, B<br>Martes 5 de septiembre: C<br>Mi\u00e9rcoles 6 de septiembre: E, I, F<br>Jueves 7 de septiembre: G<br>Viernes 8 de septiembre: H, J, K, L<br>Lunes 11 de septiembre: M<br>Martes 12 de septiembre: N, \u00d1, O, P, Q<br>Mi\u00e9rcoles 13 de septiembre: R<br>Jueves 14 de septiembre: S, T, U<br>Viernes 15 de septiembre: V, W, X, Y, Z<br><\/p>\n\n\n\n<p><strong>\u00bfD\u00f3nde cobrar el dinero de la Pensi\u00f3n Bienestar?<\/strong><br>Una vez que la Secretar\u00eda del Bienestar divulgue el Calendario de la Pensi\u00f3n Bienestar, ser\u00e1 posible dirigirse a una de las 1,836 sucursales del Banco Bienestar en todo el pa\u00eds, llevando consigo la Tarjeta Bienestar, para efectuar el retiro correspondiente.<\/p>\n\n\n\n<p>Es importante se\u00f1alar que, con el objetivo de evitar cargos adicionales, se aconseja realizar el retiro en el Banco del Bienestar o Banj\u00e9rcito. Si se decide acudir a una sucursal de otro banco, es probable que se aplique una comisi\u00f3n por el retiro.<\/p>\n","protected":false},"excerpt":{"rendered":"<p>Durante septiembre, jubilados y pensionados del IMSS y del ISSSTE recibir\u00e1n su pensi\u00f3n, que se juntar\u00e1 con la del Bienestar para Adultos Mayores. Estas son las fechas de dep\u00f3sito. CIUDAD DE M\u00c9XICO.- Durante septiembre, cerca de 8 millones de jubilados y pensionados del IMSS y del ISSSTE recibir\u00e1n su pensi\u00f3n, misma que se junta con [&hellip;]<\/p>\n","protected":false},"author":50,"featured_media":46275,"comment_status":"open","ping_status":"open","sticky":false,"template":"","format":"standard","meta":{"tdm_status":"","tdm_grid_status":"","footnotes":""},"categories":[39],"tags":[],"class_list":{"0":"post-57315","1":"post","2":"type-post","3":"status-publish","4":"format-standard","5":"has-post-thumbnail","7":"category-noticias-nacionales"},"yoast_head":"<!-- This site is optimized with the Yoast SEO plugin v27.4 - https:\/\/yoast.com\/product\/yoast-seo-wordpress\/ -->\n<title>Estas son las fechas para el dep\u00f3sito de la pensi\u00f3n del IMSS, ISSSTE y Bienestar - Fuentes Fidedignas<\/title>\n<meta name=\"robots\" content=\"index, follow, max-snippet:-1, max-image-preview:large, max-video-preview:-1\" \/>\n<link rel=\"canonical\" href=\"https:\/\/fuentesfidedignas.com.mx\/index.php\/2023\/08\/31\/estas-son-las-fechas-para-el-deposito-de-la-pension-del-imss-issste-y-bienestar\/\" \/>\n<meta property=\"og:locale\" content=\"es_MX\" \/>\n<meta property=\"og:type\" content=\"article\" \/>\n<meta property=\"og:title\" content=\"Estas son las fechas para el dep\u00f3sito de la pensi\u00f3n del IMSS, ISSSTE y Bienestar - Fuentes Fidedignas\" \/>\n<meta property=\"og:description\" content=\"Durante septiembre, jubilados y pensionados del IMSS y del ISSSTE recibir\u00e1n su pensi\u00f3n, que se juntar\u00e1 con la del Bienestar para Adultos Mayores. Estas son las fechas de dep\u00f3sito. CIUDAD DE M\u00c9XICO.- Durante septiembre, cerca de 8 millones de jubilados y pensionados del IMSS y del ISSSTE recibir\u00e1n su pensi\u00f3n, misma que se junta con [&hellip;]\" \/>\n<meta property=\"og:url\" content=\"https:\/\/fuentesfidedignas.com.mx\/index.php\/2023\/08\/31\/estas-son-las-fechas-para-el-deposito-de-la-pension-del-imss-issste-y-bienestar\/\" \/>\n<meta property=\"og:site_name\" content=\"Fuentes Fidedignas\" \/>\n<meta property=\"article:publisher\" content=\"https:\/\/www.facebook.com\/Fuentes-Fidedignas-368234489921644\" \/>\n<meta property=\"article:published_time\" content=\"2023-08-31T15:11:20+00:00\" \/>\n<meta property=\"og:image\" content=\"https:\/\/fuentesfidedignas.com.mx\/wp-content\/uploads\/2023\/05\/pension-bienestar-adultos-mayores-2023-deposito-pago-enero-.jpg\" \/>\n\t<meta property=\"og:image:width\" content=\"1200\" \/>\n\t<meta property=\"og:image:height\" content=\"675\" \/>\n\t<meta property=\"og:image:type\" content=\"image\/jpeg\" \/>\n<meta name=\"author\" content=\"Proceso\" \/>\n<meta name=\"twitter:card\" content=\"summary_large_image\" \/>\n<meta name=\"twitter:creator\" content=\"@fidedignas\" \/>\n<meta name=\"twitter:site\" content=\"@fidedignas\" \/>\n<meta name=\"twitter:label1\" content=\"Escrito por\" \/>\n\t<meta name=\"twitter:data1\" content=\"Proceso\" \/>\n\t<meta name=\"twitter:label2\" content=\"Tiempo de lectura\" \/>\n\t<meta name=\"twitter:data2\" content=\"3 minutos\" \/>\n<script type=\"application\/ld+json\" class=\"yoast-schema-graph\">{\"@context\":\"https:\\\/\\\/schema.org\",\"@graph\":[{\"@type\":\"Article\",\"@id\":\"https:\\\/\\\/fuentesfidedignas.com.mx\\\/index.php\\\/2023\\\/08\\\/31\\\/estas-son-las-fechas-para-el-deposito-de-la-pension-del-imss-issste-y-bienestar\\\/#article\",\"isPartOf\":{\"@id\":\"https:\\\/\\\/fuentesfidedignas.com.mx\\\/index.php\\\/2023\\\/08\\\/31\\\/estas-son-las-fechas-para-el-deposito-de-la-pension-del-imss-issste-y-bienestar\\\/\"},\"author\":{\"name\":\"Proceso\",\"@id\":\"https:\\\/\\\/fuentesfidedignas.com.mx\\\/#\\\/schema\\\/person\\\/eb72247ff123b3ce5e4cadc7f50ae372\"},\"headline\":\"Estas son las fechas para el dep\u00f3sito de la pensi\u00f3n del IMSS, ISSSTE y Bienestar\",\"datePublished\":\"2023-08-31T15:11:20+00:00\",\"mainEntityOfPage\":{\"@id\":\"https:\\\/\\\/fuentesfidedignas.com.mx\\\/index.php\\\/2023\\\/08\\\/31\\\/estas-son-las-fechas-para-el-deposito-de-la-pension-del-imss-issste-y-bienestar\\\/\"},\"wordCount\":704,\"commentCount\":0,\"publisher\":{\"@id\":\"https:\\\/\\\/fuentesfidedignas.com.mx\\\/#organization\"},\"image\":{\"@id\":\"https:\\\/\\\/fuentesfidedignas.com.mx\\\/index.php\\\/2023\\\/08\\\/31\\\/estas-son-las-fechas-para-el-deposito-de-la-pension-del-imss-issste-y-bienestar\\\/#primaryimage\"},\"thumbnailUrl\":\"https:\\\/\\\/fuentesfidedignas.com.mx\\\/wp-content\\\/uploads\\\/2023\\\/05\\\/pension-bienestar-adultos-mayores-2023-deposito-pago-enero-.jpg\",\"articleSection\":[\"NOTICIAS NACIONALES\"],\"inLanguage\":\"es\",\"potentialAction\":[{\"@type\":\"CommentAction\",\"name\":\"Comment\",\"target\":[\"https:\\\/\\\/fuentesfidedignas.com.mx\\\/index.php\\\/2023\\\/08\\\/31\\\/estas-son-las-fechas-para-el-deposito-de-la-pension-del-imss-issste-y-bienestar\\\/#respond\"]}]},{\"@type\":\"WebPage\",\"@id\":\"https:\\\/\\\/fuentesfidedignas.com.mx\\\/index.php\\\/2023\\\/08\\\/31\\\/estas-son-las-fechas-para-el-deposito-de-la-pension-del-imss-issste-y-bienestar\\\/\",\"url\":\"https:\\\/\\\/fuentesfidedignas.com.mx\\\/index.php\\\/2023\\\/08\\\/31\\\/estas-son-las-fechas-para-el-deposito-de-la-pension-del-imss-issste-y-bienestar\\\/\",\"name\":\"Estas son las fechas para el dep\u00f3sito de la pensi\u00f3n del IMSS, ISSSTE y Bienestar - Fuentes Fidedignas\",\"isPartOf\":{\"@id\":\"https:\\\/\\\/fuentesfidedignas.com.mx\\\/#website\"},\"primaryImageOfPage\":{\"@id\":\"https:\\\/\\\/fuentesfidedignas.com.mx\\\/index.php\\\/2023\\\/08\\\/31\\\/estas-son-las-fechas-para-el-deposito-de-la-pension-del-imss-issste-y-bienestar\\\/#primaryimage\"},\"image\":{\"@id\":\"https:\\\/\\\/fuentesfidedignas.com.mx\\\/index.php\\\/2023\\\/08\\\/31\\\/estas-son-las-fechas-para-el-deposito-de-la-pension-del-imss-issste-y-bienestar\\\/#primaryimage\"},\"thumbnailUrl\":\"https:\\\/\\\/fuentesfidedignas.com.mx\\\/wp-content\\\/uploads\\\/2023\\\/05\\\/pension-bienestar-adultos-mayores-2023-deposito-pago-enero-.jpg\",\"datePublished\":\"2023-08-31T15:11:20+00:00\",\"breadcrumb\":{\"@id\":\"https:\\\/\\\/fuentesfidedignas.com.mx\\\/index.php\\\/2023\\\/08\\\/31\\\/estas-son-las-fechas-para-el-deposito-de-la-pension-del-imss-issste-y-bienestar\\\/#breadcrumb\"},\"inLanguage\":\"es\",\"potentialAction\":[{\"@type\":\"ReadAction\",\"target\":[\"https:\\\/\\\/fuentesfidedignas.com.mx\\\/index.php\\\/2023\\\/08\\\/31\\\/estas-son-las-fechas-para-el-deposito-de-la-pension-del-imss-issste-y-bienestar\\\/\"]}]},{\"@type\":\"ImageObject\",\"inLanguage\":\"es\",\"@id\":\"https:\\\/\\\/fuentesfidedignas.com.mx\\\/index.php\\\/2023\\\/08\\\/31\\\/estas-son-las-fechas-para-el-deposito-de-la-pension-del-imss-issste-y-bienestar\\\/#primaryimage\",\"url\":\"https:\\\/\\\/fuentesfidedignas.com.mx\\\/wp-content\\\/uploads\\\/2023\\\/05\\\/pension-bienestar-adultos-mayores-2023-deposito-pago-enero-.jpg\",\"contentUrl\":\"https:\\\/\\\/fuentesfidedignas.com.mx\\\/wp-content\\\/uploads\\\/2023\\\/05\\\/pension-bienestar-adultos-mayores-2023-deposito-pago-enero-.jpg\",\"width\":1200,\"height\":675},{\"@type\":\"BreadcrumbList\",\"@id\":\"https:\\\/\\\/fuentesfidedignas.com.mx\\\/index.php\\\/2023\\\/08\\\/31\\\/estas-son-las-fechas-para-el-deposito-de-la-pension-del-imss-issste-y-bienestar\\\/#breadcrumb\",\"itemListElement\":[{\"@type\":\"ListItem\",\"position\":1,\"name\":\"Inicio\",\"item\":\"https:\\\/\\\/fuentesfidedignas.com.mx\\\/\"},{\"@type\":\"ListItem\",\"position\":2,\"name\":\"Estas son las fechas para el dep\u00f3sito de la pensi\u00f3n del IMSS, ISSSTE y Bienestar\"}]},{\"@type\":\"WebSite\",\"@id\":\"https:\\\/\\\/fuentesfidedignas.com.mx\\\/#website\",\"url\":\"https:\\\/\\\/fuentesfidedignas.com.mx\\\/\",\"name\":\"Fuentes Fidedignas\",\"description\":\"Otro sitio realizado con WordPress\",\"publisher\":{\"@id\":\"https:\\\/\\\/fuentesfidedignas.com.mx\\\/#organization\"},\"potentialAction\":[{\"@type\":\"SearchAction\",\"target\":{\"@type\":\"EntryPoint\",\"urlTemplate\":\"https:\\\/\\\/fuentesfidedignas.com.mx\\\/?s={search_term_string}\"},\"query-input\":{\"@type\":\"PropertyValueSpecification\",\"valueRequired\":true,\"valueName\":\"search_term_string\"}}],\"inLanguage\":\"es\"},{\"@type\":\"Organization\",\"@id\":\"https:\\\/\\\/fuentesfidedignas.com.mx\\\/#organization\",\"name\":\"Fuentes Fidedignas\",\"url\":\"https:\\\/\\\/fuentesfidedignas.com.mx\\\/\",\"logo\":{\"@type\":\"ImageObject\",\"inLanguage\":\"es\",\"@id\":\"https:\\\/\\\/fuentesfidedignas.com.mx\\\/#\\\/schema\\\/logo\\\/image\\\/\",\"url\":\"https:\\\/\\\/fuentesfidedignas.com.mx\\\/wp-content\\\/uploads\\\/2021\\\/04\\\/logo-retina.png\",\"contentUrl\":\"https:\\\/\\\/fuentesfidedignas.com.mx\\\/wp-content\\\/uploads\\\/2021\\\/04\\\/logo-retina.png\",\"width\":280,\"height\":51,\"caption\":\"Fuentes Fidedignas\"},\"image\":{\"@id\":\"https:\\\/\\\/fuentesfidedignas.com.mx\\\/#\\\/schema\\\/logo\\\/image\\\/\"},\"sameAs\":[\"https:\\\/\\\/www.facebook.com\\\/Fuentes-Fidedignas-368234489921644\",\"https:\\\/\\\/x.com\\\/fidedignas\"]},{\"@type\":\"Person\",\"@id\":\"https:\\\/\\\/fuentesfidedignas.com.mx\\\/#\\\/schema\\\/person\\\/eb72247ff123b3ce5e4cadc7f50ae372\",\"name\":\"Proceso\",\"image\":{\"@type\":\"ImageObject\",\"inLanguage\":\"es\",\"@id\":\"https:\\\/\\\/secure.gravatar.com\\\/avatar\\\/0bb01ecb091d50a46122cbe5cc32ffea15a000f83628f1e40458e669d38ff2cd?s=96&d=mm&r=g\",\"url\":\"https:\\\/\\\/secure.gravatar.com\\\/avatar\\\/0bb01ecb091d50a46122cbe5cc32ffea15a000f83628f1e40458e669d38ff2cd?s=96&d=mm&r=g\",\"contentUrl\":\"https:\\\/\\\/secure.gravatar.com\\\/avatar\\\/0bb01ecb091d50a46122cbe5cc32ffea15a000f83628f1e40458e669d38ff2cd?s=96&d=mm&r=g\",\"caption\":\"Proceso\"},\"url\":\"https:\\\/\\\/fuentesfidedignas.com.mx\\\/index.php\\\/author\\\/proceso\\\/\"}]}<\/script>\n<!-- \/ Yoast SEO plugin. -->","yoast_head_json":{"title":"Estas son las fechas para el dep\u00f3sito de la pensi\u00f3n del IMSS, ISSSTE y Bienestar - Fuentes Fidedignas","robots":{"index":"index","follow":"follow","max-snippet":"max-snippet:-1","max-image-preview":"max-image-preview:large","max-video-preview":"max-video-preview:-1"},"canonical":"https:\/\/fuentesfidedignas.com.mx\/index.php\/2023\/08\/31\/estas-son-las-fechas-para-el-deposito-de-la-pension-del-imss-issste-y-bienestar\/","og_locale":"es_MX","og_type":"article","og_title":"Estas son las fechas para el dep\u00f3sito de la pensi\u00f3n del IMSS, ISSSTE y Bienestar - Fuentes Fidedignas","og_description":"Durante septiembre, jubilados y pensionados del IMSS y del ISSSTE recibir\u00e1n su pensi\u00f3n, que se juntar\u00e1 con la del Bienestar para Adultos Mayores. Estas son las fechas de dep\u00f3sito. CIUDAD DE M\u00c9XICO.- Durante septiembre, cerca de 8 millones de jubilados y pensionados del IMSS y del ISSSTE recibir\u00e1n su pensi\u00f3n, misma que se junta con [&hellip;]","og_url":"https:\/\/fuentesfidedignas.com.mx\/index.php\/2023\/08\/31\/estas-son-las-fechas-para-el-deposito-de-la-pension-del-imss-issste-y-bienestar\/","og_site_name":"Fuentes Fidedignas","article_publisher":"https:\/\/www.facebook.com\/Fuentes-Fidedignas-368234489921644","article_published_time":"2023-08-31T15:11:20+00:00","og_image":[{"width":1200,"height":675,"url":"https:\/\/fuentesfidedignas.com.mx\/wp-content\/uploads\/2023\/05\/pension-bienestar-adultos-mayores-2023-deposito-pago-enero-.jpg","type":"image\/jpeg"}],"author":"Proceso","twitter_card":"summary_large_image","twitter_creator":"@fidedignas","twitter_site":"@fidedignas","twitter_misc":{"Escrito por":"Proceso","Tiempo de lectura":"3 minutos"},"schema":{"@context":"https:\/\/schema.org","@graph":[{"@type":"Article","@id":"https:\/\/fuentesfidedignas.com.mx\/index.php\/2023\/08\/31\/estas-son-las-fechas-para-el-deposito-de-la-pension-del-imss-issste-y-bienestar\/#article","isPartOf":{"@id":"https:\/\/fuentesfidedignas.com.mx\/index.php\/2023\/08\/31\/estas-son-las-fechas-para-el-deposito-de-la-pension-del-imss-issste-y-bienestar\/"},"author":{"name":"Proceso","@id":"https:\/\/fuentesfidedignas.com.mx\/#\/schema\/person\/eb72247ff123b3ce5e4cadc7f50ae372"},"headline":"Estas son las fechas para el dep\u00f3sito de la pensi\u00f3n del IMSS, ISSSTE y Bienestar","datePublished":"2023-08-31T15:11:20+00:00","mainEntityOfPage":{"@id":"https:\/\/fuentesfidedignas.com.mx\/index.php\/2023\/08\/31\/estas-son-las-fechas-para-el-deposito-de-la-pension-del-imss-issste-y-bienestar\/"},"wordCount":704,"commentCount":0,"publisher":{"@id":"https:\/\/fuentesfidedignas.com.mx\/#organization"},"image":{"@id":"https:\/\/fuentesfidedignas.com.mx\/index.php\/2023\/08\/31\/estas-son-las-fechas-para-el-deposito-de-la-pension-del-imss-issste-y-bienestar\/#primaryimage"},"thumbnailUrl":"https:\/\/fuentesfidedignas.com.mx\/wp-content\/uploads\/2023\/05\/pension-bienestar-adultos-mayores-2023-deposito-pago-enero-.jpg","articleSection":["NOTICIAS NACIONALES"],"inLanguage":"es","potentialAction":[{"@type":"CommentAction","name":"Comment","target":["https:\/\/fuentesfidedignas.com.mx\/index.php\/2023\/08\/31\/estas-son-las-fechas-para-el-deposito-de-la-pension-del-imss-issste-y-bienestar\/#respond"]}]},{"@type":"WebPage","@id":"https:\/\/fuentesfidedignas.com.mx\/index.php\/2023\/08\/31\/estas-son-las-fechas-para-el-deposito-de-la-pension-del-imss-issste-y-bienestar\/","url":"https:\/\/fuentesfidedignas.com.mx\/index.php\/2023\/08\/31\/estas-son-las-fechas-para-el-deposito-de-la-pension-del-imss-issste-y-bienestar\/","name":"Estas son las fechas para el dep\u00f3sito de la pensi\u00f3n del IMSS, ISSSTE y Bienestar - Fuentes Fidedignas","isPartOf":{"@id":"https:\/\/fuentesfidedignas.com.mx\/#website"},"primaryImageOfPage":{"@id":"https:\/\/fuentesfidedignas.com.mx\/index.php\/2023\/08\/31\/estas-son-las-fechas-para-el-deposito-de-la-pension-del-imss-issste-y-bienestar\/#primaryimage"},"image":{"@id":"https:\/\/fuentesfidedignas.com.mx\/index.php\/2023\/08\/31\/estas-son-las-fechas-para-el-deposito-de-la-pension-del-imss-issste-y-bienestar\/#primaryimage"},"thumbnailUrl":"https:\/\/fuentesfidedignas.com.mx\/wp-content\/uploads\/2023\/05\/pension-bienestar-adultos-mayores-2023-deposito-pago-enero-.jpg","datePublished":"2023-08-31T15:11:20+00:00","breadcrumb":{"@id":"https:\/\/fuentesfidedignas.com.mx\/index.php\/2023\/08\/31\/estas-son-las-fechas-para-el-deposito-de-la-pension-del-imss-issste-y-bienestar\/#breadcrumb"},"inLanguage":"es","potentialAction":[{"@type":"ReadAction","target":["https:\/\/fuentesfidedignas.com.mx\/index.php\/2023\/08\/31\/estas-son-las-fechas-para-el-deposito-de-la-pension-del-imss-issste-y-bienestar\/"]}]},{"@type":"ImageObject","inLanguage":"es","@id":"https:\/\/fuentesfidedignas.com.mx\/index.php\/2023\/08\/31\/estas-son-las-fechas-para-el-deposito-de-la-pension-del-imss-issste-y-bienestar\/#primaryimage","url":"https:\/\/fuentesfidedignas.com.mx\/wp-content\/uploads\/2023\/05\/pension-bienestar-adultos-mayores-2023-deposito-pago-enero-.jpg","contentUrl":"https:\/\/fuentesfidedignas.com.mx\/wp-content\/uploads\/2023\/05\/pension-bienestar-adultos-mayores-2023-deposito-pago-enero-.jpg","width":1200,"height":675},{"@type":"BreadcrumbList","@id":"https:\/\/fuentesfidedignas.com.mx\/index.php\/2023\/08\/31\/estas-son-las-fechas-para-el-deposito-de-la-pension-del-imss-issste-y-bienestar\/#breadcrumb","itemListElement":[{"@type":"ListItem","position":1,"name":"Inicio","item":"https:\/\/fuentesfidedignas.com.mx\/"},{"@type":"ListItem","position":2,"name":"Estas son las fechas para el dep\u00f3sito de la pensi\u00f3n del IMSS, ISSSTE y Bienestar"}]},{"@type":"WebSite","@id":"https:\/\/fuentesfidedignas.com.mx\/#website","url":"https:\/\/fuentesfidedignas.com.mx\/","name":"Fuentes Fidedignas","description":"Otro sitio realizado con WordPress","publisher":{"@id":"https:\/\/fuentesfidedignas.com.mx\/#organization"},"potentialAction":[{"@type":"SearchAction","target":{"@type":"EntryPoint","urlTemplate":"https:\/\/fuentesfidedignas.com.mx\/?s={search_term_string}"},"query-input":{"@type":"PropertyValueSpecification","valueRequired":true,"valueName":"search_term_string"}}],"inLanguage":"es"},{"@type":"Organization","@id":"https:\/\/fuentesfidedignas.com.mx\/#organization","name":"Fuentes Fidedignas","url":"https:\/\/fuentesfidedignas.com.mx\/","logo":{"@type":"ImageObject","inLanguage":"es","@id":"https:\/\/fuentesfidedignas.com.mx\/#\/schema\/logo\/image\/","url":"https:\/\/fuentesfidedignas.com.mx\/wp-content\/uploads\/2021\/04\/logo-retina.png","contentUrl":"https:\/\/fuentesfidedignas.com.mx\/wp-content\/uploads\/2021\/04\/logo-retina.png","width":280,"height":51,"caption":"Fuentes Fidedignas"},"image":{"@id":"https:\/\/fuentesfidedignas.com.mx\/#\/schema\/logo\/image\/"},"sameAs":["https:\/\/www.facebook.com\/Fuentes-Fidedignas-368234489921644","https:\/\/x.com\/fidedignas"]},{"@type":"Person","@id":"https:\/\/fuentesfidedignas.com.mx\/#\/schema\/person\/eb72247ff123b3ce5e4cadc7f50ae372","name":"Proceso","image":{"@type":"ImageObject","inLanguage":"es","@id":"https:\/\/secure.gravatar.com\/avatar\/0bb01ecb091d50a46122cbe5cc32ffea15a000f83628f1e40458e669d38ff2cd?s=96&d=mm&r=g","url":"https:\/\/secure.gravatar.com\/avatar\/0bb01ecb091d50a46122cbe5cc32ffea15a000f83628f1e40458e669d38ff2cd?s=96&d=mm&r=g","contentUrl":"https:\/\/secure.gravatar.com\/avatar\/0bb01ecb091d50a46122cbe5cc32ffea15a000f83628f1e40458e669d38ff2cd?s=96&d=mm&r=g","caption":"Proceso"},"url":"https:\/\/fuentesfidedignas.com.mx\/index.php\/author\/proceso\/"}]}},"_links":{"self":[{"href":"https:\/\/fuentesfidedignas.com.mx\/index.php\/wp-json\/wp\/v2\/posts\/57315","targetHints":{"allow":["GET"]}}],"collection":[{"href":"https:\/\/fuentesfidedignas.com.mx\/index.php\/wp-json\/wp\/v2\/posts"}],"about":[{"href":"https:\/\/fuentesfidedignas.com.mx\/index.php\/wp-json\/wp\/v2\/types\/post"}],"author":[{"embeddable":true,"href":"https:\/\/fuentesfidedignas.com.mx\/index.php\/wp-json\/wp\/v2\/users\/50"}],"replies":[{"embeddable":true,"href":"https:\/\/fuentesfidedignas.com.mx\/index.php\/wp-json\/wp\/v2\/comments?post=57315"}],"version-history":[{"count":1,"href":"https:\/\/fuentesfidedignas.com.mx\/index.php\/wp-json\/wp\/v2\/posts\/57315\/revisions"}],"predecessor-version":[{"id":57317,"href":"https:\/\/fuentesfidedignas.com.mx\/index.php\/wp-json\/wp\/v2\/posts\/57315\/revisions\/57317"}],"wp:featuredmedia":[{"embeddable":true,"href":"https:\/\/fuentesfidedignas.com.mx\/index.php\/wp-json\/wp\/v2\/media\/46275"}],"wp:attachment":[{"href":"https:\/\/fuentesfidedignas.com.mx\/index.php\/wp-json\/wp\/v2\/media?parent=57315"}],"wp:term":[{"taxonomy":"category","embeddable":true,"href":"https:\/\/fuentesfidedignas.com.mx\/index.php\/wp-json\/wp\/v2\/categories?post=57315"},{"taxonomy":"post_tag","embeddable":true,"href":"https:\/\/fuentesfidedignas.com.mx\/index.php\/wp-json\/wp\/v2\/tags?post=57315"}],"curies":[{"name":"wp","href":"https:\/\/api.w.org\/{rel}","templated":true}]}}