{"id":57177,"date":"2023-08-30T11:18:38","date_gmt":"2023-08-30T18:18:38","guid":{"rendered":"https:\/\/fuentesfidedignas.com.mx\/?p=57177"},"modified":"2023-08-30T11:25:02","modified_gmt":"2023-08-30T18:25:02","slug":"descarta-rocha-mas-cambios-en-su-gabinete-los-que-vengan-son-ajustes","status":"publish","type":"post","link":"https:\/\/fuentesfidedignas.com.mx\/index.php\/2023\/08\/30\/descarta-rocha-mas-cambios-en-su-gabinete-los-que-vengan-son-ajustes\/","title":{"rendered":"Descarta Rocha m\u00e1s cambios en su gabinete: &#8220;los que vengan son ajustes&#8221;"},"content":{"rendered":"\n<p><strong><em>El pr\u00f3ximo lunes se dar\u00eda a conocer al nuevo secretario de Seguridad P\u00fablica. &#8220;Recibir\u00e1 \u00f3rdenes m\u00edas, no de la SEDENA&#8221;, afirm\u00f3 el gobernador<\/em><\/strong><\/p>\n\n\n\n<p>Culiac\u00e1n, Sin.- Los cambios que se han hecho durante la \u00faltima semana en el gabinete, se originan como un ajuste pera el mejoramiento y desempe\u00f1o de la administraci\u00f3n estatal, pero no se contemplan m\u00e1s cambios. &#8220;<strong>Los que vengan son s\u00f3lo ajustes nada m\u00e1s<\/strong>&#8220;, aclar\u00f3 el gobernador Rub\u00e9n Rocha Moya.<\/p>\n\n\n\n<p>Lo anterior, tras la salida de Alejandro Higuera Osuna de la la Secretar\u00eda Particular del Despacho del Gobernador, mismo que fue reasignado a una nueva Subsecretar\u00eda de Turismo llamada Industria de Reuniones y Convenciones.<\/p>\n\n\n\n<p>En ese sentido, descart\u00f3 que la salida de &#8220;El Diablo&#8221;, se debiera a inconformidades o desacuerdos. &#8220;<strong>Estuve haciendo ajustes y acomodos porque quiero trabajar a gusto. Tengo necesidad de cambiar el ambiente<\/strong>&#8220;.<\/p>\n\n\n\n<p>Asimismo, la semana pasada se anunci\u00f3 la salida de Jos\u00e9 Luis Zavala como titular de la Secretar\u00eda de Obras P\u00fablicas, as\u00ed como la de Crist\u00f3bal Casta\u00f1eda como secretario de Seguridad P\u00fablica del Estado.<\/p>\n\n\n\n<p>Al respecto, el gobernador a\u00f1adi\u00f3 que ser\u00e1 el lunes cuando se informe qui\u00e9n ocupar\u00e1 la titularidad de la SSP, pero adelant\u00f3 que la asignaci\u00f3n depender\u00e1 de la Secretar\u00eda de la Defensa Nacional (SEDENA). Sin embargo, asegur\u00f3 que no ser\u00e1 una extensi\u00f3n de la SEDENA ni recibir\u00e1 \u00f3rdenes directas de la misma, sino de la administraci\u00f3n estatal.<\/p>\n\n\n\n<p>&#8220;<strong>El secretario de Seguridad es de mi gabinete, no es una extensi\u00f3n de SEDENA. Los que vengan est\u00e1n a cargo m\u00edo y reciben las \u00f3rdenes del gobernador<\/strong>&#8220;, indic\u00f3 Rocha.<\/p>\n","protected":false},"excerpt":{"rendered":"<p>El pr\u00f3ximo lunes se dar\u00eda a conocer al nuevo secretario de Seguridad P\u00fablica. &#8220;Recibir\u00e1 \u00f3rdenes m\u00edas, no de la SEDENA&#8221;, afirm\u00f3 el gobernador Culiac\u00e1n, Sin.- Los cambios que se han hecho durante la \u00faltima semana en el gabinete, se originan como un ajuste pera el mejoramiento y desempe\u00f1o de la administraci\u00f3n estatal, pero no se [&hellip;]<\/p>\n","protected":false},"author":11,"featured_media":57178,"comment_status":"open","ping_status":"open","sticky":false,"template":"","format":"standard","meta":{"tdm_status":"","tdm_grid_status":"","footnotes":""},"categories":[37],"tags":[],"class_list":{"0":"post-57177","1":"post","2":"type-post","3":"status-publish","4":"format-standard","5":"has-post-thumbnail","7":"category-nota-principal"},"yoast_head":"<!-- This site is optimized with the Yoast SEO plugin v27.4 - https:\/\/yoast.com\/product\/yoast-seo-wordpress\/ -->\n<title>Descarta Rocha m\u00e1s cambios en su gabinete: &quot;los que vengan son ajustes&quot; - Fuentes Fidedignas<\/title>\n<meta name=\"robots\" content=\"index, follow, max-snippet:-1, max-image-preview:large, max-video-preview:-1\" \/>\n<link rel=\"canonical\" href=\"https:\/\/fuentesfidedignas.com.mx\/index.php\/2023\/08\/30\/descarta-rocha-mas-cambios-en-su-gabinete-los-que-vengan-son-ajustes\/\" \/>\n<meta property=\"og:locale\" content=\"es_MX\" \/>\n<meta property=\"og:type\" content=\"article\" \/>\n<meta property=\"og:title\" content=\"Descarta Rocha m\u00e1s cambios en su gabinete: &quot;los que vengan son ajustes&quot; - Fuentes Fidedignas\" \/>\n<meta property=\"og:description\" content=\"El pr\u00f3ximo lunes se dar\u00eda a conocer al nuevo secretario de Seguridad P\u00fablica. &#8220;Recibir\u00e1 \u00f3rdenes m\u00edas, no de la SEDENA&#8221;, afirm\u00f3 el gobernador Culiac\u00e1n, Sin.- Los cambios que se han hecho durante la \u00faltima semana en el gabinete, se originan como un ajuste pera el mejoramiento y desempe\u00f1o de la administraci\u00f3n estatal, pero no se [&hellip;]\" \/>\n<meta property=\"og:url\" content=\"https:\/\/fuentesfidedignas.com.mx\/index.php\/2023\/08\/30\/descarta-rocha-mas-cambios-en-su-gabinete-los-que-vengan-son-ajustes\/\" \/>\n<meta property=\"og:site_name\" content=\"Fuentes Fidedignas\" \/>\n<meta property=\"article:publisher\" content=\"https:\/\/www.facebook.com\/Fuentes-Fidedignas-368234489921644\" \/>\n<meta property=\"article:published_time\" content=\"2023-08-30T18:18:38+00:00\" \/>\n<meta property=\"article:modified_time\" content=\"2023-08-30T18:25:02+00:00\" \/>\n<meta property=\"og:image\" content=\"https:\/\/fuentesfidedignas.com.mx\/wp-content\/uploads\/2023\/08\/rocha-3008.jpg\" \/>\n\t<meta property=\"og:image:width\" content=\"1024\" \/>\n\t<meta property=\"og:image:height\" content=\"768\" \/>\n\t<meta property=\"og:image:type\" content=\"image\/jpeg\" \/>\n<meta name=\"author\" content=\"Marissa Palafox\" \/>\n<meta name=\"twitter:card\" content=\"summary_large_image\" \/>\n<meta name=\"twitter:creator\" content=\"@fidedignas\" \/>\n<meta name=\"twitter:site\" content=\"@fidedignas\" \/>\n<meta name=\"twitter:label1\" content=\"Escrito por\" \/>\n\t<meta name=\"twitter:data1\" content=\"Marissa Palafox\" \/>\n\t<meta name=\"twitter:label2\" content=\"Tiempo de lectura\" \/>\n\t<meta name=\"twitter:data2\" content=\"2 minutos\" \/>\n<script type=\"application\/ld+json\" class=\"yoast-schema-graph\">{\"@context\":\"https:\\\/\\\/schema.org\",\"@graph\":[{\"@type\":\"Article\",\"@id\":\"https:\\\/\\\/fuentesfidedignas.com.mx\\\/index.php\\\/2023\\\/08\\\/30\\\/descarta-rocha-mas-cambios-en-su-gabinete-los-que-vengan-son-ajustes\\\/#article\",\"isPartOf\":{\"@id\":\"https:\\\/\\\/fuentesfidedignas.com.mx\\\/index.php\\\/2023\\\/08\\\/30\\\/descarta-rocha-mas-cambios-en-su-gabinete-los-que-vengan-son-ajustes\\\/\"},\"author\":{\"name\":\"Marissa Palafox\",\"@id\":\"https:\\\/\\\/fuentesfidedignas.com.mx\\\/#\\\/schema\\\/person\\\/2c10028b4a30078c05a056a215342ab9\"},\"headline\":\"Descarta Rocha m\u00e1s cambios en su gabinete: &#8220;los que vengan son ajustes&#8221;\",\"datePublished\":\"2023-08-30T18:18:38+00:00\",\"dateModified\":\"2023-08-30T18:25:02+00:00\",\"mainEntityOfPage\":{\"@id\":\"https:\\\/\\\/fuentesfidedignas.com.mx\\\/index.php\\\/2023\\\/08\\\/30\\\/descarta-rocha-mas-cambios-en-su-gabinete-los-que-vengan-son-ajustes\\\/\"},\"wordCount\":297,\"commentCount\":0,\"publisher\":{\"@id\":\"https:\\\/\\\/fuentesfidedignas.com.mx\\\/#organization\"},\"image\":{\"@id\":\"https:\\\/\\\/fuentesfidedignas.com.mx\\\/index.php\\\/2023\\\/08\\\/30\\\/descarta-rocha-mas-cambios-en-su-gabinete-los-que-vengan-son-ajustes\\\/#primaryimage\"},\"thumbnailUrl\":\"https:\\\/\\\/fuentesfidedignas.com.mx\\\/wp-content\\\/uploads\\\/2023\\\/08\\\/rocha-3008.jpg\",\"articleSection\":[\"NOTA PRINCIPAL\"],\"inLanguage\":\"es\",\"potentialAction\":[{\"@type\":\"CommentAction\",\"name\":\"Comment\",\"target\":[\"https:\\\/\\\/fuentesfidedignas.com.mx\\\/index.php\\\/2023\\\/08\\\/30\\\/descarta-rocha-mas-cambios-en-su-gabinete-los-que-vengan-son-ajustes\\\/#respond\"]}]},{\"@type\":\"WebPage\",\"@id\":\"https:\\\/\\\/fuentesfidedignas.com.mx\\\/index.php\\\/2023\\\/08\\\/30\\\/descarta-rocha-mas-cambios-en-su-gabinete-los-que-vengan-son-ajustes\\\/\",\"url\":\"https:\\\/\\\/fuentesfidedignas.com.mx\\\/index.php\\\/2023\\\/08\\\/30\\\/descarta-rocha-mas-cambios-en-su-gabinete-los-que-vengan-son-ajustes\\\/\",\"name\":\"Descarta Rocha m\u00e1s cambios en su gabinete: \\\"los que vengan son ajustes\\\" - Fuentes Fidedignas\",\"isPartOf\":{\"@id\":\"https:\\\/\\\/fuentesfidedignas.com.mx\\\/#website\"},\"primaryImageOfPage\":{\"@id\":\"https:\\\/\\\/fuentesfidedignas.com.mx\\\/index.php\\\/2023\\\/08\\\/30\\\/descarta-rocha-mas-cambios-en-su-gabinete-los-que-vengan-son-ajustes\\\/#primaryimage\"},\"image\":{\"@id\":\"https:\\\/\\\/fuentesfidedignas.com.mx\\\/index.php\\\/2023\\\/08\\\/30\\\/descarta-rocha-mas-cambios-en-su-gabinete-los-que-vengan-son-ajustes\\\/#primaryimage\"},\"thumbnailUrl\":\"https:\\\/\\\/fuentesfidedignas.com.mx\\\/wp-content\\\/uploads\\\/2023\\\/08\\\/rocha-3008.jpg\",\"datePublished\":\"2023-08-30T18:18:38+00:00\",\"dateModified\":\"2023-08-30T18:25:02+00:00\",\"breadcrumb\":{\"@id\":\"https:\\\/\\\/fuentesfidedignas.com.mx\\\/index.php\\\/2023\\\/08\\\/30\\\/descarta-rocha-mas-cambios-en-su-gabinete-los-que-vengan-son-ajustes\\\/#breadcrumb\"},\"inLanguage\":\"es\",\"potentialAction\":[{\"@type\":\"ReadAction\",\"target\":[\"https:\\\/\\\/fuentesfidedignas.com.mx\\\/index.php\\\/2023\\\/08\\\/30\\\/descarta-rocha-mas-cambios-en-su-gabinete-los-que-vengan-son-ajustes\\\/\"]}]},{\"@type\":\"ImageObject\",\"inLanguage\":\"es\",\"@id\":\"https:\\\/\\\/fuentesfidedignas.com.mx\\\/index.php\\\/2023\\\/08\\\/30\\\/descarta-rocha-mas-cambios-en-su-gabinete-los-que-vengan-son-ajustes\\\/#primaryimage\",\"url\":\"https:\\\/\\\/fuentesfidedignas.com.mx\\\/wp-content\\\/uploads\\\/2023\\\/08\\\/rocha-3008.jpg\",\"contentUrl\":\"https:\\\/\\\/fuentesfidedignas.com.mx\\\/wp-content\\\/uploads\\\/2023\\\/08\\\/rocha-3008.jpg\",\"width\":1024,\"height\":768},{\"@type\":\"BreadcrumbList\",\"@id\":\"https:\\\/\\\/fuentesfidedignas.com.mx\\\/index.php\\\/2023\\\/08\\\/30\\\/descarta-rocha-mas-cambios-en-su-gabinete-los-que-vengan-son-ajustes\\\/#breadcrumb\",\"itemListElement\":[{\"@type\":\"ListItem\",\"position\":1,\"name\":\"Inicio\",\"item\":\"https:\\\/\\\/fuentesfidedignas.com.mx\\\/\"},{\"@type\":\"ListItem\",\"position\":2,\"name\":\"Descarta Rocha m\u00e1s cambios en su gabinete: &#8220;los que vengan son ajustes&#8221;\"}]},{\"@type\":\"WebSite\",\"@id\":\"https:\\\/\\\/fuentesfidedignas.com.mx\\\/#website\",\"url\":\"https:\\\/\\\/fuentesfidedignas.com.mx\\\/\",\"name\":\"Fuentes Fidedignas\",\"description\":\"Otro sitio realizado con WordPress\",\"publisher\":{\"@id\":\"https:\\\/\\\/fuentesfidedignas.com.mx\\\/#organization\"},\"potentialAction\":[{\"@type\":\"SearchAction\",\"target\":{\"@type\":\"EntryPoint\",\"urlTemplate\":\"https:\\\/\\\/fuentesfidedignas.com.mx\\\/?s={search_term_string}\"},\"query-input\":{\"@type\":\"PropertyValueSpecification\",\"valueRequired\":true,\"valueName\":\"search_term_string\"}}],\"inLanguage\":\"es\"},{\"@type\":\"Organization\",\"@id\":\"https:\\\/\\\/fuentesfidedignas.com.mx\\\/#organization\",\"name\":\"Fuentes Fidedignas\",\"url\":\"https:\\\/\\\/fuentesfidedignas.com.mx\\\/\",\"logo\":{\"@type\":\"ImageObject\",\"inLanguage\":\"es\",\"@id\":\"https:\\\/\\\/fuentesfidedignas.com.mx\\\/#\\\/schema\\\/logo\\\/image\\\/\",\"url\":\"https:\\\/\\\/fuentesfidedignas.com.mx\\\/wp-content\\\/uploads\\\/2021\\\/04\\\/logo-retina.png\",\"contentUrl\":\"https:\\\/\\\/fuentesfidedignas.com.mx\\\/wp-content\\\/uploads\\\/2021\\\/04\\\/logo-retina.png\",\"width\":280,\"height\":51,\"caption\":\"Fuentes Fidedignas\"},\"image\":{\"@id\":\"https:\\\/\\\/fuentesfidedignas.com.mx\\\/#\\\/schema\\\/logo\\\/image\\\/\"},\"sameAs\":[\"https:\\\/\\\/www.facebook.com\\\/Fuentes-Fidedignas-368234489921644\",\"https:\\\/\\\/x.com\\\/fidedignas\"]},{\"@type\":\"Person\",\"@id\":\"https:\\\/\\\/fuentesfidedignas.com.mx\\\/#\\\/schema\\\/person\\\/2c10028b4a30078c05a056a215342ab9\",\"name\":\"Marissa Palafox\",\"image\":{\"@type\":\"ImageObject\",\"inLanguage\":\"es\",\"@id\":\"https:\\\/\\\/secure.gravatar.com\\\/avatar\\\/20a43bdb2f2db10f20b22d4e98b96eb027faf98f7f76d29854dc5fab46d1cf71?s=96&d=mm&r=g\",\"url\":\"https:\\\/\\\/secure.gravatar.com\\\/avatar\\\/20a43bdb2f2db10f20b22d4e98b96eb027faf98f7f76d29854dc5fab46d1cf71?s=96&d=mm&r=g\",\"contentUrl\":\"https:\\\/\\\/secure.gravatar.com\\\/avatar\\\/20a43bdb2f2db10f20b22d4e98b96eb027faf98f7f76d29854dc5fab46d1cf71?s=96&d=mm&r=g\",\"caption\":\"Marissa Palafox\"},\"url\":\"https:\\\/\\\/fuentesfidedignas.com.mx\\\/index.php\\\/author\\\/marissa\\\/\"}]}<\/script>\n<!-- \/ Yoast SEO plugin. -->","yoast_head_json":{"title":"Descarta Rocha m\u00e1s cambios en su gabinete: \"los que vengan son ajustes\" - Fuentes Fidedignas","robots":{"index":"index","follow":"follow","max-snippet":"max-snippet:-1","max-image-preview":"max-image-preview:large","max-video-preview":"max-video-preview:-1"},"canonical":"https:\/\/fuentesfidedignas.com.mx\/index.php\/2023\/08\/30\/descarta-rocha-mas-cambios-en-su-gabinete-los-que-vengan-son-ajustes\/","og_locale":"es_MX","og_type":"article","og_title":"Descarta Rocha m\u00e1s cambios en su gabinete: \"los que vengan son ajustes\" - Fuentes Fidedignas","og_description":"El pr\u00f3ximo lunes se dar\u00eda a conocer al nuevo secretario de Seguridad P\u00fablica. &#8220;Recibir\u00e1 \u00f3rdenes m\u00edas, no de la SEDENA&#8221;, afirm\u00f3 el gobernador Culiac\u00e1n, Sin.- Los cambios que se han hecho durante la \u00faltima semana en el gabinete, se originan como un ajuste pera el mejoramiento y desempe\u00f1o de la administraci\u00f3n estatal, pero no se [&hellip;]","og_url":"https:\/\/fuentesfidedignas.com.mx\/index.php\/2023\/08\/30\/descarta-rocha-mas-cambios-en-su-gabinete-los-que-vengan-son-ajustes\/","og_site_name":"Fuentes Fidedignas","article_publisher":"https:\/\/www.facebook.com\/Fuentes-Fidedignas-368234489921644","article_published_time":"2023-08-30T18:18:38+00:00","article_modified_time":"2023-08-30T18:25:02+00:00","og_image":[{"width":1024,"height":768,"url":"https:\/\/fuentesfidedignas.com.mx\/wp-content\/uploads\/2023\/08\/rocha-3008.jpg","type":"image\/jpeg"}],"author":"Marissa Palafox","twitter_card":"summary_large_image","twitter_creator":"@fidedignas","twitter_site":"@fidedignas","twitter_misc":{"Escrito por":"Marissa Palafox","Tiempo de lectura":"2 minutos"},"schema":{"@context":"https:\/\/schema.org","@graph":[{"@type":"Article","@id":"https:\/\/fuentesfidedignas.com.mx\/index.php\/2023\/08\/30\/descarta-rocha-mas-cambios-en-su-gabinete-los-que-vengan-son-ajustes\/#article","isPartOf":{"@id":"https:\/\/fuentesfidedignas.com.mx\/index.php\/2023\/08\/30\/descarta-rocha-mas-cambios-en-su-gabinete-los-que-vengan-son-ajustes\/"},"author":{"name":"Marissa Palafox","@id":"https:\/\/fuentesfidedignas.com.mx\/#\/schema\/person\/2c10028b4a30078c05a056a215342ab9"},"headline":"Descarta Rocha m\u00e1s cambios en su gabinete: &#8220;los que vengan son ajustes&#8221;","datePublished":"2023-08-30T18:18:38+00:00","dateModified":"2023-08-30T18:25:02+00:00","mainEntityOfPage":{"@id":"https:\/\/fuentesfidedignas.com.mx\/index.php\/2023\/08\/30\/descarta-rocha-mas-cambios-en-su-gabinete-los-que-vengan-son-ajustes\/"},"wordCount":297,"commentCount":0,"publisher":{"@id":"https:\/\/fuentesfidedignas.com.mx\/#organization"},"image":{"@id":"https:\/\/fuentesfidedignas.com.mx\/index.php\/2023\/08\/30\/descarta-rocha-mas-cambios-en-su-gabinete-los-que-vengan-son-ajustes\/#primaryimage"},"thumbnailUrl":"https:\/\/fuentesfidedignas.com.mx\/wp-content\/uploads\/2023\/08\/rocha-3008.jpg","articleSection":["NOTA PRINCIPAL"],"inLanguage":"es","potentialAction":[{"@type":"CommentAction","name":"Comment","target":["https:\/\/fuentesfidedignas.com.mx\/index.php\/2023\/08\/30\/descarta-rocha-mas-cambios-en-su-gabinete-los-que-vengan-son-ajustes\/#respond"]}]},{"@type":"WebPage","@id":"https:\/\/fuentesfidedignas.com.mx\/index.php\/2023\/08\/30\/descarta-rocha-mas-cambios-en-su-gabinete-los-que-vengan-son-ajustes\/","url":"https:\/\/fuentesfidedignas.com.mx\/index.php\/2023\/08\/30\/descarta-rocha-mas-cambios-en-su-gabinete-los-que-vengan-son-ajustes\/","name":"Descarta Rocha m\u00e1s cambios en su gabinete: \"los que vengan son ajustes\" - Fuentes Fidedignas","isPartOf":{"@id":"https:\/\/fuentesfidedignas.com.mx\/#website"},"primaryImageOfPage":{"@id":"https:\/\/fuentesfidedignas.com.mx\/index.php\/2023\/08\/30\/descarta-rocha-mas-cambios-en-su-gabinete-los-que-vengan-son-ajustes\/#primaryimage"},"image":{"@id":"https:\/\/fuentesfidedignas.com.mx\/index.php\/2023\/08\/30\/descarta-rocha-mas-cambios-en-su-gabinete-los-que-vengan-son-ajustes\/#primaryimage"},"thumbnailUrl":"https:\/\/fuentesfidedignas.com.mx\/wp-content\/uploads\/2023\/08\/rocha-3008.jpg","datePublished":"2023-08-30T18:18:38+00:00","dateModified":"2023-08-30T18:25:02+00:00","breadcrumb":{"@id":"https:\/\/fuentesfidedignas.com.mx\/index.php\/2023\/08\/30\/descarta-rocha-mas-cambios-en-su-gabinete-los-que-vengan-son-ajustes\/#breadcrumb"},"inLanguage":"es","potentialAction":[{"@type":"ReadAction","target":["https:\/\/fuentesfidedignas.com.mx\/index.php\/2023\/08\/30\/descarta-rocha-mas-cambios-en-su-gabinete-los-que-vengan-son-ajustes\/"]}]},{"@type":"ImageObject","inLanguage":"es","@id":"https:\/\/fuentesfidedignas.com.mx\/index.php\/2023\/08\/30\/descarta-rocha-mas-cambios-en-su-gabinete-los-que-vengan-son-ajustes\/#primaryimage","url":"https:\/\/fuentesfidedignas.com.mx\/wp-content\/uploads\/2023\/08\/rocha-3008.jpg","contentUrl":"https:\/\/fuentesfidedignas.com.mx\/wp-content\/uploads\/2023\/08\/rocha-3008.jpg","width":1024,"height":768},{"@type":"BreadcrumbList","@id":"https:\/\/fuentesfidedignas.com.mx\/index.php\/2023\/08\/30\/descarta-rocha-mas-cambios-en-su-gabinete-los-que-vengan-son-ajustes\/#breadcrumb","itemListElement":[{"@type":"ListItem","position":1,"name":"Inicio","item":"https:\/\/fuentesfidedignas.com.mx\/"},{"@type":"ListItem","position":2,"name":"Descarta Rocha m\u00e1s cambios en su gabinete: &#8220;los que vengan son ajustes&#8221;"}]},{"@type":"WebSite","@id":"https:\/\/fuentesfidedignas.com.mx\/#website","url":"https:\/\/fuentesfidedignas.com.mx\/","name":"Fuentes Fidedignas","description":"Otro sitio realizado con WordPress","publisher":{"@id":"https:\/\/fuentesfidedignas.com.mx\/#organization"},"potentialAction":[{"@type":"SearchAction","target":{"@type":"EntryPoint","urlTemplate":"https:\/\/fuentesfidedignas.com.mx\/?s={search_term_string}"},"query-input":{"@type":"PropertyValueSpecification","valueRequired":true,"valueName":"search_term_string"}}],"inLanguage":"es"},{"@type":"Organization","@id":"https:\/\/fuentesfidedignas.com.mx\/#organization","name":"Fuentes Fidedignas","url":"https:\/\/fuentesfidedignas.com.mx\/","logo":{"@type":"ImageObject","inLanguage":"es","@id":"https:\/\/fuentesfidedignas.com.mx\/#\/schema\/logo\/image\/","url":"https:\/\/fuentesfidedignas.com.mx\/wp-content\/uploads\/2021\/04\/logo-retina.png","contentUrl":"https:\/\/fuentesfidedignas.com.mx\/wp-content\/uploads\/2021\/04\/logo-retina.png","width":280,"height":51,"caption":"Fuentes Fidedignas"},"image":{"@id":"https:\/\/fuentesfidedignas.com.mx\/#\/schema\/logo\/image\/"},"sameAs":["https:\/\/www.facebook.com\/Fuentes-Fidedignas-368234489921644","https:\/\/x.com\/fidedignas"]},{"@type":"Person","@id":"https:\/\/fuentesfidedignas.com.mx\/#\/schema\/person\/2c10028b4a30078c05a056a215342ab9","name":"Marissa Palafox","image":{"@type":"ImageObject","inLanguage":"es","@id":"https:\/\/secure.gravatar.com\/avatar\/20a43bdb2f2db10f20b22d4e98b96eb027faf98f7f76d29854dc5fab46d1cf71?s=96&d=mm&r=g","url":"https:\/\/secure.gravatar.com\/avatar\/20a43bdb2f2db10f20b22d4e98b96eb027faf98f7f76d29854dc5fab46d1cf71?s=96&d=mm&r=g","contentUrl":"https:\/\/secure.gravatar.com\/avatar\/20a43bdb2f2db10f20b22d4e98b96eb027faf98f7f76d29854dc5fab46d1cf71?s=96&d=mm&r=g","caption":"Marissa Palafox"},"url":"https:\/\/fuentesfidedignas.com.mx\/index.php\/author\/marissa\/"}]}},"_links":{"self":[{"href":"https:\/\/fuentesfidedignas.com.mx\/index.php\/wp-json\/wp\/v2\/posts\/57177","targetHints":{"allow":["GET"]}}],"collection":[{"href":"https:\/\/fuentesfidedignas.com.mx\/index.php\/wp-json\/wp\/v2\/posts"}],"about":[{"href":"https:\/\/fuentesfidedignas.com.mx\/index.php\/wp-json\/wp\/v2\/types\/post"}],"author":[{"embeddable":true,"href":"https:\/\/fuentesfidedignas.com.mx\/index.php\/wp-json\/wp\/v2\/users\/11"}],"replies":[{"embeddable":true,"href":"https:\/\/fuentesfidedignas.com.mx\/index.php\/wp-json\/wp\/v2\/comments?post=57177"}],"version-history":[{"count":4,"href":"https:\/\/fuentesfidedignas.com.mx\/index.php\/wp-json\/wp\/v2\/posts\/57177\/revisions"}],"predecessor-version":[{"id":57183,"href":"https:\/\/fuentesfidedignas.com.mx\/index.php\/wp-json\/wp\/v2\/posts\/57177\/revisions\/57183"}],"wp:featuredmedia":[{"embeddable":true,"href":"https:\/\/fuentesfidedignas.com.mx\/index.php\/wp-json\/wp\/v2\/media\/57178"}],"wp:attachment":[{"href":"https:\/\/fuentesfidedignas.com.mx\/index.php\/wp-json\/wp\/v2\/media?parent=57177"}],"wp:term":[{"taxonomy":"category","embeddable":true,"href":"https:\/\/fuentesfidedignas.com.mx\/index.php\/wp-json\/wp\/v2\/categories?post=57177"},{"taxonomy":"post_tag","embeddable":true,"href":"https:\/\/fuentesfidedignas.com.mx\/index.php\/wp-json\/wp\/v2\/tags?post=57177"}],"curies":[{"name":"wp","href":"https:\/\/api.w.org\/{rel}","templated":true}]}}