{"id":57057,"date":"2023-08-29T12:14:10","date_gmt":"2023-08-29T19:14:10","guid":{"rendered":"https:\/\/fuentesfidedignas.com.mx\/?p=57057"},"modified":"2023-08-29T12:14:47","modified_gmt":"2023-08-29T19:14:47","slug":"sinaloa-suspende-recreo-fuera-de-los-salones-ante-fuerte-calor","status":"publish","type":"post","link":"https:\/\/fuentesfidedignas.com.mx\/index.php\/2023\/08\/29\/sinaloa-suspende-recreo-fuera-de-los-salones-ante-fuerte-calor\/","title":{"rendered":"Sinaloa suspende recreo fuera de los salones ante fuerte calor"},"content":{"rendered":"\n<p><em><strong>Se pronostica que las altas temperaturas sigan para el pr\u00f3ximo mes de septiembre, por lo que se mantendr\u00e1n las recomendaciones <\/strong><\/em><\/p>\n\n\n\n<p>Culiac\u00e1n, Sin.- Derivado de las altas temperaturas registradas en los \u00faltimos d\u00edas a lo largo del estado de Sinaloa, la Secretar\u00eda de Educaci\u00f3n P\u00fablica y Cultura (SEPyC) hizo un llamado a las autoridades de las escuelas para que suspendan las actividades al aire libre, como lo es el recreo.<\/p>\n\n\n\n<p>La titular de la SEPyC, Graciela Dom\u00ednguez Nava, detall\u00f3 que por la sensaci\u00f3n t\u00e9rmica de m\u00e1s 50 grados cent\u00edgrados y el reporte de algunos problemas de salud entre el alumnado durante el primer d\u00eda de clases, se retom\u00f3 las recomendaciones de la Secretar\u00eda de Salud del Gobierno del Estado y Protecci\u00f3n Civil, las cuales contemplan la suspensi\u00f3n de actividades fuera de las aulas y la constante hidrataci\u00f3n de los estudiantes.<\/p>\n\n\n\n<p><strong>\u201cAntes de concluir el ciclo escolar se hicieron recomendaciones muy precisas ante las altas temperaturas. Siguen siendo las mismas, no han cambiado<\/strong><em>&#8220;, <\/em>detall\u00f3.<em>&nbsp;<\/em><\/p>\n\n\n\n<p>Asimismo, la secretaria de Educaci\u00f3n detall\u00f3 que se pronostica que las altas temperaturas sigan para el pr\u00f3ximo mes de septiembre, por lo que se mantendr\u00e1n las recomendaciones que se hicieron llegar a trav\u00e9s de una circular a los directores de las escuelas de Educaci\u00f3n B\u00e1sica.<\/p>\n","protected":false},"excerpt":{"rendered":"<p>Se pronostica que las altas temperaturas sigan para el pr\u00f3ximo mes de septiembre, por lo que se mantendr\u00e1n las recomendaciones Culiac\u00e1n, Sin.- Derivado de las altas temperaturas registradas en los \u00faltimos d\u00edas a lo largo del estado de Sinaloa, la Secretar\u00eda de Educaci\u00f3n P\u00fablica y Cultura (SEPyC) hizo un llamado a las autoridades de las [&hellip;]<\/p>\n","protected":false},"author":11,"featured_media":56561,"comment_status":"open","ping_status":"open","sticky":false,"template":"","format":"standard","meta":{"tdm_status":"","tdm_grid_status":"","footnotes":""},"categories":[37],"tags":[],"class_list":{"0":"post-57057","1":"post","2":"type-post","3":"status-publish","4":"format-standard","5":"has-post-thumbnail","7":"category-nota-principal"},"yoast_head":"<!-- This site is optimized with the Yoast SEO plugin v27.4 - https:\/\/yoast.com\/product\/yoast-seo-wordpress\/ -->\n<title>Sinaloa suspende recreo fuera de los salones ante fuerte calor - Fuentes Fidedignas<\/title>\n<meta name=\"robots\" content=\"index, follow, max-snippet:-1, max-image-preview:large, max-video-preview:-1\" \/>\n<link rel=\"canonical\" href=\"https:\/\/fuentesfidedignas.com.mx\/index.php\/2023\/08\/29\/sinaloa-suspende-recreo-fuera-de-los-salones-ante-fuerte-calor\/\" \/>\n<meta property=\"og:locale\" content=\"es_MX\" \/>\n<meta property=\"og:type\" content=\"article\" \/>\n<meta property=\"og:title\" content=\"Sinaloa suspende recreo fuera de los salones ante fuerte calor - Fuentes Fidedignas\" \/>\n<meta property=\"og:description\" content=\"Se pronostica que las altas temperaturas sigan para el pr\u00f3ximo mes de septiembre, por lo que se mantendr\u00e1n las recomendaciones Culiac\u00e1n, Sin.- Derivado de las altas temperaturas registradas en los \u00faltimos d\u00edas a lo largo del estado de Sinaloa, la Secretar\u00eda de Educaci\u00f3n P\u00fablica y Cultura (SEPyC) hizo un llamado a las autoridades de las [&hellip;]\" \/>\n<meta property=\"og:url\" content=\"https:\/\/fuentesfidedignas.com.mx\/index.php\/2023\/08\/29\/sinaloa-suspende-recreo-fuera-de-los-salones-ante-fuerte-calor\/\" \/>\n<meta property=\"og:site_name\" content=\"Fuentes Fidedignas\" \/>\n<meta property=\"article:publisher\" content=\"https:\/\/www.facebook.com\/Fuentes-Fidedignas-368234489921644\" \/>\n<meta property=\"article:published_time\" content=\"2023-08-29T19:14:10+00:00\" \/>\n<meta property=\"article:modified_time\" content=\"2023-08-29T19:14:47+00:00\" \/>\n<meta property=\"og:image\" content=\"https:\/\/fuentesfidedignas.com.mx\/wp-content\/uploads\/2023\/08\/graciela-dominguez-240823.jpg\" \/>\n\t<meta property=\"og:image:width\" content=\"700\" \/>\n\t<meta property=\"og:image:height\" content=\"459\" \/>\n\t<meta property=\"og:image:type\" content=\"image\/jpeg\" \/>\n<meta name=\"author\" content=\"Marissa Palafox\" \/>\n<meta name=\"twitter:card\" content=\"summary_large_image\" \/>\n<meta name=\"twitter:creator\" content=\"@fidedignas\" \/>\n<meta name=\"twitter:site\" content=\"@fidedignas\" \/>\n<meta name=\"twitter:label1\" content=\"Escrito por\" \/>\n\t<meta name=\"twitter:data1\" content=\"Marissa Palafox\" \/>\n\t<meta name=\"twitter:label2\" content=\"Tiempo de lectura\" \/>\n\t<meta name=\"twitter:data2\" content=\"1 minuto\" \/>\n<script type=\"application\/ld+json\" class=\"yoast-schema-graph\">{\"@context\":\"https:\\\/\\\/schema.org\",\"@graph\":[{\"@type\":\"Article\",\"@id\":\"https:\\\/\\\/fuentesfidedignas.com.mx\\\/index.php\\\/2023\\\/08\\\/29\\\/sinaloa-suspende-recreo-fuera-de-los-salones-ante-fuerte-calor\\\/#article\",\"isPartOf\":{\"@id\":\"https:\\\/\\\/fuentesfidedignas.com.mx\\\/index.php\\\/2023\\\/08\\\/29\\\/sinaloa-suspende-recreo-fuera-de-los-salones-ante-fuerte-calor\\\/\"},\"author\":{\"name\":\"Marissa Palafox\",\"@id\":\"https:\\\/\\\/fuentesfidedignas.com.mx\\\/#\\\/schema\\\/person\\\/2c10028b4a30078c05a056a215342ab9\"},\"headline\":\"Sinaloa suspende recreo fuera de los salones ante fuerte calor\",\"datePublished\":\"2023-08-29T19:14:10+00:00\",\"dateModified\":\"2023-08-29T19:14:47+00:00\",\"mainEntityOfPage\":{\"@id\":\"https:\\\/\\\/fuentesfidedignas.com.mx\\\/index.php\\\/2023\\\/08\\\/29\\\/sinaloa-suspende-recreo-fuera-de-los-salones-ante-fuerte-calor\\\/\"},\"wordCount\":241,\"commentCount\":0,\"publisher\":{\"@id\":\"https:\\\/\\\/fuentesfidedignas.com.mx\\\/#organization\"},\"image\":{\"@id\":\"https:\\\/\\\/fuentesfidedignas.com.mx\\\/index.php\\\/2023\\\/08\\\/29\\\/sinaloa-suspende-recreo-fuera-de-los-salones-ante-fuerte-calor\\\/#primaryimage\"},\"thumbnailUrl\":\"https:\\\/\\\/fuentesfidedignas.com.mx\\\/wp-content\\\/uploads\\\/2023\\\/08\\\/graciela-dominguez-240823.jpg\",\"articleSection\":[\"NOTA PRINCIPAL\"],\"inLanguage\":\"es\",\"potentialAction\":[{\"@type\":\"CommentAction\",\"name\":\"Comment\",\"target\":[\"https:\\\/\\\/fuentesfidedignas.com.mx\\\/index.php\\\/2023\\\/08\\\/29\\\/sinaloa-suspende-recreo-fuera-de-los-salones-ante-fuerte-calor\\\/#respond\"]}]},{\"@type\":\"WebPage\",\"@id\":\"https:\\\/\\\/fuentesfidedignas.com.mx\\\/index.php\\\/2023\\\/08\\\/29\\\/sinaloa-suspende-recreo-fuera-de-los-salones-ante-fuerte-calor\\\/\",\"url\":\"https:\\\/\\\/fuentesfidedignas.com.mx\\\/index.php\\\/2023\\\/08\\\/29\\\/sinaloa-suspende-recreo-fuera-de-los-salones-ante-fuerte-calor\\\/\",\"name\":\"Sinaloa suspende recreo fuera de los salones ante fuerte calor - Fuentes Fidedignas\",\"isPartOf\":{\"@id\":\"https:\\\/\\\/fuentesfidedignas.com.mx\\\/#website\"},\"primaryImageOfPage\":{\"@id\":\"https:\\\/\\\/fuentesfidedignas.com.mx\\\/index.php\\\/2023\\\/08\\\/29\\\/sinaloa-suspende-recreo-fuera-de-los-salones-ante-fuerte-calor\\\/#primaryimage\"},\"image\":{\"@id\":\"https:\\\/\\\/fuentesfidedignas.com.mx\\\/index.php\\\/2023\\\/08\\\/29\\\/sinaloa-suspende-recreo-fuera-de-los-salones-ante-fuerte-calor\\\/#primaryimage\"},\"thumbnailUrl\":\"https:\\\/\\\/fuentesfidedignas.com.mx\\\/wp-content\\\/uploads\\\/2023\\\/08\\\/graciela-dominguez-240823.jpg\",\"datePublished\":\"2023-08-29T19:14:10+00:00\",\"dateModified\":\"2023-08-29T19:14:47+00:00\",\"breadcrumb\":{\"@id\":\"https:\\\/\\\/fuentesfidedignas.com.mx\\\/index.php\\\/2023\\\/08\\\/29\\\/sinaloa-suspende-recreo-fuera-de-los-salones-ante-fuerte-calor\\\/#breadcrumb\"},\"inLanguage\":\"es\",\"potentialAction\":[{\"@type\":\"ReadAction\",\"target\":[\"https:\\\/\\\/fuentesfidedignas.com.mx\\\/index.php\\\/2023\\\/08\\\/29\\\/sinaloa-suspende-recreo-fuera-de-los-salones-ante-fuerte-calor\\\/\"]}]},{\"@type\":\"ImageObject\",\"inLanguage\":\"es\",\"@id\":\"https:\\\/\\\/fuentesfidedignas.com.mx\\\/index.php\\\/2023\\\/08\\\/29\\\/sinaloa-suspende-recreo-fuera-de-los-salones-ante-fuerte-calor\\\/#primaryimage\",\"url\":\"https:\\\/\\\/fuentesfidedignas.com.mx\\\/wp-content\\\/uploads\\\/2023\\\/08\\\/graciela-dominguez-240823.jpg\",\"contentUrl\":\"https:\\\/\\\/fuentesfidedignas.com.mx\\\/wp-content\\\/uploads\\\/2023\\\/08\\\/graciela-dominguez-240823.jpg\",\"width\":700,\"height\":459},{\"@type\":\"BreadcrumbList\",\"@id\":\"https:\\\/\\\/fuentesfidedignas.com.mx\\\/index.php\\\/2023\\\/08\\\/29\\\/sinaloa-suspende-recreo-fuera-de-los-salones-ante-fuerte-calor\\\/#breadcrumb\",\"itemListElement\":[{\"@type\":\"ListItem\",\"position\":1,\"name\":\"Inicio\",\"item\":\"https:\\\/\\\/fuentesfidedignas.com.mx\\\/\"},{\"@type\":\"ListItem\",\"position\":2,\"name\":\"Sinaloa suspende recreo fuera de los salones ante fuerte calor\"}]},{\"@type\":\"WebSite\",\"@id\":\"https:\\\/\\\/fuentesfidedignas.com.mx\\\/#website\",\"url\":\"https:\\\/\\\/fuentesfidedignas.com.mx\\\/\",\"name\":\"Fuentes Fidedignas\",\"description\":\"Otro sitio realizado con WordPress\",\"publisher\":{\"@id\":\"https:\\\/\\\/fuentesfidedignas.com.mx\\\/#organization\"},\"potentialAction\":[{\"@type\":\"SearchAction\",\"target\":{\"@type\":\"EntryPoint\",\"urlTemplate\":\"https:\\\/\\\/fuentesfidedignas.com.mx\\\/?s={search_term_string}\"},\"query-input\":{\"@type\":\"PropertyValueSpecification\",\"valueRequired\":true,\"valueName\":\"search_term_string\"}}],\"inLanguage\":\"es\"},{\"@type\":\"Organization\",\"@id\":\"https:\\\/\\\/fuentesfidedignas.com.mx\\\/#organization\",\"name\":\"Fuentes Fidedignas\",\"url\":\"https:\\\/\\\/fuentesfidedignas.com.mx\\\/\",\"logo\":{\"@type\":\"ImageObject\",\"inLanguage\":\"es\",\"@id\":\"https:\\\/\\\/fuentesfidedignas.com.mx\\\/#\\\/schema\\\/logo\\\/image\\\/\",\"url\":\"https:\\\/\\\/fuentesfidedignas.com.mx\\\/wp-content\\\/uploads\\\/2021\\\/04\\\/logo-retina.png\",\"contentUrl\":\"https:\\\/\\\/fuentesfidedignas.com.mx\\\/wp-content\\\/uploads\\\/2021\\\/04\\\/logo-retina.png\",\"width\":280,\"height\":51,\"caption\":\"Fuentes Fidedignas\"},\"image\":{\"@id\":\"https:\\\/\\\/fuentesfidedignas.com.mx\\\/#\\\/schema\\\/logo\\\/image\\\/\"},\"sameAs\":[\"https:\\\/\\\/www.facebook.com\\\/Fuentes-Fidedignas-368234489921644\",\"https:\\\/\\\/x.com\\\/fidedignas\"]},{\"@type\":\"Person\",\"@id\":\"https:\\\/\\\/fuentesfidedignas.com.mx\\\/#\\\/schema\\\/person\\\/2c10028b4a30078c05a056a215342ab9\",\"name\":\"Marissa Palafox\",\"image\":{\"@type\":\"ImageObject\",\"inLanguage\":\"es\",\"@id\":\"https:\\\/\\\/secure.gravatar.com\\\/avatar\\\/20a43bdb2f2db10f20b22d4e98b96eb027faf98f7f76d29854dc5fab46d1cf71?s=96&d=mm&r=g\",\"url\":\"https:\\\/\\\/secure.gravatar.com\\\/avatar\\\/20a43bdb2f2db10f20b22d4e98b96eb027faf98f7f76d29854dc5fab46d1cf71?s=96&d=mm&r=g\",\"contentUrl\":\"https:\\\/\\\/secure.gravatar.com\\\/avatar\\\/20a43bdb2f2db10f20b22d4e98b96eb027faf98f7f76d29854dc5fab46d1cf71?s=96&d=mm&r=g\",\"caption\":\"Marissa Palafox\"},\"url\":\"https:\\\/\\\/fuentesfidedignas.com.mx\\\/index.php\\\/author\\\/marissa\\\/\"}]}<\/script>\n<!-- \/ Yoast SEO plugin. -->","yoast_head_json":{"title":"Sinaloa suspende recreo fuera de los salones ante fuerte calor - Fuentes Fidedignas","robots":{"index":"index","follow":"follow","max-snippet":"max-snippet:-1","max-image-preview":"max-image-preview:large","max-video-preview":"max-video-preview:-1"},"canonical":"https:\/\/fuentesfidedignas.com.mx\/index.php\/2023\/08\/29\/sinaloa-suspende-recreo-fuera-de-los-salones-ante-fuerte-calor\/","og_locale":"es_MX","og_type":"article","og_title":"Sinaloa suspende recreo fuera de los salones ante fuerte calor - Fuentes Fidedignas","og_description":"Se pronostica que las altas temperaturas sigan para el pr\u00f3ximo mes de septiembre, por lo que se mantendr\u00e1n las recomendaciones Culiac\u00e1n, Sin.- Derivado de las altas temperaturas registradas en los \u00faltimos d\u00edas a lo largo del estado de Sinaloa, la Secretar\u00eda de Educaci\u00f3n P\u00fablica y Cultura (SEPyC) hizo un llamado a las autoridades de las [&hellip;]","og_url":"https:\/\/fuentesfidedignas.com.mx\/index.php\/2023\/08\/29\/sinaloa-suspende-recreo-fuera-de-los-salones-ante-fuerte-calor\/","og_site_name":"Fuentes Fidedignas","article_publisher":"https:\/\/www.facebook.com\/Fuentes-Fidedignas-368234489921644","article_published_time":"2023-08-29T19:14:10+00:00","article_modified_time":"2023-08-29T19:14:47+00:00","og_image":[{"width":700,"height":459,"url":"https:\/\/fuentesfidedignas.com.mx\/wp-content\/uploads\/2023\/08\/graciela-dominguez-240823.jpg","type":"image\/jpeg"}],"author":"Marissa Palafox","twitter_card":"summary_large_image","twitter_creator":"@fidedignas","twitter_site":"@fidedignas","twitter_misc":{"Escrito por":"Marissa Palafox","Tiempo de lectura":"1 minuto"},"schema":{"@context":"https:\/\/schema.org","@graph":[{"@type":"Article","@id":"https:\/\/fuentesfidedignas.com.mx\/index.php\/2023\/08\/29\/sinaloa-suspende-recreo-fuera-de-los-salones-ante-fuerte-calor\/#article","isPartOf":{"@id":"https:\/\/fuentesfidedignas.com.mx\/index.php\/2023\/08\/29\/sinaloa-suspende-recreo-fuera-de-los-salones-ante-fuerte-calor\/"},"author":{"name":"Marissa Palafox","@id":"https:\/\/fuentesfidedignas.com.mx\/#\/schema\/person\/2c10028b4a30078c05a056a215342ab9"},"headline":"Sinaloa suspende recreo fuera de los salones ante fuerte calor","datePublished":"2023-08-29T19:14:10+00:00","dateModified":"2023-08-29T19:14:47+00:00","mainEntityOfPage":{"@id":"https:\/\/fuentesfidedignas.com.mx\/index.php\/2023\/08\/29\/sinaloa-suspende-recreo-fuera-de-los-salones-ante-fuerte-calor\/"},"wordCount":241,"commentCount":0,"publisher":{"@id":"https:\/\/fuentesfidedignas.com.mx\/#organization"},"image":{"@id":"https:\/\/fuentesfidedignas.com.mx\/index.php\/2023\/08\/29\/sinaloa-suspende-recreo-fuera-de-los-salones-ante-fuerte-calor\/#primaryimage"},"thumbnailUrl":"https:\/\/fuentesfidedignas.com.mx\/wp-content\/uploads\/2023\/08\/graciela-dominguez-240823.jpg","articleSection":["NOTA PRINCIPAL"],"inLanguage":"es","potentialAction":[{"@type":"CommentAction","name":"Comment","target":["https:\/\/fuentesfidedignas.com.mx\/index.php\/2023\/08\/29\/sinaloa-suspende-recreo-fuera-de-los-salones-ante-fuerte-calor\/#respond"]}]},{"@type":"WebPage","@id":"https:\/\/fuentesfidedignas.com.mx\/index.php\/2023\/08\/29\/sinaloa-suspende-recreo-fuera-de-los-salones-ante-fuerte-calor\/","url":"https:\/\/fuentesfidedignas.com.mx\/index.php\/2023\/08\/29\/sinaloa-suspende-recreo-fuera-de-los-salones-ante-fuerte-calor\/","name":"Sinaloa suspende recreo fuera de los salones ante fuerte calor - Fuentes Fidedignas","isPartOf":{"@id":"https:\/\/fuentesfidedignas.com.mx\/#website"},"primaryImageOfPage":{"@id":"https:\/\/fuentesfidedignas.com.mx\/index.php\/2023\/08\/29\/sinaloa-suspende-recreo-fuera-de-los-salones-ante-fuerte-calor\/#primaryimage"},"image":{"@id":"https:\/\/fuentesfidedignas.com.mx\/index.php\/2023\/08\/29\/sinaloa-suspende-recreo-fuera-de-los-salones-ante-fuerte-calor\/#primaryimage"},"thumbnailUrl":"https:\/\/fuentesfidedignas.com.mx\/wp-content\/uploads\/2023\/08\/graciela-dominguez-240823.jpg","datePublished":"2023-08-29T19:14:10+00:00","dateModified":"2023-08-29T19:14:47+00:00","breadcrumb":{"@id":"https:\/\/fuentesfidedignas.com.mx\/index.php\/2023\/08\/29\/sinaloa-suspende-recreo-fuera-de-los-salones-ante-fuerte-calor\/#breadcrumb"},"inLanguage":"es","potentialAction":[{"@type":"ReadAction","target":["https:\/\/fuentesfidedignas.com.mx\/index.php\/2023\/08\/29\/sinaloa-suspende-recreo-fuera-de-los-salones-ante-fuerte-calor\/"]}]},{"@type":"ImageObject","inLanguage":"es","@id":"https:\/\/fuentesfidedignas.com.mx\/index.php\/2023\/08\/29\/sinaloa-suspende-recreo-fuera-de-los-salones-ante-fuerte-calor\/#primaryimage","url":"https:\/\/fuentesfidedignas.com.mx\/wp-content\/uploads\/2023\/08\/graciela-dominguez-240823.jpg","contentUrl":"https:\/\/fuentesfidedignas.com.mx\/wp-content\/uploads\/2023\/08\/graciela-dominguez-240823.jpg","width":700,"height":459},{"@type":"BreadcrumbList","@id":"https:\/\/fuentesfidedignas.com.mx\/index.php\/2023\/08\/29\/sinaloa-suspende-recreo-fuera-de-los-salones-ante-fuerte-calor\/#breadcrumb","itemListElement":[{"@type":"ListItem","position":1,"name":"Inicio","item":"https:\/\/fuentesfidedignas.com.mx\/"},{"@type":"ListItem","position":2,"name":"Sinaloa suspende recreo fuera de los salones ante fuerte calor"}]},{"@type":"WebSite","@id":"https:\/\/fuentesfidedignas.com.mx\/#website","url":"https:\/\/fuentesfidedignas.com.mx\/","name":"Fuentes Fidedignas","description":"Otro sitio realizado con WordPress","publisher":{"@id":"https:\/\/fuentesfidedignas.com.mx\/#organization"},"potentialAction":[{"@type":"SearchAction","target":{"@type":"EntryPoint","urlTemplate":"https:\/\/fuentesfidedignas.com.mx\/?s={search_term_string}"},"query-input":{"@type":"PropertyValueSpecification","valueRequired":true,"valueName":"search_term_string"}}],"inLanguage":"es"},{"@type":"Organization","@id":"https:\/\/fuentesfidedignas.com.mx\/#organization","name":"Fuentes Fidedignas","url":"https:\/\/fuentesfidedignas.com.mx\/","logo":{"@type":"ImageObject","inLanguage":"es","@id":"https:\/\/fuentesfidedignas.com.mx\/#\/schema\/logo\/image\/","url":"https:\/\/fuentesfidedignas.com.mx\/wp-content\/uploads\/2021\/04\/logo-retina.png","contentUrl":"https:\/\/fuentesfidedignas.com.mx\/wp-content\/uploads\/2021\/04\/logo-retina.png","width":280,"height":51,"caption":"Fuentes Fidedignas"},"image":{"@id":"https:\/\/fuentesfidedignas.com.mx\/#\/schema\/logo\/image\/"},"sameAs":["https:\/\/www.facebook.com\/Fuentes-Fidedignas-368234489921644","https:\/\/x.com\/fidedignas"]},{"@type":"Person","@id":"https:\/\/fuentesfidedignas.com.mx\/#\/schema\/person\/2c10028b4a30078c05a056a215342ab9","name":"Marissa Palafox","image":{"@type":"ImageObject","inLanguage":"es","@id":"https:\/\/secure.gravatar.com\/avatar\/20a43bdb2f2db10f20b22d4e98b96eb027faf98f7f76d29854dc5fab46d1cf71?s=96&d=mm&r=g","url":"https:\/\/secure.gravatar.com\/avatar\/20a43bdb2f2db10f20b22d4e98b96eb027faf98f7f76d29854dc5fab46d1cf71?s=96&d=mm&r=g","contentUrl":"https:\/\/secure.gravatar.com\/avatar\/20a43bdb2f2db10f20b22d4e98b96eb027faf98f7f76d29854dc5fab46d1cf71?s=96&d=mm&r=g","caption":"Marissa Palafox"},"url":"https:\/\/fuentesfidedignas.com.mx\/index.php\/author\/marissa\/"}]}},"_links":{"self":[{"href":"https:\/\/fuentesfidedignas.com.mx\/index.php\/wp-json\/wp\/v2\/posts\/57057","targetHints":{"allow":["GET"]}}],"collection":[{"href":"https:\/\/fuentesfidedignas.com.mx\/index.php\/wp-json\/wp\/v2\/posts"}],"about":[{"href":"https:\/\/fuentesfidedignas.com.mx\/index.php\/wp-json\/wp\/v2\/types\/post"}],"author":[{"embeddable":true,"href":"https:\/\/fuentesfidedignas.com.mx\/index.php\/wp-json\/wp\/v2\/users\/11"}],"replies":[{"embeddable":true,"href":"https:\/\/fuentesfidedignas.com.mx\/index.php\/wp-json\/wp\/v2\/comments?post=57057"}],"version-history":[{"count":2,"href":"https:\/\/fuentesfidedignas.com.mx\/index.php\/wp-json\/wp\/v2\/posts\/57057\/revisions"}],"predecessor-version":[{"id":57059,"href":"https:\/\/fuentesfidedignas.com.mx\/index.php\/wp-json\/wp\/v2\/posts\/57057\/revisions\/57059"}],"wp:featuredmedia":[{"embeddable":true,"href":"https:\/\/fuentesfidedignas.com.mx\/index.php\/wp-json\/wp\/v2\/media\/56561"}],"wp:attachment":[{"href":"https:\/\/fuentesfidedignas.com.mx\/index.php\/wp-json\/wp\/v2\/media?parent=57057"}],"wp:term":[{"taxonomy":"category","embeddable":true,"href":"https:\/\/fuentesfidedignas.com.mx\/index.php\/wp-json\/wp\/v2\/categories?post=57057"},{"taxonomy":"post_tag","embeddable":true,"href":"https:\/\/fuentesfidedignas.com.mx\/index.php\/wp-json\/wp\/v2\/tags?post=57057"}],"curies":[{"name":"wp","href":"https:\/\/api.w.org\/{rel}","templated":true}]}}