{"id":56899,"date":"2023-08-28T09:28:25","date_gmt":"2023-08-28T16:28:25","guid":{"rendered":"https:\/\/fuentesfidedignas.com.mx\/?p=56899"},"modified":"2023-08-28T16:02:51","modified_gmt":"2023-08-28T23:02:51","slug":"sin-denuncias-formales-por-libros-arranca-sinaloa-el-ciclo-escolar-2023-2024","status":"publish","type":"post","link":"https:\/\/fuentesfidedignas.com.mx\/index.php\/2023\/08\/28\/sin-denuncias-formales-por-libros-arranca-sinaloa-el-ciclo-escolar-2023-2024\/","title":{"rendered":"Sin denuncias formales por cuotas, arranca Sinaloa el Ciclo Escolar 2023-2024"},"content":{"rendered":"\n<p><strong><em>Graciela Dom\u00ednguez, secretaria de la SEPyC asegura que no hay denuncias formales por condicionamiento de cuotas escolares<\/em><\/strong><\/p>\n\n\n\n<p><em>SEPyC entregar\u00e1 un mill\u00f3n setecientos mil libros por este regreso a clases<\/em><\/p>\n\n\n\n<p>Culiac\u00e1n, Sin.- No hay denuncia formal ante el condicionamiento de las cuotas escolares para este regreso a clases, asegur\u00f3 la secretaria de Educaci\u00f3n, Graciela Dom\u00ednguez Nava, puesto que solo se han hecho a trav\u00e9s de los medios de comunicaci\u00f3n.<\/p>\n\n\n\n<p>Le pide a la Subsecretar\u00eda coordinar trabajos para que este nuevo ciclo escolar no se vea afectado.<\/p>\n\n\n\n<figure class=\"wp-block-gallery has-nested-images columns-default is-cropped wp-block-gallery-1 is-layout-flex wp-block-gallery-is-layout-flex\">\n<figure class=\"wp-block-image size-large\"><img decoding=\"async\" width=\"1024\" height=\"768\" data-id=\"56903\" src=\"https:\/\/fuentesfidedignas.com.mx\/wp-content\/uploads\/2023\/08\/1000117727.jpg\" alt=\"\" class=\"wp-image-56903\" srcset=\"https:\/\/fuentesfidedignas.com.mx\/wp-content\/uploads\/2023\/08\/1000117727.jpg 1024w, https:\/\/fuentesfidedignas.com.mx\/wp-content\/uploads\/2023\/08\/1000117727-300x225.jpg 300w, https:\/\/fuentesfidedignas.com.mx\/wp-content\/uploads\/2023\/08\/1000117727-768x576.jpg 768w\" sizes=\"(max-width: 1024px) 100vw, 1024px\" \/><\/figure>\n\n\n\n<figure class=\"wp-block-image size-large\"><img decoding=\"async\" width=\"1024\" height=\"768\" data-id=\"56906\" src=\"https:\/\/fuentesfidedignas.com.mx\/wp-content\/uploads\/2023\/08\/1000117724.jpg\" alt=\"\" class=\"wp-image-56906\" srcset=\"https:\/\/fuentesfidedignas.com.mx\/wp-content\/uploads\/2023\/08\/1000117724.jpg 1024w, https:\/\/fuentesfidedignas.com.mx\/wp-content\/uploads\/2023\/08\/1000117724-300x225.jpg 300w, https:\/\/fuentesfidedignas.com.mx\/wp-content\/uploads\/2023\/08\/1000117724-768x576.jpg 768w\" sizes=\"(max-width: 1024px) 100vw, 1024px\" \/><\/figure>\n\n\n\n<figure class=\"wp-block-image size-large\"><img decoding=\"async\" width=\"1024\" height=\"768\" data-id=\"56904\" src=\"https:\/\/fuentesfidedignas.com.mx\/wp-content\/uploads\/2023\/08\/1000117702.jpg\" alt=\"\" class=\"wp-image-56904\" srcset=\"https:\/\/fuentesfidedignas.com.mx\/wp-content\/uploads\/2023\/08\/1000117702.jpg 1024w, https:\/\/fuentesfidedignas.com.mx\/wp-content\/uploads\/2023\/08\/1000117702-300x225.jpg 300w, https:\/\/fuentesfidedignas.com.mx\/wp-content\/uploads\/2023\/08\/1000117702-768x576.jpg 768w\" sizes=\"(max-width: 1024px) 100vw, 1024px\" \/><\/figure>\n\n\n\n<figure class=\"wp-block-image size-large\"><img decoding=\"async\" width=\"1024\" height=\"768\" data-id=\"56905\" src=\"https:\/\/fuentesfidedignas.com.mx\/wp-content\/uploads\/2023\/08\/1000117711.jpg\" alt=\"\" class=\"wp-image-56905\" srcset=\"https:\/\/fuentesfidedignas.com.mx\/wp-content\/uploads\/2023\/08\/1000117711.jpg 1024w, https:\/\/fuentesfidedignas.com.mx\/wp-content\/uploads\/2023\/08\/1000117711-300x225.jpg 300w, https:\/\/fuentesfidedignas.com.mx\/wp-content\/uploads\/2023\/08\/1000117711-768x576.jpg 768w\" sizes=\"(max-width: 1024px) 100vw, 1024px\" \/><\/figure>\n\n\n\n<figure class=\"wp-block-image size-large\"><img decoding=\"async\" width=\"1024\" height=\"768\" data-id=\"56908\" src=\"https:\/\/fuentesfidedignas.com.mx\/wp-content\/uploads\/2023\/08\/1000117721.jpg\" alt=\"\" class=\"wp-image-56908\" srcset=\"https:\/\/fuentesfidedignas.com.mx\/wp-content\/uploads\/2023\/08\/1000117721.jpg 1024w, https:\/\/fuentesfidedignas.com.mx\/wp-content\/uploads\/2023\/08\/1000117721-300x225.jpg 300w, https:\/\/fuentesfidedignas.com.mx\/wp-content\/uploads\/2023\/08\/1000117721-768x576.jpg 768w\" sizes=\"(max-width: 1024px) 100vw, 1024px\" \/><\/figure>\n\n\n\n<figure class=\"wp-block-image size-large\"><img decoding=\"async\" width=\"1024\" height=\"768\" data-id=\"56907\" src=\"https:\/\/fuentesfidedignas.com.mx\/wp-content\/uploads\/2023\/08\/1000117699.jpg\" alt=\"\" class=\"wp-image-56907\" srcset=\"https:\/\/fuentesfidedignas.com.mx\/wp-content\/uploads\/2023\/08\/1000117699.jpg 1024w, https:\/\/fuentesfidedignas.com.mx\/wp-content\/uploads\/2023\/08\/1000117699-300x225.jpg 300w, https:\/\/fuentesfidedignas.com.mx\/wp-content\/uploads\/2023\/08\/1000117699-768x576.jpg 768w\" sizes=\"(max-width: 1024px) 100vw, 1024px\" \/><\/figure>\n<\/figure>\n\n\n\n<p>Por otro lado, coment\u00f3 que este lunes se estar\u00e1n entregando el cien por ciento de los libros de preescolar y primaria, ya que para los niveles de secundaria ser\u00e1 a mediados de el mes de septiembre, d\u00f3nde se estima que para entonces se entreguen aproximadamente un mill\u00f3n 700 mil libros de texto.<\/p>\n\n\n\n<p>Y se espera que los padres y madres de familia reciban y aprecien los libros, en tanto sean entregados puesto que son para el mejoramiento de estudio en los ni\u00f1os y ni\u00f1as.<\/p>\n","protected":false},"excerpt":{"rendered":"<p>Graciela Dom\u00ednguez, secretaria de la SEPyC asegura que no hay denuncias formales por condicionamiento de cuotas escolares SEPyC entregar\u00e1 un mill\u00f3n setecientos mil libros por este regreso a clases Culiac\u00e1n, Sin.- No hay denuncia formal ante el condicionamiento de las cuotas escolares para este regreso a clases, asegur\u00f3 la secretaria de Educaci\u00f3n, Graciela Dom\u00ednguez Nava, [&hellip;]<\/p>\n","protected":false},"author":119,"featured_media":56910,"comment_status":"open","ping_status":"open","sticky":false,"template":"","format":"standard","meta":{"tdm_status":"","tdm_grid_status":"","footnotes":""},"categories":[37,1],"tags":[],"class_list":{"0":"post-56899","1":"post","2":"type-post","3":"status-publish","4":"format-standard","5":"has-post-thumbnail","7":"category-nota-principal","8":"category-sin-categoria"},"yoast_head":"<!-- This site is optimized with the Yoast SEO plugin v27.4 - https:\/\/yoast.com\/product\/yoast-seo-wordpress\/ -->\n<title>Sin denuncias formales por cuotas, arranca Sinaloa el Ciclo Escolar 2023-2024 - Fuentes Fidedignas<\/title>\n<meta name=\"robots\" content=\"index, follow, max-snippet:-1, max-image-preview:large, max-video-preview:-1\" \/>\n<link rel=\"canonical\" href=\"https:\/\/fuentesfidedignas.com.mx\/index.php\/2023\/08\/28\/sin-denuncias-formales-por-libros-arranca-sinaloa-el-ciclo-escolar-2023-2024\/\" \/>\n<meta property=\"og:locale\" content=\"es_MX\" \/>\n<meta property=\"og:type\" content=\"article\" \/>\n<meta property=\"og:title\" content=\"Sin denuncias formales por cuotas, arranca Sinaloa el Ciclo Escolar 2023-2024 - Fuentes Fidedignas\" \/>\n<meta property=\"og:description\" content=\"Graciela Dom\u00ednguez, secretaria de la SEPyC asegura que no hay denuncias formales por condicionamiento de cuotas escolares SEPyC entregar\u00e1 un mill\u00f3n setecientos mil libros por este regreso a clases Culiac\u00e1n, Sin.- No hay denuncia formal ante el condicionamiento de las cuotas escolares para este regreso a clases, asegur\u00f3 la secretaria de Educaci\u00f3n, Graciela Dom\u00ednguez Nava, [&hellip;]\" \/>\n<meta property=\"og:url\" content=\"https:\/\/fuentesfidedignas.com.mx\/index.php\/2023\/08\/28\/sin-denuncias-formales-por-libros-arranca-sinaloa-el-ciclo-escolar-2023-2024\/\" \/>\n<meta property=\"og:site_name\" content=\"Fuentes Fidedignas\" \/>\n<meta property=\"article:publisher\" content=\"https:\/\/www.facebook.com\/Fuentes-Fidedignas-368234489921644\" \/>\n<meta property=\"article:published_time\" content=\"2023-08-28T16:28:25+00:00\" \/>\n<meta property=\"article:modified_time\" content=\"2023-08-28T23:02:51+00:00\" \/>\n<meta property=\"og:image\" content=\"https:\/\/fuentesfidedignas.com.mx\/wp-content\/uploads\/2023\/08\/IMG-20230828-WA0014.jpg\" \/>\n\t<meta property=\"og:image:width\" content=\"1024\" \/>\n\t<meta property=\"og:image:height\" content=\"768\" \/>\n\t<meta property=\"og:image:type\" content=\"image\/jpeg\" \/>\n<meta name=\"author\" content=\"Judith Su\u00e1rez\" \/>\n<meta name=\"twitter:card\" content=\"summary_large_image\" \/>\n<meta name=\"twitter:creator\" content=\"@fidedignas\" \/>\n<meta name=\"twitter:site\" content=\"@fidedignas\" \/>\n<meta name=\"twitter:label1\" content=\"Escrito por\" \/>\n\t<meta name=\"twitter:data1\" content=\"Judith Su\u00e1rez\" \/>\n\t<meta name=\"twitter:label2\" content=\"Tiempo de lectura\" \/>\n\t<meta name=\"twitter:data2\" content=\"2 minutos\" \/>\n<script type=\"application\/ld+json\" class=\"yoast-schema-graph\">{\"@context\":\"https:\\\/\\\/schema.org\",\"@graph\":[{\"@type\":\"Article\",\"@id\":\"https:\\\/\\\/fuentesfidedignas.com.mx\\\/index.php\\\/2023\\\/08\\\/28\\\/sin-denuncias-formales-por-libros-arranca-sinaloa-el-ciclo-escolar-2023-2024\\\/#article\",\"isPartOf\":{\"@id\":\"https:\\\/\\\/fuentesfidedignas.com.mx\\\/index.php\\\/2023\\\/08\\\/28\\\/sin-denuncias-formales-por-libros-arranca-sinaloa-el-ciclo-escolar-2023-2024\\\/\"},\"author\":{\"name\":\"Judith Su\u00e1rez\",\"@id\":\"https:\\\/\\\/fuentesfidedignas.com.mx\\\/#\\\/schema\\\/person\\\/f9ef4b58e604d94a7e6488115cc40195\"},\"headline\":\"Sin denuncias formales por cuotas, arranca Sinaloa el Ciclo Escolar 2023-2024\",\"datePublished\":\"2023-08-28T16:28:25+00:00\",\"dateModified\":\"2023-08-28T23:02:51+00:00\",\"mainEntityOfPage\":{\"@id\":\"https:\\\/\\\/fuentesfidedignas.com.mx\\\/index.php\\\/2023\\\/08\\\/28\\\/sin-denuncias-formales-por-libros-arranca-sinaloa-el-ciclo-escolar-2023-2024\\\/\"},\"wordCount\":193,\"commentCount\":0,\"publisher\":{\"@id\":\"https:\\\/\\\/fuentesfidedignas.com.mx\\\/#organization\"},\"image\":{\"@id\":\"https:\\\/\\\/fuentesfidedignas.com.mx\\\/index.php\\\/2023\\\/08\\\/28\\\/sin-denuncias-formales-por-libros-arranca-sinaloa-el-ciclo-escolar-2023-2024\\\/#primaryimage\"},\"thumbnailUrl\":\"https:\\\/\\\/fuentesfidedignas.com.mx\\\/wp-content\\\/uploads\\\/2023\\\/08\\\/IMG-20230828-WA0014.jpg\",\"articleSection\":[\"NOTA PRINCIPAL\"],\"inLanguage\":\"es\",\"potentialAction\":[{\"@type\":\"CommentAction\",\"name\":\"Comment\",\"target\":[\"https:\\\/\\\/fuentesfidedignas.com.mx\\\/index.php\\\/2023\\\/08\\\/28\\\/sin-denuncias-formales-por-libros-arranca-sinaloa-el-ciclo-escolar-2023-2024\\\/#respond\"]}]},{\"@type\":\"WebPage\",\"@id\":\"https:\\\/\\\/fuentesfidedignas.com.mx\\\/index.php\\\/2023\\\/08\\\/28\\\/sin-denuncias-formales-por-libros-arranca-sinaloa-el-ciclo-escolar-2023-2024\\\/\",\"url\":\"https:\\\/\\\/fuentesfidedignas.com.mx\\\/index.php\\\/2023\\\/08\\\/28\\\/sin-denuncias-formales-por-libros-arranca-sinaloa-el-ciclo-escolar-2023-2024\\\/\",\"name\":\"Sin denuncias formales por cuotas, arranca Sinaloa el Ciclo Escolar 2023-2024 - Fuentes Fidedignas\",\"isPartOf\":{\"@id\":\"https:\\\/\\\/fuentesfidedignas.com.mx\\\/#website\"},\"primaryImageOfPage\":{\"@id\":\"https:\\\/\\\/fuentesfidedignas.com.mx\\\/index.php\\\/2023\\\/08\\\/28\\\/sin-denuncias-formales-por-libros-arranca-sinaloa-el-ciclo-escolar-2023-2024\\\/#primaryimage\"},\"image\":{\"@id\":\"https:\\\/\\\/fuentesfidedignas.com.mx\\\/index.php\\\/2023\\\/08\\\/28\\\/sin-denuncias-formales-por-libros-arranca-sinaloa-el-ciclo-escolar-2023-2024\\\/#primaryimage\"},\"thumbnailUrl\":\"https:\\\/\\\/fuentesfidedignas.com.mx\\\/wp-content\\\/uploads\\\/2023\\\/08\\\/IMG-20230828-WA0014.jpg\",\"datePublished\":\"2023-08-28T16:28:25+00:00\",\"dateModified\":\"2023-08-28T23:02:51+00:00\",\"breadcrumb\":{\"@id\":\"https:\\\/\\\/fuentesfidedignas.com.mx\\\/index.php\\\/2023\\\/08\\\/28\\\/sin-denuncias-formales-por-libros-arranca-sinaloa-el-ciclo-escolar-2023-2024\\\/#breadcrumb\"},\"inLanguage\":\"es\",\"potentialAction\":[{\"@type\":\"ReadAction\",\"target\":[\"https:\\\/\\\/fuentesfidedignas.com.mx\\\/index.php\\\/2023\\\/08\\\/28\\\/sin-denuncias-formales-por-libros-arranca-sinaloa-el-ciclo-escolar-2023-2024\\\/\"]}]},{\"@type\":\"ImageObject\",\"inLanguage\":\"es\",\"@id\":\"https:\\\/\\\/fuentesfidedignas.com.mx\\\/index.php\\\/2023\\\/08\\\/28\\\/sin-denuncias-formales-por-libros-arranca-sinaloa-el-ciclo-escolar-2023-2024\\\/#primaryimage\",\"url\":\"https:\\\/\\\/fuentesfidedignas.com.mx\\\/wp-content\\\/uploads\\\/2023\\\/08\\\/IMG-20230828-WA0014.jpg\",\"contentUrl\":\"https:\\\/\\\/fuentesfidedignas.com.mx\\\/wp-content\\\/uploads\\\/2023\\\/08\\\/IMG-20230828-WA0014.jpg\",\"width\":1024,\"height\":768},{\"@type\":\"BreadcrumbList\",\"@id\":\"https:\\\/\\\/fuentesfidedignas.com.mx\\\/index.php\\\/2023\\\/08\\\/28\\\/sin-denuncias-formales-por-libros-arranca-sinaloa-el-ciclo-escolar-2023-2024\\\/#breadcrumb\",\"itemListElement\":[{\"@type\":\"ListItem\",\"position\":1,\"name\":\"Inicio\",\"item\":\"https:\\\/\\\/fuentesfidedignas.com.mx\\\/\"},{\"@type\":\"ListItem\",\"position\":2,\"name\":\"Sin denuncias formales por cuotas, arranca Sinaloa el Ciclo Escolar 2023-2024\"}]},{\"@type\":\"WebSite\",\"@id\":\"https:\\\/\\\/fuentesfidedignas.com.mx\\\/#website\",\"url\":\"https:\\\/\\\/fuentesfidedignas.com.mx\\\/\",\"name\":\"Fuentes Fidedignas\",\"description\":\"Otro sitio realizado con WordPress\",\"publisher\":{\"@id\":\"https:\\\/\\\/fuentesfidedignas.com.mx\\\/#organization\"},\"potentialAction\":[{\"@type\":\"SearchAction\",\"target\":{\"@type\":\"EntryPoint\",\"urlTemplate\":\"https:\\\/\\\/fuentesfidedignas.com.mx\\\/?s={search_term_string}\"},\"query-input\":{\"@type\":\"PropertyValueSpecification\",\"valueRequired\":true,\"valueName\":\"search_term_string\"}}],\"inLanguage\":\"es\"},{\"@type\":\"Organization\",\"@id\":\"https:\\\/\\\/fuentesfidedignas.com.mx\\\/#organization\",\"name\":\"Fuentes Fidedignas\",\"url\":\"https:\\\/\\\/fuentesfidedignas.com.mx\\\/\",\"logo\":{\"@type\":\"ImageObject\",\"inLanguage\":\"es\",\"@id\":\"https:\\\/\\\/fuentesfidedignas.com.mx\\\/#\\\/schema\\\/logo\\\/image\\\/\",\"url\":\"https:\\\/\\\/fuentesfidedignas.com.mx\\\/wp-content\\\/uploads\\\/2021\\\/04\\\/logo-retina.png\",\"contentUrl\":\"https:\\\/\\\/fuentesfidedignas.com.mx\\\/wp-content\\\/uploads\\\/2021\\\/04\\\/logo-retina.png\",\"width\":280,\"height\":51,\"caption\":\"Fuentes Fidedignas\"},\"image\":{\"@id\":\"https:\\\/\\\/fuentesfidedignas.com.mx\\\/#\\\/schema\\\/logo\\\/image\\\/\"},\"sameAs\":[\"https:\\\/\\\/www.facebook.com\\\/Fuentes-Fidedignas-368234489921644\",\"https:\\\/\\\/x.com\\\/fidedignas\"]},{\"@type\":\"Person\",\"@id\":\"https:\\\/\\\/fuentesfidedignas.com.mx\\\/#\\\/schema\\\/person\\\/f9ef4b58e604d94a7e6488115cc40195\",\"name\":\"Judith Su\u00e1rez\",\"image\":{\"@type\":\"ImageObject\",\"inLanguage\":\"es\",\"@id\":\"https:\\\/\\\/secure.gravatar.com\\\/avatar\\\/635dd19e433134ba191ee8b63b75fa6d2880c00c60a86dcd1fd23dd9cdd215e9?s=96&d=mm&r=g\",\"url\":\"https:\\\/\\\/secure.gravatar.com\\\/avatar\\\/635dd19e433134ba191ee8b63b75fa6d2880c00c60a86dcd1fd23dd9cdd215e9?s=96&d=mm&r=g\",\"contentUrl\":\"https:\\\/\\\/secure.gravatar.com\\\/avatar\\\/635dd19e433134ba191ee8b63b75fa6d2880c00c60a86dcd1fd23dd9cdd215e9?s=96&d=mm&r=g\",\"caption\":\"Judith Su\u00e1rez\"},\"url\":\"https:\\\/\\\/fuentesfidedignas.com.mx\\\/index.php\\\/author\\\/judith\\\/\"}]}<\/script>\n<!-- \/ Yoast SEO plugin. -->","yoast_head_json":{"title":"Sin denuncias formales por cuotas, arranca Sinaloa el Ciclo Escolar 2023-2024 - Fuentes Fidedignas","robots":{"index":"index","follow":"follow","max-snippet":"max-snippet:-1","max-image-preview":"max-image-preview:large","max-video-preview":"max-video-preview:-1"},"canonical":"https:\/\/fuentesfidedignas.com.mx\/index.php\/2023\/08\/28\/sin-denuncias-formales-por-libros-arranca-sinaloa-el-ciclo-escolar-2023-2024\/","og_locale":"es_MX","og_type":"article","og_title":"Sin denuncias formales por cuotas, arranca Sinaloa el Ciclo Escolar 2023-2024 - Fuentes Fidedignas","og_description":"Graciela Dom\u00ednguez, secretaria de la SEPyC asegura que no hay denuncias formales por condicionamiento de cuotas escolares SEPyC entregar\u00e1 un mill\u00f3n setecientos mil libros por este regreso a clases Culiac\u00e1n, Sin.- No hay denuncia formal ante el condicionamiento de las cuotas escolares para este regreso a clases, asegur\u00f3 la secretaria de Educaci\u00f3n, Graciela Dom\u00ednguez Nava, [&hellip;]","og_url":"https:\/\/fuentesfidedignas.com.mx\/index.php\/2023\/08\/28\/sin-denuncias-formales-por-libros-arranca-sinaloa-el-ciclo-escolar-2023-2024\/","og_site_name":"Fuentes Fidedignas","article_publisher":"https:\/\/www.facebook.com\/Fuentes-Fidedignas-368234489921644","article_published_time":"2023-08-28T16:28:25+00:00","article_modified_time":"2023-08-28T23:02:51+00:00","og_image":[{"width":1024,"height":768,"url":"https:\/\/fuentesfidedignas.com.mx\/wp-content\/uploads\/2023\/08\/IMG-20230828-WA0014.jpg","type":"image\/jpeg"}],"author":"Judith Su\u00e1rez","twitter_card":"summary_large_image","twitter_creator":"@fidedignas","twitter_site":"@fidedignas","twitter_misc":{"Escrito por":"Judith Su\u00e1rez","Tiempo de lectura":"2 minutos"},"schema":{"@context":"https:\/\/schema.org","@graph":[{"@type":"Article","@id":"https:\/\/fuentesfidedignas.com.mx\/index.php\/2023\/08\/28\/sin-denuncias-formales-por-libros-arranca-sinaloa-el-ciclo-escolar-2023-2024\/#article","isPartOf":{"@id":"https:\/\/fuentesfidedignas.com.mx\/index.php\/2023\/08\/28\/sin-denuncias-formales-por-libros-arranca-sinaloa-el-ciclo-escolar-2023-2024\/"},"author":{"name":"Judith Su\u00e1rez","@id":"https:\/\/fuentesfidedignas.com.mx\/#\/schema\/person\/f9ef4b58e604d94a7e6488115cc40195"},"headline":"Sin denuncias formales por cuotas, arranca Sinaloa el Ciclo Escolar 2023-2024","datePublished":"2023-08-28T16:28:25+00:00","dateModified":"2023-08-28T23:02:51+00:00","mainEntityOfPage":{"@id":"https:\/\/fuentesfidedignas.com.mx\/index.php\/2023\/08\/28\/sin-denuncias-formales-por-libros-arranca-sinaloa-el-ciclo-escolar-2023-2024\/"},"wordCount":193,"commentCount":0,"publisher":{"@id":"https:\/\/fuentesfidedignas.com.mx\/#organization"},"image":{"@id":"https:\/\/fuentesfidedignas.com.mx\/index.php\/2023\/08\/28\/sin-denuncias-formales-por-libros-arranca-sinaloa-el-ciclo-escolar-2023-2024\/#primaryimage"},"thumbnailUrl":"https:\/\/fuentesfidedignas.com.mx\/wp-content\/uploads\/2023\/08\/IMG-20230828-WA0014.jpg","articleSection":["NOTA PRINCIPAL"],"inLanguage":"es","potentialAction":[{"@type":"CommentAction","name":"Comment","target":["https:\/\/fuentesfidedignas.com.mx\/index.php\/2023\/08\/28\/sin-denuncias-formales-por-libros-arranca-sinaloa-el-ciclo-escolar-2023-2024\/#respond"]}]},{"@type":"WebPage","@id":"https:\/\/fuentesfidedignas.com.mx\/index.php\/2023\/08\/28\/sin-denuncias-formales-por-libros-arranca-sinaloa-el-ciclo-escolar-2023-2024\/","url":"https:\/\/fuentesfidedignas.com.mx\/index.php\/2023\/08\/28\/sin-denuncias-formales-por-libros-arranca-sinaloa-el-ciclo-escolar-2023-2024\/","name":"Sin denuncias formales por cuotas, arranca Sinaloa el Ciclo Escolar 2023-2024 - Fuentes Fidedignas","isPartOf":{"@id":"https:\/\/fuentesfidedignas.com.mx\/#website"},"primaryImageOfPage":{"@id":"https:\/\/fuentesfidedignas.com.mx\/index.php\/2023\/08\/28\/sin-denuncias-formales-por-libros-arranca-sinaloa-el-ciclo-escolar-2023-2024\/#primaryimage"},"image":{"@id":"https:\/\/fuentesfidedignas.com.mx\/index.php\/2023\/08\/28\/sin-denuncias-formales-por-libros-arranca-sinaloa-el-ciclo-escolar-2023-2024\/#primaryimage"},"thumbnailUrl":"https:\/\/fuentesfidedignas.com.mx\/wp-content\/uploads\/2023\/08\/IMG-20230828-WA0014.jpg","datePublished":"2023-08-28T16:28:25+00:00","dateModified":"2023-08-28T23:02:51+00:00","breadcrumb":{"@id":"https:\/\/fuentesfidedignas.com.mx\/index.php\/2023\/08\/28\/sin-denuncias-formales-por-libros-arranca-sinaloa-el-ciclo-escolar-2023-2024\/#breadcrumb"},"inLanguage":"es","potentialAction":[{"@type":"ReadAction","target":["https:\/\/fuentesfidedignas.com.mx\/index.php\/2023\/08\/28\/sin-denuncias-formales-por-libros-arranca-sinaloa-el-ciclo-escolar-2023-2024\/"]}]},{"@type":"ImageObject","inLanguage":"es","@id":"https:\/\/fuentesfidedignas.com.mx\/index.php\/2023\/08\/28\/sin-denuncias-formales-por-libros-arranca-sinaloa-el-ciclo-escolar-2023-2024\/#primaryimage","url":"https:\/\/fuentesfidedignas.com.mx\/wp-content\/uploads\/2023\/08\/IMG-20230828-WA0014.jpg","contentUrl":"https:\/\/fuentesfidedignas.com.mx\/wp-content\/uploads\/2023\/08\/IMG-20230828-WA0014.jpg","width":1024,"height":768},{"@type":"BreadcrumbList","@id":"https:\/\/fuentesfidedignas.com.mx\/index.php\/2023\/08\/28\/sin-denuncias-formales-por-libros-arranca-sinaloa-el-ciclo-escolar-2023-2024\/#breadcrumb","itemListElement":[{"@type":"ListItem","position":1,"name":"Inicio","item":"https:\/\/fuentesfidedignas.com.mx\/"},{"@type":"ListItem","position":2,"name":"Sin denuncias formales por cuotas, arranca Sinaloa el Ciclo Escolar 2023-2024"}]},{"@type":"WebSite","@id":"https:\/\/fuentesfidedignas.com.mx\/#website","url":"https:\/\/fuentesfidedignas.com.mx\/","name":"Fuentes Fidedignas","description":"Otro sitio realizado con WordPress","publisher":{"@id":"https:\/\/fuentesfidedignas.com.mx\/#organization"},"potentialAction":[{"@type":"SearchAction","target":{"@type":"EntryPoint","urlTemplate":"https:\/\/fuentesfidedignas.com.mx\/?s={search_term_string}"},"query-input":{"@type":"PropertyValueSpecification","valueRequired":true,"valueName":"search_term_string"}}],"inLanguage":"es"},{"@type":"Organization","@id":"https:\/\/fuentesfidedignas.com.mx\/#organization","name":"Fuentes Fidedignas","url":"https:\/\/fuentesfidedignas.com.mx\/","logo":{"@type":"ImageObject","inLanguage":"es","@id":"https:\/\/fuentesfidedignas.com.mx\/#\/schema\/logo\/image\/","url":"https:\/\/fuentesfidedignas.com.mx\/wp-content\/uploads\/2021\/04\/logo-retina.png","contentUrl":"https:\/\/fuentesfidedignas.com.mx\/wp-content\/uploads\/2021\/04\/logo-retina.png","width":280,"height":51,"caption":"Fuentes Fidedignas"},"image":{"@id":"https:\/\/fuentesfidedignas.com.mx\/#\/schema\/logo\/image\/"},"sameAs":["https:\/\/www.facebook.com\/Fuentes-Fidedignas-368234489921644","https:\/\/x.com\/fidedignas"]},{"@type":"Person","@id":"https:\/\/fuentesfidedignas.com.mx\/#\/schema\/person\/f9ef4b58e604d94a7e6488115cc40195","name":"Judith Su\u00e1rez","image":{"@type":"ImageObject","inLanguage":"es","@id":"https:\/\/secure.gravatar.com\/avatar\/635dd19e433134ba191ee8b63b75fa6d2880c00c60a86dcd1fd23dd9cdd215e9?s=96&d=mm&r=g","url":"https:\/\/secure.gravatar.com\/avatar\/635dd19e433134ba191ee8b63b75fa6d2880c00c60a86dcd1fd23dd9cdd215e9?s=96&d=mm&r=g","contentUrl":"https:\/\/secure.gravatar.com\/avatar\/635dd19e433134ba191ee8b63b75fa6d2880c00c60a86dcd1fd23dd9cdd215e9?s=96&d=mm&r=g","caption":"Judith Su\u00e1rez"},"url":"https:\/\/fuentesfidedignas.com.mx\/index.php\/author\/judith\/"}]}},"_links":{"self":[{"href":"https:\/\/fuentesfidedignas.com.mx\/index.php\/wp-json\/wp\/v2\/posts\/56899","targetHints":{"allow":["GET"]}}],"collection":[{"href":"https:\/\/fuentesfidedignas.com.mx\/index.php\/wp-json\/wp\/v2\/posts"}],"about":[{"href":"https:\/\/fuentesfidedignas.com.mx\/index.php\/wp-json\/wp\/v2\/types\/post"}],"author":[{"embeddable":true,"href":"https:\/\/fuentesfidedignas.com.mx\/index.php\/wp-json\/wp\/v2\/users\/119"}],"replies":[{"embeddable":true,"href":"https:\/\/fuentesfidedignas.com.mx\/index.php\/wp-json\/wp\/v2\/comments?post=56899"}],"version-history":[{"count":6,"href":"https:\/\/fuentesfidedignas.com.mx\/index.php\/wp-json\/wp\/v2\/posts\/56899\/revisions"}],"predecessor-version":[{"id":56965,"href":"https:\/\/fuentesfidedignas.com.mx\/index.php\/wp-json\/wp\/v2\/posts\/56899\/revisions\/56965"}],"wp:featuredmedia":[{"embeddable":true,"href":"https:\/\/fuentesfidedignas.com.mx\/index.php\/wp-json\/wp\/v2\/media\/56910"}],"wp:attachment":[{"href":"https:\/\/fuentesfidedignas.com.mx\/index.php\/wp-json\/wp\/v2\/media?parent=56899"}],"wp:term":[{"taxonomy":"category","embeddable":true,"href":"https:\/\/fuentesfidedignas.com.mx\/index.php\/wp-json\/wp\/v2\/categories?post=56899"},{"taxonomy":"post_tag","embeddable":true,"href":"https:\/\/fuentesfidedignas.com.mx\/index.php\/wp-json\/wp\/v2\/tags?post=56899"}],"curies":[{"name":"wp","href":"https:\/\/api.w.org\/{rel}","templated":true}]}}