{"id":56825,"date":"2023-08-27T10:00:31","date_gmt":"2023-08-27T17:00:31","guid":{"rendered":"https:\/\/fuentesfidedignas.com.mx\/?p=56825"},"modified":"2023-08-27T12:37:07","modified_gmt":"2023-08-27T19:37:07","slug":"realiza-el-pri-con-exito-la-segunda-carrera-red-12-y-6-km-con-motivo-del-dia-de-la-juventud","status":"publish","type":"post","link":"https:\/\/fuentesfidedignas.com.mx\/index.php\/2023\/08\/27\/realiza-el-pri-con-exito-la-segunda-carrera-red-12-y-6-km-con-motivo-del-dia-de-la-juventud\/","title":{"rendered":"Realiza el PRI con \u00e9xito la segunda Carrera RED, 12 y 6 k con motivo del &#8220;D\u00eda de la Juventud&#8221;"},"content":{"rendered":"\n<p><strong><em>Aproximadamente 750 j\u00f3venes fueron los que se anotaron en la convocatoria <\/em><\/strong><\/p>\n\n\n\n<p>Culiac\u00e1n, Sin. Con una gran participaci\u00f3n de aproximadamente 750 j\u00f3venes se llev\u00f3 a cabo hoy domingo 27 de agosto la segunda Carrera RED, 12 y 6 K, con motivo del \u201cD\u00eda de la Juventud\u201d.<\/p>\n\n\n\n<p>La cita estuvo pactada a las 6:00 horas en el Comit\u00e9 Directivo Estatal del Partido Revolucionario Institucional (PRI), donde hubo dos modalidades, una carrera de 6 kil\u00f3metros y otra de 12 kil\u00f3metros.<\/p>\n\n\n\n<p>Al ser entrevistada previo a la carrera, la presidenta estatal del PRI, Paola G\u00e1rate Valenzuela mencion\u00f3 que la convocatoria tuvo una muy buena respuesta y gracias tambi\u00e9n al trabajo de Freddy Caballero, dirigente de la Red de J\u00f3venes por M\u00e9xico en Sinaloa.<\/p>\n\n\n\n<p>Tambi\u00e9n deseo j\u00f3venes que se anotaron en la convocatoria que disfrutaran la carrera, que convivieran y sobre todo que se divirtieran.<\/p>\n\n\n\n<p>&#8220;Les deseo a los j\u00f3venes que sea una carrera divertida, amena y aqu\u00ed los vamos a recibir para los premios. La convocatoria fue buen\u00edsima, estoy muy contenta de que sea la segunda carreta Red que organiza Freddy Caballero, quien organiza a los j\u00f3venes y muy concurrida&#8221;, dijo.<\/p>\n\n\n\n<p>Cabe destacar que en el evento estuvieron colaborando Tr\u00e1nsito, Seguridad P\u00fablica, Cruz Roja y Protecci\u00f3n Civil para evitar que ocurra alg\u00fan incidente o accidente al momento del<br>evento.<\/p>\n\n\n\n<p><\/p>\n\n\n\n<figure class=\"wp-block-gallery has-nested-images columns-default is-cropped wp-block-gallery-1 is-layout-flex wp-block-gallery-is-layout-flex\">\n<figure class=\"wp-block-image size-large\"><img decoding=\"async\" width=\"1024\" height=\"768\" data-id=\"56829\" src=\"https:\/\/fuentesfidedignas.com.mx\/wp-content\/uploads\/2023\/08\/1000155785.jpg\" alt=\"\" class=\"wp-image-56829\" srcset=\"https:\/\/fuentesfidedignas.com.mx\/wp-content\/uploads\/2023\/08\/1000155785.jpg 1024w, https:\/\/fuentesfidedignas.com.mx\/wp-content\/uploads\/2023\/08\/1000155785-300x225.jpg 300w, https:\/\/fuentesfidedignas.com.mx\/wp-content\/uploads\/2023\/08\/1000155785-768x576.jpg 768w\" sizes=\"(max-width: 1024px) 100vw, 1024px\" \/><\/figure>\n\n\n\n<figure class=\"wp-block-image size-large\"><img decoding=\"async\" width=\"1024\" height=\"768\" data-id=\"56832\" src=\"https:\/\/fuentesfidedignas.com.mx\/wp-content\/uploads\/2023\/08\/1000155851.jpg\" alt=\"\" class=\"wp-image-56832\" srcset=\"https:\/\/fuentesfidedignas.com.mx\/wp-content\/uploads\/2023\/08\/1000155851.jpg 1024w, https:\/\/fuentesfidedignas.com.mx\/wp-content\/uploads\/2023\/08\/1000155851-300x225.jpg 300w, https:\/\/fuentesfidedignas.com.mx\/wp-content\/uploads\/2023\/08\/1000155851-768x576.jpg 768w\" sizes=\"(max-width: 1024px) 100vw, 1024px\" \/><\/figure>\n\n\n\n<figure class=\"wp-block-image size-large\"><img decoding=\"async\" width=\"1024\" height=\"768\" data-id=\"56830\" src=\"https:\/\/fuentesfidedignas.com.mx\/wp-content\/uploads\/2023\/08\/1000155791.jpg\" alt=\"\" class=\"wp-image-56830\" srcset=\"https:\/\/fuentesfidedignas.com.mx\/wp-content\/uploads\/2023\/08\/1000155791.jpg 1024w, https:\/\/fuentesfidedignas.com.mx\/wp-content\/uploads\/2023\/08\/1000155791-300x225.jpg 300w, https:\/\/fuentesfidedignas.com.mx\/wp-content\/uploads\/2023\/08\/1000155791-768x576.jpg 768w\" sizes=\"(max-width: 1024px) 100vw, 1024px\" \/><\/figure>\n\n\n\n<figure class=\"wp-block-image size-large\"><img decoding=\"async\" width=\"1024\" height=\"768\" data-id=\"56831\" src=\"https:\/\/fuentesfidedignas.com.mx\/wp-content\/uploads\/2023\/08\/1000155806.jpg\" alt=\"\" class=\"wp-image-56831\" srcset=\"https:\/\/fuentesfidedignas.com.mx\/wp-content\/uploads\/2023\/08\/1000155806.jpg 1024w, https:\/\/fuentesfidedignas.com.mx\/wp-content\/uploads\/2023\/08\/1000155806-300x225.jpg 300w, https:\/\/fuentesfidedignas.com.mx\/wp-content\/uploads\/2023\/08\/1000155806-768x576.jpg 768w\" sizes=\"(max-width: 1024px) 100vw, 1024px\" \/><\/figure>\n\n\n\n<figure class=\"wp-block-image size-large\"><img decoding=\"async\" width=\"1024\" height=\"768\" data-id=\"56833\" src=\"https:\/\/fuentesfidedignas.com.mx\/wp-content\/uploads\/2023\/08\/1000155803.jpg\" alt=\"\" class=\"wp-image-56833\" srcset=\"https:\/\/fuentesfidedignas.com.mx\/wp-content\/uploads\/2023\/08\/1000155803.jpg 1024w, https:\/\/fuentesfidedignas.com.mx\/wp-content\/uploads\/2023\/08\/1000155803-300x225.jpg 300w, https:\/\/fuentesfidedignas.com.mx\/wp-content\/uploads\/2023\/08\/1000155803-768x576.jpg 768w\" sizes=\"(max-width: 1024px) 100vw, 1024px\" \/><\/figure>\n\n\n\n<figure class=\"wp-block-image size-large\"><img decoding=\"async\" width=\"1024\" height=\"768\" data-id=\"56834\" src=\"https:\/\/fuentesfidedignas.com.mx\/wp-content\/uploads\/2023\/08\/1000155788.jpg\" alt=\"\" class=\"wp-image-56834\" srcset=\"https:\/\/fuentesfidedignas.com.mx\/wp-content\/uploads\/2023\/08\/1000155788.jpg 1024w, https:\/\/fuentesfidedignas.com.mx\/wp-content\/uploads\/2023\/08\/1000155788-300x225.jpg 300w, https:\/\/fuentesfidedignas.com.mx\/wp-content\/uploads\/2023\/08\/1000155788-768x576.jpg 768w\" sizes=\"(max-width: 1024px) 100vw, 1024px\" \/><\/figure>\n<\/figure>\n\n\n\n<figure class=\"wp-block-image size-large\"><img decoding=\"async\" width=\"1024\" height=\"768\" src=\"https:\/\/fuentesfidedignas.com.mx\/wp-content\/uploads\/2023\/08\/1000155861.jpg\" alt=\"\" class=\"wp-image-56828\" srcset=\"https:\/\/fuentesfidedignas.com.mx\/wp-content\/uploads\/2023\/08\/1000155861.jpg 1024w, https:\/\/fuentesfidedignas.com.mx\/wp-content\/uploads\/2023\/08\/1000155861-300x225.jpg 300w, https:\/\/fuentesfidedignas.com.mx\/wp-content\/uploads\/2023\/08\/1000155861-768x576.jpg 768w\" sizes=\"(max-width: 1024px) 100vw, 1024px\" \/><\/figure>\n\n\n\n<iframe loading=\"lazy\" src=\"https:\/\/www.facebook.com\/plugins\/post.php?href=https%3A%2F%2Fwww.facebook.com%2Fpermalink.php%3Fstory_fbid%3Dpfbid02BYnYRhZgsfnoaYr3fQMwbB6LtMfYnjedY3dRG3d2Wwiz8ouk7DRJVFrQm4gZ45WFl%26id%3D100085113266662&#038;show_text=true&#038;width=500\" width=\"500\" height=\"703\" style=\"border:none;overflow:hidden\" scrolling=\"no\" frameborder=\"0\" allowfullscreen=\"true\" allow=\"autoplay; clipboard-write; encrypted-media; picture-in-picture; web-share\"><\/iframe>\n","protected":false},"excerpt":{"rendered":"<p>Aproximadamente 750 j\u00f3venes fueron los que se anotaron en la convocatoria Culiac\u00e1n, Sin. Con una gran participaci\u00f3n de aproximadamente 750 j\u00f3venes se llev\u00f3 a cabo hoy domingo 27 de agosto la segunda Carrera RED, 12 y 6 K, con motivo del \u201cD\u00eda de la Juventud\u201d. La cita estuvo pactada a las 6:00 horas en el [&hellip;]<\/p>\n","protected":false},"author":112,"featured_media":56831,"comment_status":"open","ping_status":"open","sticky":false,"template":"","format":"standard","meta":{"tdm_status":"","tdm_grid_status":"","footnotes":""},"categories":[38],"tags":[],"class_list":{"0":"post-56825","1":"post","2":"type-post","3":"status-publish","4":"format-standard","5":"has-post-thumbnail","7":"category-noticias-locales"},"yoast_head":"<!-- This site is optimized with the Yoast SEO plugin v27.4 - https:\/\/yoast.com\/product\/yoast-seo-wordpress\/ -->\n<title>Realiza el PRI con \u00e9xito la segunda Carrera RED, 12 y 6 k con motivo del &quot;D\u00eda de la Juventud&quot; - Fuentes Fidedignas<\/title>\n<meta name=\"robots\" content=\"index, follow, max-snippet:-1, max-image-preview:large, max-video-preview:-1\" \/>\n<link rel=\"canonical\" href=\"https:\/\/fuentesfidedignas.com.mx\/index.php\/2023\/08\/27\/realiza-el-pri-con-exito-la-segunda-carrera-red-12-y-6-km-con-motivo-del-dia-de-la-juventud\/\" \/>\n<meta property=\"og:locale\" content=\"es_MX\" \/>\n<meta property=\"og:type\" content=\"article\" \/>\n<meta property=\"og:title\" content=\"Realiza el PRI con \u00e9xito la segunda Carrera RED, 12 y 6 k con motivo del &quot;D\u00eda de la Juventud&quot; - Fuentes Fidedignas\" \/>\n<meta property=\"og:description\" content=\"Aproximadamente 750 j\u00f3venes fueron los que se anotaron en la convocatoria Culiac\u00e1n, Sin. Con una gran participaci\u00f3n de aproximadamente 750 j\u00f3venes se llev\u00f3 a cabo hoy domingo 27 de agosto la segunda Carrera RED, 12 y 6 K, con motivo del \u201cD\u00eda de la Juventud\u201d. La cita estuvo pactada a las 6:00 horas en el [&hellip;]\" \/>\n<meta property=\"og:url\" content=\"https:\/\/fuentesfidedignas.com.mx\/index.php\/2023\/08\/27\/realiza-el-pri-con-exito-la-segunda-carrera-red-12-y-6-km-con-motivo-del-dia-de-la-juventud\/\" \/>\n<meta property=\"og:site_name\" content=\"Fuentes Fidedignas\" \/>\n<meta property=\"article:publisher\" content=\"https:\/\/www.facebook.com\/Fuentes-Fidedignas-368234489921644\" \/>\n<meta property=\"article:published_time\" content=\"2023-08-27T17:00:31+00:00\" \/>\n<meta property=\"article:modified_time\" content=\"2023-08-27T19:37:07+00:00\" \/>\n<meta property=\"og:image\" content=\"https:\/\/fuentesfidedignas.com.mx\/wp-content\/uploads\/2023\/08\/1000155806.jpg\" \/>\n\t<meta property=\"og:image:width\" content=\"1024\" \/>\n\t<meta property=\"og:image:height\" content=\"768\" \/>\n\t<meta property=\"og:image:type\" content=\"image\/jpeg\" \/>\n<meta name=\"author\" content=\"Leonardo Gutierrez\" \/>\n<meta name=\"twitter:card\" content=\"summary_large_image\" \/>\n<meta name=\"twitter:creator\" content=\"@fidedignas\" \/>\n<meta name=\"twitter:site\" content=\"@fidedignas\" \/>\n<meta name=\"twitter:label1\" content=\"Escrito por\" \/>\n\t<meta name=\"twitter:data1\" content=\"Leonardo Gutierrez\" \/>\n\t<meta name=\"twitter:label2\" content=\"Tiempo de lectura\" \/>\n\t<meta name=\"twitter:data2\" content=\"3 minutos\" \/>\n<script type=\"application\/ld+json\" class=\"yoast-schema-graph\">{\"@context\":\"https:\\\/\\\/schema.org\",\"@graph\":[{\"@type\":\"Article\",\"@id\":\"https:\\\/\\\/fuentesfidedignas.com.mx\\\/index.php\\\/2023\\\/08\\\/27\\\/realiza-el-pri-con-exito-la-segunda-carrera-red-12-y-6-km-con-motivo-del-dia-de-la-juventud\\\/#article\",\"isPartOf\":{\"@id\":\"https:\\\/\\\/fuentesfidedignas.com.mx\\\/index.php\\\/2023\\\/08\\\/27\\\/realiza-el-pri-con-exito-la-segunda-carrera-red-12-y-6-km-con-motivo-del-dia-de-la-juventud\\\/\"},\"author\":{\"name\":\"Leonardo Gutierrez\",\"@id\":\"https:\\\/\\\/fuentesfidedignas.com.mx\\\/#\\\/schema\\\/person\\\/c77df25c00baae1d4fdc0340db6f364c\"},\"headline\":\"Realiza el PRI con \u00e9xito la segunda Carrera RED, 12 y 6 k con motivo del &#8220;D\u00eda de la Juventud&#8221;\",\"datePublished\":\"2023-08-27T17:00:31+00:00\",\"dateModified\":\"2023-08-27T19:37:07+00:00\",\"mainEntityOfPage\":{\"@id\":\"https:\\\/\\\/fuentesfidedignas.com.mx\\\/index.php\\\/2023\\\/08\\\/27\\\/realiza-el-pri-con-exito-la-segunda-carrera-red-12-y-6-km-con-motivo-del-dia-de-la-juventud\\\/\"},\"wordCount\":245,\"commentCount\":0,\"publisher\":{\"@id\":\"https:\\\/\\\/fuentesfidedignas.com.mx\\\/#organization\"},\"image\":{\"@id\":\"https:\\\/\\\/fuentesfidedignas.com.mx\\\/index.php\\\/2023\\\/08\\\/27\\\/realiza-el-pri-con-exito-la-segunda-carrera-red-12-y-6-km-con-motivo-del-dia-de-la-juventud\\\/#primaryimage\"},\"thumbnailUrl\":\"https:\\\/\\\/fuentesfidedignas.com.mx\\\/wp-content\\\/uploads\\\/2023\\\/08\\\/1000155806.jpg\",\"articleSection\":[\"NOTICIAS LOCALES\"],\"inLanguage\":\"es\",\"potentialAction\":[{\"@type\":\"CommentAction\",\"name\":\"Comment\",\"target\":[\"https:\\\/\\\/fuentesfidedignas.com.mx\\\/index.php\\\/2023\\\/08\\\/27\\\/realiza-el-pri-con-exito-la-segunda-carrera-red-12-y-6-km-con-motivo-del-dia-de-la-juventud\\\/#respond\"]}]},{\"@type\":\"WebPage\",\"@id\":\"https:\\\/\\\/fuentesfidedignas.com.mx\\\/index.php\\\/2023\\\/08\\\/27\\\/realiza-el-pri-con-exito-la-segunda-carrera-red-12-y-6-km-con-motivo-del-dia-de-la-juventud\\\/\",\"url\":\"https:\\\/\\\/fuentesfidedignas.com.mx\\\/index.php\\\/2023\\\/08\\\/27\\\/realiza-el-pri-con-exito-la-segunda-carrera-red-12-y-6-km-con-motivo-del-dia-de-la-juventud\\\/\",\"name\":\"Realiza el PRI con \u00e9xito la segunda Carrera RED, 12 y 6 k con motivo del \\\"D\u00eda de la Juventud\\\" - Fuentes Fidedignas\",\"isPartOf\":{\"@id\":\"https:\\\/\\\/fuentesfidedignas.com.mx\\\/#website\"},\"primaryImageOfPage\":{\"@id\":\"https:\\\/\\\/fuentesfidedignas.com.mx\\\/index.php\\\/2023\\\/08\\\/27\\\/realiza-el-pri-con-exito-la-segunda-carrera-red-12-y-6-km-con-motivo-del-dia-de-la-juventud\\\/#primaryimage\"},\"image\":{\"@id\":\"https:\\\/\\\/fuentesfidedignas.com.mx\\\/index.php\\\/2023\\\/08\\\/27\\\/realiza-el-pri-con-exito-la-segunda-carrera-red-12-y-6-km-con-motivo-del-dia-de-la-juventud\\\/#primaryimage\"},\"thumbnailUrl\":\"https:\\\/\\\/fuentesfidedignas.com.mx\\\/wp-content\\\/uploads\\\/2023\\\/08\\\/1000155806.jpg\",\"datePublished\":\"2023-08-27T17:00:31+00:00\",\"dateModified\":\"2023-08-27T19:37:07+00:00\",\"breadcrumb\":{\"@id\":\"https:\\\/\\\/fuentesfidedignas.com.mx\\\/index.php\\\/2023\\\/08\\\/27\\\/realiza-el-pri-con-exito-la-segunda-carrera-red-12-y-6-km-con-motivo-del-dia-de-la-juventud\\\/#breadcrumb\"},\"inLanguage\":\"es\",\"potentialAction\":[{\"@type\":\"ReadAction\",\"target\":[\"https:\\\/\\\/fuentesfidedignas.com.mx\\\/index.php\\\/2023\\\/08\\\/27\\\/realiza-el-pri-con-exito-la-segunda-carrera-red-12-y-6-km-con-motivo-del-dia-de-la-juventud\\\/\"]}]},{\"@type\":\"ImageObject\",\"inLanguage\":\"es\",\"@id\":\"https:\\\/\\\/fuentesfidedignas.com.mx\\\/index.php\\\/2023\\\/08\\\/27\\\/realiza-el-pri-con-exito-la-segunda-carrera-red-12-y-6-km-con-motivo-del-dia-de-la-juventud\\\/#primaryimage\",\"url\":\"https:\\\/\\\/fuentesfidedignas.com.mx\\\/wp-content\\\/uploads\\\/2023\\\/08\\\/1000155806.jpg\",\"contentUrl\":\"https:\\\/\\\/fuentesfidedignas.com.mx\\\/wp-content\\\/uploads\\\/2023\\\/08\\\/1000155806.jpg\",\"width\":1024,\"height\":768},{\"@type\":\"BreadcrumbList\",\"@id\":\"https:\\\/\\\/fuentesfidedignas.com.mx\\\/index.php\\\/2023\\\/08\\\/27\\\/realiza-el-pri-con-exito-la-segunda-carrera-red-12-y-6-km-con-motivo-del-dia-de-la-juventud\\\/#breadcrumb\",\"itemListElement\":[{\"@type\":\"ListItem\",\"position\":1,\"name\":\"Inicio\",\"item\":\"https:\\\/\\\/fuentesfidedignas.com.mx\\\/\"},{\"@type\":\"ListItem\",\"position\":2,\"name\":\"Realiza el PRI con \u00e9xito la segunda Carrera RED, 12 y 6 k con motivo del &#8220;D\u00eda de la Juventud&#8221;\"}]},{\"@type\":\"WebSite\",\"@id\":\"https:\\\/\\\/fuentesfidedignas.com.mx\\\/#website\",\"url\":\"https:\\\/\\\/fuentesfidedignas.com.mx\\\/\",\"name\":\"Fuentes Fidedignas\",\"description\":\"Otro sitio realizado con WordPress\",\"publisher\":{\"@id\":\"https:\\\/\\\/fuentesfidedignas.com.mx\\\/#organization\"},\"potentialAction\":[{\"@type\":\"SearchAction\",\"target\":{\"@type\":\"EntryPoint\",\"urlTemplate\":\"https:\\\/\\\/fuentesfidedignas.com.mx\\\/?s={search_term_string}\"},\"query-input\":{\"@type\":\"PropertyValueSpecification\",\"valueRequired\":true,\"valueName\":\"search_term_string\"}}],\"inLanguage\":\"es\"},{\"@type\":\"Organization\",\"@id\":\"https:\\\/\\\/fuentesfidedignas.com.mx\\\/#organization\",\"name\":\"Fuentes Fidedignas\",\"url\":\"https:\\\/\\\/fuentesfidedignas.com.mx\\\/\",\"logo\":{\"@type\":\"ImageObject\",\"inLanguage\":\"es\",\"@id\":\"https:\\\/\\\/fuentesfidedignas.com.mx\\\/#\\\/schema\\\/logo\\\/image\\\/\",\"url\":\"https:\\\/\\\/fuentesfidedignas.com.mx\\\/wp-content\\\/uploads\\\/2021\\\/04\\\/logo-retina.png\",\"contentUrl\":\"https:\\\/\\\/fuentesfidedignas.com.mx\\\/wp-content\\\/uploads\\\/2021\\\/04\\\/logo-retina.png\",\"width\":280,\"height\":51,\"caption\":\"Fuentes Fidedignas\"},\"image\":{\"@id\":\"https:\\\/\\\/fuentesfidedignas.com.mx\\\/#\\\/schema\\\/logo\\\/image\\\/\"},\"sameAs\":[\"https:\\\/\\\/www.facebook.com\\\/Fuentes-Fidedignas-368234489921644\",\"https:\\\/\\\/x.com\\\/fidedignas\"]},{\"@type\":\"Person\",\"@id\":\"https:\\\/\\\/fuentesfidedignas.com.mx\\\/#\\\/schema\\\/person\\\/c77df25c00baae1d4fdc0340db6f364c\",\"name\":\"Leonardo Gutierrez\",\"image\":{\"@type\":\"ImageObject\",\"inLanguage\":\"es\",\"@id\":\"https:\\\/\\\/secure.gravatar.com\\\/avatar\\\/17b13a7a986cc98ca4d7337340bcac5945cbae677961c354aefb3c7962c8cc1f?s=96&d=mm&r=g\",\"url\":\"https:\\\/\\\/secure.gravatar.com\\\/avatar\\\/17b13a7a986cc98ca4d7337340bcac5945cbae677961c354aefb3c7962c8cc1f?s=96&d=mm&r=g\",\"contentUrl\":\"https:\\\/\\\/secure.gravatar.com\\\/avatar\\\/17b13a7a986cc98ca4d7337340bcac5945cbae677961c354aefb3c7962c8cc1f?s=96&d=mm&r=g\",\"caption\":\"Leonardo Gutierrez\"},\"url\":\"https:\\\/\\\/fuentesfidedignas.com.mx\\\/index.php\\\/author\\\/leonardogut\\\/\"}]}<\/script>\n<!-- \/ Yoast SEO plugin. -->","yoast_head_json":{"title":"Realiza el PRI con \u00e9xito la segunda Carrera RED, 12 y 6 k con motivo del \"D\u00eda de la Juventud\" - Fuentes Fidedignas","robots":{"index":"index","follow":"follow","max-snippet":"max-snippet:-1","max-image-preview":"max-image-preview:large","max-video-preview":"max-video-preview:-1"},"canonical":"https:\/\/fuentesfidedignas.com.mx\/index.php\/2023\/08\/27\/realiza-el-pri-con-exito-la-segunda-carrera-red-12-y-6-km-con-motivo-del-dia-de-la-juventud\/","og_locale":"es_MX","og_type":"article","og_title":"Realiza el PRI con \u00e9xito la segunda Carrera RED, 12 y 6 k con motivo del \"D\u00eda de la Juventud\" - Fuentes Fidedignas","og_description":"Aproximadamente 750 j\u00f3venes fueron los que se anotaron en la convocatoria Culiac\u00e1n, Sin. Con una gran participaci\u00f3n de aproximadamente 750 j\u00f3venes se llev\u00f3 a cabo hoy domingo 27 de agosto la segunda Carrera RED, 12 y 6 K, con motivo del \u201cD\u00eda de la Juventud\u201d. La cita estuvo pactada a las 6:00 horas en el [&hellip;]","og_url":"https:\/\/fuentesfidedignas.com.mx\/index.php\/2023\/08\/27\/realiza-el-pri-con-exito-la-segunda-carrera-red-12-y-6-km-con-motivo-del-dia-de-la-juventud\/","og_site_name":"Fuentes Fidedignas","article_publisher":"https:\/\/www.facebook.com\/Fuentes-Fidedignas-368234489921644","article_published_time":"2023-08-27T17:00:31+00:00","article_modified_time":"2023-08-27T19:37:07+00:00","og_image":[{"width":1024,"height":768,"url":"https:\/\/fuentesfidedignas.com.mx\/wp-content\/uploads\/2023\/08\/1000155806.jpg","type":"image\/jpeg"}],"author":"Leonardo Gutierrez","twitter_card":"summary_large_image","twitter_creator":"@fidedignas","twitter_site":"@fidedignas","twitter_misc":{"Escrito por":"Leonardo Gutierrez","Tiempo de lectura":"3 minutos"},"schema":{"@context":"https:\/\/schema.org","@graph":[{"@type":"Article","@id":"https:\/\/fuentesfidedignas.com.mx\/index.php\/2023\/08\/27\/realiza-el-pri-con-exito-la-segunda-carrera-red-12-y-6-km-con-motivo-del-dia-de-la-juventud\/#article","isPartOf":{"@id":"https:\/\/fuentesfidedignas.com.mx\/index.php\/2023\/08\/27\/realiza-el-pri-con-exito-la-segunda-carrera-red-12-y-6-km-con-motivo-del-dia-de-la-juventud\/"},"author":{"name":"Leonardo Gutierrez","@id":"https:\/\/fuentesfidedignas.com.mx\/#\/schema\/person\/c77df25c00baae1d4fdc0340db6f364c"},"headline":"Realiza el PRI con \u00e9xito la segunda Carrera RED, 12 y 6 k con motivo del &#8220;D\u00eda de la Juventud&#8221;","datePublished":"2023-08-27T17:00:31+00:00","dateModified":"2023-08-27T19:37:07+00:00","mainEntityOfPage":{"@id":"https:\/\/fuentesfidedignas.com.mx\/index.php\/2023\/08\/27\/realiza-el-pri-con-exito-la-segunda-carrera-red-12-y-6-km-con-motivo-del-dia-de-la-juventud\/"},"wordCount":245,"commentCount":0,"publisher":{"@id":"https:\/\/fuentesfidedignas.com.mx\/#organization"},"image":{"@id":"https:\/\/fuentesfidedignas.com.mx\/index.php\/2023\/08\/27\/realiza-el-pri-con-exito-la-segunda-carrera-red-12-y-6-km-con-motivo-del-dia-de-la-juventud\/#primaryimage"},"thumbnailUrl":"https:\/\/fuentesfidedignas.com.mx\/wp-content\/uploads\/2023\/08\/1000155806.jpg","articleSection":["NOTICIAS LOCALES"],"inLanguage":"es","potentialAction":[{"@type":"CommentAction","name":"Comment","target":["https:\/\/fuentesfidedignas.com.mx\/index.php\/2023\/08\/27\/realiza-el-pri-con-exito-la-segunda-carrera-red-12-y-6-km-con-motivo-del-dia-de-la-juventud\/#respond"]}]},{"@type":"WebPage","@id":"https:\/\/fuentesfidedignas.com.mx\/index.php\/2023\/08\/27\/realiza-el-pri-con-exito-la-segunda-carrera-red-12-y-6-km-con-motivo-del-dia-de-la-juventud\/","url":"https:\/\/fuentesfidedignas.com.mx\/index.php\/2023\/08\/27\/realiza-el-pri-con-exito-la-segunda-carrera-red-12-y-6-km-con-motivo-del-dia-de-la-juventud\/","name":"Realiza el PRI con \u00e9xito la segunda Carrera RED, 12 y 6 k con motivo del \"D\u00eda de la Juventud\" - Fuentes Fidedignas","isPartOf":{"@id":"https:\/\/fuentesfidedignas.com.mx\/#website"},"primaryImageOfPage":{"@id":"https:\/\/fuentesfidedignas.com.mx\/index.php\/2023\/08\/27\/realiza-el-pri-con-exito-la-segunda-carrera-red-12-y-6-km-con-motivo-del-dia-de-la-juventud\/#primaryimage"},"image":{"@id":"https:\/\/fuentesfidedignas.com.mx\/index.php\/2023\/08\/27\/realiza-el-pri-con-exito-la-segunda-carrera-red-12-y-6-km-con-motivo-del-dia-de-la-juventud\/#primaryimage"},"thumbnailUrl":"https:\/\/fuentesfidedignas.com.mx\/wp-content\/uploads\/2023\/08\/1000155806.jpg","datePublished":"2023-08-27T17:00:31+00:00","dateModified":"2023-08-27T19:37:07+00:00","breadcrumb":{"@id":"https:\/\/fuentesfidedignas.com.mx\/index.php\/2023\/08\/27\/realiza-el-pri-con-exito-la-segunda-carrera-red-12-y-6-km-con-motivo-del-dia-de-la-juventud\/#breadcrumb"},"inLanguage":"es","potentialAction":[{"@type":"ReadAction","target":["https:\/\/fuentesfidedignas.com.mx\/index.php\/2023\/08\/27\/realiza-el-pri-con-exito-la-segunda-carrera-red-12-y-6-km-con-motivo-del-dia-de-la-juventud\/"]}]},{"@type":"ImageObject","inLanguage":"es","@id":"https:\/\/fuentesfidedignas.com.mx\/index.php\/2023\/08\/27\/realiza-el-pri-con-exito-la-segunda-carrera-red-12-y-6-km-con-motivo-del-dia-de-la-juventud\/#primaryimage","url":"https:\/\/fuentesfidedignas.com.mx\/wp-content\/uploads\/2023\/08\/1000155806.jpg","contentUrl":"https:\/\/fuentesfidedignas.com.mx\/wp-content\/uploads\/2023\/08\/1000155806.jpg","width":1024,"height":768},{"@type":"BreadcrumbList","@id":"https:\/\/fuentesfidedignas.com.mx\/index.php\/2023\/08\/27\/realiza-el-pri-con-exito-la-segunda-carrera-red-12-y-6-km-con-motivo-del-dia-de-la-juventud\/#breadcrumb","itemListElement":[{"@type":"ListItem","position":1,"name":"Inicio","item":"https:\/\/fuentesfidedignas.com.mx\/"},{"@type":"ListItem","position":2,"name":"Realiza el PRI con \u00e9xito la segunda Carrera RED, 12 y 6 k con motivo del &#8220;D\u00eda de la Juventud&#8221;"}]},{"@type":"WebSite","@id":"https:\/\/fuentesfidedignas.com.mx\/#website","url":"https:\/\/fuentesfidedignas.com.mx\/","name":"Fuentes Fidedignas","description":"Otro sitio realizado con WordPress","publisher":{"@id":"https:\/\/fuentesfidedignas.com.mx\/#organization"},"potentialAction":[{"@type":"SearchAction","target":{"@type":"EntryPoint","urlTemplate":"https:\/\/fuentesfidedignas.com.mx\/?s={search_term_string}"},"query-input":{"@type":"PropertyValueSpecification","valueRequired":true,"valueName":"search_term_string"}}],"inLanguage":"es"},{"@type":"Organization","@id":"https:\/\/fuentesfidedignas.com.mx\/#organization","name":"Fuentes Fidedignas","url":"https:\/\/fuentesfidedignas.com.mx\/","logo":{"@type":"ImageObject","inLanguage":"es","@id":"https:\/\/fuentesfidedignas.com.mx\/#\/schema\/logo\/image\/","url":"https:\/\/fuentesfidedignas.com.mx\/wp-content\/uploads\/2021\/04\/logo-retina.png","contentUrl":"https:\/\/fuentesfidedignas.com.mx\/wp-content\/uploads\/2021\/04\/logo-retina.png","width":280,"height":51,"caption":"Fuentes Fidedignas"},"image":{"@id":"https:\/\/fuentesfidedignas.com.mx\/#\/schema\/logo\/image\/"},"sameAs":["https:\/\/www.facebook.com\/Fuentes-Fidedignas-368234489921644","https:\/\/x.com\/fidedignas"]},{"@type":"Person","@id":"https:\/\/fuentesfidedignas.com.mx\/#\/schema\/person\/c77df25c00baae1d4fdc0340db6f364c","name":"Leonardo Gutierrez","image":{"@type":"ImageObject","inLanguage":"es","@id":"https:\/\/secure.gravatar.com\/avatar\/17b13a7a986cc98ca4d7337340bcac5945cbae677961c354aefb3c7962c8cc1f?s=96&d=mm&r=g","url":"https:\/\/secure.gravatar.com\/avatar\/17b13a7a986cc98ca4d7337340bcac5945cbae677961c354aefb3c7962c8cc1f?s=96&d=mm&r=g","contentUrl":"https:\/\/secure.gravatar.com\/avatar\/17b13a7a986cc98ca4d7337340bcac5945cbae677961c354aefb3c7962c8cc1f?s=96&d=mm&r=g","caption":"Leonardo Gutierrez"},"url":"https:\/\/fuentesfidedignas.com.mx\/index.php\/author\/leonardogut\/"}]}},"_links":{"self":[{"href":"https:\/\/fuentesfidedignas.com.mx\/index.php\/wp-json\/wp\/v2\/posts\/56825","targetHints":{"allow":["GET"]}}],"collection":[{"href":"https:\/\/fuentesfidedignas.com.mx\/index.php\/wp-json\/wp\/v2\/posts"}],"about":[{"href":"https:\/\/fuentesfidedignas.com.mx\/index.php\/wp-json\/wp\/v2\/types\/post"}],"author":[{"embeddable":true,"href":"https:\/\/fuentesfidedignas.com.mx\/index.php\/wp-json\/wp\/v2\/users\/112"}],"replies":[{"embeddable":true,"href":"https:\/\/fuentesfidedignas.com.mx\/index.php\/wp-json\/wp\/v2\/comments?post=56825"}],"version-history":[{"count":6,"href":"https:\/\/fuentesfidedignas.com.mx\/index.php\/wp-json\/wp\/v2\/posts\/56825\/revisions"}],"predecessor-version":[{"id":56852,"href":"https:\/\/fuentesfidedignas.com.mx\/index.php\/wp-json\/wp\/v2\/posts\/56825\/revisions\/56852"}],"wp:featuredmedia":[{"embeddable":true,"href":"https:\/\/fuentesfidedignas.com.mx\/index.php\/wp-json\/wp\/v2\/media\/56831"}],"wp:attachment":[{"href":"https:\/\/fuentesfidedignas.com.mx\/index.php\/wp-json\/wp\/v2\/media?parent=56825"}],"wp:term":[{"taxonomy":"category","embeddable":true,"href":"https:\/\/fuentesfidedignas.com.mx\/index.php\/wp-json\/wp\/v2\/categories?post=56825"},{"taxonomy":"post_tag","embeddable":true,"href":"https:\/\/fuentesfidedignas.com.mx\/index.php\/wp-json\/wp\/v2\/tags?post=56825"}],"curies":[{"name":"wp","href":"https:\/\/api.w.org\/{rel}","templated":true}]}}