{"id":56690,"date":"2023-08-25T13:27:34","date_gmt":"2023-08-25T20:27:34","guid":{"rendered":"https:\/\/fuentesfidedignas.com.mx\/?p=56690"},"modified":"2023-08-25T13:36:13","modified_gmt":"2023-08-25T20:36:13","slug":"renuncia-director-del-tecnologico-de-guasave-stase-levanta-huelga","status":"publish","type":"post","link":"https:\/\/fuentesfidedignas.com.mx\/index.php\/2023\/08\/25\/renuncia-director-del-tecnologico-de-guasave-stase-levanta-huelga\/","title":{"rendered":"Renuncia el Director del Tecnol\u00f3gico de Guasave; STASE levanta huelga"},"content":{"rendered":"\n<p><strong><em>El sindicato acusaba que comet\u00eda<\/em><\/strong> <strong><em>actos que perjudican a la Instituci\u00f3n y a la base trabajadora<\/em><\/strong><\/p>\n\n\n\n<p>Culiac\u00e1n, Sin.- Tras una huelga de m\u00e1s de dos semanas, donde trabajores del Tecnol\u00f3gico Superior de Guasave, este viernes anunci\u00f3 su renuncia el director Jos\u00e9 Lorenzo Meza Garc\u00eda. <\/p>\n\n\n\n<p>Fue el pasado 08 de agosto cuando dieron inicio a huelga  solicitando la renuncia del director general, Dr. Jos\u00e9 Lorenzo Meza Garc\u00eda y su cuerpo directivo, por irregularidades administrativas y actos de conducta inadecuados hacia la base trabajadora.&nbsp;<\/p>\n\n\n\n<p>Ante ello, el Secretario General del STASE, Michel Ben\u00edtez Uriarte, ha respaldado a la base trabajadora y ha solicitado,&nbsp;en conferencia de prensa,&nbsp;al Gobernador del Estado, Rub\u00e9n Rocha Moya, y a la secretaria de la SEPyC, Graciela Dom\u00ednguez Nava, a intervenir para&nbsp;la resoluci\u00f3n del problema que est\u00e1 afectando a la base trabajadora, a docentes y a estudiantes del Instituto.<\/p>\n\n\n\n<p>Anteriormente, trabajadoras y trabajadores han se\u00f1alado que Meza Garc\u00eda se dirig\u00eda a la base trabajadora con tonos violentos y con abuso de autoridad; adem\u00e1s, mencionaban que el dirigente expresaba la formaci\u00f3n de un nuevo sindicato que fungir\u00eda para desplazar al STASE y, asimismo, a ellos de su lugar de trabajo.<\/p>\n\n\n","protected":false},"excerpt":{"rendered":"<p>El sindicato acusaba que comet\u00eda actos que perjudican a la Instituci\u00f3n y a la base trabajadora Culiac\u00e1n, Sin.- Tras una huelga de m\u00e1s de dos semanas, donde trabajores del Tecnol\u00f3gico Superior de Guasave, este viernes anunci\u00f3 su renuncia el director Jos\u00e9 Lorenzo Meza Garc\u00eda. Fue el pasado 08 de agosto cuando dieron inicio a huelga [&hellip;]<\/p>\n","protected":false},"author":4,"featured_media":56692,"comment_status":"open","ping_status":"open","sticky":false,"template":"","format":"standard","meta":{"tdm_status":"","tdm_grid_status":"","footnotes":""},"categories":[37,1],"tags":[],"class_list":{"0":"post-56690","1":"post","2":"type-post","3":"status-publish","4":"format-standard","5":"has-post-thumbnail","7":"category-nota-principal","8":"category-sin-categoria"},"yoast_head":"<!-- This site is optimized with the Yoast SEO plugin v27.5 - https:\/\/yoast.com\/product\/yoast-seo-wordpress\/ -->\n<title>Renuncia el Director del Tecnol\u00f3gico de Guasave; STASE levanta huelga - Fuentes Fidedignas<\/title>\n<meta name=\"robots\" content=\"index, follow, max-snippet:-1, max-image-preview:large, max-video-preview:-1\" \/>\n<link rel=\"canonical\" href=\"https:\/\/fuentesfidedignas.com.mx\/index.php\/2023\/08\/25\/renuncia-director-del-tecnologico-de-guasave-stase-levanta-huelga\/\" \/>\n<meta property=\"og:locale\" content=\"es_MX\" \/>\n<meta property=\"og:type\" content=\"article\" \/>\n<meta property=\"og:title\" content=\"Renuncia el Director del Tecnol\u00f3gico de Guasave; STASE levanta huelga - Fuentes Fidedignas\" \/>\n<meta property=\"og:description\" content=\"El sindicato acusaba que comet\u00eda actos que perjudican a la Instituci\u00f3n y a la base trabajadora Culiac\u00e1n, Sin.- Tras una huelga de m\u00e1s de dos semanas, donde trabajores del Tecnol\u00f3gico Superior de Guasave, este viernes anunci\u00f3 su renuncia el director Jos\u00e9 Lorenzo Meza Garc\u00eda. Fue el pasado 08 de agosto cuando dieron inicio a huelga [&hellip;]\" \/>\n<meta property=\"og:url\" content=\"https:\/\/fuentesfidedignas.com.mx\/index.php\/2023\/08\/25\/renuncia-director-del-tecnologico-de-guasave-stase-levanta-huelga\/\" \/>\n<meta property=\"og:site_name\" content=\"Fuentes Fidedignas\" \/>\n<meta property=\"article:publisher\" content=\"https:\/\/www.facebook.com\/Fuentes-Fidedignas-368234489921644\" \/>\n<meta property=\"article:published_time\" content=\"2023-08-25T20:27:34+00:00\" \/>\n<meta property=\"article:modified_time\" content=\"2023-08-25T20:36:13+00:00\" \/>\n<meta property=\"og:image\" content=\"https:\/\/fuentesfidedignas.com.mx\/wp-content\/uploads\/2023\/08\/grande_597291001692665667.jpg\" \/>\n\t<meta property=\"og:image:width\" content=\"1024\" \/>\n\t<meta property=\"og:image:height\" content=\"683\" \/>\n\t<meta property=\"og:image:type\" content=\"image\/jpeg\" \/>\n<meta name=\"author\" content=\"Redacci\u00f3n\" \/>\n<meta name=\"twitter:card\" content=\"summary_large_image\" \/>\n<meta name=\"twitter:creator\" content=\"@fidedignas\" \/>\n<meta name=\"twitter:site\" content=\"@fidedignas\" \/>\n<meta name=\"twitter:label1\" content=\"Escrito por\" \/>\n\t<meta name=\"twitter:data1\" content=\"Redacci\u00f3n\" \/>\n\t<meta name=\"twitter:label2\" content=\"Tiempo de lectura\" \/>\n\t<meta name=\"twitter:data2\" content=\"2 minutos\" \/>\n<script type=\"application\/ld+json\" class=\"yoast-schema-graph\">{\"@context\":\"https:\\\/\\\/schema.org\",\"@graph\":[{\"@type\":\"Article\",\"@id\":\"https:\\\/\\\/fuentesfidedignas.com.mx\\\/index.php\\\/2023\\\/08\\\/25\\\/renuncia-director-del-tecnologico-de-guasave-stase-levanta-huelga\\\/#article\",\"isPartOf\":{\"@id\":\"https:\\\/\\\/fuentesfidedignas.com.mx\\\/index.php\\\/2023\\\/08\\\/25\\\/renuncia-director-del-tecnologico-de-guasave-stase-levanta-huelga\\\/\"},\"author\":{\"name\":\"Redacci\u00f3n\",\"@id\":\"https:\\\/\\\/fuentesfidedignas.com.mx\\\/#\\\/schema\\\/person\\\/331be9283d37198e2acd5750279085b0\"},\"headline\":\"Renuncia el Director del Tecnol\u00f3gico de Guasave; STASE levanta huelga\",\"datePublished\":\"2023-08-25T20:27:34+00:00\",\"dateModified\":\"2023-08-25T20:36:13+00:00\",\"mainEntityOfPage\":{\"@id\":\"https:\\\/\\\/fuentesfidedignas.com.mx\\\/index.php\\\/2023\\\/08\\\/25\\\/renuncia-director-del-tecnologico-de-guasave-stase-levanta-huelga\\\/\"},\"wordCount\":225,\"commentCount\":0,\"publisher\":{\"@id\":\"https:\\\/\\\/fuentesfidedignas.com.mx\\\/#organization\"},\"image\":{\"@id\":\"https:\\\/\\\/fuentesfidedignas.com.mx\\\/index.php\\\/2023\\\/08\\\/25\\\/renuncia-director-del-tecnologico-de-guasave-stase-levanta-huelga\\\/#primaryimage\"},\"thumbnailUrl\":\"https:\\\/\\\/fuentesfidedignas.com.mx\\\/wp-content\\\/uploads\\\/2023\\\/08\\\/grande_597291001692665667.jpg\",\"articleSection\":[\"NOTA PRINCIPAL\"],\"inLanguage\":\"es\",\"potentialAction\":[{\"@type\":\"CommentAction\",\"name\":\"Comment\",\"target\":[\"https:\\\/\\\/fuentesfidedignas.com.mx\\\/index.php\\\/2023\\\/08\\\/25\\\/renuncia-director-del-tecnologico-de-guasave-stase-levanta-huelga\\\/#respond\"]}]},{\"@type\":\"WebPage\",\"@id\":\"https:\\\/\\\/fuentesfidedignas.com.mx\\\/index.php\\\/2023\\\/08\\\/25\\\/renuncia-director-del-tecnologico-de-guasave-stase-levanta-huelga\\\/\",\"url\":\"https:\\\/\\\/fuentesfidedignas.com.mx\\\/index.php\\\/2023\\\/08\\\/25\\\/renuncia-director-del-tecnologico-de-guasave-stase-levanta-huelga\\\/\",\"name\":\"Renuncia el Director del Tecnol\u00f3gico de Guasave; STASE levanta huelga - Fuentes Fidedignas\",\"isPartOf\":{\"@id\":\"https:\\\/\\\/fuentesfidedignas.com.mx\\\/#website\"},\"primaryImageOfPage\":{\"@id\":\"https:\\\/\\\/fuentesfidedignas.com.mx\\\/index.php\\\/2023\\\/08\\\/25\\\/renuncia-director-del-tecnologico-de-guasave-stase-levanta-huelga\\\/#primaryimage\"},\"image\":{\"@id\":\"https:\\\/\\\/fuentesfidedignas.com.mx\\\/index.php\\\/2023\\\/08\\\/25\\\/renuncia-director-del-tecnologico-de-guasave-stase-levanta-huelga\\\/#primaryimage\"},\"thumbnailUrl\":\"https:\\\/\\\/fuentesfidedignas.com.mx\\\/wp-content\\\/uploads\\\/2023\\\/08\\\/grande_597291001692665667.jpg\",\"datePublished\":\"2023-08-25T20:27:34+00:00\",\"dateModified\":\"2023-08-25T20:36:13+00:00\",\"breadcrumb\":{\"@id\":\"https:\\\/\\\/fuentesfidedignas.com.mx\\\/index.php\\\/2023\\\/08\\\/25\\\/renuncia-director-del-tecnologico-de-guasave-stase-levanta-huelga\\\/#breadcrumb\"},\"inLanguage\":\"es\",\"potentialAction\":[{\"@type\":\"ReadAction\",\"target\":[\"https:\\\/\\\/fuentesfidedignas.com.mx\\\/index.php\\\/2023\\\/08\\\/25\\\/renuncia-director-del-tecnologico-de-guasave-stase-levanta-huelga\\\/\"]}]},{\"@type\":\"ImageObject\",\"inLanguage\":\"es\",\"@id\":\"https:\\\/\\\/fuentesfidedignas.com.mx\\\/index.php\\\/2023\\\/08\\\/25\\\/renuncia-director-del-tecnologico-de-guasave-stase-levanta-huelga\\\/#primaryimage\",\"url\":\"https:\\\/\\\/fuentesfidedignas.com.mx\\\/wp-content\\\/uploads\\\/2023\\\/08\\\/grande_597291001692665667.jpg\",\"contentUrl\":\"https:\\\/\\\/fuentesfidedignas.com.mx\\\/wp-content\\\/uploads\\\/2023\\\/08\\\/grande_597291001692665667.jpg\",\"width\":1024,\"height\":683},{\"@type\":\"BreadcrumbList\",\"@id\":\"https:\\\/\\\/fuentesfidedignas.com.mx\\\/index.php\\\/2023\\\/08\\\/25\\\/renuncia-director-del-tecnologico-de-guasave-stase-levanta-huelga\\\/#breadcrumb\",\"itemListElement\":[{\"@type\":\"ListItem\",\"position\":1,\"name\":\"Inicio\",\"item\":\"https:\\\/\\\/fuentesfidedignas.com.mx\\\/\"},{\"@type\":\"ListItem\",\"position\":2,\"name\":\"Renuncia el Director del Tecnol\u00f3gico de Guasave; STASE levanta huelga\"}]},{\"@type\":\"WebSite\",\"@id\":\"https:\\\/\\\/fuentesfidedignas.com.mx\\\/#website\",\"url\":\"https:\\\/\\\/fuentesfidedignas.com.mx\\\/\",\"name\":\"Fuentes Fidedignas\",\"description\":\"Otro sitio realizado con WordPress\",\"publisher\":{\"@id\":\"https:\\\/\\\/fuentesfidedignas.com.mx\\\/#organization\"},\"potentialAction\":[{\"@type\":\"SearchAction\",\"target\":{\"@type\":\"EntryPoint\",\"urlTemplate\":\"https:\\\/\\\/fuentesfidedignas.com.mx\\\/?s={search_term_string}\"},\"query-input\":{\"@type\":\"PropertyValueSpecification\",\"valueRequired\":true,\"valueName\":\"search_term_string\"}}],\"inLanguage\":\"es\"},{\"@type\":\"Organization\",\"@id\":\"https:\\\/\\\/fuentesfidedignas.com.mx\\\/#organization\",\"name\":\"Fuentes Fidedignas\",\"url\":\"https:\\\/\\\/fuentesfidedignas.com.mx\\\/\",\"logo\":{\"@type\":\"ImageObject\",\"inLanguage\":\"es\",\"@id\":\"https:\\\/\\\/fuentesfidedignas.com.mx\\\/#\\\/schema\\\/logo\\\/image\\\/\",\"url\":\"https:\\\/\\\/fuentesfidedignas.com.mx\\\/wp-content\\\/uploads\\\/2021\\\/04\\\/logo-retina.png\",\"contentUrl\":\"https:\\\/\\\/fuentesfidedignas.com.mx\\\/wp-content\\\/uploads\\\/2021\\\/04\\\/logo-retina.png\",\"width\":280,\"height\":51,\"caption\":\"Fuentes Fidedignas\"},\"image\":{\"@id\":\"https:\\\/\\\/fuentesfidedignas.com.mx\\\/#\\\/schema\\\/logo\\\/image\\\/\"},\"sameAs\":[\"https:\\\/\\\/www.facebook.com\\\/Fuentes-Fidedignas-368234489921644\",\"https:\\\/\\\/x.com\\\/fidedignas\"]},{\"@type\":\"Person\",\"@id\":\"https:\\\/\\\/fuentesfidedignas.com.mx\\\/#\\\/schema\\\/person\\\/331be9283d37198e2acd5750279085b0\",\"name\":\"Redacci\u00f3n\",\"image\":{\"@type\":\"ImageObject\",\"inLanguage\":\"es\",\"@id\":\"https:\\\/\\\/secure.gravatar.com\\\/avatar\\\/f6d8782c11d12b2d4ad3fbb6931aeab5309937a4d6cd2fc9cfaa28a6396a5aec?s=96&d=mm&r=g\",\"url\":\"https:\\\/\\\/secure.gravatar.com\\\/avatar\\\/f6d8782c11d12b2d4ad3fbb6931aeab5309937a4d6cd2fc9cfaa28a6396a5aec?s=96&d=mm&r=g\",\"contentUrl\":\"https:\\\/\\\/secure.gravatar.com\\\/avatar\\\/f6d8782c11d12b2d4ad3fbb6931aeab5309937a4d6cd2fc9cfaa28a6396a5aec?s=96&d=mm&r=g\",\"caption\":\"Redacci\u00f3n\"},\"url\":\"https:\\\/\\\/fuentesfidedignas.com.mx\\\/index.php\\\/author\\\/redaccion\\\/\"}]}<\/script>\n<!-- \/ Yoast SEO plugin. -->","yoast_head_json":{"title":"Renuncia el Director del Tecnol\u00f3gico de Guasave; STASE levanta huelga - Fuentes Fidedignas","robots":{"index":"index","follow":"follow","max-snippet":"max-snippet:-1","max-image-preview":"max-image-preview:large","max-video-preview":"max-video-preview:-1"},"canonical":"https:\/\/fuentesfidedignas.com.mx\/index.php\/2023\/08\/25\/renuncia-director-del-tecnologico-de-guasave-stase-levanta-huelga\/","og_locale":"es_MX","og_type":"article","og_title":"Renuncia el Director del Tecnol\u00f3gico de Guasave; STASE levanta huelga - Fuentes Fidedignas","og_description":"El sindicato acusaba que comet\u00eda actos que perjudican a la Instituci\u00f3n y a la base trabajadora Culiac\u00e1n, Sin.- Tras una huelga de m\u00e1s de dos semanas, donde trabajores del Tecnol\u00f3gico Superior de Guasave, este viernes anunci\u00f3 su renuncia el director Jos\u00e9 Lorenzo Meza Garc\u00eda. Fue el pasado 08 de agosto cuando dieron inicio a huelga [&hellip;]","og_url":"https:\/\/fuentesfidedignas.com.mx\/index.php\/2023\/08\/25\/renuncia-director-del-tecnologico-de-guasave-stase-levanta-huelga\/","og_site_name":"Fuentes Fidedignas","article_publisher":"https:\/\/www.facebook.com\/Fuentes-Fidedignas-368234489921644","article_published_time":"2023-08-25T20:27:34+00:00","article_modified_time":"2023-08-25T20:36:13+00:00","og_image":[{"width":1024,"height":683,"url":"https:\/\/fuentesfidedignas.com.mx\/wp-content\/uploads\/2023\/08\/grande_597291001692665667.jpg","type":"image\/jpeg"}],"author":"Redacci\u00f3n","twitter_card":"summary_large_image","twitter_creator":"@fidedignas","twitter_site":"@fidedignas","twitter_misc":{"Escrito por":"Redacci\u00f3n","Tiempo de lectura":"2 minutos"},"schema":{"@context":"https:\/\/schema.org","@graph":[{"@type":"Article","@id":"https:\/\/fuentesfidedignas.com.mx\/index.php\/2023\/08\/25\/renuncia-director-del-tecnologico-de-guasave-stase-levanta-huelga\/#article","isPartOf":{"@id":"https:\/\/fuentesfidedignas.com.mx\/index.php\/2023\/08\/25\/renuncia-director-del-tecnologico-de-guasave-stase-levanta-huelga\/"},"author":{"name":"Redacci\u00f3n","@id":"https:\/\/fuentesfidedignas.com.mx\/#\/schema\/person\/331be9283d37198e2acd5750279085b0"},"headline":"Renuncia el Director del Tecnol\u00f3gico de Guasave; STASE levanta huelga","datePublished":"2023-08-25T20:27:34+00:00","dateModified":"2023-08-25T20:36:13+00:00","mainEntityOfPage":{"@id":"https:\/\/fuentesfidedignas.com.mx\/index.php\/2023\/08\/25\/renuncia-director-del-tecnologico-de-guasave-stase-levanta-huelga\/"},"wordCount":225,"commentCount":0,"publisher":{"@id":"https:\/\/fuentesfidedignas.com.mx\/#organization"},"image":{"@id":"https:\/\/fuentesfidedignas.com.mx\/index.php\/2023\/08\/25\/renuncia-director-del-tecnologico-de-guasave-stase-levanta-huelga\/#primaryimage"},"thumbnailUrl":"https:\/\/fuentesfidedignas.com.mx\/wp-content\/uploads\/2023\/08\/grande_597291001692665667.jpg","articleSection":["NOTA PRINCIPAL"],"inLanguage":"es","potentialAction":[{"@type":"CommentAction","name":"Comment","target":["https:\/\/fuentesfidedignas.com.mx\/index.php\/2023\/08\/25\/renuncia-director-del-tecnologico-de-guasave-stase-levanta-huelga\/#respond"]}]},{"@type":"WebPage","@id":"https:\/\/fuentesfidedignas.com.mx\/index.php\/2023\/08\/25\/renuncia-director-del-tecnologico-de-guasave-stase-levanta-huelga\/","url":"https:\/\/fuentesfidedignas.com.mx\/index.php\/2023\/08\/25\/renuncia-director-del-tecnologico-de-guasave-stase-levanta-huelga\/","name":"Renuncia el Director del Tecnol\u00f3gico de Guasave; STASE levanta huelga - Fuentes Fidedignas","isPartOf":{"@id":"https:\/\/fuentesfidedignas.com.mx\/#website"},"primaryImageOfPage":{"@id":"https:\/\/fuentesfidedignas.com.mx\/index.php\/2023\/08\/25\/renuncia-director-del-tecnologico-de-guasave-stase-levanta-huelga\/#primaryimage"},"image":{"@id":"https:\/\/fuentesfidedignas.com.mx\/index.php\/2023\/08\/25\/renuncia-director-del-tecnologico-de-guasave-stase-levanta-huelga\/#primaryimage"},"thumbnailUrl":"https:\/\/fuentesfidedignas.com.mx\/wp-content\/uploads\/2023\/08\/grande_597291001692665667.jpg","datePublished":"2023-08-25T20:27:34+00:00","dateModified":"2023-08-25T20:36:13+00:00","breadcrumb":{"@id":"https:\/\/fuentesfidedignas.com.mx\/index.php\/2023\/08\/25\/renuncia-director-del-tecnologico-de-guasave-stase-levanta-huelga\/#breadcrumb"},"inLanguage":"es","potentialAction":[{"@type":"ReadAction","target":["https:\/\/fuentesfidedignas.com.mx\/index.php\/2023\/08\/25\/renuncia-director-del-tecnologico-de-guasave-stase-levanta-huelga\/"]}]},{"@type":"ImageObject","inLanguage":"es","@id":"https:\/\/fuentesfidedignas.com.mx\/index.php\/2023\/08\/25\/renuncia-director-del-tecnologico-de-guasave-stase-levanta-huelga\/#primaryimage","url":"https:\/\/fuentesfidedignas.com.mx\/wp-content\/uploads\/2023\/08\/grande_597291001692665667.jpg","contentUrl":"https:\/\/fuentesfidedignas.com.mx\/wp-content\/uploads\/2023\/08\/grande_597291001692665667.jpg","width":1024,"height":683},{"@type":"BreadcrumbList","@id":"https:\/\/fuentesfidedignas.com.mx\/index.php\/2023\/08\/25\/renuncia-director-del-tecnologico-de-guasave-stase-levanta-huelga\/#breadcrumb","itemListElement":[{"@type":"ListItem","position":1,"name":"Inicio","item":"https:\/\/fuentesfidedignas.com.mx\/"},{"@type":"ListItem","position":2,"name":"Renuncia el Director del Tecnol\u00f3gico de Guasave; STASE levanta huelga"}]},{"@type":"WebSite","@id":"https:\/\/fuentesfidedignas.com.mx\/#website","url":"https:\/\/fuentesfidedignas.com.mx\/","name":"Fuentes Fidedignas","description":"Otro sitio realizado con WordPress","publisher":{"@id":"https:\/\/fuentesfidedignas.com.mx\/#organization"},"potentialAction":[{"@type":"SearchAction","target":{"@type":"EntryPoint","urlTemplate":"https:\/\/fuentesfidedignas.com.mx\/?s={search_term_string}"},"query-input":{"@type":"PropertyValueSpecification","valueRequired":true,"valueName":"search_term_string"}}],"inLanguage":"es"},{"@type":"Organization","@id":"https:\/\/fuentesfidedignas.com.mx\/#organization","name":"Fuentes Fidedignas","url":"https:\/\/fuentesfidedignas.com.mx\/","logo":{"@type":"ImageObject","inLanguage":"es","@id":"https:\/\/fuentesfidedignas.com.mx\/#\/schema\/logo\/image\/","url":"https:\/\/fuentesfidedignas.com.mx\/wp-content\/uploads\/2021\/04\/logo-retina.png","contentUrl":"https:\/\/fuentesfidedignas.com.mx\/wp-content\/uploads\/2021\/04\/logo-retina.png","width":280,"height":51,"caption":"Fuentes Fidedignas"},"image":{"@id":"https:\/\/fuentesfidedignas.com.mx\/#\/schema\/logo\/image\/"},"sameAs":["https:\/\/www.facebook.com\/Fuentes-Fidedignas-368234489921644","https:\/\/x.com\/fidedignas"]},{"@type":"Person","@id":"https:\/\/fuentesfidedignas.com.mx\/#\/schema\/person\/331be9283d37198e2acd5750279085b0","name":"Redacci\u00f3n","image":{"@type":"ImageObject","inLanguage":"es","@id":"https:\/\/secure.gravatar.com\/avatar\/f6d8782c11d12b2d4ad3fbb6931aeab5309937a4d6cd2fc9cfaa28a6396a5aec?s=96&d=mm&r=g","url":"https:\/\/secure.gravatar.com\/avatar\/f6d8782c11d12b2d4ad3fbb6931aeab5309937a4d6cd2fc9cfaa28a6396a5aec?s=96&d=mm&r=g","contentUrl":"https:\/\/secure.gravatar.com\/avatar\/f6d8782c11d12b2d4ad3fbb6931aeab5309937a4d6cd2fc9cfaa28a6396a5aec?s=96&d=mm&r=g","caption":"Redacci\u00f3n"},"url":"https:\/\/fuentesfidedignas.com.mx\/index.php\/author\/redaccion\/"}]}},"_links":{"self":[{"href":"https:\/\/fuentesfidedignas.com.mx\/index.php\/wp-json\/wp\/v2\/posts\/56690","targetHints":{"allow":["GET"]}}],"collection":[{"href":"https:\/\/fuentesfidedignas.com.mx\/index.php\/wp-json\/wp\/v2\/posts"}],"about":[{"href":"https:\/\/fuentesfidedignas.com.mx\/index.php\/wp-json\/wp\/v2\/types\/post"}],"author":[{"embeddable":true,"href":"https:\/\/fuentesfidedignas.com.mx\/index.php\/wp-json\/wp\/v2\/users\/4"}],"replies":[{"embeddable":true,"href":"https:\/\/fuentesfidedignas.com.mx\/index.php\/wp-json\/wp\/v2\/comments?post=56690"}],"version-history":[{"count":3,"href":"https:\/\/fuentesfidedignas.com.mx\/index.php\/wp-json\/wp\/v2\/posts\/56690\/revisions"}],"predecessor-version":[{"id":56695,"href":"https:\/\/fuentesfidedignas.com.mx\/index.php\/wp-json\/wp\/v2\/posts\/56690\/revisions\/56695"}],"wp:featuredmedia":[{"embeddable":true,"href":"https:\/\/fuentesfidedignas.com.mx\/index.php\/wp-json\/wp\/v2\/media\/56692"}],"wp:attachment":[{"href":"https:\/\/fuentesfidedignas.com.mx\/index.php\/wp-json\/wp\/v2\/media?parent=56690"}],"wp:term":[{"taxonomy":"category","embeddable":true,"href":"https:\/\/fuentesfidedignas.com.mx\/index.php\/wp-json\/wp\/v2\/categories?post=56690"},{"taxonomy":"post_tag","embeddable":true,"href":"https:\/\/fuentesfidedignas.com.mx\/index.php\/wp-json\/wp\/v2\/tags?post=56690"}],"curies":[{"name":"wp","href":"https:\/\/api.w.org\/{rel}","templated":true}]}}