{"id":56683,"date":"2023-08-25T13:13:23","date_gmt":"2023-08-25T20:13:23","guid":{"rendered":"https:\/\/fuentesfidedignas.com.mx\/?p=56683"},"modified":"2023-08-25T13:14:46","modified_gmt":"2023-08-25T20:14:46","slug":"presentan-a-rocha-avances-de-los-proyectos-hidraulicos-en-el-sur-del-estado","status":"publish","type":"post","link":"https:\/\/fuentesfidedignas.com.mx\/index.php\/2023\/08\/25\/presentan-a-rocha-avances-de-los-proyectos-hidraulicos-en-el-sur-del-estado\/","title":{"rendered":"Presentan a Rocha avances de los proyectos hidr\u00e1ulicos en el sur del estado"},"content":{"rendered":"\n<p><em><strong>Directivos de Conagua presentan avances del Distrito de Riego de la Picachos y la construcci\u00f3n de la Presa Santa Mar\u00eda<\/strong><\/em><\/p>\n\n\n\n<p>Culiac\u00e1n, Sin.- Con el objetivo de generar una adecuada coordinaci\u00f3n entre los diferentes niveles de gobierno, esta ma\u00f1ana el Gobernador Rub\u00e9n Rocha Moya sostuvo una reuni\u00f3n de acercamiento con altos funcionarios de la Comisi\u00f3n Nacional del Agua, encabezados por Alejandro Isauro Mart\u00ednez Orozco, Director de Cuenca Pac\u00edfico Norte, en la cual se inform\u00f3 al Ejecutivo estatal sobre los avances en las obras del Distrito de Riego de la Presa Picachos y la inminente culminaci\u00f3n de la construcci\u00f3n de la Presa Santa Mar\u00eda.<\/p>\n\n\n\n<p>Cabe se\u00f1alar que en el sistema de riego de la Picachos est\u00e1n por finalizar las obras de conducci\u00f3n del agua de la primera etapa para las 2 mil hect\u00e1reas que beneficiar\u00e1 directamente a 385 productores que se integran al sistema de irrigaci\u00f3n del proyecto que contempla incorporar 22 mil 500 hect\u00e1reas en favor de 3 mil 172 productores agr\u00edcolas de los valles de Mazatl\u00e1n y Rosario. Esta infraestructura hidroagr\u00edcola y el Acueducto Concordia tendr\u00e1n una inversi\u00f3n total de 6 mil millones de pesos y contempla concluirse en febrero del 2024.<\/p>\n\n\n\n<p>En el caso de la Presa Santa Mar\u00eda este mismo a\u00f1o quedar\u00e1 terminada la obra hidr\u00e1ulica y en abril del pr\u00f3ximo a\u00f1o se dar\u00e1 inicio a las obras de conducci\u00f3n para el sistema de riego, donde el gobierno federal contempla una inversi\u00f3n de 20 mil millones de pesos para incorporar otras 22 mil hect\u00e1reas al riego agr\u00edcola.<\/p>\n\n\n\n<p>En este encuentro, el mandatario estatal estuvo acompa\u00f1ado por Joaqu\u00edn Alberto Landeros G\u00fcicho, Secretario de Obras P\u00fablicas, mientras que por parte de CONAGUA acudieron adem\u00e1s Aar\u00f3n Mastache Mondrag\u00f3n, Subdirector General de Infraestructura Hidroagr\u00edcola, Jos\u00e9 Antonio Zamora Gayosso, Subdirector de Administraci\u00f3n, Juan Antonio Bernal Villa, Director General de Zona de Riego Zona Picachos, Ram\u00f3n Gutierrez Iribe, Director de Agua Potable y Saneamiento y Dolores Esquerra, Secretaria T\u00e9cnica de Organismo de Cuenca Pac\u00edfico Norte.<\/p>\n","protected":false},"excerpt":{"rendered":"<p>Directivos de Conagua presentan avances del Distrito de Riego de la Picachos y la construcci\u00f3n de la Presa Santa Mar\u00eda Culiac\u00e1n, Sin.- Con el objetivo de generar una adecuada coordinaci\u00f3n entre los diferentes niveles de gobierno, esta ma\u00f1ana el Gobernador Rub\u00e9n Rocha Moya sostuvo una reuni\u00f3n de acercamiento con altos funcionarios de la Comisi\u00f3n Nacional [&hellip;]<\/p>\n","protected":false},"author":4,"featured_media":56685,"comment_status":"open","ping_status":"open","sticky":false,"template":"","format":"standard","meta":{"tdm_status":"","tdm_grid_status":"","footnotes":""},"categories":[38,1],"tags":[],"class_list":{"0":"post-56683","1":"post","2":"type-post","3":"status-publish","4":"format-standard","5":"has-post-thumbnail","7":"category-noticias-locales","8":"category-sin-categoria"},"yoast_head":"<!-- This site is optimized with the Yoast SEO plugin v27.5 - https:\/\/yoast.com\/product\/yoast-seo-wordpress\/ -->\n<title>Presentan a Rocha avances de los proyectos hidr\u00e1ulicos en el sur del estado - Fuentes Fidedignas<\/title>\n<meta name=\"robots\" content=\"index, follow, max-snippet:-1, max-image-preview:large, max-video-preview:-1\" \/>\n<link rel=\"canonical\" href=\"https:\/\/fuentesfidedignas.com.mx\/index.php\/2023\/08\/25\/presentan-a-rocha-avances-de-los-proyectos-hidraulicos-en-el-sur-del-estado\/\" \/>\n<meta property=\"og:locale\" content=\"es_MX\" \/>\n<meta property=\"og:type\" content=\"article\" \/>\n<meta property=\"og:title\" content=\"Presentan a Rocha avances de los proyectos hidr\u00e1ulicos en el sur del estado - Fuentes Fidedignas\" \/>\n<meta property=\"og:description\" content=\"Directivos de Conagua presentan avances del Distrito de Riego de la Picachos y la construcci\u00f3n de la Presa Santa Mar\u00eda Culiac\u00e1n, Sin.- Con el objetivo de generar una adecuada coordinaci\u00f3n entre los diferentes niveles de gobierno, esta ma\u00f1ana el Gobernador Rub\u00e9n Rocha Moya sostuvo una reuni\u00f3n de acercamiento con altos funcionarios de la Comisi\u00f3n Nacional [&hellip;]\" \/>\n<meta property=\"og:url\" content=\"https:\/\/fuentesfidedignas.com.mx\/index.php\/2023\/08\/25\/presentan-a-rocha-avances-de-los-proyectos-hidraulicos-en-el-sur-del-estado\/\" \/>\n<meta property=\"og:site_name\" content=\"Fuentes Fidedignas\" \/>\n<meta property=\"article:publisher\" content=\"https:\/\/www.facebook.com\/Fuentes-Fidedignas-368234489921644\" \/>\n<meta property=\"article:published_time\" content=\"2023-08-25T20:13:23+00:00\" \/>\n<meta property=\"article:modified_time\" content=\"2023-08-25T20:14:46+00:00\" \/>\n<meta property=\"og:image\" content=\"https:\/\/fuentesfidedignas.com.mx\/wp-content\/uploads\/2023\/08\/IMG-20230825-WA0019.jpg\" \/>\n\t<meta property=\"og:image:width\" content=\"1600\" \/>\n\t<meta property=\"og:image:height\" content=\"1066\" \/>\n\t<meta property=\"og:image:type\" content=\"image\/jpeg\" \/>\n<meta name=\"author\" content=\"Redacci\u00f3n\" \/>\n<meta name=\"twitter:card\" content=\"summary_large_image\" \/>\n<meta name=\"twitter:creator\" content=\"@fidedignas\" \/>\n<meta name=\"twitter:site\" content=\"@fidedignas\" \/>\n<meta name=\"twitter:label1\" content=\"Escrito por\" \/>\n\t<meta name=\"twitter:data1\" content=\"Redacci\u00f3n\" \/>\n\t<meta name=\"twitter:label2\" content=\"Tiempo de lectura\" \/>\n\t<meta name=\"twitter:data2\" content=\"2 minutos\" \/>\n<script type=\"application\/ld+json\" class=\"yoast-schema-graph\">{\"@context\":\"https:\\\/\\\/schema.org\",\"@graph\":[{\"@type\":\"Article\",\"@id\":\"https:\\\/\\\/fuentesfidedignas.com.mx\\\/index.php\\\/2023\\\/08\\\/25\\\/presentan-a-rocha-avances-de-los-proyectos-hidraulicos-en-el-sur-del-estado\\\/#article\",\"isPartOf\":{\"@id\":\"https:\\\/\\\/fuentesfidedignas.com.mx\\\/index.php\\\/2023\\\/08\\\/25\\\/presentan-a-rocha-avances-de-los-proyectos-hidraulicos-en-el-sur-del-estado\\\/\"},\"author\":{\"name\":\"Redacci\u00f3n\",\"@id\":\"https:\\\/\\\/fuentesfidedignas.com.mx\\\/#\\\/schema\\\/person\\\/331be9283d37198e2acd5750279085b0\"},\"headline\":\"Presentan a Rocha avances de los proyectos hidr\u00e1ulicos en el sur del estado\",\"datePublished\":\"2023-08-25T20:13:23+00:00\",\"dateModified\":\"2023-08-25T20:14:46+00:00\",\"mainEntityOfPage\":{\"@id\":\"https:\\\/\\\/fuentesfidedignas.com.mx\\\/index.php\\\/2023\\\/08\\\/25\\\/presentan-a-rocha-avances-de-los-proyectos-hidraulicos-en-el-sur-del-estado\\\/\"},\"wordCount\":371,\"commentCount\":0,\"publisher\":{\"@id\":\"https:\\\/\\\/fuentesfidedignas.com.mx\\\/#organization\"},\"image\":{\"@id\":\"https:\\\/\\\/fuentesfidedignas.com.mx\\\/index.php\\\/2023\\\/08\\\/25\\\/presentan-a-rocha-avances-de-los-proyectos-hidraulicos-en-el-sur-del-estado\\\/#primaryimage\"},\"thumbnailUrl\":\"https:\\\/\\\/fuentesfidedignas.com.mx\\\/wp-content\\\/uploads\\\/2023\\\/08\\\/IMG-20230825-WA0019.jpg\",\"articleSection\":[\"NOTICIAS LOCALES\"],\"inLanguage\":\"es\",\"potentialAction\":[{\"@type\":\"CommentAction\",\"name\":\"Comment\",\"target\":[\"https:\\\/\\\/fuentesfidedignas.com.mx\\\/index.php\\\/2023\\\/08\\\/25\\\/presentan-a-rocha-avances-de-los-proyectos-hidraulicos-en-el-sur-del-estado\\\/#respond\"]}]},{\"@type\":\"WebPage\",\"@id\":\"https:\\\/\\\/fuentesfidedignas.com.mx\\\/index.php\\\/2023\\\/08\\\/25\\\/presentan-a-rocha-avances-de-los-proyectos-hidraulicos-en-el-sur-del-estado\\\/\",\"url\":\"https:\\\/\\\/fuentesfidedignas.com.mx\\\/index.php\\\/2023\\\/08\\\/25\\\/presentan-a-rocha-avances-de-los-proyectos-hidraulicos-en-el-sur-del-estado\\\/\",\"name\":\"Presentan a Rocha avances de los proyectos hidr\u00e1ulicos en el sur del estado - Fuentes Fidedignas\",\"isPartOf\":{\"@id\":\"https:\\\/\\\/fuentesfidedignas.com.mx\\\/#website\"},\"primaryImageOfPage\":{\"@id\":\"https:\\\/\\\/fuentesfidedignas.com.mx\\\/index.php\\\/2023\\\/08\\\/25\\\/presentan-a-rocha-avances-de-los-proyectos-hidraulicos-en-el-sur-del-estado\\\/#primaryimage\"},\"image\":{\"@id\":\"https:\\\/\\\/fuentesfidedignas.com.mx\\\/index.php\\\/2023\\\/08\\\/25\\\/presentan-a-rocha-avances-de-los-proyectos-hidraulicos-en-el-sur-del-estado\\\/#primaryimage\"},\"thumbnailUrl\":\"https:\\\/\\\/fuentesfidedignas.com.mx\\\/wp-content\\\/uploads\\\/2023\\\/08\\\/IMG-20230825-WA0019.jpg\",\"datePublished\":\"2023-08-25T20:13:23+00:00\",\"dateModified\":\"2023-08-25T20:14:46+00:00\",\"breadcrumb\":{\"@id\":\"https:\\\/\\\/fuentesfidedignas.com.mx\\\/index.php\\\/2023\\\/08\\\/25\\\/presentan-a-rocha-avances-de-los-proyectos-hidraulicos-en-el-sur-del-estado\\\/#breadcrumb\"},\"inLanguage\":\"es\",\"potentialAction\":[{\"@type\":\"ReadAction\",\"target\":[\"https:\\\/\\\/fuentesfidedignas.com.mx\\\/index.php\\\/2023\\\/08\\\/25\\\/presentan-a-rocha-avances-de-los-proyectos-hidraulicos-en-el-sur-del-estado\\\/\"]}]},{\"@type\":\"ImageObject\",\"inLanguage\":\"es\",\"@id\":\"https:\\\/\\\/fuentesfidedignas.com.mx\\\/index.php\\\/2023\\\/08\\\/25\\\/presentan-a-rocha-avances-de-los-proyectos-hidraulicos-en-el-sur-del-estado\\\/#primaryimage\",\"url\":\"https:\\\/\\\/fuentesfidedignas.com.mx\\\/wp-content\\\/uploads\\\/2023\\\/08\\\/IMG-20230825-WA0019.jpg\",\"contentUrl\":\"https:\\\/\\\/fuentesfidedignas.com.mx\\\/wp-content\\\/uploads\\\/2023\\\/08\\\/IMG-20230825-WA0019.jpg\",\"width\":1600,\"height\":1066},{\"@type\":\"BreadcrumbList\",\"@id\":\"https:\\\/\\\/fuentesfidedignas.com.mx\\\/index.php\\\/2023\\\/08\\\/25\\\/presentan-a-rocha-avances-de-los-proyectos-hidraulicos-en-el-sur-del-estado\\\/#breadcrumb\",\"itemListElement\":[{\"@type\":\"ListItem\",\"position\":1,\"name\":\"Inicio\",\"item\":\"https:\\\/\\\/fuentesfidedignas.com.mx\\\/\"},{\"@type\":\"ListItem\",\"position\":2,\"name\":\"Presentan a Rocha avances de los proyectos hidr\u00e1ulicos en el sur del estado\"}]},{\"@type\":\"WebSite\",\"@id\":\"https:\\\/\\\/fuentesfidedignas.com.mx\\\/#website\",\"url\":\"https:\\\/\\\/fuentesfidedignas.com.mx\\\/\",\"name\":\"Fuentes Fidedignas\",\"description\":\"Otro sitio realizado con WordPress\",\"publisher\":{\"@id\":\"https:\\\/\\\/fuentesfidedignas.com.mx\\\/#organization\"},\"potentialAction\":[{\"@type\":\"SearchAction\",\"target\":{\"@type\":\"EntryPoint\",\"urlTemplate\":\"https:\\\/\\\/fuentesfidedignas.com.mx\\\/?s={search_term_string}\"},\"query-input\":{\"@type\":\"PropertyValueSpecification\",\"valueRequired\":true,\"valueName\":\"search_term_string\"}}],\"inLanguage\":\"es\"},{\"@type\":\"Organization\",\"@id\":\"https:\\\/\\\/fuentesfidedignas.com.mx\\\/#organization\",\"name\":\"Fuentes Fidedignas\",\"url\":\"https:\\\/\\\/fuentesfidedignas.com.mx\\\/\",\"logo\":{\"@type\":\"ImageObject\",\"inLanguage\":\"es\",\"@id\":\"https:\\\/\\\/fuentesfidedignas.com.mx\\\/#\\\/schema\\\/logo\\\/image\\\/\",\"url\":\"https:\\\/\\\/fuentesfidedignas.com.mx\\\/wp-content\\\/uploads\\\/2021\\\/04\\\/logo-retina.png\",\"contentUrl\":\"https:\\\/\\\/fuentesfidedignas.com.mx\\\/wp-content\\\/uploads\\\/2021\\\/04\\\/logo-retina.png\",\"width\":280,\"height\":51,\"caption\":\"Fuentes Fidedignas\"},\"image\":{\"@id\":\"https:\\\/\\\/fuentesfidedignas.com.mx\\\/#\\\/schema\\\/logo\\\/image\\\/\"},\"sameAs\":[\"https:\\\/\\\/www.facebook.com\\\/Fuentes-Fidedignas-368234489921644\",\"https:\\\/\\\/x.com\\\/fidedignas\"]},{\"@type\":\"Person\",\"@id\":\"https:\\\/\\\/fuentesfidedignas.com.mx\\\/#\\\/schema\\\/person\\\/331be9283d37198e2acd5750279085b0\",\"name\":\"Redacci\u00f3n\",\"image\":{\"@type\":\"ImageObject\",\"inLanguage\":\"es\",\"@id\":\"https:\\\/\\\/secure.gravatar.com\\\/avatar\\\/f6d8782c11d12b2d4ad3fbb6931aeab5309937a4d6cd2fc9cfaa28a6396a5aec?s=96&d=mm&r=g\",\"url\":\"https:\\\/\\\/secure.gravatar.com\\\/avatar\\\/f6d8782c11d12b2d4ad3fbb6931aeab5309937a4d6cd2fc9cfaa28a6396a5aec?s=96&d=mm&r=g\",\"contentUrl\":\"https:\\\/\\\/secure.gravatar.com\\\/avatar\\\/f6d8782c11d12b2d4ad3fbb6931aeab5309937a4d6cd2fc9cfaa28a6396a5aec?s=96&d=mm&r=g\",\"caption\":\"Redacci\u00f3n\"},\"url\":\"https:\\\/\\\/fuentesfidedignas.com.mx\\\/index.php\\\/author\\\/redaccion\\\/\"}]}<\/script>\n<!-- \/ Yoast SEO plugin. -->","yoast_head_json":{"title":"Presentan a Rocha avances de los proyectos hidr\u00e1ulicos en el sur del estado - Fuentes Fidedignas","robots":{"index":"index","follow":"follow","max-snippet":"max-snippet:-1","max-image-preview":"max-image-preview:large","max-video-preview":"max-video-preview:-1"},"canonical":"https:\/\/fuentesfidedignas.com.mx\/index.php\/2023\/08\/25\/presentan-a-rocha-avances-de-los-proyectos-hidraulicos-en-el-sur-del-estado\/","og_locale":"es_MX","og_type":"article","og_title":"Presentan a Rocha avances de los proyectos hidr\u00e1ulicos en el sur del estado - Fuentes Fidedignas","og_description":"Directivos de Conagua presentan avances del Distrito de Riego de la Picachos y la construcci\u00f3n de la Presa Santa Mar\u00eda Culiac\u00e1n, Sin.- Con el objetivo de generar una adecuada coordinaci\u00f3n entre los diferentes niveles de gobierno, esta ma\u00f1ana el Gobernador Rub\u00e9n Rocha Moya sostuvo una reuni\u00f3n de acercamiento con altos funcionarios de la Comisi\u00f3n Nacional [&hellip;]","og_url":"https:\/\/fuentesfidedignas.com.mx\/index.php\/2023\/08\/25\/presentan-a-rocha-avances-de-los-proyectos-hidraulicos-en-el-sur-del-estado\/","og_site_name":"Fuentes Fidedignas","article_publisher":"https:\/\/www.facebook.com\/Fuentes-Fidedignas-368234489921644","article_published_time":"2023-08-25T20:13:23+00:00","article_modified_time":"2023-08-25T20:14:46+00:00","og_image":[{"width":1600,"height":1066,"url":"https:\/\/fuentesfidedignas.com.mx\/wp-content\/uploads\/2023\/08\/IMG-20230825-WA0019.jpg","type":"image\/jpeg"}],"author":"Redacci\u00f3n","twitter_card":"summary_large_image","twitter_creator":"@fidedignas","twitter_site":"@fidedignas","twitter_misc":{"Escrito por":"Redacci\u00f3n","Tiempo de lectura":"2 minutos"},"schema":{"@context":"https:\/\/schema.org","@graph":[{"@type":"Article","@id":"https:\/\/fuentesfidedignas.com.mx\/index.php\/2023\/08\/25\/presentan-a-rocha-avances-de-los-proyectos-hidraulicos-en-el-sur-del-estado\/#article","isPartOf":{"@id":"https:\/\/fuentesfidedignas.com.mx\/index.php\/2023\/08\/25\/presentan-a-rocha-avances-de-los-proyectos-hidraulicos-en-el-sur-del-estado\/"},"author":{"name":"Redacci\u00f3n","@id":"https:\/\/fuentesfidedignas.com.mx\/#\/schema\/person\/331be9283d37198e2acd5750279085b0"},"headline":"Presentan a Rocha avances de los proyectos hidr\u00e1ulicos en el sur del estado","datePublished":"2023-08-25T20:13:23+00:00","dateModified":"2023-08-25T20:14:46+00:00","mainEntityOfPage":{"@id":"https:\/\/fuentesfidedignas.com.mx\/index.php\/2023\/08\/25\/presentan-a-rocha-avances-de-los-proyectos-hidraulicos-en-el-sur-del-estado\/"},"wordCount":371,"commentCount":0,"publisher":{"@id":"https:\/\/fuentesfidedignas.com.mx\/#organization"},"image":{"@id":"https:\/\/fuentesfidedignas.com.mx\/index.php\/2023\/08\/25\/presentan-a-rocha-avances-de-los-proyectos-hidraulicos-en-el-sur-del-estado\/#primaryimage"},"thumbnailUrl":"https:\/\/fuentesfidedignas.com.mx\/wp-content\/uploads\/2023\/08\/IMG-20230825-WA0019.jpg","articleSection":["NOTICIAS LOCALES"],"inLanguage":"es","potentialAction":[{"@type":"CommentAction","name":"Comment","target":["https:\/\/fuentesfidedignas.com.mx\/index.php\/2023\/08\/25\/presentan-a-rocha-avances-de-los-proyectos-hidraulicos-en-el-sur-del-estado\/#respond"]}]},{"@type":"WebPage","@id":"https:\/\/fuentesfidedignas.com.mx\/index.php\/2023\/08\/25\/presentan-a-rocha-avances-de-los-proyectos-hidraulicos-en-el-sur-del-estado\/","url":"https:\/\/fuentesfidedignas.com.mx\/index.php\/2023\/08\/25\/presentan-a-rocha-avances-de-los-proyectos-hidraulicos-en-el-sur-del-estado\/","name":"Presentan a Rocha avances de los proyectos hidr\u00e1ulicos en el sur del estado - Fuentes Fidedignas","isPartOf":{"@id":"https:\/\/fuentesfidedignas.com.mx\/#website"},"primaryImageOfPage":{"@id":"https:\/\/fuentesfidedignas.com.mx\/index.php\/2023\/08\/25\/presentan-a-rocha-avances-de-los-proyectos-hidraulicos-en-el-sur-del-estado\/#primaryimage"},"image":{"@id":"https:\/\/fuentesfidedignas.com.mx\/index.php\/2023\/08\/25\/presentan-a-rocha-avances-de-los-proyectos-hidraulicos-en-el-sur-del-estado\/#primaryimage"},"thumbnailUrl":"https:\/\/fuentesfidedignas.com.mx\/wp-content\/uploads\/2023\/08\/IMG-20230825-WA0019.jpg","datePublished":"2023-08-25T20:13:23+00:00","dateModified":"2023-08-25T20:14:46+00:00","breadcrumb":{"@id":"https:\/\/fuentesfidedignas.com.mx\/index.php\/2023\/08\/25\/presentan-a-rocha-avances-de-los-proyectos-hidraulicos-en-el-sur-del-estado\/#breadcrumb"},"inLanguage":"es","potentialAction":[{"@type":"ReadAction","target":["https:\/\/fuentesfidedignas.com.mx\/index.php\/2023\/08\/25\/presentan-a-rocha-avances-de-los-proyectos-hidraulicos-en-el-sur-del-estado\/"]}]},{"@type":"ImageObject","inLanguage":"es","@id":"https:\/\/fuentesfidedignas.com.mx\/index.php\/2023\/08\/25\/presentan-a-rocha-avances-de-los-proyectos-hidraulicos-en-el-sur-del-estado\/#primaryimage","url":"https:\/\/fuentesfidedignas.com.mx\/wp-content\/uploads\/2023\/08\/IMG-20230825-WA0019.jpg","contentUrl":"https:\/\/fuentesfidedignas.com.mx\/wp-content\/uploads\/2023\/08\/IMG-20230825-WA0019.jpg","width":1600,"height":1066},{"@type":"BreadcrumbList","@id":"https:\/\/fuentesfidedignas.com.mx\/index.php\/2023\/08\/25\/presentan-a-rocha-avances-de-los-proyectos-hidraulicos-en-el-sur-del-estado\/#breadcrumb","itemListElement":[{"@type":"ListItem","position":1,"name":"Inicio","item":"https:\/\/fuentesfidedignas.com.mx\/"},{"@type":"ListItem","position":2,"name":"Presentan a Rocha avances de los proyectos hidr\u00e1ulicos en el sur del estado"}]},{"@type":"WebSite","@id":"https:\/\/fuentesfidedignas.com.mx\/#website","url":"https:\/\/fuentesfidedignas.com.mx\/","name":"Fuentes Fidedignas","description":"Otro sitio realizado con WordPress","publisher":{"@id":"https:\/\/fuentesfidedignas.com.mx\/#organization"},"potentialAction":[{"@type":"SearchAction","target":{"@type":"EntryPoint","urlTemplate":"https:\/\/fuentesfidedignas.com.mx\/?s={search_term_string}"},"query-input":{"@type":"PropertyValueSpecification","valueRequired":true,"valueName":"search_term_string"}}],"inLanguage":"es"},{"@type":"Organization","@id":"https:\/\/fuentesfidedignas.com.mx\/#organization","name":"Fuentes Fidedignas","url":"https:\/\/fuentesfidedignas.com.mx\/","logo":{"@type":"ImageObject","inLanguage":"es","@id":"https:\/\/fuentesfidedignas.com.mx\/#\/schema\/logo\/image\/","url":"https:\/\/fuentesfidedignas.com.mx\/wp-content\/uploads\/2021\/04\/logo-retina.png","contentUrl":"https:\/\/fuentesfidedignas.com.mx\/wp-content\/uploads\/2021\/04\/logo-retina.png","width":280,"height":51,"caption":"Fuentes Fidedignas"},"image":{"@id":"https:\/\/fuentesfidedignas.com.mx\/#\/schema\/logo\/image\/"},"sameAs":["https:\/\/www.facebook.com\/Fuentes-Fidedignas-368234489921644","https:\/\/x.com\/fidedignas"]},{"@type":"Person","@id":"https:\/\/fuentesfidedignas.com.mx\/#\/schema\/person\/331be9283d37198e2acd5750279085b0","name":"Redacci\u00f3n","image":{"@type":"ImageObject","inLanguage":"es","@id":"https:\/\/secure.gravatar.com\/avatar\/f6d8782c11d12b2d4ad3fbb6931aeab5309937a4d6cd2fc9cfaa28a6396a5aec?s=96&d=mm&r=g","url":"https:\/\/secure.gravatar.com\/avatar\/f6d8782c11d12b2d4ad3fbb6931aeab5309937a4d6cd2fc9cfaa28a6396a5aec?s=96&d=mm&r=g","contentUrl":"https:\/\/secure.gravatar.com\/avatar\/f6d8782c11d12b2d4ad3fbb6931aeab5309937a4d6cd2fc9cfaa28a6396a5aec?s=96&d=mm&r=g","caption":"Redacci\u00f3n"},"url":"https:\/\/fuentesfidedignas.com.mx\/index.php\/author\/redaccion\/"}]}},"_links":{"self":[{"href":"https:\/\/fuentesfidedignas.com.mx\/index.php\/wp-json\/wp\/v2\/posts\/56683","targetHints":{"allow":["GET"]}}],"collection":[{"href":"https:\/\/fuentesfidedignas.com.mx\/index.php\/wp-json\/wp\/v2\/posts"}],"about":[{"href":"https:\/\/fuentesfidedignas.com.mx\/index.php\/wp-json\/wp\/v2\/types\/post"}],"author":[{"embeddable":true,"href":"https:\/\/fuentesfidedignas.com.mx\/index.php\/wp-json\/wp\/v2\/users\/4"}],"replies":[{"embeddable":true,"href":"https:\/\/fuentesfidedignas.com.mx\/index.php\/wp-json\/wp\/v2\/comments?post=56683"}],"version-history":[{"count":1,"href":"https:\/\/fuentesfidedignas.com.mx\/index.php\/wp-json\/wp\/v2\/posts\/56683\/revisions"}],"predecessor-version":[{"id":56684,"href":"https:\/\/fuentesfidedignas.com.mx\/index.php\/wp-json\/wp\/v2\/posts\/56683\/revisions\/56684"}],"wp:featuredmedia":[{"embeddable":true,"href":"https:\/\/fuentesfidedignas.com.mx\/index.php\/wp-json\/wp\/v2\/media\/56685"}],"wp:attachment":[{"href":"https:\/\/fuentesfidedignas.com.mx\/index.php\/wp-json\/wp\/v2\/media?parent=56683"}],"wp:term":[{"taxonomy":"category","embeddable":true,"href":"https:\/\/fuentesfidedignas.com.mx\/index.php\/wp-json\/wp\/v2\/categories?post=56683"},{"taxonomy":"post_tag","embeddable":true,"href":"https:\/\/fuentesfidedignas.com.mx\/index.php\/wp-json\/wp\/v2\/tags?post=56683"}],"curies":[{"name":"wp","href":"https:\/\/api.w.org\/{rel}","templated":true}]}}