{"id":56678,"date":"2023-08-25T12:54:37","date_gmt":"2023-08-25T19:54:37","guid":{"rendered":"https:\/\/fuentesfidedignas.com.mx\/?p=56678"},"modified":"2023-08-25T12:56:14","modified_gmt":"2023-08-25T19:56:14","slug":"prd-respalda-a-xochitl-galvez-para-ser-la-candidata-presidencial-del-frente","status":"publish","type":"post","link":"https:\/\/fuentesfidedignas.com.mx\/index.php\/2023\/08\/25\/prd-respalda-a-xochitl-galvez-para-ser-la-candidata-presidencial-del-frente\/","title":{"rendered":"PRD respalda a X\u00f3chitl G\u00e1lvez para ser la candidata presidencial del frente"},"content":{"rendered":"\n<p><strong><em>El l\u00edder del PRD anunci\u00f3 el respaldo del partido a X\u00f3chitl G\u00e1lvez para que represente al Frente Amplio por M\u00e9xico en las elecciones de 2024<\/em><\/strong><\/p>\n\n\n\n<p>Ciudad de M\u00e9xico. La c\u00fapula del PRD anunci\u00f3 su pleno respaldo a la senadora del PAN, X\u00f3chitl G\u00e1lvez, para que sea la aspirante presidencial del Frente Amplio por M\u00e9xico, durante un evento pol\u00edtico encabezado por el l\u00edder del partido, Jes\u00fas Zambrano Grijalva.<\/p>\n\n\n\n<p>A dos semanas de que concluya el proceso interno de la coalici\u00f3n que definir\u00e1 a la candidata el pr\u00f3ximo 3 de septiembre, Zambrano Grijalva dijo que \u201chay tiro, y nosotros vamos con X\u00f3chitl\u201d.<\/p>\n\n\n\n<blockquote class=\"wp-block-quote is-layout-flow wp-block-quote-is-layout-flow\">\n<p>\u201cLa elecci\u00f3n de 2024 no ser\u00e1 un mero tr\u00e1mite, s\u00ed hay opci\u00f3n en la oposici\u00f3n y ese liderazgo recae en Xochitl Galvez, por tal motivo, el PRD resolvi\u00f3 respaldar tu proyecto para la construcci\u00f3n del Frente Amplio\u201d, dijo Jes\u00fas Zambrano.&nbsp;<\/p>\n<\/blockquote>\n\n\n\n<p>Por su parte, X\u00f3chitl G\u00e1lvez record\u00f3 su paso por el partido del \u201csol azteca\u201d, cuando contendi\u00f3 por la gubernatura de Hidalgo, y&nbsp;<strong>agradeci\u00f3 el apoyo en su competencia en el Frente Amplio por M\u00e9xico<\/strong>&nbsp;con la priista Beatriz Paredes.<\/p>\n\n\n\n<blockquote class=\"wp-block-quote is-layout-flow wp-block-quote-is-layout-flow\">\n<p>\u201cMuchas gracias PRD\u201d, escribi\u00f3 X\u00f3chitl G\u00e1lvez en X (antes Twitter) por el respaldo del PRD y record\u00f3 que Jes\u00fas Zambrano fue su coordinador de campa\u00f1a cuando ella contendi\u00f3 por la gubernatura hidalguense.&nbsp;<\/p>\n<\/blockquote>\n\n\n\n<figure class=\"wp-block-embed is-type-rich is-provider-twitter wp-block-embed-twitter\"><div class=\"wp-block-embed__wrapper\">\n<blockquote class=\"twitter-tweet\" data-width=\"550\" data-dnt=\"true\"><p lang=\"es\" dir=\"ltr\">Agradezco al <a href=\"https:\/\/twitter.com\/hashtag\/PRD?src=hash&amp;ref_src=twsrc%5Etfw\">#PRD<\/a> por sumarse a mi proyecto, les doy mi palabra de que se van a sentir orgullosos. No puedo concebir al pa\u00eds sin la aportaci\u00f3n hist\u00f3rica del partido de la <a href=\"https:\/\/twitter.com\/hashtag\/Revoluci%C3%B3nDemocr%C3%A1tica?src=hash&amp;ref_src=twsrc%5Etfw\">#Revoluci\u00f3nDemocr\u00e1tica<\/a>: <a href=\"https:\/\/twitter.com\/XochitlGalvez?ref_src=twsrc%5Etfw\">@XochitlGalvez<\/a> <a href=\"https:\/\/twitter.com\/hashtag\/FrenteAmplioPorM%C3%A9xico?src=hash&amp;ref_src=twsrc%5Etfw\">#FrenteAmplioPorM\u00e9xico<\/a> <a href=\"https:\/\/t.co\/0ROpPriJFK\">pic.twitter.com\/0ROpPriJFK<\/a><\/p>&mdash; PRD (@PRDMexico) <a href=\"https:\/\/twitter.com\/PRDMexico\/status\/1695134174036861252?ref_src=twsrc%5Etfw\">August 25, 2023<\/a><\/blockquote><script async src=\"https:\/\/platform.twitter.com\/widgets.js\" charset=\"utf-8\"><\/script>\n<\/div><\/figure>\n\n\n\n<p>Cabe se\u00f1alar que X\u00f3chitl G\u00e1lvez lleg\u00f3 al Senado en 2018 por la lista plurinominal del PRD y luego se integr\u00f3 a la bancada del PAN, mientras que\u00a0<strong>Miguel \u00c1ngel Mancer<\/strong>a lleg\u00f3 por la lista del PAN y luego se pas\u00f3 al grupo parlamentario perredista.\u00a0<\/p>\n\n\n\n<p>Hace una semana la\u00a0<strong>c\u00fapula del PAN dio su respaldo a la senadora X\u00f3chitl G\u00e1lvez<\/strong>, mientras que la dirigencia del PRI cerr\u00f3 filas con la senadora Beatriz Paredes Rangel.<\/p>\n","protected":false},"excerpt":{"rendered":"<p>El l\u00edder del PRD anunci\u00f3 el respaldo del partido a X\u00f3chitl G\u00e1lvez para que represente al Frente Amplio por M\u00e9xico en las elecciones de 2024 Ciudad de M\u00e9xico. La c\u00fapula del PRD anunci\u00f3 su pleno respaldo a la senadora del PAN, X\u00f3chitl G\u00e1lvez, para que sea la aspirante presidencial del Frente Amplio por M\u00e9xico, durante [&hellip;]<\/p>\n","protected":false},"author":7,"featured_media":56680,"comment_status":"open","ping_status":"open","sticky":false,"template":"","format":"standard","meta":{"tdm_status":"","tdm_grid_status":"","footnotes":""},"categories":[39,1],"tags":[],"class_list":{"0":"post-56678","1":"post","2":"type-post","3":"status-publish","4":"format-standard","5":"has-post-thumbnail","7":"category-noticias-nacionales","8":"category-sin-categoria"},"yoast_head":"<!-- This site is optimized with the Yoast SEO plugin v27.5 - https:\/\/yoast.com\/product\/yoast-seo-wordpress\/ -->\n<title>PRD respalda a X\u00f3chitl G\u00e1lvez para ser la candidata presidencial del frente - Fuentes Fidedignas<\/title>\n<meta name=\"robots\" content=\"index, follow, max-snippet:-1, max-image-preview:large, max-video-preview:-1\" \/>\n<link rel=\"canonical\" href=\"https:\/\/fuentesfidedignas.com.mx\/index.php\/2023\/08\/25\/prd-respalda-a-xochitl-galvez-para-ser-la-candidata-presidencial-del-frente\/\" \/>\n<meta property=\"og:locale\" content=\"es_MX\" \/>\n<meta property=\"og:type\" content=\"article\" \/>\n<meta property=\"og:title\" content=\"PRD respalda a X\u00f3chitl G\u00e1lvez para ser la candidata presidencial del frente - Fuentes Fidedignas\" \/>\n<meta property=\"og:description\" content=\"El l\u00edder del PRD anunci\u00f3 el respaldo del partido a X\u00f3chitl G\u00e1lvez para que represente al Frente Amplio por M\u00e9xico en las elecciones de 2024 Ciudad de M\u00e9xico. La c\u00fapula del PRD anunci\u00f3 su pleno respaldo a la senadora del PAN, X\u00f3chitl G\u00e1lvez, para que sea la aspirante presidencial del Frente Amplio por M\u00e9xico, durante [&hellip;]\" \/>\n<meta property=\"og:url\" content=\"https:\/\/fuentesfidedignas.com.mx\/index.php\/2023\/08\/25\/prd-respalda-a-xochitl-galvez-para-ser-la-candidata-presidencial-del-frente\/\" \/>\n<meta property=\"og:site_name\" content=\"Fuentes Fidedignas\" \/>\n<meta property=\"article:publisher\" content=\"https:\/\/www.facebook.com\/Fuentes-Fidedignas-368234489921644\" \/>\n<meta property=\"article:published_time\" content=\"2023-08-25T19:54:37+00:00\" \/>\n<meta property=\"article:modified_time\" content=\"2023-08-25T19:56:14+00:00\" \/>\n<meta property=\"og:image\" content=\"https:\/\/fuentesfidedignas.com.mx\/wp-content\/uploads\/2023\/08\/2996912.jpg\" \/>\n\t<meta property=\"og:image:width\" content=\"800\" \/>\n\t<meta property=\"og:image:height\" content=\"600\" \/>\n\t<meta property=\"og:image:type\" content=\"image\/jpeg\" \/>\n<meta name=\"author\" content=\"Exc\u00e9lsior\" \/>\n<meta name=\"twitter:card\" content=\"summary_large_image\" \/>\n<meta name=\"twitter:creator\" content=\"@fidedignas\" \/>\n<meta name=\"twitter:site\" content=\"@fidedignas\" \/>\n<meta name=\"twitter:label1\" content=\"Escrito por\" \/>\n\t<meta name=\"twitter:data1\" content=\"Exc\u00e9lsior\" \/>\n\t<meta name=\"twitter:label2\" content=\"Tiempo de lectura\" \/>\n\t<meta name=\"twitter:data2\" content=\"1 minuto\" \/>\n<script type=\"application\/ld+json\" class=\"yoast-schema-graph\">{\"@context\":\"https:\\\/\\\/schema.org\",\"@graph\":[{\"@type\":\"Article\",\"@id\":\"https:\\\/\\\/fuentesfidedignas.com.mx\\\/index.php\\\/2023\\\/08\\\/25\\\/prd-respalda-a-xochitl-galvez-para-ser-la-candidata-presidencial-del-frente\\\/#article\",\"isPartOf\":{\"@id\":\"https:\\\/\\\/fuentesfidedignas.com.mx\\\/index.php\\\/2023\\\/08\\\/25\\\/prd-respalda-a-xochitl-galvez-para-ser-la-candidata-presidencial-del-frente\\\/\"},\"author\":{\"name\":\"Exc\u00e9lsior\",\"@id\":\"https:\\\/\\\/fuentesfidedignas.com.mx\\\/#\\\/schema\\\/person\\\/ec4edd1fbf5efa3e44fce34fe2787780\"},\"headline\":\"PRD respalda a X\u00f3chitl G\u00e1lvez para ser la candidata presidencial del frente\",\"datePublished\":\"2023-08-25T19:54:37+00:00\",\"dateModified\":\"2023-08-25T19:56:14+00:00\",\"mainEntityOfPage\":{\"@id\":\"https:\\\/\\\/fuentesfidedignas.com.mx\\\/index.php\\\/2023\\\/08\\\/25\\\/prd-respalda-a-xochitl-galvez-para-ser-la-candidata-presidencial-del-frente\\\/\"},\"wordCount\":342,\"commentCount\":0,\"publisher\":{\"@id\":\"https:\\\/\\\/fuentesfidedignas.com.mx\\\/#organization\"},\"image\":{\"@id\":\"https:\\\/\\\/fuentesfidedignas.com.mx\\\/index.php\\\/2023\\\/08\\\/25\\\/prd-respalda-a-xochitl-galvez-para-ser-la-candidata-presidencial-del-frente\\\/#primaryimage\"},\"thumbnailUrl\":\"https:\\\/\\\/fuentesfidedignas.com.mx\\\/wp-content\\\/uploads\\\/2023\\\/08\\\/2996912.jpg\",\"articleSection\":[\"NOTICIAS NACIONALES\"],\"inLanguage\":\"es\",\"potentialAction\":[{\"@type\":\"CommentAction\",\"name\":\"Comment\",\"target\":[\"https:\\\/\\\/fuentesfidedignas.com.mx\\\/index.php\\\/2023\\\/08\\\/25\\\/prd-respalda-a-xochitl-galvez-para-ser-la-candidata-presidencial-del-frente\\\/#respond\"]}]},{\"@type\":\"WebPage\",\"@id\":\"https:\\\/\\\/fuentesfidedignas.com.mx\\\/index.php\\\/2023\\\/08\\\/25\\\/prd-respalda-a-xochitl-galvez-para-ser-la-candidata-presidencial-del-frente\\\/\",\"url\":\"https:\\\/\\\/fuentesfidedignas.com.mx\\\/index.php\\\/2023\\\/08\\\/25\\\/prd-respalda-a-xochitl-galvez-para-ser-la-candidata-presidencial-del-frente\\\/\",\"name\":\"PRD respalda a X\u00f3chitl G\u00e1lvez para ser la candidata presidencial del frente - Fuentes Fidedignas\",\"isPartOf\":{\"@id\":\"https:\\\/\\\/fuentesfidedignas.com.mx\\\/#website\"},\"primaryImageOfPage\":{\"@id\":\"https:\\\/\\\/fuentesfidedignas.com.mx\\\/index.php\\\/2023\\\/08\\\/25\\\/prd-respalda-a-xochitl-galvez-para-ser-la-candidata-presidencial-del-frente\\\/#primaryimage\"},\"image\":{\"@id\":\"https:\\\/\\\/fuentesfidedignas.com.mx\\\/index.php\\\/2023\\\/08\\\/25\\\/prd-respalda-a-xochitl-galvez-para-ser-la-candidata-presidencial-del-frente\\\/#primaryimage\"},\"thumbnailUrl\":\"https:\\\/\\\/fuentesfidedignas.com.mx\\\/wp-content\\\/uploads\\\/2023\\\/08\\\/2996912.jpg\",\"datePublished\":\"2023-08-25T19:54:37+00:00\",\"dateModified\":\"2023-08-25T19:56:14+00:00\",\"breadcrumb\":{\"@id\":\"https:\\\/\\\/fuentesfidedignas.com.mx\\\/index.php\\\/2023\\\/08\\\/25\\\/prd-respalda-a-xochitl-galvez-para-ser-la-candidata-presidencial-del-frente\\\/#breadcrumb\"},\"inLanguage\":\"es\",\"potentialAction\":[{\"@type\":\"ReadAction\",\"target\":[\"https:\\\/\\\/fuentesfidedignas.com.mx\\\/index.php\\\/2023\\\/08\\\/25\\\/prd-respalda-a-xochitl-galvez-para-ser-la-candidata-presidencial-del-frente\\\/\"]}]},{\"@type\":\"ImageObject\",\"inLanguage\":\"es\",\"@id\":\"https:\\\/\\\/fuentesfidedignas.com.mx\\\/index.php\\\/2023\\\/08\\\/25\\\/prd-respalda-a-xochitl-galvez-para-ser-la-candidata-presidencial-del-frente\\\/#primaryimage\",\"url\":\"https:\\\/\\\/fuentesfidedignas.com.mx\\\/wp-content\\\/uploads\\\/2023\\\/08\\\/2996912.jpg\",\"contentUrl\":\"https:\\\/\\\/fuentesfidedignas.com.mx\\\/wp-content\\\/uploads\\\/2023\\\/08\\\/2996912.jpg\",\"width\":800,\"height\":600},{\"@type\":\"BreadcrumbList\",\"@id\":\"https:\\\/\\\/fuentesfidedignas.com.mx\\\/index.php\\\/2023\\\/08\\\/25\\\/prd-respalda-a-xochitl-galvez-para-ser-la-candidata-presidencial-del-frente\\\/#breadcrumb\",\"itemListElement\":[{\"@type\":\"ListItem\",\"position\":1,\"name\":\"Inicio\",\"item\":\"https:\\\/\\\/fuentesfidedignas.com.mx\\\/\"},{\"@type\":\"ListItem\",\"position\":2,\"name\":\"PRD respalda a X\u00f3chitl G\u00e1lvez para ser la candidata presidencial del frente\"}]},{\"@type\":\"WebSite\",\"@id\":\"https:\\\/\\\/fuentesfidedignas.com.mx\\\/#website\",\"url\":\"https:\\\/\\\/fuentesfidedignas.com.mx\\\/\",\"name\":\"Fuentes Fidedignas\",\"description\":\"Otro sitio realizado con WordPress\",\"publisher\":{\"@id\":\"https:\\\/\\\/fuentesfidedignas.com.mx\\\/#organization\"},\"potentialAction\":[{\"@type\":\"SearchAction\",\"target\":{\"@type\":\"EntryPoint\",\"urlTemplate\":\"https:\\\/\\\/fuentesfidedignas.com.mx\\\/?s={search_term_string}\"},\"query-input\":{\"@type\":\"PropertyValueSpecification\",\"valueRequired\":true,\"valueName\":\"search_term_string\"}}],\"inLanguage\":\"es\"},{\"@type\":\"Organization\",\"@id\":\"https:\\\/\\\/fuentesfidedignas.com.mx\\\/#organization\",\"name\":\"Fuentes Fidedignas\",\"url\":\"https:\\\/\\\/fuentesfidedignas.com.mx\\\/\",\"logo\":{\"@type\":\"ImageObject\",\"inLanguage\":\"es\",\"@id\":\"https:\\\/\\\/fuentesfidedignas.com.mx\\\/#\\\/schema\\\/logo\\\/image\\\/\",\"url\":\"https:\\\/\\\/fuentesfidedignas.com.mx\\\/wp-content\\\/uploads\\\/2021\\\/04\\\/logo-retina.png\",\"contentUrl\":\"https:\\\/\\\/fuentesfidedignas.com.mx\\\/wp-content\\\/uploads\\\/2021\\\/04\\\/logo-retina.png\",\"width\":280,\"height\":51,\"caption\":\"Fuentes Fidedignas\"},\"image\":{\"@id\":\"https:\\\/\\\/fuentesfidedignas.com.mx\\\/#\\\/schema\\\/logo\\\/image\\\/\"},\"sameAs\":[\"https:\\\/\\\/www.facebook.com\\\/Fuentes-Fidedignas-368234489921644\",\"https:\\\/\\\/x.com\\\/fidedignas\"]},{\"@type\":\"Person\",\"@id\":\"https:\\\/\\\/fuentesfidedignas.com.mx\\\/#\\\/schema\\\/person\\\/ec4edd1fbf5efa3e44fce34fe2787780\",\"name\":\"Exc\u00e9lsior\",\"image\":{\"@type\":\"ImageObject\",\"inLanguage\":\"es\",\"@id\":\"https:\\\/\\\/secure.gravatar.com\\\/avatar\\\/4b7ee9206b48be08447852b3f0814dbc7c0f3b51541b164f1464a2725614020b?s=96&d=mm&r=g\",\"url\":\"https:\\\/\\\/secure.gravatar.com\\\/avatar\\\/4b7ee9206b48be08447852b3f0814dbc7c0f3b51541b164f1464a2725614020b?s=96&d=mm&r=g\",\"contentUrl\":\"https:\\\/\\\/secure.gravatar.com\\\/avatar\\\/4b7ee9206b48be08447852b3f0814dbc7c0f3b51541b164f1464a2725614020b?s=96&d=mm&r=g\",\"caption\":\"Exc\u00e9lsior\"},\"url\":\"https:\\\/\\\/fuentesfidedignas.com.mx\\\/index.php\\\/author\\\/excelsior\\\/\"}]}<\/script>\n<!-- \/ Yoast SEO plugin. -->","yoast_head_json":{"title":"PRD respalda a X\u00f3chitl G\u00e1lvez para ser la candidata presidencial del frente - Fuentes Fidedignas","robots":{"index":"index","follow":"follow","max-snippet":"max-snippet:-1","max-image-preview":"max-image-preview:large","max-video-preview":"max-video-preview:-1"},"canonical":"https:\/\/fuentesfidedignas.com.mx\/index.php\/2023\/08\/25\/prd-respalda-a-xochitl-galvez-para-ser-la-candidata-presidencial-del-frente\/","og_locale":"es_MX","og_type":"article","og_title":"PRD respalda a X\u00f3chitl G\u00e1lvez para ser la candidata presidencial del frente - Fuentes Fidedignas","og_description":"El l\u00edder del PRD anunci\u00f3 el respaldo del partido a X\u00f3chitl G\u00e1lvez para que represente al Frente Amplio por M\u00e9xico en las elecciones de 2024 Ciudad de M\u00e9xico. La c\u00fapula del PRD anunci\u00f3 su pleno respaldo a la senadora del PAN, X\u00f3chitl G\u00e1lvez, para que sea la aspirante presidencial del Frente Amplio por M\u00e9xico, durante [&hellip;]","og_url":"https:\/\/fuentesfidedignas.com.mx\/index.php\/2023\/08\/25\/prd-respalda-a-xochitl-galvez-para-ser-la-candidata-presidencial-del-frente\/","og_site_name":"Fuentes Fidedignas","article_publisher":"https:\/\/www.facebook.com\/Fuentes-Fidedignas-368234489921644","article_published_time":"2023-08-25T19:54:37+00:00","article_modified_time":"2023-08-25T19:56:14+00:00","og_image":[{"width":800,"height":600,"url":"https:\/\/fuentesfidedignas.com.mx\/wp-content\/uploads\/2023\/08\/2996912.jpg","type":"image\/jpeg"}],"author":"Exc\u00e9lsior","twitter_card":"summary_large_image","twitter_creator":"@fidedignas","twitter_site":"@fidedignas","twitter_misc":{"Escrito por":"Exc\u00e9lsior","Tiempo de lectura":"1 minuto"},"schema":{"@context":"https:\/\/schema.org","@graph":[{"@type":"Article","@id":"https:\/\/fuentesfidedignas.com.mx\/index.php\/2023\/08\/25\/prd-respalda-a-xochitl-galvez-para-ser-la-candidata-presidencial-del-frente\/#article","isPartOf":{"@id":"https:\/\/fuentesfidedignas.com.mx\/index.php\/2023\/08\/25\/prd-respalda-a-xochitl-galvez-para-ser-la-candidata-presidencial-del-frente\/"},"author":{"name":"Exc\u00e9lsior","@id":"https:\/\/fuentesfidedignas.com.mx\/#\/schema\/person\/ec4edd1fbf5efa3e44fce34fe2787780"},"headline":"PRD respalda a X\u00f3chitl G\u00e1lvez para ser la candidata presidencial del frente","datePublished":"2023-08-25T19:54:37+00:00","dateModified":"2023-08-25T19:56:14+00:00","mainEntityOfPage":{"@id":"https:\/\/fuentesfidedignas.com.mx\/index.php\/2023\/08\/25\/prd-respalda-a-xochitl-galvez-para-ser-la-candidata-presidencial-del-frente\/"},"wordCount":342,"commentCount":0,"publisher":{"@id":"https:\/\/fuentesfidedignas.com.mx\/#organization"},"image":{"@id":"https:\/\/fuentesfidedignas.com.mx\/index.php\/2023\/08\/25\/prd-respalda-a-xochitl-galvez-para-ser-la-candidata-presidencial-del-frente\/#primaryimage"},"thumbnailUrl":"https:\/\/fuentesfidedignas.com.mx\/wp-content\/uploads\/2023\/08\/2996912.jpg","articleSection":["NOTICIAS NACIONALES"],"inLanguage":"es","potentialAction":[{"@type":"CommentAction","name":"Comment","target":["https:\/\/fuentesfidedignas.com.mx\/index.php\/2023\/08\/25\/prd-respalda-a-xochitl-galvez-para-ser-la-candidata-presidencial-del-frente\/#respond"]}]},{"@type":"WebPage","@id":"https:\/\/fuentesfidedignas.com.mx\/index.php\/2023\/08\/25\/prd-respalda-a-xochitl-galvez-para-ser-la-candidata-presidencial-del-frente\/","url":"https:\/\/fuentesfidedignas.com.mx\/index.php\/2023\/08\/25\/prd-respalda-a-xochitl-galvez-para-ser-la-candidata-presidencial-del-frente\/","name":"PRD respalda a X\u00f3chitl G\u00e1lvez para ser la candidata presidencial del frente - Fuentes Fidedignas","isPartOf":{"@id":"https:\/\/fuentesfidedignas.com.mx\/#website"},"primaryImageOfPage":{"@id":"https:\/\/fuentesfidedignas.com.mx\/index.php\/2023\/08\/25\/prd-respalda-a-xochitl-galvez-para-ser-la-candidata-presidencial-del-frente\/#primaryimage"},"image":{"@id":"https:\/\/fuentesfidedignas.com.mx\/index.php\/2023\/08\/25\/prd-respalda-a-xochitl-galvez-para-ser-la-candidata-presidencial-del-frente\/#primaryimage"},"thumbnailUrl":"https:\/\/fuentesfidedignas.com.mx\/wp-content\/uploads\/2023\/08\/2996912.jpg","datePublished":"2023-08-25T19:54:37+00:00","dateModified":"2023-08-25T19:56:14+00:00","breadcrumb":{"@id":"https:\/\/fuentesfidedignas.com.mx\/index.php\/2023\/08\/25\/prd-respalda-a-xochitl-galvez-para-ser-la-candidata-presidencial-del-frente\/#breadcrumb"},"inLanguage":"es","potentialAction":[{"@type":"ReadAction","target":["https:\/\/fuentesfidedignas.com.mx\/index.php\/2023\/08\/25\/prd-respalda-a-xochitl-galvez-para-ser-la-candidata-presidencial-del-frente\/"]}]},{"@type":"ImageObject","inLanguage":"es","@id":"https:\/\/fuentesfidedignas.com.mx\/index.php\/2023\/08\/25\/prd-respalda-a-xochitl-galvez-para-ser-la-candidata-presidencial-del-frente\/#primaryimage","url":"https:\/\/fuentesfidedignas.com.mx\/wp-content\/uploads\/2023\/08\/2996912.jpg","contentUrl":"https:\/\/fuentesfidedignas.com.mx\/wp-content\/uploads\/2023\/08\/2996912.jpg","width":800,"height":600},{"@type":"BreadcrumbList","@id":"https:\/\/fuentesfidedignas.com.mx\/index.php\/2023\/08\/25\/prd-respalda-a-xochitl-galvez-para-ser-la-candidata-presidencial-del-frente\/#breadcrumb","itemListElement":[{"@type":"ListItem","position":1,"name":"Inicio","item":"https:\/\/fuentesfidedignas.com.mx\/"},{"@type":"ListItem","position":2,"name":"PRD respalda a X\u00f3chitl G\u00e1lvez para ser la candidata presidencial del frente"}]},{"@type":"WebSite","@id":"https:\/\/fuentesfidedignas.com.mx\/#website","url":"https:\/\/fuentesfidedignas.com.mx\/","name":"Fuentes Fidedignas","description":"Otro sitio realizado con WordPress","publisher":{"@id":"https:\/\/fuentesfidedignas.com.mx\/#organization"},"potentialAction":[{"@type":"SearchAction","target":{"@type":"EntryPoint","urlTemplate":"https:\/\/fuentesfidedignas.com.mx\/?s={search_term_string}"},"query-input":{"@type":"PropertyValueSpecification","valueRequired":true,"valueName":"search_term_string"}}],"inLanguage":"es"},{"@type":"Organization","@id":"https:\/\/fuentesfidedignas.com.mx\/#organization","name":"Fuentes Fidedignas","url":"https:\/\/fuentesfidedignas.com.mx\/","logo":{"@type":"ImageObject","inLanguage":"es","@id":"https:\/\/fuentesfidedignas.com.mx\/#\/schema\/logo\/image\/","url":"https:\/\/fuentesfidedignas.com.mx\/wp-content\/uploads\/2021\/04\/logo-retina.png","contentUrl":"https:\/\/fuentesfidedignas.com.mx\/wp-content\/uploads\/2021\/04\/logo-retina.png","width":280,"height":51,"caption":"Fuentes Fidedignas"},"image":{"@id":"https:\/\/fuentesfidedignas.com.mx\/#\/schema\/logo\/image\/"},"sameAs":["https:\/\/www.facebook.com\/Fuentes-Fidedignas-368234489921644","https:\/\/x.com\/fidedignas"]},{"@type":"Person","@id":"https:\/\/fuentesfidedignas.com.mx\/#\/schema\/person\/ec4edd1fbf5efa3e44fce34fe2787780","name":"Exc\u00e9lsior","image":{"@type":"ImageObject","inLanguage":"es","@id":"https:\/\/secure.gravatar.com\/avatar\/4b7ee9206b48be08447852b3f0814dbc7c0f3b51541b164f1464a2725614020b?s=96&d=mm&r=g","url":"https:\/\/secure.gravatar.com\/avatar\/4b7ee9206b48be08447852b3f0814dbc7c0f3b51541b164f1464a2725614020b?s=96&d=mm&r=g","contentUrl":"https:\/\/secure.gravatar.com\/avatar\/4b7ee9206b48be08447852b3f0814dbc7c0f3b51541b164f1464a2725614020b?s=96&d=mm&r=g","caption":"Exc\u00e9lsior"},"url":"https:\/\/fuentesfidedignas.com.mx\/index.php\/author\/excelsior\/"}]}},"_links":{"self":[{"href":"https:\/\/fuentesfidedignas.com.mx\/index.php\/wp-json\/wp\/v2\/posts\/56678","targetHints":{"allow":["GET"]}}],"collection":[{"href":"https:\/\/fuentesfidedignas.com.mx\/index.php\/wp-json\/wp\/v2\/posts"}],"about":[{"href":"https:\/\/fuentesfidedignas.com.mx\/index.php\/wp-json\/wp\/v2\/types\/post"}],"author":[{"embeddable":true,"href":"https:\/\/fuentesfidedignas.com.mx\/index.php\/wp-json\/wp\/v2\/users\/7"}],"replies":[{"embeddable":true,"href":"https:\/\/fuentesfidedignas.com.mx\/index.php\/wp-json\/wp\/v2\/comments?post=56678"}],"version-history":[{"count":1,"href":"https:\/\/fuentesfidedignas.com.mx\/index.php\/wp-json\/wp\/v2\/posts\/56678\/revisions"}],"predecessor-version":[{"id":56679,"href":"https:\/\/fuentesfidedignas.com.mx\/index.php\/wp-json\/wp\/v2\/posts\/56678\/revisions\/56679"}],"wp:featuredmedia":[{"embeddable":true,"href":"https:\/\/fuentesfidedignas.com.mx\/index.php\/wp-json\/wp\/v2\/media\/56680"}],"wp:attachment":[{"href":"https:\/\/fuentesfidedignas.com.mx\/index.php\/wp-json\/wp\/v2\/media?parent=56678"}],"wp:term":[{"taxonomy":"category","embeddable":true,"href":"https:\/\/fuentesfidedignas.com.mx\/index.php\/wp-json\/wp\/v2\/categories?post=56678"},{"taxonomy":"post_tag","embeddable":true,"href":"https:\/\/fuentesfidedignas.com.mx\/index.php\/wp-json\/wp\/v2\/tags?post=56678"}],"curies":[{"name":"wp","href":"https:\/\/api.w.org\/{rel}","templated":true}]}}