{"id":56560,"date":"2023-08-24T15:28:53","date_gmt":"2023-08-24T22:28:53","guid":{"rendered":"https:\/\/fuentesfidedignas.com.mx\/?p=56560"},"modified":"2023-08-24T15:32:25","modified_gmt":"2023-08-24T22:32:25","slug":"vigilara-sepyc-que-cuotas-sean-voluntarias-y-no-se-condicione-acceso-a-escuelas","status":"publish","type":"post","link":"https:\/\/fuentesfidedignas.com.mx\/index.php\/2023\/08\/24\/vigilara-sepyc-que-cuotas-sean-voluntarias-y-no-se-condicione-acceso-a-escuelas\/","title":{"rendered":"Vigilar\u00e1 SEPyC que cuotas sean voluntarias y no se condicione acceso a escuelas"},"content":{"rendered":"\n<p><em><strong>&#8220;<\/strong><\/em><strong><em>Si los pap\u00e1s quieren colaborar para que la escuela resuelva algunas necesidades que tiene, eso es voluntario<\/em><\/strong><em><strong>&#8220;, recalc\u00f3 Graciela Dom\u00ednguez<\/strong><\/em><\/p>\n\n\n\n<p>Culiac\u00e1n, Sin.- La Secretar\u00eda de Educaci\u00f3n P\u00fablica y Cultura vigilar\u00e1 que las escuelas no condicionen la inscripci\u00f3n, ni el acceso, a cambio de pagar cuotas que deber\u00e1n ser otorgadas de forma voluntaria por parte de los padres de familia, asegur\u00f3 Graciela Dom\u00ednguez Nava.<\/p>\n\n\n\n<p>&#8220;<em>Nuestra labor es estar muy vigilantes, hacemos un acompa\u00f1amiento y garantizamos que a nadie se le evite ingresar y a nadie se le nieguen sus documentos<\/em>&#8220;, asever\u00f3 la titular de SEPyC.<\/p>\n\n\n\n<p>En ese sentido, recalc\u00f3 que todo apoyo debe darse manera voluntaria: &#8220;<strong>Si los pap\u00e1s quieren colaborar para que la escuela resuelva algunas necesidades que tiene, eso es voluntario. Por eso decimos que la Constituci\u00f3n garantiza una educaci\u00f3n para todos y todas, y no se condiciona un pago de inscripci\u00f3n, por eso es gratuita porque no debe condicionarse el pago<\/strong>&#8220;.<\/p>\n\n\n\n<iframe loading=\"lazy\" src=\"https:\/\/www.facebook.com\/plugins\/video.php?height=314&#038;href=https%3A%2F%2Fwww.facebook.com%2F100050497569358%2Fvideos%2F254404097440418%2F&#038;show_text=false&#038;width=560&#038;t=0\" width=\"560\" height=\"314\" style=\"border:none;overflow:hidden\" scrolling=\"no\" frameborder=\"0\" allowfullscreen=\"true\" allow=\"autoplay; clipboard-write; encrypted-media; picture-in-picture; web-share\" allowFullScreen=\"true\"><\/iframe>\n\n\n\n<p>Reiter\u00f3 el llamado del gobernador Rub\u00e9n Rocha Moya para que las madres, padres o tutores, no sean presionados para entregar un apoyo econ\u00f3mico para poder inscribir a los ni\u00f1os en las escuelas p\u00fablicas.<\/p>\n\n\n\n<p>&#8220;<strong>No existen las cuotas de inscripci\u00f3n y en ese sentido el gobernador consider\u00f3 importante hacer un llamado a los padres de familia para que estar alertas y sepan que es un derecho gratuito<\/strong>&#8220;, especific\u00f3 Dom\u00ednguez Nava.<\/p>\n\n\n\n<p>Respecto a las condiciones de las escuelas p\u00fablicas de Sinaloa, la secretaria de Educaci\u00f3n se\u00f1al\u00f3 que hay un avance del 90 por ciento en la reparaci\u00f3n de problemas con la energ\u00eda el\u00e9ctrica del algunos planteles. Asimismo, se contin\u00faa con la labor de mejor las condiciones de infraestructura educativa a lo largo del estado.<\/p>\n","protected":false},"excerpt":{"rendered":"<p>&#8220;Si los pap\u00e1s quieren colaborar para que la escuela resuelva algunas necesidades que tiene, eso es voluntario&#8220;, recalc\u00f3 Graciela Dom\u00ednguez Culiac\u00e1n, Sin.- La Secretar\u00eda de Educaci\u00f3n P\u00fablica y Cultura vigilar\u00e1 que las escuelas no condicionen la inscripci\u00f3n, ni el acceso, a cambio de pagar cuotas que deber\u00e1n ser otorgadas de forma voluntaria por parte de [&hellip;]<\/p>\n","protected":false},"author":11,"featured_media":56561,"comment_status":"open","ping_status":"open","sticky":false,"template":"","format":"standard","meta":{"tdm_status":"","tdm_grid_status":"","footnotes":""},"categories":[38],"tags":[],"class_list":{"0":"post-56560","1":"post","2":"type-post","3":"status-publish","4":"format-standard","5":"has-post-thumbnail","7":"category-noticias-locales"},"yoast_head":"<!-- This site is optimized with the Yoast SEO plugin v27.4 - https:\/\/yoast.com\/product\/yoast-seo-wordpress\/ -->\n<title>Vigilar\u00e1 SEPyC que cuotas sean voluntarias y no se condicione acceso a escuelas - Fuentes Fidedignas<\/title>\n<meta name=\"robots\" content=\"index, follow, max-snippet:-1, max-image-preview:large, max-video-preview:-1\" \/>\n<link rel=\"canonical\" href=\"https:\/\/fuentesfidedignas.com.mx\/index.php\/2023\/08\/24\/vigilara-sepyc-que-cuotas-sean-voluntarias-y-no-se-condicione-acceso-a-escuelas\/\" \/>\n<meta property=\"og:locale\" content=\"es_MX\" \/>\n<meta property=\"og:type\" content=\"article\" \/>\n<meta property=\"og:title\" content=\"Vigilar\u00e1 SEPyC que cuotas sean voluntarias y no se condicione acceso a escuelas - Fuentes Fidedignas\" \/>\n<meta property=\"og:description\" content=\"&#8220;Si los pap\u00e1s quieren colaborar para que la escuela resuelva algunas necesidades que tiene, eso es voluntario&#8220;, recalc\u00f3 Graciela Dom\u00ednguez Culiac\u00e1n, Sin.- La Secretar\u00eda de Educaci\u00f3n P\u00fablica y Cultura vigilar\u00e1 que las escuelas no condicionen la inscripci\u00f3n, ni el acceso, a cambio de pagar cuotas que deber\u00e1n ser otorgadas de forma voluntaria por parte de [&hellip;]\" \/>\n<meta property=\"og:url\" content=\"https:\/\/fuentesfidedignas.com.mx\/index.php\/2023\/08\/24\/vigilara-sepyc-que-cuotas-sean-voluntarias-y-no-se-condicione-acceso-a-escuelas\/\" \/>\n<meta property=\"og:site_name\" content=\"Fuentes Fidedignas\" \/>\n<meta property=\"article:publisher\" content=\"https:\/\/www.facebook.com\/Fuentes-Fidedignas-368234489921644\" \/>\n<meta property=\"article:published_time\" content=\"2023-08-24T22:28:53+00:00\" \/>\n<meta property=\"article:modified_time\" content=\"2023-08-24T22:32:25+00:00\" \/>\n<meta property=\"og:image\" content=\"https:\/\/fuentesfidedignas.com.mx\/wp-content\/uploads\/2023\/08\/graciela-dominguez-240823.jpg\" \/>\n\t<meta property=\"og:image:width\" content=\"700\" \/>\n\t<meta property=\"og:image:height\" content=\"459\" \/>\n\t<meta property=\"og:image:type\" content=\"image\/jpeg\" \/>\n<meta name=\"author\" content=\"Marissa Palafox\" \/>\n<meta name=\"twitter:card\" content=\"summary_large_image\" \/>\n<meta name=\"twitter:creator\" content=\"@fidedignas\" \/>\n<meta name=\"twitter:site\" content=\"@fidedignas\" \/>\n<meta name=\"twitter:label1\" content=\"Escrito por\" \/>\n\t<meta name=\"twitter:data1\" content=\"Marissa Palafox\" \/>\n\t<meta name=\"twitter:label2\" content=\"Tiempo de lectura\" \/>\n\t<meta name=\"twitter:data2\" content=\"2 minutos\" \/>\n<script type=\"application\/ld+json\" class=\"yoast-schema-graph\">{\"@context\":\"https:\\\/\\\/schema.org\",\"@graph\":[{\"@type\":\"Article\",\"@id\":\"https:\\\/\\\/fuentesfidedignas.com.mx\\\/index.php\\\/2023\\\/08\\\/24\\\/vigilara-sepyc-que-cuotas-sean-voluntarias-y-no-se-condicione-acceso-a-escuelas\\\/#article\",\"isPartOf\":{\"@id\":\"https:\\\/\\\/fuentesfidedignas.com.mx\\\/index.php\\\/2023\\\/08\\\/24\\\/vigilara-sepyc-que-cuotas-sean-voluntarias-y-no-se-condicione-acceso-a-escuelas\\\/\"},\"author\":{\"name\":\"Marissa Palafox\",\"@id\":\"https:\\\/\\\/fuentesfidedignas.com.mx\\\/#\\\/schema\\\/person\\\/2c10028b4a30078c05a056a215342ab9\"},\"headline\":\"Vigilar\u00e1 SEPyC que cuotas sean voluntarias y no se condicione acceso a escuelas\",\"datePublished\":\"2023-08-24T22:28:53+00:00\",\"dateModified\":\"2023-08-24T22:32:25+00:00\",\"mainEntityOfPage\":{\"@id\":\"https:\\\/\\\/fuentesfidedignas.com.mx\\\/index.php\\\/2023\\\/08\\\/24\\\/vigilara-sepyc-que-cuotas-sean-voluntarias-y-no-se-condicione-acceso-a-escuelas\\\/\"},\"wordCount\":315,\"commentCount\":0,\"publisher\":{\"@id\":\"https:\\\/\\\/fuentesfidedignas.com.mx\\\/#organization\"},\"image\":{\"@id\":\"https:\\\/\\\/fuentesfidedignas.com.mx\\\/index.php\\\/2023\\\/08\\\/24\\\/vigilara-sepyc-que-cuotas-sean-voluntarias-y-no-se-condicione-acceso-a-escuelas\\\/#primaryimage\"},\"thumbnailUrl\":\"https:\\\/\\\/fuentesfidedignas.com.mx\\\/wp-content\\\/uploads\\\/2023\\\/08\\\/graciela-dominguez-240823.jpg\",\"articleSection\":[\"NOTICIAS LOCALES\"],\"inLanguage\":\"es\",\"potentialAction\":[{\"@type\":\"CommentAction\",\"name\":\"Comment\",\"target\":[\"https:\\\/\\\/fuentesfidedignas.com.mx\\\/index.php\\\/2023\\\/08\\\/24\\\/vigilara-sepyc-que-cuotas-sean-voluntarias-y-no-se-condicione-acceso-a-escuelas\\\/#respond\"]}]},{\"@type\":\"WebPage\",\"@id\":\"https:\\\/\\\/fuentesfidedignas.com.mx\\\/index.php\\\/2023\\\/08\\\/24\\\/vigilara-sepyc-que-cuotas-sean-voluntarias-y-no-se-condicione-acceso-a-escuelas\\\/\",\"url\":\"https:\\\/\\\/fuentesfidedignas.com.mx\\\/index.php\\\/2023\\\/08\\\/24\\\/vigilara-sepyc-que-cuotas-sean-voluntarias-y-no-se-condicione-acceso-a-escuelas\\\/\",\"name\":\"Vigilar\u00e1 SEPyC que cuotas sean voluntarias y no se condicione acceso a escuelas - Fuentes Fidedignas\",\"isPartOf\":{\"@id\":\"https:\\\/\\\/fuentesfidedignas.com.mx\\\/#website\"},\"primaryImageOfPage\":{\"@id\":\"https:\\\/\\\/fuentesfidedignas.com.mx\\\/index.php\\\/2023\\\/08\\\/24\\\/vigilara-sepyc-que-cuotas-sean-voluntarias-y-no-se-condicione-acceso-a-escuelas\\\/#primaryimage\"},\"image\":{\"@id\":\"https:\\\/\\\/fuentesfidedignas.com.mx\\\/index.php\\\/2023\\\/08\\\/24\\\/vigilara-sepyc-que-cuotas-sean-voluntarias-y-no-se-condicione-acceso-a-escuelas\\\/#primaryimage\"},\"thumbnailUrl\":\"https:\\\/\\\/fuentesfidedignas.com.mx\\\/wp-content\\\/uploads\\\/2023\\\/08\\\/graciela-dominguez-240823.jpg\",\"datePublished\":\"2023-08-24T22:28:53+00:00\",\"dateModified\":\"2023-08-24T22:32:25+00:00\",\"breadcrumb\":{\"@id\":\"https:\\\/\\\/fuentesfidedignas.com.mx\\\/index.php\\\/2023\\\/08\\\/24\\\/vigilara-sepyc-que-cuotas-sean-voluntarias-y-no-se-condicione-acceso-a-escuelas\\\/#breadcrumb\"},\"inLanguage\":\"es\",\"potentialAction\":[{\"@type\":\"ReadAction\",\"target\":[\"https:\\\/\\\/fuentesfidedignas.com.mx\\\/index.php\\\/2023\\\/08\\\/24\\\/vigilara-sepyc-que-cuotas-sean-voluntarias-y-no-se-condicione-acceso-a-escuelas\\\/\"]}]},{\"@type\":\"ImageObject\",\"inLanguage\":\"es\",\"@id\":\"https:\\\/\\\/fuentesfidedignas.com.mx\\\/index.php\\\/2023\\\/08\\\/24\\\/vigilara-sepyc-que-cuotas-sean-voluntarias-y-no-se-condicione-acceso-a-escuelas\\\/#primaryimage\",\"url\":\"https:\\\/\\\/fuentesfidedignas.com.mx\\\/wp-content\\\/uploads\\\/2023\\\/08\\\/graciela-dominguez-240823.jpg\",\"contentUrl\":\"https:\\\/\\\/fuentesfidedignas.com.mx\\\/wp-content\\\/uploads\\\/2023\\\/08\\\/graciela-dominguez-240823.jpg\",\"width\":700,\"height\":459},{\"@type\":\"BreadcrumbList\",\"@id\":\"https:\\\/\\\/fuentesfidedignas.com.mx\\\/index.php\\\/2023\\\/08\\\/24\\\/vigilara-sepyc-que-cuotas-sean-voluntarias-y-no-se-condicione-acceso-a-escuelas\\\/#breadcrumb\",\"itemListElement\":[{\"@type\":\"ListItem\",\"position\":1,\"name\":\"Inicio\",\"item\":\"https:\\\/\\\/fuentesfidedignas.com.mx\\\/\"},{\"@type\":\"ListItem\",\"position\":2,\"name\":\"Vigilar\u00e1 SEPyC que cuotas sean voluntarias y no se condicione acceso a escuelas\"}]},{\"@type\":\"WebSite\",\"@id\":\"https:\\\/\\\/fuentesfidedignas.com.mx\\\/#website\",\"url\":\"https:\\\/\\\/fuentesfidedignas.com.mx\\\/\",\"name\":\"Fuentes Fidedignas\",\"description\":\"Otro sitio realizado con WordPress\",\"publisher\":{\"@id\":\"https:\\\/\\\/fuentesfidedignas.com.mx\\\/#organization\"},\"potentialAction\":[{\"@type\":\"SearchAction\",\"target\":{\"@type\":\"EntryPoint\",\"urlTemplate\":\"https:\\\/\\\/fuentesfidedignas.com.mx\\\/?s={search_term_string}\"},\"query-input\":{\"@type\":\"PropertyValueSpecification\",\"valueRequired\":true,\"valueName\":\"search_term_string\"}}],\"inLanguage\":\"es\"},{\"@type\":\"Organization\",\"@id\":\"https:\\\/\\\/fuentesfidedignas.com.mx\\\/#organization\",\"name\":\"Fuentes Fidedignas\",\"url\":\"https:\\\/\\\/fuentesfidedignas.com.mx\\\/\",\"logo\":{\"@type\":\"ImageObject\",\"inLanguage\":\"es\",\"@id\":\"https:\\\/\\\/fuentesfidedignas.com.mx\\\/#\\\/schema\\\/logo\\\/image\\\/\",\"url\":\"https:\\\/\\\/fuentesfidedignas.com.mx\\\/wp-content\\\/uploads\\\/2021\\\/04\\\/logo-retina.png\",\"contentUrl\":\"https:\\\/\\\/fuentesfidedignas.com.mx\\\/wp-content\\\/uploads\\\/2021\\\/04\\\/logo-retina.png\",\"width\":280,\"height\":51,\"caption\":\"Fuentes Fidedignas\"},\"image\":{\"@id\":\"https:\\\/\\\/fuentesfidedignas.com.mx\\\/#\\\/schema\\\/logo\\\/image\\\/\"},\"sameAs\":[\"https:\\\/\\\/www.facebook.com\\\/Fuentes-Fidedignas-368234489921644\",\"https:\\\/\\\/x.com\\\/fidedignas\"]},{\"@type\":\"Person\",\"@id\":\"https:\\\/\\\/fuentesfidedignas.com.mx\\\/#\\\/schema\\\/person\\\/2c10028b4a30078c05a056a215342ab9\",\"name\":\"Marissa Palafox\",\"image\":{\"@type\":\"ImageObject\",\"inLanguage\":\"es\",\"@id\":\"https:\\\/\\\/secure.gravatar.com\\\/avatar\\\/20a43bdb2f2db10f20b22d4e98b96eb027faf98f7f76d29854dc5fab46d1cf71?s=96&d=mm&r=g\",\"url\":\"https:\\\/\\\/secure.gravatar.com\\\/avatar\\\/20a43bdb2f2db10f20b22d4e98b96eb027faf98f7f76d29854dc5fab46d1cf71?s=96&d=mm&r=g\",\"contentUrl\":\"https:\\\/\\\/secure.gravatar.com\\\/avatar\\\/20a43bdb2f2db10f20b22d4e98b96eb027faf98f7f76d29854dc5fab46d1cf71?s=96&d=mm&r=g\",\"caption\":\"Marissa Palafox\"},\"url\":\"https:\\\/\\\/fuentesfidedignas.com.mx\\\/index.php\\\/author\\\/marissa\\\/\"}]}<\/script>\n<!-- \/ Yoast SEO plugin. -->","yoast_head_json":{"title":"Vigilar\u00e1 SEPyC que cuotas sean voluntarias y no se condicione acceso a escuelas - Fuentes Fidedignas","robots":{"index":"index","follow":"follow","max-snippet":"max-snippet:-1","max-image-preview":"max-image-preview:large","max-video-preview":"max-video-preview:-1"},"canonical":"https:\/\/fuentesfidedignas.com.mx\/index.php\/2023\/08\/24\/vigilara-sepyc-que-cuotas-sean-voluntarias-y-no-se-condicione-acceso-a-escuelas\/","og_locale":"es_MX","og_type":"article","og_title":"Vigilar\u00e1 SEPyC que cuotas sean voluntarias y no se condicione acceso a escuelas - Fuentes Fidedignas","og_description":"&#8220;Si los pap\u00e1s quieren colaborar para que la escuela resuelva algunas necesidades que tiene, eso es voluntario&#8220;, recalc\u00f3 Graciela Dom\u00ednguez Culiac\u00e1n, Sin.- La Secretar\u00eda de Educaci\u00f3n P\u00fablica y Cultura vigilar\u00e1 que las escuelas no condicionen la inscripci\u00f3n, ni el acceso, a cambio de pagar cuotas que deber\u00e1n ser otorgadas de forma voluntaria por parte de [&hellip;]","og_url":"https:\/\/fuentesfidedignas.com.mx\/index.php\/2023\/08\/24\/vigilara-sepyc-que-cuotas-sean-voluntarias-y-no-se-condicione-acceso-a-escuelas\/","og_site_name":"Fuentes Fidedignas","article_publisher":"https:\/\/www.facebook.com\/Fuentes-Fidedignas-368234489921644","article_published_time":"2023-08-24T22:28:53+00:00","article_modified_time":"2023-08-24T22:32:25+00:00","og_image":[{"width":700,"height":459,"url":"https:\/\/fuentesfidedignas.com.mx\/wp-content\/uploads\/2023\/08\/graciela-dominguez-240823.jpg","type":"image\/jpeg"}],"author":"Marissa Palafox","twitter_card":"summary_large_image","twitter_creator":"@fidedignas","twitter_site":"@fidedignas","twitter_misc":{"Escrito por":"Marissa Palafox","Tiempo de lectura":"2 minutos"},"schema":{"@context":"https:\/\/schema.org","@graph":[{"@type":"Article","@id":"https:\/\/fuentesfidedignas.com.mx\/index.php\/2023\/08\/24\/vigilara-sepyc-que-cuotas-sean-voluntarias-y-no-se-condicione-acceso-a-escuelas\/#article","isPartOf":{"@id":"https:\/\/fuentesfidedignas.com.mx\/index.php\/2023\/08\/24\/vigilara-sepyc-que-cuotas-sean-voluntarias-y-no-se-condicione-acceso-a-escuelas\/"},"author":{"name":"Marissa Palafox","@id":"https:\/\/fuentesfidedignas.com.mx\/#\/schema\/person\/2c10028b4a30078c05a056a215342ab9"},"headline":"Vigilar\u00e1 SEPyC que cuotas sean voluntarias y no se condicione acceso a escuelas","datePublished":"2023-08-24T22:28:53+00:00","dateModified":"2023-08-24T22:32:25+00:00","mainEntityOfPage":{"@id":"https:\/\/fuentesfidedignas.com.mx\/index.php\/2023\/08\/24\/vigilara-sepyc-que-cuotas-sean-voluntarias-y-no-se-condicione-acceso-a-escuelas\/"},"wordCount":315,"commentCount":0,"publisher":{"@id":"https:\/\/fuentesfidedignas.com.mx\/#organization"},"image":{"@id":"https:\/\/fuentesfidedignas.com.mx\/index.php\/2023\/08\/24\/vigilara-sepyc-que-cuotas-sean-voluntarias-y-no-se-condicione-acceso-a-escuelas\/#primaryimage"},"thumbnailUrl":"https:\/\/fuentesfidedignas.com.mx\/wp-content\/uploads\/2023\/08\/graciela-dominguez-240823.jpg","articleSection":["NOTICIAS LOCALES"],"inLanguage":"es","potentialAction":[{"@type":"CommentAction","name":"Comment","target":["https:\/\/fuentesfidedignas.com.mx\/index.php\/2023\/08\/24\/vigilara-sepyc-que-cuotas-sean-voluntarias-y-no-se-condicione-acceso-a-escuelas\/#respond"]}]},{"@type":"WebPage","@id":"https:\/\/fuentesfidedignas.com.mx\/index.php\/2023\/08\/24\/vigilara-sepyc-que-cuotas-sean-voluntarias-y-no-se-condicione-acceso-a-escuelas\/","url":"https:\/\/fuentesfidedignas.com.mx\/index.php\/2023\/08\/24\/vigilara-sepyc-que-cuotas-sean-voluntarias-y-no-se-condicione-acceso-a-escuelas\/","name":"Vigilar\u00e1 SEPyC que cuotas sean voluntarias y no se condicione acceso a escuelas - Fuentes Fidedignas","isPartOf":{"@id":"https:\/\/fuentesfidedignas.com.mx\/#website"},"primaryImageOfPage":{"@id":"https:\/\/fuentesfidedignas.com.mx\/index.php\/2023\/08\/24\/vigilara-sepyc-que-cuotas-sean-voluntarias-y-no-se-condicione-acceso-a-escuelas\/#primaryimage"},"image":{"@id":"https:\/\/fuentesfidedignas.com.mx\/index.php\/2023\/08\/24\/vigilara-sepyc-que-cuotas-sean-voluntarias-y-no-se-condicione-acceso-a-escuelas\/#primaryimage"},"thumbnailUrl":"https:\/\/fuentesfidedignas.com.mx\/wp-content\/uploads\/2023\/08\/graciela-dominguez-240823.jpg","datePublished":"2023-08-24T22:28:53+00:00","dateModified":"2023-08-24T22:32:25+00:00","breadcrumb":{"@id":"https:\/\/fuentesfidedignas.com.mx\/index.php\/2023\/08\/24\/vigilara-sepyc-que-cuotas-sean-voluntarias-y-no-se-condicione-acceso-a-escuelas\/#breadcrumb"},"inLanguage":"es","potentialAction":[{"@type":"ReadAction","target":["https:\/\/fuentesfidedignas.com.mx\/index.php\/2023\/08\/24\/vigilara-sepyc-que-cuotas-sean-voluntarias-y-no-se-condicione-acceso-a-escuelas\/"]}]},{"@type":"ImageObject","inLanguage":"es","@id":"https:\/\/fuentesfidedignas.com.mx\/index.php\/2023\/08\/24\/vigilara-sepyc-que-cuotas-sean-voluntarias-y-no-se-condicione-acceso-a-escuelas\/#primaryimage","url":"https:\/\/fuentesfidedignas.com.mx\/wp-content\/uploads\/2023\/08\/graciela-dominguez-240823.jpg","contentUrl":"https:\/\/fuentesfidedignas.com.mx\/wp-content\/uploads\/2023\/08\/graciela-dominguez-240823.jpg","width":700,"height":459},{"@type":"BreadcrumbList","@id":"https:\/\/fuentesfidedignas.com.mx\/index.php\/2023\/08\/24\/vigilara-sepyc-que-cuotas-sean-voluntarias-y-no-se-condicione-acceso-a-escuelas\/#breadcrumb","itemListElement":[{"@type":"ListItem","position":1,"name":"Inicio","item":"https:\/\/fuentesfidedignas.com.mx\/"},{"@type":"ListItem","position":2,"name":"Vigilar\u00e1 SEPyC que cuotas sean voluntarias y no se condicione acceso a escuelas"}]},{"@type":"WebSite","@id":"https:\/\/fuentesfidedignas.com.mx\/#website","url":"https:\/\/fuentesfidedignas.com.mx\/","name":"Fuentes Fidedignas","description":"Otro sitio realizado con WordPress","publisher":{"@id":"https:\/\/fuentesfidedignas.com.mx\/#organization"},"potentialAction":[{"@type":"SearchAction","target":{"@type":"EntryPoint","urlTemplate":"https:\/\/fuentesfidedignas.com.mx\/?s={search_term_string}"},"query-input":{"@type":"PropertyValueSpecification","valueRequired":true,"valueName":"search_term_string"}}],"inLanguage":"es"},{"@type":"Organization","@id":"https:\/\/fuentesfidedignas.com.mx\/#organization","name":"Fuentes Fidedignas","url":"https:\/\/fuentesfidedignas.com.mx\/","logo":{"@type":"ImageObject","inLanguage":"es","@id":"https:\/\/fuentesfidedignas.com.mx\/#\/schema\/logo\/image\/","url":"https:\/\/fuentesfidedignas.com.mx\/wp-content\/uploads\/2021\/04\/logo-retina.png","contentUrl":"https:\/\/fuentesfidedignas.com.mx\/wp-content\/uploads\/2021\/04\/logo-retina.png","width":280,"height":51,"caption":"Fuentes Fidedignas"},"image":{"@id":"https:\/\/fuentesfidedignas.com.mx\/#\/schema\/logo\/image\/"},"sameAs":["https:\/\/www.facebook.com\/Fuentes-Fidedignas-368234489921644","https:\/\/x.com\/fidedignas"]},{"@type":"Person","@id":"https:\/\/fuentesfidedignas.com.mx\/#\/schema\/person\/2c10028b4a30078c05a056a215342ab9","name":"Marissa Palafox","image":{"@type":"ImageObject","inLanguage":"es","@id":"https:\/\/secure.gravatar.com\/avatar\/20a43bdb2f2db10f20b22d4e98b96eb027faf98f7f76d29854dc5fab46d1cf71?s=96&d=mm&r=g","url":"https:\/\/secure.gravatar.com\/avatar\/20a43bdb2f2db10f20b22d4e98b96eb027faf98f7f76d29854dc5fab46d1cf71?s=96&d=mm&r=g","contentUrl":"https:\/\/secure.gravatar.com\/avatar\/20a43bdb2f2db10f20b22d4e98b96eb027faf98f7f76d29854dc5fab46d1cf71?s=96&d=mm&r=g","caption":"Marissa Palafox"},"url":"https:\/\/fuentesfidedignas.com.mx\/index.php\/author\/marissa\/"}]}},"_links":{"self":[{"href":"https:\/\/fuentesfidedignas.com.mx\/index.php\/wp-json\/wp\/v2\/posts\/56560","targetHints":{"allow":["GET"]}}],"collection":[{"href":"https:\/\/fuentesfidedignas.com.mx\/index.php\/wp-json\/wp\/v2\/posts"}],"about":[{"href":"https:\/\/fuentesfidedignas.com.mx\/index.php\/wp-json\/wp\/v2\/types\/post"}],"author":[{"embeddable":true,"href":"https:\/\/fuentesfidedignas.com.mx\/index.php\/wp-json\/wp\/v2\/users\/11"}],"replies":[{"embeddable":true,"href":"https:\/\/fuentesfidedignas.com.mx\/index.php\/wp-json\/wp\/v2\/comments?post=56560"}],"version-history":[{"count":2,"href":"https:\/\/fuentesfidedignas.com.mx\/index.php\/wp-json\/wp\/v2\/posts\/56560\/revisions"}],"predecessor-version":[{"id":56563,"href":"https:\/\/fuentesfidedignas.com.mx\/index.php\/wp-json\/wp\/v2\/posts\/56560\/revisions\/56563"}],"wp:featuredmedia":[{"embeddable":true,"href":"https:\/\/fuentesfidedignas.com.mx\/index.php\/wp-json\/wp\/v2\/media\/56561"}],"wp:attachment":[{"href":"https:\/\/fuentesfidedignas.com.mx\/index.php\/wp-json\/wp\/v2\/media?parent=56560"}],"wp:term":[{"taxonomy":"category","embeddable":true,"href":"https:\/\/fuentesfidedignas.com.mx\/index.php\/wp-json\/wp\/v2\/categories?post=56560"},{"taxonomy":"post_tag","embeddable":true,"href":"https:\/\/fuentesfidedignas.com.mx\/index.php\/wp-json\/wp\/v2\/tags?post=56560"}],"curies":[{"name":"wp","href":"https:\/\/api.w.org\/{rel}","templated":true}]}}