{"id":5652,"date":"2021-06-22T15:48:09","date_gmt":"2021-06-22T22:48:09","guid":{"rendered":"https:\/\/fuentesfidedignas.com.mx\/?p=5652"},"modified":"2021-06-22T15:48:11","modified_gmt":"2021-06-22T22:48:11","slug":"rocha-moya-se-reune-con-olga-sanchez-cordero-acuerdan-apoyar-a-las-familias-de-desaparecidos","status":"publish","type":"post","link":"https:\/\/fuentesfidedignas.com.mx\/index.php\/2021\/06\/22\/rocha-moya-se-reune-con-olga-sanchez-cordero-acuerdan-apoyar-a-las-familias-de-desaparecidos\/","title":{"rendered":"Rocha Moya se re\u00fane con Olga S\u00e1nchez Cordero; acuerdan apoyar a las familias de desaparecidos"},"content":{"rendered":"\n<p><strong><em>La titular de la Secretar\u00eda de Gobernaci\u00f3n ofreci\u00f3 compartir las buenas pr\u00e1cticas implementadas en otras entidades para apoyar a las familias sinaloenses.<\/em><\/strong><\/p>\n\n\n\n<p>Ciudad de M\u00e9xico. \u2013 Con el objetivo de estrechar los lazos de colaboraci\u00f3n con el Gobierno Federal e iniciar la transformaci\u00f3n de Sinaloa, el gobernador electo Rub\u00e9n Rocha Moya se reuni\u00f3 con la titular de la Secretar\u00eda de Gobernaci\u00f3n (SEGOB), Olga S\u00e1nchez Cordero, con quien abord\u00f3 temas relacionados con la seguridad y los derechos humanos de los sinaloeneses.<\/p>\n\n\n\n<p>En el marco de la agenda de trabajo que sostiene en la Ciudad de M\u00e9xico, en el tema de derechos humanos, Rocha Moya dijo que durante el encuentro con la titular de la SEGOB le plante\u00f3 establecer una agenda de trabajo para apoyar a las familiares de personas desaparecidas.<\/p>\n\n\n\n<p>\u201cEn la entrevista con la ministra y secretaria de Gobernaci\u00f3n, Olga S\u00e1nchez Cordero, hablamos de muchos temas interesantes. Me comentaba, por ejemplo, de las buenas pr\u00e1cticas en temas de apoyos a las buscadoras de familiares desaparecidos. Estuvimos haciendo un acopio de las experiencias que ella misma tiene y conoce de los gobernadores de la Rep\u00fablica en esta materia, vamos a recogerlas para apoyar las rastreadoras del estado\u201d.<\/p>\n\n\n\n<p>Rocha Moya sostuvo que \u00e9l tiene una extraordinaria vocaci\u00f3n por ayudar a las rastreadoras que operan en el estado, con quienes se comprometi\u00f3 a reunirse una vez que entre en funciones como gobernador constitucional de Sinaloa, a partir del 1 de noviembre.<\/p>\n\n\n\n<p>El gobernador electo se\u00f1al\u00f3 que otros de los temas que platic\u00f3 con la secretaria de Gobernaci\u00f3n est\u00e1n relacionados con brindarle seguridad y paz a las y los sinaloenses.<\/p>\n\n\n\n<p>Por otra parte, Rub\u00e9n Moya se reuni\u00f3 con el titular de la Coordinaci\u00f3n General de Comunicaci\u00f3n Social de la Presidencia, Jes\u00fas Ram\u00edrez Cuevas, con quien trat\u00f3 temas como el reciente proceso electoral que vivi\u00f3 Sinaloa, as\u00ed como de la agenda nacional que son de inter\u00e9s para los sinaloenses.<\/p>\n","protected":false},"excerpt":{"rendered":"<p>La titular de la Secretar\u00eda de Gobernaci\u00f3n ofreci\u00f3 compartir las buenas pr\u00e1cticas implementadas en otras entidades para apoyar a las familias sinaloenses. Ciudad de M\u00e9xico. \u2013 Con el objetivo de estrechar los lazos de colaboraci\u00f3n con el Gobierno Federal e iniciar la transformaci\u00f3n de Sinaloa, el gobernador electo Rub\u00e9n Rocha Moya se reuni\u00f3 con la [&hellip;]<\/p>\n","protected":false},"author":4,"featured_media":5654,"comment_status":"open","ping_status":"open","sticky":false,"template":"","format":"standard","meta":{"tdm_status":"","tdm_grid_status":"","footnotes":""},"categories":[37],"tags":[1003,1025,52],"class_list":{"0":"post-5652","1":"post","2":"type-post","3":"status-publish","4":"format-standard","5":"has-post-thumbnail","7":"category-nota-principal","8":"tag-gobernador-electo","9":"tag-olga-sanchez-cordero","10":"tag-ruben-rocha-moya"},"yoast_head":"<!-- This site is optimized with the Yoast SEO plugin v27.4 - https:\/\/yoast.com\/product\/yoast-seo-wordpress\/ -->\n<title>Rocha Moya se re\u00fane con Olga S\u00e1nchez Cordero; acuerdan apoyar a las familias de desaparecidos - Fuentes Fidedignas<\/title>\n<meta name=\"robots\" content=\"index, follow, max-snippet:-1, max-image-preview:large, max-video-preview:-1\" \/>\n<link rel=\"canonical\" href=\"https:\/\/fuentesfidedignas.com.mx\/index.php\/2021\/06\/22\/rocha-moya-se-reune-con-olga-sanchez-cordero-acuerdan-apoyar-a-las-familias-de-desaparecidos\/\" \/>\n<meta property=\"og:locale\" content=\"es_MX\" \/>\n<meta property=\"og:type\" content=\"article\" \/>\n<meta property=\"og:title\" content=\"Rocha Moya se re\u00fane con Olga S\u00e1nchez Cordero; acuerdan apoyar a las familias de desaparecidos - Fuentes Fidedignas\" \/>\n<meta property=\"og:description\" content=\"La titular de la Secretar\u00eda de Gobernaci\u00f3n ofreci\u00f3 compartir las buenas pr\u00e1cticas implementadas en otras entidades para apoyar a las familias sinaloenses. Ciudad de M\u00e9xico. \u2013 Con el objetivo de estrechar los lazos de colaboraci\u00f3n con el Gobierno Federal e iniciar la transformaci\u00f3n de Sinaloa, el gobernador electo Rub\u00e9n Rocha Moya se reuni\u00f3 con la [&hellip;]\" \/>\n<meta property=\"og:url\" content=\"https:\/\/fuentesfidedignas.com.mx\/index.php\/2021\/06\/22\/rocha-moya-se-reune-con-olga-sanchez-cordero-acuerdan-apoyar-a-las-familias-de-desaparecidos\/\" \/>\n<meta property=\"og:site_name\" content=\"Fuentes Fidedignas\" \/>\n<meta property=\"article:publisher\" content=\"https:\/\/www.facebook.com\/Fuentes-Fidedignas-368234489921644\" \/>\n<meta property=\"article:published_time\" content=\"2021-06-22T22:48:09+00:00\" \/>\n<meta property=\"article:modified_time\" content=\"2021-06-22T22:48:11+00:00\" \/>\n<meta property=\"og:image\" content=\"https:\/\/fuentesfidedignas.com.mx\/wp-content\/uploads\/2021\/06\/OLGA_ROCHA.jpg\" \/>\n\t<meta property=\"og:image:width\" content=\"841\" \/>\n\t<meta property=\"og:image:height\" content=\"550\" \/>\n\t<meta property=\"og:image:type\" content=\"image\/jpeg\" \/>\n<meta name=\"author\" content=\"Redacci\u00f3n\" \/>\n<meta name=\"twitter:card\" content=\"summary_large_image\" \/>\n<meta name=\"twitter:creator\" content=\"@fidedignas\" \/>\n<meta name=\"twitter:site\" content=\"@fidedignas\" \/>\n<meta name=\"twitter:label1\" content=\"Escrito por\" \/>\n\t<meta name=\"twitter:data1\" content=\"Redacci\u00f3n\" \/>\n\t<meta name=\"twitter:label2\" content=\"Tiempo de lectura\" \/>\n\t<meta name=\"twitter:data2\" content=\"2 minutos\" \/>\n<script type=\"application\/ld+json\" class=\"yoast-schema-graph\">{\"@context\":\"https:\\\/\\\/schema.org\",\"@graph\":[{\"@type\":\"Article\",\"@id\":\"https:\\\/\\\/fuentesfidedignas.com.mx\\\/index.php\\\/2021\\\/06\\\/22\\\/rocha-moya-se-reune-con-olga-sanchez-cordero-acuerdan-apoyar-a-las-familias-de-desaparecidos\\\/#article\",\"isPartOf\":{\"@id\":\"https:\\\/\\\/fuentesfidedignas.com.mx\\\/index.php\\\/2021\\\/06\\\/22\\\/rocha-moya-se-reune-con-olga-sanchez-cordero-acuerdan-apoyar-a-las-familias-de-desaparecidos\\\/\"},\"author\":{\"name\":\"Redacci\u00f3n\",\"@id\":\"https:\\\/\\\/fuentesfidedignas.com.mx\\\/#\\\/schema\\\/person\\\/331be9283d37198e2acd5750279085b0\"},\"headline\":\"Rocha Moya se re\u00fane con Olga S\u00e1nchez Cordero; acuerdan apoyar a las familias de desaparecidos\",\"datePublished\":\"2021-06-22T22:48:09+00:00\",\"dateModified\":\"2021-06-22T22:48:11+00:00\",\"mainEntityOfPage\":{\"@id\":\"https:\\\/\\\/fuentesfidedignas.com.mx\\\/index.php\\\/2021\\\/06\\\/22\\\/rocha-moya-se-reune-con-olga-sanchez-cordero-acuerdan-apoyar-a-las-familias-de-desaparecidos\\\/\"},\"wordCount\":354,\"commentCount\":0,\"publisher\":{\"@id\":\"https:\\\/\\\/fuentesfidedignas.com.mx\\\/#organization\"},\"image\":{\"@id\":\"https:\\\/\\\/fuentesfidedignas.com.mx\\\/index.php\\\/2021\\\/06\\\/22\\\/rocha-moya-se-reune-con-olga-sanchez-cordero-acuerdan-apoyar-a-las-familias-de-desaparecidos\\\/#primaryimage\"},\"thumbnailUrl\":\"https:\\\/\\\/fuentesfidedignas.com.mx\\\/wp-content\\\/uploads\\\/2021\\\/06\\\/OLGA_ROCHA.jpg\",\"keywords\":[\"Gobernador electo\",\"Olga S\u00e1nchez Cordero\",\"Rub\u00e9n Rocha Moya\"],\"articleSection\":[\"NOTA PRINCIPAL\"],\"inLanguage\":\"es\",\"potentialAction\":[{\"@type\":\"CommentAction\",\"name\":\"Comment\",\"target\":[\"https:\\\/\\\/fuentesfidedignas.com.mx\\\/index.php\\\/2021\\\/06\\\/22\\\/rocha-moya-se-reune-con-olga-sanchez-cordero-acuerdan-apoyar-a-las-familias-de-desaparecidos\\\/#respond\"]}]},{\"@type\":\"WebPage\",\"@id\":\"https:\\\/\\\/fuentesfidedignas.com.mx\\\/index.php\\\/2021\\\/06\\\/22\\\/rocha-moya-se-reune-con-olga-sanchez-cordero-acuerdan-apoyar-a-las-familias-de-desaparecidos\\\/\",\"url\":\"https:\\\/\\\/fuentesfidedignas.com.mx\\\/index.php\\\/2021\\\/06\\\/22\\\/rocha-moya-se-reune-con-olga-sanchez-cordero-acuerdan-apoyar-a-las-familias-de-desaparecidos\\\/\",\"name\":\"Rocha Moya se re\u00fane con Olga S\u00e1nchez Cordero; acuerdan apoyar a las familias de desaparecidos - Fuentes Fidedignas\",\"isPartOf\":{\"@id\":\"https:\\\/\\\/fuentesfidedignas.com.mx\\\/#website\"},\"primaryImageOfPage\":{\"@id\":\"https:\\\/\\\/fuentesfidedignas.com.mx\\\/index.php\\\/2021\\\/06\\\/22\\\/rocha-moya-se-reune-con-olga-sanchez-cordero-acuerdan-apoyar-a-las-familias-de-desaparecidos\\\/#primaryimage\"},\"image\":{\"@id\":\"https:\\\/\\\/fuentesfidedignas.com.mx\\\/index.php\\\/2021\\\/06\\\/22\\\/rocha-moya-se-reune-con-olga-sanchez-cordero-acuerdan-apoyar-a-las-familias-de-desaparecidos\\\/#primaryimage\"},\"thumbnailUrl\":\"https:\\\/\\\/fuentesfidedignas.com.mx\\\/wp-content\\\/uploads\\\/2021\\\/06\\\/OLGA_ROCHA.jpg\",\"datePublished\":\"2021-06-22T22:48:09+00:00\",\"dateModified\":\"2021-06-22T22:48:11+00:00\",\"breadcrumb\":{\"@id\":\"https:\\\/\\\/fuentesfidedignas.com.mx\\\/index.php\\\/2021\\\/06\\\/22\\\/rocha-moya-se-reune-con-olga-sanchez-cordero-acuerdan-apoyar-a-las-familias-de-desaparecidos\\\/#breadcrumb\"},\"inLanguage\":\"es\",\"potentialAction\":[{\"@type\":\"ReadAction\",\"target\":[\"https:\\\/\\\/fuentesfidedignas.com.mx\\\/index.php\\\/2021\\\/06\\\/22\\\/rocha-moya-se-reune-con-olga-sanchez-cordero-acuerdan-apoyar-a-las-familias-de-desaparecidos\\\/\"]}]},{\"@type\":\"ImageObject\",\"inLanguage\":\"es\",\"@id\":\"https:\\\/\\\/fuentesfidedignas.com.mx\\\/index.php\\\/2021\\\/06\\\/22\\\/rocha-moya-se-reune-con-olga-sanchez-cordero-acuerdan-apoyar-a-las-familias-de-desaparecidos\\\/#primaryimage\",\"url\":\"https:\\\/\\\/fuentesfidedignas.com.mx\\\/wp-content\\\/uploads\\\/2021\\\/06\\\/OLGA_ROCHA.jpg\",\"contentUrl\":\"https:\\\/\\\/fuentesfidedignas.com.mx\\\/wp-content\\\/uploads\\\/2021\\\/06\\\/OLGA_ROCHA.jpg\",\"width\":841,\"height\":550},{\"@type\":\"BreadcrumbList\",\"@id\":\"https:\\\/\\\/fuentesfidedignas.com.mx\\\/index.php\\\/2021\\\/06\\\/22\\\/rocha-moya-se-reune-con-olga-sanchez-cordero-acuerdan-apoyar-a-las-familias-de-desaparecidos\\\/#breadcrumb\",\"itemListElement\":[{\"@type\":\"ListItem\",\"position\":1,\"name\":\"Inicio\",\"item\":\"https:\\\/\\\/fuentesfidedignas.com.mx\\\/\"},{\"@type\":\"ListItem\",\"position\":2,\"name\":\"Rocha Moya se re\u00fane con Olga S\u00e1nchez Cordero; acuerdan apoyar a las familias de desaparecidos\"}]},{\"@type\":\"WebSite\",\"@id\":\"https:\\\/\\\/fuentesfidedignas.com.mx\\\/#website\",\"url\":\"https:\\\/\\\/fuentesfidedignas.com.mx\\\/\",\"name\":\"Fuentes Fidedignas\",\"description\":\"Otro sitio realizado con WordPress\",\"publisher\":{\"@id\":\"https:\\\/\\\/fuentesfidedignas.com.mx\\\/#organization\"},\"potentialAction\":[{\"@type\":\"SearchAction\",\"target\":{\"@type\":\"EntryPoint\",\"urlTemplate\":\"https:\\\/\\\/fuentesfidedignas.com.mx\\\/?s={search_term_string}\"},\"query-input\":{\"@type\":\"PropertyValueSpecification\",\"valueRequired\":true,\"valueName\":\"search_term_string\"}}],\"inLanguage\":\"es\"},{\"@type\":\"Organization\",\"@id\":\"https:\\\/\\\/fuentesfidedignas.com.mx\\\/#organization\",\"name\":\"Fuentes Fidedignas\",\"url\":\"https:\\\/\\\/fuentesfidedignas.com.mx\\\/\",\"logo\":{\"@type\":\"ImageObject\",\"inLanguage\":\"es\",\"@id\":\"https:\\\/\\\/fuentesfidedignas.com.mx\\\/#\\\/schema\\\/logo\\\/image\\\/\",\"url\":\"https:\\\/\\\/fuentesfidedignas.com.mx\\\/wp-content\\\/uploads\\\/2021\\\/04\\\/logo-retina.png\",\"contentUrl\":\"https:\\\/\\\/fuentesfidedignas.com.mx\\\/wp-content\\\/uploads\\\/2021\\\/04\\\/logo-retina.png\",\"width\":280,\"height\":51,\"caption\":\"Fuentes Fidedignas\"},\"image\":{\"@id\":\"https:\\\/\\\/fuentesfidedignas.com.mx\\\/#\\\/schema\\\/logo\\\/image\\\/\"},\"sameAs\":[\"https:\\\/\\\/www.facebook.com\\\/Fuentes-Fidedignas-368234489921644\",\"https:\\\/\\\/x.com\\\/fidedignas\"]},{\"@type\":\"Person\",\"@id\":\"https:\\\/\\\/fuentesfidedignas.com.mx\\\/#\\\/schema\\\/person\\\/331be9283d37198e2acd5750279085b0\",\"name\":\"Redacci\u00f3n\",\"image\":{\"@type\":\"ImageObject\",\"inLanguage\":\"es\",\"@id\":\"https:\\\/\\\/secure.gravatar.com\\\/avatar\\\/f6d8782c11d12b2d4ad3fbb6931aeab5309937a4d6cd2fc9cfaa28a6396a5aec?s=96&d=mm&r=g\",\"url\":\"https:\\\/\\\/secure.gravatar.com\\\/avatar\\\/f6d8782c11d12b2d4ad3fbb6931aeab5309937a4d6cd2fc9cfaa28a6396a5aec?s=96&d=mm&r=g\",\"contentUrl\":\"https:\\\/\\\/secure.gravatar.com\\\/avatar\\\/f6d8782c11d12b2d4ad3fbb6931aeab5309937a4d6cd2fc9cfaa28a6396a5aec?s=96&d=mm&r=g\",\"caption\":\"Redacci\u00f3n\"},\"url\":\"https:\\\/\\\/fuentesfidedignas.com.mx\\\/index.php\\\/author\\\/redaccion\\\/\"}]}<\/script>\n<!-- \/ Yoast SEO plugin. -->","yoast_head_json":{"title":"Rocha Moya se re\u00fane con Olga S\u00e1nchez Cordero; acuerdan apoyar a las familias de desaparecidos - Fuentes Fidedignas","robots":{"index":"index","follow":"follow","max-snippet":"max-snippet:-1","max-image-preview":"max-image-preview:large","max-video-preview":"max-video-preview:-1"},"canonical":"https:\/\/fuentesfidedignas.com.mx\/index.php\/2021\/06\/22\/rocha-moya-se-reune-con-olga-sanchez-cordero-acuerdan-apoyar-a-las-familias-de-desaparecidos\/","og_locale":"es_MX","og_type":"article","og_title":"Rocha Moya se re\u00fane con Olga S\u00e1nchez Cordero; acuerdan apoyar a las familias de desaparecidos - Fuentes Fidedignas","og_description":"La titular de la Secretar\u00eda de Gobernaci\u00f3n ofreci\u00f3 compartir las buenas pr\u00e1cticas implementadas en otras entidades para apoyar a las familias sinaloenses. Ciudad de M\u00e9xico. \u2013 Con el objetivo de estrechar los lazos de colaboraci\u00f3n con el Gobierno Federal e iniciar la transformaci\u00f3n de Sinaloa, el gobernador electo Rub\u00e9n Rocha Moya se reuni\u00f3 con la [&hellip;]","og_url":"https:\/\/fuentesfidedignas.com.mx\/index.php\/2021\/06\/22\/rocha-moya-se-reune-con-olga-sanchez-cordero-acuerdan-apoyar-a-las-familias-de-desaparecidos\/","og_site_name":"Fuentes Fidedignas","article_publisher":"https:\/\/www.facebook.com\/Fuentes-Fidedignas-368234489921644","article_published_time":"2021-06-22T22:48:09+00:00","article_modified_time":"2021-06-22T22:48:11+00:00","og_image":[{"width":841,"height":550,"url":"https:\/\/fuentesfidedignas.com.mx\/wp-content\/uploads\/2021\/06\/OLGA_ROCHA.jpg","type":"image\/jpeg"}],"author":"Redacci\u00f3n","twitter_card":"summary_large_image","twitter_creator":"@fidedignas","twitter_site":"@fidedignas","twitter_misc":{"Escrito por":"Redacci\u00f3n","Tiempo de lectura":"2 minutos"},"schema":{"@context":"https:\/\/schema.org","@graph":[{"@type":"Article","@id":"https:\/\/fuentesfidedignas.com.mx\/index.php\/2021\/06\/22\/rocha-moya-se-reune-con-olga-sanchez-cordero-acuerdan-apoyar-a-las-familias-de-desaparecidos\/#article","isPartOf":{"@id":"https:\/\/fuentesfidedignas.com.mx\/index.php\/2021\/06\/22\/rocha-moya-se-reune-con-olga-sanchez-cordero-acuerdan-apoyar-a-las-familias-de-desaparecidos\/"},"author":{"name":"Redacci\u00f3n","@id":"https:\/\/fuentesfidedignas.com.mx\/#\/schema\/person\/331be9283d37198e2acd5750279085b0"},"headline":"Rocha Moya se re\u00fane con Olga S\u00e1nchez Cordero; acuerdan apoyar a las familias de desaparecidos","datePublished":"2021-06-22T22:48:09+00:00","dateModified":"2021-06-22T22:48:11+00:00","mainEntityOfPage":{"@id":"https:\/\/fuentesfidedignas.com.mx\/index.php\/2021\/06\/22\/rocha-moya-se-reune-con-olga-sanchez-cordero-acuerdan-apoyar-a-las-familias-de-desaparecidos\/"},"wordCount":354,"commentCount":0,"publisher":{"@id":"https:\/\/fuentesfidedignas.com.mx\/#organization"},"image":{"@id":"https:\/\/fuentesfidedignas.com.mx\/index.php\/2021\/06\/22\/rocha-moya-se-reune-con-olga-sanchez-cordero-acuerdan-apoyar-a-las-familias-de-desaparecidos\/#primaryimage"},"thumbnailUrl":"https:\/\/fuentesfidedignas.com.mx\/wp-content\/uploads\/2021\/06\/OLGA_ROCHA.jpg","keywords":["Gobernador electo","Olga S\u00e1nchez Cordero","Rub\u00e9n Rocha Moya"],"articleSection":["NOTA PRINCIPAL"],"inLanguage":"es","potentialAction":[{"@type":"CommentAction","name":"Comment","target":["https:\/\/fuentesfidedignas.com.mx\/index.php\/2021\/06\/22\/rocha-moya-se-reune-con-olga-sanchez-cordero-acuerdan-apoyar-a-las-familias-de-desaparecidos\/#respond"]}]},{"@type":"WebPage","@id":"https:\/\/fuentesfidedignas.com.mx\/index.php\/2021\/06\/22\/rocha-moya-se-reune-con-olga-sanchez-cordero-acuerdan-apoyar-a-las-familias-de-desaparecidos\/","url":"https:\/\/fuentesfidedignas.com.mx\/index.php\/2021\/06\/22\/rocha-moya-se-reune-con-olga-sanchez-cordero-acuerdan-apoyar-a-las-familias-de-desaparecidos\/","name":"Rocha Moya se re\u00fane con Olga S\u00e1nchez Cordero; acuerdan apoyar a las familias de desaparecidos - Fuentes Fidedignas","isPartOf":{"@id":"https:\/\/fuentesfidedignas.com.mx\/#website"},"primaryImageOfPage":{"@id":"https:\/\/fuentesfidedignas.com.mx\/index.php\/2021\/06\/22\/rocha-moya-se-reune-con-olga-sanchez-cordero-acuerdan-apoyar-a-las-familias-de-desaparecidos\/#primaryimage"},"image":{"@id":"https:\/\/fuentesfidedignas.com.mx\/index.php\/2021\/06\/22\/rocha-moya-se-reune-con-olga-sanchez-cordero-acuerdan-apoyar-a-las-familias-de-desaparecidos\/#primaryimage"},"thumbnailUrl":"https:\/\/fuentesfidedignas.com.mx\/wp-content\/uploads\/2021\/06\/OLGA_ROCHA.jpg","datePublished":"2021-06-22T22:48:09+00:00","dateModified":"2021-06-22T22:48:11+00:00","breadcrumb":{"@id":"https:\/\/fuentesfidedignas.com.mx\/index.php\/2021\/06\/22\/rocha-moya-se-reune-con-olga-sanchez-cordero-acuerdan-apoyar-a-las-familias-de-desaparecidos\/#breadcrumb"},"inLanguage":"es","potentialAction":[{"@type":"ReadAction","target":["https:\/\/fuentesfidedignas.com.mx\/index.php\/2021\/06\/22\/rocha-moya-se-reune-con-olga-sanchez-cordero-acuerdan-apoyar-a-las-familias-de-desaparecidos\/"]}]},{"@type":"ImageObject","inLanguage":"es","@id":"https:\/\/fuentesfidedignas.com.mx\/index.php\/2021\/06\/22\/rocha-moya-se-reune-con-olga-sanchez-cordero-acuerdan-apoyar-a-las-familias-de-desaparecidos\/#primaryimage","url":"https:\/\/fuentesfidedignas.com.mx\/wp-content\/uploads\/2021\/06\/OLGA_ROCHA.jpg","contentUrl":"https:\/\/fuentesfidedignas.com.mx\/wp-content\/uploads\/2021\/06\/OLGA_ROCHA.jpg","width":841,"height":550},{"@type":"BreadcrumbList","@id":"https:\/\/fuentesfidedignas.com.mx\/index.php\/2021\/06\/22\/rocha-moya-se-reune-con-olga-sanchez-cordero-acuerdan-apoyar-a-las-familias-de-desaparecidos\/#breadcrumb","itemListElement":[{"@type":"ListItem","position":1,"name":"Inicio","item":"https:\/\/fuentesfidedignas.com.mx\/"},{"@type":"ListItem","position":2,"name":"Rocha Moya se re\u00fane con Olga S\u00e1nchez Cordero; acuerdan apoyar a las familias de desaparecidos"}]},{"@type":"WebSite","@id":"https:\/\/fuentesfidedignas.com.mx\/#website","url":"https:\/\/fuentesfidedignas.com.mx\/","name":"Fuentes Fidedignas","description":"Otro sitio realizado con WordPress","publisher":{"@id":"https:\/\/fuentesfidedignas.com.mx\/#organization"},"potentialAction":[{"@type":"SearchAction","target":{"@type":"EntryPoint","urlTemplate":"https:\/\/fuentesfidedignas.com.mx\/?s={search_term_string}"},"query-input":{"@type":"PropertyValueSpecification","valueRequired":true,"valueName":"search_term_string"}}],"inLanguage":"es"},{"@type":"Organization","@id":"https:\/\/fuentesfidedignas.com.mx\/#organization","name":"Fuentes Fidedignas","url":"https:\/\/fuentesfidedignas.com.mx\/","logo":{"@type":"ImageObject","inLanguage":"es","@id":"https:\/\/fuentesfidedignas.com.mx\/#\/schema\/logo\/image\/","url":"https:\/\/fuentesfidedignas.com.mx\/wp-content\/uploads\/2021\/04\/logo-retina.png","contentUrl":"https:\/\/fuentesfidedignas.com.mx\/wp-content\/uploads\/2021\/04\/logo-retina.png","width":280,"height":51,"caption":"Fuentes Fidedignas"},"image":{"@id":"https:\/\/fuentesfidedignas.com.mx\/#\/schema\/logo\/image\/"},"sameAs":["https:\/\/www.facebook.com\/Fuentes-Fidedignas-368234489921644","https:\/\/x.com\/fidedignas"]},{"@type":"Person","@id":"https:\/\/fuentesfidedignas.com.mx\/#\/schema\/person\/331be9283d37198e2acd5750279085b0","name":"Redacci\u00f3n","image":{"@type":"ImageObject","inLanguage":"es","@id":"https:\/\/secure.gravatar.com\/avatar\/f6d8782c11d12b2d4ad3fbb6931aeab5309937a4d6cd2fc9cfaa28a6396a5aec?s=96&d=mm&r=g","url":"https:\/\/secure.gravatar.com\/avatar\/f6d8782c11d12b2d4ad3fbb6931aeab5309937a4d6cd2fc9cfaa28a6396a5aec?s=96&d=mm&r=g","contentUrl":"https:\/\/secure.gravatar.com\/avatar\/f6d8782c11d12b2d4ad3fbb6931aeab5309937a4d6cd2fc9cfaa28a6396a5aec?s=96&d=mm&r=g","caption":"Redacci\u00f3n"},"url":"https:\/\/fuentesfidedignas.com.mx\/index.php\/author\/redaccion\/"}]}},"_links":{"self":[{"href":"https:\/\/fuentesfidedignas.com.mx\/index.php\/wp-json\/wp\/v2\/posts\/5652","targetHints":{"allow":["GET"]}}],"collection":[{"href":"https:\/\/fuentesfidedignas.com.mx\/index.php\/wp-json\/wp\/v2\/posts"}],"about":[{"href":"https:\/\/fuentesfidedignas.com.mx\/index.php\/wp-json\/wp\/v2\/types\/post"}],"author":[{"embeddable":true,"href":"https:\/\/fuentesfidedignas.com.mx\/index.php\/wp-json\/wp\/v2\/users\/4"}],"replies":[{"embeddable":true,"href":"https:\/\/fuentesfidedignas.com.mx\/index.php\/wp-json\/wp\/v2\/comments?post=5652"}],"version-history":[{"count":1,"href":"https:\/\/fuentesfidedignas.com.mx\/index.php\/wp-json\/wp\/v2\/posts\/5652\/revisions"}],"predecessor-version":[{"id":5655,"href":"https:\/\/fuentesfidedignas.com.mx\/index.php\/wp-json\/wp\/v2\/posts\/5652\/revisions\/5655"}],"wp:featuredmedia":[{"embeddable":true,"href":"https:\/\/fuentesfidedignas.com.mx\/index.php\/wp-json\/wp\/v2\/media\/5654"}],"wp:attachment":[{"href":"https:\/\/fuentesfidedignas.com.mx\/index.php\/wp-json\/wp\/v2\/media?parent=5652"}],"wp:term":[{"taxonomy":"category","embeddable":true,"href":"https:\/\/fuentesfidedignas.com.mx\/index.php\/wp-json\/wp\/v2\/categories?post=5652"},{"taxonomy":"post_tag","embeddable":true,"href":"https:\/\/fuentesfidedignas.com.mx\/index.php\/wp-json\/wp\/v2\/tags?post=5652"}],"curies":[{"name":"wp","href":"https:\/\/api.w.org\/{rel}","templated":true}]}}