{"id":56482,"date":"2023-08-23T19:03:55","date_gmt":"2023-08-24T02:03:55","guid":{"rendered":"https:\/\/fuentesfidedignas.com.mx\/?p=56482"},"modified":"2023-08-23T19:04:26","modified_gmt":"2023-08-24T02:04:26","slug":"yo-estoy-absolutamente-seguro-de-que-voy-a-ganar-la-encuesta-adan-augusto-lopez","status":"publish","type":"post","link":"https:\/\/fuentesfidedignas.com.mx\/index.php\/2023\/08\/23\/yo-estoy-absolutamente-seguro-de-que-voy-a-ganar-la-encuesta-adan-augusto-lopez\/","title":{"rendered":"&#8220;Yo estoy absolutamente seguro de que voy a ganar la encuesta&#8221;: Ad\u00e1n Augusto L\u00f3pez"},"content":{"rendered":"\n<p><strong><em>El aspirante a candidato de Morena para las elecciones del 2024 lleg\u00f3 a la capital sinaloense a una asamblea informativa <\/em><\/strong><\/p>\n\n\n\n<p>Culiac\u00e1n, Sin.- Al arribar a su asamblea informativa en la capital sinaloense, Ad\u00e1n Augusto L\u00f3pez asegur\u00f3 que est\u00e1 completamente seguro que ser\u00e1 \u00e9l quien representar\u00e1 a Morena en las elecciones presidenciales del 2024.<\/p>\n\n\n\n<p>Mencion\u00f3 que \u00e9l conf\u00eda en el m\u00e9todo que se est\u00e1 realizando al interior del partido para elegir qui\u00e9n ser\u00e1 el que candidato y que no hay dados cargados para nadie.<\/p>\n\n\n\n<p>&#8220;Todos los compa\u00f1eros, los seis, estamos haciendo nuestro trabajo, y que ser\u00e1 la gente la que decida&#8221;, confi\u00f3.<\/p>\n\n\n\n<p>A cuestionarle que s\u00ed en dado caso de no ser \u00e9l el elegido para ser el candidato de Morena aceptar\u00eda un puesto que le ofreciera el ganador, dijo que no es tiempo de hacer alguna declaraci\u00f3n al respecto.<\/p>\n\n\n\n<p>&#8220;No son tiempos para eso, ahorita hay que respetar el trabajo de los compa\u00f1eros&#8221;, puntualiz\u00f3.<\/p>\n","protected":false},"excerpt":{"rendered":"<p>El aspirante a candidato de Morena para las elecciones del 2024 lleg\u00f3 a la capital sinaloense a una asamblea informativa Culiac\u00e1n, Sin.- Al arribar a su asamblea informativa en la capital sinaloense, Ad\u00e1n Augusto L\u00f3pez asegur\u00f3 que est\u00e1 completamente seguro que ser\u00e1 \u00e9l quien representar\u00e1 a Morena en las elecciones presidenciales del 2024. Mencion\u00f3 que [&hellip;]<\/p>\n","protected":false},"author":112,"featured_media":56483,"comment_status":"open","ping_status":"open","sticky":false,"template":"","format":"standard","meta":{"tdm_status":"","tdm_grid_status":"","footnotes":""},"categories":[37],"tags":[],"class_list":{"0":"post-56482","1":"post","2":"type-post","3":"status-publish","4":"format-standard","5":"has-post-thumbnail","7":"category-nota-principal"},"yoast_head":"<!-- This site is optimized with the Yoast SEO plugin v27.4 - https:\/\/yoast.com\/product\/yoast-seo-wordpress\/ -->\n<title>&quot;Yo estoy absolutamente seguro de que voy a ganar la encuesta&quot;: Ad\u00e1n Augusto L\u00f3pez - Fuentes Fidedignas<\/title>\n<meta name=\"robots\" content=\"index, follow, max-snippet:-1, max-image-preview:large, max-video-preview:-1\" \/>\n<link rel=\"canonical\" href=\"https:\/\/fuentesfidedignas.com.mx\/index.php\/2023\/08\/23\/yo-estoy-absolutamente-seguro-de-que-voy-a-ganar-la-encuesta-adan-augusto-lopez\/\" \/>\n<meta property=\"og:locale\" content=\"es_MX\" \/>\n<meta property=\"og:type\" content=\"article\" \/>\n<meta property=\"og:title\" content=\"&quot;Yo estoy absolutamente seguro de que voy a ganar la encuesta&quot;: Ad\u00e1n Augusto L\u00f3pez - Fuentes Fidedignas\" \/>\n<meta property=\"og:description\" content=\"El aspirante a candidato de Morena para las elecciones del 2024 lleg\u00f3 a la capital sinaloense a una asamblea informativa Culiac\u00e1n, Sin.- Al arribar a su asamblea informativa en la capital sinaloense, Ad\u00e1n Augusto L\u00f3pez asegur\u00f3 que est\u00e1 completamente seguro que ser\u00e1 \u00e9l quien representar\u00e1 a Morena en las elecciones presidenciales del 2024. Mencion\u00f3 que [&hellip;]\" \/>\n<meta property=\"og:url\" content=\"https:\/\/fuentesfidedignas.com.mx\/index.php\/2023\/08\/23\/yo-estoy-absolutamente-seguro-de-que-voy-a-ganar-la-encuesta-adan-augusto-lopez\/\" \/>\n<meta property=\"og:site_name\" content=\"Fuentes Fidedignas\" \/>\n<meta property=\"article:publisher\" content=\"https:\/\/www.facebook.com\/Fuentes-Fidedignas-368234489921644\" \/>\n<meta property=\"article:published_time\" content=\"2023-08-24T02:03:55+00:00\" \/>\n<meta property=\"article:modified_time\" content=\"2023-08-24T02:04:26+00:00\" \/>\n<meta property=\"og:image\" content=\"https:\/\/fuentesfidedignas.com.mx\/wp-content\/uploads\/2023\/08\/ADAN_AUGUSTO-2.jpeg\" \/>\n\t<meta property=\"og:image:width\" content=\"1024\" \/>\n\t<meta property=\"og:image:height\" content=\"768\" \/>\n\t<meta property=\"og:image:type\" content=\"image\/jpeg\" \/>\n<meta name=\"author\" content=\"Leonardo Gutierrez\" \/>\n<meta name=\"twitter:card\" content=\"summary_large_image\" \/>\n<meta name=\"twitter:creator\" content=\"@fidedignas\" \/>\n<meta name=\"twitter:site\" content=\"@fidedignas\" \/>\n<meta name=\"twitter:label1\" content=\"Escrito por\" \/>\n\t<meta name=\"twitter:data1\" content=\"Leonardo Gutierrez\" \/>\n\t<meta name=\"twitter:label2\" content=\"Tiempo de lectura\" \/>\n\t<meta name=\"twitter:data2\" content=\"1 minuto\" \/>\n<script type=\"application\/ld+json\" class=\"yoast-schema-graph\">{\"@context\":\"https:\\\/\\\/schema.org\",\"@graph\":[{\"@type\":\"Article\",\"@id\":\"https:\\\/\\\/fuentesfidedignas.com.mx\\\/index.php\\\/2023\\\/08\\\/23\\\/yo-estoy-absolutamente-seguro-de-que-voy-a-ganar-la-encuesta-adan-augusto-lopez\\\/#article\",\"isPartOf\":{\"@id\":\"https:\\\/\\\/fuentesfidedignas.com.mx\\\/index.php\\\/2023\\\/08\\\/23\\\/yo-estoy-absolutamente-seguro-de-que-voy-a-ganar-la-encuesta-adan-augusto-lopez\\\/\"},\"author\":{\"name\":\"Leonardo Gutierrez\",\"@id\":\"https:\\\/\\\/fuentesfidedignas.com.mx\\\/#\\\/schema\\\/person\\\/c77df25c00baae1d4fdc0340db6f364c\"},\"headline\":\"&#8220;Yo estoy absolutamente seguro de que voy a ganar la encuesta&#8221;: Ad\u00e1n Augusto L\u00f3pez\",\"datePublished\":\"2023-08-24T02:03:55+00:00\",\"dateModified\":\"2023-08-24T02:04:26+00:00\",\"mainEntityOfPage\":{\"@id\":\"https:\\\/\\\/fuentesfidedignas.com.mx\\\/index.php\\\/2023\\\/08\\\/23\\\/yo-estoy-absolutamente-seguro-de-que-voy-a-ganar-la-encuesta-adan-augusto-lopez\\\/\"},\"wordCount\":179,\"commentCount\":0,\"publisher\":{\"@id\":\"https:\\\/\\\/fuentesfidedignas.com.mx\\\/#organization\"},\"image\":{\"@id\":\"https:\\\/\\\/fuentesfidedignas.com.mx\\\/index.php\\\/2023\\\/08\\\/23\\\/yo-estoy-absolutamente-seguro-de-que-voy-a-ganar-la-encuesta-adan-augusto-lopez\\\/#primaryimage\"},\"thumbnailUrl\":\"https:\\\/\\\/fuentesfidedignas.com.mx\\\/wp-content\\\/uploads\\\/2023\\\/08\\\/ADAN_AUGUSTO-2.jpeg\",\"articleSection\":[\"NOTA PRINCIPAL\"],\"inLanguage\":\"es\",\"potentialAction\":[{\"@type\":\"CommentAction\",\"name\":\"Comment\",\"target\":[\"https:\\\/\\\/fuentesfidedignas.com.mx\\\/index.php\\\/2023\\\/08\\\/23\\\/yo-estoy-absolutamente-seguro-de-que-voy-a-ganar-la-encuesta-adan-augusto-lopez\\\/#respond\"]}]},{\"@type\":\"WebPage\",\"@id\":\"https:\\\/\\\/fuentesfidedignas.com.mx\\\/index.php\\\/2023\\\/08\\\/23\\\/yo-estoy-absolutamente-seguro-de-que-voy-a-ganar-la-encuesta-adan-augusto-lopez\\\/\",\"url\":\"https:\\\/\\\/fuentesfidedignas.com.mx\\\/index.php\\\/2023\\\/08\\\/23\\\/yo-estoy-absolutamente-seguro-de-que-voy-a-ganar-la-encuesta-adan-augusto-lopez\\\/\",\"name\":\"\\\"Yo estoy absolutamente seguro de que voy a ganar la encuesta\\\": Ad\u00e1n Augusto L\u00f3pez - Fuentes Fidedignas\",\"isPartOf\":{\"@id\":\"https:\\\/\\\/fuentesfidedignas.com.mx\\\/#website\"},\"primaryImageOfPage\":{\"@id\":\"https:\\\/\\\/fuentesfidedignas.com.mx\\\/index.php\\\/2023\\\/08\\\/23\\\/yo-estoy-absolutamente-seguro-de-que-voy-a-ganar-la-encuesta-adan-augusto-lopez\\\/#primaryimage\"},\"image\":{\"@id\":\"https:\\\/\\\/fuentesfidedignas.com.mx\\\/index.php\\\/2023\\\/08\\\/23\\\/yo-estoy-absolutamente-seguro-de-que-voy-a-ganar-la-encuesta-adan-augusto-lopez\\\/#primaryimage\"},\"thumbnailUrl\":\"https:\\\/\\\/fuentesfidedignas.com.mx\\\/wp-content\\\/uploads\\\/2023\\\/08\\\/ADAN_AUGUSTO-2.jpeg\",\"datePublished\":\"2023-08-24T02:03:55+00:00\",\"dateModified\":\"2023-08-24T02:04:26+00:00\",\"breadcrumb\":{\"@id\":\"https:\\\/\\\/fuentesfidedignas.com.mx\\\/index.php\\\/2023\\\/08\\\/23\\\/yo-estoy-absolutamente-seguro-de-que-voy-a-ganar-la-encuesta-adan-augusto-lopez\\\/#breadcrumb\"},\"inLanguage\":\"es\",\"potentialAction\":[{\"@type\":\"ReadAction\",\"target\":[\"https:\\\/\\\/fuentesfidedignas.com.mx\\\/index.php\\\/2023\\\/08\\\/23\\\/yo-estoy-absolutamente-seguro-de-que-voy-a-ganar-la-encuesta-adan-augusto-lopez\\\/\"]}]},{\"@type\":\"ImageObject\",\"inLanguage\":\"es\",\"@id\":\"https:\\\/\\\/fuentesfidedignas.com.mx\\\/index.php\\\/2023\\\/08\\\/23\\\/yo-estoy-absolutamente-seguro-de-que-voy-a-ganar-la-encuesta-adan-augusto-lopez\\\/#primaryimage\",\"url\":\"https:\\\/\\\/fuentesfidedignas.com.mx\\\/wp-content\\\/uploads\\\/2023\\\/08\\\/ADAN_AUGUSTO-2.jpeg\",\"contentUrl\":\"https:\\\/\\\/fuentesfidedignas.com.mx\\\/wp-content\\\/uploads\\\/2023\\\/08\\\/ADAN_AUGUSTO-2.jpeg\",\"width\":1024,\"height\":768},{\"@type\":\"BreadcrumbList\",\"@id\":\"https:\\\/\\\/fuentesfidedignas.com.mx\\\/index.php\\\/2023\\\/08\\\/23\\\/yo-estoy-absolutamente-seguro-de-que-voy-a-ganar-la-encuesta-adan-augusto-lopez\\\/#breadcrumb\",\"itemListElement\":[{\"@type\":\"ListItem\",\"position\":1,\"name\":\"Inicio\",\"item\":\"https:\\\/\\\/fuentesfidedignas.com.mx\\\/\"},{\"@type\":\"ListItem\",\"position\":2,\"name\":\"&#8220;Yo estoy absolutamente seguro de que voy a ganar la encuesta&#8221;: Ad\u00e1n Augusto L\u00f3pez\"}]},{\"@type\":\"WebSite\",\"@id\":\"https:\\\/\\\/fuentesfidedignas.com.mx\\\/#website\",\"url\":\"https:\\\/\\\/fuentesfidedignas.com.mx\\\/\",\"name\":\"Fuentes Fidedignas\",\"description\":\"Otro sitio realizado con WordPress\",\"publisher\":{\"@id\":\"https:\\\/\\\/fuentesfidedignas.com.mx\\\/#organization\"},\"potentialAction\":[{\"@type\":\"SearchAction\",\"target\":{\"@type\":\"EntryPoint\",\"urlTemplate\":\"https:\\\/\\\/fuentesfidedignas.com.mx\\\/?s={search_term_string}\"},\"query-input\":{\"@type\":\"PropertyValueSpecification\",\"valueRequired\":true,\"valueName\":\"search_term_string\"}}],\"inLanguage\":\"es\"},{\"@type\":\"Organization\",\"@id\":\"https:\\\/\\\/fuentesfidedignas.com.mx\\\/#organization\",\"name\":\"Fuentes Fidedignas\",\"url\":\"https:\\\/\\\/fuentesfidedignas.com.mx\\\/\",\"logo\":{\"@type\":\"ImageObject\",\"inLanguage\":\"es\",\"@id\":\"https:\\\/\\\/fuentesfidedignas.com.mx\\\/#\\\/schema\\\/logo\\\/image\\\/\",\"url\":\"https:\\\/\\\/fuentesfidedignas.com.mx\\\/wp-content\\\/uploads\\\/2021\\\/04\\\/logo-retina.png\",\"contentUrl\":\"https:\\\/\\\/fuentesfidedignas.com.mx\\\/wp-content\\\/uploads\\\/2021\\\/04\\\/logo-retina.png\",\"width\":280,\"height\":51,\"caption\":\"Fuentes Fidedignas\"},\"image\":{\"@id\":\"https:\\\/\\\/fuentesfidedignas.com.mx\\\/#\\\/schema\\\/logo\\\/image\\\/\"},\"sameAs\":[\"https:\\\/\\\/www.facebook.com\\\/Fuentes-Fidedignas-368234489921644\",\"https:\\\/\\\/x.com\\\/fidedignas\"]},{\"@type\":\"Person\",\"@id\":\"https:\\\/\\\/fuentesfidedignas.com.mx\\\/#\\\/schema\\\/person\\\/c77df25c00baae1d4fdc0340db6f364c\",\"name\":\"Leonardo Gutierrez\",\"image\":{\"@type\":\"ImageObject\",\"inLanguage\":\"es\",\"@id\":\"https:\\\/\\\/secure.gravatar.com\\\/avatar\\\/17b13a7a986cc98ca4d7337340bcac5945cbae677961c354aefb3c7962c8cc1f?s=96&d=mm&r=g\",\"url\":\"https:\\\/\\\/secure.gravatar.com\\\/avatar\\\/17b13a7a986cc98ca4d7337340bcac5945cbae677961c354aefb3c7962c8cc1f?s=96&d=mm&r=g\",\"contentUrl\":\"https:\\\/\\\/secure.gravatar.com\\\/avatar\\\/17b13a7a986cc98ca4d7337340bcac5945cbae677961c354aefb3c7962c8cc1f?s=96&d=mm&r=g\",\"caption\":\"Leonardo Gutierrez\"},\"url\":\"https:\\\/\\\/fuentesfidedignas.com.mx\\\/index.php\\\/author\\\/leonardogut\\\/\"}]}<\/script>\n<!-- \/ Yoast SEO plugin. -->","yoast_head_json":{"title":"\"Yo estoy absolutamente seguro de que voy a ganar la encuesta\": Ad\u00e1n Augusto L\u00f3pez - Fuentes Fidedignas","robots":{"index":"index","follow":"follow","max-snippet":"max-snippet:-1","max-image-preview":"max-image-preview:large","max-video-preview":"max-video-preview:-1"},"canonical":"https:\/\/fuentesfidedignas.com.mx\/index.php\/2023\/08\/23\/yo-estoy-absolutamente-seguro-de-que-voy-a-ganar-la-encuesta-adan-augusto-lopez\/","og_locale":"es_MX","og_type":"article","og_title":"\"Yo estoy absolutamente seguro de que voy a ganar la encuesta\": Ad\u00e1n Augusto L\u00f3pez - Fuentes Fidedignas","og_description":"El aspirante a candidato de Morena para las elecciones del 2024 lleg\u00f3 a la capital sinaloense a una asamblea informativa Culiac\u00e1n, Sin.- Al arribar a su asamblea informativa en la capital sinaloense, Ad\u00e1n Augusto L\u00f3pez asegur\u00f3 que est\u00e1 completamente seguro que ser\u00e1 \u00e9l quien representar\u00e1 a Morena en las elecciones presidenciales del 2024. Mencion\u00f3 que [&hellip;]","og_url":"https:\/\/fuentesfidedignas.com.mx\/index.php\/2023\/08\/23\/yo-estoy-absolutamente-seguro-de-que-voy-a-ganar-la-encuesta-adan-augusto-lopez\/","og_site_name":"Fuentes Fidedignas","article_publisher":"https:\/\/www.facebook.com\/Fuentes-Fidedignas-368234489921644","article_published_time":"2023-08-24T02:03:55+00:00","article_modified_time":"2023-08-24T02:04:26+00:00","og_image":[{"width":1024,"height":768,"url":"https:\/\/fuentesfidedignas.com.mx\/wp-content\/uploads\/2023\/08\/ADAN_AUGUSTO-2.jpeg","type":"image\/jpeg"}],"author":"Leonardo Gutierrez","twitter_card":"summary_large_image","twitter_creator":"@fidedignas","twitter_site":"@fidedignas","twitter_misc":{"Escrito por":"Leonardo Gutierrez","Tiempo de lectura":"1 minuto"},"schema":{"@context":"https:\/\/schema.org","@graph":[{"@type":"Article","@id":"https:\/\/fuentesfidedignas.com.mx\/index.php\/2023\/08\/23\/yo-estoy-absolutamente-seguro-de-que-voy-a-ganar-la-encuesta-adan-augusto-lopez\/#article","isPartOf":{"@id":"https:\/\/fuentesfidedignas.com.mx\/index.php\/2023\/08\/23\/yo-estoy-absolutamente-seguro-de-que-voy-a-ganar-la-encuesta-adan-augusto-lopez\/"},"author":{"name":"Leonardo Gutierrez","@id":"https:\/\/fuentesfidedignas.com.mx\/#\/schema\/person\/c77df25c00baae1d4fdc0340db6f364c"},"headline":"&#8220;Yo estoy absolutamente seguro de que voy a ganar la encuesta&#8221;: Ad\u00e1n Augusto L\u00f3pez","datePublished":"2023-08-24T02:03:55+00:00","dateModified":"2023-08-24T02:04:26+00:00","mainEntityOfPage":{"@id":"https:\/\/fuentesfidedignas.com.mx\/index.php\/2023\/08\/23\/yo-estoy-absolutamente-seguro-de-que-voy-a-ganar-la-encuesta-adan-augusto-lopez\/"},"wordCount":179,"commentCount":0,"publisher":{"@id":"https:\/\/fuentesfidedignas.com.mx\/#organization"},"image":{"@id":"https:\/\/fuentesfidedignas.com.mx\/index.php\/2023\/08\/23\/yo-estoy-absolutamente-seguro-de-que-voy-a-ganar-la-encuesta-adan-augusto-lopez\/#primaryimage"},"thumbnailUrl":"https:\/\/fuentesfidedignas.com.mx\/wp-content\/uploads\/2023\/08\/ADAN_AUGUSTO-2.jpeg","articleSection":["NOTA PRINCIPAL"],"inLanguage":"es","potentialAction":[{"@type":"CommentAction","name":"Comment","target":["https:\/\/fuentesfidedignas.com.mx\/index.php\/2023\/08\/23\/yo-estoy-absolutamente-seguro-de-que-voy-a-ganar-la-encuesta-adan-augusto-lopez\/#respond"]}]},{"@type":"WebPage","@id":"https:\/\/fuentesfidedignas.com.mx\/index.php\/2023\/08\/23\/yo-estoy-absolutamente-seguro-de-que-voy-a-ganar-la-encuesta-adan-augusto-lopez\/","url":"https:\/\/fuentesfidedignas.com.mx\/index.php\/2023\/08\/23\/yo-estoy-absolutamente-seguro-de-que-voy-a-ganar-la-encuesta-adan-augusto-lopez\/","name":"\"Yo estoy absolutamente seguro de que voy a ganar la encuesta\": Ad\u00e1n Augusto L\u00f3pez - Fuentes Fidedignas","isPartOf":{"@id":"https:\/\/fuentesfidedignas.com.mx\/#website"},"primaryImageOfPage":{"@id":"https:\/\/fuentesfidedignas.com.mx\/index.php\/2023\/08\/23\/yo-estoy-absolutamente-seguro-de-que-voy-a-ganar-la-encuesta-adan-augusto-lopez\/#primaryimage"},"image":{"@id":"https:\/\/fuentesfidedignas.com.mx\/index.php\/2023\/08\/23\/yo-estoy-absolutamente-seguro-de-que-voy-a-ganar-la-encuesta-adan-augusto-lopez\/#primaryimage"},"thumbnailUrl":"https:\/\/fuentesfidedignas.com.mx\/wp-content\/uploads\/2023\/08\/ADAN_AUGUSTO-2.jpeg","datePublished":"2023-08-24T02:03:55+00:00","dateModified":"2023-08-24T02:04:26+00:00","breadcrumb":{"@id":"https:\/\/fuentesfidedignas.com.mx\/index.php\/2023\/08\/23\/yo-estoy-absolutamente-seguro-de-que-voy-a-ganar-la-encuesta-adan-augusto-lopez\/#breadcrumb"},"inLanguage":"es","potentialAction":[{"@type":"ReadAction","target":["https:\/\/fuentesfidedignas.com.mx\/index.php\/2023\/08\/23\/yo-estoy-absolutamente-seguro-de-que-voy-a-ganar-la-encuesta-adan-augusto-lopez\/"]}]},{"@type":"ImageObject","inLanguage":"es","@id":"https:\/\/fuentesfidedignas.com.mx\/index.php\/2023\/08\/23\/yo-estoy-absolutamente-seguro-de-que-voy-a-ganar-la-encuesta-adan-augusto-lopez\/#primaryimage","url":"https:\/\/fuentesfidedignas.com.mx\/wp-content\/uploads\/2023\/08\/ADAN_AUGUSTO-2.jpeg","contentUrl":"https:\/\/fuentesfidedignas.com.mx\/wp-content\/uploads\/2023\/08\/ADAN_AUGUSTO-2.jpeg","width":1024,"height":768},{"@type":"BreadcrumbList","@id":"https:\/\/fuentesfidedignas.com.mx\/index.php\/2023\/08\/23\/yo-estoy-absolutamente-seguro-de-que-voy-a-ganar-la-encuesta-adan-augusto-lopez\/#breadcrumb","itemListElement":[{"@type":"ListItem","position":1,"name":"Inicio","item":"https:\/\/fuentesfidedignas.com.mx\/"},{"@type":"ListItem","position":2,"name":"&#8220;Yo estoy absolutamente seguro de que voy a ganar la encuesta&#8221;: Ad\u00e1n Augusto L\u00f3pez"}]},{"@type":"WebSite","@id":"https:\/\/fuentesfidedignas.com.mx\/#website","url":"https:\/\/fuentesfidedignas.com.mx\/","name":"Fuentes Fidedignas","description":"Otro sitio realizado con WordPress","publisher":{"@id":"https:\/\/fuentesfidedignas.com.mx\/#organization"},"potentialAction":[{"@type":"SearchAction","target":{"@type":"EntryPoint","urlTemplate":"https:\/\/fuentesfidedignas.com.mx\/?s={search_term_string}"},"query-input":{"@type":"PropertyValueSpecification","valueRequired":true,"valueName":"search_term_string"}}],"inLanguage":"es"},{"@type":"Organization","@id":"https:\/\/fuentesfidedignas.com.mx\/#organization","name":"Fuentes Fidedignas","url":"https:\/\/fuentesfidedignas.com.mx\/","logo":{"@type":"ImageObject","inLanguage":"es","@id":"https:\/\/fuentesfidedignas.com.mx\/#\/schema\/logo\/image\/","url":"https:\/\/fuentesfidedignas.com.mx\/wp-content\/uploads\/2021\/04\/logo-retina.png","contentUrl":"https:\/\/fuentesfidedignas.com.mx\/wp-content\/uploads\/2021\/04\/logo-retina.png","width":280,"height":51,"caption":"Fuentes Fidedignas"},"image":{"@id":"https:\/\/fuentesfidedignas.com.mx\/#\/schema\/logo\/image\/"},"sameAs":["https:\/\/www.facebook.com\/Fuentes-Fidedignas-368234489921644","https:\/\/x.com\/fidedignas"]},{"@type":"Person","@id":"https:\/\/fuentesfidedignas.com.mx\/#\/schema\/person\/c77df25c00baae1d4fdc0340db6f364c","name":"Leonardo Gutierrez","image":{"@type":"ImageObject","inLanguage":"es","@id":"https:\/\/secure.gravatar.com\/avatar\/17b13a7a986cc98ca4d7337340bcac5945cbae677961c354aefb3c7962c8cc1f?s=96&d=mm&r=g","url":"https:\/\/secure.gravatar.com\/avatar\/17b13a7a986cc98ca4d7337340bcac5945cbae677961c354aefb3c7962c8cc1f?s=96&d=mm&r=g","contentUrl":"https:\/\/secure.gravatar.com\/avatar\/17b13a7a986cc98ca4d7337340bcac5945cbae677961c354aefb3c7962c8cc1f?s=96&d=mm&r=g","caption":"Leonardo Gutierrez"},"url":"https:\/\/fuentesfidedignas.com.mx\/index.php\/author\/leonardogut\/"}]}},"_links":{"self":[{"href":"https:\/\/fuentesfidedignas.com.mx\/index.php\/wp-json\/wp\/v2\/posts\/56482","targetHints":{"allow":["GET"]}}],"collection":[{"href":"https:\/\/fuentesfidedignas.com.mx\/index.php\/wp-json\/wp\/v2\/posts"}],"about":[{"href":"https:\/\/fuentesfidedignas.com.mx\/index.php\/wp-json\/wp\/v2\/types\/post"}],"author":[{"embeddable":true,"href":"https:\/\/fuentesfidedignas.com.mx\/index.php\/wp-json\/wp\/v2\/users\/112"}],"replies":[{"embeddable":true,"href":"https:\/\/fuentesfidedignas.com.mx\/index.php\/wp-json\/wp\/v2\/comments?post=56482"}],"version-history":[{"count":1,"href":"https:\/\/fuentesfidedignas.com.mx\/index.php\/wp-json\/wp\/v2\/posts\/56482\/revisions"}],"predecessor-version":[{"id":56484,"href":"https:\/\/fuentesfidedignas.com.mx\/index.php\/wp-json\/wp\/v2\/posts\/56482\/revisions\/56484"}],"wp:featuredmedia":[{"embeddable":true,"href":"https:\/\/fuentesfidedignas.com.mx\/index.php\/wp-json\/wp\/v2\/media\/56483"}],"wp:attachment":[{"href":"https:\/\/fuentesfidedignas.com.mx\/index.php\/wp-json\/wp\/v2\/media?parent=56482"}],"wp:term":[{"taxonomy":"category","embeddable":true,"href":"https:\/\/fuentesfidedignas.com.mx\/index.php\/wp-json\/wp\/v2\/categories?post=56482"},{"taxonomy":"post_tag","embeddable":true,"href":"https:\/\/fuentesfidedignas.com.mx\/index.php\/wp-json\/wp\/v2\/tags?post=56482"}],"curies":[{"name":"wp","href":"https:\/\/api.w.org\/{rel}","templated":true}]}}