{"id":56436,"date":"2023-08-23T15:23:44","date_gmt":"2023-08-23T22:23:44","guid":{"rendered":"https:\/\/fuentesfidedignas.com.mx\/?p=56436"},"modified":"2023-08-23T17:59:42","modified_gmt":"2023-08-24T00:59:42","slug":"presenta-dif-sinaloa-programas-de-seguimiento-para-ninos-con-autismo","status":"publish","type":"post","link":"https:\/\/fuentesfidedignas.com.mx\/index.php\/2023\/08\/23\/presenta-dif-sinaloa-programas-de-seguimiento-para-ninos-con-autismo\/","title":{"rendered":"Presenta DIF Sinaloa programas de seguimiento para ni\u00f1os con autismo"},"content":{"rendered":"\n<p><strong><em>Especialistas del CAS capacitar\u00e1n a un equipo multidisciplinario que integrar\u00e1 cada Sistema DIF Municipal<\/em><\/strong><\/p>\n\n\n\n<p>&nbsp;<em>Culiac\u00e1n, Sin.-<\/em> En continuidad con la atenci\u00f3n a ni\u00f1as y ni\u00f1os diagnosticados con espectro autista, el Sistema DIF Sinaloa, junto a su presidenta, doctora Eneyda Rocha Ruiz y la directora del Centro de Autismo Esthela Robledo, dieron a conocer el programa integral \u201cCAS en tu casa\u201d desarrollado e implementado por especialistas del Centro de Autismo Sinaloa quienes buscan brindar acompa\u00f1amiento terap\u00e9utico, asesor\u00edas en rehabilitaci\u00f3n y herramientas de trabajo did\u00e1cticas a madres, padres y cuidadores que tienen a su cargo el cuidado de personas diagnosticadas con espectro autista.<\/p>\n\n\n\n<figure class=\"wp-block-image size-large\"><img decoding=\"async\" width=\"1024\" height=\"768\" src=\"https:\/\/fuentesfidedignas.com.mx\/wp-content\/uploads\/2023\/08\/1000114561-1024x768.jpg\" alt=\"\" class=\"wp-image-56441\" srcset=\"https:\/\/fuentesfidedignas.com.mx\/wp-content\/uploads\/2023\/08\/1000114561-1024x768.jpg 1024w, https:\/\/fuentesfidedignas.com.mx\/wp-content\/uploads\/2023\/08\/1000114561-300x225.jpg 300w, https:\/\/fuentesfidedignas.com.mx\/wp-content\/uploads\/2023\/08\/1000114561-768x576.jpg 768w, https:\/\/fuentesfidedignas.com.mx\/wp-content\/uploads\/2023\/08\/1000114561-1536x1152.jpg 1536w, https:\/\/fuentesfidedignas.com.mx\/wp-content\/uploads\/2023\/08\/1000114561.jpg 1600w\" sizes=\"(max-width: 1024px) 100vw, 1024px\" \/><figcaption class=\"wp-element-caption\">Nohemi C\u00e1rdenas Hern\u00e1ndez, secretaria de Acci\u00f3n Social del STASE acompa\u00f1\u00f3 a Eneida Rocha durante este importante evento.<\/figcaption><\/figure>\n\n\n\n<p>\u201cCAS en tu casa\u201d, es un programa basado en el Manual de Cuidadores de Ni\u00f1as y Ni\u00f1os con Trastorno de Espectro Autista de la Organizaci\u00f3n Mundial de la Salud, que brinda asesor\u00eda, seguimiento emocional y capacitaci\u00f3n para su atenci\u00f3n y tratamiento a ni\u00f1as y ni\u00f1os con autismo a trav\u00e9s de c\u00e1psulas, material did\u00e1ctico y pl\u00e1ticas a los padres de familia para que refuercen el trabajo que realizan los especialistas en temas enfocados en la integraci\u00f3n social. <\/p>\n\n\n\n<p>El programa ser\u00e1 aplicado en los 18 municipios del Estado, especialistas del CAS capacitar\u00e1n a un equipo multidisciplinario que integrar\u00e1 cada Sistema DIF Municipal.<\/p>\n\n\n\n<figure class=\"wp-block-gallery has-nested-images columns-default is-cropped wp-block-gallery-1 is-layout-flex wp-block-gallery-is-layout-flex\">\n<figure class=\"wp-block-image size-large\"><img decoding=\"async\" width=\"1024\" height=\"682\" data-id=\"56437\" src=\"https:\/\/fuentesfidedignas.com.mx\/wp-content\/uploads\/2023\/08\/1000114856-1024x682.jpg\" alt=\"\" class=\"wp-image-56437\" srcset=\"https:\/\/fuentesfidedignas.com.mx\/wp-content\/uploads\/2023\/08\/1000114856-1024x682.jpg 1024w, https:\/\/fuentesfidedignas.com.mx\/wp-content\/uploads\/2023\/08\/1000114856-300x200.jpg 300w, https:\/\/fuentesfidedignas.com.mx\/wp-content\/uploads\/2023\/08\/1000114856-768x512.jpg 768w, https:\/\/fuentesfidedignas.com.mx\/wp-content\/uploads\/2023\/08\/1000114856-1536x1023.jpg 1536w, https:\/\/fuentesfidedignas.com.mx\/wp-content\/uploads\/2023\/08\/1000114856.jpg 1600w\" sizes=\"(max-width: 1024px) 100vw, 1024px\" \/><\/figure>\n\n\n\n<figure class=\"wp-block-image size-large\"><img decoding=\"async\" width=\"1024\" height=\"681\" data-id=\"56438\" src=\"https:\/\/fuentesfidedignas.com.mx\/wp-content\/uploads\/2023\/08\/1000114868-1024x681.jpg\" alt=\"\" class=\"wp-image-56438\" srcset=\"https:\/\/fuentesfidedignas.com.mx\/wp-content\/uploads\/2023\/08\/1000114868-1024x681.jpg 1024w, https:\/\/fuentesfidedignas.com.mx\/wp-content\/uploads\/2023\/08\/1000114868-300x200.jpg 300w, https:\/\/fuentesfidedignas.com.mx\/wp-content\/uploads\/2023\/08\/1000114868-768x511.jpg 768w, https:\/\/fuentesfidedignas.com.mx\/wp-content\/uploads\/2023\/08\/1000114868-1536x1021.jpg 1536w, https:\/\/fuentesfidedignas.com.mx\/wp-content\/uploads\/2023\/08\/1000114868.jpg 1600w\" sizes=\"(max-width: 1024px) 100vw, 1024px\" \/><\/figure>\n\n\n\n<figure class=\"wp-block-image size-large\"><img decoding=\"async\" width=\"1024\" height=\"681\" data-id=\"56439\" src=\"https:\/\/fuentesfidedignas.com.mx\/wp-content\/uploads\/2023\/08\/1000114871-1024x681.jpg\" alt=\"\" class=\"wp-image-56439\" srcset=\"https:\/\/fuentesfidedignas.com.mx\/wp-content\/uploads\/2023\/08\/1000114871-1024x681.jpg 1024w, https:\/\/fuentesfidedignas.com.mx\/wp-content\/uploads\/2023\/08\/1000114871-300x200.jpg 300w, https:\/\/fuentesfidedignas.com.mx\/wp-content\/uploads\/2023\/08\/1000114871-768x511.jpg 768w, https:\/\/fuentesfidedignas.com.mx\/wp-content\/uploads\/2023\/08\/1000114871-1536x1021.jpg 1536w, https:\/\/fuentesfidedignas.com.mx\/wp-content\/uploads\/2023\/08\/1000114871.jpg 1600w\" sizes=\"(max-width: 1024px) 100vw, 1024px\" \/><\/figure>\n<\/figure>\n\n\n\n<p>Adem\u00e1s, hoy se realiz\u00f3 la sexta sesi\u00f3n de \u201cAutismo en Familia\u201d, donde de abord\u00f3 el tema: Desaf\u00edos y abordaje en escuelas.<\/p>\n\n\n\n<p>\u201cAutismo en familia\u201d, es un proyecto que tiene como objetivo principal acompa\u00f1ar y capacitar a maestros, madres, padres y cuidadores que atienden a personas diagnosticadas con el Espectro Autista.<\/p>\n\n\n\n<p>Durante el desarrollo del tema; \u201cDesaf\u00edos y abordaje en la escuela\u201d la Psic\u00f3loga Annette Lamarque explic\u00f3 a padres de familia y educadoras de centros escolares cu\u00e1les son las se\u00f1ales a identificar en ni\u00f1as y ni\u00f1os con autismo, as\u00ed mismo cu\u00e1l es el seguimiento para su atenci\u00f3n. Tambi\u00e9n se realizaron din\u00e1micas que pueden ser aplicadas en casa o en centros escolares.<\/p>\n\n\n\n<p>El gobierno de Rub\u00e9n Rocha Moya ha sido distinguido por la inclusi\u00f3n y mejorar la calidad de vida de ni\u00f1as y ni\u00f1os con autismo y gracias a la creaci\u00f3n de estos programas se fortalece el bienestar de las familias en Sinaloa.<\/p>\n","protected":false},"excerpt":{"rendered":"<p>Especialistas del CAS capacitar\u00e1n a un equipo multidisciplinario que integrar\u00e1 cada Sistema DIF Municipal &nbsp;Culiac\u00e1n, Sin.- En continuidad con la atenci\u00f3n a ni\u00f1as y ni\u00f1os diagnosticados con espectro autista, el Sistema DIF Sinaloa, junto a su presidenta, doctora Eneyda Rocha Ruiz y la directora del Centro de Autismo Esthela Robledo, dieron a conocer el programa [&hellip;]<\/p>\n","protected":false},"author":4,"featured_media":56440,"comment_status":"open","ping_status":"open","sticky":false,"template":"","format":"standard","meta":{"tdm_status":"","tdm_grid_status":"","footnotes":""},"categories":[38,1],"tags":[],"class_list":{"0":"post-56436","1":"post","2":"type-post","3":"status-publish","4":"format-standard","5":"has-post-thumbnail","7":"category-noticias-locales","8":"category-sin-categoria"},"yoast_head":"<!-- This site is optimized with the Yoast SEO plugin v27.5 - https:\/\/yoast.com\/product\/yoast-seo-wordpress\/ -->\n<title>Presenta DIF Sinaloa programas de seguimiento para ni\u00f1os con autismo - Fuentes Fidedignas<\/title>\n<meta name=\"robots\" content=\"index, follow, max-snippet:-1, max-image-preview:large, max-video-preview:-1\" \/>\n<link rel=\"canonical\" href=\"https:\/\/fuentesfidedignas.com.mx\/index.php\/2023\/08\/23\/presenta-dif-sinaloa-programas-de-seguimiento-para-ninos-con-autismo\/\" \/>\n<meta property=\"og:locale\" content=\"es_MX\" \/>\n<meta property=\"og:type\" content=\"article\" \/>\n<meta property=\"og:title\" content=\"Presenta DIF Sinaloa programas de seguimiento para ni\u00f1os con autismo - Fuentes Fidedignas\" \/>\n<meta property=\"og:description\" content=\"Especialistas del CAS capacitar\u00e1n a un equipo multidisciplinario que integrar\u00e1 cada Sistema DIF Municipal &nbsp;Culiac\u00e1n, Sin.- En continuidad con la atenci\u00f3n a ni\u00f1as y ni\u00f1os diagnosticados con espectro autista, el Sistema DIF Sinaloa, junto a su presidenta, doctora Eneyda Rocha Ruiz y la directora del Centro de Autismo Esthela Robledo, dieron a conocer el programa [&hellip;]\" \/>\n<meta property=\"og:url\" content=\"https:\/\/fuentesfidedignas.com.mx\/index.php\/2023\/08\/23\/presenta-dif-sinaloa-programas-de-seguimiento-para-ninos-con-autismo\/\" \/>\n<meta property=\"og:site_name\" content=\"Fuentes Fidedignas\" \/>\n<meta property=\"article:publisher\" content=\"https:\/\/www.facebook.com\/Fuentes-Fidedignas-368234489921644\" \/>\n<meta property=\"article:published_time\" content=\"2023-08-23T22:23:44+00:00\" \/>\n<meta property=\"article:modified_time\" content=\"2023-08-24T00:59:42+00:00\" \/>\n<meta property=\"og:image\" content=\"https:\/\/fuentesfidedignas.com.mx\/wp-content\/uploads\/2023\/08\/1000114862.jpg\" \/>\n\t<meta property=\"og:image:width\" content=\"1600\" \/>\n\t<meta property=\"og:image:height\" content=\"1066\" \/>\n\t<meta property=\"og:image:type\" content=\"image\/jpeg\" \/>\n<meta name=\"author\" content=\"Redacci\u00f3n\" \/>\n<meta name=\"twitter:card\" content=\"summary_large_image\" \/>\n<meta name=\"twitter:creator\" content=\"@fidedignas\" \/>\n<meta name=\"twitter:site\" content=\"@fidedignas\" \/>\n<meta name=\"twitter:label1\" content=\"Escrito por\" \/>\n\t<meta name=\"twitter:data1\" content=\"Redacci\u00f3n\" \/>\n\t<meta name=\"twitter:label2\" content=\"Tiempo de lectura\" \/>\n\t<meta name=\"twitter:data2\" content=\"3 minutos\" \/>\n<script type=\"application\/ld+json\" class=\"yoast-schema-graph\">{\"@context\":\"https:\\\/\\\/schema.org\",\"@graph\":[{\"@type\":\"Article\",\"@id\":\"https:\\\/\\\/fuentesfidedignas.com.mx\\\/index.php\\\/2023\\\/08\\\/23\\\/presenta-dif-sinaloa-programas-de-seguimiento-para-ninos-con-autismo\\\/#article\",\"isPartOf\":{\"@id\":\"https:\\\/\\\/fuentesfidedignas.com.mx\\\/index.php\\\/2023\\\/08\\\/23\\\/presenta-dif-sinaloa-programas-de-seguimiento-para-ninos-con-autismo\\\/\"},\"author\":{\"name\":\"Redacci\u00f3n\",\"@id\":\"https:\\\/\\\/fuentesfidedignas.com.mx\\\/#\\\/schema\\\/person\\\/331be9283d37198e2acd5750279085b0\"},\"headline\":\"Presenta DIF Sinaloa programas de seguimiento para ni\u00f1os con autismo\",\"datePublished\":\"2023-08-23T22:23:44+00:00\",\"dateModified\":\"2023-08-24T00:59:42+00:00\",\"mainEntityOfPage\":{\"@id\":\"https:\\\/\\\/fuentesfidedignas.com.mx\\\/index.php\\\/2023\\\/08\\\/23\\\/presenta-dif-sinaloa-programas-de-seguimiento-para-ninos-con-autismo\\\/\"},\"wordCount\":427,\"commentCount\":0,\"publisher\":{\"@id\":\"https:\\\/\\\/fuentesfidedignas.com.mx\\\/#organization\"},\"image\":{\"@id\":\"https:\\\/\\\/fuentesfidedignas.com.mx\\\/index.php\\\/2023\\\/08\\\/23\\\/presenta-dif-sinaloa-programas-de-seguimiento-para-ninos-con-autismo\\\/#primaryimage\"},\"thumbnailUrl\":\"https:\\\/\\\/fuentesfidedignas.com.mx\\\/wp-content\\\/uploads\\\/2023\\\/08\\\/1000114862.jpg\",\"articleSection\":[\"NOTICIAS LOCALES\"],\"inLanguage\":\"es\",\"potentialAction\":[{\"@type\":\"CommentAction\",\"name\":\"Comment\",\"target\":[\"https:\\\/\\\/fuentesfidedignas.com.mx\\\/index.php\\\/2023\\\/08\\\/23\\\/presenta-dif-sinaloa-programas-de-seguimiento-para-ninos-con-autismo\\\/#respond\"]}]},{\"@type\":\"WebPage\",\"@id\":\"https:\\\/\\\/fuentesfidedignas.com.mx\\\/index.php\\\/2023\\\/08\\\/23\\\/presenta-dif-sinaloa-programas-de-seguimiento-para-ninos-con-autismo\\\/\",\"url\":\"https:\\\/\\\/fuentesfidedignas.com.mx\\\/index.php\\\/2023\\\/08\\\/23\\\/presenta-dif-sinaloa-programas-de-seguimiento-para-ninos-con-autismo\\\/\",\"name\":\"Presenta DIF Sinaloa programas de seguimiento para ni\u00f1os con autismo - Fuentes Fidedignas\",\"isPartOf\":{\"@id\":\"https:\\\/\\\/fuentesfidedignas.com.mx\\\/#website\"},\"primaryImageOfPage\":{\"@id\":\"https:\\\/\\\/fuentesfidedignas.com.mx\\\/index.php\\\/2023\\\/08\\\/23\\\/presenta-dif-sinaloa-programas-de-seguimiento-para-ninos-con-autismo\\\/#primaryimage\"},\"image\":{\"@id\":\"https:\\\/\\\/fuentesfidedignas.com.mx\\\/index.php\\\/2023\\\/08\\\/23\\\/presenta-dif-sinaloa-programas-de-seguimiento-para-ninos-con-autismo\\\/#primaryimage\"},\"thumbnailUrl\":\"https:\\\/\\\/fuentesfidedignas.com.mx\\\/wp-content\\\/uploads\\\/2023\\\/08\\\/1000114862.jpg\",\"datePublished\":\"2023-08-23T22:23:44+00:00\",\"dateModified\":\"2023-08-24T00:59:42+00:00\",\"breadcrumb\":{\"@id\":\"https:\\\/\\\/fuentesfidedignas.com.mx\\\/index.php\\\/2023\\\/08\\\/23\\\/presenta-dif-sinaloa-programas-de-seguimiento-para-ninos-con-autismo\\\/#breadcrumb\"},\"inLanguage\":\"es\",\"potentialAction\":[{\"@type\":\"ReadAction\",\"target\":[\"https:\\\/\\\/fuentesfidedignas.com.mx\\\/index.php\\\/2023\\\/08\\\/23\\\/presenta-dif-sinaloa-programas-de-seguimiento-para-ninos-con-autismo\\\/\"]}]},{\"@type\":\"ImageObject\",\"inLanguage\":\"es\",\"@id\":\"https:\\\/\\\/fuentesfidedignas.com.mx\\\/index.php\\\/2023\\\/08\\\/23\\\/presenta-dif-sinaloa-programas-de-seguimiento-para-ninos-con-autismo\\\/#primaryimage\",\"url\":\"https:\\\/\\\/fuentesfidedignas.com.mx\\\/wp-content\\\/uploads\\\/2023\\\/08\\\/1000114862.jpg\",\"contentUrl\":\"https:\\\/\\\/fuentesfidedignas.com.mx\\\/wp-content\\\/uploads\\\/2023\\\/08\\\/1000114862.jpg\",\"width\":1600,\"height\":1066},{\"@type\":\"BreadcrumbList\",\"@id\":\"https:\\\/\\\/fuentesfidedignas.com.mx\\\/index.php\\\/2023\\\/08\\\/23\\\/presenta-dif-sinaloa-programas-de-seguimiento-para-ninos-con-autismo\\\/#breadcrumb\",\"itemListElement\":[{\"@type\":\"ListItem\",\"position\":1,\"name\":\"Inicio\",\"item\":\"https:\\\/\\\/fuentesfidedignas.com.mx\\\/\"},{\"@type\":\"ListItem\",\"position\":2,\"name\":\"Presenta DIF Sinaloa programas de seguimiento para ni\u00f1os con autismo\"}]},{\"@type\":\"WebSite\",\"@id\":\"https:\\\/\\\/fuentesfidedignas.com.mx\\\/#website\",\"url\":\"https:\\\/\\\/fuentesfidedignas.com.mx\\\/\",\"name\":\"Fuentes Fidedignas\",\"description\":\"Otro sitio realizado con WordPress\",\"publisher\":{\"@id\":\"https:\\\/\\\/fuentesfidedignas.com.mx\\\/#organization\"},\"potentialAction\":[{\"@type\":\"SearchAction\",\"target\":{\"@type\":\"EntryPoint\",\"urlTemplate\":\"https:\\\/\\\/fuentesfidedignas.com.mx\\\/?s={search_term_string}\"},\"query-input\":{\"@type\":\"PropertyValueSpecification\",\"valueRequired\":true,\"valueName\":\"search_term_string\"}}],\"inLanguage\":\"es\"},{\"@type\":\"Organization\",\"@id\":\"https:\\\/\\\/fuentesfidedignas.com.mx\\\/#organization\",\"name\":\"Fuentes Fidedignas\",\"url\":\"https:\\\/\\\/fuentesfidedignas.com.mx\\\/\",\"logo\":{\"@type\":\"ImageObject\",\"inLanguage\":\"es\",\"@id\":\"https:\\\/\\\/fuentesfidedignas.com.mx\\\/#\\\/schema\\\/logo\\\/image\\\/\",\"url\":\"https:\\\/\\\/fuentesfidedignas.com.mx\\\/wp-content\\\/uploads\\\/2021\\\/04\\\/logo-retina.png\",\"contentUrl\":\"https:\\\/\\\/fuentesfidedignas.com.mx\\\/wp-content\\\/uploads\\\/2021\\\/04\\\/logo-retina.png\",\"width\":280,\"height\":51,\"caption\":\"Fuentes Fidedignas\"},\"image\":{\"@id\":\"https:\\\/\\\/fuentesfidedignas.com.mx\\\/#\\\/schema\\\/logo\\\/image\\\/\"},\"sameAs\":[\"https:\\\/\\\/www.facebook.com\\\/Fuentes-Fidedignas-368234489921644\",\"https:\\\/\\\/x.com\\\/fidedignas\"]},{\"@type\":\"Person\",\"@id\":\"https:\\\/\\\/fuentesfidedignas.com.mx\\\/#\\\/schema\\\/person\\\/331be9283d37198e2acd5750279085b0\",\"name\":\"Redacci\u00f3n\",\"image\":{\"@type\":\"ImageObject\",\"inLanguage\":\"es\",\"@id\":\"https:\\\/\\\/secure.gravatar.com\\\/avatar\\\/f6d8782c11d12b2d4ad3fbb6931aeab5309937a4d6cd2fc9cfaa28a6396a5aec?s=96&d=mm&r=g\",\"url\":\"https:\\\/\\\/secure.gravatar.com\\\/avatar\\\/f6d8782c11d12b2d4ad3fbb6931aeab5309937a4d6cd2fc9cfaa28a6396a5aec?s=96&d=mm&r=g\",\"contentUrl\":\"https:\\\/\\\/secure.gravatar.com\\\/avatar\\\/f6d8782c11d12b2d4ad3fbb6931aeab5309937a4d6cd2fc9cfaa28a6396a5aec?s=96&d=mm&r=g\",\"caption\":\"Redacci\u00f3n\"},\"url\":\"https:\\\/\\\/fuentesfidedignas.com.mx\\\/index.php\\\/author\\\/redaccion\\\/\"}]}<\/script>\n<!-- \/ Yoast SEO plugin. -->","yoast_head_json":{"title":"Presenta DIF Sinaloa programas de seguimiento para ni\u00f1os con autismo - Fuentes Fidedignas","robots":{"index":"index","follow":"follow","max-snippet":"max-snippet:-1","max-image-preview":"max-image-preview:large","max-video-preview":"max-video-preview:-1"},"canonical":"https:\/\/fuentesfidedignas.com.mx\/index.php\/2023\/08\/23\/presenta-dif-sinaloa-programas-de-seguimiento-para-ninos-con-autismo\/","og_locale":"es_MX","og_type":"article","og_title":"Presenta DIF Sinaloa programas de seguimiento para ni\u00f1os con autismo - Fuentes Fidedignas","og_description":"Especialistas del CAS capacitar\u00e1n a un equipo multidisciplinario que integrar\u00e1 cada Sistema DIF Municipal &nbsp;Culiac\u00e1n, Sin.- En continuidad con la atenci\u00f3n a ni\u00f1as y ni\u00f1os diagnosticados con espectro autista, el Sistema DIF Sinaloa, junto a su presidenta, doctora Eneyda Rocha Ruiz y la directora del Centro de Autismo Esthela Robledo, dieron a conocer el programa [&hellip;]","og_url":"https:\/\/fuentesfidedignas.com.mx\/index.php\/2023\/08\/23\/presenta-dif-sinaloa-programas-de-seguimiento-para-ninos-con-autismo\/","og_site_name":"Fuentes Fidedignas","article_publisher":"https:\/\/www.facebook.com\/Fuentes-Fidedignas-368234489921644","article_published_time":"2023-08-23T22:23:44+00:00","article_modified_time":"2023-08-24T00:59:42+00:00","og_image":[{"width":1600,"height":1066,"url":"https:\/\/fuentesfidedignas.com.mx\/wp-content\/uploads\/2023\/08\/1000114862.jpg","type":"image\/jpeg"}],"author":"Redacci\u00f3n","twitter_card":"summary_large_image","twitter_creator":"@fidedignas","twitter_site":"@fidedignas","twitter_misc":{"Escrito por":"Redacci\u00f3n","Tiempo de lectura":"3 minutos"},"schema":{"@context":"https:\/\/schema.org","@graph":[{"@type":"Article","@id":"https:\/\/fuentesfidedignas.com.mx\/index.php\/2023\/08\/23\/presenta-dif-sinaloa-programas-de-seguimiento-para-ninos-con-autismo\/#article","isPartOf":{"@id":"https:\/\/fuentesfidedignas.com.mx\/index.php\/2023\/08\/23\/presenta-dif-sinaloa-programas-de-seguimiento-para-ninos-con-autismo\/"},"author":{"name":"Redacci\u00f3n","@id":"https:\/\/fuentesfidedignas.com.mx\/#\/schema\/person\/331be9283d37198e2acd5750279085b0"},"headline":"Presenta DIF Sinaloa programas de seguimiento para ni\u00f1os con autismo","datePublished":"2023-08-23T22:23:44+00:00","dateModified":"2023-08-24T00:59:42+00:00","mainEntityOfPage":{"@id":"https:\/\/fuentesfidedignas.com.mx\/index.php\/2023\/08\/23\/presenta-dif-sinaloa-programas-de-seguimiento-para-ninos-con-autismo\/"},"wordCount":427,"commentCount":0,"publisher":{"@id":"https:\/\/fuentesfidedignas.com.mx\/#organization"},"image":{"@id":"https:\/\/fuentesfidedignas.com.mx\/index.php\/2023\/08\/23\/presenta-dif-sinaloa-programas-de-seguimiento-para-ninos-con-autismo\/#primaryimage"},"thumbnailUrl":"https:\/\/fuentesfidedignas.com.mx\/wp-content\/uploads\/2023\/08\/1000114862.jpg","articleSection":["NOTICIAS LOCALES"],"inLanguage":"es","potentialAction":[{"@type":"CommentAction","name":"Comment","target":["https:\/\/fuentesfidedignas.com.mx\/index.php\/2023\/08\/23\/presenta-dif-sinaloa-programas-de-seguimiento-para-ninos-con-autismo\/#respond"]}]},{"@type":"WebPage","@id":"https:\/\/fuentesfidedignas.com.mx\/index.php\/2023\/08\/23\/presenta-dif-sinaloa-programas-de-seguimiento-para-ninos-con-autismo\/","url":"https:\/\/fuentesfidedignas.com.mx\/index.php\/2023\/08\/23\/presenta-dif-sinaloa-programas-de-seguimiento-para-ninos-con-autismo\/","name":"Presenta DIF Sinaloa programas de seguimiento para ni\u00f1os con autismo - Fuentes Fidedignas","isPartOf":{"@id":"https:\/\/fuentesfidedignas.com.mx\/#website"},"primaryImageOfPage":{"@id":"https:\/\/fuentesfidedignas.com.mx\/index.php\/2023\/08\/23\/presenta-dif-sinaloa-programas-de-seguimiento-para-ninos-con-autismo\/#primaryimage"},"image":{"@id":"https:\/\/fuentesfidedignas.com.mx\/index.php\/2023\/08\/23\/presenta-dif-sinaloa-programas-de-seguimiento-para-ninos-con-autismo\/#primaryimage"},"thumbnailUrl":"https:\/\/fuentesfidedignas.com.mx\/wp-content\/uploads\/2023\/08\/1000114862.jpg","datePublished":"2023-08-23T22:23:44+00:00","dateModified":"2023-08-24T00:59:42+00:00","breadcrumb":{"@id":"https:\/\/fuentesfidedignas.com.mx\/index.php\/2023\/08\/23\/presenta-dif-sinaloa-programas-de-seguimiento-para-ninos-con-autismo\/#breadcrumb"},"inLanguage":"es","potentialAction":[{"@type":"ReadAction","target":["https:\/\/fuentesfidedignas.com.mx\/index.php\/2023\/08\/23\/presenta-dif-sinaloa-programas-de-seguimiento-para-ninos-con-autismo\/"]}]},{"@type":"ImageObject","inLanguage":"es","@id":"https:\/\/fuentesfidedignas.com.mx\/index.php\/2023\/08\/23\/presenta-dif-sinaloa-programas-de-seguimiento-para-ninos-con-autismo\/#primaryimage","url":"https:\/\/fuentesfidedignas.com.mx\/wp-content\/uploads\/2023\/08\/1000114862.jpg","contentUrl":"https:\/\/fuentesfidedignas.com.mx\/wp-content\/uploads\/2023\/08\/1000114862.jpg","width":1600,"height":1066},{"@type":"BreadcrumbList","@id":"https:\/\/fuentesfidedignas.com.mx\/index.php\/2023\/08\/23\/presenta-dif-sinaloa-programas-de-seguimiento-para-ninos-con-autismo\/#breadcrumb","itemListElement":[{"@type":"ListItem","position":1,"name":"Inicio","item":"https:\/\/fuentesfidedignas.com.mx\/"},{"@type":"ListItem","position":2,"name":"Presenta DIF Sinaloa programas de seguimiento para ni\u00f1os con autismo"}]},{"@type":"WebSite","@id":"https:\/\/fuentesfidedignas.com.mx\/#website","url":"https:\/\/fuentesfidedignas.com.mx\/","name":"Fuentes Fidedignas","description":"Otro sitio realizado con WordPress","publisher":{"@id":"https:\/\/fuentesfidedignas.com.mx\/#organization"},"potentialAction":[{"@type":"SearchAction","target":{"@type":"EntryPoint","urlTemplate":"https:\/\/fuentesfidedignas.com.mx\/?s={search_term_string}"},"query-input":{"@type":"PropertyValueSpecification","valueRequired":true,"valueName":"search_term_string"}}],"inLanguage":"es"},{"@type":"Organization","@id":"https:\/\/fuentesfidedignas.com.mx\/#organization","name":"Fuentes Fidedignas","url":"https:\/\/fuentesfidedignas.com.mx\/","logo":{"@type":"ImageObject","inLanguage":"es","@id":"https:\/\/fuentesfidedignas.com.mx\/#\/schema\/logo\/image\/","url":"https:\/\/fuentesfidedignas.com.mx\/wp-content\/uploads\/2021\/04\/logo-retina.png","contentUrl":"https:\/\/fuentesfidedignas.com.mx\/wp-content\/uploads\/2021\/04\/logo-retina.png","width":280,"height":51,"caption":"Fuentes Fidedignas"},"image":{"@id":"https:\/\/fuentesfidedignas.com.mx\/#\/schema\/logo\/image\/"},"sameAs":["https:\/\/www.facebook.com\/Fuentes-Fidedignas-368234489921644","https:\/\/x.com\/fidedignas"]},{"@type":"Person","@id":"https:\/\/fuentesfidedignas.com.mx\/#\/schema\/person\/331be9283d37198e2acd5750279085b0","name":"Redacci\u00f3n","image":{"@type":"ImageObject","inLanguage":"es","@id":"https:\/\/secure.gravatar.com\/avatar\/f6d8782c11d12b2d4ad3fbb6931aeab5309937a4d6cd2fc9cfaa28a6396a5aec?s=96&d=mm&r=g","url":"https:\/\/secure.gravatar.com\/avatar\/f6d8782c11d12b2d4ad3fbb6931aeab5309937a4d6cd2fc9cfaa28a6396a5aec?s=96&d=mm&r=g","contentUrl":"https:\/\/secure.gravatar.com\/avatar\/f6d8782c11d12b2d4ad3fbb6931aeab5309937a4d6cd2fc9cfaa28a6396a5aec?s=96&d=mm&r=g","caption":"Redacci\u00f3n"},"url":"https:\/\/fuentesfidedignas.com.mx\/index.php\/author\/redaccion\/"}]}},"_links":{"self":[{"href":"https:\/\/fuentesfidedignas.com.mx\/index.php\/wp-json\/wp\/v2\/posts\/56436","targetHints":{"allow":["GET"]}}],"collection":[{"href":"https:\/\/fuentesfidedignas.com.mx\/index.php\/wp-json\/wp\/v2\/posts"}],"about":[{"href":"https:\/\/fuentesfidedignas.com.mx\/index.php\/wp-json\/wp\/v2\/types\/post"}],"author":[{"embeddable":true,"href":"https:\/\/fuentesfidedignas.com.mx\/index.php\/wp-json\/wp\/v2\/users\/4"}],"replies":[{"embeddable":true,"href":"https:\/\/fuentesfidedignas.com.mx\/index.php\/wp-json\/wp\/v2\/comments?post=56436"}],"version-history":[{"count":2,"href":"https:\/\/fuentesfidedignas.com.mx\/index.php\/wp-json\/wp\/v2\/posts\/56436\/revisions"}],"predecessor-version":[{"id":56478,"href":"https:\/\/fuentesfidedignas.com.mx\/index.php\/wp-json\/wp\/v2\/posts\/56436\/revisions\/56478"}],"wp:featuredmedia":[{"embeddable":true,"href":"https:\/\/fuentesfidedignas.com.mx\/index.php\/wp-json\/wp\/v2\/media\/56440"}],"wp:attachment":[{"href":"https:\/\/fuentesfidedignas.com.mx\/index.php\/wp-json\/wp\/v2\/media?parent=56436"}],"wp:term":[{"taxonomy":"category","embeddable":true,"href":"https:\/\/fuentesfidedignas.com.mx\/index.php\/wp-json\/wp\/v2\/categories?post=56436"},{"taxonomy":"post_tag","embeddable":true,"href":"https:\/\/fuentesfidedignas.com.mx\/index.php\/wp-json\/wp\/v2\/tags?post=56436"}],"curies":[{"name":"wp","href":"https:\/\/api.w.org\/{rel}","templated":true}]}}