{"id":56405,"date":"2023-08-23T13:20:25","date_gmt":"2023-08-23T20:20:25","guid":{"rendered":"https:\/\/fuentesfidedignas.com.mx\/?p=56405"},"modified":"2023-08-23T13:22:19","modified_gmt":"2023-08-23T20:22:19","slug":"respaldan-diputados-distribucion-de-libros-de-texto-y-llamado-a-no-pagar-cuotas","status":"publish","type":"post","link":"https:\/\/fuentesfidedignas.com.mx\/index.php\/2023\/08\/23\/respaldan-diputados-distribucion-de-libros-de-texto-y-llamado-a-no-pagar-cuotas\/","title":{"rendered":"Respaldan diputados distribuci\u00f3n de libros de texto y llamado a no pagar cuotas"},"content":{"rendered":"\n<p><em><strong>Afirmaron que el tema ha sido tomado como bandera de ataque del Frente por M\u00e9xico<\/strong><\/em><\/p>\n\n\n\n<p>Culiac\u00e1n, Sin.- El gobernador Rub\u00e9n Rocha Moya y la Secretar\u00eda de Educaci\u00f3n P\u00fablica y Cultura, tienen el respaldo del Congreso del Estado para la distribuci\u00f3n de los libros de texto gratuito y replicamos el llamado a las madres y padres de familia para que no paguen cuotas en las escuelas de Educaci\u00f3n P\u00fablica, coincidieron diputados. <\/p>\n\n\n\n<p>&#8220;<strong>Reiteramos el total respaldo a la distribuci\u00f3n de los libros y decirles que estamos dispuestos para acudir a cualquier llamado, discusi\u00f3n o an\u00e1lisis que con seriedad quiera hacerse con los contenidos y el modelo pedag\u00f3gico que estos contienen<\/strong>&#8220;, detall\u00f3 Jos\u00e9 Manuel Luque Rojas, presidente de la Comisi\u00f3n de Educaci\u00f3n.<\/p>\n\n\n\n<p>El diputado morenista se\u00f1al\u00f3 que los nuevos libros de texto gratuito han llevado un largo proceso de an\u00e1lisis y son herramientas que permitir\u00e1n a la<strong> Nueva Escuela Mexicana <\/strong>hacer realidad un nuevo tipo de ense\u00f1anza, donde el criterio va a sobrepasar al viejo estilo de la memorizaci\u00f3n.<\/p>\n\n\n\n<p>Referente a los se\u00f1alamientos de algunos grupos sociales y religiosos, as\u00ed como las cr\u00edticas de algunos partidos pol\u00edticos, para pedir frenar la distribuci\u00f3n de los libros, Luque Rojas afirm\u00f3 que se trata de grupos conservadores que no est\u00e1n consientes del avance que representan, mientras que el <strong>Frente por M\u00e9xico<\/strong> ha tomado como bandera este tema para atacar al actual gobierno.<\/p>\n\n\n\n<iframe loading=\"lazy\" src=\"https:\/\/www.facebook.com\/plugins\/video.php?height=314&#038;href=https%3A%2F%2Fwww.facebook.com%2F100050497569358%2Fvideos%2F1019498149232182%2F&#038;show_text=false&#038;width=560&#038;t=0\" width=\"560\" height=\"314\" style=\"border:none;overflow:hidden\" scrolling=\"no\" frameborder=\"0\" allowfullscreen=\"true\" allow=\"autoplay; clipboard-write; encrypted-media; picture-in-picture; web-share\" allowFullScreen=\"true\"><\/iframe>\n\n\n\n<p>Asimismo, el diputado Jos\u00e9 Manuel Luque respald\u00f3 el llamado del gobernador Rub\u00e9n Rocha Moya a madres y padres de familia, para que no realicen pagos de cuotas en las escuelas de Educaci\u00f3n B\u00e1sica y denuncien si la entrega de libros o el ingreso de sus hijos al plantel es condicionado.<\/p>\n\n\n\n<p>&#8220;<strong>Hago un llamado a los padres de familia, atendiendo a la declaraci\u00f3n del gobernador, de que si en alguna escuela se est\u00e1 condicionando la inscripci\u00f3n, la entrega de libros o de cualquier otro servicio que de manera gratuita est\u00e1n obligadas las escuelas a ofrecer, denuncien inmediatamente ya sea a un servidor o a la SEPyC. Hay un tel\u00e9fono de contacto en la SEPyC y el m\u00edo es 6681390307<\/strong>&#8220;, especific\u00f3.<\/p>\n\n\n\n<figure class=\"wp-block-image size-large\"><img decoding=\"async\" width=\"1024\" height=\"655\" src=\"https:\/\/fuentesfidedignas.com.mx\/wp-content\/uploads\/2023\/08\/twit-1024x655.jpg\" alt=\"\" class=\"wp-image-56407\" srcset=\"https:\/\/fuentesfidedignas.com.mx\/wp-content\/uploads\/2023\/08\/twit-1024x655.jpg 1024w, https:\/\/fuentesfidedignas.com.mx\/wp-content\/uploads\/2023\/08\/twit-300x192.jpg 300w, https:\/\/fuentesfidedignas.com.mx\/wp-content\/uploads\/2023\/08\/twit-768x491.jpg 768w, https:\/\/fuentesfidedignas.com.mx\/wp-content\/uploads\/2023\/08\/twit-696x445.jpg 696w, https:\/\/fuentesfidedignas.com.mx\/wp-content\/uploads\/2023\/08\/twit-1068x683.jpg 1068w, https:\/\/fuentesfidedignas.com.mx\/wp-content\/uploads\/2023\/08\/twit-656x420.jpg 656w, https:\/\/fuentesfidedignas.com.mx\/wp-content\/uploads\/2023\/08\/twit.jpg 1080w\" sizes=\"(max-width: 1024px) 100vw, 1024px\" \/><\/figure>\n","protected":false},"excerpt":{"rendered":"<p>Afirmaron que el tema ha sido tomado como bandera de ataque del Frente por M\u00e9xico Culiac\u00e1n, Sin.- El gobernador Rub\u00e9n Rocha Moya y la Secretar\u00eda de Educaci\u00f3n P\u00fablica y Cultura, tienen el respaldo del Congreso del Estado para la distribuci\u00f3n de los libros de texto gratuito y replicamos el llamado a las madres y padres [&hellip;]<\/p>\n","protected":false},"author":11,"featured_media":56406,"comment_status":"open","ping_status":"open","sticky":false,"template":"","format":"standard","meta":{"tdm_status":"","tdm_grid_status":"","footnotes":""},"categories":[37],"tags":[],"class_list":{"0":"post-56405","1":"post","2":"type-post","3":"status-publish","4":"format-standard","5":"has-post-thumbnail","7":"category-nota-principal"},"yoast_head":"<!-- This site is optimized with the Yoast SEO plugin v27.4 - https:\/\/yoast.com\/product\/yoast-seo-wordpress\/ -->\n<title>Respaldan diputados distribuci\u00f3n de libros de texto y llamado a no pagar cuotas - Fuentes Fidedignas<\/title>\n<meta name=\"robots\" content=\"index, follow, max-snippet:-1, max-image-preview:large, max-video-preview:-1\" \/>\n<link rel=\"canonical\" href=\"https:\/\/fuentesfidedignas.com.mx\/index.php\/2023\/08\/23\/respaldan-diputados-distribucion-de-libros-de-texto-y-llamado-a-no-pagar-cuotas\/\" \/>\n<meta property=\"og:locale\" content=\"es_MX\" \/>\n<meta property=\"og:type\" content=\"article\" \/>\n<meta property=\"og:title\" content=\"Respaldan diputados distribuci\u00f3n de libros de texto y llamado a no pagar cuotas - Fuentes Fidedignas\" \/>\n<meta property=\"og:description\" content=\"Afirmaron que el tema ha sido tomado como bandera de ataque del Frente por M\u00e9xico Culiac\u00e1n, Sin.- El gobernador Rub\u00e9n Rocha Moya y la Secretar\u00eda de Educaci\u00f3n P\u00fablica y Cultura, tienen el respaldo del Congreso del Estado para la distribuci\u00f3n de los libros de texto gratuito y replicamos el llamado a las madres y padres [&hellip;]\" \/>\n<meta property=\"og:url\" content=\"https:\/\/fuentesfidedignas.com.mx\/index.php\/2023\/08\/23\/respaldan-diputados-distribucion-de-libros-de-texto-y-llamado-a-no-pagar-cuotas\/\" \/>\n<meta property=\"og:site_name\" content=\"Fuentes Fidedignas\" \/>\n<meta property=\"article:publisher\" content=\"https:\/\/www.facebook.com\/Fuentes-Fidedignas-368234489921644\" \/>\n<meta property=\"article:published_time\" content=\"2023-08-23T20:20:25+00:00\" \/>\n<meta property=\"article:modified_time\" content=\"2023-08-23T20:22:19+00:00\" \/>\n<meta property=\"og:image\" content=\"https:\/\/fuentesfidedignas.com.mx\/wp-content\/uploads\/2023\/08\/luque-feliciano-2308-e1692820538571.jpg\" \/>\n\t<meta property=\"og:image:width\" content=\"600\" \/>\n\t<meta property=\"og:image:height\" content=\"385\" \/>\n\t<meta property=\"og:image:type\" content=\"image\/jpeg\" \/>\n<meta name=\"author\" content=\"Marissa Palafox\" \/>\n<meta name=\"twitter:card\" content=\"summary_large_image\" \/>\n<meta name=\"twitter:creator\" content=\"@fidedignas\" \/>\n<meta name=\"twitter:site\" content=\"@fidedignas\" \/>\n<meta name=\"twitter:label1\" content=\"Escrito por\" \/>\n\t<meta name=\"twitter:data1\" content=\"Marissa Palafox\" \/>\n\t<meta name=\"twitter:label2\" content=\"Tiempo de lectura\" \/>\n\t<meta name=\"twitter:data2\" content=\"2 minutos\" \/>\n<script type=\"application\/ld+json\" class=\"yoast-schema-graph\">{\"@context\":\"https:\\\/\\\/schema.org\",\"@graph\":[{\"@type\":\"Article\",\"@id\":\"https:\\\/\\\/fuentesfidedignas.com.mx\\\/index.php\\\/2023\\\/08\\\/23\\\/respaldan-diputados-distribucion-de-libros-de-texto-y-llamado-a-no-pagar-cuotas\\\/#article\",\"isPartOf\":{\"@id\":\"https:\\\/\\\/fuentesfidedignas.com.mx\\\/index.php\\\/2023\\\/08\\\/23\\\/respaldan-diputados-distribucion-de-libros-de-texto-y-llamado-a-no-pagar-cuotas\\\/\"},\"author\":{\"name\":\"Marissa Palafox\",\"@id\":\"https:\\\/\\\/fuentesfidedignas.com.mx\\\/#\\\/schema\\\/person\\\/2c10028b4a30078c05a056a215342ab9\"},\"headline\":\"Respaldan diputados distribuci\u00f3n de libros de texto y llamado a no pagar cuotas\",\"datePublished\":\"2023-08-23T20:20:25+00:00\",\"dateModified\":\"2023-08-23T20:22:19+00:00\",\"mainEntityOfPage\":{\"@id\":\"https:\\\/\\\/fuentesfidedignas.com.mx\\\/index.php\\\/2023\\\/08\\\/23\\\/respaldan-diputados-distribucion-de-libros-de-texto-y-llamado-a-no-pagar-cuotas\\\/\"},\"wordCount\":393,\"commentCount\":0,\"publisher\":{\"@id\":\"https:\\\/\\\/fuentesfidedignas.com.mx\\\/#organization\"},\"image\":{\"@id\":\"https:\\\/\\\/fuentesfidedignas.com.mx\\\/index.php\\\/2023\\\/08\\\/23\\\/respaldan-diputados-distribucion-de-libros-de-texto-y-llamado-a-no-pagar-cuotas\\\/#primaryimage\"},\"thumbnailUrl\":\"https:\\\/\\\/fuentesfidedignas.com.mx\\\/wp-content\\\/uploads\\\/2023\\\/08\\\/luque-feliciano-2308-e1692820538571.jpg\",\"articleSection\":[\"NOTA PRINCIPAL\"],\"inLanguage\":\"es\",\"potentialAction\":[{\"@type\":\"CommentAction\",\"name\":\"Comment\",\"target\":[\"https:\\\/\\\/fuentesfidedignas.com.mx\\\/index.php\\\/2023\\\/08\\\/23\\\/respaldan-diputados-distribucion-de-libros-de-texto-y-llamado-a-no-pagar-cuotas\\\/#respond\"]}]},{\"@type\":\"WebPage\",\"@id\":\"https:\\\/\\\/fuentesfidedignas.com.mx\\\/index.php\\\/2023\\\/08\\\/23\\\/respaldan-diputados-distribucion-de-libros-de-texto-y-llamado-a-no-pagar-cuotas\\\/\",\"url\":\"https:\\\/\\\/fuentesfidedignas.com.mx\\\/index.php\\\/2023\\\/08\\\/23\\\/respaldan-diputados-distribucion-de-libros-de-texto-y-llamado-a-no-pagar-cuotas\\\/\",\"name\":\"Respaldan diputados distribuci\u00f3n de libros de texto y llamado a no pagar cuotas - Fuentes Fidedignas\",\"isPartOf\":{\"@id\":\"https:\\\/\\\/fuentesfidedignas.com.mx\\\/#website\"},\"primaryImageOfPage\":{\"@id\":\"https:\\\/\\\/fuentesfidedignas.com.mx\\\/index.php\\\/2023\\\/08\\\/23\\\/respaldan-diputados-distribucion-de-libros-de-texto-y-llamado-a-no-pagar-cuotas\\\/#primaryimage\"},\"image\":{\"@id\":\"https:\\\/\\\/fuentesfidedignas.com.mx\\\/index.php\\\/2023\\\/08\\\/23\\\/respaldan-diputados-distribucion-de-libros-de-texto-y-llamado-a-no-pagar-cuotas\\\/#primaryimage\"},\"thumbnailUrl\":\"https:\\\/\\\/fuentesfidedignas.com.mx\\\/wp-content\\\/uploads\\\/2023\\\/08\\\/luque-feliciano-2308-e1692820538571.jpg\",\"datePublished\":\"2023-08-23T20:20:25+00:00\",\"dateModified\":\"2023-08-23T20:22:19+00:00\",\"breadcrumb\":{\"@id\":\"https:\\\/\\\/fuentesfidedignas.com.mx\\\/index.php\\\/2023\\\/08\\\/23\\\/respaldan-diputados-distribucion-de-libros-de-texto-y-llamado-a-no-pagar-cuotas\\\/#breadcrumb\"},\"inLanguage\":\"es\",\"potentialAction\":[{\"@type\":\"ReadAction\",\"target\":[\"https:\\\/\\\/fuentesfidedignas.com.mx\\\/index.php\\\/2023\\\/08\\\/23\\\/respaldan-diputados-distribucion-de-libros-de-texto-y-llamado-a-no-pagar-cuotas\\\/\"]}]},{\"@type\":\"ImageObject\",\"inLanguage\":\"es\",\"@id\":\"https:\\\/\\\/fuentesfidedignas.com.mx\\\/index.php\\\/2023\\\/08\\\/23\\\/respaldan-diputados-distribucion-de-libros-de-texto-y-llamado-a-no-pagar-cuotas\\\/#primaryimage\",\"url\":\"https:\\\/\\\/fuentesfidedignas.com.mx\\\/wp-content\\\/uploads\\\/2023\\\/08\\\/luque-feliciano-2308-e1692820538571.jpg\",\"contentUrl\":\"https:\\\/\\\/fuentesfidedignas.com.mx\\\/wp-content\\\/uploads\\\/2023\\\/08\\\/luque-feliciano-2308-e1692820538571.jpg\",\"width\":600,\"height\":385},{\"@type\":\"BreadcrumbList\",\"@id\":\"https:\\\/\\\/fuentesfidedignas.com.mx\\\/index.php\\\/2023\\\/08\\\/23\\\/respaldan-diputados-distribucion-de-libros-de-texto-y-llamado-a-no-pagar-cuotas\\\/#breadcrumb\",\"itemListElement\":[{\"@type\":\"ListItem\",\"position\":1,\"name\":\"Inicio\",\"item\":\"https:\\\/\\\/fuentesfidedignas.com.mx\\\/\"},{\"@type\":\"ListItem\",\"position\":2,\"name\":\"Respaldan diputados distribuci\u00f3n de libros de texto y llamado a no pagar cuotas\"}]},{\"@type\":\"WebSite\",\"@id\":\"https:\\\/\\\/fuentesfidedignas.com.mx\\\/#website\",\"url\":\"https:\\\/\\\/fuentesfidedignas.com.mx\\\/\",\"name\":\"Fuentes Fidedignas\",\"description\":\"Otro sitio realizado con WordPress\",\"publisher\":{\"@id\":\"https:\\\/\\\/fuentesfidedignas.com.mx\\\/#organization\"},\"potentialAction\":[{\"@type\":\"SearchAction\",\"target\":{\"@type\":\"EntryPoint\",\"urlTemplate\":\"https:\\\/\\\/fuentesfidedignas.com.mx\\\/?s={search_term_string}\"},\"query-input\":{\"@type\":\"PropertyValueSpecification\",\"valueRequired\":true,\"valueName\":\"search_term_string\"}}],\"inLanguage\":\"es\"},{\"@type\":\"Organization\",\"@id\":\"https:\\\/\\\/fuentesfidedignas.com.mx\\\/#organization\",\"name\":\"Fuentes Fidedignas\",\"url\":\"https:\\\/\\\/fuentesfidedignas.com.mx\\\/\",\"logo\":{\"@type\":\"ImageObject\",\"inLanguage\":\"es\",\"@id\":\"https:\\\/\\\/fuentesfidedignas.com.mx\\\/#\\\/schema\\\/logo\\\/image\\\/\",\"url\":\"https:\\\/\\\/fuentesfidedignas.com.mx\\\/wp-content\\\/uploads\\\/2021\\\/04\\\/logo-retina.png\",\"contentUrl\":\"https:\\\/\\\/fuentesfidedignas.com.mx\\\/wp-content\\\/uploads\\\/2021\\\/04\\\/logo-retina.png\",\"width\":280,\"height\":51,\"caption\":\"Fuentes Fidedignas\"},\"image\":{\"@id\":\"https:\\\/\\\/fuentesfidedignas.com.mx\\\/#\\\/schema\\\/logo\\\/image\\\/\"},\"sameAs\":[\"https:\\\/\\\/www.facebook.com\\\/Fuentes-Fidedignas-368234489921644\",\"https:\\\/\\\/x.com\\\/fidedignas\"]},{\"@type\":\"Person\",\"@id\":\"https:\\\/\\\/fuentesfidedignas.com.mx\\\/#\\\/schema\\\/person\\\/2c10028b4a30078c05a056a215342ab9\",\"name\":\"Marissa Palafox\",\"image\":{\"@type\":\"ImageObject\",\"inLanguage\":\"es\",\"@id\":\"https:\\\/\\\/secure.gravatar.com\\\/avatar\\\/20a43bdb2f2db10f20b22d4e98b96eb027faf98f7f76d29854dc5fab46d1cf71?s=96&d=mm&r=g\",\"url\":\"https:\\\/\\\/secure.gravatar.com\\\/avatar\\\/20a43bdb2f2db10f20b22d4e98b96eb027faf98f7f76d29854dc5fab46d1cf71?s=96&d=mm&r=g\",\"contentUrl\":\"https:\\\/\\\/secure.gravatar.com\\\/avatar\\\/20a43bdb2f2db10f20b22d4e98b96eb027faf98f7f76d29854dc5fab46d1cf71?s=96&d=mm&r=g\",\"caption\":\"Marissa Palafox\"},\"url\":\"https:\\\/\\\/fuentesfidedignas.com.mx\\\/index.php\\\/author\\\/marissa\\\/\"}]}<\/script>\n<!-- \/ Yoast SEO plugin. -->","yoast_head_json":{"title":"Respaldan diputados distribuci\u00f3n de libros de texto y llamado a no pagar cuotas - Fuentes Fidedignas","robots":{"index":"index","follow":"follow","max-snippet":"max-snippet:-1","max-image-preview":"max-image-preview:large","max-video-preview":"max-video-preview:-1"},"canonical":"https:\/\/fuentesfidedignas.com.mx\/index.php\/2023\/08\/23\/respaldan-diputados-distribucion-de-libros-de-texto-y-llamado-a-no-pagar-cuotas\/","og_locale":"es_MX","og_type":"article","og_title":"Respaldan diputados distribuci\u00f3n de libros de texto y llamado a no pagar cuotas - Fuentes Fidedignas","og_description":"Afirmaron que el tema ha sido tomado como bandera de ataque del Frente por M\u00e9xico Culiac\u00e1n, Sin.- El gobernador Rub\u00e9n Rocha Moya y la Secretar\u00eda de Educaci\u00f3n P\u00fablica y Cultura, tienen el respaldo del Congreso del Estado para la distribuci\u00f3n de los libros de texto gratuito y replicamos el llamado a las madres y padres [&hellip;]","og_url":"https:\/\/fuentesfidedignas.com.mx\/index.php\/2023\/08\/23\/respaldan-diputados-distribucion-de-libros-de-texto-y-llamado-a-no-pagar-cuotas\/","og_site_name":"Fuentes Fidedignas","article_publisher":"https:\/\/www.facebook.com\/Fuentes-Fidedignas-368234489921644","article_published_time":"2023-08-23T20:20:25+00:00","article_modified_time":"2023-08-23T20:22:19+00:00","og_image":[{"width":600,"height":385,"url":"https:\/\/fuentesfidedignas.com.mx\/wp-content\/uploads\/2023\/08\/luque-feliciano-2308-e1692820538571.jpg","type":"image\/jpeg"}],"author":"Marissa Palafox","twitter_card":"summary_large_image","twitter_creator":"@fidedignas","twitter_site":"@fidedignas","twitter_misc":{"Escrito por":"Marissa Palafox","Tiempo de lectura":"2 minutos"},"schema":{"@context":"https:\/\/schema.org","@graph":[{"@type":"Article","@id":"https:\/\/fuentesfidedignas.com.mx\/index.php\/2023\/08\/23\/respaldan-diputados-distribucion-de-libros-de-texto-y-llamado-a-no-pagar-cuotas\/#article","isPartOf":{"@id":"https:\/\/fuentesfidedignas.com.mx\/index.php\/2023\/08\/23\/respaldan-diputados-distribucion-de-libros-de-texto-y-llamado-a-no-pagar-cuotas\/"},"author":{"name":"Marissa Palafox","@id":"https:\/\/fuentesfidedignas.com.mx\/#\/schema\/person\/2c10028b4a30078c05a056a215342ab9"},"headline":"Respaldan diputados distribuci\u00f3n de libros de texto y llamado a no pagar cuotas","datePublished":"2023-08-23T20:20:25+00:00","dateModified":"2023-08-23T20:22:19+00:00","mainEntityOfPage":{"@id":"https:\/\/fuentesfidedignas.com.mx\/index.php\/2023\/08\/23\/respaldan-diputados-distribucion-de-libros-de-texto-y-llamado-a-no-pagar-cuotas\/"},"wordCount":393,"commentCount":0,"publisher":{"@id":"https:\/\/fuentesfidedignas.com.mx\/#organization"},"image":{"@id":"https:\/\/fuentesfidedignas.com.mx\/index.php\/2023\/08\/23\/respaldan-diputados-distribucion-de-libros-de-texto-y-llamado-a-no-pagar-cuotas\/#primaryimage"},"thumbnailUrl":"https:\/\/fuentesfidedignas.com.mx\/wp-content\/uploads\/2023\/08\/luque-feliciano-2308-e1692820538571.jpg","articleSection":["NOTA PRINCIPAL"],"inLanguage":"es","potentialAction":[{"@type":"CommentAction","name":"Comment","target":["https:\/\/fuentesfidedignas.com.mx\/index.php\/2023\/08\/23\/respaldan-diputados-distribucion-de-libros-de-texto-y-llamado-a-no-pagar-cuotas\/#respond"]}]},{"@type":"WebPage","@id":"https:\/\/fuentesfidedignas.com.mx\/index.php\/2023\/08\/23\/respaldan-diputados-distribucion-de-libros-de-texto-y-llamado-a-no-pagar-cuotas\/","url":"https:\/\/fuentesfidedignas.com.mx\/index.php\/2023\/08\/23\/respaldan-diputados-distribucion-de-libros-de-texto-y-llamado-a-no-pagar-cuotas\/","name":"Respaldan diputados distribuci\u00f3n de libros de texto y llamado a no pagar cuotas - Fuentes Fidedignas","isPartOf":{"@id":"https:\/\/fuentesfidedignas.com.mx\/#website"},"primaryImageOfPage":{"@id":"https:\/\/fuentesfidedignas.com.mx\/index.php\/2023\/08\/23\/respaldan-diputados-distribucion-de-libros-de-texto-y-llamado-a-no-pagar-cuotas\/#primaryimage"},"image":{"@id":"https:\/\/fuentesfidedignas.com.mx\/index.php\/2023\/08\/23\/respaldan-diputados-distribucion-de-libros-de-texto-y-llamado-a-no-pagar-cuotas\/#primaryimage"},"thumbnailUrl":"https:\/\/fuentesfidedignas.com.mx\/wp-content\/uploads\/2023\/08\/luque-feliciano-2308-e1692820538571.jpg","datePublished":"2023-08-23T20:20:25+00:00","dateModified":"2023-08-23T20:22:19+00:00","breadcrumb":{"@id":"https:\/\/fuentesfidedignas.com.mx\/index.php\/2023\/08\/23\/respaldan-diputados-distribucion-de-libros-de-texto-y-llamado-a-no-pagar-cuotas\/#breadcrumb"},"inLanguage":"es","potentialAction":[{"@type":"ReadAction","target":["https:\/\/fuentesfidedignas.com.mx\/index.php\/2023\/08\/23\/respaldan-diputados-distribucion-de-libros-de-texto-y-llamado-a-no-pagar-cuotas\/"]}]},{"@type":"ImageObject","inLanguage":"es","@id":"https:\/\/fuentesfidedignas.com.mx\/index.php\/2023\/08\/23\/respaldan-diputados-distribucion-de-libros-de-texto-y-llamado-a-no-pagar-cuotas\/#primaryimage","url":"https:\/\/fuentesfidedignas.com.mx\/wp-content\/uploads\/2023\/08\/luque-feliciano-2308-e1692820538571.jpg","contentUrl":"https:\/\/fuentesfidedignas.com.mx\/wp-content\/uploads\/2023\/08\/luque-feliciano-2308-e1692820538571.jpg","width":600,"height":385},{"@type":"BreadcrumbList","@id":"https:\/\/fuentesfidedignas.com.mx\/index.php\/2023\/08\/23\/respaldan-diputados-distribucion-de-libros-de-texto-y-llamado-a-no-pagar-cuotas\/#breadcrumb","itemListElement":[{"@type":"ListItem","position":1,"name":"Inicio","item":"https:\/\/fuentesfidedignas.com.mx\/"},{"@type":"ListItem","position":2,"name":"Respaldan diputados distribuci\u00f3n de libros de texto y llamado a no pagar cuotas"}]},{"@type":"WebSite","@id":"https:\/\/fuentesfidedignas.com.mx\/#website","url":"https:\/\/fuentesfidedignas.com.mx\/","name":"Fuentes Fidedignas","description":"Otro sitio realizado con WordPress","publisher":{"@id":"https:\/\/fuentesfidedignas.com.mx\/#organization"},"potentialAction":[{"@type":"SearchAction","target":{"@type":"EntryPoint","urlTemplate":"https:\/\/fuentesfidedignas.com.mx\/?s={search_term_string}"},"query-input":{"@type":"PropertyValueSpecification","valueRequired":true,"valueName":"search_term_string"}}],"inLanguage":"es"},{"@type":"Organization","@id":"https:\/\/fuentesfidedignas.com.mx\/#organization","name":"Fuentes Fidedignas","url":"https:\/\/fuentesfidedignas.com.mx\/","logo":{"@type":"ImageObject","inLanguage":"es","@id":"https:\/\/fuentesfidedignas.com.mx\/#\/schema\/logo\/image\/","url":"https:\/\/fuentesfidedignas.com.mx\/wp-content\/uploads\/2021\/04\/logo-retina.png","contentUrl":"https:\/\/fuentesfidedignas.com.mx\/wp-content\/uploads\/2021\/04\/logo-retina.png","width":280,"height":51,"caption":"Fuentes Fidedignas"},"image":{"@id":"https:\/\/fuentesfidedignas.com.mx\/#\/schema\/logo\/image\/"},"sameAs":["https:\/\/www.facebook.com\/Fuentes-Fidedignas-368234489921644","https:\/\/x.com\/fidedignas"]},{"@type":"Person","@id":"https:\/\/fuentesfidedignas.com.mx\/#\/schema\/person\/2c10028b4a30078c05a056a215342ab9","name":"Marissa Palafox","image":{"@type":"ImageObject","inLanguage":"es","@id":"https:\/\/secure.gravatar.com\/avatar\/20a43bdb2f2db10f20b22d4e98b96eb027faf98f7f76d29854dc5fab46d1cf71?s=96&d=mm&r=g","url":"https:\/\/secure.gravatar.com\/avatar\/20a43bdb2f2db10f20b22d4e98b96eb027faf98f7f76d29854dc5fab46d1cf71?s=96&d=mm&r=g","contentUrl":"https:\/\/secure.gravatar.com\/avatar\/20a43bdb2f2db10f20b22d4e98b96eb027faf98f7f76d29854dc5fab46d1cf71?s=96&d=mm&r=g","caption":"Marissa Palafox"},"url":"https:\/\/fuentesfidedignas.com.mx\/index.php\/author\/marissa\/"}]}},"_links":{"self":[{"href":"https:\/\/fuentesfidedignas.com.mx\/index.php\/wp-json\/wp\/v2\/posts\/56405","targetHints":{"allow":["GET"]}}],"collection":[{"href":"https:\/\/fuentesfidedignas.com.mx\/index.php\/wp-json\/wp\/v2\/posts"}],"about":[{"href":"https:\/\/fuentesfidedignas.com.mx\/index.php\/wp-json\/wp\/v2\/types\/post"}],"author":[{"embeddable":true,"href":"https:\/\/fuentesfidedignas.com.mx\/index.php\/wp-json\/wp\/v2\/users\/11"}],"replies":[{"embeddable":true,"href":"https:\/\/fuentesfidedignas.com.mx\/index.php\/wp-json\/wp\/v2\/comments?post=56405"}],"version-history":[{"count":2,"href":"https:\/\/fuentesfidedignas.com.mx\/index.php\/wp-json\/wp\/v2\/posts\/56405\/revisions"}],"predecessor-version":[{"id":56409,"href":"https:\/\/fuentesfidedignas.com.mx\/index.php\/wp-json\/wp\/v2\/posts\/56405\/revisions\/56409"}],"wp:featuredmedia":[{"embeddable":true,"href":"https:\/\/fuentesfidedignas.com.mx\/index.php\/wp-json\/wp\/v2\/media\/56406"}],"wp:attachment":[{"href":"https:\/\/fuentesfidedignas.com.mx\/index.php\/wp-json\/wp\/v2\/media?parent=56405"}],"wp:term":[{"taxonomy":"category","embeddable":true,"href":"https:\/\/fuentesfidedignas.com.mx\/index.php\/wp-json\/wp\/v2\/categories?post=56405"},{"taxonomy":"post_tag","embeddable":true,"href":"https:\/\/fuentesfidedignas.com.mx\/index.php\/wp-json\/wp\/v2\/tags?post=56405"}],"curies":[{"name":"wp","href":"https:\/\/api.w.org\/{rel}","templated":true}]}}