{"id":56400,"date":"2023-08-23T12:40:14","date_gmt":"2023-08-23T19:40:14","guid":{"rendered":"https:\/\/fuentesfidedignas.com.mx\/?p=56400"},"modified":"2023-08-23T12:43:45","modified_gmt":"2023-08-23T19:43:45","slug":"diputado-sinaloense-vence-el-cancer-y-se-reincorpora-al-congreso","status":"publish","type":"post","link":"https:\/\/fuentesfidedignas.com.mx\/index.php\/2023\/08\/23\/diputado-sinaloense-vence-el-cancer-y-se-reincorpora-al-congreso\/","title":{"rendered":"Diputado sinaloense vence al c\u00e1ncer y se reincorpora al Congreso despu\u00e9s de un a\u00f1o"},"content":{"rendered":"\n<p><em><strong>Enfrent\u00f3 un problema de c\u00e1ncer avanzado desde septiembre del a\u00f1o 2022, por lo que se vio sometidos a cirug\u00edas y quimioterapias<\/strong><\/em><\/p>\n\n\n\n<p>Culiac\u00e1n, Sin.- Tras casi un a\u00f1o de ausencia de los curules del Congreso del Estado de Sinaloa por problemas de salud, el diputado morenista Mart\u00edn Vega \u00c1lvarez regres\u00f3 a su labor legislativa <\/p>\n\n\n\n<p>El legislador que representa al primer distrito, que comprenda El Fuerte y Choix, enfrent\u00f3 un problema de c\u00e1ncer avanzado desde septiembre del a\u00f1o 2022, por lo que se vio sometidos a cirug\u00edas y quimioterapias.<\/p>\n\n\n\n<p>&#8220;<strong>La primera cirug\u00eda fue en septiembre, en octubre se dio un complicaci\u00f3n y en noviembre se vino un infecci\u00f3n provocada por la cirug\u00eda anterior. Me atendieron de emergencia y ah\u00ed se dieron cuenta que tra\u00eda un tumor maligno, un c\u00e1ncer en etapa ya avanzada, tres casi cuatro<\/strong>&#8220;, inform\u00f3.<\/p>\n\n\n\n<iframe loading=\"lazy\" src=\"https:\/\/www.facebook.com\/plugins\/video.php?height=314&#038;href=https%3A%2F%2Fwww.facebook.com%2F100050497569358%2Fvideos%2F3503053953295411%2F&#038;show_text=false&#038;width=560&#038;t=0\" width=\"560\" height=\"314\" style=\"border:none;overflow:hidden\" scrolling=\"no\" frameborder=\"0\" allowfullscreen=\"true\" allow=\"autoplay; clipboard-write; encrypted-media; picture-in-picture; web-share\" allowFullScreen=\"true\"><\/iframe>\n\n\n\n<p>Cabe destacar que durante sus meses de ausencia, el diputado de Morena recibi\u00f3 el apoyo de los integrantes del Poder Legislativo para enfrentar su enfermedad, por lo que su suplente no fue llamado.<\/p>\n\n\n\n<p>Su regreso se da en el marco de la aprobaci\u00f3n de al menos cinco iniciativas que garantizan la representaci\u00f3n ind\u00edgena ante los ayuntamientos y el Poder Legislativo, proponen expedir la Ley de Justicia Ind\u00edgena del Estado de Sinaloa y crear el Padr\u00f3n Estatal de Int\u00e9rpretes y Traductores en Lenguas Ind\u00edgenas.<\/p>\n","protected":false},"excerpt":{"rendered":"<p>Enfrent\u00f3 un problema de c\u00e1ncer avanzado desde septiembre del a\u00f1o 2022, por lo que se vio sometidos a cirug\u00edas y quimioterapias Culiac\u00e1n, Sin.- Tras casi un a\u00f1o de ausencia de los curules del Congreso del Estado de Sinaloa por problemas de salud, el diputado morenista Mart\u00edn Vega \u00c1lvarez regres\u00f3 a su labor legislativa El legislador [&hellip;]<\/p>\n","protected":false},"author":11,"featured_media":56401,"comment_status":"open","ping_status":"open","sticky":false,"template":"","format":"standard","meta":{"tdm_status":"","tdm_grid_status":"","footnotes":""},"categories":[38],"tags":[],"class_list":{"0":"post-56400","1":"post","2":"type-post","3":"status-publish","4":"format-standard","5":"has-post-thumbnail","7":"category-noticias-locales"},"yoast_head":"<!-- This site is optimized with the Yoast SEO plugin v27.4 - https:\/\/yoast.com\/product\/yoast-seo-wordpress\/ -->\n<title>Diputado sinaloense vence al c\u00e1ncer y se reincorpora al Congreso despu\u00e9s de un a\u00f1o - Fuentes Fidedignas<\/title>\n<meta name=\"robots\" content=\"index, follow, max-snippet:-1, max-image-preview:large, max-video-preview:-1\" \/>\n<link rel=\"canonical\" href=\"https:\/\/fuentesfidedignas.com.mx\/index.php\/2023\/08\/23\/diputado-sinaloense-vence-el-cancer-y-se-reincorpora-al-congreso\/\" \/>\n<meta property=\"og:locale\" content=\"es_MX\" \/>\n<meta property=\"og:type\" content=\"article\" \/>\n<meta property=\"og:title\" content=\"Diputado sinaloense vence al c\u00e1ncer y se reincorpora al Congreso despu\u00e9s de un a\u00f1o - Fuentes Fidedignas\" \/>\n<meta property=\"og:description\" content=\"Enfrent\u00f3 un problema de c\u00e1ncer avanzado desde septiembre del a\u00f1o 2022, por lo que se vio sometidos a cirug\u00edas y quimioterapias Culiac\u00e1n, Sin.- Tras casi un a\u00f1o de ausencia de los curules del Congreso del Estado de Sinaloa por problemas de salud, el diputado morenista Mart\u00edn Vega \u00c1lvarez regres\u00f3 a su labor legislativa El legislador [&hellip;]\" \/>\n<meta property=\"og:url\" content=\"https:\/\/fuentesfidedignas.com.mx\/index.php\/2023\/08\/23\/diputado-sinaloense-vence-el-cancer-y-se-reincorpora-al-congreso\/\" \/>\n<meta property=\"og:site_name\" content=\"Fuentes Fidedignas\" \/>\n<meta property=\"article:publisher\" content=\"https:\/\/www.facebook.com\/Fuentes-Fidedignas-368234489921644\" \/>\n<meta property=\"article:published_time\" content=\"2023-08-23T19:40:14+00:00\" \/>\n<meta property=\"article:modified_time\" content=\"2023-08-23T19:43:45+00:00\" \/>\n<meta property=\"og:image\" content=\"https:\/\/fuentesfidedignas.com.mx\/wp-content\/uploads\/2023\/08\/martin-vega-e1692819061594.jpg\" \/>\n\t<meta property=\"og:image:width\" content=\"600\" \/>\n\t<meta property=\"og:image:height\" content=\"403\" \/>\n\t<meta property=\"og:image:type\" content=\"image\/jpeg\" \/>\n<meta name=\"author\" content=\"Marissa Palafox\" \/>\n<meta name=\"twitter:card\" content=\"summary_large_image\" \/>\n<meta name=\"twitter:creator\" content=\"@fidedignas\" \/>\n<meta name=\"twitter:site\" content=\"@fidedignas\" \/>\n<meta name=\"twitter:label1\" content=\"Escrito por\" \/>\n\t<meta name=\"twitter:data1\" content=\"Marissa Palafox\" \/>\n\t<meta name=\"twitter:label2\" content=\"Tiempo de lectura\" \/>\n\t<meta name=\"twitter:data2\" content=\"1 minuto\" \/>\n<script type=\"application\/ld+json\" class=\"yoast-schema-graph\">{\"@context\":\"https:\\\/\\\/schema.org\",\"@graph\":[{\"@type\":\"Article\",\"@id\":\"https:\\\/\\\/fuentesfidedignas.com.mx\\\/index.php\\\/2023\\\/08\\\/23\\\/diputado-sinaloense-vence-el-cancer-y-se-reincorpora-al-congreso\\\/#article\",\"isPartOf\":{\"@id\":\"https:\\\/\\\/fuentesfidedignas.com.mx\\\/index.php\\\/2023\\\/08\\\/23\\\/diputado-sinaloense-vence-el-cancer-y-se-reincorpora-al-congreso\\\/\"},\"author\":{\"name\":\"Marissa Palafox\",\"@id\":\"https:\\\/\\\/fuentesfidedignas.com.mx\\\/#\\\/schema\\\/person\\\/2c10028b4a30078c05a056a215342ab9\"},\"headline\":\"Diputado sinaloense vence al c\u00e1ncer y se reincorpora al Congreso despu\u00e9s de un a\u00f1o\",\"datePublished\":\"2023-08-23T19:40:14+00:00\",\"dateModified\":\"2023-08-23T19:43:45+00:00\",\"mainEntityOfPage\":{\"@id\":\"https:\\\/\\\/fuentesfidedignas.com.mx\\\/index.php\\\/2023\\\/08\\\/23\\\/diputado-sinaloense-vence-el-cancer-y-se-reincorpora-al-congreso\\\/\"},\"wordCount\":256,\"commentCount\":0,\"publisher\":{\"@id\":\"https:\\\/\\\/fuentesfidedignas.com.mx\\\/#organization\"},\"image\":{\"@id\":\"https:\\\/\\\/fuentesfidedignas.com.mx\\\/index.php\\\/2023\\\/08\\\/23\\\/diputado-sinaloense-vence-el-cancer-y-se-reincorpora-al-congreso\\\/#primaryimage\"},\"thumbnailUrl\":\"https:\\\/\\\/fuentesfidedignas.com.mx\\\/wp-content\\\/uploads\\\/2023\\\/08\\\/martin-vega-e1692819061594.jpg\",\"articleSection\":[\"NOTICIAS LOCALES\"],\"inLanguage\":\"es\",\"potentialAction\":[{\"@type\":\"CommentAction\",\"name\":\"Comment\",\"target\":[\"https:\\\/\\\/fuentesfidedignas.com.mx\\\/index.php\\\/2023\\\/08\\\/23\\\/diputado-sinaloense-vence-el-cancer-y-se-reincorpora-al-congreso\\\/#respond\"]}]},{\"@type\":\"WebPage\",\"@id\":\"https:\\\/\\\/fuentesfidedignas.com.mx\\\/index.php\\\/2023\\\/08\\\/23\\\/diputado-sinaloense-vence-el-cancer-y-se-reincorpora-al-congreso\\\/\",\"url\":\"https:\\\/\\\/fuentesfidedignas.com.mx\\\/index.php\\\/2023\\\/08\\\/23\\\/diputado-sinaloense-vence-el-cancer-y-se-reincorpora-al-congreso\\\/\",\"name\":\"Diputado sinaloense vence al c\u00e1ncer y se reincorpora al Congreso despu\u00e9s de un a\u00f1o - Fuentes Fidedignas\",\"isPartOf\":{\"@id\":\"https:\\\/\\\/fuentesfidedignas.com.mx\\\/#website\"},\"primaryImageOfPage\":{\"@id\":\"https:\\\/\\\/fuentesfidedignas.com.mx\\\/index.php\\\/2023\\\/08\\\/23\\\/diputado-sinaloense-vence-el-cancer-y-se-reincorpora-al-congreso\\\/#primaryimage\"},\"image\":{\"@id\":\"https:\\\/\\\/fuentesfidedignas.com.mx\\\/index.php\\\/2023\\\/08\\\/23\\\/diputado-sinaloense-vence-el-cancer-y-se-reincorpora-al-congreso\\\/#primaryimage\"},\"thumbnailUrl\":\"https:\\\/\\\/fuentesfidedignas.com.mx\\\/wp-content\\\/uploads\\\/2023\\\/08\\\/martin-vega-e1692819061594.jpg\",\"datePublished\":\"2023-08-23T19:40:14+00:00\",\"dateModified\":\"2023-08-23T19:43:45+00:00\",\"breadcrumb\":{\"@id\":\"https:\\\/\\\/fuentesfidedignas.com.mx\\\/index.php\\\/2023\\\/08\\\/23\\\/diputado-sinaloense-vence-el-cancer-y-se-reincorpora-al-congreso\\\/#breadcrumb\"},\"inLanguage\":\"es\",\"potentialAction\":[{\"@type\":\"ReadAction\",\"target\":[\"https:\\\/\\\/fuentesfidedignas.com.mx\\\/index.php\\\/2023\\\/08\\\/23\\\/diputado-sinaloense-vence-el-cancer-y-se-reincorpora-al-congreso\\\/\"]}]},{\"@type\":\"ImageObject\",\"inLanguage\":\"es\",\"@id\":\"https:\\\/\\\/fuentesfidedignas.com.mx\\\/index.php\\\/2023\\\/08\\\/23\\\/diputado-sinaloense-vence-el-cancer-y-se-reincorpora-al-congreso\\\/#primaryimage\",\"url\":\"https:\\\/\\\/fuentesfidedignas.com.mx\\\/wp-content\\\/uploads\\\/2023\\\/08\\\/martin-vega-e1692819061594.jpg\",\"contentUrl\":\"https:\\\/\\\/fuentesfidedignas.com.mx\\\/wp-content\\\/uploads\\\/2023\\\/08\\\/martin-vega-e1692819061594.jpg\",\"width\":600,\"height\":403},{\"@type\":\"BreadcrumbList\",\"@id\":\"https:\\\/\\\/fuentesfidedignas.com.mx\\\/index.php\\\/2023\\\/08\\\/23\\\/diputado-sinaloense-vence-el-cancer-y-se-reincorpora-al-congreso\\\/#breadcrumb\",\"itemListElement\":[{\"@type\":\"ListItem\",\"position\":1,\"name\":\"Inicio\",\"item\":\"https:\\\/\\\/fuentesfidedignas.com.mx\\\/\"},{\"@type\":\"ListItem\",\"position\":2,\"name\":\"Diputado sinaloense vence al c\u00e1ncer y se reincorpora al Congreso despu\u00e9s de un a\u00f1o\"}]},{\"@type\":\"WebSite\",\"@id\":\"https:\\\/\\\/fuentesfidedignas.com.mx\\\/#website\",\"url\":\"https:\\\/\\\/fuentesfidedignas.com.mx\\\/\",\"name\":\"Fuentes Fidedignas\",\"description\":\"Otro sitio realizado con WordPress\",\"publisher\":{\"@id\":\"https:\\\/\\\/fuentesfidedignas.com.mx\\\/#organization\"},\"potentialAction\":[{\"@type\":\"SearchAction\",\"target\":{\"@type\":\"EntryPoint\",\"urlTemplate\":\"https:\\\/\\\/fuentesfidedignas.com.mx\\\/?s={search_term_string}\"},\"query-input\":{\"@type\":\"PropertyValueSpecification\",\"valueRequired\":true,\"valueName\":\"search_term_string\"}}],\"inLanguage\":\"es\"},{\"@type\":\"Organization\",\"@id\":\"https:\\\/\\\/fuentesfidedignas.com.mx\\\/#organization\",\"name\":\"Fuentes Fidedignas\",\"url\":\"https:\\\/\\\/fuentesfidedignas.com.mx\\\/\",\"logo\":{\"@type\":\"ImageObject\",\"inLanguage\":\"es\",\"@id\":\"https:\\\/\\\/fuentesfidedignas.com.mx\\\/#\\\/schema\\\/logo\\\/image\\\/\",\"url\":\"https:\\\/\\\/fuentesfidedignas.com.mx\\\/wp-content\\\/uploads\\\/2021\\\/04\\\/logo-retina.png\",\"contentUrl\":\"https:\\\/\\\/fuentesfidedignas.com.mx\\\/wp-content\\\/uploads\\\/2021\\\/04\\\/logo-retina.png\",\"width\":280,\"height\":51,\"caption\":\"Fuentes Fidedignas\"},\"image\":{\"@id\":\"https:\\\/\\\/fuentesfidedignas.com.mx\\\/#\\\/schema\\\/logo\\\/image\\\/\"},\"sameAs\":[\"https:\\\/\\\/www.facebook.com\\\/Fuentes-Fidedignas-368234489921644\",\"https:\\\/\\\/x.com\\\/fidedignas\"]},{\"@type\":\"Person\",\"@id\":\"https:\\\/\\\/fuentesfidedignas.com.mx\\\/#\\\/schema\\\/person\\\/2c10028b4a30078c05a056a215342ab9\",\"name\":\"Marissa Palafox\",\"image\":{\"@type\":\"ImageObject\",\"inLanguage\":\"es\",\"@id\":\"https:\\\/\\\/secure.gravatar.com\\\/avatar\\\/20a43bdb2f2db10f20b22d4e98b96eb027faf98f7f76d29854dc5fab46d1cf71?s=96&d=mm&r=g\",\"url\":\"https:\\\/\\\/secure.gravatar.com\\\/avatar\\\/20a43bdb2f2db10f20b22d4e98b96eb027faf98f7f76d29854dc5fab46d1cf71?s=96&d=mm&r=g\",\"contentUrl\":\"https:\\\/\\\/secure.gravatar.com\\\/avatar\\\/20a43bdb2f2db10f20b22d4e98b96eb027faf98f7f76d29854dc5fab46d1cf71?s=96&d=mm&r=g\",\"caption\":\"Marissa Palafox\"},\"url\":\"https:\\\/\\\/fuentesfidedignas.com.mx\\\/index.php\\\/author\\\/marissa\\\/\"}]}<\/script>\n<!-- \/ Yoast SEO plugin. -->","yoast_head_json":{"title":"Diputado sinaloense vence al c\u00e1ncer y se reincorpora al Congreso despu\u00e9s de un a\u00f1o - Fuentes Fidedignas","robots":{"index":"index","follow":"follow","max-snippet":"max-snippet:-1","max-image-preview":"max-image-preview:large","max-video-preview":"max-video-preview:-1"},"canonical":"https:\/\/fuentesfidedignas.com.mx\/index.php\/2023\/08\/23\/diputado-sinaloense-vence-el-cancer-y-se-reincorpora-al-congreso\/","og_locale":"es_MX","og_type":"article","og_title":"Diputado sinaloense vence al c\u00e1ncer y se reincorpora al Congreso despu\u00e9s de un a\u00f1o - Fuentes Fidedignas","og_description":"Enfrent\u00f3 un problema de c\u00e1ncer avanzado desde septiembre del a\u00f1o 2022, por lo que se vio sometidos a cirug\u00edas y quimioterapias Culiac\u00e1n, Sin.- Tras casi un a\u00f1o de ausencia de los curules del Congreso del Estado de Sinaloa por problemas de salud, el diputado morenista Mart\u00edn Vega \u00c1lvarez regres\u00f3 a su labor legislativa El legislador [&hellip;]","og_url":"https:\/\/fuentesfidedignas.com.mx\/index.php\/2023\/08\/23\/diputado-sinaloense-vence-el-cancer-y-se-reincorpora-al-congreso\/","og_site_name":"Fuentes Fidedignas","article_publisher":"https:\/\/www.facebook.com\/Fuentes-Fidedignas-368234489921644","article_published_time":"2023-08-23T19:40:14+00:00","article_modified_time":"2023-08-23T19:43:45+00:00","og_image":[{"width":600,"height":403,"url":"https:\/\/fuentesfidedignas.com.mx\/wp-content\/uploads\/2023\/08\/martin-vega-e1692819061594.jpg","type":"image\/jpeg"}],"author":"Marissa Palafox","twitter_card":"summary_large_image","twitter_creator":"@fidedignas","twitter_site":"@fidedignas","twitter_misc":{"Escrito por":"Marissa Palafox","Tiempo de lectura":"1 minuto"},"schema":{"@context":"https:\/\/schema.org","@graph":[{"@type":"Article","@id":"https:\/\/fuentesfidedignas.com.mx\/index.php\/2023\/08\/23\/diputado-sinaloense-vence-el-cancer-y-se-reincorpora-al-congreso\/#article","isPartOf":{"@id":"https:\/\/fuentesfidedignas.com.mx\/index.php\/2023\/08\/23\/diputado-sinaloense-vence-el-cancer-y-se-reincorpora-al-congreso\/"},"author":{"name":"Marissa Palafox","@id":"https:\/\/fuentesfidedignas.com.mx\/#\/schema\/person\/2c10028b4a30078c05a056a215342ab9"},"headline":"Diputado sinaloense vence al c\u00e1ncer y se reincorpora al Congreso despu\u00e9s de un a\u00f1o","datePublished":"2023-08-23T19:40:14+00:00","dateModified":"2023-08-23T19:43:45+00:00","mainEntityOfPage":{"@id":"https:\/\/fuentesfidedignas.com.mx\/index.php\/2023\/08\/23\/diputado-sinaloense-vence-el-cancer-y-se-reincorpora-al-congreso\/"},"wordCount":256,"commentCount":0,"publisher":{"@id":"https:\/\/fuentesfidedignas.com.mx\/#organization"},"image":{"@id":"https:\/\/fuentesfidedignas.com.mx\/index.php\/2023\/08\/23\/diputado-sinaloense-vence-el-cancer-y-se-reincorpora-al-congreso\/#primaryimage"},"thumbnailUrl":"https:\/\/fuentesfidedignas.com.mx\/wp-content\/uploads\/2023\/08\/martin-vega-e1692819061594.jpg","articleSection":["NOTICIAS LOCALES"],"inLanguage":"es","potentialAction":[{"@type":"CommentAction","name":"Comment","target":["https:\/\/fuentesfidedignas.com.mx\/index.php\/2023\/08\/23\/diputado-sinaloense-vence-el-cancer-y-se-reincorpora-al-congreso\/#respond"]}]},{"@type":"WebPage","@id":"https:\/\/fuentesfidedignas.com.mx\/index.php\/2023\/08\/23\/diputado-sinaloense-vence-el-cancer-y-se-reincorpora-al-congreso\/","url":"https:\/\/fuentesfidedignas.com.mx\/index.php\/2023\/08\/23\/diputado-sinaloense-vence-el-cancer-y-se-reincorpora-al-congreso\/","name":"Diputado sinaloense vence al c\u00e1ncer y se reincorpora al Congreso despu\u00e9s de un a\u00f1o - Fuentes Fidedignas","isPartOf":{"@id":"https:\/\/fuentesfidedignas.com.mx\/#website"},"primaryImageOfPage":{"@id":"https:\/\/fuentesfidedignas.com.mx\/index.php\/2023\/08\/23\/diputado-sinaloense-vence-el-cancer-y-se-reincorpora-al-congreso\/#primaryimage"},"image":{"@id":"https:\/\/fuentesfidedignas.com.mx\/index.php\/2023\/08\/23\/diputado-sinaloense-vence-el-cancer-y-se-reincorpora-al-congreso\/#primaryimage"},"thumbnailUrl":"https:\/\/fuentesfidedignas.com.mx\/wp-content\/uploads\/2023\/08\/martin-vega-e1692819061594.jpg","datePublished":"2023-08-23T19:40:14+00:00","dateModified":"2023-08-23T19:43:45+00:00","breadcrumb":{"@id":"https:\/\/fuentesfidedignas.com.mx\/index.php\/2023\/08\/23\/diputado-sinaloense-vence-el-cancer-y-se-reincorpora-al-congreso\/#breadcrumb"},"inLanguage":"es","potentialAction":[{"@type":"ReadAction","target":["https:\/\/fuentesfidedignas.com.mx\/index.php\/2023\/08\/23\/diputado-sinaloense-vence-el-cancer-y-se-reincorpora-al-congreso\/"]}]},{"@type":"ImageObject","inLanguage":"es","@id":"https:\/\/fuentesfidedignas.com.mx\/index.php\/2023\/08\/23\/diputado-sinaloense-vence-el-cancer-y-se-reincorpora-al-congreso\/#primaryimage","url":"https:\/\/fuentesfidedignas.com.mx\/wp-content\/uploads\/2023\/08\/martin-vega-e1692819061594.jpg","contentUrl":"https:\/\/fuentesfidedignas.com.mx\/wp-content\/uploads\/2023\/08\/martin-vega-e1692819061594.jpg","width":600,"height":403},{"@type":"BreadcrumbList","@id":"https:\/\/fuentesfidedignas.com.mx\/index.php\/2023\/08\/23\/diputado-sinaloense-vence-el-cancer-y-se-reincorpora-al-congreso\/#breadcrumb","itemListElement":[{"@type":"ListItem","position":1,"name":"Inicio","item":"https:\/\/fuentesfidedignas.com.mx\/"},{"@type":"ListItem","position":2,"name":"Diputado sinaloense vence al c\u00e1ncer y se reincorpora al Congreso despu\u00e9s de un a\u00f1o"}]},{"@type":"WebSite","@id":"https:\/\/fuentesfidedignas.com.mx\/#website","url":"https:\/\/fuentesfidedignas.com.mx\/","name":"Fuentes Fidedignas","description":"Otro sitio realizado con WordPress","publisher":{"@id":"https:\/\/fuentesfidedignas.com.mx\/#organization"},"potentialAction":[{"@type":"SearchAction","target":{"@type":"EntryPoint","urlTemplate":"https:\/\/fuentesfidedignas.com.mx\/?s={search_term_string}"},"query-input":{"@type":"PropertyValueSpecification","valueRequired":true,"valueName":"search_term_string"}}],"inLanguage":"es"},{"@type":"Organization","@id":"https:\/\/fuentesfidedignas.com.mx\/#organization","name":"Fuentes Fidedignas","url":"https:\/\/fuentesfidedignas.com.mx\/","logo":{"@type":"ImageObject","inLanguage":"es","@id":"https:\/\/fuentesfidedignas.com.mx\/#\/schema\/logo\/image\/","url":"https:\/\/fuentesfidedignas.com.mx\/wp-content\/uploads\/2021\/04\/logo-retina.png","contentUrl":"https:\/\/fuentesfidedignas.com.mx\/wp-content\/uploads\/2021\/04\/logo-retina.png","width":280,"height":51,"caption":"Fuentes Fidedignas"},"image":{"@id":"https:\/\/fuentesfidedignas.com.mx\/#\/schema\/logo\/image\/"},"sameAs":["https:\/\/www.facebook.com\/Fuentes-Fidedignas-368234489921644","https:\/\/x.com\/fidedignas"]},{"@type":"Person","@id":"https:\/\/fuentesfidedignas.com.mx\/#\/schema\/person\/2c10028b4a30078c05a056a215342ab9","name":"Marissa Palafox","image":{"@type":"ImageObject","inLanguage":"es","@id":"https:\/\/secure.gravatar.com\/avatar\/20a43bdb2f2db10f20b22d4e98b96eb027faf98f7f76d29854dc5fab46d1cf71?s=96&d=mm&r=g","url":"https:\/\/secure.gravatar.com\/avatar\/20a43bdb2f2db10f20b22d4e98b96eb027faf98f7f76d29854dc5fab46d1cf71?s=96&d=mm&r=g","contentUrl":"https:\/\/secure.gravatar.com\/avatar\/20a43bdb2f2db10f20b22d4e98b96eb027faf98f7f76d29854dc5fab46d1cf71?s=96&d=mm&r=g","caption":"Marissa Palafox"},"url":"https:\/\/fuentesfidedignas.com.mx\/index.php\/author\/marissa\/"}]}},"_links":{"self":[{"href":"https:\/\/fuentesfidedignas.com.mx\/index.php\/wp-json\/wp\/v2\/posts\/56400","targetHints":{"allow":["GET"]}}],"collection":[{"href":"https:\/\/fuentesfidedignas.com.mx\/index.php\/wp-json\/wp\/v2\/posts"}],"about":[{"href":"https:\/\/fuentesfidedignas.com.mx\/index.php\/wp-json\/wp\/v2\/types\/post"}],"author":[{"embeddable":true,"href":"https:\/\/fuentesfidedignas.com.mx\/index.php\/wp-json\/wp\/v2\/users\/11"}],"replies":[{"embeddable":true,"href":"https:\/\/fuentesfidedignas.com.mx\/index.php\/wp-json\/wp\/v2\/comments?post=56400"}],"version-history":[{"count":3,"href":"https:\/\/fuentesfidedignas.com.mx\/index.php\/wp-json\/wp\/v2\/posts\/56400\/revisions"}],"predecessor-version":[{"id":56404,"href":"https:\/\/fuentesfidedignas.com.mx\/index.php\/wp-json\/wp\/v2\/posts\/56400\/revisions\/56404"}],"wp:featuredmedia":[{"embeddable":true,"href":"https:\/\/fuentesfidedignas.com.mx\/index.php\/wp-json\/wp\/v2\/media\/56401"}],"wp:attachment":[{"href":"https:\/\/fuentesfidedignas.com.mx\/index.php\/wp-json\/wp\/v2\/media?parent=56400"}],"wp:term":[{"taxonomy":"category","embeddable":true,"href":"https:\/\/fuentesfidedignas.com.mx\/index.php\/wp-json\/wp\/v2\/categories?post=56400"},{"taxonomy":"post_tag","embeddable":true,"href":"https:\/\/fuentesfidedignas.com.mx\/index.php\/wp-json\/wp\/v2\/tags?post=56400"}],"curies":[{"name":"wp","href":"https:\/\/api.w.org\/{rel}","templated":true}]}}