{"id":5639,"date":"2021-06-22T15:21:22","date_gmt":"2021-06-22T22:21:22","guid":{"rendered":"https:\/\/fuentesfidedignas.com.mx\/?p=5639"},"modified":"2021-06-22T15:21:58","modified_gmt":"2021-06-22T22:21:58","slug":"condena-congreso-violencia-contra-su-personal-e-instalaciones-jueves-pasado","status":"publish","type":"post","link":"https:\/\/fuentesfidedignas.com.mx\/index.php\/2021\/06\/22\/condena-congreso-violencia-contra-su-personal-e-instalaciones-jueves-pasado\/","title":{"rendered":"Condena Congreso violencia contra su personal e instalaciones jueves pasado"},"content":{"rendered":"\n<p><strong><em>A pesar de que el pasado 4 de febrero de 2021 el Congreso emiti\u00f3 un pronunciamiento similar por hechos de violencia ocurridos en esas fechas, en esta ocasi\u00f3n fueron de mayor gravedad.<\/em><\/strong><\/p>\n\n\n\n<p>Culiac\u00e1n, Sin.- El Congreso del Estado de Sinaloa, a trav\u00e9s de la Junta de Coordinaci\u00f3n Pol\u00edtica, conden\u00f3 los hechos de violencia que el pasado jueves 17 de junio de 2021 se registraron en este Poder.<\/p>\n\n\n\n<p>Ese d\u00eda un grupo de manifestantes irrumpi\u00f3 violentamente en las instalaciones de este Poder Legislativo, ocasionando personal herido, que bajo ninguna circunstancia debi\u00f3 haber ocurrido.<\/p>\n\n\n\n<p>En la sesi\u00f3n p\u00fablica ordinaria de hoy martes 22 de junio, en la tribuna se ley\u00f3 el pronunciamiento p\u00fablico presentado por la JUCOPO.<\/p>\n\n\n\n<p>A pesar de que el pasado 4 de febrero de 2021 el Congreso emiti\u00f3 un pronunciamiento similar por hechos de violencia ocurridos en esas fechas, en esta ocasi\u00f3n fueron de mayor gravedad.<\/p>\n\n\n\n<p>En el pronunciamiento de condena anterior, se solicit\u00f3 a las personas en general que cuando soliciten estos espacios del pueblo, act\u00faen de manera pac\u00edfica y sin causar da\u00f1os a las personas ni a las instalaciones.<\/p>\n\n\n\n<p>Sin embargo, el jueves 17 de junio pasado se volvieron a presentar hechos de car\u00e1cter violento, que atentan contra la integridad f\u00edsica de las personas y al patrimonio de este H. Congreso del Estado.<\/p>\n\n\n\n<p>Hoy los hechos fueron de mayor gravedad, debido que sufrieron da\u00f1os en su persona dos integrantes de seguridad y una de las personas que particip\u00f3 en esta situaci\u00f3n reprobable.<\/p>\n\n\n\n<p>Estas conductas violentas se debieron a las observaciones que el Ejecutivo realiz\u00f3 a las reformas a la Ley de Seguridad P\u00fablica del Estado de Sinaloa, aprobadas el 3 de junio de este a\u00f1o y que hoy se encuentran en an\u00e1lisis en la Comisi\u00f3n de Seguridad P\u00fablica.<\/p>\n\n\n\n<p>Reformas en el Decreto n\u00famero 645, emitido por esta Soberan\u00eda, el cual contiene la ampliaci\u00f3n de la esfera jur\u00eddica de los derechos de las personas pertenecientes a instituciones policiales.<\/p>\n\n\n\n<p>La Junta de Coordinaci\u00f3n Pol\u00edtica reitera su respeto a los derechos fundamentales de libertad de expresi\u00f3n, de manifestaci\u00f3n p\u00fablica, de petici\u00f3n y dem\u00e1s derechos que consagra la Constituci\u00f3n.<\/p>\n\n\n\n<p>Esta Sexag\u00e9sima Tercera Legislatura privilegia el di\u00e1logo y la b\u00fasqueda de acuerdos con cualquier ciudadana o ciudadano, as\u00ed como con los diversos organismos de la sociedad.<\/p>\n\n\n\n<p>Por lo cual no se justifica, bajo ninguna circunstancia, la realizaci\u00f3n de actos violentos para ejercer los derechos fundamentales expresados con anterioridad, se expuso en el pronunciamiento.<\/p>\n\n\n\n<p><strong>PRONUNCIAMIENTO P\u00daBLICO<br><\/strong>PRIMERO: Se reitera el pronunciamiento p\u00fablico, de condena de los hechos de violencia que se han presentado en las instalaciones de este H. Congreso del Estado, de manera particular, los sucedidos el d\u00eda jueves 17 de junio de 2021.<br><br>SEGUNDO: Reiteramos, con el respeto de siempre, el llamado para que todas las personas e integrantes de organizaciones civiles, que al acudir a manifestarse, a solicitar una audiencia o a realizar alguna petici\u00f3n, dentro de los derechos que les correspondan, lo hagan en un marco de respeto y de apego a la legislaci\u00f3n vigente y a la sana convivencia social.<\/p>\n","protected":false},"excerpt":{"rendered":"<p>A pesar de que el pasado 4 de febrero de 2021 el Congreso emiti\u00f3 un pronunciamiento similar por hechos de violencia ocurridos en esas fechas, en esta ocasi\u00f3n fueron de mayor gravedad. Culiac\u00e1n, Sin.- El Congreso del Estado de Sinaloa, a trav\u00e9s de la Junta de Coordinaci\u00f3n Pol\u00edtica, conden\u00f3 los hechos de violencia que el [&hellip;]<\/p>\n","protected":false},"author":4,"featured_media":5640,"comment_status":"open","ping_status":"open","sticky":false,"template":"","format":"standard","meta":{"tdm_status":"","tdm_grid_status":"","footnotes":""},"categories":[38],"tags":[708,1020,1021],"class_list":{"0":"post-5639","1":"post","2":"type-post","3":"status-publish","4":"format-standard","5":"has-post-thumbnail","7":"category-noticias-locales","8":"tag-congreso-del-estado-de-sinaloa","9":"tag-jucopo","10":"tag-junta-de-coordinacion-politica"},"yoast_head":"<!-- This site is optimized with the Yoast SEO plugin v27.5 - https:\/\/yoast.com\/product\/yoast-seo-wordpress\/ -->\n<title>Condena Congreso violencia contra su personal e instalaciones jueves pasado - Fuentes Fidedignas<\/title>\n<meta name=\"robots\" content=\"index, follow, max-snippet:-1, max-image-preview:large, max-video-preview:-1\" \/>\n<link rel=\"canonical\" href=\"https:\/\/fuentesfidedignas.com.mx\/index.php\/2021\/06\/22\/condena-congreso-violencia-contra-su-personal-e-instalaciones-jueves-pasado\/\" \/>\n<meta property=\"og:locale\" content=\"es_MX\" \/>\n<meta property=\"og:type\" content=\"article\" \/>\n<meta property=\"og:title\" content=\"Condena Congreso violencia contra su personal e instalaciones jueves pasado - Fuentes Fidedignas\" \/>\n<meta property=\"og:description\" content=\"A pesar de que el pasado 4 de febrero de 2021 el Congreso emiti\u00f3 un pronunciamiento similar por hechos de violencia ocurridos en esas fechas, en esta ocasi\u00f3n fueron de mayor gravedad. Culiac\u00e1n, Sin.- El Congreso del Estado de Sinaloa, a trav\u00e9s de la Junta de Coordinaci\u00f3n Pol\u00edtica, conden\u00f3 los hechos de violencia que el [&hellip;]\" \/>\n<meta property=\"og:url\" content=\"https:\/\/fuentesfidedignas.com.mx\/index.php\/2021\/06\/22\/condena-congreso-violencia-contra-su-personal-e-instalaciones-jueves-pasado\/\" \/>\n<meta property=\"og:site_name\" content=\"Fuentes Fidedignas\" \/>\n<meta property=\"article:publisher\" content=\"https:\/\/www.facebook.com\/Fuentes-Fidedignas-368234489921644\" \/>\n<meta property=\"article:published_time\" content=\"2021-06-22T22:21:22+00:00\" \/>\n<meta property=\"article:modified_time\" content=\"2021-06-22T22:21:58+00:00\" \/>\n<meta property=\"og:image\" content=\"https:\/\/fuentesfidedignas.com.mx\/wp-content\/uploads\/2021\/06\/CONGRESO1..jpg\" \/>\n\t<meta property=\"og:image:width\" content=\"1000\" \/>\n\t<meta property=\"og:image:height\" content=\"666\" \/>\n\t<meta property=\"og:image:type\" content=\"image\/jpeg\" \/>\n<meta name=\"author\" content=\"Redacci\u00f3n\" \/>\n<meta name=\"twitter:card\" content=\"summary_large_image\" \/>\n<meta name=\"twitter:creator\" content=\"@fidedignas\" \/>\n<meta name=\"twitter:site\" content=\"@fidedignas\" \/>\n<meta name=\"twitter:label1\" content=\"Escrito por\" \/>\n\t<meta name=\"twitter:data1\" content=\"Redacci\u00f3n\" \/>\n\t<meta name=\"twitter:label2\" content=\"Tiempo de lectura\" \/>\n\t<meta name=\"twitter:data2\" content=\"3 minutos\" \/>\n<script type=\"application\/ld+json\" class=\"yoast-schema-graph\">{\"@context\":\"https:\\\/\\\/schema.org\",\"@graph\":[{\"@type\":\"Article\",\"@id\":\"https:\\\/\\\/fuentesfidedignas.com.mx\\\/index.php\\\/2021\\\/06\\\/22\\\/condena-congreso-violencia-contra-su-personal-e-instalaciones-jueves-pasado\\\/#article\",\"isPartOf\":{\"@id\":\"https:\\\/\\\/fuentesfidedignas.com.mx\\\/index.php\\\/2021\\\/06\\\/22\\\/condena-congreso-violencia-contra-su-personal-e-instalaciones-jueves-pasado\\\/\"},\"author\":{\"name\":\"Redacci\u00f3n\",\"@id\":\"https:\\\/\\\/fuentesfidedignas.com.mx\\\/#\\\/schema\\\/person\\\/331be9283d37198e2acd5750279085b0\"},\"headline\":\"Condena Congreso violencia contra su personal e instalaciones jueves pasado\",\"datePublished\":\"2021-06-22T22:21:22+00:00\",\"dateModified\":\"2021-06-22T22:21:58+00:00\",\"mainEntityOfPage\":{\"@id\":\"https:\\\/\\\/fuentesfidedignas.com.mx\\\/index.php\\\/2021\\\/06\\\/22\\\/condena-congreso-violencia-contra-su-personal-e-instalaciones-jueves-pasado\\\/\"},\"wordCount\":544,\"commentCount\":0,\"publisher\":{\"@id\":\"https:\\\/\\\/fuentesfidedignas.com.mx\\\/#organization\"},\"image\":{\"@id\":\"https:\\\/\\\/fuentesfidedignas.com.mx\\\/index.php\\\/2021\\\/06\\\/22\\\/condena-congreso-violencia-contra-su-personal-e-instalaciones-jueves-pasado\\\/#primaryimage\"},\"thumbnailUrl\":\"https:\\\/\\\/fuentesfidedignas.com.mx\\\/wp-content\\\/uploads\\\/2021\\\/06\\\/CONGRESO1..jpg\",\"keywords\":[\"Congreso del Estado de Sinaloa\",\"Jucopo\",\"Junta de Coordinaci\u00f3n Pol\u00edtica\"],\"articleSection\":[\"NOTICIAS LOCALES\"],\"inLanguage\":\"es\",\"potentialAction\":[{\"@type\":\"CommentAction\",\"name\":\"Comment\",\"target\":[\"https:\\\/\\\/fuentesfidedignas.com.mx\\\/index.php\\\/2021\\\/06\\\/22\\\/condena-congreso-violencia-contra-su-personal-e-instalaciones-jueves-pasado\\\/#respond\"]}]},{\"@type\":\"WebPage\",\"@id\":\"https:\\\/\\\/fuentesfidedignas.com.mx\\\/index.php\\\/2021\\\/06\\\/22\\\/condena-congreso-violencia-contra-su-personal-e-instalaciones-jueves-pasado\\\/\",\"url\":\"https:\\\/\\\/fuentesfidedignas.com.mx\\\/index.php\\\/2021\\\/06\\\/22\\\/condena-congreso-violencia-contra-su-personal-e-instalaciones-jueves-pasado\\\/\",\"name\":\"Condena Congreso violencia contra su personal e instalaciones jueves pasado - Fuentes Fidedignas\",\"isPartOf\":{\"@id\":\"https:\\\/\\\/fuentesfidedignas.com.mx\\\/#website\"},\"primaryImageOfPage\":{\"@id\":\"https:\\\/\\\/fuentesfidedignas.com.mx\\\/index.php\\\/2021\\\/06\\\/22\\\/condena-congreso-violencia-contra-su-personal-e-instalaciones-jueves-pasado\\\/#primaryimage\"},\"image\":{\"@id\":\"https:\\\/\\\/fuentesfidedignas.com.mx\\\/index.php\\\/2021\\\/06\\\/22\\\/condena-congreso-violencia-contra-su-personal-e-instalaciones-jueves-pasado\\\/#primaryimage\"},\"thumbnailUrl\":\"https:\\\/\\\/fuentesfidedignas.com.mx\\\/wp-content\\\/uploads\\\/2021\\\/06\\\/CONGRESO1..jpg\",\"datePublished\":\"2021-06-22T22:21:22+00:00\",\"dateModified\":\"2021-06-22T22:21:58+00:00\",\"breadcrumb\":{\"@id\":\"https:\\\/\\\/fuentesfidedignas.com.mx\\\/index.php\\\/2021\\\/06\\\/22\\\/condena-congreso-violencia-contra-su-personal-e-instalaciones-jueves-pasado\\\/#breadcrumb\"},\"inLanguage\":\"es\",\"potentialAction\":[{\"@type\":\"ReadAction\",\"target\":[\"https:\\\/\\\/fuentesfidedignas.com.mx\\\/index.php\\\/2021\\\/06\\\/22\\\/condena-congreso-violencia-contra-su-personal-e-instalaciones-jueves-pasado\\\/\"]}]},{\"@type\":\"ImageObject\",\"inLanguage\":\"es\",\"@id\":\"https:\\\/\\\/fuentesfidedignas.com.mx\\\/index.php\\\/2021\\\/06\\\/22\\\/condena-congreso-violencia-contra-su-personal-e-instalaciones-jueves-pasado\\\/#primaryimage\",\"url\":\"https:\\\/\\\/fuentesfidedignas.com.mx\\\/wp-content\\\/uploads\\\/2021\\\/06\\\/CONGRESO1..jpg\",\"contentUrl\":\"https:\\\/\\\/fuentesfidedignas.com.mx\\\/wp-content\\\/uploads\\\/2021\\\/06\\\/CONGRESO1..jpg\",\"width\":1000,\"height\":666},{\"@type\":\"BreadcrumbList\",\"@id\":\"https:\\\/\\\/fuentesfidedignas.com.mx\\\/index.php\\\/2021\\\/06\\\/22\\\/condena-congreso-violencia-contra-su-personal-e-instalaciones-jueves-pasado\\\/#breadcrumb\",\"itemListElement\":[{\"@type\":\"ListItem\",\"position\":1,\"name\":\"Inicio\",\"item\":\"https:\\\/\\\/fuentesfidedignas.com.mx\\\/\"},{\"@type\":\"ListItem\",\"position\":2,\"name\":\"Condena Congreso violencia contra su personal e instalaciones jueves pasado\"}]},{\"@type\":\"WebSite\",\"@id\":\"https:\\\/\\\/fuentesfidedignas.com.mx\\\/#website\",\"url\":\"https:\\\/\\\/fuentesfidedignas.com.mx\\\/\",\"name\":\"Fuentes Fidedignas\",\"description\":\"Otro sitio realizado con WordPress\",\"publisher\":{\"@id\":\"https:\\\/\\\/fuentesfidedignas.com.mx\\\/#organization\"},\"potentialAction\":[{\"@type\":\"SearchAction\",\"target\":{\"@type\":\"EntryPoint\",\"urlTemplate\":\"https:\\\/\\\/fuentesfidedignas.com.mx\\\/?s={search_term_string}\"},\"query-input\":{\"@type\":\"PropertyValueSpecification\",\"valueRequired\":true,\"valueName\":\"search_term_string\"}}],\"inLanguage\":\"es\"},{\"@type\":\"Organization\",\"@id\":\"https:\\\/\\\/fuentesfidedignas.com.mx\\\/#organization\",\"name\":\"Fuentes Fidedignas\",\"url\":\"https:\\\/\\\/fuentesfidedignas.com.mx\\\/\",\"logo\":{\"@type\":\"ImageObject\",\"inLanguage\":\"es\",\"@id\":\"https:\\\/\\\/fuentesfidedignas.com.mx\\\/#\\\/schema\\\/logo\\\/image\\\/\",\"url\":\"https:\\\/\\\/fuentesfidedignas.com.mx\\\/wp-content\\\/uploads\\\/2021\\\/04\\\/logo-retina.png\",\"contentUrl\":\"https:\\\/\\\/fuentesfidedignas.com.mx\\\/wp-content\\\/uploads\\\/2021\\\/04\\\/logo-retina.png\",\"width\":280,\"height\":51,\"caption\":\"Fuentes Fidedignas\"},\"image\":{\"@id\":\"https:\\\/\\\/fuentesfidedignas.com.mx\\\/#\\\/schema\\\/logo\\\/image\\\/\"},\"sameAs\":[\"https:\\\/\\\/www.facebook.com\\\/Fuentes-Fidedignas-368234489921644\",\"https:\\\/\\\/x.com\\\/fidedignas\"]},{\"@type\":\"Person\",\"@id\":\"https:\\\/\\\/fuentesfidedignas.com.mx\\\/#\\\/schema\\\/person\\\/331be9283d37198e2acd5750279085b0\",\"name\":\"Redacci\u00f3n\",\"image\":{\"@type\":\"ImageObject\",\"inLanguage\":\"es\",\"@id\":\"https:\\\/\\\/secure.gravatar.com\\\/avatar\\\/f6d8782c11d12b2d4ad3fbb6931aeab5309937a4d6cd2fc9cfaa28a6396a5aec?s=96&d=mm&r=g\",\"url\":\"https:\\\/\\\/secure.gravatar.com\\\/avatar\\\/f6d8782c11d12b2d4ad3fbb6931aeab5309937a4d6cd2fc9cfaa28a6396a5aec?s=96&d=mm&r=g\",\"contentUrl\":\"https:\\\/\\\/secure.gravatar.com\\\/avatar\\\/f6d8782c11d12b2d4ad3fbb6931aeab5309937a4d6cd2fc9cfaa28a6396a5aec?s=96&d=mm&r=g\",\"caption\":\"Redacci\u00f3n\"},\"url\":\"https:\\\/\\\/fuentesfidedignas.com.mx\\\/index.php\\\/author\\\/redaccion\\\/\"}]}<\/script>\n<!-- \/ Yoast SEO plugin. -->","yoast_head_json":{"title":"Condena Congreso violencia contra su personal e instalaciones jueves pasado - Fuentes Fidedignas","robots":{"index":"index","follow":"follow","max-snippet":"max-snippet:-1","max-image-preview":"max-image-preview:large","max-video-preview":"max-video-preview:-1"},"canonical":"https:\/\/fuentesfidedignas.com.mx\/index.php\/2021\/06\/22\/condena-congreso-violencia-contra-su-personal-e-instalaciones-jueves-pasado\/","og_locale":"es_MX","og_type":"article","og_title":"Condena Congreso violencia contra su personal e instalaciones jueves pasado - Fuentes Fidedignas","og_description":"A pesar de que el pasado 4 de febrero de 2021 el Congreso emiti\u00f3 un pronunciamiento similar por hechos de violencia ocurridos en esas fechas, en esta ocasi\u00f3n fueron de mayor gravedad. Culiac\u00e1n, Sin.- El Congreso del Estado de Sinaloa, a trav\u00e9s de la Junta de Coordinaci\u00f3n Pol\u00edtica, conden\u00f3 los hechos de violencia que el [&hellip;]","og_url":"https:\/\/fuentesfidedignas.com.mx\/index.php\/2021\/06\/22\/condena-congreso-violencia-contra-su-personal-e-instalaciones-jueves-pasado\/","og_site_name":"Fuentes Fidedignas","article_publisher":"https:\/\/www.facebook.com\/Fuentes-Fidedignas-368234489921644","article_published_time":"2021-06-22T22:21:22+00:00","article_modified_time":"2021-06-22T22:21:58+00:00","og_image":[{"width":1000,"height":666,"url":"https:\/\/fuentesfidedignas.com.mx\/wp-content\/uploads\/2021\/06\/CONGRESO1..jpg","type":"image\/jpeg"}],"author":"Redacci\u00f3n","twitter_card":"summary_large_image","twitter_creator":"@fidedignas","twitter_site":"@fidedignas","twitter_misc":{"Escrito por":"Redacci\u00f3n","Tiempo de lectura":"3 minutos"},"schema":{"@context":"https:\/\/schema.org","@graph":[{"@type":"Article","@id":"https:\/\/fuentesfidedignas.com.mx\/index.php\/2021\/06\/22\/condena-congreso-violencia-contra-su-personal-e-instalaciones-jueves-pasado\/#article","isPartOf":{"@id":"https:\/\/fuentesfidedignas.com.mx\/index.php\/2021\/06\/22\/condena-congreso-violencia-contra-su-personal-e-instalaciones-jueves-pasado\/"},"author":{"name":"Redacci\u00f3n","@id":"https:\/\/fuentesfidedignas.com.mx\/#\/schema\/person\/331be9283d37198e2acd5750279085b0"},"headline":"Condena Congreso violencia contra su personal e instalaciones jueves pasado","datePublished":"2021-06-22T22:21:22+00:00","dateModified":"2021-06-22T22:21:58+00:00","mainEntityOfPage":{"@id":"https:\/\/fuentesfidedignas.com.mx\/index.php\/2021\/06\/22\/condena-congreso-violencia-contra-su-personal-e-instalaciones-jueves-pasado\/"},"wordCount":544,"commentCount":0,"publisher":{"@id":"https:\/\/fuentesfidedignas.com.mx\/#organization"},"image":{"@id":"https:\/\/fuentesfidedignas.com.mx\/index.php\/2021\/06\/22\/condena-congreso-violencia-contra-su-personal-e-instalaciones-jueves-pasado\/#primaryimage"},"thumbnailUrl":"https:\/\/fuentesfidedignas.com.mx\/wp-content\/uploads\/2021\/06\/CONGRESO1..jpg","keywords":["Congreso del Estado de Sinaloa","Jucopo","Junta de Coordinaci\u00f3n Pol\u00edtica"],"articleSection":["NOTICIAS LOCALES"],"inLanguage":"es","potentialAction":[{"@type":"CommentAction","name":"Comment","target":["https:\/\/fuentesfidedignas.com.mx\/index.php\/2021\/06\/22\/condena-congreso-violencia-contra-su-personal-e-instalaciones-jueves-pasado\/#respond"]}]},{"@type":"WebPage","@id":"https:\/\/fuentesfidedignas.com.mx\/index.php\/2021\/06\/22\/condena-congreso-violencia-contra-su-personal-e-instalaciones-jueves-pasado\/","url":"https:\/\/fuentesfidedignas.com.mx\/index.php\/2021\/06\/22\/condena-congreso-violencia-contra-su-personal-e-instalaciones-jueves-pasado\/","name":"Condena Congreso violencia contra su personal e instalaciones jueves pasado - Fuentes Fidedignas","isPartOf":{"@id":"https:\/\/fuentesfidedignas.com.mx\/#website"},"primaryImageOfPage":{"@id":"https:\/\/fuentesfidedignas.com.mx\/index.php\/2021\/06\/22\/condena-congreso-violencia-contra-su-personal-e-instalaciones-jueves-pasado\/#primaryimage"},"image":{"@id":"https:\/\/fuentesfidedignas.com.mx\/index.php\/2021\/06\/22\/condena-congreso-violencia-contra-su-personal-e-instalaciones-jueves-pasado\/#primaryimage"},"thumbnailUrl":"https:\/\/fuentesfidedignas.com.mx\/wp-content\/uploads\/2021\/06\/CONGRESO1..jpg","datePublished":"2021-06-22T22:21:22+00:00","dateModified":"2021-06-22T22:21:58+00:00","breadcrumb":{"@id":"https:\/\/fuentesfidedignas.com.mx\/index.php\/2021\/06\/22\/condena-congreso-violencia-contra-su-personal-e-instalaciones-jueves-pasado\/#breadcrumb"},"inLanguage":"es","potentialAction":[{"@type":"ReadAction","target":["https:\/\/fuentesfidedignas.com.mx\/index.php\/2021\/06\/22\/condena-congreso-violencia-contra-su-personal-e-instalaciones-jueves-pasado\/"]}]},{"@type":"ImageObject","inLanguage":"es","@id":"https:\/\/fuentesfidedignas.com.mx\/index.php\/2021\/06\/22\/condena-congreso-violencia-contra-su-personal-e-instalaciones-jueves-pasado\/#primaryimage","url":"https:\/\/fuentesfidedignas.com.mx\/wp-content\/uploads\/2021\/06\/CONGRESO1..jpg","contentUrl":"https:\/\/fuentesfidedignas.com.mx\/wp-content\/uploads\/2021\/06\/CONGRESO1..jpg","width":1000,"height":666},{"@type":"BreadcrumbList","@id":"https:\/\/fuentesfidedignas.com.mx\/index.php\/2021\/06\/22\/condena-congreso-violencia-contra-su-personal-e-instalaciones-jueves-pasado\/#breadcrumb","itemListElement":[{"@type":"ListItem","position":1,"name":"Inicio","item":"https:\/\/fuentesfidedignas.com.mx\/"},{"@type":"ListItem","position":2,"name":"Condena Congreso violencia contra su personal e instalaciones jueves pasado"}]},{"@type":"WebSite","@id":"https:\/\/fuentesfidedignas.com.mx\/#website","url":"https:\/\/fuentesfidedignas.com.mx\/","name":"Fuentes Fidedignas","description":"Otro sitio realizado con WordPress","publisher":{"@id":"https:\/\/fuentesfidedignas.com.mx\/#organization"},"potentialAction":[{"@type":"SearchAction","target":{"@type":"EntryPoint","urlTemplate":"https:\/\/fuentesfidedignas.com.mx\/?s={search_term_string}"},"query-input":{"@type":"PropertyValueSpecification","valueRequired":true,"valueName":"search_term_string"}}],"inLanguage":"es"},{"@type":"Organization","@id":"https:\/\/fuentesfidedignas.com.mx\/#organization","name":"Fuentes Fidedignas","url":"https:\/\/fuentesfidedignas.com.mx\/","logo":{"@type":"ImageObject","inLanguage":"es","@id":"https:\/\/fuentesfidedignas.com.mx\/#\/schema\/logo\/image\/","url":"https:\/\/fuentesfidedignas.com.mx\/wp-content\/uploads\/2021\/04\/logo-retina.png","contentUrl":"https:\/\/fuentesfidedignas.com.mx\/wp-content\/uploads\/2021\/04\/logo-retina.png","width":280,"height":51,"caption":"Fuentes Fidedignas"},"image":{"@id":"https:\/\/fuentesfidedignas.com.mx\/#\/schema\/logo\/image\/"},"sameAs":["https:\/\/www.facebook.com\/Fuentes-Fidedignas-368234489921644","https:\/\/x.com\/fidedignas"]},{"@type":"Person","@id":"https:\/\/fuentesfidedignas.com.mx\/#\/schema\/person\/331be9283d37198e2acd5750279085b0","name":"Redacci\u00f3n","image":{"@type":"ImageObject","inLanguage":"es","@id":"https:\/\/secure.gravatar.com\/avatar\/f6d8782c11d12b2d4ad3fbb6931aeab5309937a4d6cd2fc9cfaa28a6396a5aec?s=96&d=mm&r=g","url":"https:\/\/secure.gravatar.com\/avatar\/f6d8782c11d12b2d4ad3fbb6931aeab5309937a4d6cd2fc9cfaa28a6396a5aec?s=96&d=mm&r=g","contentUrl":"https:\/\/secure.gravatar.com\/avatar\/f6d8782c11d12b2d4ad3fbb6931aeab5309937a4d6cd2fc9cfaa28a6396a5aec?s=96&d=mm&r=g","caption":"Redacci\u00f3n"},"url":"https:\/\/fuentesfidedignas.com.mx\/index.php\/author\/redaccion\/"}]}},"_links":{"self":[{"href":"https:\/\/fuentesfidedignas.com.mx\/index.php\/wp-json\/wp\/v2\/posts\/5639","targetHints":{"allow":["GET"]}}],"collection":[{"href":"https:\/\/fuentesfidedignas.com.mx\/index.php\/wp-json\/wp\/v2\/posts"}],"about":[{"href":"https:\/\/fuentesfidedignas.com.mx\/index.php\/wp-json\/wp\/v2\/types\/post"}],"author":[{"embeddable":true,"href":"https:\/\/fuentesfidedignas.com.mx\/index.php\/wp-json\/wp\/v2\/users\/4"}],"replies":[{"embeddable":true,"href":"https:\/\/fuentesfidedignas.com.mx\/index.php\/wp-json\/wp\/v2\/comments?post=5639"}],"version-history":[{"count":2,"href":"https:\/\/fuentesfidedignas.com.mx\/index.php\/wp-json\/wp\/v2\/posts\/5639\/revisions"}],"predecessor-version":[{"id":5642,"href":"https:\/\/fuentesfidedignas.com.mx\/index.php\/wp-json\/wp\/v2\/posts\/5639\/revisions\/5642"}],"wp:featuredmedia":[{"embeddable":true,"href":"https:\/\/fuentesfidedignas.com.mx\/index.php\/wp-json\/wp\/v2\/media\/5640"}],"wp:attachment":[{"href":"https:\/\/fuentesfidedignas.com.mx\/index.php\/wp-json\/wp\/v2\/media?parent=5639"}],"wp:term":[{"taxonomy":"category","embeddable":true,"href":"https:\/\/fuentesfidedignas.com.mx\/index.php\/wp-json\/wp\/v2\/categories?post=5639"},{"taxonomy":"post_tag","embeddable":true,"href":"https:\/\/fuentesfidedignas.com.mx\/index.php\/wp-json\/wp\/v2\/tags?post=5639"}],"curies":[{"name":"wp","href":"https:\/\/api.w.org\/{rel}","templated":true}]}}