{"id":56340,"date":"2023-08-22T21:24:00","date_gmt":"2023-08-23T04:24:00","guid":{"rendered":"https:\/\/fuentesfidedignas.com.mx\/?p=56340"},"modified":"2023-08-22T21:32:40","modified_gmt":"2023-08-23T04:32:40","slug":"gobierno-del-estado-lleva-apoyos-productivos-a-pobladores-de-san-jose-de-las-delicias","status":"publish","type":"post","link":"https:\/\/fuentesfidedignas.com.mx\/index.php\/2023\/08\/22\/gobierno-del-estado-lleva-apoyos-productivos-a-pobladores-de-san-jose-de-las-delicias\/","title":{"rendered":"Gobierno del Estado lleva apoyos productivos a pobladores de San Jos\u00e9 de las Delicias"},"content":{"rendered":"\n<p><strong><em>De forma coordinada, las Secretar\u00edas de Bienestar y Desarrollo Sustentable y Econom\u00eda entregaron equipamiento, gallinas ponedoras, inventario para abarrotes, despensas y art\u00edculos de limpieza.<\/em><\/strong><br \/><br \/>San Jos\u00e9 de las Delicias, Sin.- Dando seguimiento al compromiso de atender las necesidades de los habitantes de San Jos\u00e9 de las Delicias, el Gobierno de Rub\u00e9n Rocha Moya entreg\u00f3 diversos apoyos productivos para fomentar el desarrollo econ\u00f3mico y social de la comunidad. <br \/><br \/>En esta brigrada de apoyo participaron la secretaria de Bienestar y Desarrollo Sustentable, Mar\u00eda In\u00e9s P\u00e9rez Corral; el secretario de Econom\u00eda, Javier Gaxiola Coppel; el presidente de Sinaloa, Rolando Mercado y representantes del Ej\u00e9rcito Mexicano y de la Guardia Nacional.<br \/><br \/>En su mensaje, la secretaria de Bienestar y Desarrollo Sustentable, Mar\u00eda In\u00e9s P\u00e9rez Corral, quien ha estado en contacto con los habitantes de San Jos\u00e9 de las Delicias, mencion\u00f3 que una semana despu\u00e9s de la petici\u00f3n est\u00e1n dando respuesta entregando adem\u00e1s de apoyos productivos, despensas y art\u00edculos de limpieza. <br \/><br \/>\u201cEl martes pasado estuvimos y hubo varias peticiones de proyectos productivos que el d\u00eda de hoy se atender\u00e1n y se podr\u00e1n anotar, traemos despensas, kits de limpieza y agua, tomate, papa, chile y cebolla\u201d, expres\u00f3. <br \/><br \/>Por su parte, el secretario de Econom\u00eda, Javier Gaxiola Coppel destac\u00f3 que la entrega de estos apoyos representan el trabajo coordinado y en equipo que lidera el gobernador Rub\u00e9n Rocha Moya, quien ha estado en di\u00e1logo directo y permanente con los habitantes de esta poblaci\u00f3n.<br \/><br \/>Precis\u00f3 que en esta ocasi\u00f3n se entregaron gallinas ponedoras, inventario para abarrotes y equipamientos para negocios,  apoyando la econom\u00eda popular y fomentando el autoempleo, compromiso que hizo el mandatario en su visita el pasado 12 de agosto. <br \/><br \/>La se\u00f1ora Rita B\u00e1ez, quien recibi\u00f3 equipamiento en ollas y una parrilla de estufa para hacer los tamales que vende en su comunidad, refiri\u00f3 que el apoyo entregado para su negocio le servir\u00e1 para hacer su trabajo de forma m\u00e1s r\u00e1pida y de manera higi\u00e9nica. <br \/><br \/>Los habitantes de San Jos\u00e9 de las Delicias y otras comunidades aleda\u00f1as recibieron 32 equipos para gallinas ponedoras que consta de una malla, bebedero, comedero, costal de alimentos de 40 kilogramos y 10 gallinas.<br \/><br \/>As\u00ed mismo recibieron el apoyo de 5 inventarios para abarrote que consta de 18 productos diferentes, de igual forma 2 equipos productivos, uno para una tamaler\u00eda y otro para un negocio de carpinter\u00eda. <br \/><br \/>La Secretar\u00eda de Bienestar y Desarrollo Sustentable tambi\u00e9n hizo entrega de 400 despensas, articulos de limpieza y aseo, agua purificada y verdura.<br \/><br \/>De igual forma el Ej\u00e9rcito Mexicano se hizo presente con labor social a trav\u00e9s de consultas m\u00e9dicas y odontol\u00f3gicas.<\/p>\n\n\n\n<figure class=\"wp-block-gallery has-nested-images columns-default is-cropped wp-block-gallery-1 is-layout-flex wp-block-gallery-is-layout-flex\">\n<figure class=\"wp-block-image size-large\"><img decoding=\"async\" width=\"1024\" height=\"682\" data-id=\"56338\" src=\"https:\/\/fuentesfidedignas.com.mx\/wp-content\/uploads\/2023\/08\/IMG-20230822-WA0097-1024x682.jpg\" alt=\"\" class=\"wp-image-56338\" srcset=\"https:\/\/fuentesfidedignas.com.mx\/wp-content\/uploads\/2023\/08\/IMG-20230822-WA0097-1024x682.jpg 1024w, https:\/\/fuentesfidedignas.com.mx\/wp-content\/uploads\/2023\/08\/IMG-20230822-WA0097-300x200.jpg 300w, https:\/\/fuentesfidedignas.com.mx\/wp-content\/uploads\/2023\/08\/IMG-20230822-WA0097-768x512.jpg 768w, https:\/\/fuentesfidedignas.com.mx\/wp-content\/uploads\/2023\/08\/IMG-20230822-WA0097-1536x1023.jpg 1536w, https:\/\/fuentesfidedignas.com.mx\/wp-content\/uploads\/2023\/08\/IMG-20230822-WA0097.jpg 1600w\" sizes=\"(max-width: 1024px) 100vw, 1024px\" \/><\/figure>\n\n\n\n<figure class=\"wp-block-image size-large\"><img decoding=\"async\" width=\"1024\" height=\"682\" data-id=\"56337\" src=\"https:\/\/fuentesfidedignas.com.mx\/wp-content\/uploads\/2023\/08\/IMG-20230822-WA0098-1024x682.jpg\" alt=\"\" class=\"wp-image-56337\" srcset=\"https:\/\/fuentesfidedignas.com.mx\/wp-content\/uploads\/2023\/08\/IMG-20230822-WA0098-1024x682.jpg 1024w, https:\/\/fuentesfidedignas.com.mx\/wp-content\/uploads\/2023\/08\/IMG-20230822-WA0098-300x200.jpg 300w, https:\/\/fuentesfidedignas.com.mx\/wp-content\/uploads\/2023\/08\/IMG-20230822-WA0098-768x512.jpg 768w, https:\/\/fuentesfidedignas.com.mx\/wp-content\/uploads\/2023\/08\/IMG-20230822-WA0098-1536x1023.jpg 1536w, https:\/\/fuentesfidedignas.com.mx\/wp-content\/uploads\/2023\/08\/IMG-20230822-WA0098.jpg 1600w\" sizes=\"(max-width: 1024px) 100vw, 1024px\" \/><\/figure>\n\n\n\n<figure class=\"wp-block-image size-large\"><img decoding=\"async\" width=\"1024\" height=\"682\" data-id=\"56336\" src=\"https:\/\/fuentesfidedignas.com.mx\/wp-content\/uploads\/2023\/08\/IMG-20230822-WA0096-1024x682.jpg\" alt=\"\" class=\"wp-image-56336\" srcset=\"https:\/\/fuentesfidedignas.com.mx\/wp-content\/uploads\/2023\/08\/IMG-20230822-WA0096-1024x682.jpg 1024w, https:\/\/fuentesfidedignas.com.mx\/wp-content\/uploads\/2023\/08\/IMG-20230822-WA0096-300x200.jpg 300w, https:\/\/fuentesfidedignas.com.mx\/wp-content\/uploads\/2023\/08\/IMG-20230822-WA0096-768x512.jpg 768w, https:\/\/fuentesfidedignas.com.mx\/wp-content\/uploads\/2023\/08\/IMG-20230822-WA0096-1536x1023.jpg 1536w, https:\/\/fuentesfidedignas.com.mx\/wp-content\/uploads\/2023\/08\/IMG-20230822-WA0096.jpg 1600w\" sizes=\"(max-width: 1024px) 100vw, 1024px\" \/><\/figure>\n\n\n\n<figure class=\"wp-block-image size-large\"><img decoding=\"async\" width=\"1024\" height=\"682\" data-id=\"56339\" src=\"https:\/\/fuentesfidedignas.com.mx\/wp-content\/uploads\/2023\/08\/IMG-20230822-WA0103-1024x682.jpg\" alt=\"\" class=\"wp-image-56339\" srcset=\"https:\/\/fuentesfidedignas.com.mx\/wp-content\/uploads\/2023\/08\/IMG-20230822-WA0103-1024x682.jpg 1024w, https:\/\/fuentesfidedignas.com.mx\/wp-content\/uploads\/2023\/08\/IMG-20230822-WA0103-300x200.jpg 300w, https:\/\/fuentesfidedignas.com.mx\/wp-content\/uploads\/2023\/08\/IMG-20230822-WA0103-768x512.jpg 768w, https:\/\/fuentesfidedignas.com.mx\/wp-content\/uploads\/2023\/08\/IMG-20230822-WA0103-1536x1023.jpg 1536w, https:\/\/fuentesfidedignas.com.mx\/wp-content\/uploads\/2023\/08\/IMG-20230822-WA0103.jpg 1600w\" sizes=\"(max-width: 1024px) 100vw, 1024px\" \/><\/figure>\n\n\n\n<figure class=\"wp-block-image size-large\"><img decoding=\"async\" width=\"1024\" height=\"682\" data-id=\"56335\" src=\"https:\/\/fuentesfidedignas.com.mx\/wp-content\/uploads\/2023\/08\/IMG-20230822-WA0102-1024x682.jpg\" alt=\"\" class=\"wp-image-56335\" srcset=\"https:\/\/fuentesfidedignas.com.mx\/wp-content\/uploads\/2023\/08\/IMG-20230822-WA0102-1024x682.jpg 1024w, https:\/\/fuentesfidedignas.com.mx\/wp-content\/uploads\/2023\/08\/IMG-20230822-WA0102-300x200.jpg 300w, https:\/\/fuentesfidedignas.com.mx\/wp-content\/uploads\/2023\/08\/IMG-20230822-WA0102-768x512.jpg 768w, https:\/\/fuentesfidedignas.com.mx\/wp-content\/uploads\/2023\/08\/IMG-20230822-WA0102-1536x1023.jpg 1536w, https:\/\/fuentesfidedignas.com.mx\/wp-content\/uploads\/2023\/08\/IMG-20230822-WA0102.jpg 1600w\" sizes=\"(max-width: 1024px) 100vw, 1024px\" \/><\/figure>\n\n\n\n<figure class=\"wp-block-image size-large\"><img decoding=\"async\" width=\"1024\" height=\"682\" data-id=\"56342\" src=\"https:\/\/fuentesfidedignas.com.mx\/wp-content\/uploads\/2023\/08\/IMG-20230822-WA0101-1024x682.jpg\" alt=\"\" class=\"wp-image-56342\" srcset=\"https:\/\/fuentesfidedignas.com.mx\/wp-content\/uploads\/2023\/08\/IMG-20230822-WA0101-1024x682.jpg 1024w, https:\/\/fuentesfidedignas.com.mx\/wp-content\/uploads\/2023\/08\/IMG-20230822-WA0101-300x200.jpg 300w, https:\/\/fuentesfidedignas.com.mx\/wp-content\/uploads\/2023\/08\/IMG-20230822-WA0101-768x512.jpg 768w, https:\/\/fuentesfidedignas.com.mx\/wp-content\/uploads\/2023\/08\/IMG-20230822-WA0101-1536x1023.jpg 1536w, https:\/\/fuentesfidedignas.com.mx\/wp-content\/uploads\/2023\/08\/IMG-20230822-WA0101.jpg 1600w\" sizes=\"(max-width: 1024px) 100vw, 1024px\" \/><\/figure>\n\n\n\n<figure class=\"wp-block-image size-large\"><img decoding=\"async\" width=\"1024\" height=\"682\" data-id=\"56343\" src=\"https:\/\/fuentesfidedignas.com.mx\/wp-content\/uploads\/2023\/08\/IMG-20230822-WA0100-1024x682.jpg\" alt=\"\" class=\"wp-image-56343\" srcset=\"https:\/\/fuentesfidedignas.com.mx\/wp-content\/uploads\/2023\/08\/IMG-20230822-WA0100-1024x682.jpg 1024w, https:\/\/fuentesfidedignas.com.mx\/wp-content\/uploads\/2023\/08\/IMG-20230822-WA0100-300x200.jpg 300w, https:\/\/fuentesfidedignas.com.mx\/wp-content\/uploads\/2023\/08\/IMG-20230822-WA0100-768x512.jpg 768w, https:\/\/fuentesfidedignas.com.mx\/wp-content\/uploads\/2023\/08\/IMG-20230822-WA0100-1536x1023.jpg 1536w, https:\/\/fuentesfidedignas.com.mx\/wp-content\/uploads\/2023\/08\/IMG-20230822-WA0100.jpg 1600w\" sizes=\"(max-width: 1024px) 100vw, 1024px\" \/><\/figure>\n<\/figure>\n","protected":false},"excerpt":{"rendered":"<p>De forma coordinada, las Secretar\u00edas de Bienestar y Desarrollo Sustentable y Econom\u00eda entregaron equipamiento, gallinas ponedoras, inventario para abarrotes, despensas y art\u00edculos de limpieza. San Jos\u00e9 de las Delicias, Sin.- Dando seguimiento al compromiso de atender las necesidades de los habitantes de San Jos\u00e9 de las Delicias, el Gobierno de Rub\u00e9n Rocha Moya entreg\u00f3 diversos [&hellip;]<\/p>\n","protected":false},"author":4,"featured_media":56334,"comment_status":"open","ping_status":"open","sticky":false,"template":"","format":"standard","meta":{"tdm_status":"","tdm_grid_status":"","footnotes":""},"categories":[38,1],"tags":[],"class_list":{"0":"post-56340","1":"post","2":"type-post","3":"status-publish","4":"format-standard","5":"has-post-thumbnail","7":"category-noticias-locales","8":"category-sin-categoria"},"yoast_head":"<!-- This site is optimized with the Yoast SEO plugin v27.5 - https:\/\/yoast.com\/product\/yoast-seo-wordpress\/ -->\n<title>Gobierno del Estado lleva apoyos productivos a pobladores de San Jos\u00e9 de las Delicias - Fuentes Fidedignas<\/title>\n<meta name=\"robots\" content=\"index, follow, max-snippet:-1, max-image-preview:large, max-video-preview:-1\" \/>\n<link rel=\"canonical\" href=\"https:\/\/fuentesfidedignas.com.mx\/index.php\/2023\/08\/22\/gobierno-del-estado-lleva-apoyos-productivos-a-pobladores-de-san-jose-de-las-delicias\/\" \/>\n<meta property=\"og:locale\" content=\"es_MX\" \/>\n<meta property=\"og:type\" content=\"article\" \/>\n<meta property=\"og:title\" content=\"Gobierno del Estado lleva apoyos productivos a pobladores de San Jos\u00e9 de las Delicias - Fuentes Fidedignas\" \/>\n<meta property=\"og:description\" content=\"De forma coordinada, las Secretar\u00edas de Bienestar y Desarrollo Sustentable y Econom\u00eda entregaron equipamiento, gallinas ponedoras, inventario para abarrotes, despensas y art\u00edculos de limpieza. San Jos\u00e9 de las Delicias, Sin.- Dando seguimiento al compromiso de atender las necesidades de los habitantes de San Jos\u00e9 de las Delicias, el Gobierno de Rub\u00e9n Rocha Moya entreg\u00f3 diversos [&hellip;]\" \/>\n<meta property=\"og:url\" content=\"https:\/\/fuentesfidedignas.com.mx\/index.php\/2023\/08\/22\/gobierno-del-estado-lleva-apoyos-productivos-a-pobladores-de-san-jose-de-las-delicias\/\" \/>\n<meta property=\"og:site_name\" content=\"Fuentes Fidedignas\" \/>\n<meta property=\"article:publisher\" content=\"https:\/\/www.facebook.com\/Fuentes-Fidedignas-368234489921644\" \/>\n<meta property=\"article:published_time\" content=\"2023-08-23T04:24:00+00:00\" \/>\n<meta property=\"article:modified_time\" content=\"2023-08-23T04:32:40+00:00\" \/>\n<meta property=\"og:image\" content=\"https:\/\/fuentesfidedignas.com.mx\/wp-content\/uploads\/2023\/08\/IMG-20230822-WA0099.jpg\" \/>\n\t<meta property=\"og:image:width\" content=\"1600\" \/>\n\t<meta property=\"og:image:height\" content=\"1066\" \/>\n\t<meta property=\"og:image:type\" content=\"image\/jpeg\" \/>\n<meta name=\"author\" content=\"Redacci\u00f3n\" \/>\n<meta name=\"twitter:card\" content=\"summary_large_image\" \/>\n<meta name=\"twitter:creator\" content=\"@fidedignas\" \/>\n<meta name=\"twitter:site\" content=\"@fidedignas\" \/>\n<meta name=\"twitter:label1\" content=\"Escrito por\" \/>\n\t<meta name=\"twitter:data1\" content=\"Redacci\u00f3n\" \/>\n\t<meta name=\"twitter:label2\" content=\"Tiempo de lectura\" \/>\n\t<meta name=\"twitter:data2\" content=\"2 minutos\" \/>\n<script type=\"application\/ld+json\" class=\"yoast-schema-graph\">{\"@context\":\"https:\\\/\\\/schema.org\",\"@graph\":[{\"@type\":\"Article\",\"@id\":\"https:\\\/\\\/fuentesfidedignas.com.mx\\\/index.php\\\/2023\\\/08\\\/22\\\/gobierno-del-estado-lleva-apoyos-productivos-a-pobladores-de-san-jose-de-las-delicias\\\/#article\",\"isPartOf\":{\"@id\":\"https:\\\/\\\/fuentesfidedignas.com.mx\\\/index.php\\\/2023\\\/08\\\/22\\\/gobierno-del-estado-lleva-apoyos-productivos-a-pobladores-de-san-jose-de-las-delicias\\\/\"},\"author\":{\"name\":\"Redacci\u00f3n\",\"@id\":\"https:\\\/\\\/fuentesfidedignas.com.mx\\\/#\\\/schema\\\/person\\\/331be9283d37198e2acd5750279085b0\"},\"headline\":\"Gobierno del Estado lleva apoyos productivos a pobladores de San Jos\u00e9 de las Delicias\",\"datePublished\":\"2023-08-23T04:24:00+00:00\",\"dateModified\":\"2023-08-23T04:32:40+00:00\",\"mainEntityOfPage\":{\"@id\":\"https:\\\/\\\/fuentesfidedignas.com.mx\\\/index.php\\\/2023\\\/08\\\/22\\\/gobierno-del-estado-lleva-apoyos-productivos-a-pobladores-de-san-jose-de-las-delicias\\\/\"},\"wordCount\":474,\"commentCount\":0,\"publisher\":{\"@id\":\"https:\\\/\\\/fuentesfidedignas.com.mx\\\/#organization\"},\"image\":{\"@id\":\"https:\\\/\\\/fuentesfidedignas.com.mx\\\/index.php\\\/2023\\\/08\\\/22\\\/gobierno-del-estado-lleva-apoyos-productivos-a-pobladores-de-san-jose-de-las-delicias\\\/#primaryimage\"},\"thumbnailUrl\":\"https:\\\/\\\/fuentesfidedignas.com.mx\\\/wp-content\\\/uploads\\\/2023\\\/08\\\/IMG-20230822-WA0099.jpg\",\"articleSection\":[\"NOTICIAS LOCALES\"],\"inLanguage\":\"es\",\"potentialAction\":[{\"@type\":\"CommentAction\",\"name\":\"Comment\",\"target\":[\"https:\\\/\\\/fuentesfidedignas.com.mx\\\/index.php\\\/2023\\\/08\\\/22\\\/gobierno-del-estado-lleva-apoyos-productivos-a-pobladores-de-san-jose-de-las-delicias\\\/#respond\"]}]},{\"@type\":\"WebPage\",\"@id\":\"https:\\\/\\\/fuentesfidedignas.com.mx\\\/index.php\\\/2023\\\/08\\\/22\\\/gobierno-del-estado-lleva-apoyos-productivos-a-pobladores-de-san-jose-de-las-delicias\\\/\",\"url\":\"https:\\\/\\\/fuentesfidedignas.com.mx\\\/index.php\\\/2023\\\/08\\\/22\\\/gobierno-del-estado-lleva-apoyos-productivos-a-pobladores-de-san-jose-de-las-delicias\\\/\",\"name\":\"Gobierno del Estado lleva apoyos productivos a pobladores de San Jos\u00e9 de las Delicias - Fuentes Fidedignas\",\"isPartOf\":{\"@id\":\"https:\\\/\\\/fuentesfidedignas.com.mx\\\/#website\"},\"primaryImageOfPage\":{\"@id\":\"https:\\\/\\\/fuentesfidedignas.com.mx\\\/index.php\\\/2023\\\/08\\\/22\\\/gobierno-del-estado-lleva-apoyos-productivos-a-pobladores-de-san-jose-de-las-delicias\\\/#primaryimage\"},\"image\":{\"@id\":\"https:\\\/\\\/fuentesfidedignas.com.mx\\\/index.php\\\/2023\\\/08\\\/22\\\/gobierno-del-estado-lleva-apoyos-productivos-a-pobladores-de-san-jose-de-las-delicias\\\/#primaryimage\"},\"thumbnailUrl\":\"https:\\\/\\\/fuentesfidedignas.com.mx\\\/wp-content\\\/uploads\\\/2023\\\/08\\\/IMG-20230822-WA0099.jpg\",\"datePublished\":\"2023-08-23T04:24:00+00:00\",\"dateModified\":\"2023-08-23T04:32:40+00:00\",\"breadcrumb\":{\"@id\":\"https:\\\/\\\/fuentesfidedignas.com.mx\\\/index.php\\\/2023\\\/08\\\/22\\\/gobierno-del-estado-lleva-apoyos-productivos-a-pobladores-de-san-jose-de-las-delicias\\\/#breadcrumb\"},\"inLanguage\":\"es\",\"potentialAction\":[{\"@type\":\"ReadAction\",\"target\":[\"https:\\\/\\\/fuentesfidedignas.com.mx\\\/index.php\\\/2023\\\/08\\\/22\\\/gobierno-del-estado-lleva-apoyos-productivos-a-pobladores-de-san-jose-de-las-delicias\\\/\"]}]},{\"@type\":\"ImageObject\",\"inLanguage\":\"es\",\"@id\":\"https:\\\/\\\/fuentesfidedignas.com.mx\\\/index.php\\\/2023\\\/08\\\/22\\\/gobierno-del-estado-lleva-apoyos-productivos-a-pobladores-de-san-jose-de-las-delicias\\\/#primaryimage\",\"url\":\"https:\\\/\\\/fuentesfidedignas.com.mx\\\/wp-content\\\/uploads\\\/2023\\\/08\\\/IMG-20230822-WA0099.jpg\",\"contentUrl\":\"https:\\\/\\\/fuentesfidedignas.com.mx\\\/wp-content\\\/uploads\\\/2023\\\/08\\\/IMG-20230822-WA0099.jpg\",\"width\":1600,\"height\":1066},{\"@type\":\"BreadcrumbList\",\"@id\":\"https:\\\/\\\/fuentesfidedignas.com.mx\\\/index.php\\\/2023\\\/08\\\/22\\\/gobierno-del-estado-lleva-apoyos-productivos-a-pobladores-de-san-jose-de-las-delicias\\\/#breadcrumb\",\"itemListElement\":[{\"@type\":\"ListItem\",\"position\":1,\"name\":\"Inicio\",\"item\":\"https:\\\/\\\/fuentesfidedignas.com.mx\\\/\"},{\"@type\":\"ListItem\",\"position\":2,\"name\":\"Gobierno del Estado lleva apoyos productivos a pobladores de San Jos\u00e9 de las Delicias\"}]},{\"@type\":\"WebSite\",\"@id\":\"https:\\\/\\\/fuentesfidedignas.com.mx\\\/#website\",\"url\":\"https:\\\/\\\/fuentesfidedignas.com.mx\\\/\",\"name\":\"Fuentes Fidedignas\",\"description\":\"Otro sitio realizado con WordPress\",\"publisher\":{\"@id\":\"https:\\\/\\\/fuentesfidedignas.com.mx\\\/#organization\"},\"potentialAction\":[{\"@type\":\"SearchAction\",\"target\":{\"@type\":\"EntryPoint\",\"urlTemplate\":\"https:\\\/\\\/fuentesfidedignas.com.mx\\\/?s={search_term_string}\"},\"query-input\":{\"@type\":\"PropertyValueSpecification\",\"valueRequired\":true,\"valueName\":\"search_term_string\"}}],\"inLanguage\":\"es\"},{\"@type\":\"Organization\",\"@id\":\"https:\\\/\\\/fuentesfidedignas.com.mx\\\/#organization\",\"name\":\"Fuentes Fidedignas\",\"url\":\"https:\\\/\\\/fuentesfidedignas.com.mx\\\/\",\"logo\":{\"@type\":\"ImageObject\",\"inLanguage\":\"es\",\"@id\":\"https:\\\/\\\/fuentesfidedignas.com.mx\\\/#\\\/schema\\\/logo\\\/image\\\/\",\"url\":\"https:\\\/\\\/fuentesfidedignas.com.mx\\\/wp-content\\\/uploads\\\/2021\\\/04\\\/logo-retina.png\",\"contentUrl\":\"https:\\\/\\\/fuentesfidedignas.com.mx\\\/wp-content\\\/uploads\\\/2021\\\/04\\\/logo-retina.png\",\"width\":280,\"height\":51,\"caption\":\"Fuentes Fidedignas\"},\"image\":{\"@id\":\"https:\\\/\\\/fuentesfidedignas.com.mx\\\/#\\\/schema\\\/logo\\\/image\\\/\"},\"sameAs\":[\"https:\\\/\\\/www.facebook.com\\\/Fuentes-Fidedignas-368234489921644\",\"https:\\\/\\\/x.com\\\/fidedignas\"]},{\"@type\":\"Person\",\"@id\":\"https:\\\/\\\/fuentesfidedignas.com.mx\\\/#\\\/schema\\\/person\\\/331be9283d37198e2acd5750279085b0\",\"name\":\"Redacci\u00f3n\",\"image\":{\"@type\":\"ImageObject\",\"inLanguage\":\"es\",\"@id\":\"https:\\\/\\\/secure.gravatar.com\\\/avatar\\\/f6d8782c11d12b2d4ad3fbb6931aeab5309937a4d6cd2fc9cfaa28a6396a5aec?s=96&d=mm&r=g\",\"url\":\"https:\\\/\\\/secure.gravatar.com\\\/avatar\\\/f6d8782c11d12b2d4ad3fbb6931aeab5309937a4d6cd2fc9cfaa28a6396a5aec?s=96&d=mm&r=g\",\"contentUrl\":\"https:\\\/\\\/secure.gravatar.com\\\/avatar\\\/f6d8782c11d12b2d4ad3fbb6931aeab5309937a4d6cd2fc9cfaa28a6396a5aec?s=96&d=mm&r=g\",\"caption\":\"Redacci\u00f3n\"},\"url\":\"https:\\\/\\\/fuentesfidedignas.com.mx\\\/index.php\\\/author\\\/redaccion\\\/\"}]}<\/script>\n<!-- \/ Yoast SEO plugin. -->","yoast_head_json":{"title":"Gobierno del Estado lleva apoyos productivos a pobladores de San Jos\u00e9 de las Delicias - Fuentes Fidedignas","robots":{"index":"index","follow":"follow","max-snippet":"max-snippet:-1","max-image-preview":"max-image-preview:large","max-video-preview":"max-video-preview:-1"},"canonical":"https:\/\/fuentesfidedignas.com.mx\/index.php\/2023\/08\/22\/gobierno-del-estado-lleva-apoyos-productivos-a-pobladores-de-san-jose-de-las-delicias\/","og_locale":"es_MX","og_type":"article","og_title":"Gobierno del Estado lleva apoyos productivos a pobladores de San Jos\u00e9 de las Delicias - Fuentes Fidedignas","og_description":"De forma coordinada, las Secretar\u00edas de Bienestar y Desarrollo Sustentable y Econom\u00eda entregaron equipamiento, gallinas ponedoras, inventario para abarrotes, despensas y art\u00edculos de limpieza. San Jos\u00e9 de las Delicias, Sin.- Dando seguimiento al compromiso de atender las necesidades de los habitantes de San Jos\u00e9 de las Delicias, el Gobierno de Rub\u00e9n Rocha Moya entreg\u00f3 diversos [&hellip;]","og_url":"https:\/\/fuentesfidedignas.com.mx\/index.php\/2023\/08\/22\/gobierno-del-estado-lleva-apoyos-productivos-a-pobladores-de-san-jose-de-las-delicias\/","og_site_name":"Fuentes Fidedignas","article_publisher":"https:\/\/www.facebook.com\/Fuentes-Fidedignas-368234489921644","article_published_time":"2023-08-23T04:24:00+00:00","article_modified_time":"2023-08-23T04:32:40+00:00","og_image":[{"width":1600,"height":1066,"url":"https:\/\/fuentesfidedignas.com.mx\/wp-content\/uploads\/2023\/08\/IMG-20230822-WA0099.jpg","type":"image\/jpeg"}],"author":"Redacci\u00f3n","twitter_card":"summary_large_image","twitter_creator":"@fidedignas","twitter_site":"@fidedignas","twitter_misc":{"Escrito por":"Redacci\u00f3n","Tiempo de lectura":"2 minutos"},"schema":{"@context":"https:\/\/schema.org","@graph":[{"@type":"Article","@id":"https:\/\/fuentesfidedignas.com.mx\/index.php\/2023\/08\/22\/gobierno-del-estado-lleva-apoyos-productivos-a-pobladores-de-san-jose-de-las-delicias\/#article","isPartOf":{"@id":"https:\/\/fuentesfidedignas.com.mx\/index.php\/2023\/08\/22\/gobierno-del-estado-lleva-apoyos-productivos-a-pobladores-de-san-jose-de-las-delicias\/"},"author":{"name":"Redacci\u00f3n","@id":"https:\/\/fuentesfidedignas.com.mx\/#\/schema\/person\/331be9283d37198e2acd5750279085b0"},"headline":"Gobierno del Estado lleva apoyos productivos a pobladores de San Jos\u00e9 de las Delicias","datePublished":"2023-08-23T04:24:00+00:00","dateModified":"2023-08-23T04:32:40+00:00","mainEntityOfPage":{"@id":"https:\/\/fuentesfidedignas.com.mx\/index.php\/2023\/08\/22\/gobierno-del-estado-lleva-apoyos-productivos-a-pobladores-de-san-jose-de-las-delicias\/"},"wordCount":474,"commentCount":0,"publisher":{"@id":"https:\/\/fuentesfidedignas.com.mx\/#organization"},"image":{"@id":"https:\/\/fuentesfidedignas.com.mx\/index.php\/2023\/08\/22\/gobierno-del-estado-lleva-apoyos-productivos-a-pobladores-de-san-jose-de-las-delicias\/#primaryimage"},"thumbnailUrl":"https:\/\/fuentesfidedignas.com.mx\/wp-content\/uploads\/2023\/08\/IMG-20230822-WA0099.jpg","articleSection":["NOTICIAS LOCALES"],"inLanguage":"es","potentialAction":[{"@type":"CommentAction","name":"Comment","target":["https:\/\/fuentesfidedignas.com.mx\/index.php\/2023\/08\/22\/gobierno-del-estado-lleva-apoyos-productivos-a-pobladores-de-san-jose-de-las-delicias\/#respond"]}]},{"@type":"WebPage","@id":"https:\/\/fuentesfidedignas.com.mx\/index.php\/2023\/08\/22\/gobierno-del-estado-lleva-apoyos-productivos-a-pobladores-de-san-jose-de-las-delicias\/","url":"https:\/\/fuentesfidedignas.com.mx\/index.php\/2023\/08\/22\/gobierno-del-estado-lleva-apoyos-productivos-a-pobladores-de-san-jose-de-las-delicias\/","name":"Gobierno del Estado lleva apoyos productivos a pobladores de San Jos\u00e9 de las Delicias - Fuentes Fidedignas","isPartOf":{"@id":"https:\/\/fuentesfidedignas.com.mx\/#website"},"primaryImageOfPage":{"@id":"https:\/\/fuentesfidedignas.com.mx\/index.php\/2023\/08\/22\/gobierno-del-estado-lleva-apoyos-productivos-a-pobladores-de-san-jose-de-las-delicias\/#primaryimage"},"image":{"@id":"https:\/\/fuentesfidedignas.com.mx\/index.php\/2023\/08\/22\/gobierno-del-estado-lleva-apoyos-productivos-a-pobladores-de-san-jose-de-las-delicias\/#primaryimage"},"thumbnailUrl":"https:\/\/fuentesfidedignas.com.mx\/wp-content\/uploads\/2023\/08\/IMG-20230822-WA0099.jpg","datePublished":"2023-08-23T04:24:00+00:00","dateModified":"2023-08-23T04:32:40+00:00","breadcrumb":{"@id":"https:\/\/fuentesfidedignas.com.mx\/index.php\/2023\/08\/22\/gobierno-del-estado-lleva-apoyos-productivos-a-pobladores-de-san-jose-de-las-delicias\/#breadcrumb"},"inLanguage":"es","potentialAction":[{"@type":"ReadAction","target":["https:\/\/fuentesfidedignas.com.mx\/index.php\/2023\/08\/22\/gobierno-del-estado-lleva-apoyos-productivos-a-pobladores-de-san-jose-de-las-delicias\/"]}]},{"@type":"ImageObject","inLanguage":"es","@id":"https:\/\/fuentesfidedignas.com.mx\/index.php\/2023\/08\/22\/gobierno-del-estado-lleva-apoyos-productivos-a-pobladores-de-san-jose-de-las-delicias\/#primaryimage","url":"https:\/\/fuentesfidedignas.com.mx\/wp-content\/uploads\/2023\/08\/IMG-20230822-WA0099.jpg","contentUrl":"https:\/\/fuentesfidedignas.com.mx\/wp-content\/uploads\/2023\/08\/IMG-20230822-WA0099.jpg","width":1600,"height":1066},{"@type":"BreadcrumbList","@id":"https:\/\/fuentesfidedignas.com.mx\/index.php\/2023\/08\/22\/gobierno-del-estado-lleva-apoyos-productivos-a-pobladores-de-san-jose-de-las-delicias\/#breadcrumb","itemListElement":[{"@type":"ListItem","position":1,"name":"Inicio","item":"https:\/\/fuentesfidedignas.com.mx\/"},{"@type":"ListItem","position":2,"name":"Gobierno del Estado lleva apoyos productivos a pobladores de San Jos\u00e9 de las Delicias"}]},{"@type":"WebSite","@id":"https:\/\/fuentesfidedignas.com.mx\/#website","url":"https:\/\/fuentesfidedignas.com.mx\/","name":"Fuentes Fidedignas","description":"Otro sitio realizado con WordPress","publisher":{"@id":"https:\/\/fuentesfidedignas.com.mx\/#organization"},"potentialAction":[{"@type":"SearchAction","target":{"@type":"EntryPoint","urlTemplate":"https:\/\/fuentesfidedignas.com.mx\/?s={search_term_string}"},"query-input":{"@type":"PropertyValueSpecification","valueRequired":true,"valueName":"search_term_string"}}],"inLanguage":"es"},{"@type":"Organization","@id":"https:\/\/fuentesfidedignas.com.mx\/#organization","name":"Fuentes Fidedignas","url":"https:\/\/fuentesfidedignas.com.mx\/","logo":{"@type":"ImageObject","inLanguage":"es","@id":"https:\/\/fuentesfidedignas.com.mx\/#\/schema\/logo\/image\/","url":"https:\/\/fuentesfidedignas.com.mx\/wp-content\/uploads\/2021\/04\/logo-retina.png","contentUrl":"https:\/\/fuentesfidedignas.com.mx\/wp-content\/uploads\/2021\/04\/logo-retina.png","width":280,"height":51,"caption":"Fuentes Fidedignas"},"image":{"@id":"https:\/\/fuentesfidedignas.com.mx\/#\/schema\/logo\/image\/"},"sameAs":["https:\/\/www.facebook.com\/Fuentes-Fidedignas-368234489921644","https:\/\/x.com\/fidedignas"]},{"@type":"Person","@id":"https:\/\/fuentesfidedignas.com.mx\/#\/schema\/person\/331be9283d37198e2acd5750279085b0","name":"Redacci\u00f3n","image":{"@type":"ImageObject","inLanguage":"es","@id":"https:\/\/secure.gravatar.com\/avatar\/f6d8782c11d12b2d4ad3fbb6931aeab5309937a4d6cd2fc9cfaa28a6396a5aec?s=96&d=mm&r=g","url":"https:\/\/secure.gravatar.com\/avatar\/f6d8782c11d12b2d4ad3fbb6931aeab5309937a4d6cd2fc9cfaa28a6396a5aec?s=96&d=mm&r=g","contentUrl":"https:\/\/secure.gravatar.com\/avatar\/f6d8782c11d12b2d4ad3fbb6931aeab5309937a4d6cd2fc9cfaa28a6396a5aec?s=96&d=mm&r=g","caption":"Redacci\u00f3n"},"url":"https:\/\/fuentesfidedignas.com.mx\/index.php\/author\/redaccion\/"}]}},"_links":{"self":[{"href":"https:\/\/fuentesfidedignas.com.mx\/index.php\/wp-json\/wp\/v2\/posts\/56340","targetHints":{"allow":["GET"]}}],"collection":[{"href":"https:\/\/fuentesfidedignas.com.mx\/index.php\/wp-json\/wp\/v2\/posts"}],"about":[{"href":"https:\/\/fuentesfidedignas.com.mx\/index.php\/wp-json\/wp\/v2\/types\/post"}],"author":[{"embeddable":true,"href":"https:\/\/fuentesfidedignas.com.mx\/index.php\/wp-json\/wp\/v2\/users\/4"}],"replies":[{"embeddable":true,"href":"https:\/\/fuentesfidedignas.com.mx\/index.php\/wp-json\/wp\/v2\/comments?post=56340"}],"version-history":[{"count":2,"href":"https:\/\/fuentesfidedignas.com.mx\/index.php\/wp-json\/wp\/v2\/posts\/56340\/revisions"}],"predecessor-version":[{"id":56344,"href":"https:\/\/fuentesfidedignas.com.mx\/index.php\/wp-json\/wp\/v2\/posts\/56340\/revisions\/56344"}],"wp:featuredmedia":[{"embeddable":true,"href":"https:\/\/fuentesfidedignas.com.mx\/index.php\/wp-json\/wp\/v2\/media\/56334"}],"wp:attachment":[{"href":"https:\/\/fuentesfidedignas.com.mx\/index.php\/wp-json\/wp\/v2\/media?parent=56340"}],"wp:term":[{"taxonomy":"category","embeddable":true,"href":"https:\/\/fuentesfidedignas.com.mx\/index.php\/wp-json\/wp\/v2\/categories?post=56340"},{"taxonomy":"post_tag","embeddable":true,"href":"https:\/\/fuentesfidedignas.com.mx\/index.php\/wp-json\/wp\/v2\/tags?post=56340"}],"curies":[{"name":"wp","href":"https:\/\/api.w.org\/{rel}","templated":true}]}}