{"id":56315,"date":"2023-08-22T18:44:49","date_gmt":"2023-08-23T01:44:49","guid":{"rendered":"https:\/\/fuentesfidedignas.com.mx\/?p=56315"},"modified":"2023-08-22T18:50:35","modified_gmt":"2023-08-23T01:50:35","slug":"de-celebracion-proteccion-civil-sinaloa-reconoce-a-bomberos-hoy-en-su-dia","status":"publish","type":"post","link":"https:\/\/fuentesfidedignas.com.mx\/index.php\/2023\/08\/22\/de-celebracion-proteccion-civil-sinaloa-reconoce-a-bomberos-hoy-en-su-dia\/","title":{"rendered":"\u00a1De celebraci\u00f3n! Protecci\u00f3n Civil Sinaloa reconoce a Bomberos hoy en su d\u00eda"},"content":{"rendered":"\n<p><strong><em>En representaci\u00f3n del Gobernador del Estado de Sinaloa Rub\u00e9n Rocha Moya,  Roy Navarrete Cuevas dirigi\u00f3 unas palabras de reconocimiento<\/em><\/strong><\/p>\n\n\n\n<p>Culiac\u00e1n, Sin.- El d\u00eda de hoy 22 de agosto se conmemora el D\u00eda del Bombero en M\u00e9xico, por ello Gobierno del Estado los reconoci\u00f3 por su honorifica labor.<\/p>\n\n\n\n<p>El director del Instituto Estatal de Protecci\u00f3n Civil, Roy Navarrete Cuevas dirigi\u00f3 unas palabras de reconocimiento, a los bomberos y sus familias que tambi\u00e9n se encontraban presentes en el lugar, quienes tambi\u00e9n brindan apoyo constante a sus familiares que fungen en esta importante labor.<\/p>\n\n\n\n<p>&#8220;Desde el Instituto Estatal de Protecci\u00f3n Civil reconocemos estos grandes prestadores de este honorable servicio, que arriesgan sus vidas al salir a las emergencias buscando siempre el salvaguardar la integridad de la ciudadan\u00eda&#8221;, dijo Navarrete Cuevas.<\/p>\n\n\n\n<p><iframe loading=\"lazy\" src=\"https:\/\/www.facebook.com\/plugins\/post.php?href=https%3A%2F%2Fwww.facebook.com%2Fpcsinaloa%2Fposts%2Fpfbid0212Bw7wN3UyVVuX8fJerv4yu3bSgkvYW7gmJVSA5zTbtXNitNHVYDc2sGG6maf6J2l&amp;show_text=true&amp;width=500\" width=\"500\" height=\"799\" style=\"border:none;overflow:hidden\" scrolling=\"no\" frameborder=\"0\" allowfullscreen=\"true\" allow=\"autoplay; clipboard-write; encrypted-media; picture-in-picture; web-share\"><\/iframe><\/p>\n\n\n\n<p><strong>D\u00eda del Bombero 2023: \u00bfPor qu\u00e9 se conmemora el 22 de agosto? Origen de la celebraci\u00f3n<\/strong><\/p>\n\n\n\n<p>Este martes 22 de agosto se conmemora el D\u00eda del Bombero en M\u00e9xico, se trata de una fecha en la cual los habitantes del pa\u00eds reflexionan sobre la importancia de estos valientes personajes que no dudan en poner en riesgo su integridad o salvar la vida de personas en peligro ahora se dan los detalles sobre el nacimiento de esta fecha en el pa\u00eds y sobre el primer cuerpo de bomberos de la Rep\u00fablica mexicana.<\/p>\n\n\n\n<p>El D\u00eda del Bombero se conmemoraba el 1 de julio. Sin embargo, se cambi\u00f3 en 1956 al 22 de agosto por ser la fecha en que se fund\u00f3 el primer Cuerpo de Bomberos de la Rep\u00fablica Mexicana, en el puerto de Veracruz en 1873. Los bomberos se encargan de proteger a la poblaci\u00f3n, son un elemento importante y parte esencial del mundo actual, por lo que se vuelven cruciales para la preservaci\u00f3n de la vida de la poblaci\u00f3n en general.<\/p>\n\n\n\n<p>Se trata de valientes hombres y mujeres que arriesgan sus vidas, responden a las necesidades de los ciudadanos mediante un r\u00e1pido, eficaz, eficiente, profesional y humanitario servicio. Atienden inundaciones, cortos circuitos, fallas mec\u00e1nicas e incluso, tambi\u00e9n rescatan a los gatitos de los \u00e1rboles. Su \u00fanica labor es acabar con el fuego y proteger la vida de los ciudadanos.<\/p>\n\n\n\n<p>Cumplen su compromiso a trav\u00e9s de la prevenci\u00f3n, combate y extinci\u00f3n de incendios, servicios de emergencias m\u00e9dicas prehospitalarias, rescate, educaci\u00f3n a la ciudadan\u00eda para la autoprotecci\u00f3n, atenci\u00f3n de desastres en cualquier sentido: t\u00e9cnicos, sociales, naturales, p\u00fablicos y\/o privados. Cabe se\u00f1alar que El 22 de agosto de 1873 fue creado el primer cuerpo de bomberos de M\u00e9xico, en Veracruz, mientras que para 1922 se expidi\u00f3 el Reglamento del Cuerpo de Bomberos del Distrito Federal y en 1951, por decreto presidencial, se le otorga el car\u00e1cter de \u201cHeroico\u201d.<\/p>\n\n\n\n<p>Es as\u00ed que este martes se conmemora el D\u00eda del Bombero en M\u00e9xico. Cabe se\u00f1alar que, debido a las fuertes lluvias que se han registrado en el pa\u00eds, estos h\u00e9roes han tenido mucho trabajo en los \u00faltimos d\u00edas, pues en m\u00faltiples videos en redes sociales se les puede observar mientras realizan sus labores.<\/p>\n","protected":false},"excerpt":{"rendered":"<p>En representaci\u00f3n del Gobernador del Estado de Sinaloa Rub\u00e9n Rocha Moya, Roy Navarrete Cuevas dirigi\u00f3 unas palabras de reconocimiento Culiac\u00e1n, Sin.- El d\u00eda de hoy 22 de agosto se conmemora el D\u00eda del Bombero en M\u00e9xico, por ello Gobierno del Estado los reconoci\u00f3 por su honorifica labor. El director del Instituto Estatal de Protecci\u00f3n Civil, [&hellip;]<\/p>\n","protected":false},"author":4,"featured_media":56316,"comment_status":"open","ping_status":"open","sticky":false,"template":"","format":"standard","meta":{"tdm_status":"","tdm_grid_status":"","footnotes":""},"categories":[38,1],"tags":[],"class_list":{"0":"post-56315","1":"post","2":"type-post","3":"status-publish","4":"format-standard","5":"has-post-thumbnail","7":"category-noticias-locales","8":"category-sin-categoria"},"yoast_head":"<!-- This site is optimized with the Yoast SEO plugin v27.5 - https:\/\/yoast.com\/product\/yoast-seo-wordpress\/ -->\n<title>\u00a1De celebraci\u00f3n! Protecci\u00f3n Civil Sinaloa reconoce a Bomberos hoy en su d\u00eda - Fuentes Fidedignas<\/title>\n<meta name=\"robots\" content=\"index, follow, max-snippet:-1, max-image-preview:large, max-video-preview:-1\" \/>\n<link rel=\"canonical\" href=\"https:\/\/fuentesfidedignas.com.mx\/index.php\/2023\/08\/22\/de-celebracion-proteccion-civil-sinaloa-reconoce-a-bomberos-hoy-en-su-dia\/\" \/>\n<meta property=\"og:locale\" content=\"es_MX\" \/>\n<meta property=\"og:type\" content=\"article\" \/>\n<meta property=\"og:title\" content=\"\u00a1De celebraci\u00f3n! Protecci\u00f3n Civil Sinaloa reconoce a Bomberos hoy en su d\u00eda - Fuentes Fidedignas\" \/>\n<meta property=\"og:description\" content=\"En representaci\u00f3n del Gobernador del Estado de Sinaloa Rub\u00e9n Rocha Moya, Roy Navarrete Cuevas dirigi\u00f3 unas palabras de reconocimiento Culiac\u00e1n, Sin.- El d\u00eda de hoy 22 de agosto se conmemora el D\u00eda del Bombero en M\u00e9xico, por ello Gobierno del Estado los reconoci\u00f3 por su honorifica labor. El director del Instituto Estatal de Protecci\u00f3n Civil, [&hellip;]\" \/>\n<meta property=\"og:url\" content=\"https:\/\/fuentesfidedignas.com.mx\/index.php\/2023\/08\/22\/de-celebracion-proteccion-civil-sinaloa-reconoce-a-bomberos-hoy-en-su-dia\/\" \/>\n<meta property=\"og:site_name\" content=\"Fuentes Fidedignas\" \/>\n<meta property=\"article:publisher\" content=\"https:\/\/www.facebook.com\/Fuentes-Fidedignas-368234489921644\" \/>\n<meta property=\"article:published_time\" content=\"2023-08-23T01:44:49+00:00\" \/>\n<meta property=\"article:modified_time\" content=\"2023-08-23T01:50:35+00:00\" \/>\n<meta property=\"og:image\" content=\"https:\/\/fuentesfidedignas.com.mx\/wp-content\/uploads\/2023\/08\/BOMBEROS_DIA.jpg\" \/>\n\t<meta property=\"og:image:width\" content=\"1440\" \/>\n\t<meta property=\"og:image:height\" content=\"960\" \/>\n\t<meta property=\"og:image:type\" content=\"image\/jpeg\" \/>\n<meta name=\"author\" content=\"Redacci\u00f3n\" \/>\n<meta name=\"twitter:card\" content=\"summary_large_image\" \/>\n<meta name=\"twitter:creator\" content=\"@fidedignas\" \/>\n<meta name=\"twitter:site\" content=\"@fidedignas\" \/>\n<meta name=\"twitter:label1\" content=\"Escrito por\" \/>\n\t<meta name=\"twitter:data1\" content=\"Redacci\u00f3n\" \/>\n\t<meta name=\"twitter:label2\" content=\"Tiempo de lectura\" \/>\n\t<meta name=\"twitter:data2\" content=\"3 minutos\" \/>\n<script type=\"application\/ld+json\" class=\"yoast-schema-graph\">{\"@context\":\"https:\\\/\\\/schema.org\",\"@graph\":[{\"@type\":\"Article\",\"@id\":\"https:\\\/\\\/fuentesfidedignas.com.mx\\\/index.php\\\/2023\\\/08\\\/22\\\/de-celebracion-proteccion-civil-sinaloa-reconoce-a-bomberos-hoy-en-su-dia\\\/#article\",\"isPartOf\":{\"@id\":\"https:\\\/\\\/fuentesfidedignas.com.mx\\\/index.php\\\/2023\\\/08\\\/22\\\/de-celebracion-proteccion-civil-sinaloa-reconoce-a-bomberos-hoy-en-su-dia\\\/\"},\"author\":{\"name\":\"Redacci\u00f3n\",\"@id\":\"https:\\\/\\\/fuentesfidedignas.com.mx\\\/#\\\/schema\\\/person\\\/331be9283d37198e2acd5750279085b0\"},\"headline\":\"\u00a1De celebraci\u00f3n! Protecci\u00f3n Civil Sinaloa reconoce a Bomberos hoy en su d\u00eda\",\"datePublished\":\"2023-08-23T01:44:49+00:00\",\"dateModified\":\"2023-08-23T01:50:35+00:00\",\"mainEntityOfPage\":{\"@id\":\"https:\\\/\\\/fuentesfidedignas.com.mx\\\/index.php\\\/2023\\\/08\\\/22\\\/de-celebracion-proteccion-civil-sinaloa-reconoce-a-bomberos-hoy-en-su-dia\\\/\"},\"wordCount\":546,\"commentCount\":0,\"publisher\":{\"@id\":\"https:\\\/\\\/fuentesfidedignas.com.mx\\\/#organization\"},\"image\":{\"@id\":\"https:\\\/\\\/fuentesfidedignas.com.mx\\\/index.php\\\/2023\\\/08\\\/22\\\/de-celebracion-proteccion-civil-sinaloa-reconoce-a-bomberos-hoy-en-su-dia\\\/#primaryimage\"},\"thumbnailUrl\":\"https:\\\/\\\/fuentesfidedignas.com.mx\\\/wp-content\\\/uploads\\\/2023\\\/08\\\/BOMBEROS_DIA.jpg\",\"articleSection\":[\"NOTICIAS LOCALES\"],\"inLanguage\":\"es\",\"potentialAction\":[{\"@type\":\"CommentAction\",\"name\":\"Comment\",\"target\":[\"https:\\\/\\\/fuentesfidedignas.com.mx\\\/index.php\\\/2023\\\/08\\\/22\\\/de-celebracion-proteccion-civil-sinaloa-reconoce-a-bomberos-hoy-en-su-dia\\\/#respond\"]}]},{\"@type\":\"WebPage\",\"@id\":\"https:\\\/\\\/fuentesfidedignas.com.mx\\\/index.php\\\/2023\\\/08\\\/22\\\/de-celebracion-proteccion-civil-sinaloa-reconoce-a-bomberos-hoy-en-su-dia\\\/\",\"url\":\"https:\\\/\\\/fuentesfidedignas.com.mx\\\/index.php\\\/2023\\\/08\\\/22\\\/de-celebracion-proteccion-civil-sinaloa-reconoce-a-bomberos-hoy-en-su-dia\\\/\",\"name\":\"\u00a1De celebraci\u00f3n! Protecci\u00f3n Civil Sinaloa reconoce a Bomberos hoy en su d\u00eda - Fuentes Fidedignas\",\"isPartOf\":{\"@id\":\"https:\\\/\\\/fuentesfidedignas.com.mx\\\/#website\"},\"primaryImageOfPage\":{\"@id\":\"https:\\\/\\\/fuentesfidedignas.com.mx\\\/index.php\\\/2023\\\/08\\\/22\\\/de-celebracion-proteccion-civil-sinaloa-reconoce-a-bomberos-hoy-en-su-dia\\\/#primaryimage\"},\"image\":{\"@id\":\"https:\\\/\\\/fuentesfidedignas.com.mx\\\/index.php\\\/2023\\\/08\\\/22\\\/de-celebracion-proteccion-civil-sinaloa-reconoce-a-bomberos-hoy-en-su-dia\\\/#primaryimage\"},\"thumbnailUrl\":\"https:\\\/\\\/fuentesfidedignas.com.mx\\\/wp-content\\\/uploads\\\/2023\\\/08\\\/BOMBEROS_DIA.jpg\",\"datePublished\":\"2023-08-23T01:44:49+00:00\",\"dateModified\":\"2023-08-23T01:50:35+00:00\",\"breadcrumb\":{\"@id\":\"https:\\\/\\\/fuentesfidedignas.com.mx\\\/index.php\\\/2023\\\/08\\\/22\\\/de-celebracion-proteccion-civil-sinaloa-reconoce-a-bomberos-hoy-en-su-dia\\\/#breadcrumb\"},\"inLanguage\":\"es\",\"potentialAction\":[{\"@type\":\"ReadAction\",\"target\":[\"https:\\\/\\\/fuentesfidedignas.com.mx\\\/index.php\\\/2023\\\/08\\\/22\\\/de-celebracion-proteccion-civil-sinaloa-reconoce-a-bomberos-hoy-en-su-dia\\\/\"]}]},{\"@type\":\"ImageObject\",\"inLanguage\":\"es\",\"@id\":\"https:\\\/\\\/fuentesfidedignas.com.mx\\\/index.php\\\/2023\\\/08\\\/22\\\/de-celebracion-proteccion-civil-sinaloa-reconoce-a-bomberos-hoy-en-su-dia\\\/#primaryimage\",\"url\":\"https:\\\/\\\/fuentesfidedignas.com.mx\\\/wp-content\\\/uploads\\\/2023\\\/08\\\/BOMBEROS_DIA.jpg\",\"contentUrl\":\"https:\\\/\\\/fuentesfidedignas.com.mx\\\/wp-content\\\/uploads\\\/2023\\\/08\\\/BOMBEROS_DIA.jpg\",\"width\":1440,\"height\":960},{\"@type\":\"BreadcrumbList\",\"@id\":\"https:\\\/\\\/fuentesfidedignas.com.mx\\\/index.php\\\/2023\\\/08\\\/22\\\/de-celebracion-proteccion-civil-sinaloa-reconoce-a-bomberos-hoy-en-su-dia\\\/#breadcrumb\",\"itemListElement\":[{\"@type\":\"ListItem\",\"position\":1,\"name\":\"Inicio\",\"item\":\"https:\\\/\\\/fuentesfidedignas.com.mx\\\/\"},{\"@type\":\"ListItem\",\"position\":2,\"name\":\"\u00a1De celebraci\u00f3n! Protecci\u00f3n Civil Sinaloa reconoce a Bomberos hoy en su d\u00eda\"}]},{\"@type\":\"WebSite\",\"@id\":\"https:\\\/\\\/fuentesfidedignas.com.mx\\\/#website\",\"url\":\"https:\\\/\\\/fuentesfidedignas.com.mx\\\/\",\"name\":\"Fuentes Fidedignas\",\"description\":\"Otro sitio realizado con WordPress\",\"publisher\":{\"@id\":\"https:\\\/\\\/fuentesfidedignas.com.mx\\\/#organization\"},\"potentialAction\":[{\"@type\":\"SearchAction\",\"target\":{\"@type\":\"EntryPoint\",\"urlTemplate\":\"https:\\\/\\\/fuentesfidedignas.com.mx\\\/?s={search_term_string}\"},\"query-input\":{\"@type\":\"PropertyValueSpecification\",\"valueRequired\":true,\"valueName\":\"search_term_string\"}}],\"inLanguage\":\"es\"},{\"@type\":\"Organization\",\"@id\":\"https:\\\/\\\/fuentesfidedignas.com.mx\\\/#organization\",\"name\":\"Fuentes Fidedignas\",\"url\":\"https:\\\/\\\/fuentesfidedignas.com.mx\\\/\",\"logo\":{\"@type\":\"ImageObject\",\"inLanguage\":\"es\",\"@id\":\"https:\\\/\\\/fuentesfidedignas.com.mx\\\/#\\\/schema\\\/logo\\\/image\\\/\",\"url\":\"https:\\\/\\\/fuentesfidedignas.com.mx\\\/wp-content\\\/uploads\\\/2021\\\/04\\\/logo-retina.png\",\"contentUrl\":\"https:\\\/\\\/fuentesfidedignas.com.mx\\\/wp-content\\\/uploads\\\/2021\\\/04\\\/logo-retina.png\",\"width\":280,\"height\":51,\"caption\":\"Fuentes Fidedignas\"},\"image\":{\"@id\":\"https:\\\/\\\/fuentesfidedignas.com.mx\\\/#\\\/schema\\\/logo\\\/image\\\/\"},\"sameAs\":[\"https:\\\/\\\/www.facebook.com\\\/Fuentes-Fidedignas-368234489921644\",\"https:\\\/\\\/x.com\\\/fidedignas\"]},{\"@type\":\"Person\",\"@id\":\"https:\\\/\\\/fuentesfidedignas.com.mx\\\/#\\\/schema\\\/person\\\/331be9283d37198e2acd5750279085b0\",\"name\":\"Redacci\u00f3n\",\"image\":{\"@type\":\"ImageObject\",\"inLanguage\":\"es\",\"@id\":\"https:\\\/\\\/secure.gravatar.com\\\/avatar\\\/f6d8782c11d12b2d4ad3fbb6931aeab5309937a4d6cd2fc9cfaa28a6396a5aec?s=96&d=mm&r=g\",\"url\":\"https:\\\/\\\/secure.gravatar.com\\\/avatar\\\/f6d8782c11d12b2d4ad3fbb6931aeab5309937a4d6cd2fc9cfaa28a6396a5aec?s=96&d=mm&r=g\",\"contentUrl\":\"https:\\\/\\\/secure.gravatar.com\\\/avatar\\\/f6d8782c11d12b2d4ad3fbb6931aeab5309937a4d6cd2fc9cfaa28a6396a5aec?s=96&d=mm&r=g\",\"caption\":\"Redacci\u00f3n\"},\"url\":\"https:\\\/\\\/fuentesfidedignas.com.mx\\\/index.php\\\/author\\\/redaccion\\\/\"}]}<\/script>\n<!-- \/ Yoast SEO plugin. -->","yoast_head_json":{"title":"\u00a1De celebraci\u00f3n! Protecci\u00f3n Civil Sinaloa reconoce a Bomberos hoy en su d\u00eda - Fuentes Fidedignas","robots":{"index":"index","follow":"follow","max-snippet":"max-snippet:-1","max-image-preview":"max-image-preview:large","max-video-preview":"max-video-preview:-1"},"canonical":"https:\/\/fuentesfidedignas.com.mx\/index.php\/2023\/08\/22\/de-celebracion-proteccion-civil-sinaloa-reconoce-a-bomberos-hoy-en-su-dia\/","og_locale":"es_MX","og_type":"article","og_title":"\u00a1De celebraci\u00f3n! Protecci\u00f3n Civil Sinaloa reconoce a Bomberos hoy en su d\u00eda - Fuentes Fidedignas","og_description":"En representaci\u00f3n del Gobernador del Estado de Sinaloa Rub\u00e9n Rocha Moya, Roy Navarrete Cuevas dirigi\u00f3 unas palabras de reconocimiento Culiac\u00e1n, Sin.- El d\u00eda de hoy 22 de agosto se conmemora el D\u00eda del Bombero en M\u00e9xico, por ello Gobierno del Estado los reconoci\u00f3 por su honorifica labor. El director del Instituto Estatal de Protecci\u00f3n Civil, [&hellip;]","og_url":"https:\/\/fuentesfidedignas.com.mx\/index.php\/2023\/08\/22\/de-celebracion-proteccion-civil-sinaloa-reconoce-a-bomberos-hoy-en-su-dia\/","og_site_name":"Fuentes Fidedignas","article_publisher":"https:\/\/www.facebook.com\/Fuentes-Fidedignas-368234489921644","article_published_time":"2023-08-23T01:44:49+00:00","article_modified_time":"2023-08-23T01:50:35+00:00","og_image":[{"width":1440,"height":960,"url":"https:\/\/fuentesfidedignas.com.mx\/wp-content\/uploads\/2023\/08\/BOMBEROS_DIA.jpg","type":"image\/jpeg"}],"author":"Redacci\u00f3n","twitter_card":"summary_large_image","twitter_creator":"@fidedignas","twitter_site":"@fidedignas","twitter_misc":{"Escrito por":"Redacci\u00f3n","Tiempo de lectura":"3 minutos"},"schema":{"@context":"https:\/\/schema.org","@graph":[{"@type":"Article","@id":"https:\/\/fuentesfidedignas.com.mx\/index.php\/2023\/08\/22\/de-celebracion-proteccion-civil-sinaloa-reconoce-a-bomberos-hoy-en-su-dia\/#article","isPartOf":{"@id":"https:\/\/fuentesfidedignas.com.mx\/index.php\/2023\/08\/22\/de-celebracion-proteccion-civil-sinaloa-reconoce-a-bomberos-hoy-en-su-dia\/"},"author":{"name":"Redacci\u00f3n","@id":"https:\/\/fuentesfidedignas.com.mx\/#\/schema\/person\/331be9283d37198e2acd5750279085b0"},"headline":"\u00a1De celebraci\u00f3n! Protecci\u00f3n Civil Sinaloa reconoce a Bomberos hoy en su d\u00eda","datePublished":"2023-08-23T01:44:49+00:00","dateModified":"2023-08-23T01:50:35+00:00","mainEntityOfPage":{"@id":"https:\/\/fuentesfidedignas.com.mx\/index.php\/2023\/08\/22\/de-celebracion-proteccion-civil-sinaloa-reconoce-a-bomberos-hoy-en-su-dia\/"},"wordCount":546,"commentCount":0,"publisher":{"@id":"https:\/\/fuentesfidedignas.com.mx\/#organization"},"image":{"@id":"https:\/\/fuentesfidedignas.com.mx\/index.php\/2023\/08\/22\/de-celebracion-proteccion-civil-sinaloa-reconoce-a-bomberos-hoy-en-su-dia\/#primaryimage"},"thumbnailUrl":"https:\/\/fuentesfidedignas.com.mx\/wp-content\/uploads\/2023\/08\/BOMBEROS_DIA.jpg","articleSection":["NOTICIAS LOCALES"],"inLanguage":"es","potentialAction":[{"@type":"CommentAction","name":"Comment","target":["https:\/\/fuentesfidedignas.com.mx\/index.php\/2023\/08\/22\/de-celebracion-proteccion-civil-sinaloa-reconoce-a-bomberos-hoy-en-su-dia\/#respond"]}]},{"@type":"WebPage","@id":"https:\/\/fuentesfidedignas.com.mx\/index.php\/2023\/08\/22\/de-celebracion-proteccion-civil-sinaloa-reconoce-a-bomberos-hoy-en-su-dia\/","url":"https:\/\/fuentesfidedignas.com.mx\/index.php\/2023\/08\/22\/de-celebracion-proteccion-civil-sinaloa-reconoce-a-bomberos-hoy-en-su-dia\/","name":"\u00a1De celebraci\u00f3n! Protecci\u00f3n Civil Sinaloa reconoce a Bomberos hoy en su d\u00eda - Fuentes Fidedignas","isPartOf":{"@id":"https:\/\/fuentesfidedignas.com.mx\/#website"},"primaryImageOfPage":{"@id":"https:\/\/fuentesfidedignas.com.mx\/index.php\/2023\/08\/22\/de-celebracion-proteccion-civil-sinaloa-reconoce-a-bomberos-hoy-en-su-dia\/#primaryimage"},"image":{"@id":"https:\/\/fuentesfidedignas.com.mx\/index.php\/2023\/08\/22\/de-celebracion-proteccion-civil-sinaloa-reconoce-a-bomberos-hoy-en-su-dia\/#primaryimage"},"thumbnailUrl":"https:\/\/fuentesfidedignas.com.mx\/wp-content\/uploads\/2023\/08\/BOMBEROS_DIA.jpg","datePublished":"2023-08-23T01:44:49+00:00","dateModified":"2023-08-23T01:50:35+00:00","breadcrumb":{"@id":"https:\/\/fuentesfidedignas.com.mx\/index.php\/2023\/08\/22\/de-celebracion-proteccion-civil-sinaloa-reconoce-a-bomberos-hoy-en-su-dia\/#breadcrumb"},"inLanguage":"es","potentialAction":[{"@type":"ReadAction","target":["https:\/\/fuentesfidedignas.com.mx\/index.php\/2023\/08\/22\/de-celebracion-proteccion-civil-sinaloa-reconoce-a-bomberos-hoy-en-su-dia\/"]}]},{"@type":"ImageObject","inLanguage":"es","@id":"https:\/\/fuentesfidedignas.com.mx\/index.php\/2023\/08\/22\/de-celebracion-proteccion-civil-sinaloa-reconoce-a-bomberos-hoy-en-su-dia\/#primaryimage","url":"https:\/\/fuentesfidedignas.com.mx\/wp-content\/uploads\/2023\/08\/BOMBEROS_DIA.jpg","contentUrl":"https:\/\/fuentesfidedignas.com.mx\/wp-content\/uploads\/2023\/08\/BOMBEROS_DIA.jpg","width":1440,"height":960},{"@type":"BreadcrumbList","@id":"https:\/\/fuentesfidedignas.com.mx\/index.php\/2023\/08\/22\/de-celebracion-proteccion-civil-sinaloa-reconoce-a-bomberos-hoy-en-su-dia\/#breadcrumb","itemListElement":[{"@type":"ListItem","position":1,"name":"Inicio","item":"https:\/\/fuentesfidedignas.com.mx\/"},{"@type":"ListItem","position":2,"name":"\u00a1De celebraci\u00f3n! Protecci\u00f3n Civil Sinaloa reconoce a Bomberos hoy en su d\u00eda"}]},{"@type":"WebSite","@id":"https:\/\/fuentesfidedignas.com.mx\/#website","url":"https:\/\/fuentesfidedignas.com.mx\/","name":"Fuentes Fidedignas","description":"Otro sitio realizado con WordPress","publisher":{"@id":"https:\/\/fuentesfidedignas.com.mx\/#organization"},"potentialAction":[{"@type":"SearchAction","target":{"@type":"EntryPoint","urlTemplate":"https:\/\/fuentesfidedignas.com.mx\/?s={search_term_string}"},"query-input":{"@type":"PropertyValueSpecification","valueRequired":true,"valueName":"search_term_string"}}],"inLanguage":"es"},{"@type":"Organization","@id":"https:\/\/fuentesfidedignas.com.mx\/#organization","name":"Fuentes Fidedignas","url":"https:\/\/fuentesfidedignas.com.mx\/","logo":{"@type":"ImageObject","inLanguage":"es","@id":"https:\/\/fuentesfidedignas.com.mx\/#\/schema\/logo\/image\/","url":"https:\/\/fuentesfidedignas.com.mx\/wp-content\/uploads\/2021\/04\/logo-retina.png","contentUrl":"https:\/\/fuentesfidedignas.com.mx\/wp-content\/uploads\/2021\/04\/logo-retina.png","width":280,"height":51,"caption":"Fuentes Fidedignas"},"image":{"@id":"https:\/\/fuentesfidedignas.com.mx\/#\/schema\/logo\/image\/"},"sameAs":["https:\/\/www.facebook.com\/Fuentes-Fidedignas-368234489921644","https:\/\/x.com\/fidedignas"]},{"@type":"Person","@id":"https:\/\/fuentesfidedignas.com.mx\/#\/schema\/person\/331be9283d37198e2acd5750279085b0","name":"Redacci\u00f3n","image":{"@type":"ImageObject","inLanguage":"es","@id":"https:\/\/secure.gravatar.com\/avatar\/f6d8782c11d12b2d4ad3fbb6931aeab5309937a4d6cd2fc9cfaa28a6396a5aec?s=96&d=mm&r=g","url":"https:\/\/secure.gravatar.com\/avatar\/f6d8782c11d12b2d4ad3fbb6931aeab5309937a4d6cd2fc9cfaa28a6396a5aec?s=96&d=mm&r=g","contentUrl":"https:\/\/secure.gravatar.com\/avatar\/f6d8782c11d12b2d4ad3fbb6931aeab5309937a4d6cd2fc9cfaa28a6396a5aec?s=96&d=mm&r=g","caption":"Redacci\u00f3n"},"url":"https:\/\/fuentesfidedignas.com.mx\/index.php\/author\/redaccion\/"}]}},"_links":{"self":[{"href":"https:\/\/fuentesfidedignas.com.mx\/index.php\/wp-json\/wp\/v2\/posts\/56315","targetHints":{"allow":["GET"]}}],"collection":[{"href":"https:\/\/fuentesfidedignas.com.mx\/index.php\/wp-json\/wp\/v2\/posts"}],"about":[{"href":"https:\/\/fuentesfidedignas.com.mx\/index.php\/wp-json\/wp\/v2\/types\/post"}],"author":[{"embeddable":true,"href":"https:\/\/fuentesfidedignas.com.mx\/index.php\/wp-json\/wp\/v2\/users\/4"}],"replies":[{"embeddable":true,"href":"https:\/\/fuentesfidedignas.com.mx\/index.php\/wp-json\/wp\/v2\/comments?post=56315"}],"version-history":[{"count":2,"href":"https:\/\/fuentesfidedignas.com.mx\/index.php\/wp-json\/wp\/v2\/posts\/56315\/revisions"}],"predecessor-version":[{"id":56318,"href":"https:\/\/fuentesfidedignas.com.mx\/index.php\/wp-json\/wp\/v2\/posts\/56315\/revisions\/56318"}],"wp:featuredmedia":[{"embeddable":true,"href":"https:\/\/fuentesfidedignas.com.mx\/index.php\/wp-json\/wp\/v2\/media\/56316"}],"wp:attachment":[{"href":"https:\/\/fuentesfidedignas.com.mx\/index.php\/wp-json\/wp\/v2\/media?parent=56315"}],"wp:term":[{"taxonomy":"category","embeddable":true,"href":"https:\/\/fuentesfidedignas.com.mx\/index.php\/wp-json\/wp\/v2\/categories?post=56315"},{"taxonomy":"post_tag","embeddable":true,"href":"https:\/\/fuentesfidedignas.com.mx\/index.php\/wp-json\/wp\/v2\/tags?post=56315"}],"curies":[{"name":"wp","href":"https:\/\/api.w.org\/{rel}","templated":true}]}}