{"id":56251,"date":"2023-08-22T12:18:46","date_gmt":"2023-08-22T19:18:46","guid":{"rendered":"https:\/\/fuentesfidedignas.com.mx\/?p=56251"},"modified":"2023-08-22T13:12:43","modified_gmt":"2023-08-22T20:12:43","slug":"reportan-desaparicion-de-integrante-de-grupo-palomo","status":"publish","type":"post","link":"https:\/\/fuentesfidedignas.com.mx\/index.php\/2023\/08\/22\/reportan-desaparicion-de-integrante-de-grupo-palomo\/","title":{"rendered":"Reportan desaparici\u00f3n de integrante de Grupo Palomo"},"content":{"rendered":"\n<p><br><strong><em>La esposa del m\u00fasico coloc\u00f3 en redes sociales que no se trataba de ninguna broma<\/em><\/strong><\/p>\n\n\n\n<p>Veracruz. <strong>Rogelio Montes Y\u00e1\u00f1ez,<\/strong>\u00a0integrante de Grupo Palomo Oficial,\u00a0<strong>desapareci\u00f3 en Veracruz\u00a0<\/strong>el pasado 19 de agosto. Esto sucedi\u00f3 pocos d\u00edas despu\u00e9s de presentarse en la Expo Feria Tuxpan 2023.<\/p>\n\n\n\n<p>A trav\u00e9s de la cuenta oficial de&nbsp;<em>Facebook&nbsp;<\/em>de la agrupaci\u00f3n, se comparti\u00f3 -hace unas horas- la ficha de b\u00fasqueda emitida por la Comisi\u00f3n Estatal B\u00fasqueda de Veracruz.<\/p>\n\n\n\n<p><strong>\u201cAy\u00fadenos a localizarlo<\/strong>\u201d, puede leerse en la descripci\u00f3n de la publicaci\u00f3n.<\/p>\n\n\n\n<p>Las autoridades se\u00f1alaron que el lugar de desaparici\u00f3n fue en Tuxpan, Veracruz, y se describi\u00f3 f\u00edsicamente al hombre de&nbsp;<strong>45 a\u00f1os&nbsp;<\/strong>con una estatura de 1.75 metros, color de ojos caf\u00e9 oscuro, piel morena cara, cabello entre cano, largo y crespo.<img decoding=\"async\" src=\"\"><img decoding=\"async\" alt=\"Rogelio Montes de Grupo Palomo Oficial est\u00e1 desaparecido (Comisi\u00f3n Estatal de B\u00fasqueda)\" src=\"https:\/\/www-infobae-com.cdn.ampproject.org\/ii\/F2\/s\/www.infobae.com\/new-resizer\/qYNlh9GEPxfsSZnfW9CJczPZvzM=\/arc-anglerfish-arc2-prod-infobae\/public\/WVH2OQNQAFDOHED57LW7MRQ63Q.jpg\">Rogelio Montes de Grupo Palomo Oficial est\u00e1 desaparecido (Comisi\u00f3n Estatal de B\u00fasqueda)<\/p>\n\n\n\n<p>Respecto a las se\u00f1as particulares de Rogelio se esclareci\u00f3 que tiene tatuajes en la manzana del cuello, detr\u00e1s de ambas orejas y en todo el brazo derecho. Tambi\u00e9n cuent<strong>a con una cicatriz en el brazo izquierdo\u00a0<\/strong>entre el codo y la mu\u00f1eca en forma de mancha. Tiene la nariz fracturada y expansiones en ambas orejas.<\/p>\n\n\n\n<h2 class=\"wp-block-heading\">Esposa de Rogelio pide ayuda para localizar a su pareja<\/h2>\n\n\n\n<p>En&nbsp;<em>Facebook<\/em>, Abigail Abrego, quien se identific\u00f3 como la supuesta esposa del integrante de la banda, explic\u00f3 lanz\u00f3 un mensaje al p\u00fablico.<\/p>\n\n\n\n<p>\u201cNo es ninguna broma!, Soy Abigail Abrego esposa de Rogelio<strong>&nbsp;mi esposo est\u00e1 desaparecido desde el s\u00e1bado.&nbsp;<\/strong>No jugar\u00eda con la vida de mi esposo.&nbsp;<strong>Mi beb\u00e9 y yo lo estamos esperando<\/strong>&nbsp;(&#8230;) les pido de su apoyo para poder localizar a mi esposo. Les pido que me ayuden a difundir la foto, la ultima vez le fue visto en Tuxpan Veracruz. Cualquier informaci\u00f3n pueden enviarme mensaje o llamarme o bien a los n\u00fameros que aparecen en la imagen\u201d, coloc\u00f3.<img decoding=\"async\" src=\"\"><img decoding=\"async\" alt=\"Rogelio Montes grupo palomo oficial (Facebook\/Captura de pantalla)\" srcset=\"https:\/\/www-infobae-com.cdn.ampproject.org\/ii\/w470\/s\/www.infobae.com\/new-resizer\/Iz9GuZgZepmEs0BnRW3hQEpdUOg=\/arc-anglerfish-arc2-prod-infobae\/public\/Q2FSGWNS2NFHLKTXNFMOMQWFDQ.jpg 470w, https:\/\/www-infobae-com.cdn.ampproject.org\/ii\/w820\/s\/www.infobae.com\/new-resizer\/Iz9GuZgZepmEs0BnRW3hQEpdUOg=\/arc-anglerfish-arc2-prod-infobae\/public\/Q2FSGWNS2NFHLKTXNFMOMQWFDQ.jpg 820w\" src=\"https:\/\/www-infobae-com.cdn.ampproject.org\/ii\/F2\/s\/www.infobae.com\/new-resizer\/Iz9GuZgZepmEs0BnRW3hQEpdUOg=\/arc-anglerfish-arc2-prod-infobae\/public\/Q2FSGWNS2NFHLKTXNFMOMQWFDQ.jpg\">Rogelio Montes grupo palomo oficial (Facebook\/Captura de pantalla)<\/p>\n\n\n\n<p>Cabe se\u00f1alar que, hasta el t\u00e9rmino de esta nota, las autoridades de Veracruz no han dado nuevas noticias sobre el posible paradero del famoso.<\/p>\n","protected":false},"excerpt":{"rendered":"<p>La esposa del m\u00fasico coloc\u00f3 en redes sociales que no se trataba de ninguna broma Veracruz. Rogelio Montes Y\u00e1\u00f1ez,\u00a0integrante de Grupo Palomo Oficial,\u00a0desapareci\u00f3 en Veracruz\u00a0el pasado 19 de agosto. Esto sucedi\u00f3 pocos d\u00edas despu\u00e9s de presentarse en la Expo Feria Tuxpan 2023. A trav\u00e9s de la cuenta oficial de&nbsp;Facebook&nbsp;de la agrupaci\u00f3n, se comparti\u00f3 -hace unas [&hellip;]<\/p>\n","protected":false},"author":41,"featured_media":56253,"comment_status":"open","ping_status":"open","sticky":false,"template":"","format":"standard","meta":{"tdm_status":"","tdm_grid_status":"","footnotes":""},"categories":[39],"tags":[],"class_list":{"0":"post-56251","1":"post","2":"type-post","3":"status-publish","4":"format-standard","5":"has-post-thumbnail","7":"category-noticias-nacionales"},"yoast_head":"<!-- This site is optimized with the Yoast SEO plugin v27.4 - https:\/\/yoast.com\/product\/yoast-seo-wordpress\/ -->\n<title>Reportan desaparici\u00f3n de integrante de Grupo Palomo - Fuentes Fidedignas<\/title>\n<meta name=\"robots\" content=\"index, follow, max-snippet:-1, max-image-preview:large, max-video-preview:-1\" \/>\n<link rel=\"canonical\" href=\"https:\/\/fuentesfidedignas.com.mx\/index.php\/2023\/08\/22\/reportan-desaparicion-de-integrante-de-grupo-palomo\/\" \/>\n<meta property=\"og:locale\" content=\"es_MX\" \/>\n<meta property=\"og:type\" content=\"article\" \/>\n<meta property=\"og:title\" content=\"Reportan desaparici\u00f3n de integrante de Grupo Palomo - Fuentes Fidedignas\" \/>\n<meta property=\"og:description\" content=\"La esposa del m\u00fasico coloc\u00f3 en redes sociales que no se trataba de ninguna broma Veracruz. Rogelio Montes Y\u00e1\u00f1ez,\u00a0integrante de Grupo Palomo Oficial,\u00a0desapareci\u00f3 en Veracruz\u00a0el pasado 19 de agosto. Esto sucedi\u00f3 pocos d\u00edas despu\u00e9s de presentarse en la Expo Feria Tuxpan 2023. A trav\u00e9s de la cuenta oficial de&nbsp;Facebook&nbsp;de la agrupaci\u00f3n, se comparti\u00f3 -hace unas [&hellip;]\" \/>\n<meta property=\"og:url\" content=\"https:\/\/fuentesfidedignas.com.mx\/index.php\/2023\/08\/22\/reportan-desaparicion-de-integrante-de-grupo-palomo\/\" \/>\n<meta property=\"og:site_name\" content=\"Fuentes Fidedignas\" \/>\n<meta property=\"article:publisher\" content=\"https:\/\/www.facebook.com\/Fuentes-Fidedignas-368234489921644\" \/>\n<meta property=\"article:published_time\" content=\"2023-08-22T19:18:46+00:00\" \/>\n<meta property=\"article:modified_time\" content=\"2023-08-22T20:12:43+00:00\" \/>\n<meta property=\"og:image\" content=\"https:\/\/fuentesfidedignas.com.mx\/wp-content\/uploads\/2023\/08\/TDH72A542BAMBNPQ5ZIWNQWA2A.jpg\" \/>\n\t<meta property=\"og:image:width\" content=\"1920\" \/>\n\t<meta property=\"og:image:height\" content=\"1079\" \/>\n\t<meta property=\"og:image:type\" content=\"image\/jpeg\" \/>\n<meta name=\"author\" content=\"Infobae\" \/>\n<meta name=\"twitter:card\" content=\"summary_large_image\" \/>\n<meta name=\"twitter:creator\" content=\"@fidedignas\" \/>\n<meta name=\"twitter:site\" content=\"@fidedignas\" \/>\n<meta name=\"twitter:label1\" content=\"Escrito por\" \/>\n\t<meta name=\"twitter:data1\" content=\"Infobae\" \/>\n\t<meta name=\"twitter:label2\" content=\"Tiempo de lectura\" \/>\n\t<meta name=\"twitter:data2\" content=\"3 minutos\" \/>\n<script type=\"application\/ld+json\" class=\"yoast-schema-graph\">{\"@context\":\"https:\\\/\\\/schema.org\",\"@graph\":[{\"@type\":\"Article\",\"@id\":\"https:\\\/\\\/fuentesfidedignas.com.mx\\\/index.php\\\/2023\\\/08\\\/22\\\/reportan-desaparicion-de-integrante-de-grupo-palomo\\\/#article\",\"isPartOf\":{\"@id\":\"https:\\\/\\\/fuentesfidedignas.com.mx\\\/index.php\\\/2023\\\/08\\\/22\\\/reportan-desaparicion-de-integrante-de-grupo-palomo\\\/\"},\"author\":{\"name\":\"Infobae\",\"@id\":\"https:\\\/\\\/fuentesfidedignas.com.mx\\\/#\\\/schema\\\/person\\\/8575896a7c1067d352f6c1cd6582c389\"},\"headline\":\"Reportan desaparici\u00f3n de integrante de Grupo Palomo\",\"datePublished\":\"2023-08-22T19:18:46+00:00\",\"dateModified\":\"2023-08-22T20:12:43+00:00\",\"mainEntityOfPage\":{\"@id\":\"https:\\\/\\\/fuentesfidedignas.com.mx\\\/index.php\\\/2023\\\/08\\\/22\\\/reportan-desaparicion-de-integrante-de-grupo-palomo\\\/\"},\"wordCount\":378,\"commentCount\":0,\"publisher\":{\"@id\":\"https:\\\/\\\/fuentesfidedignas.com.mx\\\/#organization\"},\"image\":{\"@id\":\"https:\\\/\\\/fuentesfidedignas.com.mx\\\/index.php\\\/2023\\\/08\\\/22\\\/reportan-desaparicion-de-integrante-de-grupo-palomo\\\/#primaryimage\"},\"thumbnailUrl\":\"https:\\\/\\\/fuentesfidedignas.com.mx\\\/wp-content\\\/uploads\\\/2023\\\/08\\\/TDH72A542BAMBNPQ5ZIWNQWA2A.jpg\",\"articleSection\":[\"NOTICIAS NACIONALES\"],\"inLanguage\":\"es\",\"potentialAction\":[{\"@type\":\"CommentAction\",\"name\":\"Comment\",\"target\":[\"https:\\\/\\\/fuentesfidedignas.com.mx\\\/index.php\\\/2023\\\/08\\\/22\\\/reportan-desaparicion-de-integrante-de-grupo-palomo\\\/#respond\"]}]},{\"@type\":\"WebPage\",\"@id\":\"https:\\\/\\\/fuentesfidedignas.com.mx\\\/index.php\\\/2023\\\/08\\\/22\\\/reportan-desaparicion-de-integrante-de-grupo-palomo\\\/\",\"url\":\"https:\\\/\\\/fuentesfidedignas.com.mx\\\/index.php\\\/2023\\\/08\\\/22\\\/reportan-desaparicion-de-integrante-de-grupo-palomo\\\/\",\"name\":\"Reportan desaparici\u00f3n de integrante de Grupo Palomo - Fuentes Fidedignas\",\"isPartOf\":{\"@id\":\"https:\\\/\\\/fuentesfidedignas.com.mx\\\/#website\"},\"primaryImageOfPage\":{\"@id\":\"https:\\\/\\\/fuentesfidedignas.com.mx\\\/index.php\\\/2023\\\/08\\\/22\\\/reportan-desaparicion-de-integrante-de-grupo-palomo\\\/#primaryimage\"},\"image\":{\"@id\":\"https:\\\/\\\/fuentesfidedignas.com.mx\\\/index.php\\\/2023\\\/08\\\/22\\\/reportan-desaparicion-de-integrante-de-grupo-palomo\\\/#primaryimage\"},\"thumbnailUrl\":\"https:\\\/\\\/fuentesfidedignas.com.mx\\\/wp-content\\\/uploads\\\/2023\\\/08\\\/TDH72A542BAMBNPQ5ZIWNQWA2A.jpg\",\"datePublished\":\"2023-08-22T19:18:46+00:00\",\"dateModified\":\"2023-08-22T20:12:43+00:00\",\"breadcrumb\":{\"@id\":\"https:\\\/\\\/fuentesfidedignas.com.mx\\\/index.php\\\/2023\\\/08\\\/22\\\/reportan-desaparicion-de-integrante-de-grupo-palomo\\\/#breadcrumb\"},\"inLanguage\":\"es\",\"potentialAction\":[{\"@type\":\"ReadAction\",\"target\":[\"https:\\\/\\\/fuentesfidedignas.com.mx\\\/index.php\\\/2023\\\/08\\\/22\\\/reportan-desaparicion-de-integrante-de-grupo-palomo\\\/\"]}]},{\"@type\":\"ImageObject\",\"inLanguage\":\"es\",\"@id\":\"https:\\\/\\\/fuentesfidedignas.com.mx\\\/index.php\\\/2023\\\/08\\\/22\\\/reportan-desaparicion-de-integrante-de-grupo-palomo\\\/#primaryimage\",\"url\":\"https:\\\/\\\/fuentesfidedignas.com.mx\\\/wp-content\\\/uploads\\\/2023\\\/08\\\/TDH72A542BAMBNPQ5ZIWNQWA2A.jpg\",\"contentUrl\":\"https:\\\/\\\/fuentesfidedignas.com.mx\\\/wp-content\\\/uploads\\\/2023\\\/08\\\/TDH72A542BAMBNPQ5ZIWNQWA2A.jpg\",\"width\":1920,\"height\":1079},{\"@type\":\"BreadcrumbList\",\"@id\":\"https:\\\/\\\/fuentesfidedignas.com.mx\\\/index.php\\\/2023\\\/08\\\/22\\\/reportan-desaparicion-de-integrante-de-grupo-palomo\\\/#breadcrumb\",\"itemListElement\":[{\"@type\":\"ListItem\",\"position\":1,\"name\":\"Inicio\",\"item\":\"https:\\\/\\\/fuentesfidedignas.com.mx\\\/\"},{\"@type\":\"ListItem\",\"position\":2,\"name\":\"Reportan desaparici\u00f3n de integrante de Grupo Palomo\"}]},{\"@type\":\"WebSite\",\"@id\":\"https:\\\/\\\/fuentesfidedignas.com.mx\\\/#website\",\"url\":\"https:\\\/\\\/fuentesfidedignas.com.mx\\\/\",\"name\":\"Fuentes Fidedignas\",\"description\":\"Otro sitio realizado con WordPress\",\"publisher\":{\"@id\":\"https:\\\/\\\/fuentesfidedignas.com.mx\\\/#organization\"},\"potentialAction\":[{\"@type\":\"SearchAction\",\"target\":{\"@type\":\"EntryPoint\",\"urlTemplate\":\"https:\\\/\\\/fuentesfidedignas.com.mx\\\/?s={search_term_string}\"},\"query-input\":{\"@type\":\"PropertyValueSpecification\",\"valueRequired\":true,\"valueName\":\"search_term_string\"}}],\"inLanguage\":\"es\"},{\"@type\":\"Organization\",\"@id\":\"https:\\\/\\\/fuentesfidedignas.com.mx\\\/#organization\",\"name\":\"Fuentes Fidedignas\",\"url\":\"https:\\\/\\\/fuentesfidedignas.com.mx\\\/\",\"logo\":{\"@type\":\"ImageObject\",\"inLanguage\":\"es\",\"@id\":\"https:\\\/\\\/fuentesfidedignas.com.mx\\\/#\\\/schema\\\/logo\\\/image\\\/\",\"url\":\"https:\\\/\\\/fuentesfidedignas.com.mx\\\/wp-content\\\/uploads\\\/2021\\\/04\\\/logo-retina.png\",\"contentUrl\":\"https:\\\/\\\/fuentesfidedignas.com.mx\\\/wp-content\\\/uploads\\\/2021\\\/04\\\/logo-retina.png\",\"width\":280,\"height\":51,\"caption\":\"Fuentes Fidedignas\"},\"image\":{\"@id\":\"https:\\\/\\\/fuentesfidedignas.com.mx\\\/#\\\/schema\\\/logo\\\/image\\\/\"},\"sameAs\":[\"https:\\\/\\\/www.facebook.com\\\/Fuentes-Fidedignas-368234489921644\",\"https:\\\/\\\/x.com\\\/fidedignas\"]},{\"@type\":\"Person\",\"@id\":\"https:\\\/\\\/fuentesfidedignas.com.mx\\\/#\\\/schema\\\/person\\\/8575896a7c1067d352f6c1cd6582c389\",\"name\":\"Infobae\",\"image\":{\"@type\":\"ImageObject\",\"inLanguage\":\"es\",\"@id\":\"https:\\\/\\\/secure.gravatar.com\\\/avatar\\\/e4ec95706f8d1670343f6526fdcec45474bab17475a851434a64ca12b5acba1c?s=96&d=mm&r=g\",\"url\":\"https:\\\/\\\/secure.gravatar.com\\\/avatar\\\/e4ec95706f8d1670343f6526fdcec45474bab17475a851434a64ca12b5acba1c?s=96&d=mm&r=g\",\"contentUrl\":\"https:\\\/\\\/secure.gravatar.com\\\/avatar\\\/e4ec95706f8d1670343f6526fdcec45474bab17475a851434a64ca12b5acba1c?s=96&d=mm&r=g\",\"caption\":\"Infobae\"},\"url\":\"https:\\\/\\\/fuentesfidedignas.com.mx\\\/index.php\\\/author\\\/infobae\\\/\"}]}<\/script>\n<!-- \/ Yoast SEO plugin. -->","yoast_head_json":{"title":"Reportan desaparici\u00f3n de integrante de Grupo Palomo - Fuentes Fidedignas","robots":{"index":"index","follow":"follow","max-snippet":"max-snippet:-1","max-image-preview":"max-image-preview:large","max-video-preview":"max-video-preview:-1"},"canonical":"https:\/\/fuentesfidedignas.com.mx\/index.php\/2023\/08\/22\/reportan-desaparicion-de-integrante-de-grupo-palomo\/","og_locale":"es_MX","og_type":"article","og_title":"Reportan desaparici\u00f3n de integrante de Grupo Palomo - Fuentes Fidedignas","og_description":"La esposa del m\u00fasico coloc\u00f3 en redes sociales que no se trataba de ninguna broma Veracruz. Rogelio Montes Y\u00e1\u00f1ez,\u00a0integrante de Grupo Palomo Oficial,\u00a0desapareci\u00f3 en Veracruz\u00a0el pasado 19 de agosto. Esto sucedi\u00f3 pocos d\u00edas despu\u00e9s de presentarse en la Expo Feria Tuxpan 2023. A trav\u00e9s de la cuenta oficial de&nbsp;Facebook&nbsp;de la agrupaci\u00f3n, se comparti\u00f3 -hace unas [&hellip;]","og_url":"https:\/\/fuentesfidedignas.com.mx\/index.php\/2023\/08\/22\/reportan-desaparicion-de-integrante-de-grupo-palomo\/","og_site_name":"Fuentes Fidedignas","article_publisher":"https:\/\/www.facebook.com\/Fuentes-Fidedignas-368234489921644","article_published_time":"2023-08-22T19:18:46+00:00","article_modified_time":"2023-08-22T20:12:43+00:00","og_image":[{"width":1920,"height":1079,"url":"https:\/\/fuentesfidedignas.com.mx\/wp-content\/uploads\/2023\/08\/TDH72A542BAMBNPQ5ZIWNQWA2A.jpg","type":"image\/jpeg"}],"author":"Infobae","twitter_card":"summary_large_image","twitter_creator":"@fidedignas","twitter_site":"@fidedignas","twitter_misc":{"Escrito por":"Infobae","Tiempo de lectura":"3 minutos"},"schema":{"@context":"https:\/\/schema.org","@graph":[{"@type":"Article","@id":"https:\/\/fuentesfidedignas.com.mx\/index.php\/2023\/08\/22\/reportan-desaparicion-de-integrante-de-grupo-palomo\/#article","isPartOf":{"@id":"https:\/\/fuentesfidedignas.com.mx\/index.php\/2023\/08\/22\/reportan-desaparicion-de-integrante-de-grupo-palomo\/"},"author":{"name":"Infobae","@id":"https:\/\/fuentesfidedignas.com.mx\/#\/schema\/person\/8575896a7c1067d352f6c1cd6582c389"},"headline":"Reportan desaparici\u00f3n de integrante de Grupo Palomo","datePublished":"2023-08-22T19:18:46+00:00","dateModified":"2023-08-22T20:12:43+00:00","mainEntityOfPage":{"@id":"https:\/\/fuentesfidedignas.com.mx\/index.php\/2023\/08\/22\/reportan-desaparicion-de-integrante-de-grupo-palomo\/"},"wordCount":378,"commentCount":0,"publisher":{"@id":"https:\/\/fuentesfidedignas.com.mx\/#organization"},"image":{"@id":"https:\/\/fuentesfidedignas.com.mx\/index.php\/2023\/08\/22\/reportan-desaparicion-de-integrante-de-grupo-palomo\/#primaryimage"},"thumbnailUrl":"https:\/\/fuentesfidedignas.com.mx\/wp-content\/uploads\/2023\/08\/TDH72A542BAMBNPQ5ZIWNQWA2A.jpg","articleSection":["NOTICIAS NACIONALES"],"inLanguage":"es","potentialAction":[{"@type":"CommentAction","name":"Comment","target":["https:\/\/fuentesfidedignas.com.mx\/index.php\/2023\/08\/22\/reportan-desaparicion-de-integrante-de-grupo-palomo\/#respond"]}]},{"@type":"WebPage","@id":"https:\/\/fuentesfidedignas.com.mx\/index.php\/2023\/08\/22\/reportan-desaparicion-de-integrante-de-grupo-palomo\/","url":"https:\/\/fuentesfidedignas.com.mx\/index.php\/2023\/08\/22\/reportan-desaparicion-de-integrante-de-grupo-palomo\/","name":"Reportan desaparici\u00f3n de integrante de Grupo Palomo - Fuentes Fidedignas","isPartOf":{"@id":"https:\/\/fuentesfidedignas.com.mx\/#website"},"primaryImageOfPage":{"@id":"https:\/\/fuentesfidedignas.com.mx\/index.php\/2023\/08\/22\/reportan-desaparicion-de-integrante-de-grupo-palomo\/#primaryimage"},"image":{"@id":"https:\/\/fuentesfidedignas.com.mx\/index.php\/2023\/08\/22\/reportan-desaparicion-de-integrante-de-grupo-palomo\/#primaryimage"},"thumbnailUrl":"https:\/\/fuentesfidedignas.com.mx\/wp-content\/uploads\/2023\/08\/TDH72A542BAMBNPQ5ZIWNQWA2A.jpg","datePublished":"2023-08-22T19:18:46+00:00","dateModified":"2023-08-22T20:12:43+00:00","breadcrumb":{"@id":"https:\/\/fuentesfidedignas.com.mx\/index.php\/2023\/08\/22\/reportan-desaparicion-de-integrante-de-grupo-palomo\/#breadcrumb"},"inLanguage":"es","potentialAction":[{"@type":"ReadAction","target":["https:\/\/fuentesfidedignas.com.mx\/index.php\/2023\/08\/22\/reportan-desaparicion-de-integrante-de-grupo-palomo\/"]}]},{"@type":"ImageObject","inLanguage":"es","@id":"https:\/\/fuentesfidedignas.com.mx\/index.php\/2023\/08\/22\/reportan-desaparicion-de-integrante-de-grupo-palomo\/#primaryimage","url":"https:\/\/fuentesfidedignas.com.mx\/wp-content\/uploads\/2023\/08\/TDH72A542BAMBNPQ5ZIWNQWA2A.jpg","contentUrl":"https:\/\/fuentesfidedignas.com.mx\/wp-content\/uploads\/2023\/08\/TDH72A542BAMBNPQ5ZIWNQWA2A.jpg","width":1920,"height":1079},{"@type":"BreadcrumbList","@id":"https:\/\/fuentesfidedignas.com.mx\/index.php\/2023\/08\/22\/reportan-desaparicion-de-integrante-de-grupo-palomo\/#breadcrumb","itemListElement":[{"@type":"ListItem","position":1,"name":"Inicio","item":"https:\/\/fuentesfidedignas.com.mx\/"},{"@type":"ListItem","position":2,"name":"Reportan desaparici\u00f3n de integrante de Grupo Palomo"}]},{"@type":"WebSite","@id":"https:\/\/fuentesfidedignas.com.mx\/#website","url":"https:\/\/fuentesfidedignas.com.mx\/","name":"Fuentes Fidedignas","description":"Otro sitio realizado con WordPress","publisher":{"@id":"https:\/\/fuentesfidedignas.com.mx\/#organization"},"potentialAction":[{"@type":"SearchAction","target":{"@type":"EntryPoint","urlTemplate":"https:\/\/fuentesfidedignas.com.mx\/?s={search_term_string}"},"query-input":{"@type":"PropertyValueSpecification","valueRequired":true,"valueName":"search_term_string"}}],"inLanguage":"es"},{"@type":"Organization","@id":"https:\/\/fuentesfidedignas.com.mx\/#organization","name":"Fuentes Fidedignas","url":"https:\/\/fuentesfidedignas.com.mx\/","logo":{"@type":"ImageObject","inLanguage":"es","@id":"https:\/\/fuentesfidedignas.com.mx\/#\/schema\/logo\/image\/","url":"https:\/\/fuentesfidedignas.com.mx\/wp-content\/uploads\/2021\/04\/logo-retina.png","contentUrl":"https:\/\/fuentesfidedignas.com.mx\/wp-content\/uploads\/2021\/04\/logo-retina.png","width":280,"height":51,"caption":"Fuentes Fidedignas"},"image":{"@id":"https:\/\/fuentesfidedignas.com.mx\/#\/schema\/logo\/image\/"},"sameAs":["https:\/\/www.facebook.com\/Fuentes-Fidedignas-368234489921644","https:\/\/x.com\/fidedignas"]},{"@type":"Person","@id":"https:\/\/fuentesfidedignas.com.mx\/#\/schema\/person\/8575896a7c1067d352f6c1cd6582c389","name":"Infobae","image":{"@type":"ImageObject","inLanguage":"es","@id":"https:\/\/secure.gravatar.com\/avatar\/e4ec95706f8d1670343f6526fdcec45474bab17475a851434a64ca12b5acba1c?s=96&d=mm&r=g","url":"https:\/\/secure.gravatar.com\/avatar\/e4ec95706f8d1670343f6526fdcec45474bab17475a851434a64ca12b5acba1c?s=96&d=mm&r=g","contentUrl":"https:\/\/secure.gravatar.com\/avatar\/e4ec95706f8d1670343f6526fdcec45474bab17475a851434a64ca12b5acba1c?s=96&d=mm&r=g","caption":"Infobae"},"url":"https:\/\/fuentesfidedignas.com.mx\/index.php\/author\/infobae\/"}]}},"_links":{"self":[{"href":"https:\/\/fuentesfidedignas.com.mx\/index.php\/wp-json\/wp\/v2\/posts\/56251","targetHints":{"allow":["GET"]}}],"collection":[{"href":"https:\/\/fuentesfidedignas.com.mx\/index.php\/wp-json\/wp\/v2\/posts"}],"about":[{"href":"https:\/\/fuentesfidedignas.com.mx\/index.php\/wp-json\/wp\/v2\/types\/post"}],"author":[{"embeddable":true,"href":"https:\/\/fuentesfidedignas.com.mx\/index.php\/wp-json\/wp\/v2\/users\/41"}],"replies":[{"embeddable":true,"href":"https:\/\/fuentesfidedignas.com.mx\/index.php\/wp-json\/wp\/v2\/comments?post=56251"}],"version-history":[{"count":1,"href":"https:\/\/fuentesfidedignas.com.mx\/index.php\/wp-json\/wp\/v2\/posts\/56251\/revisions"}],"predecessor-version":[{"id":56252,"href":"https:\/\/fuentesfidedignas.com.mx\/index.php\/wp-json\/wp\/v2\/posts\/56251\/revisions\/56252"}],"wp:featuredmedia":[{"embeddable":true,"href":"https:\/\/fuentesfidedignas.com.mx\/index.php\/wp-json\/wp\/v2\/media\/56253"}],"wp:attachment":[{"href":"https:\/\/fuentesfidedignas.com.mx\/index.php\/wp-json\/wp\/v2\/media?parent=56251"}],"wp:term":[{"taxonomy":"category","embeddable":true,"href":"https:\/\/fuentesfidedignas.com.mx\/index.php\/wp-json\/wp\/v2\/categories?post=56251"},{"taxonomy":"post_tag","embeddable":true,"href":"https:\/\/fuentesfidedignas.com.mx\/index.php\/wp-json\/wp\/v2\/tags?post=56251"}],"curies":[{"name":"wp","href":"https:\/\/api.w.org\/{rel}","templated":true}]}}