{"id":56248,"date":"2023-08-22T13:06:14","date_gmt":"2023-08-22T20:06:14","guid":{"rendered":"https:\/\/fuentesfidedignas.com.mx\/?p=56248"},"modified":"2023-08-22T13:07:01","modified_gmt":"2023-08-22T20:07:01","slug":"discutira-congreso-participacion-politica-indigena-en-periodo-extraordinario-de-sesiones","status":"publish","type":"post","link":"https:\/\/fuentesfidedignas.com.mx\/index.php\/2023\/08\/22\/discutira-congreso-participacion-politica-indigena-en-periodo-extraordinario-de-sesiones\/","title":{"rendered":"Discutir\u00e1 Congreso participaci\u00f3n pol\u00edtica ind\u00edgena en Per\u00edodo Extraordinario de Sesiones"},"content":{"rendered":"\n<p><strong><em>Tambi\u00e9n habr\u00e1 una Sesi\u00f3n Solemne para develar la placa con el nombre de \u201cFelipe Bachomo Aki Cruz\u201d, inscrito en el Muro de Honor del Sal\u00f3n de Sesiones<\/em><\/strong> <\/p>\n\n\n\n<p>Culiac\u00e1n, Sin. La Diputaci\u00f3n Permanente del Congreso del Estado de Sinaloa convoc\u00f3 al Noveno Per\u00edodo Extraordinario de Sesiones para este mi\u00e9rcoles 23 de agosto para discutir diversas iniciativas relativas a representaci\u00f3n ind\u00edgena en ayuntamientos y Poder Legislativo y para inscribir, en Sesi\u00f3n Solemne, el nombre del ind\u00edgena revolucionario Felipe Bachomo en el Muro de Honor.<\/p>\n\n\n\n<p>En la Sesi\u00f3n de este martes 22 de agosto de 2023, se aprob\u00f3 por unanimidad convocar a este Per\u00edodo Extraordinario que durar\u00e1 el tiempo que sea necesario para desahogar los asuntos agendados y los que a juicio de la C\u00e1mara deban tambi\u00e9n resolverse.<\/p>\n\n\n\n<p>El presidente de la Diputaci\u00f3n Permanente, Jos\u00e9 Manuel Luque Rojas, instruy\u00f3 que se comunique el Acuerdo aprobado a diputadas y diputados de la 64 Legislatura, as\u00ed como a los poderes Ejecutivo y Judicial para su conocimiento y efectos correspondientes.<\/p>\n\n\n\n<p>Los asuntos a tratar en este Per\u00edodo Extraordinario son los siguientes:<\/p>\n\n\n\n<p><strong>MI\u00c9RCOLES 23 DE AGOSTO<\/strong><\/p>\n\n\n\n<p>*Primera lectura de dictamen que propone reformar y adicionar diversas disposiciones de la Constituci\u00f3n Pol\u00edtica del Estado de Sinaloa, en materia de representaci\u00f3n ind\u00edgena ante los ayuntamientos del estado.<br>*Segunda lectura de iniciativa de diputadas y diputados de la 64 Legislatura que propone reformar y adicionar el art\u00edculo 26 Bis a la Ley de Gobierno Municipal del Estado de Sinaloa, en materia de representaci\u00f3n ind\u00edgena en los ayuntamientos del estado.<br>*Segunda lectura de iniciativa de diputadas y diputados integrantes del Grupo Parlamentario de Morena, que propone reformar los art\u00edculos 14, 16 y 24, y adicionar un art\u00edculo 9 Bis a la Ley de Instituciones y Procedimientos Electorales del Estado de Sinaloa.<br>*Segunda lectura de iniciativa del Grupo Parlamentario del PAS y de la ciudadana Jes\u00fas Ang\u00e9lica D\u00edaz Qui\u00f1\u00f3nez, que propone expedir la Ley de Justicia Ind\u00edgena del Estado de Sinaloa.<br>*Segunda lectura de iniciativa que propone adicionar diversas disposiciones a la Ley de los Derechos de los Pueblos y Comunidades Ind\u00edgenas para el Estado de Sinaloa.<\/p>\n\n\n\n<p><strong>JUEVES 24 DE AGOSTO<\/strong><\/p>\n\n\n\n<p>*Sesi\u00f3n Solemne para develar la placa con el nombre de \u201cFelipe Bachomo Aki Cruz\u201d, inscrito en el Muro de Honor del Sal\u00f3n de Sesiones del H. Congreso del Estado de Sinaloa, a celebrarse el jueves 24 de agosto de 2023.<\/p>\n\n\n\n<p>En pr\u00f3xima sesi\u00f3n que ser\u00e1 convocada por el presidente de la Mesa Directiva, Ricardo Madrid P\u00e9rez:<\/p>\n\n\n\n<p>*Segunda lectura y discusi\u00f3n de dictamen que propone reformar y adicionar diversas disposiciones de la Constituci\u00f3n Pol\u00edtica del Estado de Sinaloa, en materia de representaci\u00f3n ind\u00edgena ante los ayuntamientos del estado.<br>*Primera y segunda lectura de dictamen que propone reformar y adicionar el art\u00edculo 26 Bis a la Ley de Gobierno Municipal del Estado de Sinaloa, en materia de representaci\u00f3n ind\u00edgena en los ayuntamientos del estado.<br>*Primera y segunda lectura de dictamen que reformar los art\u00edculos 14, 16 y 24, y adicionar un art\u00edculo 9 Bis a la Ley de Instituciones y Procedimientos Electorales del Estado de Sinaloa.<br>*Primera y segunda lectura de dictamen que propone expedir la Ley de Justicia Ind\u00edgena del Estado de Sinaloa.<br>*Primera y segunda lectura de dictamen que propone adicionar diversas disposiciones a la Ley de los Derechos de los Pueblos y Comunidades Ind\u00edgenas para el Estado de Sinaloa.<\/p>\n","protected":false},"excerpt":{"rendered":"<p>Tambi\u00e9n habr\u00e1 una Sesi\u00f3n Solemne para develar la placa con el nombre de \u201cFelipe Bachomo Aki Cruz\u201d, inscrito en el Muro de Honor del Sal\u00f3n de Sesiones Culiac\u00e1n, Sin. La Diputaci\u00f3n Permanente del Congreso del Estado de Sinaloa convoc\u00f3 al Noveno Per\u00edodo Extraordinario de Sesiones para este mi\u00e9rcoles 23 de agosto para discutir diversas iniciativas [&hellip;]<\/p>\n","protected":false},"author":4,"featured_media":56250,"comment_status":"open","ping_status":"open","sticky":false,"template":"","format":"standard","meta":{"tdm_status":"","tdm_grid_status":"","footnotes":""},"categories":[38,1],"tags":[],"class_list":{"0":"post-56248","1":"post","2":"type-post","3":"status-publish","4":"format-standard","5":"has-post-thumbnail","7":"category-noticias-locales","8":"category-sin-categoria"},"yoast_head":"<!-- This site is optimized with the Yoast SEO plugin v27.5 - https:\/\/yoast.com\/product\/yoast-seo-wordpress\/ -->\n<title>Discutir\u00e1 Congreso participaci\u00f3n pol\u00edtica ind\u00edgena en Per\u00edodo Extraordinario de Sesiones - Fuentes Fidedignas<\/title>\n<meta name=\"robots\" content=\"index, follow, max-snippet:-1, max-image-preview:large, max-video-preview:-1\" \/>\n<link rel=\"canonical\" href=\"https:\/\/fuentesfidedignas.com.mx\/index.php\/2023\/08\/22\/discutira-congreso-participacion-politica-indigena-en-periodo-extraordinario-de-sesiones\/\" \/>\n<meta property=\"og:locale\" content=\"es_MX\" \/>\n<meta property=\"og:type\" content=\"article\" \/>\n<meta property=\"og:title\" content=\"Discutir\u00e1 Congreso participaci\u00f3n pol\u00edtica ind\u00edgena en Per\u00edodo Extraordinario de Sesiones - Fuentes Fidedignas\" \/>\n<meta property=\"og:description\" content=\"Tambi\u00e9n habr\u00e1 una Sesi\u00f3n Solemne para develar la placa con el nombre de \u201cFelipe Bachomo Aki Cruz\u201d, inscrito en el Muro de Honor del Sal\u00f3n de Sesiones Culiac\u00e1n, Sin. La Diputaci\u00f3n Permanente del Congreso del Estado de Sinaloa convoc\u00f3 al Noveno Per\u00edodo Extraordinario de Sesiones para este mi\u00e9rcoles 23 de agosto para discutir diversas iniciativas [&hellip;]\" \/>\n<meta property=\"og:url\" content=\"https:\/\/fuentesfidedignas.com.mx\/index.php\/2023\/08\/22\/discutira-congreso-participacion-politica-indigena-en-periodo-extraordinario-de-sesiones\/\" \/>\n<meta property=\"og:site_name\" content=\"Fuentes Fidedignas\" \/>\n<meta property=\"article:publisher\" content=\"https:\/\/www.facebook.com\/Fuentes-Fidedignas-368234489921644\" \/>\n<meta property=\"article:published_time\" content=\"2023-08-22T20:06:14+00:00\" \/>\n<meta property=\"article:modified_time\" content=\"2023-08-22T20:07:01+00:00\" \/>\n<meta property=\"og:image\" content=\"https:\/\/fuentesfidedignas.com.mx\/wp-content\/uploads\/2023\/08\/20230822_111721-scaled.jpg\" \/>\n\t<meta property=\"og:image:width\" content=\"2560\" \/>\n\t<meta property=\"og:image:height\" content=\"1442\" \/>\n\t<meta property=\"og:image:type\" content=\"image\/jpeg\" \/>\n<meta name=\"author\" content=\"Redacci\u00f3n\" \/>\n<meta name=\"twitter:card\" content=\"summary_large_image\" \/>\n<meta name=\"twitter:creator\" content=\"@fidedignas\" \/>\n<meta name=\"twitter:site\" content=\"@fidedignas\" \/>\n<meta name=\"twitter:label1\" content=\"Escrito por\" \/>\n\t<meta name=\"twitter:data1\" content=\"Redacci\u00f3n\" \/>\n\t<meta name=\"twitter:label2\" content=\"Tiempo de lectura\" \/>\n\t<meta name=\"twitter:data2\" content=\"3 minutos\" \/>\n<script type=\"application\/ld+json\" class=\"yoast-schema-graph\">{\"@context\":\"https:\\\/\\\/schema.org\",\"@graph\":[{\"@type\":\"Article\",\"@id\":\"https:\\\/\\\/fuentesfidedignas.com.mx\\\/index.php\\\/2023\\\/08\\\/22\\\/discutira-congreso-participacion-politica-indigena-en-periodo-extraordinario-de-sesiones\\\/#article\",\"isPartOf\":{\"@id\":\"https:\\\/\\\/fuentesfidedignas.com.mx\\\/index.php\\\/2023\\\/08\\\/22\\\/discutira-congreso-participacion-politica-indigena-en-periodo-extraordinario-de-sesiones\\\/\"},\"author\":{\"name\":\"Redacci\u00f3n\",\"@id\":\"https:\\\/\\\/fuentesfidedignas.com.mx\\\/#\\\/schema\\\/person\\\/331be9283d37198e2acd5750279085b0\"},\"headline\":\"Discutir\u00e1 Congreso participaci\u00f3n pol\u00edtica ind\u00edgena en Per\u00edodo Extraordinario de Sesiones\",\"datePublished\":\"2023-08-22T20:06:14+00:00\",\"dateModified\":\"2023-08-22T20:07:01+00:00\",\"mainEntityOfPage\":{\"@id\":\"https:\\\/\\\/fuentesfidedignas.com.mx\\\/index.php\\\/2023\\\/08\\\/22\\\/discutira-congreso-participacion-politica-indigena-en-periodo-extraordinario-de-sesiones\\\/\"},\"wordCount\":594,\"commentCount\":0,\"publisher\":{\"@id\":\"https:\\\/\\\/fuentesfidedignas.com.mx\\\/#organization\"},\"image\":{\"@id\":\"https:\\\/\\\/fuentesfidedignas.com.mx\\\/index.php\\\/2023\\\/08\\\/22\\\/discutira-congreso-participacion-politica-indigena-en-periodo-extraordinario-de-sesiones\\\/#primaryimage\"},\"thumbnailUrl\":\"https:\\\/\\\/fuentesfidedignas.com.mx\\\/wp-content\\\/uploads\\\/2023\\\/08\\\/20230822_111721-scaled.jpg\",\"articleSection\":[\"NOTICIAS LOCALES\"],\"inLanguage\":\"es\",\"potentialAction\":[{\"@type\":\"CommentAction\",\"name\":\"Comment\",\"target\":[\"https:\\\/\\\/fuentesfidedignas.com.mx\\\/index.php\\\/2023\\\/08\\\/22\\\/discutira-congreso-participacion-politica-indigena-en-periodo-extraordinario-de-sesiones\\\/#respond\"]}]},{\"@type\":\"WebPage\",\"@id\":\"https:\\\/\\\/fuentesfidedignas.com.mx\\\/index.php\\\/2023\\\/08\\\/22\\\/discutira-congreso-participacion-politica-indigena-en-periodo-extraordinario-de-sesiones\\\/\",\"url\":\"https:\\\/\\\/fuentesfidedignas.com.mx\\\/index.php\\\/2023\\\/08\\\/22\\\/discutira-congreso-participacion-politica-indigena-en-periodo-extraordinario-de-sesiones\\\/\",\"name\":\"Discutir\u00e1 Congreso participaci\u00f3n pol\u00edtica ind\u00edgena en Per\u00edodo Extraordinario de Sesiones - Fuentes Fidedignas\",\"isPartOf\":{\"@id\":\"https:\\\/\\\/fuentesfidedignas.com.mx\\\/#website\"},\"primaryImageOfPage\":{\"@id\":\"https:\\\/\\\/fuentesfidedignas.com.mx\\\/index.php\\\/2023\\\/08\\\/22\\\/discutira-congreso-participacion-politica-indigena-en-periodo-extraordinario-de-sesiones\\\/#primaryimage\"},\"image\":{\"@id\":\"https:\\\/\\\/fuentesfidedignas.com.mx\\\/index.php\\\/2023\\\/08\\\/22\\\/discutira-congreso-participacion-politica-indigena-en-periodo-extraordinario-de-sesiones\\\/#primaryimage\"},\"thumbnailUrl\":\"https:\\\/\\\/fuentesfidedignas.com.mx\\\/wp-content\\\/uploads\\\/2023\\\/08\\\/20230822_111721-scaled.jpg\",\"datePublished\":\"2023-08-22T20:06:14+00:00\",\"dateModified\":\"2023-08-22T20:07:01+00:00\",\"breadcrumb\":{\"@id\":\"https:\\\/\\\/fuentesfidedignas.com.mx\\\/index.php\\\/2023\\\/08\\\/22\\\/discutira-congreso-participacion-politica-indigena-en-periodo-extraordinario-de-sesiones\\\/#breadcrumb\"},\"inLanguage\":\"es\",\"potentialAction\":[{\"@type\":\"ReadAction\",\"target\":[\"https:\\\/\\\/fuentesfidedignas.com.mx\\\/index.php\\\/2023\\\/08\\\/22\\\/discutira-congreso-participacion-politica-indigena-en-periodo-extraordinario-de-sesiones\\\/\"]}]},{\"@type\":\"ImageObject\",\"inLanguage\":\"es\",\"@id\":\"https:\\\/\\\/fuentesfidedignas.com.mx\\\/index.php\\\/2023\\\/08\\\/22\\\/discutira-congreso-participacion-politica-indigena-en-periodo-extraordinario-de-sesiones\\\/#primaryimage\",\"url\":\"https:\\\/\\\/fuentesfidedignas.com.mx\\\/wp-content\\\/uploads\\\/2023\\\/08\\\/20230822_111721-scaled.jpg\",\"contentUrl\":\"https:\\\/\\\/fuentesfidedignas.com.mx\\\/wp-content\\\/uploads\\\/2023\\\/08\\\/20230822_111721-scaled.jpg\",\"width\":2560,\"height\":1442},{\"@type\":\"BreadcrumbList\",\"@id\":\"https:\\\/\\\/fuentesfidedignas.com.mx\\\/index.php\\\/2023\\\/08\\\/22\\\/discutira-congreso-participacion-politica-indigena-en-periodo-extraordinario-de-sesiones\\\/#breadcrumb\",\"itemListElement\":[{\"@type\":\"ListItem\",\"position\":1,\"name\":\"Inicio\",\"item\":\"https:\\\/\\\/fuentesfidedignas.com.mx\\\/\"},{\"@type\":\"ListItem\",\"position\":2,\"name\":\"Discutir\u00e1 Congreso participaci\u00f3n pol\u00edtica ind\u00edgena en Per\u00edodo Extraordinario de Sesiones\"}]},{\"@type\":\"WebSite\",\"@id\":\"https:\\\/\\\/fuentesfidedignas.com.mx\\\/#website\",\"url\":\"https:\\\/\\\/fuentesfidedignas.com.mx\\\/\",\"name\":\"Fuentes Fidedignas\",\"description\":\"Otro sitio realizado con WordPress\",\"publisher\":{\"@id\":\"https:\\\/\\\/fuentesfidedignas.com.mx\\\/#organization\"},\"potentialAction\":[{\"@type\":\"SearchAction\",\"target\":{\"@type\":\"EntryPoint\",\"urlTemplate\":\"https:\\\/\\\/fuentesfidedignas.com.mx\\\/?s={search_term_string}\"},\"query-input\":{\"@type\":\"PropertyValueSpecification\",\"valueRequired\":true,\"valueName\":\"search_term_string\"}}],\"inLanguage\":\"es\"},{\"@type\":\"Organization\",\"@id\":\"https:\\\/\\\/fuentesfidedignas.com.mx\\\/#organization\",\"name\":\"Fuentes Fidedignas\",\"url\":\"https:\\\/\\\/fuentesfidedignas.com.mx\\\/\",\"logo\":{\"@type\":\"ImageObject\",\"inLanguage\":\"es\",\"@id\":\"https:\\\/\\\/fuentesfidedignas.com.mx\\\/#\\\/schema\\\/logo\\\/image\\\/\",\"url\":\"https:\\\/\\\/fuentesfidedignas.com.mx\\\/wp-content\\\/uploads\\\/2021\\\/04\\\/logo-retina.png\",\"contentUrl\":\"https:\\\/\\\/fuentesfidedignas.com.mx\\\/wp-content\\\/uploads\\\/2021\\\/04\\\/logo-retina.png\",\"width\":280,\"height\":51,\"caption\":\"Fuentes Fidedignas\"},\"image\":{\"@id\":\"https:\\\/\\\/fuentesfidedignas.com.mx\\\/#\\\/schema\\\/logo\\\/image\\\/\"},\"sameAs\":[\"https:\\\/\\\/www.facebook.com\\\/Fuentes-Fidedignas-368234489921644\",\"https:\\\/\\\/x.com\\\/fidedignas\"]},{\"@type\":\"Person\",\"@id\":\"https:\\\/\\\/fuentesfidedignas.com.mx\\\/#\\\/schema\\\/person\\\/331be9283d37198e2acd5750279085b0\",\"name\":\"Redacci\u00f3n\",\"image\":{\"@type\":\"ImageObject\",\"inLanguage\":\"es\",\"@id\":\"https:\\\/\\\/secure.gravatar.com\\\/avatar\\\/f6d8782c11d12b2d4ad3fbb6931aeab5309937a4d6cd2fc9cfaa28a6396a5aec?s=96&d=mm&r=g\",\"url\":\"https:\\\/\\\/secure.gravatar.com\\\/avatar\\\/f6d8782c11d12b2d4ad3fbb6931aeab5309937a4d6cd2fc9cfaa28a6396a5aec?s=96&d=mm&r=g\",\"contentUrl\":\"https:\\\/\\\/secure.gravatar.com\\\/avatar\\\/f6d8782c11d12b2d4ad3fbb6931aeab5309937a4d6cd2fc9cfaa28a6396a5aec?s=96&d=mm&r=g\",\"caption\":\"Redacci\u00f3n\"},\"url\":\"https:\\\/\\\/fuentesfidedignas.com.mx\\\/index.php\\\/author\\\/redaccion\\\/\"}]}<\/script>\n<!-- \/ Yoast SEO plugin. -->","yoast_head_json":{"title":"Discutir\u00e1 Congreso participaci\u00f3n pol\u00edtica ind\u00edgena en Per\u00edodo Extraordinario de Sesiones - Fuentes Fidedignas","robots":{"index":"index","follow":"follow","max-snippet":"max-snippet:-1","max-image-preview":"max-image-preview:large","max-video-preview":"max-video-preview:-1"},"canonical":"https:\/\/fuentesfidedignas.com.mx\/index.php\/2023\/08\/22\/discutira-congreso-participacion-politica-indigena-en-periodo-extraordinario-de-sesiones\/","og_locale":"es_MX","og_type":"article","og_title":"Discutir\u00e1 Congreso participaci\u00f3n pol\u00edtica ind\u00edgena en Per\u00edodo Extraordinario de Sesiones - Fuentes Fidedignas","og_description":"Tambi\u00e9n habr\u00e1 una Sesi\u00f3n Solemne para develar la placa con el nombre de \u201cFelipe Bachomo Aki Cruz\u201d, inscrito en el Muro de Honor del Sal\u00f3n de Sesiones Culiac\u00e1n, Sin. La Diputaci\u00f3n Permanente del Congreso del Estado de Sinaloa convoc\u00f3 al Noveno Per\u00edodo Extraordinario de Sesiones para este mi\u00e9rcoles 23 de agosto para discutir diversas iniciativas [&hellip;]","og_url":"https:\/\/fuentesfidedignas.com.mx\/index.php\/2023\/08\/22\/discutira-congreso-participacion-politica-indigena-en-periodo-extraordinario-de-sesiones\/","og_site_name":"Fuentes Fidedignas","article_publisher":"https:\/\/www.facebook.com\/Fuentes-Fidedignas-368234489921644","article_published_time":"2023-08-22T20:06:14+00:00","article_modified_time":"2023-08-22T20:07:01+00:00","og_image":[{"width":2560,"height":1442,"url":"https:\/\/fuentesfidedignas.com.mx\/wp-content\/uploads\/2023\/08\/20230822_111721-scaled.jpg","type":"image\/jpeg"}],"author":"Redacci\u00f3n","twitter_card":"summary_large_image","twitter_creator":"@fidedignas","twitter_site":"@fidedignas","twitter_misc":{"Escrito por":"Redacci\u00f3n","Tiempo de lectura":"3 minutos"},"schema":{"@context":"https:\/\/schema.org","@graph":[{"@type":"Article","@id":"https:\/\/fuentesfidedignas.com.mx\/index.php\/2023\/08\/22\/discutira-congreso-participacion-politica-indigena-en-periodo-extraordinario-de-sesiones\/#article","isPartOf":{"@id":"https:\/\/fuentesfidedignas.com.mx\/index.php\/2023\/08\/22\/discutira-congreso-participacion-politica-indigena-en-periodo-extraordinario-de-sesiones\/"},"author":{"name":"Redacci\u00f3n","@id":"https:\/\/fuentesfidedignas.com.mx\/#\/schema\/person\/331be9283d37198e2acd5750279085b0"},"headline":"Discutir\u00e1 Congreso participaci\u00f3n pol\u00edtica ind\u00edgena en Per\u00edodo Extraordinario de Sesiones","datePublished":"2023-08-22T20:06:14+00:00","dateModified":"2023-08-22T20:07:01+00:00","mainEntityOfPage":{"@id":"https:\/\/fuentesfidedignas.com.mx\/index.php\/2023\/08\/22\/discutira-congreso-participacion-politica-indigena-en-periodo-extraordinario-de-sesiones\/"},"wordCount":594,"commentCount":0,"publisher":{"@id":"https:\/\/fuentesfidedignas.com.mx\/#organization"},"image":{"@id":"https:\/\/fuentesfidedignas.com.mx\/index.php\/2023\/08\/22\/discutira-congreso-participacion-politica-indigena-en-periodo-extraordinario-de-sesiones\/#primaryimage"},"thumbnailUrl":"https:\/\/fuentesfidedignas.com.mx\/wp-content\/uploads\/2023\/08\/20230822_111721-scaled.jpg","articleSection":["NOTICIAS LOCALES"],"inLanguage":"es","potentialAction":[{"@type":"CommentAction","name":"Comment","target":["https:\/\/fuentesfidedignas.com.mx\/index.php\/2023\/08\/22\/discutira-congreso-participacion-politica-indigena-en-periodo-extraordinario-de-sesiones\/#respond"]}]},{"@type":"WebPage","@id":"https:\/\/fuentesfidedignas.com.mx\/index.php\/2023\/08\/22\/discutira-congreso-participacion-politica-indigena-en-periodo-extraordinario-de-sesiones\/","url":"https:\/\/fuentesfidedignas.com.mx\/index.php\/2023\/08\/22\/discutira-congreso-participacion-politica-indigena-en-periodo-extraordinario-de-sesiones\/","name":"Discutir\u00e1 Congreso participaci\u00f3n pol\u00edtica ind\u00edgena en Per\u00edodo Extraordinario de Sesiones - Fuentes Fidedignas","isPartOf":{"@id":"https:\/\/fuentesfidedignas.com.mx\/#website"},"primaryImageOfPage":{"@id":"https:\/\/fuentesfidedignas.com.mx\/index.php\/2023\/08\/22\/discutira-congreso-participacion-politica-indigena-en-periodo-extraordinario-de-sesiones\/#primaryimage"},"image":{"@id":"https:\/\/fuentesfidedignas.com.mx\/index.php\/2023\/08\/22\/discutira-congreso-participacion-politica-indigena-en-periodo-extraordinario-de-sesiones\/#primaryimage"},"thumbnailUrl":"https:\/\/fuentesfidedignas.com.mx\/wp-content\/uploads\/2023\/08\/20230822_111721-scaled.jpg","datePublished":"2023-08-22T20:06:14+00:00","dateModified":"2023-08-22T20:07:01+00:00","breadcrumb":{"@id":"https:\/\/fuentesfidedignas.com.mx\/index.php\/2023\/08\/22\/discutira-congreso-participacion-politica-indigena-en-periodo-extraordinario-de-sesiones\/#breadcrumb"},"inLanguage":"es","potentialAction":[{"@type":"ReadAction","target":["https:\/\/fuentesfidedignas.com.mx\/index.php\/2023\/08\/22\/discutira-congreso-participacion-politica-indigena-en-periodo-extraordinario-de-sesiones\/"]}]},{"@type":"ImageObject","inLanguage":"es","@id":"https:\/\/fuentesfidedignas.com.mx\/index.php\/2023\/08\/22\/discutira-congreso-participacion-politica-indigena-en-periodo-extraordinario-de-sesiones\/#primaryimage","url":"https:\/\/fuentesfidedignas.com.mx\/wp-content\/uploads\/2023\/08\/20230822_111721-scaled.jpg","contentUrl":"https:\/\/fuentesfidedignas.com.mx\/wp-content\/uploads\/2023\/08\/20230822_111721-scaled.jpg","width":2560,"height":1442},{"@type":"BreadcrumbList","@id":"https:\/\/fuentesfidedignas.com.mx\/index.php\/2023\/08\/22\/discutira-congreso-participacion-politica-indigena-en-periodo-extraordinario-de-sesiones\/#breadcrumb","itemListElement":[{"@type":"ListItem","position":1,"name":"Inicio","item":"https:\/\/fuentesfidedignas.com.mx\/"},{"@type":"ListItem","position":2,"name":"Discutir\u00e1 Congreso participaci\u00f3n pol\u00edtica ind\u00edgena en Per\u00edodo Extraordinario de Sesiones"}]},{"@type":"WebSite","@id":"https:\/\/fuentesfidedignas.com.mx\/#website","url":"https:\/\/fuentesfidedignas.com.mx\/","name":"Fuentes Fidedignas","description":"Otro sitio realizado con WordPress","publisher":{"@id":"https:\/\/fuentesfidedignas.com.mx\/#organization"},"potentialAction":[{"@type":"SearchAction","target":{"@type":"EntryPoint","urlTemplate":"https:\/\/fuentesfidedignas.com.mx\/?s={search_term_string}"},"query-input":{"@type":"PropertyValueSpecification","valueRequired":true,"valueName":"search_term_string"}}],"inLanguage":"es"},{"@type":"Organization","@id":"https:\/\/fuentesfidedignas.com.mx\/#organization","name":"Fuentes Fidedignas","url":"https:\/\/fuentesfidedignas.com.mx\/","logo":{"@type":"ImageObject","inLanguage":"es","@id":"https:\/\/fuentesfidedignas.com.mx\/#\/schema\/logo\/image\/","url":"https:\/\/fuentesfidedignas.com.mx\/wp-content\/uploads\/2021\/04\/logo-retina.png","contentUrl":"https:\/\/fuentesfidedignas.com.mx\/wp-content\/uploads\/2021\/04\/logo-retina.png","width":280,"height":51,"caption":"Fuentes Fidedignas"},"image":{"@id":"https:\/\/fuentesfidedignas.com.mx\/#\/schema\/logo\/image\/"},"sameAs":["https:\/\/www.facebook.com\/Fuentes-Fidedignas-368234489921644","https:\/\/x.com\/fidedignas"]},{"@type":"Person","@id":"https:\/\/fuentesfidedignas.com.mx\/#\/schema\/person\/331be9283d37198e2acd5750279085b0","name":"Redacci\u00f3n","image":{"@type":"ImageObject","inLanguage":"es","@id":"https:\/\/secure.gravatar.com\/avatar\/f6d8782c11d12b2d4ad3fbb6931aeab5309937a4d6cd2fc9cfaa28a6396a5aec?s=96&d=mm&r=g","url":"https:\/\/secure.gravatar.com\/avatar\/f6d8782c11d12b2d4ad3fbb6931aeab5309937a4d6cd2fc9cfaa28a6396a5aec?s=96&d=mm&r=g","contentUrl":"https:\/\/secure.gravatar.com\/avatar\/f6d8782c11d12b2d4ad3fbb6931aeab5309937a4d6cd2fc9cfaa28a6396a5aec?s=96&d=mm&r=g","caption":"Redacci\u00f3n"},"url":"https:\/\/fuentesfidedignas.com.mx\/index.php\/author\/redaccion\/"}]}},"_links":{"self":[{"href":"https:\/\/fuentesfidedignas.com.mx\/index.php\/wp-json\/wp\/v2\/posts\/56248","targetHints":{"allow":["GET"]}}],"collection":[{"href":"https:\/\/fuentesfidedignas.com.mx\/index.php\/wp-json\/wp\/v2\/posts"}],"about":[{"href":"https:\/\/fuentesfidedignas.com.mx\/index.php\/wp-json\/wp\/v2\/types\/post"}],"author":[{"embeddable":true,"href":"https:\/\/fuentesfidedignas.com.mx\/index.php\/wp-json\/wp\/v2\/users\/4"}],"replies":[{"embeddable":true,"href":"https:\/\/fuentesfidedignas.com.mx\/index.php\/wp-json\/wp\/v2\/comments?post=56248"}],"version-history":[{"count":2,"href":"https:\/\/fuentesfidedignas.com.mx\/index.php\/wp-json\/wp\/v2\/posts\/56248\/revisions"}],"predecessor-version":[{"id":56280,"href":"https:\/\/fuentesfidedignas.com.mx\/index.php\/wp-json\/wp\/v2\/posts\/56248\/revisions\/56280"}],"wp:featuredmedia":[{"embeddable":true,"href":"https:\/\/fuentesfidedignas.com.mx\/index.php\/wp-json\/wp\/v2\/media\/56250"}],"wp:attachment":[{"href":"https:\/\/fuentesfidedignas.com.mx\/index.php\/wp-json\/wp\/v2\/media?parent=56248"}],"wp:term":[{"taxonomy":"category","embeddable":true,"href":"https:\/\/fuentesfidedignas.com.mx\/index.php\/wp-json\/wp\/v2\/categories?post=56248"},{"taxonomy":"post_tag","embeddable":true,"href":"https:\/\/fuentesfidedignas.com.mx\/index.php\/wp-json\/wp\/v2\/tags?post=56248"}],"curies":[{"name":"wp","href":"https:\/\/api.w.org\/{rel}","templated":true}]}}