{"id":56235,"date":"2023-08-22T09:07:17","date_gmt":"2023-08-22T16:07:17","guid":{"rendered":"https:\/\/fuentesfidedignas.com.mx\/?p=56235"},"modified":"2023-08-22T09:08:12","modified_gmt":"2023-08-22T16:08:12","slug":"choque-de-autobus-con-migrantes-deja-15-muertos-en-oaxaca","status":"publish","type":"post","link":"https:\/\/fuentesfidedignas.com.mx\/index.php\/2023\/08\/22\/choque-de-autobus-con-migrantes-deja-15-muertos-en-oaxaca\/","title":{"rendered":"Choque de autob\u00fas con migrantes deja 15 muertos en Oaxaca"},"content":{"rendered":"\n<p><strong><em>De acuerdo con reportes preliminares el resultado del choque entre un tr\u00e1iler y el autob\u00fas de pasajeros en Oaxaca es de 15 personas fallecidas y 36 lesionados<\/em><\/strong><\/p>\n\n\n\n<p>Oaxaca. Esta madrugada se registr\u00f3 un\u00a0<strong>accidente carretero<\/strong>\u00a0en la v\u00eda Cuacnopalan en el estado de\u00a0<strong>Oaxaca,<\/strong>\u00a0entre un cami\u00f3n tipo\u00a0<strong>torton<\/strong>\u00a0y un\u00a0<strong>autob\u00fas de pasajeros<\/strong>\u00a0en el que viajaban migrantes de origen venezolano en su mayor\u00eda y que dej\u00f3 un saldo fatal.<\/p>\n\n\n\n<p>De acuerdo con reportes preliminares el resultado del\u00a0<strong>choque<\/strong>\u00a0es de 15 personas fallecidas y 36 lesionados, de acuerdo con la Secretar\u00eda de Gobernaci\u00f3n del estado de Puebla.<\/p>\n\n\n\n<p>El accidente ocurri\u00f3 durante la madrugada de este martes 22 de agosto, sobre la autopista Cuacnopalan-Oaxaca a la altura del kil\u00f3metro 91, cuando un autob\u00fas que transportaba migrantes de origen venezolano, en su mayor\u00eda, se impact\u00f3 contra un tr\u00e1iler.<\/p>\n\n\n\n<figure class=\"wp-block-embed is-type-rich is-provider-twitter wp-block-embed-twitter\"><div class=\"wp-block-embed__wrapper\">\n<blockquote class=\"twitter-tweet\" data-width=\"550\" data-dnt=\"true\"><p lang=\"es\" dir=\"ltr\"><a href=\"https:\/\/twitter.com\/hashtag\/Oaxaca?src=hash&amp;ref_src=twsrc%5Etfw\">#Oaxaca<\/a> | Se registr\u00f3 un fatal <a href=\"https:\/\/twitter.com\/hashtag\/accidente?src=hash&amp;ref_src=twsrc%5Etfw\">#accidente<\/a> en la v\u00eda Cuacnopalan.<br><br>El <a href=\"https:\/\/twitter.com\/hashtag\/tr%C3%A1iler?src=hash&amp;ref_src=twsrc%5Etfw\">#tr\u00e1iler<\/a> y un torton chocaron, dejando un <a href=\"https:\/\/twitter.com\/hashtag\/saldo?src=hash&amp;ref_src=twsrc%5Etfw\">#saldo<\/a> preliminar de 14 muertos y 25 lesionados.<br><br>M\u00e1s informaci\u00f3n\ud83d\udc47\ud83c\udffc:<a href=\"https:\/\/t.co\/MSaZzsXdSj\">https:\/\/t.co\/MSaZzsXdSj<\/a> <a href=\"https:\/\/t.co\/FEFj1mdMwO\">pic.twitter.com\/FEFj1mdMwO<\/a><\/p>&mdash; Fuerza Informativa Azteca (@AztecaNoticias) <a href=\"https:\/\/twitter.com\/AztecaNoticias\/status\/1693982997920579932?ref_src=twsrc%5Etfw\">August 22, 2023<\/a><\/blockquote><script async src=\"https:\/\/platform.twitter.com\/widgets.js\" charset=\"utf-8\"><\/script>\n<\/div><\/figure>\n\n\n\n<p>Por la cercan\u00eda con el estado de Puebla, los 36 pasajeros, hombres y mujeres que resultaron lesionados, fueron trasladados por param\u00e9dicos de la Cruz Roja a la ciudad de Tehuac\u00e1n para ser atendidos de emergencia en el Hospital General.<\/p>\n\n\n\n<p>Mientras que nueve de ellos, fueron llevados a los centros de Salud de la entidad (CESSA Tehuac\u00e1n y Santiago Miahuatl\u00e1n), 14 personas fallecieron durante el impacto y una m\u00e1s perdi\u00f3 la vida en el Hospital General de Santiago Miahuatl\u00e1n.<\/p>\n\n\n\n<p>Hasta el momento la Secretar\u00eda de Gobernaci\u00f3n de Puebla permanece en comunicaci\u00f3n constante con Caminos y Puentes Federales (Capufe), as\u00ed como con las autoridades ministeriales y estatales a fin de apoyar a las familias de las v\u00edctimas de este suceso.<\/p>\n\n\n\n<p>Antes, la Guardia Nacional inform\u00f3 mediante sus redes sociales que la v\u00eda se encontraba cerrada a la circulaci\u00f3n en el tramo Cuacnopalan &#8211; Huitzo.<\/p>\n\n\n\n<p>Hasta el momento se desconocen las causas que ocasionaron el accidente.<\/p>\n\n\n\n<p>El mayor n\u00famero de v\u00edctimas viajaban a bordo de un autob\u00fas que habr\u00eda salido de Ejutla, Oaxaca, pero la Agencia Estatal de Investigaciones labora en el levantamiento de los indicios.<\/p>\n","protected":false},"excerpt":{"rendered":"<p>De acuerdo con reportes preliminares el resultado del choque entre un tr\u00e1iler y el autob\u00fas de pasajeros en Oaxaca es de 15 personas fallecidas y 36 lesionados Oaxaca. Esta madrugada se registr\u00f3 un\u00a0accidente carretero\u00a0en la v\u00eda Cuacnopalan en el estado de\u00a0Oaxaca,\u00a0entre un cami\u00f3n tipo\u00a0torton\u00a0y un\u00a0autob\u00fas de pasajeros\u00a0en el que viajaban migrantes de origen venezolano en [&hellip;]<\/p>\n","protected":false},"author":124,"featured_media":56237,"comment_status":"open","ping_status":"open","sticky":false,"template":"","format":"standard","meta":{"tdm_status":"","tdm_grid_status":"","footnotes":""},"categories":[39,1],"tags":[],"class_list":{"0":"post-56235","1":"post","2":"type-post","3":"status-publish","4":"format-standard","5":"has-post-thumbnail","7":"category-noticias-nacionales","8":"category-sin-categoria"},"yoast_head":"<!-- This site is optimized with the Yoast SEO plugin v27.5 - https:\/\/yoast.com\/product\/yoast-seo-wordpress\/ -->\n<title>Choque de autob\u00fas con migrantes deja 15 muertos en Oaxaca - Fuentes Fidedignas<\/title>\n<meta name=\"robots\" content=\"index, follow, max-snippet:-1, max-image-preview:large, max-video-preview:-1\" \/>\n<link rel=\"canonical\" href=\"https:\/\/fuentesfidedignas.com.mx\/index.php\/2023\/08\/22\/choque-de-autobus-con-migrantes-deja-15-muertos-en-oaxaca\/\" \/>\n<meta property=\"og:locale\" content=\"es_MX\" \/>\n<meta property=\"og:type\" content=\"article\" \/>\n<meta property=\"og:title\" content=\"Choque de autob\u00fas con migrantes deja 15 muertos en Oaxaca - Fuentes Fidedignas\" \/>\n<meta property=\"og:description\" content=\"De acuerdo con reportes preliminares el resultado del choque entre un tr\u00e1iler y el autob\u00fas de pasajeros en Oaxaca es de 15 personas fallecidas y 36 lesionados Oaxaca. Esta madrugada se registr\u00f3 un\u00a0accidente carretero\u00a0en la v\u00eda Cuacnopalan en el estado de\u00a0Oaxaca,\u00a0entre un cami\u00f3n tipo\u00a0torton\u00a0y un\u00a0autob\u00fas de pasajeros\u00a0en el que viajaban migrantes de origen venezolano en [&hellip;]\" \/>\n<meta property=\"og:url\" content=\"https:\/\/fuentesfidedignas.com.mx\/index.php\/2023\/08\/22\/choque-de-autobus-con-migrantes-deja-15-muertos-en-oaxaca\/\" \/>\n<meta property=\"og:site_name\" content=\"Fuentes Fidedignas\" \/>\n<meta property=\"article:publisher\" content=\"https:\/\/www.facebook.com\/Fuentes-Fidedignas-368234489921644\" \/>\n<meta property=\"article:published_time\" content=\"2023-08-22T16:07:17+00:00\" \/>\n<meta property=\"article:modified_time\" content=\"2023-08-22T16:08:12+00:00\" \/>\n<meta property=\"og:image\" content=\"https:\/\/fuentesfidedignas.com.mx\/wp-content\/uploads\/2023\/08\/713d86dc5d6aee39c41eaf0ced163c9fe29e6cf7miniw-focus-0-0-696-464.jpg\" \/>\n\t<meta property=\"og:image:width\" content=\"696\" \/>\n\t<meta property=\"og:image:height\" content=\"464\" \/>\n\t<meta property=\"og:image:type\" content=\"image\/jpeg\" \/>\n<meta name=\"author\" content=\"Azteca Noticias\" \/>\n<meta name=\"twitter:card\" content=\"summary_large_image\" \/>\n<meta name=\"twitter:creator\" content=\"@fidedignas\" \/>\n<meta name=\"twitter:site\" content=\"@fidedignas\" \/>\n<meta name=\"twitter:label1\" content=\"Escrito por\" \/>\n\t<meta name=\"twitter:data1\" content=\"Azteca Noticias\" \/>\n\t<meta name=\"twitter:label2\" content=\"Tiempo de lectura\" \/>\n\t<meta name=\"twitter:data2\" content=\"2 minutos\" \/>\n<script type=\"application\/ld+json\" class=\"yoast-schema-graph\">{\"@context\":\"https:\\\/\\\/schema.org\",\"@graph\":[{\"@type\":\"Article\",\"@id\":\"https:\\\/\\\/fuentesfidedignas.com.mx\\\/index.php\\\/2023\\\/08\\\/22\\\/choque-de-autobus-con-migrantes-deja-15-muertos-en-oaxaca\\\/#article\",\"isPartOf\":{\"@id\":\"https:\\\/\\\/fuentesfidedignas.com.mx\\\/index.php\\\/2023\\\/08\\\/22\\\/choque-de-autobus-con-migrantes-deja-15-muertos-en-oaxaca\\\/\"},\"author\":{\"name\":\"Azteca Noticias\",\"@id\":\"https:\\\/\\\/fuentesfidedignas.com.mx\\\/#\\\/schema\\\/person\\\/065c922a20d70c1ddb471920a379704f\"},\"headline\":\"Choque de autob\u00fas con migrantes deja 15 muertos en Oaxaca\",\"datePublished\":\"2023-08-22T16:07:17+00:00\",\"dateModified\":\"2023-08-22T16:08:12+00:00\",\"mainEntityOfPage\":{\"@id\":\"https:\\\/\\\/fuentesfidedignas.com.mx\\\/index.php\\\/2023\\\/08\\\/22\\\/choque-de-autobus-con-migrantes-deja-15-muertos-en-oaxaca\\\/\"},\"wordCount\":366,\"commentCount\":0,\"publisher\":{\"@id\":\"https:\\\/\\\/fuentesfidedignas.com.mx\\\/#organization\"},\"image\":{\"@id\":\"https:\\\/\\\/fuentesfidedignas.com.mx\\\/index.php\\\/2023\\\/08\\\/22\\\/choque-de-autobus-con-migrantes-deja-15-muertos-en-oaxaca\\\/#primaryimage\"},\"thumbnailUrl\":\"https:\\\/\\\/fuentesfidedignas.com.mx\\\/wp-content\\\/uploads\\\/2023\\\/08\\\/713d86dc5d6aee39c41eaf0ced163c9fe29e6cf7miniw-focus-0-0-696-464.jpg\",\"articleSection\":[\"NOTICIAS NACIONALES\"],\"inLanguage\":\"es\",\"potentialAction\":[{\"@type\":\"CommentAction\",\"name\":\"Comment\",\"target\":[\"https:\\\/\\\/fuentesfidedignas.com.mx\\\/index.php\\\/2023\\\/08\\\/22\\\/choque-de-autobus-con-migrantes-deja-15-muertos-en-oaxaca\\\/#respond\"]}]},{\"@type\":\"WebPage\",\"@id\":\"https:\\\/\\\/fuentesfidedignas.com.mx\\\/index.php\\\/2023\\\/08\\\/22\\\/choque-de-autobus-con-migrantes-deja-15-muertos-en-oaxaca\\\/\",\"url\":\"https:\\\/\\\/fuentesfidedignas.com.mx\\\/index.php\\\/2023\\\/08\\\/22\\\/choque-de-autobus-con-migrantes-deja-15-muertos-en-oaxaca\\\/\",\"name\":\"Choque de autob\u00fas con migrantes deja 15 muertos en Oaxaca - Fuentes Fidedignas\",\"isPartOf\":{\"@id\":\"https:\\\/\\\/fuentesfidedignas.com.mx\\\/#website\"},\"primaryImageOfPage\":{\"@id\":\"https:\\\/\\\/fuentesfidedignas.com.mx\\\/index.php\\\/2023\\\/08\\\/22\\\/choque-de-autobus-con-migrantes-deja-15-muertos-en-oaxaca\\\/#primaryimage\"},\"image\":{\"@id\":\"https:\\\/\\\/fuentesfidedignas.com.mx\\\/index.php\\\/2023\\\/08\\\/22\\\/choque-de-autobus-con-migrantes-deja-15-muertos-en-oaxaca\\\/#primaryimage\"},\"thumbnailUrl\":\"https:\\\/\\\/fuentesfidedignas.com.mx\\\/wp-content\\\/uploads\\\/2023\\\/08\\\/713d86dc5d6aee39c41eaf0ced163c9fe29e6cf7miniw-focus-0-0-696-464.jpg\",\"datePublished\":\"2023-08-22T16:07:17+00:00\",\"dateModified\":\"2023-08-22T16:08:12+00:00\",\"breadcrumb\":{\"@id\":\"https:\\\/\\\/fuentesfidedignas.com.mx\\\/index.php\\\/2023\\\/08\\\/22\\\/choque-de-autobus-con-migrantes-deja-15-muertos-en-oaxaca\\\/#breadcrumb\"},\"inLanguage\":\"es\",\"potentialAction\":[{\"@type\":\"ReadAction\",\"target\":[\"https:\\\/\\\/fuentesfidedignas.com.mx\\\/index.php\\\/2023\\\/08\\\/22\\\/choque-de-autobus-con-migrantes-deja-15-muertos-en-oaxaca\\\/\"]}]},{\"@type\":\"ImageObject\",\"inLanguage\":\"es\",\"@id\":\"https:\\\/\\\/fuentesfidedignas.com.mx\\\/index.php\\\/2023\\\/08\\\/22\\\/choque-de-autobus-con-migrantes-deja-15-muertos-en-oaxaca\\\/#primaryimage\",\"url\":\"https:\\\/\\\/fuentesfidedignas.com.mx\\\/wp-content\\\/uploads\\\/2023\\\/08\\\/713d86dc5d6aee39c41eaf0ced163c9fe29e6cf7miniw-focus-0-0-696-464.jpg\",\"contentUrl\":\"https:\\\/\\\/fuentesfidedignas.com.mx\\\/wp-content\\\/uploads\\\/2023\\\/08\\\/713d86dc5d6aee39c41eaf0ced163c9fe29e6cf7miniw-focus-0-0-696-464.jpg\",\"width\":696,\"height\":464},{\"@type\":\"BreadcrumbList\",\"@id\":\"https:\\\/\\\/fuentesfidedignas.com.mx\\\/index.php\\\/2023\\\/08\\\/22\\\/choque-de-autobus-con-migrantes-deja-15-muertos-en-oaxaca\\\/#breadcrumb\",\"itemListElement\":[{\"@type\":\"ListItem\",\"position\":1,\"name\":\"Inicio\",\"item\":\"https:\\\/\\\/fuentesfidedignas.com.mx\\\/\"},{\"@type\":\"ListItem\",\"position\":2,\"name\":\"Choque de autob\u00fas con migrantes deja 15 muertos en Oaxaca\"}]},{\"@type\":\"WebSite\",\"@id\":\"https:\\\/\\\/fuentesfidedignas.com.mx\\\/#website\",\"url\":\"https:\\\/\\\/fuentesfidedignas.com.mx\\\/\",\"name\":\"Fuentes Fidedignas\",\"description\":\"Otro sitio realizado con WordPress\",\"publisher\":{\"@id\":\"https:\\\/\\\/fuentesfidedignas.com.mx\\\/#organization\"},\"potentialAction\":[{\"@type\":\"SearchAction\",\"target\":{\"@type\":\"EntryPoint\",\"urlTemplate\":\"https:\\\/\\\/fuentesfidedignas.com.mx\\\/?s={search_term_string}\"},\"query-input\":{\"@type\":\"PropertyValueSpecification\",\"valueRequired\":true,\"valueName\":\"search_term_string\"}}],\"inLanguage\":\"es\"},{\"@type\":\"Organization\",\"@id\":\"https:\\\/\\\/fuentesfidedignas.com.mx\\\/#organization\",\"name\":\"Fuentes Fidedignas\",\"url\":\"https:\\\/\\\/fuentesfidedignas.com.mx\\\/\",\"logo\":{\"@type\":\"ImageObject\",\"inLanguage\":\"es\",\"@id\":\"https:\\\/\\\/fuentesfidedignas.com.mx\\\/#\\\/schema\\\/logo\\\/image\\\/\",\"url\":\"https:\\\/\\\/fuentesfidedignas.com.mx\\\/wp-content\\\/uploads\\\/2021\\\/04\\\/logo-retina.png\",\"contentUrl\":\"https:\\\/\\\/fuentesfidedignas.com.mx\\\/wp-content\\\/uploads\\\/2021\\\/04\\\/logo-retina.png\",\"width\":280,\"height\":51,\"caption\":\"Fuentes Fidedignas\"},\"image\":{\"@id\":\"https:\\\/\\\/fuentesfidedignas.com.mx\\\/#\\\/schema\\\/logo\\\/image\\\/\"},\"sameAs\":[\"https:\\\/\\\/www.facebook.com\\\/Fuentes-Fidedignas-368234489921644\",\"https:\\\/\\\/x.com\\\/fidedignas\"]},{\"@type\":\"Person\",\"@id\":\"https:\\\/\\\/fuentesfidedignas.com.mx\\\/#\\\/schema\\\/person\\\/065c922a20d70c1ddb471920a379704f\",\"name\":\"Azteca Noticias\",\"image\":{\"@type\":\"ImageObject\",\"inLanguage\":\"es\",\"@id\":\"https:\\\/\\\/secure.gravatar.com\\\/avatar\\\/ea467e4a566abdc14c03618afa5a4c981dc7e05f701825668d65edb3cb2fd7a7?s=96&d=mm&r=g\",\"url\":\"https:\\\/\\\/secure.gravatar.com\\\/avatar\\\/ea467e4a566abdc14c03618afa5a4c981dc7e05f701825668d65edb3cb2fd7a7?s=96&d=mm&r=g\",\"contentUrl\":\"https:\\\/\\\/secure.gravatar.com\\\/avatar\\\/ea467e4a566abdc14c03618afa5a4c981dc7e05f701825668d65edb3cb2fd7a7?s=96&d=mm&r=g\",\"caption\":\"Azteca Noticias\"},\"url\":\"https:\\\/\\\/fuentesfidedignas.com.mx\\\/index.php\\\/author\\\/aztecanoticias\\\/\"}]}<\/script>\n<!-- \/ Yoast SEO plugin. -->","yoast_head_json":{"title":"Choque de autob\u00fas con migrantes deja 15 muertos en Oaxaca - Fuentes Fidedignas","robots":{"index":"index","follow":"follow","max-snippet":"max-snippet:-1","max-image-preview":"max-image-preview:large","max-video-preview":"max-video-preview:-1"},"canonical":"https:\/\/fuentesfidedignas.com.mx\/index.php\/2023\/08\/22\/choque-de-autobus-con-migrantes-deja-15-muertos-en-oaxaca\/","og_locale":"es_MX","og_type":"article","og_title":"Choque de autob\u00fas con migrantes deja 15 muertos en Oaxaca - Fuentes Fidedignas","og_description":"De acuerdo con reportes preliminares el resultado del choque entre un tr\u00e1iler y el autob\u00fas de pasajeros en Oaxaca es de 15 personas fallecidas y 36 lesionados Oaxaca. Esta madrugada se registr\u00f3 un\u00a0accidente carretero\u00a0en la v\u00eda Cuacnopalan en el estado de\u00a0Oaxaca,\u00a0entre un cami\u00f3n tipo\u00a0torton\u00a0y un\u00a0autob\u00fas de pasajeros\u00a0en el que viajaban migrantes de origen venezolano en [&hellip;]","og_url":"https:\/\/fuentesfidedignas.com.mx\/index.php\/2023\/08\/22\/choque-de-autobus-con-migrantes-deja-15-muertos-en-oaxaca\/","og_site_name":"Fuentes Fidedignas","article_publisher":"https:\/\/www.facebook.com\/Fuentes-Fidedignas-368234489921644","article_published_time":"2023-08-22T16:07:17+00:00","article_modified_time":"2023-08-22T16:08:12+00:00","og_image":[{"width":696,"height":464,"url":"https:\/\/fuentesfidedignas.com.mx\/wp-content\/uploads\/2023\/08\/713d86dc5d6aee39c41eaf0ced163c9fe29e6cf7miniw-focus-0-0-696-464.jpg","type":"image\/jpeg"}],"author":"Azteca Noticias","twitter_card":"summary_large_image","twitter_creator":"@fidedignas","twitter_site":"@fidedignas","twitter_misc":{"Escrito por":"Azteca Noticias","Tiempo de lectura":"2 minutos"},"schema":{"@context":"https:\/\/schema.org","@graph":[{"@type":"Article","@id":"https:\/\/fuentesfidedignas.com.mx\/index.php\/2023\/08\/22\/choque-de-autobus-con-migrantes-deja-15-muertos-en-oaxaca\/#article","isPartOf":{"@id":"https:\/\/fuentesfidedignas.com.mx\/index.php\/2023\/08\/22\/choque-de-autobus-con-migrantes-deja-15-muertos-en-oaxaca\/"},"author":{"name":"Azteca Noticias","@id":"https:\/\/fuentesfidedignas.com.mx\/#\/schema\/person\/065c922a20d70c1ddb471920a379704f"},"headline":"Choque de autob\u00fas con migrantes deja 15 muertos en Oaxaca","datePublished":"2023-08-22T16:07:17+00:00","dateModified":"2023-08-22T16:08:12+00:00","mainEntityOfPage":{"@id":"https:\/\/fuentesfidedignas.com.mx\/index.php\/2023\/08\/22\/choque-de-autobus-con-migrantes-deja-15-muertos-en-oaxaca\/"},"wordCount":366,"commentCount":0,"publisher":{"@id":"https:\/\/fuentesfidedignas.com.mx\/#organization"},"image":{"@id":"https:\/\/fuentesfidedignas.com.mx\/index.php\/2023\/08\/22\/choque-de-autobus-con-migrantes-deja-15-muertos-en-oaxaca\/#primaryimage"},"thumbnailUrl":"https:\/\/fuentesfidedignas.com.mx\/wp-content\/uploads\/2023\/08\/713d86dc5d6aee39c41eaf0ced163c9fe29e6cf7miniw-focus-0-0-696-464.jpg","articleSection":["NOTICIAS NACIONALES"],"inLanguage":"es","potentialAction":[{"@type":"CommentAction","name":"Comment","target":["https:\/\/fuentesfidedignas.com.mx\/index.php\/2023\/08\/22\/choque-de-autobus-con-migrantes-deja-15-muertos-en-oaxaca\/#respond"]}]},{"@type":"WebPage","@id":"https:\/\/fuentesfidedignas.com.mx\/index.php\/2023\/08\/22\/choque-de-autobus-con-migrantes-deja-15-muertos-en-oaxaca\/","url":"https:\/\/fuentesfidedignas.com.mx\/index.php\/2023\/08\/22\/choque-de-autobus-con-migrantes-deja-15-muertos-en-oaxaca\/","name":"Choque de autob\u00fas con migrantes deja 15 muertos en Oaxaca - Fuentes Fidedignas","isPartOf":{"@id":"https:\/\/fuentesfidedignas.com.mx\/#website"},"primaryImageOfPage":{"@id":"https:\/\/fuentesfidedignas.com.mx\/index.php\/2023\/08\/22\/choque-de-autobus-con-migrantes-deja-15-muertos-en-oaxaca\/#primaryimage"},"image":{"@id":"https:\/\/fuentesfidedignas.com.mx\/index.php\/2023\/08\/22\/choque-de-autobus-con-migrantes-deja-15-muertos-en-oaxaca\/#primaryimage"},"thumbnailUrl":"https:\/\/fuentesfidedignas.com.mx\/wp-content\/uploads\/2023\/08\/713d86dc5d6aee39c41eaf0ced163c9fe29e6cf7miniw-focus-0-0-696-464.jpg","datePublished":"2023-08-22T16:07:17+00:00","dateModified":"2023-08-22T16:08:12+00:00","breadcrumb":{"@id":"https:\/\/fuentesfidedignas.com.mx\/index.php\/2023\/08\/22\/choque-de-autobus-con-migrantes-deja-15-muertos-en-oaxaca\/#breadcrumb"},"inLanguage":"es","potentialAction":[{"@type":"ReadAction","target":["https:\/\/fuentesfidedignas.com.mx\/index.php\/2023\/08\/22\/choque-de-autobus-con-migrantes-deja-15-muertos-en-oaxaca\/"]}]},{"@type":"ImageObject","inLanguage":"es","@id":"https:\/\/fuentesfidedignas.com.mx\/index.php\/2023\/08\/22\/choque-de-autobus-con-migrantes-deja-15-muertos-en-oaxaca\/#primaryimage","url":"https:\/\/fuentesfidedignas.com.mx\/wp-content\/uploads\/2023\/08\/713d86dc5d6aee39c41eaf0ced163c9fe29e6cf7miniw-focus-0-0-696-464.jpg","contentUrl":"https:\/\/fuentesfidedignas.com.mx\/wp-content\/uploads\/2023\/08\/713d86dc5d6aee39c41eaf0ced163c9fe29e6cf7miniw-focus-0-0-696-464.jpg","width":696,"height":464},{"@type":"BreadcrumbList","@id":"https:\/\/fuentesfidedignas.com.mx\/index.php\/2023\/08\/22\/choque-de-autobus-con-migrantes-deja-15-muertos-en-oaxaca\/#breadcrumb","itemListElement":[{"@type":"ListItem","position":1,"name":"Inicio","item":"https:\/\/fuentesfidedignas.com.mx\/"},{"@type":"ListItem","position":2,"name":"Choque de autob\u00fas con migrantes deja 15 muertos en Oaxaca"}]},{"@type":"WebSite","@id":"https:\/\/fuentesfidedignas.com.mx\/#website","url":"https:\/\/fuentesfidedignas.com.mx\/","name":"Fuentes Fidedignas","description":"Otro sitio realizado con WordPress","publisher":{"@id":"https:\/\/fuentesfidedignas.com.mx\/#organization"},"potentialAction":[{"@type":"SearchAction","target":{"@type":"EntryPoint","urlTemplate":"https:\/\/fuentesfidedignas.com.mx\/?s={search_term_string}"},"query-input":{"@type":"PropertyValueSpecification","valueRequired":true,"valueName":"search_term_string"}}],"inLanguage":"es"},{"@type":"Organization","@id":"https:\/\/fuentesfidedignas.com.mx\/#organization","name":"Fuentes Fidedignas","url":"https:\/\/fuentesfidedignas.com.mx\/","logo":{"@type":"ImageObject","inLanguage":"es","@id":"https:\/\/fuentesfidedignas.com.mx\/#\/schema\/logo\/image\/","url":"https:\/\/fuentesfidedignas.com.mx\/wp-content\/uploads\/2021\/04\/logo-retina.png","contentUrl":"https:\/\/fuentesfidedignas.com.mx\/wp-content\/uploads\/2021\/04\/logo-retina.png","width":280,"height":51,"caption":"Fuentes Fidedignas"},"image":{"@id":"https:\/\/fuentesfidedignas.com.mx\/#\/schema\/logo\/image\/"},"sameAs":["https:\/\/www.facebook.com\/Fuentes-Fidedignas-368234489921644","https:\/\/x.com\/fidedignas"]},{"@type":"Person","@id":"https:\/\/fuentesfidedignas.com.mx\/#\/schema\/person\/065c922a20d70c1ddb471920a379704f","name":"Azteca Noticias","image":{"@type":"ImageObject","inLanguage":"es","@id":"https:\/\/secure.gravatar.com\/avatar\/ea467e4a566abdc14c03618afa5a4c981dc7e05f701825668d65edb3cb2fd7a7?s=96&d=mm&r=g","url":"https:\/\/secure.gravatar.com\/avatar\/ea467e4a566abdc14c03618afa5a4c981dc7e05f701825668d65edb3cb2fd7a7?s=96&d=mm&r=g","contentUrl":"https:\/\/secure.gravatar.com\/avatar\/ea467e4a566abdc14c03618afa5a4c981dc7e05f701825668d65edb3cb2fd7a7?s=96&d=mm&r=g","caption":"Azteca Noticias"},"url":"https:\/\/fuentesfidedignas.com.mx\/index.php\/author\/aztecanoticias\/"}]}},"_links":{"self":[{"href":"https:\/\/fuentesfidedignas.com.mx\/index.php\/wp-json\/wp\/v2\/posts\/56235","targetHints":{"allow":["GET"]}}],"collection":[{"href":"https:\/\/fuentesfidedignas.com.mx\/index.php\/wp-json\/wp\/v2\/posts"}],"about":[{"href":"https:\/\/fuentesfidedignas.com.mx\/index.php\/wp-json\/wp\/v2\/types\/post"}],"author":[{"embeddable":true,"href":"https:\/\/fuentesfidedignas.com.mx\/index.php\/wp-json\/wp\/v2\/users\/124"}],"replies":[{"embeddable":true,"href":"https:\/\/fuentesfidedignas.com.mx\/index.php\/wp-json\/wp\/v2\/comments?post=56235"}],"version-history":[{"count":1,"href":"https:\/\/fuentesfidedignas.com.mx\/index.php\/wp-json\/wp\/v2\/posts\/56235\/revisions"}],"predecessor-version":[{"id":56236,"href":"https:\/\/fuentesfidedignas.com.mx\/index.php\/wp-json\/wp\/v2\/posts\/56235\/revisions\/56236"}],"wp:featuredmedia":[{"embeddable":true,"href":"https:\/\/fuentesfidedignas.com.mx\/index.php\/wp-json\/wp\/v2\/media\/56237"}],"wp:attachment":[{"href":"https:\/\/fuentesfidedignas.com.mx\/index.php\/wp-json\/wp\/v2\/media?parent=56235"}],"wp:term":[{"taxonomy":"category","embeddable":true,"href":"https:\/\/fuentesfidedignas.com.mx\/index.php\/wp-json\/wp\/v2\/categories?post=56235"},{"taxonomy":"post_tag","embeddable":true,"href":"https:\/\/fuentesfidedignas.com.mx\/index.php\/wp-json\/wp\/v2\/tags?post=56235"}],"curies":[{"name":"wp","href":"https:\/\/api.w.org\/{rel}","templated":true}]}}