{"id":56211,"date":"2023-08-21T21:06:38","date_gmt":"2023-08-22T04:06:38","guid":{"rendered":"https:\/\/fuentesfidedignas.com.mx\/?p=56211"},"modified":"2023-08-21T21:17:03","modified_gmt":"2023-08-22T04:17:03","slug":"vinculan-a-proceso-al-rector-de-la-uas-tras-casi-12-horas-de-audiencia","status":"publish","type":"post","link":"https:\/\/fuentesfidedignas.com.mx\/index.php\/2023\/08\/21\/vinculan-a-proceso-al-rector-de-la-uas-tras-casi-12-horas-de-audiencia\/","title":{"rendered":"Vinculan a proceso al rector de la UAS tras casi 12 horas de audiencia"},"content":{"rendered":"\n<p><strong><em>Jes\u00fas Madue\u00f1a tiene como medida cautelar no salir del pa\u00eds durante tres meses<\/em><\/strong><\/p>\n\n\n\n<p>Culiac\u00e1n, Sin. El rector de la Universidad Aut\u00f3noma de Sinaloa (UAS), Jes\u00fas Madue\u00f1a Molina, fue vinculado a proceso por el delito de abuso de autoridad por no permitir a la ASE realizar auditor\u00edas a recursos que ascendieron a 400 millones de pesos. <\/p>\n\n\n\n<p>Al concluir una audiencia de casi 12 horas, el juez  Ad\u00e1n Alberto Salazar Gast\u00e9lum determin\u00f3 la autoridad educativa no se quedar\u00eda en prisi\u00f3n preventiva y puso como medida cautelar que no podr\u00e1 salir del pa\u00eds en un lapso de tres meses.<\/p>\n\n\n\n<p>En relaci\u00f3n al proceso en contra del Abogado General de la UAS, Robespierre Liz\u00e1rraga Otero, se solicit\u00f3 que se reprograme, ya que su defensa, Alfonso Carlos Ontiveros Salas, present\u00f3 una pericial m\u00e9dica donde lo protege ya que no est\u00e1 en condiciones de salud de participar.<\/p>\n","protected":false},"excerpt":{"rendered":"<p>Jes\u00fas Madue\u00f1a tiene como medida cautelar no salir del pa\u00eds durante tres meses Culiac\u00e1n, Sin. El rector de la Universidad Aut\u00f3noma de Sinaloa (UAS), Jes\u00fas Madue\u00f1a Molina, fue vinculado a proceso por el delito de abuso de autoridad por no permitir a la ASE realizar auditor\u00edas a recursos que ascendieron a 400 millones de pesos. [&hellip;]<\/p>\n","protected":false},"author":11,"featured_media":56155,"comment_status":"open","ping_status":"open","sticky":false,"template":"","format":"standard","meta":{"tdm_status":"","tdm_grid_status":"","footnotes":""},"categories":[37],"tags":[],"class_list":{"0":"post-56211","1":"post","2":"type-post","3":"status-publish","4":"format-standard","5":"has-post-thumbnail","7":"category-nota-principal"},"yoast_head":"<!-- This site is optimized with the Yoast SEO plugin v27.4 - https:\/\/yoast.com\/product\/yoast-seo-wordpress\/ -->\n<title>Vinculan a proceso al rector de la UAS tras casi 12 horas de audiencia - Fuentes Fidedignas<\/title>\n<meta name=\"robots\" content=\"index, follow, max-snippet:-1, max-image-preview:large, max-video-preview:-1\" \/>\n<link rel=\"canonical\" href=\"https:\/\/fuentesfidedignas.com.mx\/index.php\/2023\/08\/21\/vinculan-a-proceso-al-rector-de-la-uas-tras-casi-12-horas-de-audiencia\/\" \/>\n<meta property=\"og:locale\" content=\"es_MX\" \/>\n<meta property=\"og:type\" content=\"article\" \/>\n<meta property=\"og:title\" content=\"Vinculan a proceso al rector de la UAS tras casi 12 horas de audiencia - Fuentes Fidedignas\" \/>\n<meta property=\"og:description\" content=\"Jes\u00fas Madue\u00f1a tiene como medida cautelar no salir del pa\u00eds durante tres meses Culiac\u00e1n, Sin. El rector de la Universidad Aut\u00f3noma de Sinaloa (UAS), Jes\u00fas Madue\u00f1a Molina, fue vinculado a proceso por el delito de abuso de autoridad por no permitir a la ASE realizar auditor\u00edas a recursos que ascendieron a 400 millones de pesos. [&hellip;]\" \/>\n<meta property=\"og:url\" content=\"https:\/\/fuentesfidedignas.com.mx\/index.php\/2023\/08\/21\/vinculan-a-proceso-al-rector-de-la-uas-tras-casi-12-horas-de-audiencia\/\" \/>\n<meta property=\"og:site_name\" content=\"Fuentes Fidedignas\" \/>\n<meta property=\"article:publisher\" content=\"https:\/\/www.facebook.com\/Fuentes-Fidedignas-368234489921644\" \/>\n<meta property=\"article:published_time\" content=\"2023-08-22T04:06:38+00:00\" \/>\n<meta property=\"article:modified_time\" content=\"2023-08-22T04:17:03+00:00\" \/>\n<meta property=\"og:image\" content=\"https:\/\/fuentesfidedignas.com.mx\/wp-content\/uploads\/2023\/08\/AUDIENCIA-RECTOR-1-e1692651285826.jpeg\" \/>\n\t<meta property=\"og:image:width\" content=\"600\" \/>\n\t<meta property=\"og:image:height\" content=\"400\" \/>\n\t<meta property=\"og:image:type\" content=\"image\/jpeg\" \/>\n<meta name=\"author\" content=\"Marissa Palafox\" \/>\n<meta name=\"twitter:card\" content=\"summary_large_image\" \/>\n<meta name=\"twitter:creator\" content=\"@fidedignas\" \/>\n<meta name=\"twitter:site\" content=\"@fidedignas\" \/>\n<meta name=\"twitter:label1\" content=\"Escrito por\" \/>\n\t<meta name=\"twitter:data1\" content=\"Marissa Palafox\" \/>\n\t<meta name=\"twitter:label2\" content=\"Tiempo de lectura\" \/>\n\t<meta name=\"twitter:data2\" content=\"1 minuto\" \/>\n<script type=\"application\/ld+json\" class=\"yoast-schema-graph\">{\"@context\":\"https:\\\/\\\/schema.org\",\"@graph\":[{\"@type\":\"Article\",\"@id\":\"https:\\\/\\\/fuentesfidedignas.com.mx\\\/index.php\\\/2023\\\/08\\\/21\\\/vinculan-a-proceso-al-rector-de-la-uas-tras-casi-12-horas-de-audiencia\\\/#article\",\"isPartOf\":{\"@id\":\"https:\\\/\\\/fuentesfidedignas.com.mx\\\/index.php\\\/2023\\\/08\\\/21\\\/vinculan-a-proceso-al-rector-de-la-uas-tras-casi-12-horas-de-audiencia\\\/\"},\"author\":{\"name\":\"Marissa Palafox\",\"@id\":\"https:\\\/\\\/fuentesfidedignas.com.mx\\\/#\\\/schema\\\/person\\\/2c10028b4a30078c05a056a215342ab9\"},\"headline\":\"Vinculan a proceso al rector de la UAS tras casi 12 horas de audiencia\",\"datePublished\":\"2023-08-22T04:06:38+00:00\",\"dateModified\":\"2023-08-22T04:17:03+00:00\",\"mainEntityOfPage\":{\"@id\":\"https:\\\/\\\/fuentesfidedignas.com.mx\\\/index.php\\\/2023\\\/08\\\/21\\\/vinculan-a-proceso-al-rector-de-la-uas-tras-casi-12-horas-de-audiencia\\\/\"},\"wordCount\":168,\"commentCount\":0,\"publisher\":{\"@id\":\"https:\\\/\\\/fuentesfidedignas.com.mx\\\/#organization\"},\"image\":{\"@id\":\"https:\\\/\\\/fuentesfidedignas.com.mx\\\/index.php\\\/2023\\\/08\\\/21\\\/vinculan-a-proceso-al-rector-de-la-uas-tras-casi-12-horas-de-audiencia\\\/#primaryimage\"},\"thumbnailUrl\":\"https:\\\/\\\/fuentesfidedignas.com.mx\\\/wp-content\\\/uploads\\\/2023\\\/08\\\/AUDIENCIA-RECTOR-1-e1692651285826.jpeg\",\"articleSection\":[\"NOTA PRINCIPAL\"],\"inLanguage\":\"es\",\"potentialAction\":[{\"@type\":\"CommentAction\",\"name\":\"Comment\",\"target\":[\"https:\\\/\\\/fuentesfidedignas.com.mx\\\/index.php\\\/2023\\\/08\\\/21\\\/vinculan-a-proceso-al-rector-de-la-uas-tras-casi-12-horas-de-audiencia\\\/#respond\"]}]},{\"@type\":\"WebPage\",\"@id\":\"https:\\\/\\\/fuentesfidedignas.com.mx\\\/index.php\\\/2023\\\/08\\\/21\\\/vinculan-a-proceso-al-rector-de-la-uas-tras-casi-12-horas-de-audiencia\\\/\",\"url\":\"https:\\\/\\\/fuentesfidedignas.com.mx\\\/index.php\\\/2023\\\/08\\\/21\\\/vinculan-a-proceso-al-rector-de-la-uas-tras-casi-12-horas-de-audiencia\\\/\",\"name\":\"Vinculan a proceso al rector de la UAS tras casi 12 horas de audiencia - Fuentes Fidedignas\",\"isPartOf\":{\"@id\":\"https:\\\/\\\/fuentesfidedignas.com.mx\\\/#website\"},\"primaryImageOfPage\":{\"@id\":\"https:\\\/\\\/fuentesfidedignas.com.mx\\\/index.php\\\/2023\\\/08\\\/21\\\/vinculan-a-proceso-al-rector-de-la-uas-tras-casi-12-horas-de-audiencia\\\/#primaryimage\"},\"image\":{\"@id\":\"https:\\\/\\\/fuentesfidedignas.com.mx\\\/index.php\\\/2023\\\/08\\\/21\\\/vinculan-a-proceso-al-rector-de-la-uas-tras-casi-12-horas-de-audiencia\\\/#primaryimage\"},\"thumbnailUrl\":\"https:\\\/\\\/fuentesfidedignas.com.mx\\\/wp-content\\\/uploads\\\/2023\\\/08\\\/AUDIENCIA-RECTOR-1-e1692651285826.jpeg\",\"datePublished\":\"2023-08-22T04:06:38+00:00\",\"dateModified\":\"2023-08-22T04:17:03+00:00\",\"breadcrumb\":{\"@id\":\"https:\\\/\\\/fuentesfidedignas.com.mx\\\/index.php\\\/2023\\\/08\\\/21\\\/vinculan-a-proceso-al-rector-de-la-uas-tras-casi-12-horas-de-audiencia\\\/#breadcrumb\"},\"inLanguage\":\"es\",\"potentialAction\":[{\"@type\":\"ReadAction\",\"target\":[\"https:\\\/\\\/fuentesfidedignas.com.mx\\\/index.php\\\/2023\\\/08\\\/21\\\/vinculan-a-proceso-al-rector-de-la-uas-tras-casi-12-horas-de-audiencia\\\/\"]}]},{\"@type\":\"ImageObject\",\"inLanguage\":\"es\",\"@id\":\"https:\\\/\\\/fuentesfidedignas.com.mx\\\/index.php\\\/2023\\\/08\\\/21\\\/vinculan-a-proceso-al-rector-de-la-uas-tras-casi-12-horas-de-audiencia\\\/#primaryimage\",\"url\":\"https:\\\/\\\/fuentesfidedignas.com.mx\\\/wp-content\\\/uploads\\\/2023\\\/08\\\/AUDIENCIA-RECTOR-1-e1692651285826.jpeg\",\"contentUrl\":\"https:\\\/\\\/fuentesfidedignas.com.mx\\\/wp-content\\\/uploads\\\/2023\\\/08\\\/AUDIENCIA-RECTOR-1-e1692651285826.jpeg\",\"width\":600,\"height\":400},{\"@type\":\"BreadcrumbList\",\"@id\":\"https:\\\/\\\/fuentesfidedignas.com.mx\\\/index.php\\\/2023\\\/08\\\/21\\\/vinculan-a-proceso-al-rector-de-la-uas-tras-casi-12-horas-de-audiencia\\\/#breadcrumb\",\"itemListElement\":[{\"@type\":\"ListItem\",\"position\":1,\"name\":\"Inicio\",\"item\":\"https:\\\/\\\/fuentesfidedignas.com.mx\\\/\"},{\"@type\":\"ListItem\",\"position\":2,\"name\":\"Vinculan a proceso al rector de la UAS tras casi 12 horas de audiencia\"}]},{\"@type\":\"WebSite\",\"@id\":\"https:\\\/\\\/fuentesfidedignas.com.mx\\\/#website\",\"url\":\"https:\\\/\\\/fuentesfidedignas.com.mx\\\/\",\"name\":\"Fuentes Fidedignas\",\"description\":\"Otro sitio realizado con WordPress\",\"publisher\":{\"@id\":\"https:\\\/\\\/fuentesfidedignas.com.mx\\\/#organization\"},\"potentialAction\":[{\"@type\":\"SearchAction\",\"target\":{\"@type\":\"EntryPoint\",\"urlTemplate\":\"https:\\\/\\\/fuentesfidedignas.com.mx\\\/?s={search_term_string}\"},\"query-input\":{\"@type\":\"PropertyValueSpecification\",\"valueRequired\":true,\"valueName\":\"search_term_string\"}}],\"inLanguage\":\"es\"},{\"@type\":\"Organization\",\"@id\":\"https:\\\/\\\/fuentesfidedignas.com.mx\\\/#organization\",\"name\":\"Fuentes Fidedignas\",\"url\":\"https:\\\/\\\/fuentesfidedignas.com.mx\\\/\",\"logo\":{\"@type\":\"ImageObject\",\"inLanguage\":\"es\",\"@id\":\"https:\\\/\\\/fuentesfidedignas.com.mx\\\/#\\\/schema\\\/logo\\\/image\\\/\",\"url\":\"https:\\\/\\\/fuentesfidedignas.com.mx\\\/wp-content\\\/uploads\\\/2021\\\/04\\\/logo-retina.png\",\"contentUrl\":\"https:\\\/\\\/fuentesfidedignas.com.mx\\\/wp-content\\\/uploads\\\/2021\\\/04\\\/logo-retina.png\",\"width\":280,\"height\":51,\"caption\":\"Fuentes Fidedignas\"},\"image\":{\"@id\":\"https:\\\/\\\/fuentesfidedignas.com.mx\\\/#\\\/schema\\\/logo\\\/image\\\/\"},\"sameAs\":[\"https:\\\/\\\/www.facebook.com\\\/Fuentes-Fidedignas-368234489921644\",\"https:\\\/\\\/x.com\\\/fidedignas\"]},{\"@type\":\"Person\",\"@id\":\"https:\\\/\\\/fuentesfidedignas.com.mx\\\/#\\\/schema\\\/person\\\/2c10028b4a30078c05a056a215342ab9\",\"name\":\"Marissa Palafox\",\"image\":{\"@type\":\"ImageObject\",\"inLanguage\":\"es\",\"@id\":\"https:\\\/\\\/secure.gravatar.com\\\/avatar\\\/20a43bdb2f2db10f20b22d4e98b96eb027faf98f7f76d29854dc5fab46d1cf71?s=96&d=mm&r=g\",\"url\":\"https:\\\/\\\/secure.gravatar.com\\\/avatar\\\/20a43bdb2f2db10f20b22d4e98b96eb027faf98f7f76d29854dc5fab46d1cf71?s=96&d=mm&r=g\",\"contentUrl\":\"https:\\\/\\\/secure.gravatar.com\\\/avatar\\\/20a43bdb2f2db10f20b22d4e98b96eb027faf98f7f76d29854dc5fab46d1cf71?s=96&d=mm&r=g\",\"caption\":\"Marissa Palafox\"},\"url\":\"https:\\\/\\\/fuentesfidedignas.com.mx\\\/index.php\\\/author\\\/marissa\\\/\"}]}<\/script>\n<!-- \/ Yoast SEO plugin. -->","yoast_head_json":{"title":"Vinculan a proceso al rector de la UAS tras casi 12 horas de audiencia - Fuentes Fidedignas","robots":{"index":"index","follow":"follow","max-snippet":"max-snippet:-1","max-image-preview":"max-image-preview:large","max-video-preview":"max-video-preview:-1"},"canonical":"https:\/\/fuentesfidedignas.com.mx\/index.php\/2023\/08\/21\/vinculan-a-proceso-al-rector-de-la-uas-tras-casi-12-horas-de-audiencia\/","og_locale":"es_MX","og_type":"article","og_title":"Vinculan a proceso al rector de la UAS tras casi 12 horas de audiencia - Fuentes Fidedignas","og_description":"Jes\u00fas Madue\u00f1a tiene como medida cautelar no salir del pa\u00eds durante tres meses Culiac\u00e1n, Sin. El rector de la Universidad Aut\u00f3noma de Sinaloa (UAS), Jes\u00fas Madue\u00f1a Molina, fue vinculado a proceso por el delito de abuso de autoridad por no permitir a la ASE realizar auditor\u00edas a recursos que ascendieron a 400 millones de pesos. [&hellip;]","og_url":"https:\/\/fuentesfidedignas.com.mx\/index.php\/2023\/08\/21\/vinculan-a-proceso-al-rector-de-la-uas-tras-casi-12-horas-de-audiencia\/","og_site_name":"Fuentes Fidedignas","article_publisher":"https:\/\/www.facebook.com\/Fuentes-Fidedignas-368234489921644","article_published_time":"2023-08-22T04:06:38+00:00","article_modified_time":"2023-08-22T04:17:03+00:00","og_image":[{"width":600,"height":400,"url":"https:\/\/fuentesfidedignas.com.mx\/wp-content\/uploads\/2023\/08\/AUDIENCIA-RECTOR-1-e1692651285826.jpeg","type":"image\/jpeg"}],"author":"Marissa Palafox","twitter_card":"summary_large_image","twitter_creator":"@fidedignas","twitter_site":"@fidedignas","twitter_misc":{"Escrito por":"Marissa Palafox","Tiempo de lectura":"1 minuto"},"schema":{"@context":"https:\/\/schema.org","@graph":[{"@type":"Article","@id":"https:\/\/fuentesfidedignas.com.mx\/index.php\/2023\/08\/21\/vinculan-a-proceso-al-rector-de-la-uas-tras-casi-12-horas-de-audiencia\/#article","isPartOf":{"@id":"https:\/\/fuentesfidedignas.com.mx\/index.php\/2023\/08\/21\/vinculan-a-proceso-al-rector-de-la-uas-tras-casi-12-horas-de-audiencia\/"},"author":{"name":"Marissa Palafox","@id":"https:\/\/fuentesfidedignas.com.mx\/#\/schema\/person\/2c10028b4a30078c05a056a215342ab9"},"headline":"Vinculan a proceso al rector de la UAS tras casi 12 horas de audiencia","datePublished":"2023-08-22T04:06:38+00:00","dateModified":"2023-08-22T04:17:03+00:00","mainEntityOfPage":{"@id":"https:\/\/fuentesfidedignas.com.mx\/index.php\/2023\/08\/21\/vinculan-a-proceso-al-rector-de-la-uas-tras-casi-12-horas-de-audiencia\/"},"wordCount":168,"commentCount":0,"publisher":{"@id":"https:\/\/fuentesfidedignas.com.mx\/#organization"},"image":{"@id":"https:\/\/fuentesfidedignas.com.mx\/index.php\/2023\/08\/21\/vinculan-a-proceso-al-rector-de-la-uas-tras-casi-12-horas-de-audiencia\/#primaryimage"},"thumbnailUrl":"https:\/\/fuentesfidedignas.com.mx\/wp-content\/uploads\/2023\/08\/AUDIENCIA-RECTOR-1-e1692651285826.jpeg","articleSection":["NOTA PRINCIPAL"],"inLanguage":"es","potentialAction":[{"@type":"CommentAction","name":"Comment","target":["https:\/\/fuentesfidedignas.com.mx\/index.php\/2023\/08\/21\/vinculan-a-proceso-al-rector-de-la-uas-tras-casi-12-horas-de-audiencia\/#respond"]}]},{"@type":"WebPage","@id":"https:\/\/fuentesfidedignas.com.mx\/index.php\/2023\/08\/21\/vinculan-a-proceso-al-rector-de-la-uas-tras-casi-12-horas-de-audiencia\/","url":"https:\/\/fuentesfidedignas.com.mx\/index.php\/2023\/08\/21\/vinculan-a-proceso-al-rector-de-la-uas-tras-casi-12-horas-de-audiencia\/","name":"Vinculan a proceso al rector de la UAS tras casi 12 horas de audiencia - Fuentes Fidedignas","isPartOf":{"@id":"https:\/\/fuentesfidedignas.com.mx\/#website"},"primaryImageOfPage":{"@id":"https:\/\/fuentesfidedignas.com.mx\/index.php\/2023\/08\/21\/vinculan-a-proceso-al-rector-de-la-uas-tras-casi-12-horas-de-audiencia\/#primaryimage"},"image":{"@id":"https:\/\/fuentesfidedignas.com.mx\/index.php\/2023\/08\/21\/vinculan-a-proceso-al-rector-de-la-uas-tras-casi-12-horas-de-audiencia\/#primaryimage"},"thumbnailUrl":"https:\/\/fuentesfidedignas.com.mx\/wp-content\/uploads\/2023\/08\/AUDIENCIA-RECTOR-1-e1692651285826.jpeg","datePublished":"2023-08-22T04:06:38+00:00","dateModified":"2023-08-22T04:17:03+00:00","breadcrumb":{"@id":"https:\/\/fuentesfidedignas.com.mx\/index.php\/2023\/08\/21\/vinculan-a-proceso-al-rector-de-la-uas-tras-casi-12-horas-de-audiencia\/#breadcrumb"},"inLanguage":"es","potentialAction":[{"@type":"ReadAction","target":["https:\/\/fuentesfidedignas.com.mx\/index.php\/2023\/08\/21\/vinculan-a-proceso-al-rector-de-la-uas-tras-casi-12-horas-de-audiencia\/"]}]},{"@type":"ImageObject","inLanguage":"es","@id":"https:\/\/fuentesfidedignas.com.mx\/index.php\/2023\/08\/21\/vinculan-a-proceso-al-rector-de-la-uas-tras-casi-12-horas-de-audiencia\/#primaryimage","url":"https:\/\/fuentesfidedignas.com.mx\/wp-content\/uploads\/2023\/08\/AUDIENCIA-RECTOR-1-e1692651285826.jpeg","contentUrl":"https:\/\/fuentesfidedignas.com.mx\/wp-content\/uploads\/2023\/08\/AUDIENCIA-RECTOR-1-e1692651285826.jpeg","width":600,"height":400},{"@type":"BreadcrumbList","@id":"https:\/\/fuentesfidedignas.com.mx\/index.php\/2023\/08\/21\/vinculan-a-proceso-al-rector-de-la-uas-tras-casi-12-horas-de-audiencia\/#breadcrumb","itemListElement":[{"@type":"ListItem","position":1,"name":"Inicio","item":"https:\/\/fuentesfidedignas.com.mx\/"},{"@type":"ListItem","position":2,"name":"Vinculan a proceso al rector de la UAS tras casi 12 horas de audiencia"}]},{"@type":"WebSite","@id":"https:\/\/fuentesfidedignas.com.mx\/#website","url":"https:\/\/fuentesfidedignas.com.mx\/","name":"Fuentes Fidedignas","description":"Otro sitio realizado con WordPress","publisher":{"@id":"https:\/\/fuentesfidedignas.com.mx\/#organization"},"potentialAction":[{"@type":"SearchAction","target":{"@type":"EntryPoint","urlTemplate":"https:\/\/fuentesfidedignas.com.mx\/?s={search_term_string}"},"query-input":{"@type":"PropertyValueSpecification","valueRequired":true,"valueName":"search_term_string"}}],"inLanguage":"es"},{"@type":"Organization","@id":"https:\/\/fuentesfidedignas.com.mx\/#organization","name":"Fuentes Fidedignas","url":"https:\/\/fuentesfidedignas.com.mx\/","logo":{"@type":"ImageObject","inLanguage":"es","@id":"https:\/\/fuentesfidedignas.com.mx\/#\/schema\/logo\/image\/","url":"https:\/\/fuentesfidedignas.com.mx\/wp-content\/uploads\/2021\/04\/logo-retina.png","contentUrl":"https:\/\/fuentesfidedignas.com.mx\/wp-content\/uploads\/2021\/04\/logo-retina.png","width":280,"height":51,"caption":"Fuentes Fidedignas"},"image":{"@id":"https:\/\/fuentesfidedignas.com.mx\/#\/schema\/logo\/image\/"},"sameAs":["https:\/\/www.facebook.com\/Fuentes-Fidedignas-368234489921644","https:\/\/x.com\/fidedignas"]},{"@type":"Person","@id":"https:\/\/fuentesfidedignas.com.mx\/#\/schema\/person\/2c10028b4a30078c05a056a215342ab9","name":"Marissa Palafox","image":{"@type":"ImageObject","inLanguage":"es","@id":"https:\/\/secure.gravatar.com\/avatar\/20a43bdb2f2db10f20b22d4e98b96eb027faf98f7f76d29854dc5fab46d1cf71?s=96&d=mm&r=g","url":"https:\/\/secure.gravatar.com\/avatar\/20a43bdb2f2db10f20b22d4e98b96eb027faf98f7f76d29854dc5fab46d1cf71?s=96&d=mm&r=g","contentUrl":"https:\/\/secure.gravatar.com\/avatar\/20a43bdb2f2db10f20b22d4e98b96eb027faf98f7f76d29854dc5fab46d1cf71?s=96&d=mm&r=g","caption":"Marissa Palafox"},"url":"https:\/\/fuentesfidedignas.com.mx\/index.php\/author\/marissa\/"}]}},"_links":{"self":[{"href":"https:\/\/fuentesfidedignas.com.mx\/index.php\/wp-json\/wp\/v2\/posts\/56211","targetHints":{"allow":["GET"]}}],"collection":[{"href":"https:\/\/fuentesfidedignas.com.mx\/index.php\/wp-json\/wp\/v2\/posts"}],"about":[{"href":"https:\/\/fuentesfidedignas.com.mx\/index.php\/wp-json\/wp\/v2\/types\/post"}],"author":[{"embeddable":true,"href":"https:\/\/fuentesfidedignas.com.mx\/index.php\/wp-json\/wp\/v2\/users\/11"}],"replies":[{"embeddable":true,"href":"https:\/\/fuentesfidedignas.com.mx\/index.php\/wp-json\/wp\/v2\/comments?post=56211"}],"version-history":[{"count":3,"href":"https:\/\/fuentesfidedignas.com.mx\/index.php\/wp-json\/wp\/v2\/posts\/56211\/revisions"}],"predecessor-version":[{"id":56214,"href":"https:\/\/fuentesfidedignas.com.mx\/index.php\/wp-json\/wp\/v2\/posts\/56211\/revisions\/56214"}],"wp:featuredmedia":[{"embeddable":true,"href":"https:\/\/fuentesfidedignas.com.mx\/index.php\/wp-json\/wp\/v2\/media\/56155"}],"wp:attachment":[{"href":"https:\/\/fuentesfidedignas.com.mx\/index.php\/wp-json\/wp\/v2\/media?parent=56211"}],"wp:term":[{"taxonomy":"category","embeddable":true,"href":"https:\/\/fuentesfidedignas.com.mx\/index.php\/wp-json\/wp\/v2\/categories?post=56211"},{"taxonomy":"post_tag","embeddable":true,"href":"https:\/\/fuentesfidedignas.com.mx\/index.php\/wp-json\/wp\/v2\/tags?post=56211"}],"curies":[{"name":"wp","href":"https:\/\/api.w.org\/{rel}","templated":true}]}}