{"id":56143,"date":"2023-08-21T13:38:29","date_gmt":"2023-08-21T20:38:29","guid":{"rendered":"https:\/\/fuentesfidedignas.com.mx\/?p=56143"},"modified":"2023-08-21T13:41:10","modified_gmt":"2023-08-21T20:41:10","slug":"informes-legislativos-son-legales-son-una-obligacion-defiende-feliciano-castro","status":"publish","type":"post","link":"https:\/\/fuentesfidedignas.com.mx\/index.php\/2023\/08\/21\/informes-legislativos-son-legales-son-una-obligacion-defiende-feliciano-castro\/","title":{"rendered":"Informes legislativos son legales y una obligaci\u00f3n, defiende Feliciano Castro"},"content":{"rendered":"\n<p><em><strong>Hoy se llev\u00f3 a cabo el Segundo Informe Legislativo del Grupo Parlamentario de Morena, el cual se replicar\u00e1n esta semana en otros cuatro municipios de Sinaloa<\/strong><\/em><\/p>\n\n\n\n<p>Culiac\u00e1n, Sin.- Los informes legislativos son una obligaci\u00f3n y se hacen bajo toda legalidad sin da\u00f1ar al erario p\u00fablico, afirm\u00f3 el coordinador del Grupo Parlamentario de Morena, Feliciano Castro Mel\u00e9ndrez. Esto, al rechazar los se\u00f1alamientos del diputado Gene Ren\u00e9 Boj\u00f3rquez Ruiz, quien critic\u00f3 estos ejercicios para rendir cuentas a la sociedad.<\/p>\n\n\n\n<p>&#8220;<strong>Al contrario, es obligaci\u00f3n un informe legislativo ante el pueblo. No s\u00f3lo con eventos, sino buscar los mecanismos y las formas para ir con la gente casa por casa, colonia por colonia, comunidad por comunidad. La pol\u00edtica ha cambiado y hay un proceso de ciudadanizaci\u00f3n de la pol\u00edtica, que emerge desde el pueblo, y lo que estamos haciendo es cumplir con una obligaci\u00f3n institucional<\/strong>&#8220;, enfatiz\u00f3.<\/p>\n\n\n\n<p>El diputado morenista afirm\u00f3 que el presupuesto que se ha utilizado para realizar los informes legislativos, es derivado de los recursos asignados al Grupo Parlamentario de Morena, por lo que no se est\u00e1 atentando contra los bolsillos del pueblo.<\/p>\n\n\n\n<p>&#8220;<strong>Estamos cumpliendo con la Constituci\u00f3n, estamos cumpliendo con los principios de Morena y con nuestras propias convicciones pol\u00edticas. Tengo la absoluta convicci\u00f3n de que est\u00e1 fuera de lugar. La opini\u00f3n p\u00fablica merece respeto y no debe de ser la mentira lo que se ponga por delante<\/strong>&#8220;, asever\u00f3 el tambi\u00e9n presidente de la Junta de Coordinaci\u00f3n Pol\u00edtica.<\/p>\n\n\n\n<p>Este lunes se llev\u00f3 a cabo el Segundo Informe Legislativo del Grupo Parlamentario de Morena, el cual se replicar\u00e1n en otros municipios de Sinaloa:<\/p>\n\n\n\n<figure class=\"wp-block-image size-large\"><img decoding=\"async\" width=\"1024\" height=\"576\" src=\"https:\/\/fuentesfidedignas.com.mx\/wp-content\/uploads\/2023\/08\/informes-1024x576.jpg\" alt=\"\" class=\"wp-image-56145\" srcset=\"https:\/\/fuentesfidedignas.com.mx\/wp-content\/uploads\/2023\/08\/informes-1024x576.jpg 1024w, https:\/\/fuentesfidedignas.com.mx\/wp-content\/uploads\/2023\/08\/informes-300x169.jpg 300w, https:\/\/fuentesfidedignas.com.mx\/wp-content\/uploads\/2023\/08\/informes-768x432.jpg 768w, https:\/\/fuentesfidedignas.com.mx\/wp-content\/uploads\/2023\/08\/informes-1536x864.jpg 1536w, https:\/\/fuentesfidedignas.com.mx\/wp-content\/uploads\/2023\/08\/informes-696x392.jpg 696w, https:\/\/fuentesfidedignas.com.mx\/wp-content\/uploads\/2023\/08\/informes-1068x601.jpg 1068w, https:\/\/fuentesfidedignas.com.mx\/wp-content\/uploads\/2023\/08\/informes-747x420.jpg 747w, https:\/\/fuentesfidedignas.com.mx\/wp-content\/uploads\/2023\/08\/informes.jpg 1600w\" sizes=\"(max-width: 1024px) 100vw, 1024px\" \/><\/figure>\n","protected":false},"excerpt":{"rendered":"<p>Hoy se llev\u00f3 a cabo el Segundo Informe Legislativo del Grupo Parlamentario de Morena, el cual se replicar\u00e1n esta semana en otros cuatro municipios de Sinaloa Culiac\u00e1n, Sin.- Los informes legislativos son una obligaci\u00f3n y se hacen bajo toda legalidad sin da\u00f1ar al erario p\u00fablico, afirm\u00f3 el coordinador del Grupo Parlamentario de Morena, Feliciano Castro [&hellip;]<\/p>\n","protected":false},"author":11,"featured_media":56144,"comment_status":"open","ping_status":"open","sticky":false,"template":"","format":"standard","meta":{"tdm_status":"","tdm_grid_status":"","footnotes":""},"categories":[38],"tags":[],"class_list":{"0":"post-56143","1":"post","2":"type-post","3":"status-publish","4":"format-standard","5":"has-post-thumbnail","7":"category-noticias-locales"},"yoast_head":"<!-- This site is optimized with the Yoast SEO plugin v27.4 - https:\/\/yoast.com\/product\/yoast-seo-wordpress\/ -->\n<title>Informes legislativos son legales y una obligaci\u00f3n, defiende Feliciano Castro - Fuentes Fidedignas<\/title>\n<meta name=\"robots\" content=\"index, follow, max-snippet:-1, max-image-preview:large, max-video-preview:-1\" \/>\n<link rel=\"canonical\" href=\"https:\/\/fuentesfidedignas.com.mx\/index.php\/2023\/08\/21\/informes-legislativos-son-legales-son-una-obligacion-defiende-feliciano-castro\/\" \/>\n<meta property=\"og:locale\" content=\"es_MX\" \/>\n<meta property=\"og:type\" content=\"article\" \/>\n<meta property=\"og:title\" content=\"Informes legislativos son legales y una obligaci\u00f3n, defiende Feliciano Castro - Fuentes Fidedignas\" \/>\n<meta property=\"og:description\" content=\"Hoy se llev\u00f3 a cabo el Segundo Informe Legislativo del Grupo Parlamentario de Morena, el cual se replicar\u00e1n esta semana en otros cuatro municipios de Sinaloa Culiac\u00e1n, Sin.- Los informes legislativos son una obligaci\u00f3n y se hacen bajo toda legalidad sin da\u00f1ar al erario p\u00fablico, afirm\u00f3 el coordinador del Grupo Parlamentario de Morena, Feliciano Castro [&hellip;]\" \/>\n<meta property=\"og:url\" content=\"https:\/\/fuentesfidedignas.com.mx\/index.php\/2023\/08\/21\/informes-legislativos-son-legales-son-una-obligacion-defiende-feliciano-castro\/\" \/>\n<meta property=\"og:site_name\" content=\"Fuentes Fidedignas\" \/>\n<meta property=\"article:publisher\" content=\"https:\/\/www.facebook.com\/Fuentes-Fidedignas-368234489921644\" \/>\n<meta property=\"article:published_time\" content=\"2023-08-21T20:38:29+00:00\" \/>\n<meta property=\"article:modified_time\" content=\"2023-08-21T20:41:10+00:00\" \/>\n<meta property=\"og:image\" content=\"https:\/\/fuentesfidedignas.com.mx\/wp-content\/uploads\/2023\/08\/feliciano-2108-e1692649344658.jpg\" \/>\n\t<meta property=\"og:image:width\" content=\"600\" \/>\n\t<meta property=\"og:image:height\" content=\"420\" \/>\n\t<meta property=\"og:image:type\" content=\"image\/jpeg\" \/>\n<meta name=\"author\" content=\"Marissa Palafox\" \/>\n<meta name=\"twitter:card\" content=\"summary_large_image\" \/>\n<meta name=\"twitter:creator\" content=\"@fidedignas\" \/>\n<meta name=\"twitter:site\" content=\"@fidedignas\" \/>\n<meta name=\"twitter:label1\" content=\"Escrito por\" \/>\n\t<meta name=\"twitter:data1\" content=\"Marissa Palafox\" \/>\n\t<meta name=\"twitter:label2\" content=\"Tiempo de lectura\" \/>\n\t<meta name=\"twitter:data2\" content=\"2 minutos\" \/>\n<script type=\"application\/ld+json\" class=\"yoast-schema-graph\">{\"@context\":\"https:\\\/\\\/schema.org\",\"@graph\":[{\"@type\":\"Article\",\"@id\":\"https:\\\/\\\/fuentesfidedignas.com.mx\\\/index.php\\\/2023\\\/08\\\/21\\\/informes-legislativos-son-legales-son-una-obligacion-defiende-feliciano-castro\\\/#article\",\"isPartOf\":{\"@id\":\"https:\\\/\\\/fuentesfidedignas.com.mx\\\/index.php\\\/2023\\\/08\\\/21\\\/informes-legislativos-son-legales-son-una-obligacion-defiende-feliciano-castro\\\/\"},\"author\":{\"name\":\"Marissa Palafox\",\"@id\":\"https:\\\/\\\/fuentesfidedignas.com.mx\\\/#\\\/schema\\\/person\\\/2c10028b4a30078c05a056a215342ab9\"},\"headline\":\"Informes legislativos son legales y una obligaci\u00f3n, defiende Feliciano Castro\",\"datePublished\":\"2023-08-21T20:38:29+00:00\",\"dateModified\":\"2023-08-21T20:41:10+00:00\",\"mainEntityOfPage\":{\"@id\":\"https:\\\/\\\/fuentesfidedignas.com.mx\\\/index.php\\\/2023\\\/08\\\/21\\\/informes-legislativos-son-legales-son-una-obligacion-defiende-feliciano-castro\\\/\"},\"wordCount\":296,\"commentCount\":0,\"publisher\":{\"@id\":\"https:\\\/\\\/fuentesfidedignas.com.mx\\\/#organization\"},\"image\":{\"@id\":\"https:\\\/\\\/fuentesfidedignas.com.mx\\\/index.php\\\/2023\\\/08\\\/21\\\/informes-legislativos-son-legales-son-una-obligacion-defiende-feliciano-castro\\\/#primaryimage\"},\"thumbnailUrl\":\"https:\\\/\\\/fuentesfidedignas.com.mx\\\/wp-content\\\/uploads\\\/2023\\\/08\\\/feliciano-2108-e1692649344658.jpg\",\"articleSection\":[\"NOTICIAS LOCALES\"],\"inLanguage\":\"es\",\"potentialAction\":[{\"@type\":\"CommentAction\",\"name\":\"Comment\",\"target\":[\"https:\\\/\\\/fuentesfidedignas.com.mx\\\/index.php\\\/2023\\\/08\\\/21\\\/informes-legislativos-son-legales-son-una-obligacion-defiende-feliciano-castro\\\/#respond\"]}]},{\"@type\":\"WebPage\",\"@id\":\"https:\\\/\\\/fuentesfidedignas.com.mx\\\/index.php\\\/2023\\\/08\\\/21\\\/informes-legislativos-son-legales-son-una-obligacion-defiende-feliciano-castro\\\/\",\"url\":\"https:\\\/\\\/fuentesfidedignas.com.mx\\\/index.php\\\/2023\\\/08\\\/21\\\/informes-legislativos-son-legales-son-una-obligacion-defiende-feliciano-castro\\\/\",\"name\":\"Informes legislativos son legales y una obligaci\u00f3n, defiende Feliciano Castro - Fuentes Fidedignas\",\"isPartOf\":{\"@id\":\"https:\\\/\\\/fuentesfidedignas.com.mx\\\/#website\"},\"primaryImageOfPage\":{\"@id\":\"https:\\\/\\\/fuentesfidedignas.com.mx\\\/index.php\\\/2023\\\/08\\\/21\\\/informes-legislativos-son-legales-son-una-obligacion-defiende-feliciano-castro\\\/#primaryimage\"},\"image\":{\"@id\":\"https:\\\/\\\/fuentesfidedignas.com.mx\\\/index.php\\\/2023\\\/08\\\/21\\\/informes-legislativos-son-legales-son-una-obligacion-defiende-feliciano-castro\\\/#primaryimage\"},\"thumbnailUrl\":\"https:\\\/\\\/fuentesfidedignas.com.mx\\\/wp-content\\\/uploads\\\/2023\\\/08\\\/feliciano-2108-e1692649344658.jpg\",\"datePublished\":\"2023-08-21T20:38:29+00:00\",\"dateModified\":\"2023-08-21T20:41:10+00:00\",\"breadcrumb\":{\"@id\":\"https:\\\/\\\/fuentesfidedignas.com.mx\\\/index.php\\\/2023\\\/08\\\/21\\\/informes-legislativos-son-legales-son-una-obligacion-defiende-feliciano-castro\\\/#breadcrumb\"},\"inLanguage\":\"es\",\"potentialAction\":[{\"@type\":\"ReadAction\",\"target\":[\"https:\\\/\\\/fuentesfidedignas.com.mx\\\/index.php\\\/2023\\\/08\\\/21\\\/informes-legislativos-son-legales-son-una-obligacion-defiende-feliciano-castro\\\/\"]}]},{\"@type\":\"ImageObject\",\"inLanguage\":\"es\",\"@id\":\"https:\\\/\\\/fuentesfidedignas.com.mx\\\/index.php\\\/2023\\\/08\\\/21\\\/informes-legislativos-son-legales-son-una-obligacion-defiende-feliciano-castro\\\/#primaryimage\",\"url\":\"https:\\\/\\\/fuentesfidedignas.com.mx\\\/wp-content\\\/uploads\\\/2023\\\/08\\\/feliciano-2108-e1692649344658.jpg\",\"contentUrl\":\"https:\\\/\\\/fuentesfidedignas.com.mx\\\/wp-content\\\/uploads\\\/2023\\\/08\\\/feliciano-2108-e1692649344658.jpg\",\"width\":600,\"height\":420},{\"@type\":\"BreadcrumbList\",\"@id\":\"https:\\\/\\\/fuentesfidedignas.com.mx\\\/index.php\\\/2023\\\/08\\\/21\\\/informes-legislativos-son-legales-son-una-obligacion-defiende-feliciano-castro\\\/#breadcrumb\",\"itemListElement\":[{\"@type\":\"ListItem\",\"position\":1,\"name\":\"Inicio\",\"item\":\"https:\\\/\\\/fuentesfidedignas.com.mx\\\/\"},{\"@type\":\"ListItem\",\"position\":2,\"name\":\"Informes legislativos son legales y una obligaci\u00f3n, defiende Feliciano Castro\"}]},{\"@type\":\"WebSite\",\"@id\":\"https:\\\/\\\/fuentesfidedignas.com.mx\\\/#website\",\"url\":\"https:\\\/\\\/fuentesfidedignas.com.mx\\\/\",\"name\":\"Fuentes Fidedignas\",\"description\":\"Otro sitio realizado con WordPress\",\"publisher\":{\"@id\":\"https:\\\/\\\/fuentesfidedignas.com.mx\\\/#organization\"},\"potentialAction\":[{\"@type\":\"SearchAction\",\"target\":{\"@type\":\"EntryPoint\",\"urlTemplate\":\"https:\\\/\\\/fuentesfidedignas.com.mx\\\/?s={search_term_string}\"},\"query-input\":{\"@type\":\"PropertyValueSpecification\",\"valueRequired\":true,\"valueName\":\"search_term_string\"}}],\"inLanguage\":\"es\"},{\"@type\":\"Organization\",\"@id\":\"https:\\\/\\\/fuentesfidedignas.com.mx\\\/#organization\",\"name\":\"Fuentes Fidedignas\",\"url\":\"https:\\\/\\\/fuentesfidedignas.com.mx\\\/\",\"logo\":{\"@type\":\"ImageObject\",\"inLanguage\":\"es\",\"@id\":\"https:\\\/\\\/fuentesfidedignas.com.mx\\\/#\\\/schema\\\/logo\\\/image\\\/\",\"url\":\"https:\\\/\\\/fuentesfidedignas.com.mx\\\/wp-content\\\/uploads\\\/2021\\\/04\\\/logo-retina.png\",\"contentUrl\":\"https:\\\/\\\/fuentesfidedignas.com.mx\\\/wp-content\\\/uploads\\\/2021\\\/04\\\/logo-retina.png\",\"width\":280,\"height\":51,\"caption\":\"Fuentes Fidedignas\"},\"image\":{\"@id\":\"https:\\\/\\\/fuentesfidedignas.com.mx\\\/#\\\/schema\\\/logo\\\/image\\\/\"},\"sameAs\":[\"https:\\\/\\\/www.facebook.com\\\/Fuentes-Fidedignas-368234489921644\",\"https:\\\/\\\/x.com\\\/fidedignas\"]},{\"@type\":\"Person\",\"@id\":\"https:\\\/\\\/fuentesfidedignas.com.mx\\\/#\\\/schema\\\/person\\\/2c10028b4a30078c05a056a215342ab9\",\"name\":\"Marissa Palafox\",\"image\":{\"@type\":\"ImageObject\",\"inLanguage\":\"es\",\"@id\":\"https:\\\/\\\/secure.gravatar.com\\\/avatar\\\/20a43bdb2f2db10f20b22d4e98b96eb027faf98f7f76d29854dc5fab46d1cf71?s=96&d=mm&r=g\",\"url\":\"https:\\\/\\\/secure.gravatar.com\\\/avatar\\\/20a43bdb2f2db10f20b22d4e98b96eb027faf98f7f76d29854dc5fab46d1cf71?s=96&d=mm&r=g\",\"contentUrl\":\"https:\\\/\\\/secure.gravatar.com\\\/avatar\\\/20a43bdb2f2db10f20b22d4e98b96eb027faf98f7f76d29854dc5fab46d1cf71?s=96&d=mm&r=g\",\"caption\":\"Marissa Palafox\"},\"url\":\"https:\\\/\\\/fuentesfidedignas.com.mx\\\/index.php\\\/author\\\/marissa\\\/\"}]}<\/script>\n<!-- \/ Yoast SEO plugin. -->","yoast_head_json":{"title":"Informes legislativos son legales y una obligaci\u00f3n, defiende Feliciano Castro - Fuentes Fidedignas","robots":{"index":"index","follow":"follow","max-snippet":"max-snippet:-1","max-image-preview":"max-image-preview:large","max-video-preview":"max-video-preview:-1"},"canonical":"https:\/\/fuentesfidedignas.com.mx\/index.php\/2023\/08\/21\/informes-legislativos-son-legales-son-una-obligacion-defiende-feliciano-castro\/","og_locale":"es_MX","og_type":"article","og_title":"Informes legislativos son legales y una obligaci\u00f3n, defiende Feliciano Castro - Fuentes Fidedignas","og_description":"Hoy se llev\u00f3 a cabo el Segundo Informe Legislativo del Grupo Parlamentario de Morena, el cual se replicar\u00e1n esta semana en otros cuatro municipios de Sinaloa Culiac\u00e1n, Sin.- Los informes legislativos son una obligaci\u00f3n y se hacen bajo toda legalidad sin da\u00f1ar al erario p\u00fablico, afirm\u00f3 el coordinador del Grupo Parlamentario de Morena, Feliciano Castro [&hellip;]","og_url":"https:\/\/fuentesfidedignas.com.mx\/index.php\/2023\/08\/21\/informes-legislativos-son-legales-son-una-obligacion-defiende-feliciano-castro\/","og_site_name":"Fuentes Fidedignas","article_publisher":"https:\/\/www.facebook.com\/Fuentes-Fidedignas-368234489921644","article_published_time":"2023-08-21T20:38:29+00:00","article_modified_time":"2023-08-21T20:41:10+00:00","og_image":[{"width":600,"height":420,"url":"https:\/\/fuentesfidedignas.com.mx\/wp-content\/uploads\/2023\/08\/feliciano-2108-e1692649344658.jpg","type":"image\/jpeg"}],"author":"Marissa Palafox","twitter_card":"summary_large_image","twitter_creator":"@fidedignas","twitter_site":"@fidedignas","twitter_misc":{"Escrito por":"Marissa Palafox","Tiempo de lectura":"2 minutos"},"schema":{"@context":"https:\/\/schema.org","@graph":[{"@type":"Article","@id":"https:\/\/fuentesfidedignas.com.mx\/index.php\/2023\/08\/21\/informes-legislativos-son-legales-son-una-obligacion-defiende-feliciano-castro\/#article","isPartOf":{"@id":"https:\/\/fuentesfidedignas.com.mx\/index.php\/2023\/08\/21\/informes-legislativos-son-legales-son-una-obligacion-defiende-feliciano-castro\/"},"author":{"name":"Marissa Palafox","@id":"https:\/\/fuentesfidedignas.com.mx\/#\/schema\/person\/2c10028b4a30078c05a056a215342ab9"},"headline":"Informes legislativos son legales y una obligaci\u00f3n, defiende Feliciano Castro","datePublished":"2023-08-21T20:38:29+00:00","dateModified":"2023-08-21T20:41:10+00:00","mainEntityOfPage":{"@id":"https:\/\/fuentesfidedignas.com.mx\/index.php\/2023\/08\/21\/informes-legislativos-son-legales-son-una-obligacion-defiende-feliciano-castro\/"},"wordCount":296,"commentCount":0,"publisher":{"@id":"https:\/\/fuentesfidedignas.com.mx\/#organization"},"image":{"@id":"https:\/\/fuentesfidedignas.com.mx\/index.php\/2023\/08\/21\/informes-legislativos-son-legales-son-una-obligacion-defiende-feliciano-castro\/#primaryimage"},"thumbnailUrl":"https:\/\/fuentesfidedignas.com.mx\/wp-content\/uploads\/2023\/08\/feliciano-2108-e1692649344658.jpg","articleSection":["NOTICIAS LOCALES"],"inLanguage":"es","potentialAction":[{"@type":"CommentAction","name":"Comment","target":["https:\/\/fuentesfidedignas.com.mx\/index.php\/2023\/08\/21\/informes-legislativos-son-legales-son-una-obligacion-defiende-feliciano-castro\/#respond"]}]},{"@type":"WebPage","@id":"https:\/\/fuentesfidedignas.com.mx\/index.php\/2023\/08\/21\/informes-legislativos-son-legales-son-una-obligacion-defiende-feliciano-castro\/","url":"https:\/\/fuentesfidedignas.com.mx\/index.php\/2023\/08\/21\/informes-legislativos-son-legales-son-una-obligacion-defiende-feliciano-castro\/","name":"Informes legislativos son legales y una obligaci\u00f3n, defiende Feliciano Castro - Fuentes Fidedignas","isPartOf":{"@id":"https:\/\/fuentesfidedignas.com.mx\/#website"},"primaryImageOfPage":{"@id":"https:\/\/fuentesfidedignas.com.mx\/index.php\/2023\/08\/21\/informes-legislativos-son-legales-son-una-obligacion-defiende-feliciano-castro\/#primaryimage"},"image":{"@id":"https:\/\/fuentesfidedignas.com.mx\/index.php\/2023\/08\/21\/informes-legislativos-son-legales-son-una-obligacion-defiende-feliciano-castro\/#primaryimage"},"thumbnailUrl":"https:\/\/fuentesfidedignas.com.mx\/wp-content\/uploads\/2023\/08\/feliciano-2108-e1692649344658.jpg","datePublished":"2023-08-21T20:38:29+00:00","dateModified":"2023-08-21T20:41:10+00:00","breadcrumb":{"@id":"https:\/\/fuentesfidedignas.com.mx\/index.php\/2023\/08\/21\/informes-legislativos-son-legales-son-una-obligacion-defiende-feliciano-castro\/#breadcrumb"},"inLanguage":"es","potentialAction":[{"@type":"ReadAction","target":["https:\/\/fuentesfidedignas.com.mx\/index.php\/2023\/08\/21\/informes-legislativos-son-legales-son-una-obligacion-defiende-feliciano-castro\/"]}]},{"@type":"ImageObject","inLanguage":"es","@id":"https:\/\/fuentesfidedignas.com.mx\/index.php\/2023\/08\/21\/informes-legislativos-son-legales-son-una-obligacion-defiende-feliciano-castro\/#primaryimage","url":"https:\/\/fuentesfidedignas.com.mx\/wp-content\/uploads\/2023\/08\/feliciano-2108-e1692649344658.jpg","contentUrl":"https:\/\/fuentesfidedignas.com.mx\/wp-content\/uploads\/2023\/08\/feliciano-2108-e1692649344658.jpg","width":600,"height":420},{"@type":"BreadcrumbList","@id":"https:\/\/fuentesfidedignas.com.mx\/index.php\/2023\/08\/21\/informes-legislativos-son-legales-son-una-obligacion-defiende-feliciano-castro\/#breadcrumb","itemListElement":[{"@type":"ListItem","position":1,"name":"Inicio","item":"https:\/\/fuentesfidedignas.com.mx\/"},{"@type":"ListItem","position":2,"name":"Informes legislativos son legales y una obligaci\u00f3n, defiende Feliciano Castro"}]},{"@type":"WebSite","@id":"https:\/\/fuentesfidedignas.com.mx\/#website","url":"https:\/\/fuentesfidedignas.com.mx\/","name":"Fuentes Fidedignas","description":"Otro sitio realizado con WordPress","publisher":{"@id":"https:\/\/fuentesfidedignas.com.mx\/#organization"},"potentialAction":[{"@type":"SearchAction","target":{"@type":"EntryPoint","urlTemplate":"https:\/\/fuentesfidedignas.com.mx\/?s={search_term_string}"},"query-input":{"@type":"PropertyValueSpecification","valueRequired":true,"valueName":"search_term_string"}}],"inLanguage":"es"},{"@type":"Organization","@id":"https:\/\/fuentesfidedignas.com.mx\/#organization","name":"Fuentes Fidedignas","url":"https:\/\/fuentesfidedignas.com.mx\/","logo":{"@type":"ImageObject","inLanguage":"es","@id":"https:\/\/fuentesfidedignas.com.mx\/#\/schema\/logo\/image\/","url":"https:\/\/fuentesfidedignas.com.mx\/wp-content\/uploads\/2021\/04\/logo-retina.png","contentUrl":"https:\/\/fuentesfidedignas.com.mx\/wp-content\/uploads\/2021\/04\/logo-retina.png","width":280,"height":51,"caption":"Fuentes Fidedignas"},"image":{"@id":"https:\/\/fuentesfidedignas.com.mx\/#\/schema\/logo\/image\/"},"sameAs":["https:\/\/www.facebook.com\/Fuentes-Fidedignas-368234489921644","https:\/\/x.com\/fidedignas"]},{"@type":"Person","@id":"https:\/\/fuentesfidedignas.com.mx\/#\/schema\/person\/2c10028b4a30078c05a056a215342ab9","name":"Marissa Palafox","image":{"@type":"ImageObject","inLanguage":"es","@id":"https:\/\/secure.gravatar.com\/avatar\/20a43bdb2f2db10f20b22d4e98b96eb027faf98f7f76d29854dc5fab46d1cf71?s=96&d=mm&r=g","url":"https:\/\/secure.gravatar.com\/avatar\/20a43bdb2f2db10f20b22d4e98b96eb027faf98f7f76d29854dc5fab46d1cf71?s=96&d=mm&r=g","contentUrl":"https:\/\/secure.gravatar.com\/avatar\/20a43bdb2f2db10f20b22d4e98b96eb027faf98f7f76d29854dc5fab46d1cf71?s=96&d=mm&r=g","caption":"Marissa Palafox"},"url":"https:\/\/fuentesfidedignas.com.mx\/index.php\/author\/marissa\/"}]}},"_links":{"self":[{"href":"https:\/\/fuentesfidedignas.com.mx\/index.php\/wp-json\/wp\/v2\/posts\/56143","targetHints":{"allow":["GET"]}}],"collection":[{"href":"https:\/\/fuentesfidedignas.com.mx\/index.php\/wp-json\/wp\/v2\/posts"}],"about":[{"href":"https:\/\/fuentesfidedignas.com.mx\/index.php\/wp-json\/wp\/v2\/types\/post"}],"author":[{"embeddable":true,"href":"https:\/\/fuentesfidedignas.com.mx\/index.php\/wp-json\/wp\/v2\/users\/11"}],"replies":[{"embeddable":true,"href":"https:\/\/fuentesfidedignas.com.mx\/index.php\/wp-json\/wp\/v2\/comments?post=56143"}],"version-history":[{"count":2,"href":"https:\/\/fuentesfidedignas.com.mx\/index.php\/wp-json\/wp\/v2\/posts\/56143\/revisions"}],"predecessor-version":[{"id":56147,"href":"https:\/\/fuentesfidedignas.com.mx\/index.php\/wp-json\/wp\/v2\/posts\/56143\/revisions\/56147"}],"wp:featuredmedia":[{"embeddable":true,"href":"https:\/\/fuentesfidedignas.com.mx\/index.php\/wp-json\/wp\/v2\/media\/56144"}],"wp:attachment":[{"href":"https:\/\/fuentesfidedignas.com.mx\/index.php\/wp-json\/wp\/v2\/media?parent=56143"}],"wp:term":[{"taxonomy":"category","embeddable":true,"href":"https:\/\/fuentesfidedignas.com.mx\/index.php\/wp-json\/wp\/v2\/categories?post=56143"},{"taxonomy":"post_tag","embeddable":true,"href":"https:\/\/fuentesfidedignas.com.mx\/index.php\/wp-json\/wp\/v2\/tags?post=56143"}],"curies":[{"name":"wp","href":"https:\/\/api.w.org\/{rel}","templated":true}]}}