{"id":56115,"date":"2023-08-21T11:35:23","date_gmt":"2023-08-21T18:35:23","guid":{"rendered":"https:\/\/fuentesfidedignas.com.mx\/?p=56115"},"modified":"2023-08-21T11:35:55","modified_gmt":"2023-08-21T18:35:55","slug":"respaldar-y-proteger-a-la-uas-un-trabajo-de-las-y-los-sinaloenses-cuen","status":"publish","type":"post","link":"https:\/\/fuentesfidedignas.com.mx\/index.php\/2023\/08\/21\/respaldar-y-proteger-a-la-uas-un-trabajo-de-las-y-los-sinaloenses-cuen\/","title":{"rendered":"Respaldar y proteger a la UAS un trabajo de las y los sinaloenses: Cu\u00e9n"},"content":{"rendered":"\n<p><em><strong>Por m\u00e1s que nos pongan trabas, el PAS tiene la fuerza suficiente para ir solos rumbo al 2024<\/strong><\/em><\/p>\n\n\n\n<p>Culiac\u00e1n, Sin.- El Dirigente Estatal del Partido Sinaloense, MC. H\u00e9ctor Melesio Cu\u00e9n Ojeda, lament\u00f3 las acciones en contra del rector Jes\u00fas Madue\u00f1a Molina y de la propia Universidad Aut\u00f3noma de Sinaloa, ya que a todas luces se ven las calumnias y la violaci\u00f3n a la autonom\u00eda universitaria por parte de la actual administraci\u00f3n.<\/p>\n\n\n\n<p><em>&#8220;Ellos acusan que se viola la autonom\u00eda de la universidad, cuando son ellos son los que violan la autonom\u00eda de la Fiscal\u00eda y la ASE, tambi\u00e9n tienen a los jueces, osea tienen todo&#8221;,<\/em> se\u00f1al\u00f3 el dirigente.<\/p>\n\n\n\n<p>Cu\u00e9n Ojeda destac\u00f3, que son ellos quienes incumplen en los acuerdos, pues as\u00ed se manejan, con trampas y malas jugadas, pues tacharlo de corrupto y vincularlo a la m\u00e1xima casa de estudios es solo una estrategia para evitar que la ciudadan\u00eda apoye al PAS.<\/p>\n\n\n\n<p><em>&#8220;Primero dicen que eres corrupto y no s\u00e9 qu\u00e9 m\u00e1s, pero es solo para que la gente no te apoye&#8221;,<\/em> dijo.<\/p>\n\n\n\n<p>Es por ello que el dirigente hizo un llamado a las y los sinaloenses a qu\u00e9 apoye a la Universidad ya que <em>&#8220;Lo que est\u00e1 haciendo el gobernador es una infamia, lo \u00fanico que quieren es poner a su gente tal y como lo hizo con su ahijado en la alcald\u00eda&#8221;.<\/em><\/p>\n\n\n\n<p>As\u00ed mismo, record\u00f3 que en este 2024 buscar\u00e1n ir solos, principalmente por la experiencia pasada, d\u00f3nde a pesar de los convenios que se llevaron a cabo en la Ciudad de M\u00e9xico, donde estuvo presente el propio gobernador Rub\u00e9n Rocha Moya, estos no se cumplieron, ya que al ganar la gubernatura todo parece indicar que son otros los que mandan el tercer piso, sin embargo, destac\u00f3 que a\u00fan est\u00e1n abiertos a lo que venga.<\/p>\n\n\n\n<p><em>\u201cHay un grupo que esta manejado por Enrique Inzunza, desde ah\u00ed est\u00e1n monitoreando todo, y ellos no estuvieron en las pl\u00e1ticas en M\u00e9xico y d\u00f3nde s\u00ed estuvo el gobernador y el deber\u00eda ser el responsable que se cumplan las cosas\u201d,<\/em> lament\u00f3 el l\u00edder pasista.<\/p>\n\n\n\n<p>Por \u00faltimo, agradeci\u00f3 a toda la sociedad sinaloense por el gran apoyo brindado y los invit\u00f3 a continuar con el apoyo, que gracias a las acciones que d\u00eda con d\u00eda llevan a cabo, han podido demostrar el trabajo es por y para la gente.<\/p>\n","protected":false},"excerpt":{"rendered":"<p>Por m\u00e1s que nos pongan trabas, el PAS tiene la fuerza suficiente para ir solos rumbo al 2024 Culiac\u00e1n, Sin.- El Dirigente Estatal del Partido Sinaloense, MC. H\u00e9ctor Melesio Cu\u00e9n Ojeda, lament\u00f3 las acciones en contra del rector Jes\u00fas Madue\u00f1a Molina y de la propia Universidad Aut\u00f3noma de Sinaloa, ya que a todas luces se [&hellip;]<\/p>\n","protected":false},"author":4,"featured_media":56117,"comment_status":"open","ping_status":"open","sticky":false,"template":"","format":"standard","meta":{"tdm_status":"","tdm_grid_status":"","footnotes":""},"categories":[37,1],"tags":[],"class_list":{"0":"post-56115","1":"post","2":"type-post","3":"status-publish","4":"format-standard","5":"has-post-thumbnail","7":"category-nota-principal","8":"category-sin-categoria"},"yoast_head":"<!-- This site is optimized with the Yoast SEO plugin v27.5 - https:\/\/yoast.com\/product\/yoast-seo-wordpress\/ -->\n<title>Respaldar y proteger a la UAS un trabajo de las y los sinaloenses: Cu\u00e9n - Fuentes Fidedignas<\/title>\n<meta name=\"robots\" content=\"index, follow, max-snippet:-1, max-image-preview:large, max-video-preview:-1\" \/>\n<link rel=\"canonical\" href=\"https:\/\/fuentesfidedignas.com.mx\/index.php\/2023\/08\/21\/respaldar-y-proteger-a-la-uas-un-trabajo-de-las-y-los-sinaloenses-cuen\/\" \/>\n<meta property=\"og:locale\" content=\"es_MX\" \/>\n<meta property=\"og:type\" content=\"article\" \/>\n<meta property=\"og:title\" content=\"Respaldar y proteger a la UAS un trabajo de las y los sinaloenses: Cu\u00e9n - Fuentes Fidedignas\" \/>\n<meta property=\"og:description\" content=\"Por m\u00e1s que nos pongan trabas, el PAS tiene la fuerza suficiente para ir solos rumbo al 2024 Culiac\u00e1n, Sin.- El Dirigente Estatal del Partido Sinaloense, MC. H\u00e9ctor Melesio Cu\u00e9n Ojeda, lament\u00f3 las acciones en contra del rector Jes\u00fas Madue\u00f1a Molina y de la propia Universidad Aut\u00f3noma de Sinaloa, ya que a todas luces se [&hellip;]\" \/>\n<meta property=\"og:url\" content=\"https:\/\/fuentesfidedignas.com.mx\/index.php\/2023\/08\/21\/respaldar-y-proteger-a-la-uas-un-trabajo-de-las-y-los-sinaloenses-cuen\/\" \/>\n<meta property=\"og:site_name\" content=\"Fuentes Fidedignas\" \/>\n<meta property=\"article:publisher\" content=\"https:\/\/www.facebook.com\/Fuentes-Fidedignas-368234489921644\" \/>\n<meta property=\"article:published_time\" content=\"2023-08-21T18:35:23+00:00\" \/>\n<meta property=\"article:modified_time\" content=\"2023-08-21T18:35:55+00:00\" \/>\n<meta property=\"og:image\" content=\"https:\/\/fuentesfidedignas.com.mx\/wp-content\/uploads\/2023\/08\/IMG-20230819-WA0014.jpg\" \/>\n\t<meta property=\"og:image:width\" content=\"1560\" \/>\n\t<meta property=\"og:image:height\" content=\"1040\" \/>\n\t<meta property=\"og:image:type\" content=\"image\/jpeg\" \/>\n<meta name=\"author\" content=\"Redacci\u00f3n\" \/>\n<meta name=\"twitter:card\" content=\"summary_large_image\" \/>\n<meta name=\"twitter:creator\" content=\"@fidedignas\" \/>\n<meta name=\"twitter:site\" content=\"@fidedignas\" \/>\n<meta name=\"twitter:label1\" content=\"Escrito por\" \/>\n\t<meta name=\"twitter:data1\" content=\"Redacci\u00f3n\" \/>\n\t<meta name=\"twitter:label2\" content=\"Tiempo de lectura\" \/>\n\t<meta name=\"twitter:data2\" content=\"2 minutos\" \/>\n<script type=\"application\/ld+json\" class=\"yoast-schema-graph\">{\"@context\":\"https:\\\/\\\/schema.org\",\"@graph\":[{\"@type\":\"Article\",\"@id\":\"https:\\\/\\\/fuentesfidedignas.com.mx\\\/index.php\\\/2023\\\/08\\\/21\\\/respaldar-y-proteger-a-la-uas-un-trabajo-de-las-y-los-sinaloenses-cuen\\\/#article\",\"isPartOf\":{\"@id\":\"https:\\\/\\\/fuentesfidedignas.com.mx\\\/index.php\\\/2023\\\/08\\\/21\\\/respaldar-y-proteger-a-la-uas-un-trabajo-de-las-y-los-sinaloenses-cuen\\\/\"},\"author\":{\"name\":\"Redacci\u00f3n\",\"@id\":\"https:\\\/\\\/fuentesfidedignas.com.mx\\\/#\\\/schema\\\/person\\\/331be9283d37198e2acd5750279085b0\"},\"headline\":\"Respaldar y proteger a la UAS un trabajo de las y los sinaloenses: Cu\u00e9n\",\"datePublished\":\"2023-08-21T18:35:23+00:00\",\"dateModified\":\"2023-08-21T18:35:55+00:00\",\"mainEntityOfPage\":{\"@id\":\"https:\\\/\\\/fuentesfidedignas.com.mx\\\/index.php\\\/2023\\\/08\\\/21\\\/respaldar-y-proteger-a-la-uas-un-trabajo-de-las-y-los-sinaloenses-cuen\\\/\"},\"wordCount\":432,\"commentCount\":0,\"publisher\":{\"@id\":\"https:\\\/\\\/fuentesfidedignas.com.mx\\\/#organization\"},\"image\":{\"@id\":\"https:\\\/\\\/fuentesfidedignas.com.mx\\\/index.php\\\/2023\\\/08\\\/21\\\/respaldar-y-proteger-a-la-uas-un-trabajo-de-las-y-los-sinaloenses-cuen\\\/#primaryimage\"},\"thumbnailUrl\":\"https:\\\/\\\/fuentesfidedignas.com.mx\\\/wp-content\\\/uploads\\\/2023\\\/08\\\/IMG-20230819-WA0014.jpg\",\"articleSection\":[\"NOTA PRINCIPAL\"],\"inLanguage\":\"es\",\"potentialAction\":[{\"@type\":\"CommentAction\",\"name\":\"Comment\",\"target\":[\"https:\\\/\\\/fuentesfidedignas.com.mx\\\/index.php\\\/2023\\\/08\\\/21\\\/respaldar-y-proteger-a-la-uas-un-trabajo-de-las-y-los-sinaloenses-cuen\\\/#respond\"]}]},{\"@type\":\"WebPage\",\"@id\":\"https:\\\/\\\/fuentesfidedignas.com.mx\\\/index.php\\\/2023\\\/08\\\/21\\\/respaldar-y-proteger-a-la-uas-un-trabajo-de-las-y-los-sinaloenses-cuen\\\/\",\"url\":\"https:\\\/\\\/fuentesfidedignas.com.mx\\\/index.php\\\/2023\\\/08\\\/21\\\/respaldar-y-proteger-a-la-uas-un-trabajo-de-las-y-los-sinaloenses-cuen\\\/\",\"name\":\"Respaldar y proteger a la UAS un trabajo de las y los sinaloenses: Cu\u00e9n - Fuentes Fidedignas\",\"isPartOf\":{\"@id\":\"https:\\\/\\\/fuentesfidedignas.com.mx\\\/#website\"},\"primaryImageOfPage\":{\"@id\":\"https:\\\/\\\/fuentesfidedignas.com.mx\\\/index.php\\\/2023\\\/08\\\/21\\\/respaldar-y-proteger-a-la-uas-un-trabajo-de-las-y-los-sinaloenses-cuen\\\/#primaryimage\"},\"image\":{\"@id\":\"https:\\\/\\\/fuentesfidedignas.com.mx\\\/index.php\\\/2023\\\/08\\\/21\\\/respaldar-y-proteger-a-la-uas-un-trabajo-de-las-y-los-sinaloenses-cuen\\\/#primaryimage\"},\"thumbnailUrl\":\"https:\\\/\\\/fuentesfidedignas.com.mx\\\/wp-content\\\/uploads\\\/2023\\\/08\\\/IMG-20230819-WA0014.jpg\",\"datePublished\":\"2023-08-21T18:35:23+00:00\",\"dateModified\":\"2023-08-21T18:35:55+00:00\",\"breadcrumb\":{\"@id\":\"https:\\\/\\\/fuentesfidedignas.com.mx\\\/index.php\\\/2023\\\/08\\\/21\\\/respaldar-y-proteger-a-la-uas-un-trabajo-de-las-y-los-sinaloenses-cuen\\\/#breadcrumb\"},\"inLanguage\":\"es\",\"potentialAction\":[{\"@type\":\"ReadAction\",\"target\":[\"https:\\\/\\\/fuentesfidedignas.com.mx\\\/index.php\\\/2023\\\/08\\\/21\\\/respaldar-y-proteger-a-la-uas-un-trabajo-de-las-y-los-sinaloenses-cuen\\\/\"]}]},{\"@type\":\"ImageObject\",\"inLanguage\":\"es\",\"@id\":\"https:\\\/\\\/fuentesfidedignas.com.mx\\\/index.php\\\/2023\\\/08\\\/21\\\/respaldar-y-proteger-a-la-uas-un-trabajo-de-las-y-los-sinaloenses-cuen\\\/#primaryimage\",\"url\":\"https:\\\/\\\/fuentesfidedignas.com.mx\\\/wp-content\\\/uploads\\\/2023\\\/08\\\/IMG-20230819-WA0014.jpg\",\"contentUrl\":\"https:\\\/\\\/fuentesfidedignas.com.mx\\\/wp-content\\\/uploads\\\/2023\\\/08\\\/IMG-20230819-WA0014.jpg\",\"width\":1560,\"height\":1040},{\"@type\":\"BreadcrumbList\",\"@id\":\"https:\\\/\\\/fuentesfidedignas.com.mx\\\/index.php\\\/2023\\\/08\\\/21\\\/respaldar-y-proteger-a-la-uas-un-trabajo-de-las-y-los-sinaloenses-cuen\\\/#breadcrumb\",\"itemListElement\":[{\"@type\":\"ListItem\",\"position\":1,\"name\":\"Inicio\",\"item\":\"https:\\\/\\\/fuentesfidedignas.com.mx\\\/\"},{\"@type\":\"ListItem\",\"position\":2,\"name\":\"Respaldar y proteger a la UAS un trabajo de las y los sinaloenses: Cu\u00e9n\"}]},{\"@type\":\"WebSite\",\"@id\":\"https:\\\/\\\/fuentesfidedignas.com.mx\\\/#website\",\"url\":\"https:\\\/\\\/fuentesfidedignas.com.mx\\\/\",\"name\":\"Fuentes Fidedignas\",\"description\":\"Otro sitio realizado con WordPress\",\"publisher\":{\"@id\":\"https:\\\/\\\/fuentesfidedignas.com.mx\\\/#organization\"},\"potentialAction\":[{\"@type\":\"SearchAction\",\"target\":{\"@type\":\"EntryPoint\",\"urlTemplate\":\"https:\\\/\\\/fuentesfidedignas.com.mx\\\/?s={search_term_string}\"},\"query-input\":{\"@type\":\"PropertyValueSpecification\",\"valueRequired\":true,\"valueName\":\"search_term_string\"}}],\"inLanguage\":\"es\"},{\"@type\":\"Organization\",\"@id\":\"https:\\\/\\\/fuentesfidedignas.com.mx\\\/#organization\",\"name\":\"Fuentes Fidedignas\",\"url\":\"https:\\\/\\\/fuentesfidedignas.com.mx\\\/\",\"logo\":{\"@type\":\"ImageObject\",\"inLanguage\":\"es\",\"@id\":\"https:\\\/\\\/fuentesfidedignas.com.mx\\\/#\\\/schema\\\/logo\\\/image\\\/\",\"url\":\"https:\\\/\\\/fuentesfidedignas.com.mx\\\/wp-content\\\/uploads\\\/2021\\\/04\\\/logo-retina.png\",\"contentUrl\":\"https:\\\/\\\/fuentesfidedignas.com.mx\\\/wp-content\\\/uploads\\\/2021\\\/04\\\/logo-retina.png\",\"width\":280,\"height\":51,\"caption\":\"Fuentes Fidedignas\"},\"image\":{\"@id\":\"https:\\\/\\\/fuentesfidedignas.com.mx\\\/#\\\/schema\\\/logo\\\/image\\\/\"},\"sameAs\":[\"https:\\\/\\\/www.facebook.com\\\/Fuentes-Fidedignas-368234489921644\",\"https:\\\/\\\/x.com\\\/fidedignas\"]},{\"@type\":\"Person\",\"@id\":\"https:\\\/\\\/fuentesfidedignas.com.mx\\\/#\\\/schema\\\/person\\\/331be9283d37198e2acd5750279085b0\",\"name\":\"Redacci\u00f3n\",\"image\":{\"@type\":\"ImageObject\",\"inLanguage\":\"es\",\"@id\":\"https:\\\/\\\/secure.gravatar.com\\\/avatar\\\/f6d8782c11d12b2d4ad3fbb6931aeab5309937a4d6cd2fc9cfaa28a6396a5aec?s=96&d=mm&r=g\",\"url\":\"https:\\\/\\\/secure.gravatar.com\\\/avatar\\\/f6d8782c11d12b2d4ad3fbb6931aeab5309937a4d6cd2fc9cfaa28a6396a5aec?s=96&d=mm&r=g\",\"contentUrl\":\"https:\\\/\\\/secure.gravatar.com\\\/avatar\\\/f6d8782c11d12b2d4ad3fbb6931aeab5309937a4d6cd2fc9cfaa28a6396a5aec?s=96&d=mm&r=g\",\"caption\":\"Redacci\u00f3n\"},\"url\":\"https:\\\/\\\/fuentesfidedignas.com.mx\\\/index.php\\\/author\\\/redaccion\\\/\"}]}<\/script>\n<!-- \/ Yoast SEO plugin. -->","yoast_head_json":{"title":"Respaldar y proteger a la UAS un trabajo de las y los sinaloenses: Cu\u00e9n - Fuentes Fidedignas","robots":{"index":"index","follow":"follow","max-snippet":"max-snippet:-1","max-image-preview":"max-image-preview:large","max-video-preview":"max-video-preview:-1"},"canonical":"https:\/\/fuentesfidedignas.com.mx\/index.php\/2023\/08\/21\/respaldar-y-proteger-a-la-uas-un-trabajo-de-las-y-los-sinaloenses-cuen\/","og_locale":"es_MX","og_type":"article","og_title":"Respaldar y proteger a la UAS un trabajo de las y los sinaloenses: Cu\u00e9n - Fuentes Fidedignas","og_description":"Por m\u00e1s que nos pongan trabas, el PAS tiene la fuerza suficiente para ir solos rumbo al 2024 Culiac\u00e1n, Sin.- El Dirigente Estatal del Partido Sinaloense, MC. H\u00e9ctor Melesio Cu\u00e9n Ojeda, lament\u00f3 las acciones en contra del rector Jes\u00fas Madue\u00f1a Molina y de la propia Universidad Aut\u00f3noma de Sinaloa, ya que a todas luces se [&hellip;]","og_url":"https:\/\/fuentesfidedignas.com.mx\/index.php\/2023\/08\/21\/respaldar-y-proteger-a-la-uas-un-trabajo-de-las-y-los-sinaloenses-cuen\/","og_site_name":"Fuentes Fidedignas","article_publisher":"https:\/\/www.facebook.com\/Fuentes-Fidedignas-368234489921644","article_published_time":"2023-08-21T18:35:23+00:00","article_modified_time":"2023-08-21T18:35:55+00:00","og_image":[{"width":1560,"height":1040,"url":"https:\/\/fuentesfidedignas.com.mx\/wp-content\/uploads\/2023\/08\/IMG-20230819-WA0014.jpg","type":"image\/jpeg"}],"author":"Redacci\u00f3n","twitter_card":"summary_large_image","twitter_creator":"@fidedignas","twitter_site":"@fidedignas","twitter_misc":{"Escrito por":"Redacci\u00f3n","Tiempo de lectura":"2 minutos"},"schema":{"@context":"https:\/\/schema.org","@graph":[{"@type":"Article","@id":"https:\/\/fuentesfidedignas.com.mx\/index.php\/2023\/08\/21\/respaldar-y-proteger-a-la-uas-un-trabajo-de-las-y-los-sinaloenses-cuen\/#article","isPartOf":{"@id":"https:\/\/fuentesfidedignas.com.mx\/index.php\/2023\/08\/21\/respaldar-y-proteger-a-la-uas-un-trabajo-de-las-y-los-sinaloenses-cuen\/"},"author":{"name":"Redacci\u00f3n","@id":"https:\/\/fuentesfidedignas.com.mx\/#\/schema\/person\/331be9283d37198e2acd5750279085b0"},"headline":"Respaldar y proteger a la UAS un trabajo de las y los sinaloenses: Cu\u00e9n","datePublished":"2023-08-21T18:35:23+00:00","dateModified":"2023-08-21T18:35:55+00:00","mainEntityOfPage":{"@id":"https:\/\/fuentesfidedignas.com.mx\/index.php\/2023\/08\/21\/respaldar-y-proteger-a-la-uas-un-trabajo-de-las-y-los-sinaloenses-cuen\/"},"wordCount":432,"commentCount":0,"publisher":{"@id":"https:\/\/fuentesfidedignas.com.mx\/#organization"},"image":{"@id":"https:\/\/fuentesfidedignas.com.mx\/index.php\/2023\/08\/21\/respaldar-y-proteger-a-la-uas-un-trabajo-de-las-y-los-sinaloenses-cuen\/#primaryimage"},"thumbnailUrl":"https:\/\/fuentesfidedignas.com.mx\/wp-content\/uploads\/2023\/08\/IMG-20230819-WA0014.jpg","articleSection":["NOTA PRINCIPAL"],"inLanguage":"es","potentialAction":[{"@type":"CommentAction","name":"Comment","target":["https:\/\/fuentesfidedignas.com.mx\/index.php\/2023\/08\/21\/respaldar-y-proteger-a-la-uas-un-trabajo-de-las-y-los-sinaloenses-cuen\/#respond"]}]},{"@type":"WebPage","@id":"https:\/\/fuentesfidedignas.com.mx\/index.php\/2023\/08\/21\/respaldar-y-proteger-a-la-uas-un-trabajo-de-las-y-los-sinaloenses-cuen\/","url":"https:\/\/fuentesfidedignas.com.mx\/index.php\/2023\/08\/21\/respaldar-y-proteger-a-la-uas-un-trabajo-de-las-y-los-sinaloenses-cuen\/","name":"Respaldar y proteger a la UAS un trabajo de las y los sinaloenses: Cu\u00e9n - Fuentes Fidedignas","isPartOf":{"@id":"https:\/\/fuentesfidedignas.com.mx\/#website"},"primaryImageOfPage":{"@id":"https:\/\/fuentesfidedignas.com.mx\/index.php\/2023\/08\/21\/respaldar-y-proteger-a-la-uas-un-trabajo-de-las-y-los-sinaloenses-cuen\/#primaryimage"},"image":{"@id":"https:\/\/fuentesfidedignas.com.mx\/index.php\/2023\/08\/21\/respaldar-y-proteger-a-la-uas-un-trabajo-de-las-y-los-sinaloenses-cuen\/#primaryimage"},"thumbnailUrl":"https:\/\/fuentesfidedignas.com.mx\/wp-content\/uploads\/2023\/08\/IMG-20230819-WA0014.jpg","datePublished":"2023-08-21T18:35:23+00:00","dateModified":"2023-08-21T18:35:55+00:00","breadcrumb":{"@id":"https:\/\/fuentesfidedignas.com.mx\/index.php\/2023\/08\/21\/respaldar-y-proteger-a-la-uas-un-trabajo-de-las-y-los-sinaloenses-cuen\/#breadcrumb"},"inLanguage":"es","potentialAction":[{"@type":"ReadAction","target":["https:\/\/fuentesfidedignas.com.mx\/index.php\/2023\/08\/21\/respaldar-y-proteger-a-la-uas-un-trabajo-de-las-y-los-sinaloenses-cuen\/"]}]},{"@type":"ImageObject","inLanguage":"es","@id":"https:\/\/fuentesfidedignas.com.mx\/index.php\/2023\/08\/21\/respaldar-y-proteger-a-la-uas-un-trabajo-de-las-y-los-sinaloenses-cuen\/#primaryimage","url":"https:\/\/fuentesfidedignas.com.mx\/wp-content\/uploads\/2023\/08\/IMG-20230819-WA0014.jpg","contentUrl":"https:\/\/fuentesfidedignas.com.mx\/wp-content\/uploads\/2023\/08\/IMG-20230819-WA0014.jpg","width":1560,"height":1040},{"@type":"BreadcrumbList","@id":"https:\/\/fuentesfidedignas.com.mx\/index.php\/2023\/08\/21\/respaldar-y-proteger-a-la-uas-un-trabajo-de-las-y-los-sinaloenses-cuen\/#breadcrumb","itemListElement":[{"@type":"ListItem","position":1,"name":"Inicio","item":"https:\/\/fuentesfidedignas.com.mx\/"},{"@type":"ListItem","position":2,"name":"Respaldar y proteger a la UAS un trabajo de las y los sinaloenses: Cu\u00e9n"}]},{"@type":"WebSite","@id":"https:\/\/fuentesfidedignas.com.mx\/#website","url":"https:\/\/fuentesfidedignas.com.mx\/","name":"Fuentes Fidedignas","description":"Otro sitio realizado con WordPress","publisher":{"@id":"https:\/\/fuentesfidedignas.com.mx\/#organization"},"potentialAction":[{"@type":"SearchAction","target":{"@type":"EntryPoint","urlTemplate":"https:\/\/fuentesfidedignas.com.mx\/?s={search_term_string}"},"query-input":{"@type":"PropertyValueSpecification","valueRequired":true,"valueName":"search_term_string"}}],"inLanguage":"es"},{"@type":"Organization","@id":"https:\/\/fuentesfidedignas.com.mx\/#organization","name":"Fuentes Fidedignas","url":"https:\/\/fuentesfidedignas.com.mx\/","logo":{"@type":"ImageObject","inLanguage":"es","@id":"https:\/\/fuentesfidedignas.com.mx\/#\/schema\/logo\/image\/","url":"https:\/\/fuentesfidedignas.com.mx\/wp-content\/uploads\/2021\/04\/logo-retina.png","contentUrl":"https:\/\/fuentesfidedignas.com.mx\/wp-content\/uploads\/2021\/04\/logo-retina.png","width":280,"height":51,"caption":"Fuentes Fidedignas"},"image":{"@id":"https:\/\/fuentesfidedignas.com.mx\/#\/schema\/logo\/image\/"},"sameAs":["https:\/\/www.facebook.com\/Fuentes-Fidedignas-368234489921644","https:\/\/x.com\/fidedignas"]},{"@type":"Person","@id":"https:\/\/fuentesfidedignas.com.mx\/#\/schema\/person\/331be9283d37198e2acd5750279085b0","name":"Redacci\u00f3n","image":{"@type":"ImageObject","inLanguage":"es","@id":"https:\/\/secure.gravatar.com\/avatar\/f6d8782c11d12b2d4ad3fbb6931aeab5309937a4d6cd2fc9cfaa28a6396a5aec?s=96&d=mm&r=g","url":"https:\/\/secure.gravatar.com\/avatar\/f6d8782c11d12b2d4ad3fbb6931aeab5309937a4d6cd2fc9cfaa28a6396a5aec?s=96&d=mm&r=g","contentUrl":"https:\/\/secure.gravatar.com\/avatar\/f6d8782c11d12b2d4ad3fbb6931aeab5309937a4d6cd2fc9cfaa28a6396a5aec?s=96&d=mm&r=g","caption":"Redacci\u00f3n"},"url":"https:\/\/fuentesfidedignas.com.mx\/index.php\/author\/redaccion\/"}]}},"_links":{"self":[{"href":"https:\/\/fuentesfidedignas.com.mx\/index.php\/wp-json\/wp\/v2\/posts\/56115","targetHints":{"allow":["GET"]}}],"collection":[{"href":"https:\/\/fuentesfidedignas.com.mx\/index.php\/wp-json\/wp\/v2\/posts"}],"about":[{"href":"https:\/\/fuentesfidedignas.com.mx\/index.php\/wp-json\/wp\/v2\/types\/post"}],"author":[{"embeddable":true,"href":"https:\/\/fuentesfidedignas.com.mx\/index.php\/wp-json\/wp\/v2\/users\/4"}],"replies":[{"embeddable":true,"href":"https:\/\/fuentesfidedignas.com.mx\/index.php\/wp-json\/wp\/v2\/comments?post=56115"}],"version-history":[{"count":1,"href":"https:\/\/fuentesfidedignas.com.mx\/index.php\/wp-json\/wp\/v2\/posts\/56115\/revisions"}],"predecessor-version":[{"id":56116,"href":"https:\/\/fuentesfidedignas.com.mx\/index.php\/wp-json\/wp\/v2\/posts\/56115\/revisions\/56116"}],"wp:featuredmedia":[{"embeddable":true,"href":"https:\/\/fuentesfidedignas.com.mx\/index.php\/wp-json\/wp\/v2\/media\/56117"}],"wp:attachment":[{"href":"https:\/\/fuentesfidedignas.com.mx\/index.php\/wp-json\/wp\/v2\/media?parent=56115"}],"wp:term":[{"taxonomy":"category","embeddable":true,"href":"https:\/\/fuentesfidedignas.com.mx\/index.php\/wp-json\/wp\/v2\/categories?post=56115"},{"taxonomy":"post_tag","embeddable":true,"href":"https:\/\/fuentesfidedignas.com.mx\/index.php\/wp-json\/wp\/v2\/tags?post=56115"}],"curies":[{"name":"wp","href":"https:\/\/api.w.org\/{rel}","templated":true}]}}