{"id":56112,"date":"2023-08-21T10:49:31","date_gmt":"2023-08-21T17:49:31","guid":{"rendered":"https:\/\/fuentesfidedignas.com.mx\/?p=56112"},"modified":"2023-08-21T10:55:54","modified_gmt":"2023-08-21T17:55:54","slug":"riesgo-de-muerte-en-infectados-por-covid-se-mantiene-por-2-anos-senala-estudio","status":"publish","type":"post","link":"https:\/\/fuentesfidedignas.com.mx\/index.php\/2023\/08\/21\/riesgo-de-muerte-en-infectados-por-covid-se-mantiene-por-2-anos-senala-estudio\/","title":{"rendered":"Riesgo de muerte en infectados por COVID se mantiene por 2 a\u00f1os, se\u00f1ala estudio"},"content":{"rendered":"\n<p><strong><em>Un estudio publicado este lunes en Nature Medicine encontr\u00f3 que tambi\u00e9n se mantiene el riesgo de enfermedades como la diabetes<\/em><\/strong><\/p>\n\n\n\n<p>Ciudad de M\u00e9xico. El riesgo de nuevas enfermedades, discapacidad y muerte sigue siendo elevado en algunos pacientes hasta dos a\u00f1os despu\u00e9s de infectarse del COVID-19, revel\u00f3 este lunes un estudio que muestra el impacto prolongado del virus SARS-CoV-2.<\/p>\n\n\n\n<p>Las personas que nunca estuvieron lo suficientemente enfermas como para ser hospitalizadas por COVID agudo a\u00fan ten\u00edan un mayor riesgo que las personas no infectadas de desarrollar trastornos prolongados relacionados con el coronavirus, como:<\/p>\n\n\n\n<ul class=\"wp-block-list\">\n<li>Co\u00e1gulos sangu\u00edneos peligrosos.<\/li>\n\n\n\n<li><a href=\"https:\/\/www.elfinanciero.com.mx\/food-and-drink\/2023\/07\/02\/usos-cotidianos-del-vinagre-que-tan-efectivo-es-segun-la-ciencia\/\" target=\"_blank\" rel=\"noreferrer noopener\">Diabetes<\/a>.<\/li>\n\n\n\n<li>Enfermedades pulmonares, gastrointestinales y musculoesquel\u00e9ticas.<\/li>\n<\/ul>\n\n\n\n<p>El estudio con estas conclusiones fue publicado este lunes en la revista&nbsp;<em>Nature Medicine<\/em>.<\/p>\n\n\n\n<p>Se estima que cerca de\u00a0<strong>65 millones de personas en todo el mundo<\/strong>\u00a0viven con la llamada condici\u00f3n post-COVID, un n\u00famero que, seg\u00fan se informa, aumenta constantemente\u00a0<strong>en ausencia de tratamientos aprobados y la continua propagaci\u00f3n viral<\/strong>.<\/p>\n\n\n\n<p>\u201cSi bien&nbsp;<a href=\"https:\/\/www.elfinanciero.com.mx\/salud\/2023\/07\/31\/covid-largo-estados-unidos-lanza-programa-recover-para-eliminar-secuelas-del-virus\/\">los s\u00edntomas prolongados del COVID<\/a>&nbsp;de muchas personas mejoran lentamente con el tiempo, esto puede llevar a\u00f1os y algunos s\u00edntomas persisten incluso m\u00e1s all\u00e1 de ese punto\u201d, coment\u00f3 Michael Peluso, profesor asistente de medicina en la Universidad de California en San Francisco.<\/p>\n\n\n\n<h2 class=\"wp-block-heading\">\u2018Un camino muy largo y arduo hacia la recuperaci\u00f3n\u2019<\/h2>\n\n\n\n<p><strong>El \u2018COVID largo\u2019<\/strong>\u00a0se ha relacionado con\u00a0<strong>m\u00e1s de 200 s\u00edntomas que afectan a todos los sistemas de \u00f3rganos<\/strong>. El epidemi\u00f3logo Ziyad Al-Aly y sus colegas usaron las bases de datos para comparar la incidencia de 80 problemas de salud post-agudos entre 138 mil 818 veteranos que\u00a0<strong>sobrevivieron al primer mes de una infecci\u00f3n por COVID\u00a0<\/strong>durante el primer a\u00f1o de la pandemia con casi 6 millones que no fueron infectados en el mismo periodo.<\/p>\n\n\n\n<p>Los que no fueron hospitalizados por COVID ten\u00edan un mayor riesgo de desarrollar 31 por ciento de las 80 dolencias despu\u00e9s de dos a\u00f1os de seguimiento, en comparaci\u00f3n con los no infectados, mientras que los pacientes hospitalizados por COVID ten\u00edan m\u00e1s posibilidades de desarrollar 65 por ciento de ellas.<\/p>\n\n\n\n<p>\u201cEst\u00e1 muy claro que las personas hospitalizadas durante la fase aguda de una infecci\u00f3n por SARS-CoV-2 tienen un camino muy largo y arduo hacia la recuperaci\u00f3n\u201d, dijo Al-Aly en una entrevista. \u201cTienen un riesgo significativamente mayor de muerte, incluso a los dos a\u00f1os\u201d.<\/p>\n\n\n\n<p>El aumento en el riesgo de mortalidad por COVID-19 no fue significativo m\u00e1s all\u00e1 de los seis meses para los pacientes no hospitalizados, pero se mantuvo significativamente elevado durante los dos a\u00f1os para los que hab\u00edan sido hospitalizados, encontr\u00f3 el estudio.<\/p>\n\n\n\n<p>La mayor\u00eda de los usuarios del sistema de salud de veteranos de EU son hombres mayores, lo que podr\u00eda limitar la aplicabilidad de los hallazgos del estudio a otros grupos, aclararon los autores.<\/p>\n","protected":false},"excerpt":{"rendered":"<p>Un estudio publicado este lunes en Nature Medicine encontr\u00f3 que tambi\u00e9n se mantiene el riesgo de enfermedades como la diabetes Ciudad de M\u00e9xico. El riesgo de nuevas enfermedades, discapacidad y muerte sigue siendo elevado en algunos pacientes hasta dos a\u00f1os despu\u00e9s de infectarse del COVID-19, revel\u00f3 este lunes un estudio que muestra el impacto prolongado [&hellip;]<\/p>\n","protected":false},"author":21,"featured_media":56114,"comment_status":"open","ping_status":"open","sticky":false,"template":"","format":"standard","meta":{"tdm_status":"","tdm_grid_status":"","footnotes":""},"categories":[39,1],"tags":[],"class_list":{"0":"post-56112","1":"post","2":"type-post","3":"status-publish","4":"format-standard","5":"has-post-thumbnail","7":"category-noticias-nacionales","8":"category-sin-categoria"},"yoast_head":"<!-- This site is optimized with the Yoast SEO plugin v27.5 - https:\/\/yoast.com\/product\/yoast-seo-wordpress\/ -->\n<title>Riesgo de muerte en infectados por COVID se mantiene por 2 a\u00f1os, se\u00f1ala estudio - Fuentes Fidedignas<\/title>\n<meta name=\"robots\" content=\"index, follow, max-snippet:-1, max-image-preview:large, max-video-preview:-1\" \/>\n<link rel=\"canonical\" href=\"https:\/\/fuentesfidedignas.com.mx\/index.php\/2023\/08\/21\/riesgo-de-muerte-en-infectados-por-covid-se-mantiene-por-2-anos-senala-estudio\/\" \/>\n<meta property=\"og:locale\" content=\"es_MX\" \/>\n<meta property=\"og:type\" content=\"article\" \/>\n<meta property=\"og:title\" content=\"Riesgo de muerte en infectados por COVID se mantiene por 2 a\u00f1os, se\u00f1ala estudio - Fuentes Fidedignas\" \/>\n<meta property=\"og:description\" content=\"Un estudio publicado este lunes en Nature Medicine encontr\u00f3 que tambi\u00e9n se mantiene el riesgo de enfermedades como la diabetes Ciudad de M\u00e9xico. El riesgo de nuevas enfermedades, discapacidad y muerte sigue siendo elevado en algunos pacientes hasta dos a\u00f1os despu\u00e9s de infectarse del COVID-19, revel\u00f3 este lunes un estudio que muestra el impacto prolongado [&hellip;]\" \/>\n<meta property=\"og:url\" content=\"https:\/\/fuentesfidedignas.com.mx\/index.php\/2023\/08\/21\/riesgo-de-muerte-en-infectados-por-covid-se-mantiene-por-2-anos-senala-estudio\/\" \/>\n<meta property=\"og:site_name\" content=\"Fuentes Fidedignas\" \/>\n<meta property=\"article:publisher\" content=\"https:\/\/www.facebook.com\/Fuentes-Fidedignas-368234489921644\" \/>\n<meta property=\"article:published_time\" content=\"2023-08-21T17:49:31+00:00\" \/>\n<meta property=\"article:modified_time\" content=\"2023-08-21T17:55:54+00:00\" \/>\n<meta property=\"og:image\" content=\"https:\/\/fuentesfidedignas.com.mx\/wp-content\/uploads\/2023\/08\/Screenshot_20230821_104633_Chrome.jpg\" \/>\n\t<meta property=\"og:image:width\" content=\"981\" \/>\n\t<meta property=\"og:image:height\" content=\"600\" \/>\n\t<meta property=\"og:image:type\" content=\"image\/jpeg\" \/>\n<meta name=\"author\" content=\"El Financiero\" \/>\n<meta name=\"twitter:card\" content=\"summary_large_image\" \/>\n<meta name=\"twitter:creator\" content=\"@fidedignas\" \/>\n<meta name=\"twitter:site\" content=\"@fidedignas\" \/>\n<meta name=\"twitter:label1\" content=\"Escrito por\" \/>\n\t<meta name=\"twitter:data1\" content=\"El Financiero\" \/>\n\t<meta name=\"twitter:label2\" content=\"Tiempo de lectura\" \/>\n\t<meta name=\"twitter:data2\" content=\"3 minutos\" \/>\n<script type=\"application\/ld+json\" class=\"yoast-schema-graph\">{\"@context\":\"https:\\\/\\\/schema.org\",\"@graph\":[{\"@type\":\"Article\",\"@id\":\"https:\\\/\\\/fuentesfidedignas.com.mx\\\/index.php\\\/2023\\\/08\\\/21\\\/riesgo-de-muerte-en-infectados-por-covid-se-mantiene-por-2-anos-senala-estudio\\\/#article\",\"isPartOf\":{\"@id\":\"https:\\\/\\\/fuentesfidedignas.com.mx\\\/index.php\\\/2023\\\/08\\\/21\\\/riesgo-de-muerte-en-infectados-por-covid-se-mantiene-por-2-anos-senala-estudio\\\/\"},\"author\":{\"name\":\"El Financiero\",\"@id\":\"https:\\\/\\\/fuentesfidedignas.com.mx\\\/#\\\/schema\\\/person\\\/494f7e0dce8dfaaec5b64f16615b78e9\"},\"headline\":\"Riesgo de muerte en infectados por COVID se mantiene por 2 a\u00f1os, se\u00f1ala estudio\",\"datePublished\":\"2023-08-21T17:49:31+00:00\",\"dateModified\":\"2023-08-21T17:55:54+00:00\",\"mainEntityOfPage\":{\"@id\":\"https:\\\/\\\/fuentesfidedignas.com.mx\\\/index.php\\\/2023\\\/08\\\/21\\\/riesgo-de-muerte-en-infectados-por-covid-se-mantiene-por-2-anos-senala-estudio\\\/\"},\"wordCount\":492,\"commentCount\":0,\"publisher\":{\"@id\":\"https:\\\/\\\/fuentesfidedignas.com.mx\\\/#organization\"},\"image\":{\"@id\":\"https:\\\/\\\/fuentesfidedignas.com.mx\\\/index.php\\\/2023\\\/08\\\/21\\\/riesgo-de-muerte-en-infectados-por-covid-se-mantiene-por-2-anos-senala-estudio\\\/#primaryimage\"},\"thumbnailUrl\":\"https:\\\/\\\/fuentesfidedignas.com.mx\\\/wp-content\\\/uploads\\\/2023\\\/08\\\/Screenshot_20230821_104633_Chrome.jpg\",\"articleSection\":[\"NOTICIAS NACIONALES\"],\"inLanguage\":\"es\",\"potentialAction\":[{\"@type\":\"CommentAction\",\"name\":\"Comment\",\"target\":[\"https:\\\/\\\/fuentesfidedignas.com.mx\\\/index.php\\\/2023\\\/08\\\/21\\\/riesgo-de-muerte-en-infectados-por-covid-se-mantiene-por-2-anos-senala-estudio\\\/#respond\"]}]},{\"@type\":\"WebPage\",\"@id\":\"https:\\\/\\\/fuentesfidedignas.com.mx\\\/index.php\\\/2023\\\/08\\\/21\\\/riesgo-de-muerte-en-infectados-por-covid-se-mantiene-por-2-anos-senala-estudio\\\/\",\"url\":\"https:\\\/\\\/fuentesfidedignas.com.mx\\\/index.php\\\/2023\\\/08\\\/21\\\/riesgo-de-muerte-en-infectados-por-covid-se-mantiene-por-2-anos-senala-estudio\\\/\",\"name\":\"Riesgo de muerte en infectados por COVID se mantiene por 2 a\u00f1os, se\u00f1ala estudio - Fuentes Fidedignas\",\"isPartOf\":{\"@id\":\"https:\\\/\\\/fuentesfidedignas.com.mx\\\/#website\"},\"primaryImageOfPage\":{\"@id\":\"https:\\\/\\\/fuentesfidedignas.com.mx\\\/index.php\\\/2023\\\/08\\\/21\\\/riesgo-de-muerte-en-infectados-por-covid-se-mantiene-por-2-anos-senala-estudio\\\/#primaryimage\"},\"image\":{\"@id\":\"https:\\\/\\\/fuentesfidedignas.com.mx\\\/index.php\\\/2023\\\/08\\\/21\\\/riesgo-de-muerte-en-infectados-por-covid-se-mantiene-por-2-anos-senala-estudio\\\/#primaryimage\"},\"thumbnailUrl\":\"https:\\\/\\\/fuentesfidedignas.com.mx\\\/wp-content\\\/uploads\\\/2023\\\/08\\\/Screenshot_20230821_104633_Chrome.jpg\",\"datePublished\":\"2023-08-21T17:49:31+00:00\",\"dateModified\":\"2023-08-21T17:55:54+00:00\",\"breadcrumb\":{\"@id\":\"https:\\\/\\\/fuentesfidedignas.com.mx\\\/index.php\\\/2023\\\/08\\\/21\\\/riesgo-de-muerte-en-infectados-por-covid-se-mantiene-por-2-anos-senala-estudio\\\/#breadcrumb\"},\"inLanguage\":\"es\",\"potentialAction\":[{\"@type\":\"ReadAction\",\"target\":[\"https:\\\/\\\/fuentesfidedignas.com.mx\\\/index.php\\\/2023\\\/08\\\/21\\\/riesgo-de-muerte-en-infectados-por-covid-se-mantiene-por-2-anos-senala-estudio\\\/\"]}]},{\"@type\":\"ImageObject\",\"inLanguage\":\"es\",\"@id\":\"https:\\\/\\\/fuentesfidedignas.com.mx\\\/index.php\\\/2023\\\/08\\\/21\\\/riesgo-de-muerte-en-infectados-por-covid-se-mantiene-por-2-anos-senala-estudio\\\/#primaryimage\",\"url\":\"https:\\\/\\\/fuentesfidedignas.com.mx\\\/wp-content\\\/uploads\\\/2023\\\/08\\\/Screenshot_20230821_104633_Chrome.jpg\",\"contentUrl\":\"https:\\\/\\\/fuentesfidedignas.com.mx\\\/wp-content\\\/uploads\\\/2023\\\/08\\\/Screenshot_20230821_104633_Chrome.jpg\",\"width\":981,\"height\":600},{\"@type\":\"BreadcrumbList\",\"@id\":\"https:\\\/\\\/fuentesfidedignas.com.mx\\\/index.php\\\/2023\\\/08\\\/21\\\/riesgo-de-muerte-en-infectados-por-covid-se-mantiene-por-2-anos-senala-estudio\\\/#breadcrumb\",\"itemListElement\":[{\"@type\":\"ListItem\",\"position\":1,\"name\":\"Inicio\",\"item\":\"https:\\\/\\\/fuentesfidedignas.com.mx\\\/\"},{\"@type\":\"ListItem\",\"position\":2,\"name\":\"Riesgo de muerte en infectados por COVID se mantiene por 2 a\u00f1os, se\u00f1ala estudio\"}]},{\"@type\":\"WebSite\",\"@id\":\"https:\\\/\\\/fuentesfidedignas.com.mx\\\/#website\",\"url\":\"https:\\\/\\\/fuentesfidedignas.com.mx\\\/\",\"name\":\"Fuentes Fidedignas\",\"description\":\"Otro sitio realizado con WordPress\",\"publisher\":{\"@id\":\"https:\\\/\\\/fuentesfidedignas.com.mx\\\/#organization\"},\"potentialAction\":[{\"@type\":\"SearchAction\",\"target\":{\"@type\":\"EntryPoint\",\"urlTemplate\":\"https:\\\/\\\/fuentesfidedignas.com.mx\\\/?s={search_term_string}\"},\"query-input\":{\"@type\":\"PropertyValueSpecification\",\"valueRequired\":true,\"valueName\":\"search_term_string\"}}],\"inLanguage\":\"es\"},{\"@type\":\"Organization\",\"@id\":\"https:\\\/\\\/fuentesfidedignas.com.mx\\\/#organization\",\"name\":\"Fuentes Fidedignas\",\"url\":\"https:\\\/\\\/fuentesfidedignas.com.mx\\\/\",\"logo\":{\"@type\":\"ImageObject\",\"inLanguage\":\"es\",\"@id\":\"https:\\\/\\\/fuentesfidedignas.com.mx\\\/#\\\/schema\\\/logo\\\/image\\\/\",\"url\":\"https:\\\/\\\/fuentesfidedignas.com.mx\\\/wp-content\\\/uploads\\\/2021\\\/04\\\/logo-retina.png\",\"contentUrl\":\"https:\\\/\\\/fuentesfidedignas.com.mx\\\/wp-content\\\/uploads\\\/2021\\\/04\\\/logo-retina.png\",\"width\":280,\"height\":51,\"caption\":\"Fuentes Fidedignas\"},\"image\":{\"@id\":\"https:\\\/\\\/fuentesfidedignas.com.mx\\\/#\\\/schema\\\/logo\\\/image\\\/\"},\"sameAs\":[\"https:\\\/\\\/www.facebook.com\\\/Fuentes-Fidedignas-368234489921644\",\"https:\\\/\\\/x.com\\\/fidedignas\"]},{\"@type\":\"Person\",\"@id\":\"https:\\\/\\\/fuentesfidedignas.com.mx\\\/#\\\/schema\\\/person\\\/494f7e0dce8dfaaec5b64f16615b78e9\",\"name\":\"El Financiero\",\"image\":{\"@type\":\"ImageObject\",\"inLanguage\":\"es\",\"@id\":\"https:\\\/\\\/secure.gravatar.com\\\/avatar\\\/88c0f3f2079389318ef8dd35c22cb997212aa89646e357ba59b318db26ed91a9?s=96&d=mm&r=g\",\"url\":\"https:\\\/\\\/secure.gravatar.com\\\/avatar\\\/88c0f3f2079389318ef8dd35c22cb997212aa89646e357ba59b318db26ed91a9?s=96&d=mm&r=g\",\"contentUrl\":\"https:\\\/\\\/secure.gravatar.com\\\/avatar\\\/88c0f3f2079389318ef8dd35c22cb997212aa89646e357ba59b318db26ed91a9?s=96&d=mm&r=g\",\"caption\":\"El Financiero\"},\"url\":\"https:\\\/\\\/fuentesfidedignas.com.mx\\\/index.php\\\/author\\\/financiero\\\/\"}]}<\/script>\n<!-- \/ Yoast SEO plugin. -->","yoast_head_json":{"title":"Riesgo de muerte en infectados por COVID se mantiene por 2 a\u00f1os, se\u00f1ala estudio - Fuentes Fidedignas","robots":{"index":"index","follow":"follow","max-snippet":"max-snippet:-1","max-image-preview":"max-image-preview:large","max-video-preview":"max-video-preview:-1"},"canonical":"https:\/\/fuentesfidedignas.com.mx\/index.php\/2023\/08\/21\/riesgo-de-muerte-en-infectados-por-covid-se-mantiene-por-2-anos-senala-estudio\/","og_locale":"es_MX","og_type":"article","og_title":"Riesgo de muerte en infectados por COVID se mantiene por 2 a\u00f1os, se\u00f1ala estudio - Fuentes Fidedignas","og_description":"Un estudio publicado este lunes en Nature Medicine encontr\u00f3 que tambi\u00e9n se mantiene el riesgo de enfermedades como la diabetes Ciudad de M\u00e9xico. El riesgo de nuevas enfermedades, discapacidad y muerte sigue siendo elevado en algunos pacientes hasta dos a\u00f1os despu\u00e9s de infectarse del COVID-19, revel\u00f3 este lunes un estudio que muestra el impacto prolongado [&hellip;]","og_url":"https:\/\/fuentesfidedignas.com.mx\/index.php\/2023\/08\/21\/riesgo-de-muerte-en-infectados-por-covid-se-mantiene-por-2-anos-senala-estudio\/","og_site_name":"Fuentes Fidedignas","article_publisher":"https:\/\/www.facebook.com\/Fuentes-Fidedignas-368234489921644","article_published_time":"2023-08-21T17:49:31+00:00","article_modified_time":"2023-08-21T17:55:54+00:00","og_image":[{"width":981,"height":600,"url":"https:\/\/fuentesfidedignas.com.mx\/wp-content\/uploads\/2023\/08\/Screenshot_20230821_104633_Chrome.jpg","type":"image\/jpeg"}],"author":"El Financiero","twitter_card":"summary_large_image","twitter_creator":"@fidedignas","twitter_site":"@fidedignas","twitter_misc":{"Escrito por":"El Financiero","Tiempo de lectura":"3 minutos"},"schema":{"@context":"https:\/\/schema.org","@graph":[{"@type":"Article","@id":"https:\/\/fuentesfidedignas.com.mx\/index.php\/2023\/08\/21\/riesgo-de-muerte-en-infectados-por-covid-se-mantiene-por-2-anos-senala-estudio\/#article","isPartOf":{"@id":"https:\/\/fuentesfidedignas.com.mx\/index.php\/2023\/08\/21\/riesgo-de-muerte-en-infectados-por-covid-se-mantiene-por-2-anos-senala-estudio\/"},"author":{"name":"El Financiero","@id":"https:\/\/fuentesfidedignas.com.mx\/#\/schema\/person\/494f7e0dce8dfaaec5b64f16615b78e9"},"headline":"Riesgo de muerte en infectados por COVID se mantiene por 2 a\u00f1os, se\u00f1ala estudio","datePublished":"2023-08-21T17:49:31+00:00","dateModified":"2023-08-21T17:55:54+00:00","mainEntityOfPage":{"@id":"https:\/\/fuentesfidedignas.com.mx\/index.php\/2023\/08\/21\/riesgo-de-muerte-en-infectados-por-covid-se-mantiene-por-2-anos-senala-estudio\/"},"wordCount":492,"commentCount":0,"publisher":{"@id":"https:\/\/fuentesfidedignas.com.mx\/#organization"},"image":{"@id":"https:\/\/fuentesfidedignas.com.mx\/index.php\/2023\/08\/21\/riesgo-de-muerte-en-infectados-por-covid-se-mantiene-por-2-anos-senala-estudio\/#primaryimage"},"thumbnailUrl":"https:\/\/fuentesfidedignas.com.mx\/wp-content\/uploads\/2023\/08\/Screenshot_20230821_104633_Chrome.jpg","articleSection":["NOTICIAS NACIONALES"],"inLanguage":"es","potentialAction":[{"@type":"CommentAction","name":"Comment","target":["https:\/\/fuentesfidedignas.com.mx\/index.php\/2023\/08\/21\/riesgo-de-muerte-en-infectados-por-covid-se-mantiene-por-2-anos-senala-estudio\/#respond"]}]},{"@type":"WebPage","@id":"https:\/\/fuentesfidedignas.com.mx\/index.php\/2023\/08\/21\/riesgo-de-muerte-en-infectados-por-covid-se-mantiene-por-2-anos-senala-estudio\/","url":"https:\/\/fuentesfidedignas.com.mx\/index.php\/2023\/08\/21\/riesgo-de-muerte-en-infectados-por-covid-se-mantiene-por-2-anos-senala-estudio\/","name":"Riesgo de muerte en infectados por COVID se mantiene por 2 a\u00f1os, se\u00f1ala estudio - Fuentes Fidedignas","isPartOf":{"@id":"https:\/\/fuentesfidedignas.com.mx\/#website"},"primaryImageOfPage":{"@id":"https:\/\/fuentesfidedignas.com.mx\/index.php\/2023\/08\/21\/riesgo-de-muerte-en-infectados-por-covid-se-mantiene-por-2-anos-senala-estudio\/#primaryimage"},"image":{"@id":"https:\/\/fuentesfidedignas.com.mx\/index.php\/2023\/08\/21\/riesgo-de-muerte-en-infectados-por-covid-se-mantiene-por-2-anos-senala-estudio\/#primaryimage"},"thumbnailUrl":"https:\/\/fuentesfidedignas.com.mx\/wp-content\/uploads\/2023\/08\/Screenshot_20230821_104633_Chrome.jpg","datePublished":"2023-08-21T17:49:31+00:00","dateModified":"2023-08-21T17:55:54+00:00","breadcrumb":{"@id":"https:\/\/fuentesfidedignas.com.mx\/index.php\/2023\/08\/21\/riesgo-de-muerte-en-infectados-por-covid-se-mantiene-por-2-anos-senala-estudio\/#breadcrumb"},"inLanguage":"es","potentialAction":[{"@type":"ReadAction","target":["https:\/\/fuentesfidedignas.com.mx\/index.php\/2023\/08\/21\/riesgo-de-muerte-en-infectados-por-covid-se-mantiene-por-2-anos-senala-estudio\/"]}]},{"@type":"ImageObject","inLanguage":"es","@id":"https:\/\/fuentesfidedignas.com.mx\/index.php\/2023\/08\/21\/riesgo-de-muerte-en-infectados-por-covid-se-mantiene-por-2-anos-senala-estudio\/#primaryimage","url":"https:\/\/fuentesfidedignas.com.mx\/wp-content\/uploads\/2023\/08\/Screenshot_20230821_104633_Chrome.jpg","contentUrl":"https:\/\/fuentesfidedignas.com.mx\/wp-content\/uploads\/2023\/08\/Screenshot_20230821_104633_Chrome.jpg","width":981,"height":600},{"@type":"BreadcrumbList","@id":"https:\/\/fuentesfidedignas.com.mx\/index.php\/2023\/08\/21\/riesgo-de-muerte-en-infectados-por-covid-se-mantiene-por-2-anos-senala-estudio\/#breadcrumb","itemListElement":[{"@type":"ListItem","position":1,"name":"Inicio","item":"https:\/\/fuentesfidedignas.com.mx\/"},{"@type":"ListItem","position":2,"name":"Riesgo de muerte en infectados por COVID se mantiene por 2 a\u00f1os, se\u00f1ala estudio"}]},{"@type":"WebSite","@id":"https:\/\/fuentesfidedignas.com.mx\/#website","url":"https:\/\/fuentesfidedignas.com.mx\/","name":"Fuentes Fidedignas","description":"Otro sitio realizado con WordPress","publisher":{"@id":"https:\/\/fuentesfidedignas.com.mx\/#organization"},"potentialAction":[{"@type":"SearchAction","target":{"@type":"EntryPoint","urlTemplate":"https:\/\/fuentesfidedignas.com.mx\/?s={search_term_string}"},"query-input":{"@type":"PropertyValueSpecification","valueRequired":true,"valueName":"search_term_string"}}],"inLanguage":"es"},{"@type":"Organization","@id":"https:\/\/fuentesfidedignas.com.mx\/#organization","name":"Fuentes Fidedignas","url":"https:\/\/fuentesfidedignas.com.mx\/","logo":{"@type":"ImageObject","inLanguage":"es","@id":"https:\/\/fuentesfidedignas.com.mx\/#\/schema\/logo\/image\/","url":"https:\/\/fuentesfidedignas.com.mx\/wp-content\/uploads\/2021\/04\/logo-retina.png","contentUrl":"https:\/\/fuentesfidedignas.com.mx\/wp-content\/uploads\/2021\/04\/logo-retina.png","width":280,"height":51,"caption":"Fuentes Fidedignas"},"image":{"@id":"https:\/\/fuentesfidedignas.com.mx\/#\/schema\/logo\/image\/"},"sameAs":["https:\/\/www.facebook.com\/Fuentes-Fidedignas-368234489921644","https:\/\/x.com\/fidedignas"]},{"@type":"Person","@id":"https:\/\/fuentesfidedignas.com.mx\/#\/schema\/person\/494f7e0dce8dfaaec5b64f16615b78e9","name":"El Financiero","image":{"@type":"ImageObject","inLanguage":"es","@id":"https:\/\/secure.gravatar.com\/avatar\/88c0f3f2079389318ef8dd35c22cb997212aa89646e357ba59b318db26ed91a9?s=96&d=mm&r=g","url":"https:\/\/secure.gravatar.com\/avatar\/88c0f3f2079389318ef8dd35c22cb997212aa89646e357ba59b318db26ed91a9?s=96&d=mm&r=g","contentUrl":"https:\/\/secure.gravatar.com\/avatar\/88c0f3f2079389318ef8dd35c22cb997212aa89646e357ba59b318db26ed91a9?s=96&d=mm&r=g","caption":"El Financiero"},"url":"https:\/\/fuentesfidedignas.com.mx\/index.php\/author\/financiero\/"}]}},"_links":{"self":[{"href":"https:\/\/fuentesfidedignas.com.mx\/index.php\/wp-json\/wp\/v2\/posts\/56112","targetHints":{"allow":["GET"]}}],"collection":[{"href":"https:\/\/fuentesfidedignas.com.mx\/index.php\/wp-json\/wp\/v2\/posts"}],"about":[{"href":"https:\/\/fuentesfidedignas.com.mx\/index.php\/wp-json\/wp\/v2\/types\/post"}],"author":[{"embeddable":true,"href":"https:\/\/fuentesfidedignas.com.mx\/index.php\/wp-json\/wp\/v2\/users\/21"}],"replies":[{"embeddable":true,"href":"https:\/\/fuentesfidedignas.com.mx\/index.php\/wp-json\/wp\/v2\/comments?post=56112"}],"version-history":[{"count":1,"href":"https:\/\/fuentesfidedignas.com.mx\/index.php\/wp-json\/wp\/v2\/posts\/56112\/revisions"}],"predecessor-version":[{"id":56113,"href":"https:\/\/fuentesfidedignas.com.mx\/index.php\/wp-json\/wp\/v2\/posts\/56112\/revisions\/56113"}],"wp:featuredmedia":[{"embeddable":true,"href":"https:\/\/fuentesfidedignas.com.mx\/index.php\/wp-json\/wp\/v2\/media\/56114"}],"wp:attachment":[{"href":"https:\/\/fuentesfidedignas.com.mx\/index.php\/wp-json\/wp\/v2\/media?parent=56112"}],"wp:term":[{"taxonomy":"category","embeddable":true,"href":"https:\/\/fuentesfidedignas.com.mx\/index.php\/wp-json\/wp\/v2\/categories?post=56112"},{"taxonomy":"post_tag","embeddable":true,"href":"https:\/\/fuentesfidedignas.com.mx\/index.php\/wp-json\/wp\/v2\/tags?post=56112"}],"curies":[{"name":"wp","href":"https:\/\/api.w.org\/{rel}","templated":true}]}}