{"id":56106,"date":"2023-08-21T09:33:18","date_gmt":"2023-08-21T16:33:18","guid":{"rendered":"https:\/\/fuentesfidedignas.com.mx\/?p=56106"},"modified":"2023-08-21T09:34:12","modified_gmt":"2023-08-21T16:34:12","slug":"mueren-cuatro-alpinistas-tras-caer-en-el-pico-de-orizaba","status":"publish","type":"post","link":"https:\/\/fuentesfidedignas.com.mx\/index.php\/2023\/08\/21\/mueren-cuatro-alpinistas-tras-caer-en-el-pico-de-orizaba\/","title":{"rendered":"Mueren cuatro alpinistas tras caer en el Pico de Orizaba"},"content":{"rendered":"\n<p><strong><em>En el Pico de Orizaba, cuatro alpinistas murieron tras caer y sufrir lesiones mortales cuando sub\u00edan por el lado sur del volv\u00e1n<\/em><\/strong><\/p>\n\n\n\n<p>Puebla. Cuatro\u00a0<strong>alpinistas<\/strong>\u00a0perdieron la vida el s\u00e1bado tras sufrir un\u00a0<strong>accidente<\/strong>\u00a0mientras ascend\u00edan el\u00a0<strong>volc\u00e1n Citlalt\u00e9petl<\/strong>\u00a0o\u00a0<strong>Pico de Orizaba<\/strong>, al caer del lado sur del coloso, pero sus cuerpos fueron encontrados hasta este domingo, informaron autoridades de\u00a0<strong>Protecci\u00f3n Civil<\/strong>\u00a0de Puebla.<\/p>\n\n\n\n<p>De acuerdo con las autoridades, las cuatro personas cayeron mientras ascend\u00edan al\u00a0<strong>Citlalt\u00e9petl<\/strong>, del lado sur del volc\u00e1n perteneciente al municipio de\u00a0<strong>Atzitzintla<\/strong>, lo que les ocasion\u00f3 lesiones mortales.<\/p>\n\n\n\n<figure class=\"wp-block-embed is-type-rich is-provider-twitter wp-block-embed-twitter\"><div class=\"wp-block-embed__wrapper\">\n<blockquote class=\"twitter-tweet\" data-width=\"550\" data-dnt=\"true\"><p lang=\"es\" dir=\"ltr\">Se activ\u00f3 el grupo de b\u00fasqueda y rescate en monta\u00f1a y el apoyo de Cruz Roja para la recuperaci\u00f3n de los cuerpos y descenso de los mismos. Se continuar\u00e1 informando.<\/p>&mdash; PC Estatal Puebla (@PC_Estatal) <a href=\"https:\/\/twitter.com\/PC_Estatal\/status\/1693395397127913480?ref_src=twsrc%5Etfw\">August 20, 2023<\/a><\/blockquote><script async src=\"https:\/\/platform.twitter.com\/widgets.js\" charset=\"utf-8\"><\/script>\n<\/div><\/figure>\n\n\n\n<p>El grupo de excursionistas Volcanes de M\u00e9xico asever\u00f3 que los fallecidos fueron identificados como<strong>&nbsp;Jos\u00e9 In\u00e9s<\/strong>&nbsp;\u201cS\u201d, del Club Cl\u00e1sicos de la Monta\u00f1a, de R\u00edo Blanco;&nbsp;<strong>Hugo<\/strong>&nbsp;\u201cC\u201d, de&nbsp;<strong>Chalchicomula<\/strong>,&nbsp;<strong>Puebla<\/strong>;&nbsp;<strong>Carlos Altamirano Lima<\/strong>, de Orizaba, y una persona de la \u201cque se desconoce su nombre\u201d, pero que tambi\u00e9n era originaria de Veracruz.<\/p>\n\n\n\n<p>Seg\u00fan su versi\u00f3n, uno de los escaladores resbal\u00f3 a m\u00e1s de 5 mil metros y al estar encordados, todos cayeron sin poder detenerse.<\/p>\n\n\n\n<figure class=\"wp-block-embed is-type-rich is-provider-twitter wp-block-embed-twitter\"><div class=\"wp-block-embed__wrapper\">\n<blockquote class=\"twitter-tweet\" data-width=\"550\" data-dnt=\"true\"><p lang=\"es\" dir=\"ltr\">INFORME DE \u00daLTIMA HORA: se informa que la cuarta persona accidentada y fallecida en Citlalt\u00e9pec, ya fue localizado, es originario de Orizaba. <a href=\"https:\/\/t.co\/nM6W0ihDK1\">pic.twitter.com\/nM6W0ihDK1<\/a><\/p>&mdash; PC Estatal Puebla (@PC_Estatal) <a href=\"https:\/\/twitter.com\/PC_Estatal\/status\/1693407758417080625?ref_src=twsrc%5Etfw\">August 20, 2023<\/a><\/blockquote><script async src=\"https:\/\/platform.twitter.com\/widgets.js\" charset=\"utf-8\"><\/script>\n<\/div><\/figure>\n","protected":false},"excerpt":{"rendered":"<p>En el Pico de Orizaba, cuatro alpinistas murieron tras caer y sufrir lesiones mortales cuando sub\u00edan por el lado sur del volv\u00e1n Puebla. Cuatro\u00a0alpinistas\u00a0perdieron la vida el s\u00e1bado tras sufrir un\u00a0accidente\u00a0mientras ascend\u00edan el\u00a0volc\u00e1n Citlalt\u00e9petl\u00a0o\u00a0Pico de Orizaba, al caer del lado sur del coloso, pero sus cuerpos fueron encontrados hasta este domingo, informaron autoridades de\u00a0Protecci\u00f3n Civil\u00a0de [&hellip;]<\/p>\n","protected":false},"author":47,"featured_media":56108,"comment_status":"open","ping_status":"open","sticky":false,"template":"","format":"standard","meta":{"tdm_status":"","tdm_grid_status":"","footnotes":""},"categories":[39,1],"tags":[],"class_list":{"0":"post-56106","1":"post","2":"type-post","3":"status-publish","4":"format-standard","5":"has-post-thumbnail","7":"category-noticias-nacionales","8":"category-sin-categoria"},"yoast_head":"<!-- This site is optimized with the Yoast SEO plugin v27.5 - https:\/\/yoast.com\/product\/yoast-seo-wordpress\/ -->\n<title>Mueren cuatro alpinistas tras caer en el Pico de Orizaba - Fuentes Fidedignas<\/title>\n<meta name=\"robots\" content=\"index, follow, max-snippet:-1, max-image-preview:large, max-video-preview:-1\" \/>\n<link rel=\"canonical\" href=\"https:\/\/fuentesfidedignas.com.mx\/index.php\/2023\/08\/21\/mueren-cuatro-alpinistas-tras-caer-en-el-pico-de-orizaba\/\" \/>\n<meta property=\"og:locale\" content=\"es_MX\" \/>\n<meta property=\"og:type\" content=\"article\" \/>\n<meta property=\"og:title\" content=\"Mueren cuatro alpinistas tras caer en el Pico de Orizaba - Fuentes Fidedignas\" \/>\n<meta property=\"og:description\" content=\"En el Pico de Orizaba, cuatro alpinistas murieron tras caer y sufrir lesiones mortales cuando sub\u00edan por el lado sur del volv\u00e1n Puebla. Cuatro\u00a0alpinistas\u00a0perdieron la vida el s\u00e1bado tras sufrir un\u00a0accidente\u00a0mientras ascend\u00edan el\u00a0volc\u00e1n Citlalt\u00e9petl\u00a0o\u00a0Pico de Orizaba, al caer del lado sur del coloso, pero sus cuerpos fueron encontrados hasta este domingo, informaron autoridades de\u00a0Protecci\u00f3n Civil\u00a0de [&hellip;]\" \/>\n<meta property=\"og:url\" content=\"https:\/\/fuentesfidedignas.com.mx\/index.php\/2023\/08\/21\/mueren-cuatro-alpinistas-tras-caer-en-el-pico-de-orizaba\/\" \/>\n<meta property=\"og:site_name\" content=\"Fuentes Fidedignas\" \/>\n<meta property=\"article:publisher\" content=\"https:\/\/www.facebook.com\/Fuentes-Fidedignas-368234489921644\" \/>\n<meta property=\"article:published_time\" content=\"2023-08-21T16:33:18+00:00\" \/>\n<meta property=\"article:modified_time\" content=\"2023-08-21T16:34:12+00:00\" \/>\n<meta property=\"og:image\" content=\"https:\/\/fuentesfidedignas.com.mx\/wp-content\/uploads\/2023\/08\/pico-de-orizaba-alpinistas.jpg\" \/>\n\t<meta property=\"og:image:width\" content=\"1040\" \/>\n\t<meta property=\"og:image:height\" content=\"780\" \/>\n\t<meta property=\"og:image:type\" content=\"image\/jpeg\" \/>\n<meta name=\"author\" content=\"L\u00f3pez D\u00f3riga\" \/>\n<meta name=\"twitter:card\" content=\"summary_large_image\" \/>\n<meta name=\"twitter:creator\" content=\"@fidedignas\" \/>\n<meta name=\"twitter:site\" content=\"@fidedignas\" \/>\n<meta name=\"twitter:label1\" content=\"Escrito por\" \/>\n\t<meta name=\"twitter:data1\" content=\"L\u00f3pez D\u00f3riga\" \/>\n\t<meta name=\"twitter:label2\" content=\"Tiempo de lectura\" \/>\n\t<meta name=\"twitter:data2\" content=\"1 minuto\" \/>\n<script type=\"application\/ld+json\" class=\"yoast-schema-graph\">{\"@context\":\"https:\\\/\\\/schema.org\",\"@graph\":[{\"@type\":\"Article\",\"@id\":\"https:\\\/\\\/fuentesfidedignas.com.mx\\\/index.php\\\/2023\\\/08\\\/21\\\/mueren-cuatro-alpinistas-tras-caer-en-el-pico-de-orizaba\\\/#article\",\"isPartOf\":{\"@id\":\"https:\\\/\\\/fuentesfidedignas.com.mx\\\/index.php\\\/2023\\\/08\\\/21\\\/mueren-cuatro-alpinistas-tras-caer-en-el-pico-de-orizaba\\\/\"},\"author\":{\"name\":\"L\u00f3pez D\u00f3riga\",\"@id\":\"https:\\\/\\\/fuentesfidedignas.com.mx\\\/#\\\/schema\\\/person\\\/67d852f0557c8509146a4b9ddebd543a\"},\"headline\":\"Mueren cuatro alpinistas tras caer en el Pico de Orizaba\",\"datePublished\":\"2023-08-21T16:33:18+00:00\",\"dateModified\":\"2023-08-21T16:34:12+00:00\",\"mainEntityOfPage\":{\"@id\":\"https:\\\/\\\/fuentesfidedignas.com.mx\\\/index.php\\\/2023\\\/08\\\/21\\\/mueren-cuatro-alpinistas-tras-caer-en-el-pico-de-orizaba\\\/\"},\"wordCount\":230,\"commentCount\":0,\"publisher\":{\"@id\":\"https:\\\/\\\/fuentesfidedignas.com.mx\\\/#organization\"},\"image\":{\"@id\":\"https:\\\/\\\/fuentesfidedignas.com.mx\\\/index.php\\\/2023\\\/08\\\/21\\\/mueren-cuatro-alpinistas-tras-caer-en-el-pico-de-orizaba\\\/#primaryimage\"},\"thumbnailUrl\":\"https:\\\/\\\/fuentesfidedignas.com.mx\\\/wp-content\\\/uploads\\\/2023\\\/08\\\/pico-de-orizaba-alpinistas.jpg\",\"articleSection\":[\"NOTICIAS NACIONALES\"],\"inLanguage\":\"es\",\"potentialAction\":[{\"@type\":\"CommentAction\",\"name\":\"Comment\",\"target\":[\"https:\\\/\\\/fuentesfidedignas.com.mx\\\/index.php\\\/2023\\\/08\\\/21\\\/mueren-cuatro-alpinistas-tras-caer-en-el-pico-de-orizaba\\\/#respond\"]}]},{\"@type\":\"WebPage\",\"@id\":\"https:\\\/\\\/fuentesfidedignas.com.mx\\\/index.php\\\/2023\\\/08\\\/21\\\/mueren-cuatro-alpinistas-tras-caer-en-el-pico-de-orizaba\\\/\",\"url\":\"https:\\\/\\\/fuentesfidedignas.com.mx\\\/index.php\\\/2023\\\/08\\\/21\\\/mueren-cuatro-alpinistas-tras-caer-en-el-pico-de-orizaba\\\/\",\"name\":\"Mueren cuatro alpinistas tras caer en el Pico de Orizaba - Fuentes Fidedignas\",\"isPartOf\":{\"@id\":\"https:\\\/\\\/fuentesfidedignas.com.mx\\\/#website\"},\"primaryImageOfPage\":{\"@id\":\"https:\\\/\\\/fuentesfidedignas.com.mx\\\/index.php\\\/2023\\\/08\\\/21\\\/mueren-cuatro-alpinistas-tras-caer-en-el-pico-de-orizaba\\\/#primaryimage\"},\"image\":{\"@id\":\"https:\\\/\\\/fuentesfidedignas.com.mx\\\/index.php\\\/2023\\\/08\\\/21\\\/mueren-cuatro-alpinistas-tras-caer-en-el-pico-de-orizaba\\\/#primaryimage\"},\"thumbnailUrl\":\"https:\\\/\\\/fuentesfidedignas.com.mx\\\/wp-content\\\/uploads\\\/2023\\\/08\\\/pico-de-orizaba-alpinistas.jpg\",\"datePublished\":\"2023-08-21T16:33:18+00:00\",\"dateModified\":\"2023-08-21T16:34:12+00:00\",\"breadcrumb\":{\"@id\":\"https:\\\/\\\/fuentesfidedignas.com.mx\\\/index.php\\\/2023\\\/08\\\/21\\\/mueren-cuatro-alpinistas-tras-caer-en-el-pico-de-orizaba\\\/#breadcrumb\"},\"inLanguage\":\"es\",\"potentialAction\":[{\"@type\":\"ReadAction\",\"target\":[\"https:\\\/\\\/fuentesfidedignas.com.mx\\\/index.php\\\/2023\\\/08\\\/21\\\/mueren-cuatro-alpinistas-tras-caer-en-el-pico-de-orizaba\\\/\"]}]},{\"@type\":\"ImageObject\",\"inLanguage\":\"es\",\"@id\":\"https:\\\/\\\/fuentesfidedignas.com.mx\\\/index.php\\\/2023\\\/08\\\/21\\\/mueren-cuatro-alpinistas-tras-caer-en-el-pico-de-orizaba\\\/#primaryimage\",\"url\":\"https:\\\/\\\/fuentesfidedignas.com.mx\\\/wp-content\\\/uploads\\\/2023\\\/08\\\/pico-de-orizaba-alpinistas.jpg\",\"contentUrl\":\"https:\\\/\\\/fuentesfidedignas.com.mx\\\/wp-content\\\/uploads\\\/2023\\\/08\\\/pico-de-orizaba-alpinistas.jpg\",\"width\":1040,\"height\":780},{\"@type\":\"BreadcrumbList\",\"@id\":\"https:\\\/\\\/fuentesfidedignas.com.mx\\\/index.php\\\/2023\\\/08\\\/21\\\/mueren-cuatro-alpinistas-tras-caer-en-el-pico-de-orizaba\\\/#breadcrumb\",\"itemListElement\":[{\"@type\":\"ListItem\",\"position\":1,\"name\":\"Inicio\",\"item\":\"https:\\\/\\\/fuentesfidedignas.com.mx\\\/\"},{\"@type\":\"ListItem\",\"position\":2,\"name\":\"Mueren cuatro alpinistas tras caer en el Pico de Orizaba\"}]},{\"@type\":\"WebSite\",\"@id\":\"https:\\\/\\\/fuentesfidedignas.com.mx\\\/#website\",\"url\":\"https:\\\/\\\/fuentesfidedignas.com.mx\\\/\",\"name\":\"Fuentes Fidedignas\",\"description\":\"Otro sitio realizado con WordPress\",\"publisher\":{\"@id\":\"https:\\\/\\\/fuentesfidedignas.com.mx\\\/#organization\"},\"potentialAction\":[{\"@type\":\"SearchAction\",\"target\":{\"@type\":\"EntryPoint\",\"urlTemplate\":\"https:\\\/\\\/fuentesfidedignas.com.mx\\\/?s={search_term_string}\"},\"query-input\":{\"@type\":\"PropertyValueSpecification\",\"valueRequired\":true,\"valueName\":\"search_term_string\"}}],\"inLanguage\":\"es\"},{\"@type\":\"Organization\",\"@id\":\"https:\\\/\\\/fuentesfidedignas.com.mx\\\/#organization\",\"name\":\"Fuentes Fidedignas\",\"url\":\"https:\\\/\\\/fuentesfidedignas.com.mx\\\/\",\"logo\":{\"@type\":\"ImageObject\",\"inLanguage\":\"es\",\"@id\":\"https:\\\/\\\/fuentesfidedignas.com.mx\\\/#\\\/schema\\\/logo\\\/image\\\/\",\"url\":\"https:\\\/\\\/fuentesfidedignas.com.mx\\\/wp-content\\\/uploads\\\/2021\\\/04\\\/logo-retina.png\",\"contentUrl\":\"https:\\\/\\\/fuentesfidedignas.com.mx\\\/wp-content\\\/uploads\\\/2021\\\/04\\\/logo-retina.png\",\"width\":280,\"height\":51,\"caption\":\"Fuentes Fidedignas\"},\"image\":{\"@id\":\"https:\\\/\\\/fuentesfidedignas.com.mx\\\/#\\\/schema\\\/logo\\\/image\\\/\"},\"sameAs\":[\"https:\\\/\\\/www.facebook.com\\\/Fuentes-Fidedignas-368234489921644\",\"https:\\\/\\\/x.com\\\/fidedignas\"]},{\"@type\":\"Person\",\"@id\":\"https:\\\/\\\/fuentesfidedignas.com.mx\\\/#\\\/schema\\\/person\\\/67d852f0557c8509146a4b9ddebd543a\",\"name\":\"L\u00f3pez D\u00f3riga\",\"image\":{\"@type\":\"ImageObject\",\"inLanguage\":\"es\",\"@id\":\"https:\\\/\\\/secure.gravatar.com\\\/avatar\\\/e525b06574ca18b33cded59dfe5778d6c823b9513154eff47da551b0551bdd1e?s=96&d=mm&r=g\",\"url\":\"https:\\\/\\\/secure.gravatar.com\\\/avatar\\\/e525b06574ca18b33cded59dfe5778d6c823b9513154eff47da551b0551bdd1e?s=96&d=mm&r=g\",\"contentUrl\":\"https:\\\/\\\/secure.gravatar.com\\\/avatar\\\/e525b06574ca18b33cded59dfe5778d6c823b9513154eff47da551b0551bdd1e?s=96&d=mm&r=g\",\"caption\":\"L\u00f3pez D\u00f3riga\"},\"url\":\"https:\\\/\\\/fuentesfidedignas.com.mx\\\/index.php\\\/author\\\/doriga\\\/\"}]}<\/script>\n<!-- \/ Yoast SEO plugin. -->","yoast_head_json":{"title":"Mueren cuatro alpinistas tras caer en el Pico de Orizaba - Fuentes Fidedignas","robots":{"index":"index","follow":"follow","max-snippet":"max-snippet:-1","max-image-preview":"max-image-preview:large","max-video-preview":"max-video-preview:-1"},"canonical":"https:\/\/fuentesfidedignas.com.mx\/index.php\/2023\/08\/21\/mueren-cuatro-alpinistas-tras-caer-en-el-pico-de-orizaba\/","og_locale":"es_MX","og_type":"article","og_title":"Mueren cuatro alpinistas tras caer en el Pico de Orizaba - Fuentes Fidedignas","og_description":"En el Pico de Orizaba, cuatro alpinistas murieron tras caer y sufrir lesiones mortales cuando sub\u00edan por el lado sur del volv\u00e1n Puebla. Cuatro\u00a0alpinistas\u00a0perdieron la vida el s\u00e1bado tras sufrir un\u00a0accidente\u00a0mientras ascend\u00edan el\u00a0volc\u00e1n Citlalt\u00e9petl\u00a0o\u00a0Pico de Orizaba, al caer del lado sur del coloso, pero sus cuerpos fueron encontrados hasta este domingo, informaron autoridades de\u00a0Protecci\u00f3n Civil\u00a0de [&hellip;]","og_url":"https:\/\/fuentesfidedignas.com.mx\/index.php\/2023\/08\/21\/mueren-cuatro-alpinistas-tras-caer-en-el-pico-de-orizaba\/","og_site_name":"Fuentes Fidedignas","article_publisher":"https:\/\/www.facebook.com\/Fuentes-Fidedignas-368234489921644","article_published_time":"2023-08-21T16:33:18+00:00","article_modified_time":"2023-08-21T16:34:12+00:00","og_image":[{"width":1040,"height":780,"url":"https:\/\/fuentesfidedignas.com.mx\/wp-content\/uploads\/2023\/08\/pico-de-orizaba-alpinistas.jpg","type":"image\/jpeg"}],"author":"L\u00f3pez D\u00f3riga","twitter_card":"summary_large_image","twitter_creator":"@fidedignas","twitter_site":"@fidedignas","twitter_misc":{"Escrito por":"L\u00f3pez D\u00f3riga","Tiempo de lectura":"1 minuto"},"schema":{"@context":"https:\/\/schema.org","@graph":[{"@type":"Article","@id":"https:\/\/fuentesfidedignas.com.mx\/index.php\/2023\/08\/21\/mueren-cuatro-alpinistas-tras-caer-en-el-pico-de-orizaba\/#article","isPartOf":{"@id":"https:\/\/fuentesfidedignas.com.mx\/index.php\/2023\/08\/21\/mueren-cuatro-alpinistas-tras-caer-en-el-pico-de-orizaba\/"},"author":{"name":"L\u00f3pez D\u00f3riga","@id":"https:\/\/fuentesfidedignas.com.mx\/#\/schema\/person\/67d852f0557c8509146a4b9ddebd543a"},"headline":"Mueren cuatro alpinistas tras caer en el Pico de Orizaba","datePublished":"2023-08-21T16:33:18+00:00","dateModified":"2023-08-21T16:34:12+00:00","mainEntityOfPage":{"@id":"https:\/\/fuentesfidedignas.com.mx\/index.php\/2023\/08\/21\/mueren-cuatro-alpinistas-tras-caer-en-el-pico-de-orizaba\/"},"wordCount":230,"commentCount":0,"publisher":{"@id":"https:\/\/fuentesfidedignas.com.mx\/#organization"},"image":{"@id":"https:\/\/fuentesfidedignas.com.mx\/index.php\/2023\/08\/21\/mueren-cuatro-alpinistas-tras-caer-en-el-pico-de-orizaba\/#primaryimage"},"thumbnailUrl":"https:\/\/fuentesfidedignas.com.mx\/wp-content\/uploads\/2023\/08\/pico-de-orizaba-alpinistas.jpg","articleSection":["NOTICIAS NACIONALES"],"inLanguage":"es","potentialAction":[{"@type":"CommentAction","name":"Comment","target":["https:\/\/fuentesfidedignas.com.mx\/index.php\/2023\/08\/21\/mueren-cuatro-alpinistas-tras-caer-en-el-pico-de-orizaba\/#respond"]}]},{"@type":"WebPage","@id":"https:\/\/fuentesfidedignas.com.mx\/index.php\/2023\/08\/21\/mueren-cuatro-alpinistas-tras-caer-en-el-pico-de-orizaba\/","url":"https:\/\/fuentesfidedignas.com.mx\/index.php\/2023\/08\/21\/mueren-cuatro-alpinistas-tras-caer-en-el-pico-de-orizaba\/","name":"Mueren cuatro alpinistas tras caer en el Pico de Orizaba - Fuentes Fidedignas","isPartOf":{"@id":"https:\/\/fuentesfidedignas.com.mx\/#website"},"primaryImageOfPage":{"@id":"https:\/\/fuentesfidedignas.com.mx\/index.php\/2023\/08\/21\/mueren-cuatro-alpinistas-tras-caer-en-el-pico-de-orizaba\/#primaryimage"},"image":{"@id":"https:\/\/fuentesfidedignas.com.mx\/index.php\/2023\/08\/21\/mueren-cuatro-alpinistas-tras-caer-en-el-pico-de-orizaba\/#primaryimage"},"thumbnailUrl":"https:\/\/fuentesfidedignas.com.mx\/wp-content\/uploads\/2023\/08\/pico-de-orizaba-alpinistas.jpg","datePublished":"2023-08-21T16:33:18+00:00","dateModified":"2023-08-21T16:34:12+00:00","breadcrumb":{"@id":"https:\/\/fuentesfidedignas.com.mx\/index.php\/2023\/08\/21\/mueren-cuatro-alpinistas-tras-caer-en-el-pico-de-orizaba\/#breadcrumb"},"inLanguage":"es","potentialAction":[{"@type":"ReadAction","target":["https:\/\/fuentesfidedignas.com.mx\/index.php\/2023\/08\/21\/mueren-cuatro-alpinistas-tras-caer-en-el-pico-de-orizaba\/"]}]},{"@type":"ImageObject","inLanguage":"es","@id":"https:\/\/fuentesfidedignas.com.mx\/index.php\/2023\/08\/21\/mueren-cuatro-alpinistas-tras-caer-en-el-pico-de-orizaba\/#primaryimage","url":"https:\/\/fuentesfidedignas.com.mx\/wp-content\/uploads\/2023\/08\/pico-de-orizaba-alpinistas.jpg","contentUrl":"https:\/\/fuentesfidedignas.com.mx\/wp-content\/uploads\/2023\/08\/pico-de-orizaba-alpinistas.jpg","width":1040,"height":780},{"@type":"BreadcrumbList","@id":"https:\/\/fuentesfidedignas.com.mx\/index.php\/2023\/08\/21\/mueren-cuatro-alpinistas-tras-caer-en-el-pico-de-orizaba\/#breadcrumb","itemListElement":[{"@type":"ListItem","position":1,"name":"Inicio","item":"https:\/\/fuentesfidedignas.com.mx\/"},{"@type":"ListItem","position":2,"name":"Mueren cuatro alpinistas tras caer en el Pico de Orizaba"}]},{"@type":"WebSite","@id":"https:\/\/fuentesfidedignas.com.mx\/#website","url":"https:\/\/fuentesfidedignas.com.mx\/","name":"Fuentes Fidedignas","description":"Otro sitio realizado con WordPress","publisher":{"@id":"https:\/\/fuentesfidedignas.com.mx\/#organization"},"potentialAction":[{"@type":"SearchAction","target":{"@type":"EntryPoint","urlTemplate":"https:\/\/fuentesfidedignas.com.mx\/?s={search_term_string}"},"query-input":{"@type":"PropertyValueSpecification","valueRequired":true,"valueName":"search_term_string"}}],"inLanguage":"es"},{"@type":"Organization","@id":"https:\/\/fuentesfidedignas.com.mx\/#organization","name":"Fuentes Fidedignas","url":"https:\/\/fuentesfidedignas.com.mx\/","logo":{"@type":"ImageObject","inLanguage":"es","@id":"https:\/\/fuentesfidedignas.com.mx\/#\/schema\/logo\/image\/","url":"https:\/\/fuentesfidedignas.com.mx\/wp-content\/uploads\/2021\/04\/logo-retina.png","contentUrl":"https:\/\/fuentesfidedignas.com.mx\/wp-content\/uploads\/2021\/04\/logo-retina.png","width":280,"height":51,"caption":"Fuentes Fidedignas"},"image":{"@id":"https:\/\/fuentesfidedignas.com.mx\/#\/schema\/logo\/image\/"},"sameAs":["https:\/\/www.facebook.com\/Fuentes-Fidedignas-368234489921644","https:\/\/x.com\/fidedignas"]},{"@type":"Person","@id":"https:\/\/fuentesfidedignas.com.mx\/#\/schema\/person\/67d852f0557c8509146a4b9ddebd543a","name":"L\u00f3pez D\u00f3riga","image":{"@type":"ImageObject","inLanguage":"es","@id":"https:\/\/secure.gravatar.com\/avatar\/e525b06574ca18b33cded59dfe5778d6c823b9513154eff47da551b0551bdd1e?s=96&d=mm&r=g","url":"https:\/\/secure.gravatar.com\/avatar\/e525b06574ca18b33cded59dfe5778d6c823b9513154eff47da551b0551bdd1e?s=96&d=mm&r=g","contentUrl":"https:\/\/secure.gravatar.com\/avatar\/e525b06574ca18b33cded59dfe5778d6c823b9513154eff47da551b0551bdd1e?s=96&d=mm&r=g","caption":"L\u00f3pez D\u00f3riga"},"url":"https:\/\/fuentesfidedignas.com.mx\/index.php\/author\/doriga\/"}]}},"_links":{"self":[{"href":"https:\/\/fuentesfidedignas.com.mx\/index.php\/wp-json\/wp\/v2\/posts\/56106","targetHints":{"allow":["GET"]}}],"collection":[{"href":"https:\/\/fuentesfidedignas.com.mx\/index.php\/wp-json\/wp\/v2\/posts"}],"about":[{"href":"https:\/\/fuentesfidedignas.com.mx\/index.php\/wp-json\/wp\/v2\/types\/post"}],"author":[{"embeddable":true,"href":"https:\/\/fuentesfidedignas.com.mx\/index.php\/wp-json\/wp\/v2\/users\/47"}],"replies":[{"embeddable":true,"href":"https:\/\/fuentesfidedignas.com.mx\/index.php\/wp-json\/wp\/v2\/comments?post=56106"}],"version-history":[{"count":1,"href":"https:\/\/fuentesfidedignas.com.mx\/index.php\/wp-json\/wp\/v2\/posts\/56106\/revisions"}],"predecessor-version":[{"id":56107,"href":"https:\/\/fuentesfidedignas.com.mx\/index.php\/wp-json\/wp\/v2\/posts\/56106\/revisions\/56107"}],"wp:featuredmedia":[{"embeddable":true,"href":"https:\/\/fuentesfidedignas.com.mx\/index.php\/wp-json\/wp\/v2\/media\/56108"}],"wp:attachment":[{"href":"https:\/\/fuentesfidedignas.com.mx\/index.php\/wp-json\/wp\/v2\/media?parent=56106"}],"wp:term":[{"taxonomy":"category","embeddable":true,"href":"https:\/\/fuentesfidedignas.com.mx\/index.php\/wp-json\/wp\/v2\/categories?post=56106"},{"taxonomy":"post_tag","embeddable":true,"href":"https:\/\/fuentesfidedignas.com.mx\/index.php\/wp-json\/wp\/v2\/tags?post=56106"}],"curies":[{"name":"wp","href":"https:\/\/api.w.org\/{rel}","templated":true}]}}