{"id":56068,"date":"2023-08-20T18:02:45","date_gmt":"2023-08-21T01:02:45","guid":{"rendered":"https:\/\/fuentesfidedignas.com.mx\/?p=56068"},"modified":"2023-08-20T18:03:19","modified_gmt":"2023-08-21T01:03:19","slug":"ya-hay-artistas-que-tienen-pocas-localidades-director-del-palenque-culiacan-2023","status":"publish","type":"post","link":"https:\/\/fuentesfidedignas.com.mx\/index.php\/2023\/08\/20\/ya-hay-artistas-que-tienen-pocas-localidades-director-del-palenque-culiacan-2023\/","title":{"rendered":"&#8220;Ya hay artistas que tienen pocas localidades&#8221;: director del Palenque Culiac\u00e1n 2023"},"content":{"rendered":"\n<p><strong><em>Gabriel V\u00e1zquez director del evento se\u00f1al\u00f3 que est\u00e1n restringiendo la venta de boletos por evento<\/em><\/strong><\/p>\n\n\n\n<p>Culiac\u00e1n, Sin.- El entusiasmo que han demostrado los culiacanenses ante la cartelera del Palenque Culiac\u00e1n 2023 a causado una gran sorpresa en la directiva de los organizadores de este evento que tendr\u00e1 la capital sinaloense.<\/p>\n\n\n\n<p>Gabriel V\u00e1zquez, director de mencionado acontecimiento se\u00f1al\u00f3 que los culiacanenses han tenido una sorprendente respuesta.<\/p>\n\n\n\n<p>&#8220;Estamos muy sorprendidos la verdad porque la gente ha respondido muy bien, se est\u00e1n vendiendo muy bien los boletos, la gente se est\u00e1 formando, la gente se est\u00e1 muy emotiva al agarrar sus boletos, la venta va de maravilla, incluso ya quedan pocas localidades para algunos&#8221;, dijo.<\/p>\n\n\n\n<p>Al ser cuestionado sobre el qu\u00e9 medidas est\u00e1n tomando para evitar la reventa, indic\u00f3 que est\u00e1n vendiendo determinado n\u00famero de boletos por persona.<\/p>\n\n\n\n<p>&#8220;Estamos bajando a cuatro boletos por persona y en algunos seis boletos por persona, pero hasta ah\u00ed. No es como antes que si quer\u00edas comprar 20, 30 o  40 boletos por evento. Ahora lo que se puede adquirir solo 4 o 6 boletos por evento para evitar que puedan hacer mal uso de ellos&#8221;, detall\u00f3.<\/p>\n\n\n\n<p>Agradeci\u00f3 a las autoridades del Ayuntamiento de Culiac\u00e1n pues les han brindado a trav\u00e9s de la direcci\u00f3n vial elementos que para que pongan orden. Adem\u00e1s de que cuentan con seguridad privada y del hotel sede de la venta<\/p>\n","protected":false},"excerpt":{"rendered":"<p>Gabriel V\u00e1zquez director del evento se\u00f1al\u00f3 que est\u00e1n restringiendo la venta de boletos por evento Culiac\u00e1n, Sin.- El entusiasmo que han demostrado los culiacanenses ante la cartelera del Palenque Culiac\u00e1n 2023 a causado una gran sorpresa en la directiva de los organizadores de este evento que tendr\u00e1 la capital sinaloense. Gabriel V\u00e1zquez, director de mencionado [&hellip;]<\/p>\n","protected":false},"author":112,"featured_media":56069,"comment_status":"open","ping_status":"open","sticky":false,"template":"","format":"standard","meta":{"tdm_status":"","tdm_grid_status":"","footnotes":""},"categories":[37],"tags":[],"class_list":{"0":"post-56068","1":"post","2":"type-post","3":"status-publish","4":"format-standard","5":"has-post-thumbnail","7":"category-nota-principal"},"yoast_head":"<!-- This site is optimized with the Yoast SEO plugin v27.4 - https:\/\/yoast.com\/product\/yoast-seo-wordpress\/ -->\n<title>&quot;Ya hay artistas que tienen pocas localidades&quot;: director del Palenque Culiac\u00e1n 2023 - Fuentes Fidedignas<\/title>\n<meta name=\"robots\" content=\"index, follow, max-snippet:-1, max-image-preview:large, max-video-preview:-1\" \/>\n<link rel=\"canonical\" href=\"https:\/\/fuentesfidedignas.com.mx\/index.php\/2023\/08\/20\/ya-hay-artistas-que-tienen-pocas-localidades-director-del-palenque-culiacan-2023\/\" \/>\n<meta property=\"og:locale\" content=\"es_MX\" \/>\n<meta property=\"og:type\" content=\"article\" \/>\n<meta property=\"og:title\" content=\"&quot;Ya hay artistas que tienen pocas localidades&quot;: director del Palenque Culiac\u00e1n 2023 - Fuentes Fidedignas\" \/>\n<meta property=\"og:description\" content=\"Gabriel V\u00e1zquez director del evento se\u00f1al\u00f3 que est\u00e1n restringiendo la venta de boletos por evento Culiac\u00e1n, Sin.- El entusiasmo que han demostrado los culiacanenses ante la cartelera del Palenque Culiac\u00e1n 2023 a causado una gran sorpresa en la directiva de los organizadores de este evento que tendr\u00e1 la capital sinaloense. Gabriel V\u00e1zquez, director de mencionado [&hellip;]\" \/>\n<meta property=\"og:url\" content=\"https:\/\/fuentesfidedignas.com.mx\/index.php\/2023\/08\/20\/ya-hay-artistas-que-tienen-pocas-localidades-director-del-palenque-culiacan-2023\/\" \/>\n<meta property=\"og:site_name\" content=\"Fuentes Fidedignas\" \/>\n<meta property=\"article:publisher\" content=\"https:\/\/www.facebook.com\/Fuentes-Fidedignas-368234489921644\" \/>\n<meta property=\"article:published_time\" content=\"2023-08-21T01:02:45+00:00\" \/>\n<meta property=\"article:modified_time\" content=\"2023-08-21T01:03:19+00:00\" \/>\n<meta property=\"og:image\" content=\"https:\/\/fuentesfidedignas.com.mx\/wp-content\/uploads\/2023\/08\/VENTA_BOLETOS.jpeg\" \/>\n\t<meta property=\"og:image:width\" content=\"1600\" \/>\n\t<meta property=\"og:image:height\" content=\"720\" \/>\n\t<meta property=\"og:image:type\" content=\"image\/jpeg\" \/>\n<meta name=\"author\" content=\"Leonardo Gutierrez\" \/>\n<meta name=\"twitter:card\" content=\"summary_large_image\" \/>\n<meta name=\"twitter:creator\" content=\"@fidedignas\" \/>\n<meta name=\"twitter:site\" content=\"@fidedignas\" \/>\n<meta name=\"twitter:label1\" content=\"Escrito por\" \/>\n\t<meta name=\"twitter:data1\" content=\"Leonardo Gutierrez\" \/>\n\t<meta name=\"twitter:label2\" content=\"Tiempo de lectura\" \/>\n\t<meta name=\"twitter:data2\" content=\"2 minutos\" \/>\n<script type=\"application\/ld+json\" class=\"yoast-schema-graph\">{\"@context\":\"https:\\\/\\\/schema.org\",\"@graph\":[{\"@type\":\"Article\",\"@id\":\"https:\\\/\\\/fuentesfidedignas.com.mx\\\/index.php\\\/2023\\\/08\\\/20\\\/ya-hay-artistas-que-tienen-pocas-localidades-director-del-palenque-culiacan-2023\\\/#article\",\"isPartOf\":{\"@id\":\"https:\\\/\\\/fuentesfidedignas.com.mx\\\/index.php\\\/2023\\\/08\\\/20\\\/ya-hay-artistas-que-tienen-pocas-localidades-director-del-palenque-culiacan-2023\\\/\"},\"author\":{\"name\":\"Leonardo Gutierrez\",\"@id\":\"https:\\\/\\\/fuentesfidedignas.com.mx\\\/#\\\/schema\\\/person\\\/c77df25c00baae1d4fdc0340db6f364c\"},\"headline\":\"&#8220;Ya hay artistas que tienen pocas localidades&#8221;: director del Palenque Culiac\u00e1n 2023\",\"datePublished\":\"2023-08-21T01:02:45+00:00\",\"dateModified\":\"2023-08-21T01:03:19+00:00\",\"mainEntityOfPage\":{\"@id\":\"https:\\\/\\\/fuentesfidedignas.com.mx\\\/index.php\\\/2023\\\/08\\\/20\\\/ya-hay-artistas-que-tienen-pocas-localidades-director-del-palenque-culiacan-2023\\\/\"},\"wordCount\":251,\"commentCount\":0,\"publisher\":{\"@id\":\"https:\\\/\\\/fuentesfidedignas.com.mx\\\/#organization\"},\"image\":{\"@id\":\"https:\\\/\\\/fuentesfidedignas.com.mx\\\/index.php\\\/2023\\\/08\\\/20\\\/ya-hay-artistas-que-tienen-pocas-localidades-director-del-palenque-culiacan-2023\\\/#primaryimage\"},\"thumbnailUrl\":\"https:\\\/\\\/fuentesfidedignas.com.mx\\\/wp-content\\\/uploads\\\/2023\\\/08\\\/VENTA_BOLETOS.jpeg\",\"articleSection\":[\"NOTA PRINCIPAL\"],\"inLanguage\":\"es\",\"potentialAction\":[{\"@type\":\"CommentAction\",\"name\":\"Comment\",\"target\":[\"https:\\\/\\\/fuentesfidedignas.com.mx\\\/index.php\\\/2023\\\/08\\\/20\\\/ya-hay-artistas-que-tienen-pocas-localidades-director-del-palenque-culiacan-2023\\\/#respond\"]}]},{\"@type\":\"WebPage\",\"@id\":\"https:\\\/\\\/fuentesfidedignas.com.mx\\\/index.php\\\/2023\\\/08\\\/20\\\/ya-hay-artistas-que-tienen-pocas-localidades-director-del-palenque-culiacan-2023\\\/\",\"url\":\"https:\\\/\\\/fuentesfidedignas.com.mx\\\/index.php\\\/2023\\\/08\\\/20\\\/ya-hay-artistas-que-tienen-pocas-localidades-director-del-palenque-culiacan-2023\\\/\",\"name\":\"\\\"Ya hay artistas que tienen pocas localidades\\\": director del Palenque Culiac\u00e1n 2023 - Fuentes Fidedignas\",\"isPartOf\":{\"@id\":\"https:\\\/\\\/fuentesfidedignas.com.mx\\\/#website\"},\"primaryImageOfPage\":{\"@id\":\"https:\\\/\\\/fuentesfidedignas.com.mx\\\/index.php\\\/2023\\\/08\\\/20\\\/ya-hay-artistas-que-tienen-pocas-localidades-director-del-palenque-culiacan-2023\\\/#primaryimage\"},\"image\":{\"@id\":\"https:\\\/\\\/fuentesfidedignas.com.mx\\\/index.php\\\/2023\\\/08\\\/20\\\/ya-hay-artistas-que-tienen-pocas-localidades-director-del-palenque-culiacan-2023\\\/#primaryimage\"},\"thumbnailUrl\":\"https:\\\/\\\/fuentesfidedignas.com.mx\\\/wp-content\\\/uploads\\\/2023\\\/08\\\/VENTA_BOLETOS.jpeg\",\"datePublished\":\"2023-08-21T01:02:45+00:00\",\"dateModified\":\"2023-08-21T01:03:19+00:00\",\"breadcrumb\":{\"@id\":\"https:\\\/\\\/fuentesfidedignas.com.mx\\\/index.php\\\/2023\\\/08\\\/20\\\/ya-hay-artistas-que-tienen-pocas-localidades-director-del-palenque-culiacan-2023\\\/#breadcrumb\"},\"inLanguage\":\"es\",\"potentialAction\":[{\"@type\":\"ReadAction\",\"target\":[\"https:\\\/\\\/fuentesfidedignas.com.mx\\\/index.php\\\/2023\\\/08\\\/20\\\/ya-hay-artistas-que-tienen-pocas-localidades-director-del-palenque-culiacan-2023\\\/\"]}]},{\"@type\":\"ImageObject\",\"inLanguage\":\"es\",\"@id\":\"https:\\\/\\\/fuentesfidedignas.com.mx\\\/index.php\\\/2023\\\/08\\\/20\\\/ya-hay-artistas-que-tienen-pocas-localidades-director-del-palenque-culiacan-2023\\\/#primaryimage\",\"url\":\"https:\\\/\\\/fuentesfidedignas.com.mx\\\/wp-content\\\/uploads\\\/2023\\\/08\\\/VENTA_BOLETOS.jpeg\",\"contentUrl\":\"https:\\\/\\\/fuentesfidedignas.com.mx\\\/wp-content\\\/uploads\\\/2023\\\/08\\\/VENTA_BOLETOS.jpeg\",\"width\":1600,\"height\":720},{\"@type\":\"BreadcrumbList\",\"@id\":\"https:\\\/\\\/fuentesfidedignas.com.mx\\\/index.php\\\/2023\\\/08\\\/20\\\/ya-hay-artistas-que-tienen-pocas-localidades-director-del-palenque-culiacan-2023\\\/#breadcrumb\",\"itemListElement\":[{\"@type\":\"ListItem\",\"position\":1,\"name\":\"Inicio\",\"item\":\"https:\\\/\\\/fuentesfidedignas.com.mx\\\/\"},{\"@type\":\"ListItem\",\"position\":2,\"name\":\"&#8220;Ya hay artistas que tienen pocas localidades&#8221;: director del Palenque Culiac\u00e1n 2023\"}]},{\"@type\":\"WebSite\",\"@id\":\"https:\\\/\\\/fuentesfidedignas.com.mx\\\/#website\",\"url\":\"https:\\\/\\\/fuentesfidedignas.com.mx\\\/\",\"name\":\"Fuentes Fidedignas\",\"description\":\"Otro sitio realizado con WordPress\",\"publisher\":{\"@id\":\"https:\\\/\\\/fuentesfidedignas.com.mx\\\/#organization\"},\"potentialAction\":[{\"@type\":\"SearchAction\",\"target\":{\"@type\":\"EntryPoint\",\"urlTemplate\":\"https:\\\/\\\/fuentesfidedignas.com.mx\\\/?s={search_term_string}\"},\"query-input\":{\"@type\":\"PropertyValueSpecification\",\"valueRequired\":true,\"valueName\":\"search_term_string\"}}],\"inLanguage\":\"es\"},{\"@type\":\"Organization\",\"@id\":\"https:\\\/\\\/fuentesfidedignas.com.mx\\\/#organization\",\"name\":\"Fuentes Fidedignas\",\"url\":\"https:\\\/\\\/fuentesfidedignas.com.mx\\\/\",\"logo\":{\"@type\":\"ImageObject\",\"inLanguage\":\"es\",\"@id\":\"https:\\\/\\\/fuentesfidedignas.com.mx\\\/#\\\/schema\\\/logo\\\/image\\\/\",\"url\":\"https:\\\/\\\/fuentesfidedignas.com.mx\\\/wp-content\\\/uploads\\\/2021\\\/04\\\/logo-retina.png\",\"contentUrl\":\"https:\\\/\\\/fuentesfidedignas.com.mx\\\/wp-content\\\/uploads\\\/2021\\\/04\\\/logo-retina.png\",\"width\":280,\"height\":51,\"caption\":\"Fuentes Fidedignas\"},\"image\":{\"@id\":\"https:\\\/\\\/fuentesfidedignas.com.mx\\\/#\\\/schema\\\/logo\\\/image\\\/\"},\"sameAs\":[\"https:\\\/\\\/www.facebook.com\\\/Fuentes-Fidedignas-368234489921644\",\"https:\\\/\\\/x.com\\\/fidedignas\"]},{\"@type\":\"Person\",\"@id\":\"https:\\\/\\\/fuentesfidedignas.com.mx\\\/#\\\/schema\\\/person\\\/c77df25c00baae1d4fdc0340db6f364c\",\"name\":\"Leonardo Gutierrez\",\"image\":{\"@type\":\"ImageObject\",\"inLanguage\":\"es\",\"@id\":\"https:\\\/\\\/secure.gravatar.com\\\/avatar\\\/17b13a7a986cc98ca4d7337340bcac5945cbae677961c354aefb3c7962c8cc1f?s=96&d=mm&r=g\",\"url\":\"https:\\\/\\\/secure.gravatar.com\\\/avatar\\\/17b13a7a986cc98ca4d7337340bcac5945cbae677961c354aefb3c7962c8cc1f?s=96&d=mm&r=g\",\"contentUrl\":\"https:\\\/\\\/secure.gravatar.com\\\/avatar\\\/17b13a7a986cc98ca4d7337340bcac5945cbae677961c354aefb3c7962c8cc1f?s=96&d=mm&r=g\",\"caption\":\"Leonardo Gutierrez\"},\"url\":\"https:\\\/\\\/fuentesfidedignas.com.mx\\\/index.php\\\/author\\\/leonardogut\\\/\"}]}<\/script>\n<!-- \/ Yoast SEO plugin. -->","yoast_head_json":{"title":"\"Ya hay artistas que tienen pocas localidades\": director del Palenque Culiac\u00e1n 2023 - Fuentes Fidedignas","robots":{"index":"index","follow":"follow","max-snippet":"max-snippet:-1","max-image-preview":"max-image-preview:large","max-video-preview":"max-video-preview:-1"},"canonical":"https:\/\/fuentesfidedignas.com.mx\/index.php\/2023\/08\/20\/ya-hay-artistas-que-tienen-pocas-localidades-director-del-palenque-culiacan-2023\/","og_locale":"es_MX","og_type":"article","og_title":"\"Ya hay artistas que tienen pocas localidades\": director del Palenque Culiac\u00e1n 2023 - Fuentes Fidedignas","og_description":"Gabriel V\u00e1zquez director del evento se\u00f1al\u00f3 que est\u00e1n restringiendo la venta de boletos por evento Culiac\u00e1n, Sin.- El entusiasmo que han demostrado los culiacanenses ante la cartelera del Palenque Culiac\u00e1n 2023 a causado una gran sorpresa en la directiva de los organizadores de este evento que tendr\u00e1 la capital sinaloense. Gabriel V\u00e1zquez, director de mencionado [&hellip;]","og_url":"https:\/\/fuentesfidedignas.com.mx\/index.php\/2023\/08\/20\/ya-hay-artistas-que-tienen-pocas-localidades-director-del-palenque-culiacan-2023\/","og_site_name":"Fuentes Fidedignas","article_publisher":"https:\/\/www.facebook.com\/Fuentes-Fidedignas-368234489921644","article_published_time":"2023-08-21T01:02:45+00:00","article_modified_time":"2023-08-21T01:03:19+00:00","og_image":[{"width":1600,"height":720,"url":"https:\/\/fuentesfidedignas.com.mx\/wp-content\/uploads\/2023\/08\/VENTA_BOLETOS.jpeg","type":"image\/jpeg"}],"author":"Leonardo Gutierrez","twitter_card":"summary_large_image","twitter_creator":"@fidedignas","twitter_site":"@fidedignas","twitter_misc":{"Escrito por":"Leonardo Gutierrez","Tiempo de lectura":"2 minutos"},"schema":{"@context":"https:\/\/schema.org","@graph":[{"@type":"Article","@id":"https:\/\/fuentesfidedignas.com.mx\/index.php\/2023\/08\/20\/ya-hay-artistas-que-tienen-pocas-localidades-director-del-palenque-culiacan-2023\/#article","isPartOf":{"@id":"https:\/\/fuentesfidedignas.com.mx\/index.php\/2023\/08\/20\/ya-hay-artistas-que-tienen-pocas-localidades-director-del-palenque-culiacan-2023\/"},"author":{"name":"Leonardo Gutierrez","@id":"https:\/\/fuentesfidedignas.com.mx\/#\/schema\/person\/c77df25c00baae1d4fdc0340db6f364c"},"headline":"&#8220;Ya hay artistas que tienen pocas localidades&#8221;: director del Palenque Culiac\u00e1n 2023","datePublished":"2023-08-21T01:02:45+00:00","dateModified":"2023-08-21T01:03:19+00:00","mainEntityOfPage":{"@id":"https:\/\/fuentesfidedignas.com.mx\/index.php\/2023\/08\/20\/ya-hay-artistas-que-tienen-pocas-localidades-director-del-palenque-culiacan-2023\/"},"wordCount":251,"commentCount":0,"publisher":{"@id":"https:\/\/fuentesfidedignas.com.mx\/#organization"},"image":{"@id":"https:\/\/fuentesfidedignas.com.mx\/index.php\/2023\/08\/20\/ya-hay-artistas-que-tienen-pocas-localidades-director-del-palenque-culiacan-2023\/#primaryimage"},"thumbnailUrl":"https:\/\/fuentesfidedignas.com.mx\/wp-content\/uploads\/2023\/08\/VENTA_BOLETOS.jpeg","articleSection":["NOTA PRINCIPAL"],"inLanguage":"es","potentialAction":[{"@type":"CommentAction","name":"Comment","target":["https:\/\/fuentesfidedignas.com.mx\/index.php\/2023\/08\/20\/ya-hay-artistas-que-tienen-pocas-localidades-director-del-palenque-culiacan-2023\/#respond"]}]},{"@type":"WebPage","@id":"https:\/\/fuentesfidedignas.com.mx\/index.php\/2023\/08\/20\/ya-hay-artistas-que-tienen-pocas-localidades-director-del-palenque-culiacan-2023\/","url":"https:\/\/fuentesfidedignas.com.mx\/index.php\/2023\/08\/20\/ya-hay-artistas-que-tienen-pocas-localidades-director-del-palenque-culiacan-2023\/","name":"\"Ya hay artistas que tienen pocas localidades\": director del Palenque Culiac\u00e1n 2023 - Fuentes Fidedignas","isPartOf":{"@id":"https:\/\/fuentesfidedignas.com.mx\/#website"},"primaryImageOfPage":{"@id":"https:\/\/fuentesfidedignas.com.mx\/index.php\/2023\/08\/20\/ya-hay-artistas-que-tienen-pocas-localidades-director-del-palenque-culiacan-2023\/#primaryimage"},"image":{"@id":"https:\/\/fuentesfidedignas.com.mx\/index.php\/2023\/08\/20\/ya-hay-artistas-que-tienen-pocas-localidades-director-del-palenque-culiacan-2023\/#primaryimage"},"thumbnailUrl":"https:\/\/fuentesfidedignas.com.mx\/wp-content\/uploads\/2023\/08\/VENTA_BOLETOS.jpeg","datePublished":"2023-08-21T01:02:45+00:00","dateModified":"2023-08-21T01:03:19+00:00","breadcrumb":{"@id":"https:\/\/fuentesfidedignas.com.mx\/index.php\/2023\/08\/20\/ya-hay-artistas-que-tienen-pocas-localidades-director-del-palenque-culiacan-2023\/#breadcrumb"},"inLanguage":"es","potentialAction":[{"@type":"ReadAction","target":["https:\/\/fuentesfidedignas.com.mx\/index.php\/2023\/08\/20\/ya-hay-artistas-que-tienen-pocas-localidades-director-del-palenque-culiacan-2023\/"]}]},{"@type":"ImageObject","inLanguage":"es","@id":"https:\/\/fuentesfidedignas.com.mx\/index.php\/2023\/08\/20\/ya-hay-artistas-que-tienen-pocas-localidades-director-del-palenque-culiacan-2023\/#primaryimage","url":"https:\/\/fuentesfidedignas.com.mx\/wp-content\/uploads\/2023\/08\/VENTA_BOLETOS.jpeg","contentUrl":"https:\/\/fuentesfidedignas.com.mx\/wp-content\/uploads\/2023\/08\/VENTA_BOLETOS.jpeg","width":1600,"height":720},{"@type":"BreadcrumbList","@id":"https:\/\/fuentesfidedignas.com.mx\/index.php\/2023\/08\/20\/ya-hay-artistas-que-tienen-pocas-localidades-director-del-palenque-culiacan-2023\/#breadcrumb","itemListElement":[{"@type":"ListItem","position":1,"name":"Inicio","item":"https:\/\/fuentesfidedignas.com.mx\/"},{"@type":"ListItem","position":2,"name":"&#8220;Ya hay artistas que tienen pocas localidades&#8221;: director del Palenque Culiac\u00e1n 2023"}]},{"@type":"WebSite","@id":"https:\/\/fuentesfidedignas.com.mx\/#website","url":"https:\/\/fuentesfidedignas.com.mx\/","name":"Fuentes Fidedignas","description":"Otro sitio realizado con WordPress","publisher":{"@id":"https:\/\/fuentesfidedignas.com.mx\/#organization"},"potentialAction":[{"@type":"SearchAction","target":{"@type":"EntryPoint","urlTemplate":"https:\/\/fuentesfidedignas.com.mx\/?s={search_term_string}"},"query-input":{"@type":"PropertyValueSpecification","valueRequired":true,"valueName":"search_term_string"}}],"inLanguage":"es"},{"@type":"Organization","@id":"https:\/\/fuentesfidedignas.com.mx\/#organization","name":"Fuentes Fidedignas","url":"https:\/\/fuentesfidedignas.com.mx\/","logo":{"@type":"ImageObject","inLanguage":"es","@id":"https:\/\/fuentesfidedignas.com.mx\/#\/schema\/logo\/image\/","url":"https:\/\/fuentesfidedignas.com.mx\/wp-content\/uploads\/2021\/04\/logo-retina.png","contentUrl":"https:\/\/fuentesfidedignas.com.mx\/wp-content\/uploads\/2021\/04\/logo-retina.png","width":280,"height":51,"caption":"Fuentes Fidedignas"},"image":{"@id":"https:\/\/fuentesfidedignas.com.mx\/#\/schema\/logo\/image\/"},"sameAs":["https:\/\/www.facebook.com\/Fuentes-Fidedignas-368234489921644","https:\/\/x.com\/fidedignas"]},{"@type":"Person","@id":"https:\/\/fuentesfidedignas.com.mx\/#\/schema\/person\/c77df25c00baae1d4fdc0340db6f364c","name":"Leonardo Gutierrez","image":{"@type":"ImageObject","inLanguage":"es","@id":"https:\/\/secure.gravatar.com\/avatar\/17b13a7a986cc98ca4d7337340bcac5945cbae677961c354aefb3c7962c8cc1f?s=96&d=mm&r=g","url":"https:\/\/secure.gravatar.com\/avatar\/17b13a7a986cc98ca4d7337340bcac5945cbae677961c354aefb3c7962c8cc1f?s=96&d=mm&r=g","contentUrl":"https:\/\/secure.gravatar.com\/avatar\/17b13a7a986cc98ca4d7337340bcac5945cbae677961c354aefb3c7962c8cc1f?s=96&d=mm&r=g","caption":"Leonardo Gutierrez"},"url":"https:\/\/fuentesfidedignas.com.mx\/index.php\/author\/leonardogut\/"}]}},"_links":{"self":[{"href":"https:\/\/fuentesfidedignas.com.mx\/index.php\/wp-json\/wp\/v2\/posts\/56068","targetHints":{"allow":["GET"]}}],"collection":[{"href":"https:\/\/fuentesfidedignas.com.mx\/index.php\/wp-json\/wp\/v2\/posts"}],"about":[{"href":"https:\/\/fuentesfidedignas.com.mx\/index.php\/wp-json\/wp\/v2\/types\/post"}],"author":[{"embeddable":true,"href":"https:\/\/fuentesfidedignas.com.mx\/index.php\/wp-json\/wp\/v2\/users\/112"}],"replies":[{"embeddable":true,"href":"https:\/\/fuentesfidedignas.com.mx\/index.php\/wp-json\/wp\/v2\/comments?post=56068"}],"version-history":[{"count":1,"href":"https:\/\/fuentesfidedignas.com.mx\/index.php\/wp-json\/wp\/v2\/posts\/56068\/revisions"}],"predecessor-version":[{"id":56070,"href":"https:\/\/fuentesfidedignas.com.mx\/index.php\/wp-json\/wp\/v2\/posts\/56068\/revisions\/56070"}],"wp:featuredmedia":[{"embeddable":true,"href":"https:\/\/fuentesfidedignas.com.mx\/index.php\/wp-json\/wp\/v2\/media\/56069"}],"wp:attachment":[{"href":"https:\/\/fuentesfidedignas.com.mx\/index.php\/wp-json\/wp\/v2\/media?parent=56068"}],"wp:term":[{"taxonomy":"category","embeddable":true,"href":"https:\/\/fuentesfidedignas.com.mx\/index.php\/wp-json\/wp\/v2\/categories?post=56068"},{"taxonomy":"post_tag","embeddable":true,"href":"https:\/\/fuentesfidedignas.com.mx\/index.php\/wp-json\/wp\/v2\/tags?post=56068"}],"curies":[{"name":"wp","href":"https:\/\/api.w.org\/{rel}","templated":true}]}}