{"id":56062,"date":"2023-08-20T14:48:26","date_gmt":"2023-08-20T21:48:26","guid":{"rendered":"https:\/\/fuentesfidedignas.com.mx\/?p=56062"},"modified":"2023-08-20T14:48:47","modified_gmt":"2023-08-20T21:48:47","slug":"tomateros-de-culiacan-iniciaran-su-pretemporada-el-8-de-septiembre","status":"publish","type":"post","link":"https:\/\/fuentesfidedignas.com.mx\/index.php\/2023\/08\/20\/tomateros-de-culiacan-iniciaran-su-pretemporada-el-8-de-septiembre\/","title":{"rendered":"Tomateros de Culiac\u00e1n iniciar\u00e1n su pretemporada el 8 de septiembre"},"content":{"rendered":"\n<p><strong><em>Tomateros de Culiac\u00e1n se prepara para un emocionante comienzo de la temporada 2023-24, de la Liga ARCO Mexicana del Pac\u00edfico (LAMP).<\/em><\/strong><\/p>\n\n\n\n<p><strong><em>A diferencia de campa\u00f1as anteriores, que se iniciaba en la unidad Deportiva JAPAC, el equipo esta vez trabajar\u00e1 en el Estadio Tomateros.<\/em><\/strong><\/p>\n\n\n\n<p>Culiac\u00e1n, Sin.- Francisco Campos, Gerente Deportivo de la novena guinda, anunci\u00f3 que los entrenamientos dar\u00e1n inicio el pr\u00f3ximo 8 de septiembre, enfoc\u00e1ndose en novatos y jugadores locales.<\/p>\n\n\n\n<p>Este enfoque permitir\u00e1 a los jugadores m\u00e1s j\u00f3venes y talentosos demostrar su val\u00eda y ganar experiencia dentro del equipo.<\/p>\n\n\n\n<p>Se espera un total de 18 jugadores en la primera semana de entrenamientos. En esta lista aparece el receptor, reci\u00e9n adquirido en el Draft de LAMP, Kevin Robledo, los infielder Ra\u00fal Torres, Sebasti\u00e1n Garc\u00eda, Carlos Ur\u00edas y Francisco D\u00edaz. Adem\u00e1s, los outfielders Christian Lucero, Jos\u00e9 Cervantes, Bryan Corral y Alan Moreno.<\/p>\n\n\n\n<p>Tambi\u00e9n llegar\u00e1n desde el inicio, los lanzadores, Victor Garc\u00eda, Jemir Leal, Aaron Medina, Hugo Meraz, Fernando Olgu\u00edn, \u00c1ngel Ortiz, Omar Sainz, Luis Mario S\u00e1nchez y Geovanny Zamudio.<\/p>\n\n\n\n<p>Posteriormente, a partir del 12 de septiembre, el resto del equipo se unir\u00e1 a las sesiones de entrenamiento.<\/p>\n\n\n\n<p>A diferencia de campa\u00f1as anteriores, que se iniciaba en la unidad Deportiva JAPAC, el equipo esta vez trabajar\u00e1 en el Estadio Tomateros.<\/p>\n\n\n\n<p>Francisco Campos, describi\u00f3 como \u201ccrucial\u201d la decisi\u00f3n de realizar el entrenamiento en en la casa de la Naci\u00f3n Guinda: \u201cel poder ir adaptando a los peloteros en su estadio, las instalaciones son m\u00e1s c\u00f3modas, son m\u00e1s motivantes\u00bb, expres\u00f3 Campos.<\/p>\n","protected":false},"excerpt":{"rendered":"<p>Tomateros de Culiac\u00e1n se prepara para un emocionante comienzo de la temporada 2023-24, de la Liga ARCO Mexicana del Pac\u00edfico (LAMP). A diferencia de campa\u00f1as anteriores, que se iniciaba en la unidad Deportiva JAPAC, el equipo esta vez trabajar\u00e1 en el Estadio Tomateros. Culiac\u00e1n, Sin.- Francisco Campos, Gerente Deportivo de la novena guinda, anunci\u00f3 que [&hellip;]<\/p>\n","protected":false},"author":4,"featured_media":56063,"comment_status":"open","ping_status":"open","sticky":false,"template":"","format":"standard","meta":{"tdm_status":"","tdm_grid_status":"","footnotes":""},"categories":[38],"tags":[],"class_list":{"0":"post-56062","1":"post","2":"type-post","3":"status-publish","4":"format-standard","5":"has-post-thumbnail","7":"category-noticias-locales"},"yoast_head":"<!-- This site is optimized with the Yoast SEO plugin v27.5 - https:\/\/yoast.com\/product\/yoast-seo-wordpress\/ -->\n<title>Tomateros de Culiac\u00e1n iniciar\u00e1n su pretemporada el 8 de septiembre - Fuentes Fidedignas<\/title>\n<meta name=\"robots\" content=\"index, follow, max-snippet:-1, max-image-preview:large, max-video-preview:-1\" \/>\n<link rel=\"canonical\" href=\"https:\/\/fuentesfidedignas.com.mx\/index.php\/2023\/08\/20\/tomateros-de-culiacan-iniciaran-su-pretemporada-el-8-de-septiembre\/\" \/>\n<meta property=\"og:locale\" content=\"es_MX\" \/>\n<meta property=\"og:type\" content=\"article\" \/>\n<meta property=\"og:title\" content=\"Tomateros de Culiac\u00e1n iniciar\u00e1n su pretemporada el 8 de septiembre - Fuentes Fidedignas\" \/>\n<meta property=\"og:description\" content=\"Tomateros de Culiac\u00e1n se prepara para un emocionante comienzo de la temporada 2023-24, de la Liga ARCO Mexicana del Pac\u00edfico (LAMP). A diferencia de campa\u00f1as anteriores, que se iniciaba en la unidad Deportiva JAPAC, el equipo esta vez trabajar\u00e1 en el Estadio Tomateros. Culiac\u00e1n, Sin.- Francisco Campos, Gerente Deportivo de la novena guinda, anunci\u00f3 que [&hellip;]\" \/>\n<meta property=\"og:url\" content=\"https:\/\/fuentesfidedignas.com.mx\/index.php\/2023\/08\/20\/tomateros-de-culiacan-iniciaran-su-pretemporada-el-8-de-septiembre\/\" \/>\n<meta property=\"og:site_name\" content=\"Fuentes Fidedignas\" \/>\n<meta property=\"article:publisher\" content=\"https:\/\/www.facebook.com\/Fuentes-Fidedignas-368234489921644\" \/>\n<meta property=\"article:published_time\" content=\"2023-08-20T21:48:26+00:00\" \/>\n<meta property=\"article:modified_time\" content=\"2023-08-20T21:48:47+00:00\" \/>\n<meta property=\"og:image\" content=\"https:\/\/fuentesfidedignas.com.mx\/wp-content\/uploads\/2023\/08\/TOMATEROS.jpeg\" \/>\n\t<meta property=\"og:image:width\" content=\"1280\" \/>\n\t<meta property=\"og:image:height\" content=\"853\" \/>\n\t<meta property=\"og:image:type\" content=\"image\/jpeg\" \/>\n<meta name=\"author\" content=\"Redacci\u00f3n\" \/>\n<meta name=\"twitter:card\" content=\"summary_large_image\" \/>\n<meta name=\"twitter:creator\" content=\"@fidedignas\" \/>\n<meta name=\"twitter:site\" content=\"@fidedignas\" \/>\n<meta name=\"twitter:label1\" content=\"Escrito por\" \/>\n\t<meta name=\"twitter:data1\" content=\"Redacci\u00f3n\" \/>\n\t<meta name=\"twitter:label2\" content=\"Tiempo de lectura\" \/>\n\t<meta name=\"twitter:data2\" content=\"2 minutos\" \/>\n<script type=\"application\/ld+json\" class=\"yoast-schema-graph\">{\"@context\":\"https:\\\/\\\/schema.org\",\"@graph\":[{\"@type\":\"Article\",\"@id\":\"https:\\\/\\\/fuentesfidedignas.com.mx\\\/index.php\\\/2023\\\/08\\\/20\\\/tomateros-de-culiacan-iniciaran-su-pretemporada-el-8-de-septiembre\\\/#article\",\"isPartOf\":{\"@id\":\"https:\\\/\\\/fuentesfidedignas.com.mx\\\/index.php\\\/2023\\\/08\\\/20\\\/tomateros-de-culiacan-iniciaran-su-pretemporada-el-8-de-septiembre\\\/\"},\"author\":{\"name\":\"Redacci\u00f3n\",\"@id\":\"https:\\\/\\\/fuentesfidedignas.com.mx\\\/#\\\/schema\\\/person\\\/331be9283d37198e2acd5750279085b0\"},\"headline\":\"Tomateros de Culiac\u00e1n iniciar\u00e1n su pretemporada el 8 de septiembre\",\"datePublished\":\"2023-08-20T21:48:26+00:00\",\"dateModified\":\"2023-08-20T21:48:47+00:00\",\"mainEntityOfPage\":{\"@id\":\"https:\\\/\\\/fuentesfidedignas.com.mx\\\/index.php\\\/2023\\\/08\\\/20\\\/tomateros-de-culiacan-iniciaran-su-pretemporada-el-8-de-septiembre\\\/\"},\"wordCount\":283,\"commentCount\":0,\"publisher\":{\"@id\":\"https:\\\/\\\/fuentesfidedignas.com.mx\\\/#organization\"},\"image\":{\"@id\":\"https:\\\/\\\/fuentesfidedignas.com.mx\\\/index.php\\\/2023\\\/08\\\/20\\\/tomateros-de-culiacan-iniciaran-su-pretemporada-el-8-de-septiembre\\\/#primaryimage\"},\"thumbnailUrl\":\"https:\\\/\\\/fuentesfidedignas.com.mx\\\/wp-content\\\/uploads\\\/2023\\\/08\\\/TOMATEROS.jpeg\",\"articleSection\":[\"NOTICIAS LOCALES\"],\"inLanguage\":\"es\",\"potentialAction\":[{\"@type\":\"CommentAction\",\"name\":\"Comment\",\"target\":[\"https:\\\/\\\/fuentesfidedignas.com.mx\\\/index.php\\\/2023\\\/08\\\/20\\\/tomateros-de-culiacan-iniciaran-su-pretemporada-el-8-de-septiembre\\\/#respond\"]}]},{\"@type\":\"WebPage\",\"@id\":\"https:\\\/\\\/fuentesfidedignas.com.mx\\\/index.php\\\/2023\\\/08\\\/20\\\/tomateros-de-culiacan-iniciaran-su-pretemporada-el-8-de-septiembre\\\/\",\"url\":\"https:\\\/\\\/fuentesfidedignas.com.mx\\\/index.php\\\/2023\\\/08\\\/20\\\/tomateros-de-culiacan-iniciaran-su-pretemporada-el-8-de-septiembre\\\/\",\"name\":\"Tomateros de Culiac\u00e1n iniciar\u00e1n su pretemporada el 8 de septiembre - Fuentes Fidedignas\",\"isPartOf\":{\"@id\":\"https:\\\/\\\/fuentesfidedignas.com.mx\\\/#website\"},\"primaryImageOfPage\":{\"@id\":\"https:\\\/\\\/fuentesfidedignas.com.mx\\\/index.php\\\/2023\\\/08\\\/20\\\/tomateros-de-culiacan-iniciaran-su-pretemporada-el-8-de-septiembre\\\/#primaryimage\"},\"image\":{\"@id\":\"https:\\\/\\\/fuentesfidedignas.com.mx\\\/index.php\\\/2023\\\/08\\\/20\\\/tomateros-de-culiacan-iniciaran-su-pretemporada-el-8-de-septiembre\\\/#primaryimage\"},\"thumbnailUrl\":\"https:\\\/\\\/fuentesfidedignas.com.mx\\\/wp-content\\\/uploads\\\/2023\\\/08\\\/TOMATEROS.jpeg\",\"datePublished\":\"2023-08-20T21:48:26+00:00\",\"dateModified\":\"2023-08-20T21:48:47+00:00\",\"breadcrumb\":{\"@id\":\"https:\\\/\\\/fuentesfidedignas.com.mx\\\/index.php\\\/2023\\\/08\\\/20\\\/tomateros-de-culiacan-iniciaran-su-pretemporada-el-8-de-septiembre\\\/#breadcrumb\"},\"inLanguage\":\"es\",\"potentialAction\":[{\"@type\":\"ReadAction\",\"target\":[\"https:\\\/\\\/fuentesfidedignas.com.mx\\\/index.php\\\/2023\\\/08\\\/20\\\/tomateros-de-culiacan-iniciaran-su-pretemporada-el-8-de-septiembre\\\/\"]}]},{\"@type\":\"ImageObject\",\"inLanguage\":\"es\",\"@id\":\"https:\\\/\\\/fuentesfidedignas.com.mx\\\/index.php\\\/2023\\\/08\\\/20\\\/tomateros-de-culiacan-iniciaran-su-pretemporada-el-8-de-septiembre\\\/#primaryimage\",\"url\":\"https:\\\/\\\/fuentesfidedignas.com.mx\\\/wp-content\\\/uploads\\\/2023\\\/08\\\/TOMATEROS.jpeg\",\"contentUrl\":\"https:\\\/\\\/fuentesfidedignas.com.mx\\\/wp-content\\\/uploads\\\/2023\\\/08\\\/TOMATEROS.jpeg\",\"width\":1280,\"height\":853},{\"@type\":\"BreadcrumbList\",\"@id\":\"https:\\\/\\\/fuentesfidedignas.com.mx\\\/index.php\\\/2023\\\/08\\\/20\\\/tomateros-de-culiacan-iniciaran-su-pretemporada-el-8-de-septiembre\\\/#breadcrumb\",\"itemListElement\":[{\"@type\":\"ListItem\",\"position\":1,\"name\":\"Inicio\",\"item\":\"https:\\\/\\\/fuentesfidedignas.com.mx\\\/\"},{\"@type\":\"ListItem\",\"position\":2,\"name\":\"Tomateros de Culiac\u00e1n iniciar\u00e1n su pretemporada el 8 de septiembre\"}]},{\"@type\":\"WebSite\",\"@id\":\"https:\\\/\\\/fuentesfidedignas.com.mx\\\/#website\",\"url\":\"https:\\\/\\\/fuentesfidedignas.com.mx\\\/\",\"name\":\"Fuentes Fidedignas\",\"description\":\"Otro sitio realizado con WordPress\",\"publisher\":{\"@id\":\"https:\\\/\\\/fuentesfidedignas.com.mx\\\/#organization\"},\"potentialAction\":[{\"@type\":\"SearchAction\",\"target\":{\"@type\":\"EntryPoint\",\"urlTemplate\":\"https:\\\/\\\/fuentesfidedignas.com.mx\\\/?s={search_term_string}\"},\"query-input\":{\"@type\":\"PropertyValueSpecification\",\"valueRequired\":true,\"valueName\":\"search_term_string\"}}],\"inLanguage\":\"es\"},{\"@type\":\"Organization\",\"@id\":\"https:\\\/\\\/fuentesfidedignas.com.mx\\\/#organization\",\"name\":\"Fuentes Fidedignas\",\"url\":\"https:\\\/\\\/fuentesfidedignas.com.mx\\\/\",\"logo\":{\"@type\":\"ImageObject\",\"inLanguage\":\"es\",\"@id\":\"https:\\\/\\\/fuentesfidedignas.com.mx\\\/#\\\/schema\\\/logo\\\/image\\\/\",\"url\":\"https:\\\/\\\/fuentesfidedignas.com.mx\\\/wp-content\\\/uploads\\\/2021\\\/04\\\/logo-retina.png\",\"contentUrl\":\"https:\\\/\\\/fuentesfidedignas.com.mx\\\/wp-content\\\/uploads\\\/2021\\\/04\\\/logo-retina.png\",\"width\":280,\"height\":51,\"caption\":\"Fuentes Fidedignas\"},\"image\":{\"@id\":\"https:\\\/\\\/fuentesfidedignas.com.mx\\\/#\\\/schema\\\/logo\\\/image\\\/\"},\"sameAs\":[\"https:\\\/\\\/www.facebook.com\\\/Fuentes-Fidedignas-368234489921644\",\"https:\\\/\\\/x.com\\\/fidedignas\"]},{\"@type\":\"Person\",\"@id\":\"https:\\\/\\\/fuentesfidedignas.com.mx\\\/#\\\/schema\\\/person\\\/331be9283d37198e2acd5750279085b0\",\"name\":\"Redacci\u00f3n\",\"image\":{\"@type\":\"ImageObject\",\"inLanguage\":\"es\",\"@id\":\"https:\\\/\\\/secure.gravatar.com\\\/avatar\\\/f6d8782c11d12b2d4ad3fbb6931aeab5309937a4d6cd2fc9cfaa28a6396a5aec?s=96&d=mm&r=g\",\"url\":\"https:\\\/\\\/secure.gravatar.com\\\/avatar\\\/f6d8782c11d12b2d4ad3fbb6931aeab5309937a4d6cd2fc9cfaa28a6396a5aec?s=96&d=mm&r=g\",\"contentUrl\":\"https:\\\/\\\/secure.gravatar.com\\\/avatar\\\/f6d8782c11d12b2d4ad3fbb6931aeab5309937a4d6cd2fc9cfaa28a6396a5aec?s=96&d=mm&r=g\",\"caption\":\"Redacci\u00f3n\"},\"url\":\"https:\\\/\\\/fuentesfidedignas.com.mx\\\/index.php\\\/author\\\/redaccion\\\/\"}]}<\/script>\n<!-- \/ Yoast SEO plugin. -->","yoast_head_json":{"title":"Tomateros de Culiac\u00e1n iniciar\u00e1n su pretemporada el 8 de septiembre - Fuentes Fidedignas","robots":{"index":"index","follow":"follow","max-snippet":"max-snippet:-1","max-image-preview":"max-image-preview:large","max-video-preview":"max-video-preview:-1"},"canonical":"https:\/\/fuentesfidedignas.com.mx\/index.php\/2023\/08\/20\/tomateros-de-culiacan-iniciaran-su-pretemporada-el-8-de-septiembre\/","og_locale":"es_MX","og_type":"article","og_title":"Tomateros de Culiac\u00e1n iniciar\u00e1n su pretemporada el 8 de septiembre - Fuentes Fidedignas","og_description":"Tomateros de Culiac\u00e1n se prepara para un emocionante comienzo de la temporada 2023-24, de la Liga ARCO Mexicana del Pac\u00edfico (LAMP). A diferencia de campa\u00f1as anteriores, que se iniciaba en la unidad Deportiva JAPAC, el equipo esta vez trabajar\u00e1 en el Estadio Tomateros. Culiac\u00e1n, Sin.- Francisco Campos, Gerente Deportivo de la novena guinda, anunci\u00f3 que [&hellip;]","og_url":"https:\/\/fuentesfidedignas.com.mx\/index.php\/2023\/08\/20\/tomateros-de-culiacan-iniciaran-su-pretemporada-el-8-de-septiembre\/","og_site_name":"Fuentes Fidedignas","article_publisher":"https:\/\/www.facebook.com\/Fuentes-Fidedignas-368234489921644","article_published_time":"2023-08-20T21:48:26+00:00","article_modified_time":"2023-08-20T21:48:47+00:00","og_image":[{"width":1280,"height":853,"url":"https:\/\/fuentesfidedignas.com.mx\/wp-content\/uploads\/2023\/08\/TOMATEROS.jpeg","type":"image\/jpeg"}],"author":"Redacci\u00f3n","twitter_card":"summary_large_image","twitter_creator":"@fidedignas","twitter_site":"@fidedignas","twitter_misc":{"Escrito por":"Redacci\u00f3n","Tiempo de lectura":"2 minutos"},"schema":{"@context":"https:\/\/schema.org","@graph":[{"@type":"Article","@id":"https:\/\/fuentesfidedignas.com.mx\/index.php\/2023\/08\/20\/tomateros-de-culiacan-iniciaran-su-pretemporada-el-8-de-septiembre\/#article","isPartOf":{"@id":"https:\/\/fuentesfidedignas.com.mx\/index.php\/2023\/08\/20\/tomateros-de-culiacan-iniciaran-su-pretemporada-el-8-de-septiembre\/"},"author":{"name":"Redacci\u00f3n","@id":"https:\/\/fuentesfidedignas.com.mx\/#\/schema\/person\/331be9283d37198e2acd5750279085b0"},"headline":"Tomateros de Culiac\u00e1n iniciar\u00e1n su pretemporada el 8 de septiembre","datePublished":"2023-08-20T21:48:26+00:00","dateModified":"2023-08-20T21:48:47+00:00","mainEntityOfPage":{"@id":"https:\/\/fuentesfidedignas.com.mx\/index.php\/2023\/08\/20\/tomateros-de-culiacan-iniciaran-su-pretemporada-el-8-de-septiembre\/"},"wordCount":283,"commentCount":0,"publisher":{"@id":"https:\/\/fuentesfidedignas.com.mx\/#organization"},"image":{"@id":"https:\/\/fuentesfidedignas.com.mx\/index.php\/2023\/08\/20\/tomateros-de-culiacan-iniciaran-su-pretemporada-el-8-de-septiembre\/#primaryimage"},"thumbnailUrl":"https:\/\/fuentesfidedignas.com.mx\/wp-content\/uploads\/2023\/08\/TOMATEROS.jpeg","articleSection":["NOTICIAS LOCALES"],"inLanguage":"es","potentialAction":[{"@type":"CommentAction","name":"Comment","target":["https:\/\/fuentesfidedignas.com.mx\/index.php\/2023\/08\/20\/tomateros-de-culiacan-iniciaran-su-pretemporada-el-8-de-septiembre\/#respond"]}]},{"@type":"WebPage","@id":"https:\/\/fuentesfidedignas.com.mx\/index.php\/2023\/08\/20\/tomateros-de-culiacan-iniciaran-su-pretemporada-el-8-de-septiembre\/","url":"https:\/\/fuentesfidedignas.com.mx\/index.php\/2023\/08\/20\/tomateros-de-culiacan-iniciaran-su-pretemporada-el-8-de-septiembre\/","name":"Tomateros de Culiac\u00e1n iniciar\u00e1n su pretemporada el 8 de septiembre - Fuentes Fidedignas","isPartOf":{"@id":"https:\/\/fuentesfidedignas.com.mx\/#website"},"primaryImageOfPage":{"@id":"https:\/\/fuentesfidedignas.com.mx\/index.php\/2023\/08\/20\/tomateros-de-culiacan-iniciaran-su-pretemporada-el-8-de-septiembre\/#primaryimage"},"image":{"@id":"https:\/\/fuentesfidedignas.com.mx\/index.php\/2023\/08\/20\/tomateros-de-culiacan-iniciaran-su-pretemporada-el-8-de-septiembre\/#primaryimage"},"thumbnailUrl":"https:\/\/fuentesfidedignas.com.mx\/wp-content\/uploads\/2023\/08\/TOMATEROS.jpeg","datePublished":"2023-08-20T21:48:26+00:00","dateModified":"2023-08-20T21:48:47+00:00","breadcrumb":{"@id":"https:\/\/fuentesfidedignas.com.mx\/index.php\/2023\/08\/20\/tomateros-de-culiacan-iniciaran-su-pretemporada-el-8-de-septiembre\/#breadcrumb"},"inLanguage":"es","potentialAction":[{"@type":"ReadAction","target":["https:\/\/fuentesfidedignas.com.mx\/index.php\/2023\/08\/20\/tomateros-de-culiacan-iniciaran-su-pretemporada-el-8-de-septiembre\/"]}]},{"@type":"ImageObject","inLanguage":"es","@id":"https:\/\/fuentesfidedignas.com.mx\/index.php\/2023\/08\/20\/tomateros-de-culiacan-iniciaran-su-pretemporada-el-8-de-septiembre\/#primaryimage","url":"https:\/\/fuentesfidedignas.com.mx\/wp-content\/uploads\/2023\/08\/TOMATEROS.jpeg","contentUrl":"https:\/\/fuentesfidedignas.com.mx\/wp-content\/uploads\/2023\/08\/TOMATEROS.jpeg","width":1280,"height":853},{"@type":"BreadcrumbList","@id":"https:\/\/fuentesfidedignas.com.mx\/index.php\/2023\/08\/20\/tomateros-de-culiacan-iniciaran-su-pretemporada-el-8-de-septiembre\/#breadcrumb","itemListElement":[{"@type":"ListItem","position":1,"name":"Inicio","item":"https:\/\/fuentesfidedignas.com.mx\/"},{"@type":"ListItem","position":2,"name":"Tomateros de Culiac\u00e1n iniciar\u00e1n su pretemporada el 8 de septiembre"}]},{"@type":"WebSite","@id":"https:\/\/fuentesfidedignas.com.mx\/#website","url":"https:\/\/fuentesfidedignas.com.mx\/","name":"Fuentes Fidedignas","description":"Otro sitio realizado con WordPress","publisher":{"@id":"https:\/\/fuentesfidedignas.com.mx\/#organization"},"potentialAction":[{"@type":"SearchAction","target":{"@type":"EntryPoint","urlTemplate":"https:\/\/fuentesfidedignas.com.mx\/?s={search_term_string}"},"query-input":{"@type":"PropertyValueSpecification","valueRequired":true,"valueName":"search_term_string"}}],"inLanguage":"es"},{"@type":"Organization","@id":"https:\/\/fuentesfidedignas.com.mx\/#organization","name":"Fuentes Fidedignas","url":"https:\/\/fuentesfidedignas.com.mx\/","logo":{"@type":"ImageObject","inLanguage":"es","@id":"https:\/\/fuentesfidedignas.com.mx\/#\/schema\/logo\/image\/","url":"https:\/\/fuentesfidedignas.com.mx\/wp-content\/uploads\/2021\/04\/logo-retina.png","contentUrl":"https:\/\/fuentesfidedignas.com.mx\/wp-content\/uploads\/2021\/04\/logo-retina.png","width":280,"height":51,"caption":"Fuentes Fidedignas"},"image":{"@id":"https:\/\/fuentesfidedignas.com.mx\/#\/schema\/logo\/image\/"},"sameAs":["https:\/\/www.facebook.com\/Fuentes-Fidedignas-368234489921644","https:\/\/x.com\/fidedignas"]},{"@type":"Person","@id":"https:\/\/fuentesfidedignas.com.mx\/#\/schema\/person\/331be9283d37198e2acd5750279085b0","name":"Redacci\u00f3n","image":{"@type":"ImageObject","inLanguage":"es","@id":"https:\/\/secure.gravatar.com\/avatar\/f6d8782c11d12b2d4ad3fbb6931aeab5309937a4d6cd2fc9cfaa28a6396a5aec?s=96&d=mm&r=g","url":"https:\/\/secure.gravatar.com\/avatar\/f6d8782c11d12b2d4ad3fbb6931aeab5309937a4d6cd2fc9cfaa28a6396a5aec?s=96&d=mm&r=g","contentUrl":"https:\/\/secure.gravatar.com\/avatar\/f6d8782c11d12b2d4ad3fbb6931aeab5309937a4d6cd2fc9cfaa28a6396a5aec?s=96&d=mm&r=g","caption":"Redacci\u00f3n"},"url":"https:\/\/fuentesfidedignas.com.mx\/index.php\/author\/redaccion\/"}]}},"_links":{"self":[{"href":"https:\/\/fuentesfidedignas.com.mx\/index.php\/wp-json\/wp\/v2\/posts\/56062","targetHints":{"allow":["GET"]}}],"collection":[{"href":"https:\/\/fuentesfidedignas.com.mx\/index.php\/wp-json\/wp\/v2\/posts"}],"about":[{"href":"https:\/\/fuentesfidedignas.com.mx\/index.php\/wp-json\/wp\/v2\/types\/post"}],"author":[{"embeddable":true,"href":"https:\/\/fuentesfidedignas.com.mx\/index.php\/wp-json\/wp\/v2\/users\/4"}],"replies":[{"embeddable":true,"href":"https:\/\/fuentesfidedignas.com.mx\/index.php\/wp-json\/wp\/v2\/comments?post=56062"}],"version-history":[{"count":1,"href":"https:\/\/fuentesfidedignas.com.mx\/index.php\/wp-json\/wp\/v2\/posts\/56062\/revisions"}],"predecessor-version":[{"id":56064,"href":"https:\/\/fuentesfidedignas.com.mx\/index.php\/wp-json\/wp\/v2\/posts\/56062\/revisions\/56064"}],"wp:featuredmedia":[{"embeddable":true,"href":"https:\/\/fuentesfidedignas.com.mx\/index.php\/wp-json\/wp\/v2\/media\/56063"}],"wp:attachment":[{"href":"https:\/\/fuentesfidedignas.com.mx\/index.php\/wp-json\/wp\/v2\/media?parent=56062"}],"wp:term":[{"taxonomy":"category","embeddable":true,"href":"https:\/\/fuentesfidedignas.com.mx\/index.php\/wp-json\/wp\/v2\/categories?post=56062"},{"taxonomy":"post_tag","embeddable":true,"href":"https:\/\/fuentesfidedignas.com.mx\/index.php\/wp-json\/wp\/v2\/tags?post=56062"}],"curies":[{"name":"wp","href":"https:\/\/api.w.org\/{rel}","templated":true}]}}