{"id":55956,"date":"2023-08-19T09:55:14","date_gmt":"2023-08-19T16:55:14","guid":{"rendered":"https:\/\/fuentesfidedignas.com.mx\/?p=55956"},"modified":"2023-08-19T14:07:37","modified_gmt":"2023-08-19T21:07:37","slug":"huracan-hilary-se-debilita-a-categoria-3-frente-a-sinaloa","status":"publish","type":"post","link":"https:\/\/fuentesfidedignas.com.mx\/index.php\/2023\/08\/19\/huracan-hilary-se-debilita-a-categoria-3-frente-a-sinaloa\/","title":{"rendered":"Hurac\u00e1n &#8216;Hilary&#8217; se debilita a categor\u00eda 3 frente a Sinaloa"},"content":{"rendered":"\n<p><strong><em>El hurac\u00e1n &#8216;Hilary&#8217; perdi\u00f3 fuerza en el Oc\u00e9ano Pac\u00edfico; sigue aqu\u00ed la trayectoria EN VIVO del cicl\u00f3n tropical<\/em><\/strong><\/p>\n\n\n\n<p>Culiac\u00e1n, Sin. El\u00a0<a href=\"http:\/\/www.excelsior.com.mx\/huracanes\" target=\"_blank\" rel=\"noreferrer noopener\"><strong>hurac\u00e1n\u00a0<em>Hilary<\/em><\/strong><\/a>\u00a0<strong>se debilit\u00f3 a categor\u00eda 3<\/strong>\u00a0la ma\u00f1ana de hoy 19 de agosto de 2023 en el Oc\u00e9ano Pac\u00edfico mientras\u00a0<strong>contin\u00faa con su desplazamiento hacia la Pen\u00ednsula de Baja California<\/strong>;\u00a0sigue aqu\u00ed la\u00a0<strong>trayectoria EN VIVO\u00a0<\/strong>del cicl\u00f3n tropical.<\/p>\n\n\n\n<p><a href=\"https:\/\/zoom.earth\/storms\/hilary-2023\/\">https:\/\/zoom.earth\/storms\/hilary-2023\/<\/a><\/p>\n\n\n\n<p>Las extensas\u00a0<strong>bandas nubosas del cicl\u00f3n ya cubren la Pen\u00ednsula de Baja California<\/strong>, as\u00ed como el noroeste del pa\u00eds y provocan\u00a0<strong>lluvias de muy fuertes a intensas\u00a0<\/strong>y fuertes rachas de viento en estas regiones, inform\u00f3 la Comisi\u00f3n Nacional del Agua (Conagua).<\/p>\n\n\n\n<p>El hurac\u00e1n&nbsp;<em>Hilary<\/em>&nbsp;presenta&nbsp;<strong>vientos m\u00e1ximos sostenidos de 205&nbsp;kil\u00f3metros por hora<\/strong>, rachas de 250 kil\u00f3metros por hora y se desplaza al nor-noroeste a 26 kil\u00f3metros por hora. Actualmente el cicl\u00f3n tropical s<strong>e ubica a&nbsp;375 kil\u00f3metros al oeste de Cabo San Lucas<\/strong>, Baja California Sur, y a 630 km al sur-sureste de Punta Eugenia, Baja California Sur.<\/p>\n\n\n\n<p>Se estableci\u00f3&nbsp;<strong>zona de prevenci\u00f3n por efectos de hurac\u00e1n<\/strong>&nbsp;desde Punta Abreojos, en Baja California Sur, hasta Cabo San Quint\u00edn, en Baja California, y&nbsp;<strong>zona de vigilancia por efectos de hurac\u00e1n<\/strong>&nbsp;desde el norte de Cabo San Quint\u00edn hasta Ensenada.<\/p>\n\n\n\n<p>Adem\u00e1s, hay\u00a0<strong>zona de prevenci\u00f3n por efectos de tormenta tropical<\/strong>\u00a0desde\u00a0la frontera norte con Estados Unidos hasta Cabo San Quint\u00edn, Baja California; desde Punta Abreojos, en Baja California Sur, hasta el norte de Guaymas, Sonora.<\/p>\n\n\n\n<p>Las autoridades llamaron a la poblaci\u00f3n a&nbsp;<strong>extremar precauciones debido a las lluvias, viento y oleaje<\/strong>&nbsp;(incluyendo la navegaci\u00f3n mar\u00edtima) que ocasionar\u00e1 el cicl\u00f3n tropical y atender las recomendaciones emitidas por las autoridades del Sistema Nacional de Protecci\u00f3n Civil, en cada entidad.<\/p>\n\n\n\n<h2 class=\"wp-block-heading\">\u00bfQu\u00e9 estados ser\u00e1n los m\u00e1s afectados por\u00a0<em>Hilary<\/em>\u00a0en el Pac\u00edfico?<\/h2>\n\n\n\n<p>Las bandas nubosas del hurac\u00e1n&nbsp;<em>Hilary&nbsp;<\/em>de categor\u00eda 3 ocasionar\u00e1n lluvias de muy fuertes a intensas en 11 estados del pa\u00eds.<\/p>\n\n\n\n<p><strong>Lluvias puntuales intensas<\/strong><\/p>\n\n\n\n<ul class=\"wp-block-list\">\n<li>Baja California<\/li>\n\n\n\n<li>Baja California Sur<\/li>\n\n\n\n<li>Sonora (costa)<\/li>\n\n\n\n<li>Sinaloa (costa norte)<\/li>\n<\/ul>\n\n\n\n<p><strong>Lluvias puntuales muy fuertes<\/strong><\/p>\n\n\n\n<ul class=\"wp-block-list\">\n<li>Nayarit<\/li>\n\n\n\n<li>Jalisco<\/li>\n\n\n\n<li>Zacatecas<\/li>\n\n\n\n<li>Aguascalientes<\/li>\n\n\n\n<li>Guanajuato<\/li>\n<\/ul>\n\n\n\n<p><strong>Lluvias puntuales fuertes<\/strong><\/p>\n\n\n\n<ul class=\"wp-block-list\">\n<li>Chihuahua<\/li>\n\n\n\n<li>Durango<\/li>\n<\/ul>\n","protected":false},"excerpt":{"rendered":"<p>El hurac\u00e1n &#8216;Hilary&#8217; perdi\u00f3 fuerza en el Oc\u00e9ano Pac\u00edfico; sigue aqu\u00ed la trayectoria EN VIVO del cicl\u00f3n tropical Culiac\u00e1n, Sin. El\u00a0hurac\u00e1n\u00a0Hilary\u00a0se debilit\u00f3 a categor\u00eda 3\u00a0la ma\u00f1ana de hoy 19 de agosto de 2023 en el Oc\u00e9ano Pac\u00edfico mientras\u00a0contin\u00faa con su desplazamiento hacia la Pen\u00ednsula de Baja California;\u00a0sigue aqu\u00ed la\u00a0trayectoria EN VIVO\u00a0del cicl\u00f3n tropical. https:\/\/zoom.earth\/storms\/hilary-2023\/ Las [&hellip;]<\/p>\n","protected":false},"author":7,"featured_media":55958,"comment_status":"open","ping_status":"open","sticky":false,"template":"","format":"standard","meta":{"tdm_status":"","tdm_grid_status":"","footnotes":""},"categories":[1],"tags":[],"class_list":{"0":"post-55956","1":"post","2":"type-post","3":"status-publish","4":"format-standard","5":"has-post-thumbnail","7":"category-sin-categoria"},"yoast_head":"<!-- This site is optimized with the Yoast SEO plugin v27.5 - https:\/\/yoast.com\/product\/yoast-seo-wordpress\/ -->\n<title>Hurac\u00e1n &#039;Hilary&#039; se debilita a categor\u00eda 3 frente a Sinaloa - Fuentes Fidedignas<\/title>\n<meta name=\"robots\" content=\"index, follow, max-snippet:-1, max-image-preview:large, max-video-preview:-1\" \/>\n<link rel=\"canonical\" href=\"https:\/\/fuentesfidedignas.com.mx\/index.php\/2023\/08\/19\/huracan-hilary-se-debilita-a-categoria-3-frente-a-sinaloa\/\" \/>\n<meta property=\"og:locale\" content=\"es_MX\" \/>\n<meta property=\"og:type\" content=\"article\" \/>\n<meta property=\"og:title\" content=\"Hurac\u00e1n &#039;Hilary&#039; se debilita a categor\u00eda 3 frente a Sinaloa - Fuentes Fidedignas\" \/>\n<meta property=\"og:description\" content=\"El hurac\u00e1n &#8216;Hilary&#8217; perdi\u00f3 fuerza en el Oc\u00e9ano Pac\u00edfico; sigue aqu\u00ed la trayectoria EN VIVO del cicl\u00f3n tropical Culiac\u00e1n, Sin. El\u00a0hurac\u00e1n\u00a0Hilary\u00a0se debilit\u00f3 a categor\u00eda 3\u00a0la ma\u00f1ana de hoy 19 de agosto de 2023 en el Oc\u00e9ano Pac\u00edfico mientras\u00a0contin\u00faa con su desplazamiento hacia la Pen\u00ednsula de Baja California;\u00a0sigue aqu\u00ed la\u00a0trayectoria EN VIVO\u00a0del cicl\u00f3n tropical. https:\/\/zoom.earth\/storms\/hilary-2023\/ Las [&hellip;]\" \/>\n<meta property=\"og:url\" content=\"https:\/\/fuentesfidedignas.com.mx\/index.php\/2023\/08\/19\/huracan-hilary-se-debilita-a-categoria-3-frente-a-sinaloa\/\" \/>\n<meta property=\"og:site_name\" content=\"Fuentes Fidedignas\" \/>\n<meta property=\"article:publisher\" content=\"https:\/\/www.facebook.com\/Fuentes-Fidedignas-368234489921644\" \/>\n<meta property=\"article:published_time\" content=\"2023-08-19T16:55:14+00:00\" \/>\n<meta property=\"article:modified_time\" content=\"2023-08-19T21:07:37+00:00\" \/>\n<meta property=\"og:image\" content=\"https:\/\/fuentesfidedignas.com.mx\/wp-content\/uploads\/2023\/08\/2994253.jpg\" \/>\n\t<meta property=\"og:image:width\" content=\"800\" \/>\n\t<meta property=\"og:image:height\" content=\"600\" \/>\n\t<meta property=\"og:image:type\" content=\"image\/jpeg\" \/>\n<meta name=\"author\" content=\"Exc\u00e9lsior\" \/>\n<meta name=\"twitter:card\" content=\"summary_large_image\" \/>\n<meta name=\"twitter:creator\" content=\"@fidedignas\" \/>\n<meta name=\"twitter:site\" content=\"@fidedignas\" \/>\n<meta name=\"twitter:label1\" content=\"Escrito por\" \/>\n\t<meta name=\"twitter:data1\" content=\"Exc\u00e9lsior\" \/>\n\t<meta name=\"twitter:label2\" content=\"Tiempo de lectura\" \/>\n\t<meta name=\"twitter:data2\" content=\"2 minutos\" \/>\n<script type=\"application\/ld+json\" class=\"yoast-schema-graph\">{\"@context\":\"https:\\\/\\\/schema.org\",\"@graph\":[{\"@type\":\"Article\",\"@id\":\"https:\\\/\\\/fuentesfidedignas.com.mx\\\/index.php\\\/2023\\\/08\\\/19\\\/huracan-hilary-se-debilita-a-categoria-3-frente-a-sinaloa\\\/#article\",\"isPartOf\":{\"@id\":\"https:\\\/\\\/fuentesfidedignas.com.mx\\\/index.php\\\/2023\\\/08\\\/19\\\/huracan-hilary-se-debilita-a-categoria-3-frente-a-sinaloa\\\/\"},\"author\":{\"name\":\"Exc\u00e9lsior\",\"@id\":\"https:\\\/\\\/fuentesfidedignas.com.mx\\\/#\\\/schema\\\/person\\\/ec4edd1fbf5efa3e44fce34fe2787780\"},\"headline\":\"Hurac\u00e1n &#8216;Hilary&#8217; se debilita a categor\u00eda 3 frente a Sinaloa\",\"datePublished\":\"2023-08-19T16:55:14+00:00\",\"dateModified\":\"2023-08-19T21:07:37+00:00\",\"mainEntityOfPage\":{\"@id\":\"https:\\\/\\\/fuentesfidedignas.com.mx\\\/index.php\\\/2023\\\/08\\\/19\\\/huracan-hilary-se-debilita-a-categoria-3-frente-a-sinaloa\\\/\"},\"wordCount\":401,\"commentCount\":0,\"publisher\":{\"@id\":\"https:\\\/\\\/fuentesfidedignas.com.mx\\\/#organization\"},\"image\":{\"@id\":\"https:\\\/\\\/fuentesfidedignas.com.mx\\\/index.php\\\/2023\\\/08\\\/19\\\/huracan-hilary-se-debilita-a-categoria-3-frente-a-sinaloa\\\/#primaryimage\"},\"thumbnailUrl\":\"https:\\\/\\\/fuentesfidedignas.com.mx\\\/wp-content\\\/uploads\\\/2023\\\/08\\\/2994253.jpg\",\"inLanguage\":\"es\",\"potentialAction\":[{\"@type\":\"CommentAction\",\"name\":\"Comment\",\"target\":[\"https:\\\/\\\/fuentesfidedignas.com.mx\\\/index.php\\\/2023\\\/08\\\/19\\\/huracan-hilary-se-debilita-a-categoria-3-frente-a-sinaloa\\\/#respond\"]}]},{\"@type\":\"WebPage\",\"@id\":\"https:\\\/\\\/fuentesfidedignas.com.mx\\\/index.php\\\/2023\\\/08\\\/19\\\/huracan-hilary-se-debilita-a-categoria-3-frente-a-sinaloa\\\/\",\"url\":\"https:\\\/\\\/fuentesfidedignas.com.mx\\\/index.php\\\/2023\\\/08\\\/19\\\/huracan-hilary-se-debilita-a-categoria-3-frente-a-sinaloa\\\/\",\"name\":\"Hurac\u00e1n 'Hilary' se debilita a categor\u00eda 3 frente a Sinaloa - Fuentes Fidedignas\",\"isPartOf\":{\"@id\":\"https:\\\/\\\/fuentesfidedignas.com.mx\\\/#website\"},\"primaryImageOfPage\":{\"@id\":\"https:\\\/\\\/fuentesfidedignas.com.mx\\\/index.php\\\/2023\\\/08\\\/19\\\/huracan-hilary-se-debilita-a-categoria-3-frente-a-sinaloa\\\/#primaryimage\"},\"image\":{\"@id\":\"https:\\\/\\\/fuentesfidedignas.com.mx\\\/index.php\\\/2023\\\/08\\\/19\\\/huracan-hilary-se-debilita-a-categoria-3-frente-a-sinaloa\\\/#primaryimage\"},\"thumbnailUrl\":\"https:\\\/\\\/fuentesfidedignas.com.mx\\\/wp-content\\\/uploads\\\/2023\\\/08\\\/2994253.jpg\",\"datePublished\":\"2023-08-19T16:55:14+00:00\",\"dateModified\":\"2023-08-19T21:07:37+00:00\",\"breadcrumb\":{\"@id\":\"https:\\\/\\\/fuentesfidedignas.com.mx\\\/index.php\\\/2023\\\/08\\\/19\\\/huracan-hilary-se-debilita-a-categoria-3-frente-a-sinaloa\\\/#breadcrumb\"},\"inLanguage\":\"es\",\"potentialAction\":[{\"@type\":\"ReadAction\",\"target\":[\"https:\\\/\\\/fuentesfidedignas.com.mx\\\/index.php\\\/2023\\\/08\\\/19\\\/huracan-hilary-se-debilita-a-categoria-3-frente-a-sinaloa\\\/\"]}]},{\"@type\":\"ImageObject\",\"inLanguage\":\"es\",\"@id\":\"https:\\\/\\\/fuentesfidedignas.com.mx\\\/index.php\\\/2023\\\/08\\\/19\\\/huracan-hilary-se-debilita-a-categoria-3-frente-a-sinaloa\\\/#primaryimage\",\"url\":\"https:\\\/\\\/fuentesfidedignas.com.mx\\\/wp-content\\\/uploads\\\/2023\\\/08\\\/2994253.jpg\",\"contentUrl\":\"https:\\\/\\\/fuentesfidedignas.com.mx\\\/wp-content\\\/uploads\\\/2023\\\/08\\\/2994253.jpg\",\"width\":800,\"height\":600},{\"@type\":\"BreadcrumbList\",\"@id\":\"https:\\\/\\\/fuentesfidedignas.com.mx\\\/index.php\\\/2023\\\/08\\\/19\\\/huracan-hilary-se-debilita-a-categoria-3-frente-a-sinaloa\\\/#breadcrumb\",\"itemListElement\":[{\"@type\":\"ListItem\",\"position\":1,\"name\":\"Inicio\",\"item\":\"https:\\\/\\\/fuentesfidedignas.com.mx\\\/\"},{\"@type\":\"ListItem\",\"position\":2,\"name\":\"Hurac\u00e1n &#8216;Hilary&#8217; se debilita a categor\u00eda 3 frente a Sinaloa\"}]},{\"@type\":\"WebSite\",\"@id\":\"https:\\\/\\\/fuentesfidedignas.com.mx\\\/#website\",\"url\":\"https:\\\/\\\/fuentesfidedignas.com.mx\\\/\",\"name\":\"Fuentes Fidedignas\",\"description\":\"Otro sitio realizado con WordPress\",\"publisher\":{\"@id\":\"https:\\\/\\\/fuentesfidedignas.com.mx\\\/#organization\"},\"potentialAction\":[{\"@type\":\"SearchAction\",\"target\":{\"@type\":\"EntryPoint\",\"urlTemplate\":\"https:\\\/\\\/fuentesfidedignas.com.mx\\\/?s={search_term_string}\"},\"query-input\":{\"@type\":\"PropertyValueSpecification\",\"valueRequired\":true,\"valueName\":\"search_term_string\"}}],\"inLanguage\":\"es\"},{\"@type\":\"Organization\",\"@id\":\"https:\\\/\\\/fuentesfidedignas.com.mx\\\/#organization\",\"name\":\"Fuentes Fidedignas\",\"url\":\"https:\\\/\\\/fuentesfidedignas.com.mx\\\/\",\"logo\":{\"@type\":\"ImageObject\",\"inLanguage\":\"es\",\"@id\":\"https:\\\/\\\/fuentesfidedignas.com.mx\\\/#\\\/schema\\\/logo\\\/image\\\/\",\"url\":\"https:\\\/\\\/fuentesfidedignas.com.mx\\\/wp-content\\\/uploads\\\/2021\\\/04\\\/logo-retina.png\",\"contentUrl\":\"https:\\\/\\\/fuentesfidedignas.com.mx\\\/wp-content\\\/uploads\\\/2021\\\/04\\\/logo-retina.png\",\"width\":280,\"height\":51,\"caption\":\"Fuentes Fidedignas\"},\"image\":{\"@id\":\"https:\\\/\\\/fuentesfidedignas.com.mx\\\/#\\\/schema\\\/logo\\\/image\\\/\"},\"sameAs\":[\"https:\\\/\\\/www.facebook.com\\\/Fuentes-Fidedignas-368234489921644\",\"https:\\\/\\\/x.com\\\/fidedignas\"]},{\"@type\":\"Person\",\"@id\":\"https:\\\/\\\/fuentesfidedignas.com.mx\\\/#\\\/schema\\\/person\\\/ec4edd1fbf5efa3e44fce34fe2787780\",\"name\":\"Exc\u00e9lsior\",\"image\":{\"@type\":\"ImageObject\",\"inLanguage\":\"es\",\"@id\":\"https:\\\/\\\/secure.gravatar.com\\\/avatar\\\/4b7ee9206b48be08447852b3f0814dbc7c0f3b51541b164f1464a2725614020b?s=96&d=mm&r=g\",\"url\":\"https:\\\/\\\/secure.gravatar.com\\\/avatar\\\/4b7ee9206b48be08447852b3f0814dbc7c0f3b51541b164f1464a2725614020b?s=96&d=mm&r=g\",\"contentUrl\":\"https:\\\/\\\/secure.gravatar.com\\\/avatar\\\/4b7ee9206b48be08447852b3f0814dbc7c0f3b51541b164f1464a2725614020b?s=96&d=mm&r=g\",\"caption\":\"Exc\u00e9lsior\"},\"url\":\"https:\\\/\\\/fuentesfidedignas.com.mx\\\/index.php\\\/author\\\/excelsior\\\/\"}]}<\/script>\n<!-- \/ Yoast SEO plugin. -->","yoast_head_json":{"title":"Hurac\u00e1n 'Hilary' se debilita a categor\u00eda 3 frente a Sinaloa - Fuentes Fidedignas","robots":{"index":"index","follow":"follow","max-snippet":"max-snippet:-1","max-image-preview":"max-image-preview:large","max-video-preview":"max-video-preview:-1"},"canonical":"https:\/\/fuentesfidedignas.com.mx\/index.php\/2023\/08\/19\/huracan-hilary-se-debilita-a-categoria-3-frente-a-sinaloa\/","og_locale":"es_MX","og_type":"article","og_title":"Hurac\u00e1n 'Hilary' se debilita a categor\u00eda 3 frente a Sinaloa - Fuentes Fidedignas","og_description":"El hurac\u00e1n &#8216;Hilary&#8217; perdi\u00f3 fuerza en el Oc\u00e9ano Pac\u00edfico; sigue aqu\u00ed la trayectoria EN VIVO del cicl\u00f3n tropical Culiac\u00e1n, Sin. El\u00a0hurac\u00e1n\u00a0Hilary\u00a0se debilit\u00f3 a categor\u00eda 3\u00a0la ma\u00f1ana de hoy 19 de agosto de 2023 en el Oc\u00e9ano Pac\u00edfico mientras\u00a0contin\u00faa con su desplazamiento hacia la Pen\u00ednsula de Baja California;\u00a0sigue aqu\u00ed la\u00a0trayectoria EN VIVO\u00a0del cicl\u00f3n tropical. https:\/\/zoom.earth\/storms\/hilary-2023\/ Las [&hellip;]","og_url":"https:\/\/fuentesfidedignas.com.mx\/index.php\/2023\/08\/19\/huracan-hilary-se-debilita-a-categoria-3-frente-a-sinaloa\/","og_site_name":"Fuentes Fidedignas","article_publisher":"https:\/\/www.facebook.com\/Fuentes-Fidedignas-368234489921644","article_published_time":"2023-08-19T16:55:14+00:00","article_modified_time":"2023-08-19T21:07:37+00:00","og_image":[{"width":800,"height":600,"url":"https:\/\/fuentesfidedignas.com.mx\/wp-content\/uploads\/2023\/08\/2994253.jpg","type":"image\/jpeg"}],"author":"Exc\u00e9lsior","twitter_card":"summary_large_image","twitter_creator":"@fidedignas","twitter_site":"@fidedignas","twitter_misc":{"Escrito por":"Exc\u00e9lsior","Tiempo de lectura":"2 minutos"},"schema":{"@context":"https:\/\/schema.org","@graph":[{"@type":"Article","@id":"https:\/\/fuentesfidedignas.com.mx\/index.php\/2023\/08\/19\/huracan-hilary-se-debilita-a-categoria-3-frente-a-sinaloa\/#article","isPartOf":{"@id":"https:\/\/fuentesfidedignas.com.mx\/index.php\/2023\/08\/19\/huracan-hilary-se-debilita-a-categoria-3-frente-a-sinaloa\/"},"author":{"name":"Exc\u00e9lsior","@id":"https:\/\/fuentesfidedignas.com.mx\/#\/schema\/person\/ec4edd1fbf5efa3e44fce34fe2787780"},"headline":"Hurac\u00e1n &#8216;Hilary&#8217; se debilita a categor\u00eda 3 frente a Sinaloa","datePublished":"2023-08-19T16:55:14+00:00","dateModified":"2023-08-19T21:07:37+00:00","mainEntityOfPage":{"@id":"https:\/\/fuentesfidedignas.com.mx\/index.php\/2023\/08\/19\/huracan-hilary-se-debilita-a-categoria-3-frente-a-sinaloa\/"},"wordCount":401,"commentCount":0,"publisher":{"@id":"https:\/\/fuentesfidedignas.com.mx\/#organization"},"image":{"@id":"https:\/\/fuentesfidedignas.com.mx\/index.php\/2023\/08\/19\/huracan-hilary-se-debilita-a-categoria-3-frente-a-sinaloa\/#primaryimage"},"thumbnailUrl":"https:\/\/fuentesfidedignas.com.mx\/wp-content\/uploads\/2023\/08\/2994253.jpg","inLanguage":"es","potentialAction":[{"@type":"CommentAction","name":"Comment","target":["https:\/\/fuentesfidedignas.com.mx\/index.php\/2023\/08\/19\/huracan-hilary-se-debilita-a-categoria-3-frente-a-sinaloa\/#respond"]}]},{"@type":"WebPage","@id":"https:\/\/fuentesfidedignas.com.mx\/index.php\/2023\/08\/19\/huracan-hilary-se-debilita-a-categoria-3-frente-a-sinaloa\/","url":"https:\/\/fuentesfidedignas.com.mx\/index.php\/2023\/08\/19\/huracan-hilary-se-debilita-a-categoria-3-frente-a-sinaloa\/","name":"Hurac\u00e1n 'Hilary' se debilita a categor\u00eda 3 frente a Sinaloa - Fuentes Fidedignas","isPartOf":{"@id":"https:\/\/fuentesfidedignas.com.mx\/#website"},"primaryImageOfPage":{"@id":"https:\/\/fuentesfidedignas.com.mx\/index.php\/2023\/08\/19\/huracan-hilary-se-debilita-a-categoria-3-frente-a-sinaloa\/#primaryimage"},"image":{"@id":"https:\/\/fuentesfidedignas.com.mx\/index.php\/2023\/08\/19\/huracan-hilary-se-debilita-a-categoria-3-frente-a-sinaloa\/#primaryimage"},"thumbnailUrl":"https:\/\/fuentesfidedignas.com.mx\/wp-content\/uploads\/2023\/08\/2994253.jpg","datePublished":"2023-08-19T16:55:14+00:00","dateModified":"2023-08-19T21:07:37+00:00","breadcrumb":{"@id":"https:\/\/fuentesfidedignas.com.mx\/index.php\/2023\/08\/19\/huracan-hilary-se-debilita-a-categoria-3-frente-a-sinaloa\/#breadcrumb"},"inLanguage":"es","potentialAction":[{"@type":"ReadAction","target":["https:\/\/fuentesfidedignas.com.mx\/index.php\/2023\/08\/19\/huracan-hilary-se-debilita-a-categoria-3-frente-a-sinaloa\/"]}]},{"@type":"ImageObject","inLanguage":"es","@id":"https:\/\/fuentesfidedignas.com.mx\/index.php\/2023\/08\/19\/huracan-hilary-se-debilita-a-categoria-3-frente-a-sinaloa\/#primaryimage","url":"https:\/\/fuentesfidedignas.com.mx\/wp-content\/uploads\/2023\/08\/2994253.jpg","contentUrl":"https:\/\/fuentesfidedignas.com.mx\/wp-content\/uploads\/2023\/08\/2994253.jpg","width":800,"height":600},{"@type":"BreadcrumbList","@id":"https:\/\/fuentesfidedignas.com.mx\/index.php\/2023\/08\/19\/huracan-hilary-se-debilita-a-categoria-3-frente-a-sinaloa\/#breadcrumb","itemListElement":[{"@type":"ListItem","position":1,"name":"Inicio","item":"https:\/\/fuentesfidedignas.com.mx\/"},{"@type":"ListItem","position":2,"name":"Hurac\u00e1n &#8216;Hilary&#8217; se debilita a categor\u00eda 3 frente a Sinaloa"}]},{"@type":"WebSite","@id":"https:\/\/fuentesfidedignas.com.mx\/#website","url":"https:\/\/fuentesfidedignas.com.mx\/","name":"Fuentes Fidedignas","description":"Otro sitio realizado con WordPress","publisher":{"@id":"https:\/\/fuentesfidedignas.com.mx\/#organization"},"potentialAction":[{"@type":"SearchAction","target":{"@type":"EntryPoint","urlTemplate":"https:\/\/fuentesfidedignas.com.mx\/?s={search_term_string}"},"query-input":{"@type":"PropertyValueSpecification","valueRequired":true,"valueName":"search_term_string"}}],"inLanguage":"es"},{"@type":"Organization","@id":"https:\/\/fuentesfidedignas.com.mx\/#organization","name":"Fuentes Fidedignas","url":"https:\/\/fuentesfidedignas.com.mx\/","logo":{"@type":"ImageObject","inLanguage":"es","@id":"https:\/\/fuentesfidedignas.com.mx\/#\/schema\/logo\/image\/","url":"https:\/\/fuentesfidedignas.com.mx\/wp-content\/uploads\/2021\/04\/logo-retina.png","contentUrl":"https:\/\/fuentesfidedignas.com.mx\/wp-content\/uploads\/2021\/04\/logo-retina.png","width":280,"height":51,"caption":"Fuentes Fidedignas"},"image":{"@id":"https:\/\/fuentesfidedignas.com.mx\/#\/schema\/logo\/image\/"},"sameAs":["https:\/\/www.facebook.com\/Fuentes-Fidedignas-368234489921644","https:\/\/x.com\/fidedignas"]},{"@type":"Person","@id":"https:\/\/fuentesfidedignas.com.mx\/#\/schema\/person\/ec4edd1fbf5efa3e44fce34fe2787780","name":"Exc\u00e9lsior","image":{"@type":"ImageObject","inLanguage":"es","@id":"https:\/\/secure.gravatar.com\/avatar\/4b7ee9206b48be08447852b3f0814dbc7c0f3b51541b164f1464a2725614020b?s=96&d=mm&r=g","url":"https:\/\/secure.gravatar.com\/avatar\/4b7ee9206b48be08447852b3f0814dbc7c0f3b51541b164f1464a2725614020b?s=96&d=mm&r=g","contentUrl":"https:\/\/secure.gravatar.com\/avatar\/4b7ee9206b48be08447852b3f0814dbc7c0f3b51541b164f1464a2725614020b?s=96&d=mm&r=g","caption":"Exc\u00e9lsior"},"url":"https:\/\/fuentesfidedignas.com.mx\/index.php\/author\/excelsior\/"}]}},"_links":{"self":[{"href":"https:\/\/fuentesfidedignas.com.mx\/index.php\/wp-json\/wp\/v2\/posts\/55956","targetHints":{"allow":["GET"]}}],"collection":[{"href":"https:\/\/fuentesfidedignas.com.mx\/index.php\/wp-json\/wp\/v2\/posts"}],"about":[{"href":"https:\/\/fuentesfidedignas.com.mx\/index.php\/wp-json\/wp\/v2\/types\/post"}],"author":[{"embeddable":true,"href":"https:\/\/fuentesfidedignas.com.mx\/index.php\/wp-json\/wp\/v2\/users\/7"}],"replies":[{"embeddable":true,"href":"https:\/\/fuentesfidedignas.com.mx\/index.php\/wp-json\/wp\/v2\/comments?post=55956"}],"version-history":[{"count":1,"href":"https:\/\/fuentesfidedignas.com.mx\/index.php\/wp-json\/wp\/v2\/posts\/55956\/revisions"}],"predecessor-version":[{"id":55957,"href":"https:\/\/fuentesfidedignas.com.mx\/index.php\/wp-json\/wp\/v2\/posts\/55956\/revisions\/55957"}],"wp:featuredmedia":[{"embeddable":true,"href":"https:\/\/fuentesfidedignas.com.mx\/index.php\/wp-json\/wp\/v2\/media\/55958"}],"wp:attachment":[{"href":"https:\/\/fuentesfidedignas.com.mx\/index.php\/wp-json\/wp\/v2\/media?parent=55956"}],"wp:term":[{"taxonomy":"category","embeddable":true,"href":"https:\/\/fuentesfidedignas.com.mx\/index.php\/wp-json\/wp\/v2\/categories?post=55956"},{"taxonomy":"post_tag","embeddable":true,"href":"https:\/\/fuentesfidedignas.com.mx\/index.php\/wp-json\/wp\/v2\/tags?post=55956"}],"curies":[{"name":"wp","href":"https:\/\/api.w.org\/{rel}","templated":true}]}}