{"id":55868,"date":"2023-08-18T12:58:33","date_gmt":"2023-08-18T19:58:33","guid":{"rendered":"https:\/\/fuentesfidedignas.com.mx\/?p=55868"},"modified":"2023-08-18T12:59:18","modified_gmt":"2023-08-18T19:59:18","slug":"ahome-atento-ante-comportamiento-del-huracan-hilary","status":"publish","type":"post","link":"https:\/\/fuentesfidedignas.com.mx\/index.php\/2023\/08\/18\/ahome-atento-ante-comportamiento-del-huracan-hilary\/","title":{"rendered":"Ahome, atento ante comportamiento del hurac\u00e1n \u2018Hilary\u2019"},"content":{"rendered":"\n<p>El Secretario del Ayuntamiento de Ahome inform\u00f3 que de ser necesario se instalar\u00e1 el Consejo Estatal de Protecci\u00f3n Civil para atender cualquier emergencia que se pueda presentar por el fen\u00f3meno meteorol\u00f3gico<\/p>\n\n\n\n<p>Los Mochis, Sin.- Tras la fuerte lluvia registrada durante la madrugada de este viernes, personal del Gobierno Municipal implement\u00f3 acciones para subsanar los da\u00f1os, los cuales no fueron mayores, inform\u00f3 el Secretario del Ayuntamiento, Genaro Garc\u00eda Castro.<\/p>\n\n\n\n<p>Detall\u00f3 que de acuerdo con el informe presentado por Protecci\u00f3n Civil Municipal, algunos de los da\u00f1os fueron \u00e1rboles derribados y encharcamiento, pero tras las acciones ya se ha normalizado la situaci\u00f3n.<\/p>\n\n\n\n<p>El Secretario detall\u00f3 que en varios sectores se fue la energ\u00eda el\u00e9ctrica, lo que dej\u00f3 seis plantas potabilizadoras fuera de servicio, pero estas comenzaron a trabajar con las plantas generadoras de energ\u00eda del municipio.<\/p>\n\n\n\n<p>&#8220;Pero algo bien importante es que en el nuevo superintendente de Comisi\u00f3n Federal, el ingeniero Cutberto Ortiz, tuvimos una reuni\u00f3n de trabajo con \u00e9l, el se\u00f1or presidente y un servidor, uno de los acuerdos fue que inmediatamente sucediera un fen\u00f3meno meteorol\u00f3gico como el de hoy, le inform\u00e1ramos toda la ubicaci\u00f3n de las plantas que quedaban fuera de servicio para ellos darle prioridad, por lo que representa la planta potabilizadora fuera de servicio\u201d, manifest\u00f3 Garc\u00eda Castro.<\/p>\n\n\n\n<p>En cuanto al hurac\u00e1n \u201cHilary\u201d, explic\u00f3 que est\u00e1n atentos de la trayectoria y de ser necesario se instalar\u00e1 el Consejo de Protecci\u00f3n Civil para atender cualquier emergencia que se pueda presentar por este fen\u00f3meno.<\/p>\n\n\n\n<p>\u201cLos fen\u00f3menos meteorol\u00f3gicos no tienen palabra, entonces vamos a estar monitore\u00e1ndolo y vamos a estarle informando a la ciudadan\u00eda como se va comportando el fen\u00f3menos y qu\u00e9 acciones vamos a tomar como Gobierno\u201d, dijo El Secretario del Ayuntamiento.<\/p>\n","protected":false},"excerpt":{"rendered":"<p>El Secretario del Ayuntamiento de Ahome inform\u00f3 que de ser necesario se instalar\u00e1 el Consejo Estatal de Protecci\u00f3n Civil para atender cualquier emergencia que se pueda presentar por el fen\u00f3meno meteorol\u00f3gico Los Mochis, Sin.- Tras la fuerte lluvia registrada durante la madrugada de este viernes, personal del Gobierno Municipal implement\u00f3 acciones para subsanar los da\u00f1os, [&hellip;]<\/p>\n","protected":false},"author":4,"featured_media":55870,"comment_status":"open","ping_status":"open","sticky":false,"template":"","format":"standard","meta":{"tdm_status":"","tdm_grid_status":"","footnotes":""},"categories":[38,1],"tags":[],"class_list":{"0":"post-55868","1":"post","2":"type-post","3":"status-publish","4":"format-standard","5":"has-post-thumbnail","7":"category-noticias-locales","8":"category-sin-categoria"},"yoast_head":"<!-- This site is optimized with the Yoast SEO plugin v27.5 - https:\/\/yoast.com\/product\/yoast-seo-wordpress\/ -->\n<title>Ahome, atento ante comportamiento del hurac\u00e1n \u2018Hilary\u2019 - Fuentes Fidedignas<\/title>\n<meta name=\"robots\" content=\"index, follow, max-snippet:-1, max-image-preview:large, max-video-preview:-1\" \/>\n<link rel=\"canonical\" href=\"https:\/\/fuentesfidedignas.com.mx\/index.php\/2023\/08\/18\/ahome-atento-ante-comportamiento-del-huracan-hilary\/\" \/>\n<meta property=\"og:locale\" content=\"es_MX\" \/>\n<meta property=\"og:type\" content=\"article\" \/>\n<meta property=\"og:title\" content=\"Ahome, atento ante comportamiento del hurac\u00e1n \u2018Hilary\u2019 - Fuentes Fidedignas\" \/>\n<meta property=\"og:description\" content=\"El Secretario del Ayuntamiento de Ahome inform\u00f3 que de ser necesario se instalar\u00e1 el Consejo Estatal de Protecci\u00f3n Civil para atender cualquier emergencia que se pueda presentar por el fen\u00f3meno meteorol\u00f3gico Los Mochis, Sin.- Tras la fuerte lluvia registrada durante la madrugada de este viernes, personal del Gobierno Municipal implement\u00f3 acciones para subsanar los da\u00f1os, [&hellip;]\" \/>\n<meta property=\"og:url\" content=\"https:\/\/fuentesfidedignas.com.mx\/index.php\/2023\/08\/18\/ahome-atento-ante-comportamiento-del-huracan-hilary\/\" \/>\n<meta property=\"og:site_name\" content=\"Fuentes Fidedignas\" \/>\n<meta property=\"article:publisher\" content=\"https:\/\/www.facebook.com\/Fuentes-Fidedignas-368234489921644\" \/>\n<meta property=\"article:published_time\" content=\"2023-08-18T19:58:33+00:00\" \/>\n<meta property=\"article:modified_time\" content=\"2023-08-18T19:59:18+00:00\" \/>\n<meta property=\"og:image\" content=\"https:\/\/fuentesfidedignas.com.mx\/wp-content\/uploads\/2023\/08\/IMG-20230818-WA0020.jpg\" \/>\n\t<meta property=\"og:image:width\" content=\"1024\" \/>\n\t<meta property=\"og:image:height\" content=\"576\" \/>\n\t<meta property=\"og:image:type\" content=\"image\/jpeg\" \/>\n<meta name=\"author\" content=\"Redacci\u00f3n\" \/>\n<meta name=\"twitter:card\" content=\"summary_large_image\" \/>\n<meta name=\"twitter:creator\" content=\"@fidedignas\" \/>\n<meta name=\"twitter:site\" content=\"@fidedignas\" \/>\n<meta name=\"twitter:label1\" content=\"Escrito por\" \/>\n\t<meta name=\"twitter:data1\" content=\"Redacci\u00f3n\" \/>\n\t<meta name=\"twitter:label2\" content=\"Tiempo de lectura\" \/>\n\t<meta name=\"twitter:data2\" content=\"2 minutos\" \/>\n<script type=\"application\/ld+json\" class=\"yoast-schema-graph\">{\"@context\":\"https:\\\/\\\/schema.org\",\"@graph\":[{\"@type\":\"Article\",\"@id\":\"https:\\\/\\\/fuentesfidedignas.com.mx\\\/index.php\\\/2023\\\/08\\\/18\\\/ahome-atento-ante-comportamiento-del-huracan-hilary\\\/#article\",\"isPartOf\":{\"@id\":\"https:\\\/\\\/fuentesfidedignas.com.mx\\\/index.php\\\/2023\\\/08\\\/18\\\/ahome-atento-ante-comportamiento-del-huracan-hilary\\\/\"},\"author\":{\"name\":\"Redacci\u00f3n\",\"@id\":\"https:\\\/\\\/fuentesfidedignas.com.mx\\\/#\\\/schema\\\/person\\\/331be9283d37198e2acd5750279085b0\"},\"headline\":\"Ahome, atento ante comportamiento del hurac\u00e1n \u2018Hilary\u2019\",\"datePublished\":\"2023-08-18T19:58:33+00:00\",\"dateModified\":\"2023-08-18T19:59:18+00:00\",\"mainEntityOfPage\":{\"@id\":\"https:\\\/\\\/fuentesfidedignas.com.mx\\\/index.php\\\/2023\\\/08\\\/18\\\/ahome-atento-ante-comportamiento-del-huracan-hilary\\\/\"},\"wordCount\":317,\"commentCount\":0,\"publisher\":{\"@id\":\"https:\\\/\\\/fuentesfidedignas.com.mx\\\/#organization\"},\"image\":{\"@id\":\"https:\\\/\\\/fuentesfidedignas.com.mx\\\/index.php\\\/2023\\\/08\\\/18\\\/ahome-atento-ante-comportamiento-del-huracan-hilary\\\/#primaryimage\"},\"thumbnailUrl\":\"https:\\\/\\\/fuentesfidedignas.com.mx\\\/wp-content\\\/uploads\\\/2023\\\/08\\\/IMG-20230818-WA0020.jpg\",\"articleSection\":[\"NOTICIAS LOCALES\"],\"inLanguage\":\"es\",\"potentialAction\":[{\"@type\":\"CommentAction\",\"name\":\"Comment\",\"target\":[\"https:\\\/\\\/fuentesfidedignas.com.mx\\\/index.php\\\/2023\\\/08\\\/18\\\/ahome-atento-ante-comportamiento-del-huracan-hilary\\\/#respond\"]}]},{\"@type\":\"WebPage\",\"@id\":\"https:\\\/\\\/fuentesfidedignas.com.mx\\\/index.php\\\/2023\\\/08\\\/18\\\/ahome-atento-ante-comportamiento-del-huracan-hilary\\\/\",\"url\":\"https:\\\/\\\/fuentesfidedignas.com.mx\\\/index.php\\\/2023\\\/08\\\/18\\\/ahome-atento-ante-comportamiento-del-huracan-hilary\\\/\",\"name\":\"Ahome, atento ante comportamiento del hurac\u00e1n \u2018Hilary\u2019 - Fuentes Fidedignas\",\"isPartOf\":{\"@id\":\"https:\\\/\\\/fuentesfidedignas.com.mx\\\/#website\"},\"primaryImageOfPage\":{\"@id\":\"https:\\\/\\\/fuentesfidedignas.com.mx\\\/index.php\\\/2023\\\/08\\\/18\\\/ahome-atento-ante-comportamiento-del-huracan-hilary\\\/#primaryimage\"},\"image\":{\"@id\":\"https:\\\/\\\/fuentesfidedignas.com.mx\\\/index.php\\\/2023\\\/08\\\/18\\\/ahome-atento-ante-comportamiento-del-huracan-hilary\\\/#primaryimage\"},\"thumbnailUrl\":\"https:\\\/\\\/fuentesfidedignas.com.mx\\\/wp-content\\\/uploads\\\/2023\\\/08\\\/IMG-20230818-WA0020.jpg\",\"datePublished\":\"2023-08-18T19:58:33+00:00\",\"dateModified\":\"2023-08-18T19:59:18+00:00\",\"breadcrumb\":{\"@id\":\"https:\\\/\\\/fuentesfidedignas.com.mx\\\/index.php\\\/2023\\\/08\\\/18\\\/ahome-atento-ante-comportamiento-del-huracan-hilary\\\/#breadcrumb\"},\"inLanguage\":\"es\",\"potentialAction\":[{\"@type\":\"ReadAction\",\"target\":[\"https:\\\/\\\/fuentesfidedignas.com.mx\\\/index.php\\\/2023\\\/08\\\/18\\\/ahome-atento-ante-comportamiento-del-huracan-hilary\\\/\"]}]},{\"@type\":\"ImageObject\",\"inLanguage\":\"es\",\"@id\":\"https:\\\/\\\/fuentesfidedignas.com.mx\\\/index.php\\\/2023\\\/08\\\/18\\\/ahome-atento-ante-comportamiento-del-huracan-hilary\\\/#primaryimage\",\"url\":\"https:\\\/\\\/fuentesfidedignas.com.mx\\\/wp-content\\\/uploads\\\/2023\\\/08\\\/IMG-20230818-WA0020.jpg\",\"contentUrl\":\"https:\\\/\\\/fuentesfidedignas.com.mx\\\/wp-content\\\/uploads\\\/2023\\\/08\\\/IMG-20230818-WA0020.jpg\",\"width\":1024,\"height\":576},{\"@type\":\"BreadcrumbList\",\"@id\":\"https:\\\/\\\/fuentesfidedignas.com.mx\\\/index.php\\\/2023\\\/08\\\/18\\\/ahome-atento-ante-comportamiento-del-huracan-hilary\\\/#breadcrumb\",\"itemListElement\":[{\"@type\":\"ListItem\",\"position\":1,\"name\":\"Inicio\",\"item\":\"https:\\\/\\\/fuentesfidedignas.com.mx\\\/\"},{\"@type\":\"ListItem\",\"position\":2,\"name\":\"Ahome, atento ante comportamiento del hurac\u00e1n \u2018Hilary\u2019\"}]},{\"@type\":\"WebSite\",\"@id\":\"https:\\\/\\\/fuentesfidedignas.com.mx\\\/#website\",\"url\":\"https:\\\/\\\/fuentesfidedignas.com.mx\\\/\",\"name\":\"Fuentes Fidedignas\",\"description\":\"Otro sitio realizado con WordPress\",\"publisher\":{\"@id\":\"https:\\\/\\\/fuentesfidedignas.com.mx\\\/#organization\"},\"potentialAction\":[{\"@type\":\"SearchAction\",\"target\":{\"@type\":\"EntryPoint\",\"urlTemplate\":\"https:\\\/\\\/fuentesfidedignas.com.mx\\\/?s={search_term_string}\"},\"query-input\":{\"@type\":\"PropertyValueSpecification\",\"valueRequired\":true,\"valueName\":\"search_term_string\"}}],\"inLanguage\":\"es\"},{\"@type\":\"Organization\",\"@id\":\"https:\\\/\\\/fuentesfidedignas.com.mx\\\/#organization\",\"name\":\"Fuentes Fidedignas\",\"url\":\"https:\\\/\\\/fuentesfidedignas.com.mx\\\/\",\"logo\":{\"@type\":\"ImageObject\",\"inLanguage\":\"es\",\"@id\":\"https:\\\/\\\/fuentesfidedignas.com.mx\\\/#\\\/schema\\\/logo\\\/image\\\/\",\"url\":\"https:\\\/\\\/fuentesfidedignas.com.mx\\\/wp-content\\\/uploads\\\/2021\\\/04\\\/logo-retina.png\",\"contentUrl\":\"https:\\\/\\\/fuentesfidedignas.com.mx\\\/wp-content\\\/uploads\\\/2021\\\/04\\\/logo-retina.png\",\"width\":280,\"height\":51,\"caption\":\"Fuentes Fidedignas\"},\"image\":{\"@id\":\"https:\\\/\\\/fuentesfidedignas.com.mx\\\/#\\\/schema\\\/logo\\\/image\\\/\"},\"sameAs\":[\"https:\\\/\\\/www.facebook.com\\\/Fuentes-Fidedignas-368234489921644\",\"https:\\\/\\\/x.com\\\/fidedignas\"]},{\"@type\":\"Person\",\"@id\":\"https:\\\/\\\/fuentesfidedignas.com.mx\\\/#\\\/schema\\\/person\\\/331be9283d37198e2acd5750279085b0\",\"name\":\"Redacci\u00f3n\",\"image\":{\"@type\":\"ImageObject\",\"inLanguage\":\"es\",\"@id\":\"https:\\\/\\\/secure.gravatar.com\\\/avatar\\\/f6d8782c11d12b2d4ad3fbb6931aeab5309937a4d6cd2fc9cfaa28a6396a5aec?s=96&d=mm&r=g\",\"url\":\"https:\\\/\\\/secure.gravatar.com\\\/avatar\\\/f6d8782c11d12b2d4ad3fbb6931aeab5309937a4d6cd2fc9cfaa28a6396a5aec?s=96&d=mm&r=g\",\"contentUrl\":\"https:\\\/\\\/secure.gravatar.com\\\/avatar\\\/f6d8782c11d12b2d4ad3fbb6931aeab5309937a4d6cd2fc9cfaa28a6396a5aec?s=96&d=mm&r=g\",\"caption\":\"Redacci\u00f3n\"},\"url\":\"https:\\\/\\\/fuentesfidedignas.com.mx\\\/index.php\\\/author\\\/redaccion\\\/\"}]}<\/script>\n<!-- \/ Yoast SEO plugin. -->","yoast_head_json":{"title":"Ahome, atento ante comportamiento del hurac\u00e1n \u2018Hilary\u2019 - Fuentes Fidedignas","robots":{"index":"index","follow":"follow","max-snippet":"max-snippet:-1","max-image-preview":"max-image-preview:large","max-video-preview":"max-video-preview:-1"},"canonical":"https:\/\/fuentesfidedignas.com.mx\/index.php\/2023\/08\/18\/ahome-atento-ante-comportamiento-del-huracan-hilary\/","og_locale":"es_MX","og_type":"article","og_title":"Ahome, atento ante comportamiento del hurac\u00e1n \u2018Hilary\u2019 - Fuentes Fidedignas","og_description":"El Secretario del Ayuntamiento de Ahome inform\u00f3 que de ser necesario se instalar\u00e1 el Consejo Estatal de Protecci\u00f3n Civil para atender cualquier emergencia que se pueda presentar por el fen\u00f3meno meteorol\u00f3gico Los Mochis, Sin.- Tras la fuerte lluvia registrada durante la madrugada de este viernes, personal del Gobierno Municipal implement\u00f3 acciones para subsanar los da\u00f1os, [&hellip;]","og_url":"https:\/\/fuentesfidedignas.com.mx\/index.php\/2023\/08\/18\/ahome-atento-ante-comportamiento-del-huracan-hilary\/","og_site_name":"Fuentes Fidedignas","article_publisher":"https:\/\/www.facebook.com\/Fuentes-Fidedignas-368234489921644","article_published_time":"2023-08-18T19:58:33+00:00","article_modified_time":"2023-08-18T19:59:18+00:00","og_image":[{"width":1024,"height":576,"url":"https:\/\/fuentesfidedignas.com.mx\/wp-content\/uploads\/2023\/08\/IMG-20230818-WA0020.jpg","type":"image\/jpeg"}],"author":"Redacci\u00f3n","twitter_card":"summary_large_image","twitter_creator":"@fidedignas","twitter_site":"@fidedignas","twitter_misc":{"Escrito por":"Redacci\u00f3n","Tiempo de lectura":"2 minutos"},"schema":{"@context":"https:\/\/schema.org","@graph":[{"@type":"Article","@id":"https:\/\/fuentesfidedignas.com.mx\/index.php\/2023\/08\/18\/ahome-atento-ante-comportamiento-del-huracan-hilary\/#article","isPartOf":{"@id":"https:\/\/fuentesfidedignas.com.mx\/index.php\/2023\/08\/18\/ahome-atento-ante-comportamiento-del-huracan-hilary\/"},"author":{"name":"Redacci\u00f3n","@id":"https:\/\/fuentesfidedignas.com.mx\/#\/schema\/person\/331be9283d37198e2acd5750279085b0"},"headline":"Ahome, atento ante comportamiento del hurac\u00e1n \u2018Hilary\u2019","datePublished":"2023-08-18T19:58:33+00:00","dateModified":"2023-08-18T19:59:18+00:00","mainEntityOfPage":{"@id":"https:\/\/fuentesfidedignas.com.mx\/index.php\/2023\/08\/18\/ahome-atento-ante-comportamiento-del-huracan-hilary\/"},"wordCount":317,"commentCount":0,"publisher":{"@id":"https:\/\/fuentesfidedignas.com.mx\/#organization"},"image":{"@id":"https:\/\/fuentesfidedignas.com.mx\/index.php\/2023\/08\/18\/ahome-atento-ante-comportamiento-del-huracan-hilary\/#primaryimage"},"thumbnailUrl":"https:\/\/fuentesfidedignas.com.mx\/wp-content\/uploads\/2023\/08\/IMG-20230818-WA0020.jpg","articleSection":["NOTICIAS LOCALES"],"inLanguage":"es","potentialAction":[{"@type":"CommentAction","name":"Comment","target":["https:\/\/fuentesfidedignas.com.mx\/index.php\/2023\/08\/18\/ahome-atento-ante-comportamiento-del-huracan-hilary\/#respond"]}]},{"@type":"WebPage","@id":"https:\/\/fuentesfidedignas.com.mx\/index.php\/2023\/08\/18\/ahome-atento-ante-comportamiento-del-huracan-hilary\/","url":"https:\/\/fuentesfidedignas.com.mx\/index.php\/2023\/08\/18\/ahome-atento-ante-comportamiento-del-huracan-hilary\/","name":"Ahome, atento ante comportamiento del hurac\u00e1n \u2018Hilary\u2019 - Fuentes Fidedignas","isPartOf":{"@id":"https:\/\/fuentesfidedignas.com.mx\/#website"},"primaryImageOfPage":{"@id":"https:\/\/fuentesfidedignas.com.mx\/index.php\/2023\/08\/18\/ahome-atento-ante-comportamiento-del-huracan-hilary\/#primaryimage"},"image":{"@id":"https:\/\/fuentesfidedignas.com.mx\/index.php\/2023\/08\/18\/ahome-atento-ante-comportamiento-del-huracan-hilary\/#primaryimage"},"thumbnailUrl":"https:\/\/fuentesfidedignas.com.mx\/wp-content\/uploads\/2023\/08\/IMG-20230818-WA0020.jpg","datePublished":"2023-08-18T19:58:33+00:00","dateModified":"2023-08-18T19:59:18+00:00","breadcrumb":{"@id":"https:\/\/fuentesfidedignas.com.mx\/index.php\/2023\/08\/18\/ahome-atento-ante-comportamiento-del-huracan-hilary\/#breadcrumb"},"inLanguage":"es","potentialAction":[{"@type":"ReadAction","target":["https:\/\/fuentesfidedignas.com.mx\/index.php\/2023\/08\/18\/ahome-atento-ante-comportamiento-del-huracan-hilary\/"]}]},{"@type":"ImageObject","inLanguage":"es","@id":"https:\/\/fuentesfidedignas.com.mx\/index.php\/2023\/08\/18\/ahome-atento-ante-comportamiento-del-huracan-hilary\/#primaryimage","url":"https:\/\/fuentesfidedignas.com.mx\/wp-content\/uploads\/2023\/08\/IMG-20230818-WA0020.jpg","contentUrl":"https:\/\/fuentesfidedignas.com.mx\/wp-content\/uploads\/2023\/08\/IMG-20230818-WA0020.jpg","width":1024,"height":576},{"@type":"BreadcrumbList","@id":"https:\/\/fuentesfidedignas.com.mx\/index.php\/2023\/08\/18\/ahome-atento-ante-comportamiento-del-huracan-hilary\/#breadcrumb","itemListElement":[{"@type":"ListItem","position":1,"name":"Inicio","item":"https:\/\/fuentesfidedignas.com.mx\/"},{"@type":"ListItem","position":2,"name":"Ahome, atento ante comportamiento del hurac\u00e1n \u2018Hilary\u2019"}]},{"@type":"WebSite","@id":"https:\/\/fuentesfidedignas.com.mx\/#website","url":"https:\/\/fuentesfidedignas.com.mx\/","name":"Fuentes Fidedignas","description":"Otro sitio realizado con WordPress","publisher":{"@id":"https:\/\/fuentesfidedignas.com.mx\/#organization"},"potentialAction":[{"@type":"SearchAction","target":{"@type":"EntryPoint","urlTemplate":"https:\/\/fuentesfidedignas.com.mx\/?s={search_term_string}"},"query-input":{"@type":"PropertyValueSpecification","valueRequired":true,"valueName":"search_term_string"}}],"inLanguage":"es"},{"@type":"Organization","@id":"https:\/\/fuentesfidedignas.com.mx\/#organization","name":"Fuentes Fidedignas","url":"https:\/\/fuentesfidedignas.com.mx\/","logo":{"@type":"ImageObject","inLanguage":"es","@id":"https:\/\/fuentesfidedignas.com.mx\/#\/schema\/logo\/image\/","url":"https:\/\/fuentesfidedignas.com.mx\/wp-content\/uploads\/2021\/04\/logo-retina.png","contentUrl":"https:\/\/fuentesfidedignas.com.mx\/wp-content\/uploads\/2021\/04\/logo-retina.png","width":280,"height":51,"caption":"Fuentes Fidedignas"},"image":{"@id":"https:\/\/fuentesfidedignas.com.mx\/#\/schema\/logo\/image\/"},"sameAs":["https:\/\/www.facebook.com\/Fuentes-Fidedignas-368234489921644","https:\/\/x.com\/fidedignas"]},{"@type":"Person","@id":"https:\/\/fuentesfidedignas.com.mx\/#\/schema\/person\/331be9283d37198e2acd5750279085b0","name":"Redacci\u00f3n","image":{"@type":"ImageObject","inLanguage":"es","@id":"https:\/\/secure.gravatar.com\/avatar\/f6d8782c11d12b2d4ad3fbb6931aeab5309937a4d6cd2fc9cfaa28a6396a5aec?s=96&d=mm&r=g","url":"https:\/\/secure.gravatar.com\/avatar\/f6d8782c11d12b2d4ad3fbb6931aeab5309937a4d6cd2fc9cfaa28a6396a5aec?s=96&d=mm&r=g","contentUrl":"https:\/\/secure.gravatar.com\/avatar\/f6d8782c11d12b2d4ad3fbb6931aeab5309937a4d6cd2fc9cfaa28a6396a5aec?s=96&d=mm&r=g","caption":"Redacci\u00f3n"},"url":"https:\/\/fuentesfidedignas.com.mx\/index.php\/author\/redaccion\/"}]}},"_links":{"self":[{"href":"https:\/\/fuentesfidedignas.com.mx\/index.php\/wp-json\/wp\/v2\/posts\/55868","targetHints":{"allow":["GET"]}}],"collection":[{"href":"https:\/\/fuentesfidedignas.com.mx\/index.php\/wp-json\/wp\/v2\/posts"}],"about":[{"href":"https:\/\/fuentesfidedignas.com.mx\/index.php\/wp-json\/wp\/v2\/types\/post"}],"author":[{"embeddable":true,"href":"https:\/\/fuentesfidedignas.com.mx\/index.php\/wp-json\/wp\/v2\/users\/4"}],"replies":[{"embeddable":true,"href":"https:\/\/fuentesfidedignas.com.mx\/index.php\/wp-json\/wp\/v2\/comments?post=55868"}],"version-history":[{"count":1,"href":"https:\/\/fuentesfidedignas.com.mx\/index.php\/wp-json\/wp\/v2\/posts\/55868\/revisions"}],"predecessor-version":[{"id":55869,"href":"https:\/\/fuentesfidedignas.com.mx\/index.php\/wp-json\/wp\/v2\/posts\/55868\/revisions\/55869"}],"wp:featuredmedia":[{"embeddable":true,"href":"https:\/\/fuentesfidedignas.com.mx\/index.php\/wp-json\/wp\/v2\/media\/55870"}],"wp:attachment":[{"href":"https:\/\/fuentesfidedignas.com.mx\/index.php\/wp-json\/wp\/v2\/media?parent=55868"}],"wp:term":[{"taxonomy":"category","embeddable":true,"href":"https:\/\/fuentesfidedignas.com.mx\/index.php\/wp-json\/wp\/v2\/categories?post=55868"},{"taxonomy":"post_tag","embeddable":true,"href":"https:\/\/fuentesfidedignas.com.mx\/index.php\/wp-json\/wp\/v2\/tags?post=55868"}],"curies":[{"name":"wp","href":"https:\/\/api.w.org\/{rel}","templated":true}]}}