{"id":55835,"date":"2023-08-18T09:33:53","date_gmt":"2023-08-18T16:33:53","guid":{"rendered":"https:\/\/fuentesfidedignas.com.mx\/?p=55835"},"modified":"2023-08-18T13:59:22","modified_gmt":"2023-08-18T20:59:22","slug":"estamos-tranquilos-nosotros-no-somos-opacos-rector-de-uas-al-llegar-a-la-audiencia-ante-la-fge","status":"publish","type":"post","link":"https:\/\/fuentesfidedignas.com.mx\/index.php\/2023\/08\/18\/estamos-tranquilos-nosotros-no-somos-opacos-rector-de-uas-al-llegar-a-la-audiencia-ante-la-fge\/","title":{"rendered":"&#8220;Estamos tranquilos, nosotros no somos opacos&#8221;: rector de la UAS"},"content":{"rendered":"\n<p><strong><em>Se\u00f1al\u00f3 que demostrar\u00e1n con la ley en la mano que la administraci\u00f3n de la UAS no es opaca, sino que es una de las instituciones del estado m\u00e1s transparente.<\/em><\/strong><\/p>\n\n\n\n<p>Culiac\u00e1n, Sin.- El rector de la Universidad Aut\u00f3noma de Sinaloa (UAS), Jes\u00fas Madue\u00f1a Molina manifest\u00f3 que se encuentra tranquilos, esto al llegar a la audiencia prevista para hoy, la cual fue diferida para el lunes 21 de agosto.<\/p>\n\n\n\n<p>Se\u00f1al\u00f3 que demostrar\u00e1n con la ley en la mano que la administraci\u00f3n de la UAS no es opaca, sino que es una de las instituciones del estado m\u00e1s transparente.<\/p>\n\n\n\n<p>&#8220;<strong>Nos auditan todos los a\u00f1os. Cada a\u00f1o el Consejo Universitario aprueba un despacho a propuesta de la contralor\u00eda social que audita tambi\u00e9n los recursos, no solamente con la Auditor\u00eda Superior de la Federaci\u00f3n<\/strong>&#8220;, explic\u00f3.<\/p>\n\n\n\n<p>Madue\u00f1a Molina indic\u00f3 que est\u00e1 seguro que la fiscal\u00eda los va a vincular a proceso, pues tienen todo preparado para ello.<\/p>\n\n\n\n<p>&#8220;<strong>Ellos tienen todo preparado para eso, no hay justicia aqu\u00ed en Sinaloa, tenemos que buscarla en otro nivel<\/strong>&#8220;, lament\u00f3.<\/p>\n\n\n\n<p>Por otra parte agradeci\u00f3 a los miles de universitarios que lo acompa\u00f1an en las instalaciones de la FGE.<\/p>\n\n\n\n<p>&#8220;Les agradezco, a pesar de las inclemencias del clima en todo el estado, yo les agradezco de todo coraz\u00f3n, esto me da m\u00e1s aliento para seguir defendiendo a la universidad, y seguir defendiendo lo que nosotros queremos y creemos que es lo correcto que es el autogobierno  y la autonom\u00eda, eso no se negocia&#8221;, expres\u00f3.<\/p>\n\n\n\n<figure class=\"wp-block-image size-full\"><img decoding=\"async\" width=\"1024\" height=\"768\" src=\"https:\/\/fuentesfidedignas.com.mx\/wp-content\/uploads\/2023\/08\/WhatsApp-Image-2023-08-18-at-8.27.45-AM.jpeg\" alt=\"\" class=\"wp-image-55839\" srcset=\"https:\/\/fuentesfidedignas.com.mx\/wp-content\/uploads\/2023\/08\/WhatsApp-Image-2023-08-18-at-8.27.45-AM.jpeg 1024w, https:\/\/fuentesfidedignas.com.mx\/wp-content\/uploads\/2023\/08\/WhatsApp-Image-2023-08-18-at-8.27.45-AM-300x225.jpeg 300w, https:\/\/fuentesfidedignas.com.mx\/wp-content\/uploads\/2023\/08\/WhatsApp-Image-2023-08-18-at-8.27.45-AM-768x576.jpeg 768w, https:\/\/fuentesfidedignas.com.mx\/wp-content\/uploads\/2023\/08\/WhatsApp-Image-2023-08-18-at-8.27.45-AM-696x522.jpeg 696w, https:\/\/fuentesfidedignas.com.mx\/wp-content\/uploads\/2023\/08\/WhatsApp-Image-2023-08-18-at-8.27.45-AM-560x420.jpeg 560w, https:\/\/fuentesfidedignas.com.mx\/wp-content\/uploads\/2023\/08\/WhatsApp-Image-2023-08-18-at-8.27.45-AM-80x60.jpeg 80w, https:\/\/fuentesfidedignas.com.mx\/wp-content\/uploads\/2023\/08\/WhatsApp-Image-2023-08-18-at-8.27.45-AM-265x198.jpeg 265w\" sizes=\"(max-width: 1024px) 100vw, 1024px\" \/><\/figure>\n\n\n\n<p><\/p>\n","protected":false},"excerpt":{"rendered":"<p>Se\u00f1al\u00f3 que demostrar\u00e1n con la ley en la mano que la administraci\u00f3n de la UAS no es opaca, sino que es una de las instituciones del estado m\u00e1s transparente. Culiac\u00e1n, Sin.- El rector de la Universidad Aut\u00f3noma de Sinaloa (UAS), Jes\u00fas Madue\u00f1a Molina manifest\u00f3 que se encuentra tranquilos, esto al llegar a la audiencia prevista [&hellip;]<\/p>\n","protected":false},"author":112,"featured_media":55836,"comment_status":"open","ping_status":"open","sticky":false,"template":"","format":"standard","meta":{"tdm_status":"","tdm_grid_status":"","footnotes":""},"categories":[37],"tags":[],"class_list":{"0":"post-55835","1":"post","2":"type-post","3":"status-publish","4":"format-standard","5":"has-post-thumbnail","7":"category-nota-principal"},"yoast_head":"<!-- This site is optimized with the Yoast SEO plugin v27.4 - https:\/\/yoast.com\/product\/yoast-seo-wordpress\/ -->\n<title>&quot;Estamos tranquilos, nosotros no somos opacos&quot;: rector de la UAS - Fuentes Fidedignas<\/title>\n<meta name=\"robots\" content=\"index, follow, max-snippet:-1, max-image-preview:large, max-video-preview:-1\" \/>\n<link rel=\"canonical\" href=\"https:\/\/fuentesfidedignas.com.mx\/index.php\/2023\/08\/18\/estamos-tranquilos-nosotros-no-somos-opacos-rector-de-uas-al-llegar-a-la-audiencia-ante-la-fge\/\" \/>\n<meta property=\"og:locale\" content=\"es_MX\" \/>\n<meta property=\"og:type\" content=\"article\" \/>\n<meta property=\"og:title\" content=\"&quot;Estamos tranquilos, nosotros no somos opacos&quot;: rector de la UAS - Fuentes Fidedignas\" \/>\n<meta property=\"og:description\" content=\"Se\u00f1al\u00f3 que demostrar\u00e1n con la ley en la mano que la administraci\u00f3n de la UAS no es opaca, sino que es una de las instituciones del estado m\u00e1s transparente. Culiac\u00e1n, Sin.- El rector de la Universidad Aut\u00f3noma de Sinaloa (UAS), Jes\u00fas Madue\u00f1a Molina manifest\u00f3 que se encuentra tranquilos, esto al llegar a la audiencia prevista [&hellip;]\" \/>\n<meta property=\"og:url\" content=\"https:\/\/fuentesfidedignas.com.mx\/index.php\/2023\/08\/18\/estamos-tranquilos-nosotros-no-somos-opacos-rector-de-uas-al-llegar-a-la-audiencia-ante-la-fge\/\" \/>\n<meta property=\"og:site_name\" content=\"Fuentes Fidedignas\" \/>\n<meta property=\"article:publisher\" content=\"https:\/\/www.facebook.com\/Fuentes-Fidedignas-368234489921644\" \/>\n<meta property=\"article:published_time\" content=\"2023-08-18T16:33:53+00:00\" \/>\n<meta property=\"article:modified_time\" content=\"2023-08-18T20:59:22+00:00\" \/>\n<meta property=\"og:image\" content=\"https:\/\/fuentesfidedignas.com.mx\/wp-content\/uploads\/2023\/08\/WhatsApp-Image-2023-08-18-at-8.26.47-AM.jpeg\" \/>\n\t<meta property=\"og:image:width\" content=\"1024\" \/>\n\t<meta property=\"og:image:height\" content=\"768\" \/>\n\t<meta property=\"og:image:type\" content=\"image\/jpeg\" \/>\n<meta name=\"author\" content=\"Leonardo Gutierrez\" \/>\n<meta name=\"twitter:card\" content=\"summary_large_image\" \/>\n<meta name=\"twitter:creator\" content=\"@fidedignas\" \/>\n<meta name=\"twitter:site\" content=\"@fidedignas\" \/>\n<meta name=\"twitter:label1\" content=\"Escrito por\" \/>\n\t<meta name=\"twitter:data1\" content=\"Leonardo Gutierrez\" \/>\n\t<meta name=\"twitter:label2\" content=\"Tiempo de lectura\" \/>\n\t<meta name=\"twitter:data2\" content=\"2 minutos\" \/>\n<script type=\"application\/ld+json\" class=\"yoast-schema-graph\">{\"@context\":\"https:\\\/\\\/schema.org\",\"@graph\":[{\"@type\":\"Article\",\"@id\":\"https:\\\/\\\/fuentesfidedignas.com.mx\\\/index.php\\\/2023\\\/08\\\/18\\\/estamos-tranquilos-nosotros-no-somos-opacos-rector-de-uas-al-llegar-a-la-audiencia-ante-la-fge\\\/#article\",\"isPartOf\":{\"@id\":\"https:\\\/\\\/fuentesfidedignas.com.mx\\\/index.php\\\/2023\\\/08\\\/18\\\/estamos-tranquilos-nosotros-no-somos-opacos-rector-de-uas-al-llegar-a-la-audiencia-ante-la-fge\\\/\"},\"author\":{\"name\":\"Leonardo Gutierrez\",\"@id\":\"https:\\\/\\\/fuentesfidedignas.com.mx\\\/#\\\/schema\\\/person\\\/c77df25c00baae1d4fdc0340db6f364c\"},\"headline\":\"&#8220;Estamos tranquilos, nosotros no somos opacos&#8221;: rector de la UAS\",\"datePublished\":\"2023-08-18T16:33:53+00:00\",\"dateModified\":\"2023-08-18T20:59:22+00:00\",\"mainEntityOfPage\":{\"@id\":\"https:\\\/\\\/fuentesfidedignas.com.mx\\\/index.php\\\/2023\\\/08\\\/18\\\/estamos-tranquilos-nosotros-no-somos-opacos-rector-de-uas-al-llegar-a-la-audiencia-ante-la-fge\\\/\"},\"wordCount\":277,\"commentCount\":0,\"publisher\":{\"@id\":\"https:\\\/\\\/fuentesfidedignas.com.mx\\\/#organization\"},\"image\":{\"@id\":\"https:\\\/\\\/fuentesfidedignas.com.mx\\\/index.php\\\/2023\\\/08\\\/18\\\/estamos-tranquilos-nosotros-no-somos-opacos-rector-de-uas-al-llegar-a-la-audiencia-ante-la-fge\\\/#primaryimage\"},\"thumbnailUrl\":\"https:\\\/\\\/fuentesfidedignas.com.mx\\\/wp-content\\\/uploads\\\/2023\\\/08\\\/WhatsApp-Image-2023-08-18-at-8.26.47-AM.jpeg\",\"articleSection\":[\"NOTA PRINCIPAL\"],\"inLanguage\":\"es\",\"potentialAction\":[{\"@type\":\"CommentAction\",\"name\":\"Comment\",\"target\":[\"https:\\\/\\\/fuentesfidedignas.com.mx\\\/index.php\\\/2023\\\/08\\\/18\\\/estamos-tranquilos-nosotros-no-somos-opacos-rector-de-uas-al-llegar-a-la-audiencia-ante-la-fge\\\/#respond\"]}]},{\"@type\":\"WebPage\",\"@id\":\"https:\\\/\\\/fuentesfidedignas.com.mx\\\/index.php\\\/2023\\\/08\\\/18\\\/estamos-tranquilos-nosotros-no-somos-opacos-rector-de-uas-al-llegar-a-la-audiencia-ante-la-fge\\\/\",\"url\":\"https:\\\/\\\/fuentesfidedignas.com.mx\\\/index.php\\\/2023\\\/08\\\/18\\\/estamos-tranquilos-nosotros-no-somos-opacos-rector-de-uas-al-llegar-a-la-audiencia-ante-la-fge\\\/\",\"name\":\"\\\"Estamos tranquilos, nosotros no somos opacos\\\": rector de la UAS - Fuentes Fidedignas\",\"isPartOf\":{\"@id\":\"https:\\\/\\\/fuentesfidedignas.com.mx\\\/#website\"},\"primaryImageOfPage\":{\"@id\":\"https:\\\/\\\/fuentesfidedignas.com.mx\\\/index.php\\\/2023\\\/08\\\/18\\\/estamos-tranquilos-nosotros-no-somos-opacos-rector-de-uas-al-llegar-a-la-audiencia-ante-la-fge\\\/#primaryimage\"},\"image\":{\"@id\":\"https:\\\/\\\/fuentesfidedignas.com.mx\\\/index.php\\\/2023\\\/08\\\/18\\\/estamos-tranquilos-nosotros-no-somos-opacos-rector-de-uas-al-llegar-a-la-audiencia-ante-la-fge\\\/#primaryimage\"},\"thumbnailUrl\":\"https:\\\/\\\/fuentesfidedignas.com.mx\\\/wp-content\\\/uploads\\\/2023\\\/08\\\/WhatsApp-Image-2023-08-18-at-8.26.47-AM.jpeg\",\"datePublished\":\"2023-08-18T16:33:53+00:00\",\"dateModified\":\"2023-08-18T20:59:22+00:00\",\"breadcrumb\":{\"@id\":\"https:\\\/\\\/fuentesfidedignas.com.mx\\\/index.php\\\/2023\\\/08\\\/18\\\/estamos-tranquilos-nosotros-no-somos-opacos-rector-de-uas-al-llegar-a-la-audiencia-ante-la-fge\\\/#breadcrumb\"},\"inLanguage\":\"es\",\"potentialAction\":[{\"@type\":\"ReadAction\",\"target\":[\"https:\\\/\\\/fuentesfidedignas.com.mx\\\/index.php\\\/2023\\\/08\\\/18\\\/estamos-tranquilos-nosotros-no-somos-opacos-rector-de-uas-al-llegar-a-la-audiencia-ante-la-fge\\\/\"]}]},{\"@type\":\"ImageObject\",\"inLanguage\":\"es\",\"@id\":\"https:\\\/\\\/fuentesfidedignas.com.mx\\\/index.php\\\/2023\\\/08\\\/18\\\/estamos-tranquilos-nosotros-no-somos-opacos-rector-de-uas-al-llegar-a-la-audiencia-ante-la-fge\\\/#primaryimage\",\"url\":\"https:\\\/\\\/fuentesfidedignas.com.mx\\\/wp-content\\\/uploads\\\/2023\\\/08\\\/WhatsApp-Image-2023-08-18-at-8.26.47-AM.jpeg\",\"contentUrl\":\"https:\\\/\\\/fuentesfidedignas.com.mx\\\/wp-content\\\/uploads\\\/2023\\\/08\\\/WhatsApp-Image-2023-08-18-at-8.26.47-AM.jpeg\",\"width\":1024,\"height\":768},{\"@type\":\"BreadcrumbList\",\"@id\":\"https:\\\/\\\/fuentesfidedignas.com.mx\\\/index.php\\\/2023\\\/08\\\/18\\\/estamos-tranquilos-nosotros-no-somos-opacos-rector-de-uas-al-llegar-a-la-audiencia-ante-la-fge\\\/#breadcrumb\",\"itemListElement\":[{\"@type\":\"ListItem\",\"position\":1,\"name\":\"Inicio\",\"item\":\"https:\\\/\\\/fuentesfidedignas.com.mx\\\/\"},{\"@type\":\"ListItem\",\"position\":2,\"name\":\"&#8220;Estamos tranquilos, nosotros no somos opacos&#8221;: rector de la UAS\"}]},{\"@type\":\"WebSite\",\"@id\":\"https:\\\/\\\/fuentesfidedignas.com.mx\\\/#website\",\"url\":\"https:\\\/\\\/fuentesfidedignas.com.mx\\\/\",\"name\":\"Fuentes Fidedignas\",\"description\":\"Otro sitio realizado con WordPress\",\"publisher\":{\"@id\":\"https:\\\/\\\/fuentesfidedignas.com.mx\\\/#organization\"},\"potentialAction\":[{\"@type\":\"SearchAction\",\"target\":{\"@type\":\"EntryPoint\",\"urlTemplate\":\"https:\\\/\\\/fuentesfidedignas.com.mx\\\/?s={search_term_string}\"},\"query-input\":{\"@type\":\"PropertyValueSpecification\",\"valueRequired\":true,\"valueName\":\"search_term_string\"}}],\"inLanguage\":\"es\"},{\"@type\":\"Organization\",\"@id\":\"https:\\\/\\\/fuentesfidedignas.com.mx\\\/#organization\",\"name\":\"Fuentes Fidedignas\",\"url\":\"https:\\\/\\\/fuentesfidedignas.com.mx\\\/\",\"logo\":{\"@type\":\"ImageObject\",\"inLanguage\":\"es\",\"@id\":\"https:\\\/\\\/fuentesfidedignas.com.mx\\\/#\\\/schema\\\/logo\\\/image\\\/\",\"url\":\"https:\\\/\\\/fuentesfidedignas.com.mx\\\/wp-content\\\/uploads\\\/2021\\\/04\\\/logo-retina.png\",\"contentUrl\":\"https:\\\/\\\/fuentesfidedignas.com.mx\\\/wp-content\\\/uploads\\\/2021\\\/04\\\/logo-retina.png\",\"width\":280,\"height\":51,\"caption\":\"Fuentes Fidedignas\"},\"image\":{\"@id\":\"https:\\\/\\\/fuentesfidedignas.com.mx\\\/#\\\/schema\\\/logo\\\/image\\\/\"},\"sameAs\":[\"https:\\\/\\\/www.facebook.com\\\/Fuentes-Fidedignas-368234489921644\",\"https:\\\/\\\/x.com\\\/fidedignas\"]},{\"@type\":\"Person\",\"@id\":\"https:\\\/\\\/fuentesfidedignas.com.mx\\\/#\\\/schema\\\/person\\\/c77df25c00baae1d4fdc0340db6f364c\",\"name\":\"Leonardo Gutierrez\",\"image\":{\"@type\":\"ImageObject\",\"inLanguage\":\"es\",\"@id\":\"https:\\\/\\\/secure.gravatar.com\\\/avatar\\\/17b13a7a986cc98ca4d7337340bcac5945cbae677961c354aefb3c7962c8cc1f?s=96&d=mm&r=g\",\"url\":\"https:\\\/\\\/secure.gravatar.com\\\/avatar\\\/17b13a7a986cc98ca4d7337340bcac5945cbae677961c354aefb3c7962c8cc1f?s=96&d=mm&r=g\",\"contentUrl\":\"https:\\\/\\\/secure.gravatar.com\\\/avatar\\\/17b13a7a986cc98ca4d7337340bcac5945cbae677961c354aefb3c7962c8cc1f?s=96&d=mm&r=g\",\"caption\":\"Leonardo Gutierrez\"},\"url\":\"https:\\\/\\\/fuentesfidedignas.com.mx\\\/index.php\\\/author\\\/leonardogut\\\/\"}]}<\/script>\n<!-- \/ Yoast SEO plugin. -->","yoast_head_json":{"title":"\"Estamos tranquilos, nosotros no somos opacos\": rector de la UAS - Fuentes Fidedignas","robots":{"index":"index","follow":"follow","max-snippet":"max-snippet:-1","max-image-preview":"max-image-preview:large","max-video-preview":"max-video-preview:-1"},"canonical":"https:\/\/fuentesfidedignas.com.mx\/index.php\/2023\/08\/18\/estamos-tranquilos-nosotros-no-somos-opacos-rector-de-uas-al-llegar-a-la-audiencia-ante-la-fge\/","og_locale":"es_MX","og_type":"article","og_title":"\"Estamos tranquilos, nosotros no somos opacos\": rector de la UAS - Fuentes Fidedignas","og_description":"Se\u00f1al\u00f3 que demostrar\u00e1n con la ley en la mano que la administraci\u00f3n de la UAS no es opaca, sino que es una de las instituciones del estado m\u00e1s transparente. Culiac\u00e1n, Sin.- El rector de la Universidad Aut\u00f3noma de Sinaloa (UAS), Jes\u00fas Madue\u00f1a Molina manifest\u00f3 que se encuentra tranquilos, esto al llegar a la audiencia prevista [&hellip;]","og_url":"https:\/\/fuentesfidedignas.com.mx\/index.php\/2023\/08\/18\/estamos-tranquilos-nosotros-no-somos-opacos-rector-de-uas-al-llegar-a-la-audiencia-ante-la-fge\/","og_site_name":"Fuentes Fidedignas","article_publisher":"https:\/\/www.facebook.com\/Fuentes-Fidedignas-368234489921644","article_published_time":"2023-08-18T16:33:53+00:00","article_modified_time":"2023-08-18T20:59:22+00:00","og_image":[{"width":1024,"height":768,"url":"https:\/\/fuentesfidedignas.com.mx\/wp-content\/uploads\/2023\/08\/WhatsApp-Image-2023-08-18-at-8.26.47-AM.jpeg","type":"image\/jpeg"}],"author":"Leonardo Gutierrez","twitter_card":"summary_large_image","twitter_creator":"@fidedignas","twitter_site":"@fidedignas","twitter_misc":{"Escrito por":"Leonardo Gutierrez","Tiempo de lectura":"2 minutos"},"schema":{"@context":"https:\/\/schema.org","@graph":[{"@type":"Article","@id":"https:\/\/fuentesfidedignas.com.mx\/index.php\/2023\/08\/18\/estamos-tranquilos-nosotros-no-somos-opacos-rector-de-uas-al-llegar-a-la-audiencia-ante-la-fge\/#article","isPartOf":{"@id":"https:\/\/fuentesfidedignas.com.mx\/index.php\/2023\/08\/18\/estamos-tranquilos-nosotros-no-somos-opacos-rector-de-uas-al-llegar-a-la-audiencia-ante-la-fge\/"},"author":{"name":"Leonardo Gutierrez","@id":"https:\/\/fuentesfidedignas.com.mx\/#\/schema\/person\/c77df25c00baae1d4fdc0340db6f364c"},"headline":"&#8220;Estamos tranquilos, nosotros no somos opacos&#8221;: rector de la UAS","datePublished":"2023-08-18T16:33:53+00:00","dateModified":"2023-08-18T20:59:22+00:00","mainEntityOfPage":{"@id":"https:\/\/fuentesfidedignas.com.mx\/index.php\/2023\/08\/18\/estamos-tranquilos-nosotros-no-somos-opacos-rector-de-uas-al-llegar-a-la-audiencia-ante-la-fge\/"},"wordCount":277,"commentCount":0,"publisher":{"@id":"https:\/\/fuentesfidedignas.com.mx\/#organization"},"image":{"@id":"https:\/\/fuentesfidedignas.com.mx\/index.php\/2023\/08\/18\/estamos-tranquilos-nosotros-no-somos-opacos-rector-de-uas-al-llegar-a-la-audiencia-ante-la-fge\/#primaryimage"},"thumbnailUrl":"https:\/\/fuentesfidedignas.com.mx\/wp-content\/uploads\/2023\/08\/WhatsApp-Image-2023-08-18-at-8.26.47-AM.jpeg","articleSection":["NOTA PRINCIPAL"],"inLanguage":"es","potentialAction":[{"@type":"CommentAction","name":"Comment","target":["https:\/\/fuentesfidedignas.com.mx\/index.php\/2023\/08\/18\/estamos-tranquilos-nosotros-no-somos-opacos-rector-de-uas-al-llegar-a-la-audiencia-ante-la-fge\/#respond"]}]},{"@type":"WebPage","@id":"https:\/\/fuentesfidedignas.com.mx\/index.php\/2023\/08\/18\/estamos-tranquilos-nosotros-no-somos-opacos-rector-de-uas-al-llegar-a-la-audiencia-ante-la-fge\/","url":"https:\/\/fuentesfidedignas.com.mx\/index.php\/2023\/08\/18\/estamos-tranquilos-nosotros-no-somos-opacos-rector-de-uas-al-llegar-a-la-audiencia-ante-la-fge\/","name":"\"Estamos tranquilos, nosotros no somos opacos\": rector de la UAS - Fuentes Fidedignas","isPartOf":{"@id":"https:\/\/fuentesfidedignas.com.mx\/#website"},"primaryImageOfPage":{"@id":"https:\/\/fuentesfidedignas.com.mx\/index.php\/2023\/08\/18\/estamos-tranquilos-nosotros-no-somos-opacos-rector-de-uas-al-llegar-a-la-audiencia-ante-la-fge\/#primaryimage"},"image":{"@id":"https:\/\/fuentesfidedignas.com.mx\/index.php\/2023\/08\/18\/estamos-tranquilos-nosotros-no-somos-opacos-rector-de-uas-al-llegar-a-la-audiencia-ante-la-fge\/#primaryimage"},"thumbnailUrl":"https:\/\/fuentesfidedignas.com.mx\/wp-content\/uploads\/2023\/08\/WhatsApp-Image-2023-08-18-at-8.26.47-AM.jpeg","datePublished":"2023-08-18T16:33:53+00:00","dateModified":"2023-08-18T20:59:22+00:00","breadcrumb":{"@id":"https:\/\/fuentesfidedignas.com.mx\/index.php\/2023\/08\/18\/estamos-tranquilos-nosotros-no-somos-opacos-rector-de-uas-al-llegar-a-la-audiencia-ante-la-fge\/#breadcrumb"},"inLanguage":"es","potentialAction":[{"@type":"ReadAction","target":["https:\/\/fuentesfidedignas.com.mx\/index.php\/2023\/08\/18\/estamos-tranquilos-nosotros-no-somos-opacos-rector-de-uas-al-llegar-a-la-audiencia-ante-la-fge\/"]}]},{"@type":"ImageObject","inLanguage":"es","@id":"https:\/\/fuentesfidedignas.com.mx\/index.php\/2023\/08\/18\/estamos-tranquilos-nosotros-no-somos-opacos-rector-de-uas-al-llegar-a-la-audiencia-ante-la-fge\/#primaryimage","url":"https:\/\/fuentesfidedignas.com.mx\/wp-content\/uploads\/2023\/08\/WhatsApp-Image-2023-08-18-at-8.26.47-AM.jpeg","contentUrl":"https:\/\/fuentesfidedignas.com.mx\/wp-content\/uploads\/2023\/08\/WhatsApp-Image-2023-08-18-at-8.26.47-AM.jpeg","width":1024,"height":768},{"@type":"BreadcrumbList","@id":"https:\/\/fuentesfidedignas.com.mx\/index.php\/2023\/08\/18\/estamos-tranquilos-nosotros-no-somos-opacos-rector-de-uas-al-llegar-a-la-audiencia-ante-la-fge\/#breadcrumb","itemListElement":[{"@type":"ListItem","position":1,"name":"Inicio","item":"https:\/\/fuentesfidedignas.com.mx\/"},{"@type":"ListItem","position":2,"name":"&#8220;Estamos tranquilos, nosotros no somos opacos&#8221;: rector de la UAS"}]},{"@type":"WebSite","@id":"https:\/\/fuentesfidedignas.com.mx\/#website","url":"https:\/\/fuentesfidedignas.com.mx\/","name":"Fuentes Fidedignas","description":"Otro sitio realizado con WordPress","publisher":{"@id":"https:\/\/fuentesfidedignas.com.mx\/#organization"},"potentialAction":[{"@type":"SearchAction","target":{"@type":"EntryPoint","urlTemplate":"https:\/\/fuentesfidedignas.com.mx\/?s={search_term_string}"},"query-input":{"@type":"PropertyValueSpecification","valueRequired":true,"valueName":"search_term_string"}}],"inLanguage":"es"},{"@type":"Organization","@id":"https:\/\/fuentesfidedignas.com.mx\/#organization","name":"Fuentes Fidedignas","url":"https:\/\/fuentesfidedignas.com.mx\/","logo":{"@type":"ImageObject","inLanguage":"es","@id":"https:\/\/fuentesfidedignas.com.mx\/#\/schema\/logo\/image\/","url":"https:\/\/fuentesfidedignas.com.mx\/wp-content\/uploads\/2021\/04\/logo-retina.png","contentUrl":"https:\/\/fuentesfidedignas.com.mx\/wp-content\/uploads\/2021\/04\/logo-retina.png","width":280,"height":51,"caption":"Fuentes Fidedignas"},"image":{"@id":"https:\/\/fuentesfidedignas.com.mx\/#\/schema\/logo\/image\/"},"sameAs":["https:\/\/www.facebook.com\/Fuentes-Fidedignas-368234489921644","https:\/\/x.com\/fidedignas"]},{"@type":"Person","@id":"https:\/\/fuentesfidedignas.com.mx\/#\/schema\/person\/c77df25c00baae1d4fdc0340db6f364c","name":"Leonardo Gutierrez","image":{"@type":"ImageObject","inLanguage":"es","@id":"https:\/\/secure.gravatar.com\/avatar\/17b13a7a986cc98ca4d7337340bcac5945cbae677961c354aefb3c7962c8cc1f?s=96&d=mm&r=g","url":"https:\/\/secure.gravatar.com\/avatar\/17b13a7a986cc98ca4d7337340bcac5945cbae677961c354aefb3c7962c8cc1f?s=96&d=mm&r=g","contentUrl":"https:\/\/secure.gravatar.com\/avatar\/17b13a7a986cc98ca4d7337340bcac5945cbae677961c354aefb3c7962c8cc1f?s=96&d=mm&r=g","caption":"Leonardo Gutierrez"},"url":"https:\/\/fuentesfidedignas.com.mx\/index.php\/author\/leonardogut\/"}]}},"_links":{"self":[{"href":"https:\/\/fuentesfidedignas.com.mx\/index.php\/wp-json\/wp\/v2\/posts\/55835","targetHints":{"allow":["GET"]}}],"collection":[{"href":"https:\/\/fuentesfidedignas.com.mx\/index.php\/wp-json\/wp\/v2\/posts"}],"about":[{"href":"https:\/\/fuentesfidedignas.com.mx\/index.php\/wp-json\/wp\/v2\/types\/post"}],"author":[{"embeddable":true,"href":"https:\/\/fuentesfidedignas.com.mx\/index.php\/wp-json\/wp\/v2\/users\/112"}],"replies":[{"embeddable":true,"href":"https:\/\/fuentesfidedignas.com.mx\/index.php\/wp-json\/wp\/v2\/comments?post=55835"}],"version-history":[{"count":8,"href":"https:\/\/fuentesfidedignas.com.mx\/index.php\/wp-json\/wp\/v2\/posts\/55835\/revisions"}],"predecessor-version":[{"id":55881,"href":"https:\/\/fuentesfidedignas.com.mx\/index.php\/wp-json\/wp\/v2\/posts\/55835\/revisions\/55881"}],"wp:featuredmedia":[{"embeddable":true,"href":"https:\/\/fuentesfidedignas.com.mx\/index.php\/wp-json\/wp\/v2\/media\/55836"}],"wp:attachment":[{"href":"https:\/\/fuentesfidedignas.com.mx\/index.php\/wp-json\/wp\/v2\/media?parent=55835"}],"wp:term":[{"taxonomy":"category","embeddable":true,"href":"https:\/\/fuentesfidedignas.com.mx\/index.php\/wp-json\/wp\/v2\/categories?post=55835"},{"taxonomy":"post_tag","embeddable":true,"href":"https:\/\/fuentesfidedignas.com.mx\/index.php\/wp-json\/wp\/v2\/tags?post=55835"}],"curies":[{"name":"wp","href":"https:\/\/api.w.org\/{rel}","templated":true}]}}