{"id":55742,"date":"2023-08-17T13:59:45","date_gmt":"2023-08-17T20:59:45","guid":{"rendered":"https:\/\/fuentesfidedignas.com.mx\/?p=55742"},"modified":"2023-08-17T17:37:15","modified_gmt":"2023-08-18T00:37:15","slug":"en-cuestion-de-horas-hilary-se-convierte-en-huracan-categoria-2","status":"publish","type":"post","link":"https:\/\/fuentesfidedignas.com.mx\/index.php\/2023\/08\/17\/en-cuestion-de-horas-hilary-se-convierte-en-huracan-categoria-2\/","title":{"rendered":"En cuesti\u00f3n de horas, \u2018Hilary\u2019 se convierte en hurac\u00e1n categor\u00eda 2"},"content":{"rendered":"\n<p><strong><em>La Conagua inform\u00f3 que el hurac\u00e1n \u2018Hilary\u2019 se encuentra a 540 kil\u00f3metros de Playas P\u00e9rulas, en Jalisco, y ocasionar\u00e1 lluvias en al menos 14 estados<\/em><\/strong><\/p>\n\n\n\n<p>Culiac\u00e1n Sin. Horas despu\u00e9s de que alcanz\u00f3 la categor\u00eda 1,\u00a0<a href=\"https:\/\/www.elfinanciero.com.mx\/nacional\/2023\/08\/17\/hilary-se-convierte-en-huracan-categoria-1-cual-es-su-trayectoria-y-que-estados-afectara\/\">el hurac\u00e1n \u2018Hilary\u2019 cobr\u00f3 m\u00e1s fuerza<\/a>\u00a0y\u00a0<strong>se elev\u00f3 a categor\u00eda 2<\/strong>, de acuerdo con el Centro Nacional de Huracanes de Estados Unidos (NHC).<\/p>\n\n\n\n<p>La alerta emitida por el\u00a0<a href=\"https:\/\/www.nhc.noaa.gov\/text\/refresh\/MIATCPEP4+shtml\/171740.shtml\">Centro Nacional de Huracanes de EU<\/a>\u00a0se\u00f1ala que\u00a0<strong>se prev\u00e9 que el fen\u00f3meno meteorol\u00f3gico cobre a\u00fan m\u00e1s fuerza a lo largo de este jueves<\/strong>\u00a017 de agosto, por lo que no descartan que vuelva a subir de categor\u00eda.<\/p>\n\n\n\n<figure class=\"wp-block-image size-full\"><img decoding=\"async\" width=\"744\" height=\"1024\" src=\"https:\/\/fuentesfidedignas.com.mx\/wp-content\/uploads\/2023\/08\/image-12.png\" alt=\"\" class=\"wp-image-55744\" srcset=\"https:\/\/fuentesfidedignas.com.mx\/wp-content\/uploads\/2023\/08\/image-12.png 744w, https:\/\/fuentesfidedignas.com.mx\/wp-content\/uploads\/2023\/08\/image-12-218x300.png 218w\" sizes=\"(max-width: 744px) 100vw, 744px\" \/><\/figure>\n\n\n\n<p>De acuerdo con el NHC, hasta las 12:00 horas de este jueves,&nbsp;<strong>el hurac\u00e1n \u2018Hilary\u2019 se ubicaba al sur sureste de Cabo San Lucas<\/strong>, en Baja California Sur.<\/p>\n\n\n\n<h2 class=\"wp-block-heading\">\u00bfD\u00f3nde est\u00e1 el \u2018ojo\u2018 del hurac\u00e1n \u2018Hilary\u2019?<\/h2>\n\n\n\n<figure class=\"wp-block-image\"><img decoding=\"async\" src=\"https:\/\/www.elfinanciero.com.mx\/resizer\/DN3XXLglqoSvHIGI9YS1-9V3L8M=\/400x267\/filters:format(jpg):quality(70)\/cloudfront-us-east-1.images.arcpublishing.com\/elfinanciero\/APYBXUB2YFBTRBOOOXATBTNKUM.jpeg\" alt=\"La Conagua detall\u00f3 que el hurac\u00e1n 'Hilary' se encuentra a 540 km al suroeste de Playa P\u00e9rula, en Jalisco.\"\/><figcaption class=\"wp-element-caption\">La Conagua detall\u00f3 que el hurac\u00e1n &#8216;Hilary&#8217; se encuentra a 540 km al suroeste de Playa P\u00e9rula, en Jalisco.&nbsp;(NHC.com)<\/figcaption><\/figure>\n\n\n\n<p>La Comisi\u00f3n Nacional del Agua (<a href=\"https:\/\/www.elfinanciero.com.mx\/nacional\/2023\/08\/15\/tormenta-tropical-hilary-con-posibilidad-de-huracan-lluvias-en-vivo\/\">Conagua<\/a>) tambi\u00e9n inform\u00f3 que \u2018Hilary\u2019 intensific\u00f3 su fuerza y\u00a0<strong>se convirti\u00f3 en hurac\u00e1n categor\u00eda 2 en la escala Saffir Simpson<\/strong>.<\/p>\n\n\n\n<p>En un reporte emitido a las 12:00 horas de este jueves, Conagua detall\u00f3 que\u00a0<strong>el hurac\u00e1n \u2018Hilary\u2019 se ubica a 540 kil\u00f3metros al suroeste de Playas P\u00e9rulas, en Jalisco<\/strong>. Por esa raz\u00f3n, se esperan lluvias de intensas a fuertes y rachas de vientos, as\u00ed como oleaje elevado en las costas del occidente de M\u00e9xico.<\/p>\n\n\n\n<p>Tras informar que el fen\u00f3meno meteorol\u00f3gico hab\u00eda cobrado m\u00e1s intensidad, la Conagua alert\u00f3 que el hurac\u00e1n \u2018Hilary\u2019 provocar\u00e1 lluvias en estados del occidente y centro del pa\u00eds.<\/p>\n\n\n\n<p>Agreg\u00f3 que&nbsp;<strong>\u2018Hilary\u2019 registra rachas de viento de hasta 205 kil\u00f3metros por hora<\/strong>&nbsp;y se desplaza hacia el oeste-noroeste a 22 kil\u00f3metros por hora.<\/p>\n\n\n\n<p>Debido a sus bandas nubosas, en las pr\u00f3ximas horas&nbsp;<strong>se esperan lluvias intensas en<\/strong>: Colima,&nbsp;<a href=\"https:\/\/www.elfinanciero.com.mx\/estados\/2023\/08\/16\/desaparecidos-lagos-de-moreno-carteles-cjng-cartel-de-sinaloa\/\">Jalisco<\/a>, Michoac\u00e1n y Nayarit.<\/p>\n\n\n\n<p>Adem\u00e1s,&nbsp;<strong>se prev\u00e9n lluvias muy fuertes en Guerrero y Sinaloa<\/strong>; fuertes en&nbsp;<a href=\"https:\/\/www.elfinanciero.com.mx\/cdmx\/2023\/08\/17\/jueves-de-lluvia-frio-y-granizo-en-cdmx-este-es-el-pronostico-del-clima-este-17-de-agosto\/\">Ciudad de M\u00e9xico<\/a>, el sur de Durango, Estado de M\u00e9xico, el sur de Guanajuato, Morelos y el sur de Zacatecas.<\/p>\n\n\n\n<p>Otros estados en los que se resentir\u00e1n los efectos del hurac\u00e1n \u2018Hilary\u2019 ser\u00e1n: Aguascalientes y Baja California Sur.<\/p>\n","protected":false},"excerpt":{"rendered":"<p>La Conagua inform\u00f3 que el hurac\u00e1n \u2018Hilary\u2019 se encuentra a 540 kil\u00f3metros de Playas P\u00e9rulas, en Jalisco, y ocasionar\u00e1 lluvias en al menos 14 estados Culiac\u00e1n Sin. Horas despu\u00e9s de que alcanz\u00f3 la categor\u00eda 1,\u00a0el hurac\u00e1n \u2018Hilary\u2019 cobr\u00f3 m\u00e1s fuerza\u00a0y\u00a0se elev\u00f3 a categor\u00eda 2, de acuerdo con el Centro Nacional de Huracanes de Estados Unidos [&hellip;]<\/p>\n","protected":false},"author":21,"featured_media":55746,"comment_status":"open","ping_status":"open","sticky":false,"template":"","format":"standard","meta":{"tdm_status":"","tdm_grid_status":"","footnotes":""},"categories":[1],"tags":[],"class_list":{"0":"post-55742","1":"post","2":"type-post","3":"status-publish","4":"format-standard","5":"has-post-thumbnail","7":"category-sin-categoria"},"yoast_head":"<!-- This site is optimized with the Yoast SEO plugin v27.5 - https:\/\/yoast.com\/product\/yoast-seo-wordpress\/ -->\n<title>En cuesti\u00f3n de horas, \u2018Hilary\u2019 se convierte en hurac\u00e1n categor\u00eda 2 - Fuentes Fidedignas<\/title>\n<meta name=\"robots\" content=\"index, follow, max-snippet:-1, max-image-preview:large, max-video-preview:-1\" \/>\n<link rel=\"canonical\" href=\"https:\/\/fuentesfidedignas.com.mx\/index.php\/2023\/08\/17\/en-cuestion-de-horas-hilary-se-convierte-en-huracan-categoria-2\/\" \/>\n<meta property=\"og:locale\" content=\"es_MX\" \/>\n<meta property=\"og:type\" content=\"article\" \/>\n<meta property=\"og:title\" content=\"En cuesti\u00f3n de horas, \u2018Hilary\u2019 se convierte en hurac\u00e1n categor\u00eda 2 - Fuentes Fidedignas\" \/>\n<meta property=\"og:description\" content=\"La Conagua inform\u00f3 que el hurac\u00e1n \u2018Hilary\u2019 se encuentra a 540 kil\u00f3metros de Playas P\u00e9rulas, en Jalisco, y ocasionar\u00e1 lluvias en al menos 14 estados Culiac\u00e1n Sin. Horas despu\u00e9s de que alcanz\u00f3 la categor\u00eda 1,\u00a0el hurac\u00e1n \u2018Hilary\u2019 cobr\u00f3 m\u00e1s fuerza\u00a0y\u00a0se elev\u00f3 a categor\u00eda 2, de acuerdo con el Centro Nacional de Huracanes de Estados Unidos [&hellip;]\" \/>\n<meta property=\"og:url\" content=\"https:\/\/fuentesfidedignas.com.mx\/index.php\/2023\/08\/17\/en-cuestion-de-horas-hilary-se-convierte-en-huracan-categoria-2\/\" \/>\n<meta property=\"og:site_name\" content=\"Fuentes Fidedignas\" \/>\n<meta property=\"article:publisher\" content=\"https:\/\/www.facebook.com\/Fuentes-Fidedignas-368234489921644\" \/>\n<meta property=\"article:published_time\" content=\"2023-08-17T20:59:45+00:00\" \/>\n<meta property=\"article:modified_time\" content=\"2023-08-18T00:37:15+00:00\" \/>\n<meta property=\"og:image\" content=\"https:\/\/fuentesfidedignas.com.mx\/wp-content\/uploads\/2023\/08\/images-14.jpeg\" \/>\n\t<meta property=\"og:image:width\" content=\"701\" \/>\n\t<meta property=\"og:image:height\" content=\"437\" \/>\n\t<meta property=\"og:image:type\" content=\"image\/jpeg\" \/>\n<meta name=\"author\" content=\"El Financiero\" \/>\n<meta name=\"twitter:card\" content=\"summary_large_image\" \/>\n<meta name=\"twitter:creator\" content=\"@fidedignas\" \/>\n<meta name=\"twitter:site\" content=\"@fidedignas\" \/>\n<meta name=\"twitter:label1\" content=\"Escrito por\" \/>\n\t<meta name=\"twitter:data1\" content=\"El Financiero\" \/>\n\t<meta name=\"twitter:label2\" content=\"Tiempo de lectura\" \/>\n\t<meta name=\"twitter:data2\" content=\"3 minutos\" \/>\n<script type=\"application\/ld+json\" class=\"yoast-schema-graph\">{\"@context\":\"https:\\\/\\\/schema.org\",\"@graph\":[{\"@type\":\"Article\",\"@id\":\"https:\\\/\\\/fuentesfidedignas.com.mx\\\/index.php\\\/2023\\\/08\\\/17\\\/en-cuestion-de-horas-hilary-se-convierte-en-huracan-categoria-2\\\/#article\",\"isPartOf\":{\"@id\":\"https:\\\/\\\/fuentesfidedignas.com.mx\\\/index.php\\\/2023\\\/08\\\/17\\\/en-cuestion-de-horas-hilary-se-convierte-en-huracan-categoria-2\\\/\"},\"author\":{\"name\":\"El Financiero\",\"@id\":\"https:\\\/\\\/fuentesfidedignas.com.mx\\\/#\\\/schema\\\/person\\\/494f7e0dce8dfaaec5b64f16615b78e9\"},\"headline\":\"En cuesti\u00f3n de horas, \u2018Hilary\u2019 se convierte en hurac\u00e1n categor\u00eda 2\",\"datePublished\":\"2023-08-17T20:59:45+00:00\",\"dateModified\":\"2023-08-18T00:37:15+00:00\",\"mainEntityOfPage\":{\"@id\":\"https:\\\/\\\/fuentesfidedignas.com.mx\\\/index.php\\\/2023\\\/08\\\/17\\\/en-cuestion-de-horas-hilary-se-convierte-en-huracan-categoria-2\\\/\"},\"wordCount\":412,\"commentCount\":0,\"publisher\":{\"@id\":\"https:\\\/\\\/fuentesfidedignas.com.mx\\\/#organization\"},\"image\":{\"@id\":\"https:\\\/\\\/fuentesfidedignas.com.mx\\\/index.php\\\/2023\\\/08\\\/17\\\/en-cuestion-de-horas-hilary-se-convierte-en-huracan-categoria-2\\\/#primaryimage\"},\"thumbnailUrl\":\"https:\\\/\\\/fuentesfidedignas.com.mx\\\/wp-content\\\/uploads\\\/2023\\\/08\\\/images-14.jpeg\",\"inLanguage\":\"es\",\"potentialAction\":[{\"@type\":\"CommentAction\",\"name\":\"Comment\",\"target\":[\"https:\\\/\\\/fuentesfidedignas.com.mx\\\/index.php\\\/2023\\\/08\\\/17\\\/en-cuestion-de-horas-hilary-se-convierte-en-huracan-categoria-2\\\/#respond\"]}]},{\"@type\":\"WebPage\",\"@id\":\"https:\\\/\\\/fuentesfidedignas.com.mx\\\/index.php\\\/2023\\\/08\\\/17\\\/en-cuestion-de-horas-hilary-se-convierte-en-huracan-categoria-2\\\/\",\"url\":\"https:\\\/\\\/fuentesfidedignas.com.mx\\\/index.php\\\/2023\\\/08\\\/17\\\/en-cuestion-de-horas-hilary-se-convierte-en-huracan-categoria-2\\\/\",\"name\":\"En cuesti\u00f3n de horas, \u2018Hilary\u2019 se convierte en hurac\u00e1n categor\u00eda 2 - Fuentes Fidedignas\",\"isPartOf\":{\"@id\":\"https:\\\/\\\/fuentesfidedignas.com.mx\\\/#website\"},\"primaryImageOfPage\":{\"@id\":\"https:\\\/\\\/fuentesfidedignas.com.mx\\\/index.php\\\/2023\\\/08\\\/17\\\/en-cuestion-de-horas-hilary-se-convierte-en-huracan-categoria-2\\\/#primaryimage\"},\"image\":{\"@id\":\"https:\\\/\\\/fuentesfidedignas.com.mx\\\/index.php\\\/2023\\\/08\\\/17\\\/en-cuestion-de-horas-hilary-se-convierte-en-huracan-categoria-2\\\/#primaryimage\"},\"thumbnailUrl\":\"https:\\\/\\\/fuentesfidedignas.com.mx\\\/wp-content\\\/uploads\\\/2023\\\/08\\\/images-14.jpeg\",\"datePublished\":\"2023-08-17T20:59:45+00:00\",\"dateModified\":\"2023-08-18T00:37:15+00:00\",\"breadcrumb\":{\"@id\":\"https:\\\/\\\/fuentesfidedignas.com.mx\\\/index.php\\\/2023\\\/08\\\/17\\\/en-cuestion-de-horas-hilary-se-convierte-en-huracan-categoria-2\\\/#breadcrumb\"},\"inLanguage\":\"es\",\"potentialAction\":[{\"@type\":\"ReadAction\",\"target\":[\"https:\\\/\\\/fuentesfidedignas.com.mx\\\/index.php\\\/2023\\\/08\\\/17\\\/en-cuestion-de-horas-hilary-se-convierte-en-huracan-categoria-2\\\/\"]}]},{\"@type\":\"ImageObject\",\"inLanguage\":\"es\",\"@id\":\"https:\\\/\\\/fuentesfidedignas.com.mx\\\/index.php\\\/2023\\\/08\\\/17\\\/en-cuestion-de-horas-hilary-se-convierte-en-huracan-categoria-2\\\/#primaryimage\",\"url\":\"https:\\\/\\\/fuentesfidedignas.com.mx\\\/wp-content\\\/uploads\\\/2023\\\/08\\\/images-14.jpeg\",\"contentUrl\":\"https:\\\/\\\/fuentesfidedignas.com.mx\\\/wp-content\\\/uploads\\\/2023\\\/08\\\/images-14.jpeg\",\"width\":701,\"height\":437},{\"@type\":\"BreadcrumbList\",\"@id\":\"https:\\\/\\\/fuentesfidedignas.com.mx\\\/index.php\\\/2023\\\/08\\\/17\\\/en-cuestion-de-horas-hilary-se-convierte-en-huracan-categoria-2\\\/#breadcrumb\",\"itemListElement\":[{\"@type\":\"ListItem\",\"position\":1,\"name\":\"Inicio\",\"item\":\"https:\\\/\\\/fuentesfidedignas.com.mx\\\/\"},{\"@type\":\"ListItem\",\"position\":2,\"name\":\"En cuesti\u00f3n de horas, \u2018Hilary\u2019 se convierte en hurac\u00e1n categor\u00eda 2\"}]},{\"@type\":\"WebSite\",\"@id\":\"https:\\\/\\\/fuentesfidedignas.com.mx\\\/#website\",\"url\":\"https:\\\/\\\/fuentesfidedignas.com.mx\\\/\",\"name\":\"Fuentes Fidedignas\",\"description\":\"Otro sitio realizado con WordPress\",\"publisher\":{\"@id\":\"https:\\\/\\\/fuentesfidedignas.com.mx\\\/#organization\"},\"potentialAction\":[{\"@type\":\"SearchAction\",\"target\":{\"@type\":\"EntryPoint\",\"urlTemplate\":\"https:\\\/\\\/fuentesfidedignas.com.mx\\\/?s={search_term_string}\"},\"query-input\":{\"@type\":\"PropertyValueSpecification\",\"valueRequired\":true,\"valueName\":\"search_term_string\"}}],\"inLanguage\":\"es\"},{\"@type\":\"Organization\",\"@id\":\"https:\\\/\\\/fuentesfidedignas.com.mx\\\/#organization\",\"name\":\"Fuentes Fidedignas\",\"url\":\"https:\\\/\\\/fuentesfidedignas.com.mx\\\/\",\"logo\":{\"@type\":\"ImageObject\",\"inLanguage\":\"es\",\"@id\":\"https:\\\/\\\/fuentesfidedignas.com.mx\\\/#\\\/schema\\\/logo\\\/image\\\/\",\"url\":\"https:\\\/\\\/fuentesfidedignas.com.mx\\\/wp-content\\\/uploads\\\/2021\\\/04\\\/logo-retina.png\",\"contentUrl\":\"https:\\\/\\\/fuentesfidedignas.com.mx\\\/wp-content\\\/uploads\\\/2021\\\/04\\\/logo-retina.png\",\"width\":280,\"height\":51,\"caption\":\"Fuentes Fidedignas\"},\"image\":{\"@id\":\"https:\\\/\\\/fuentesfidedignas.com.mx\\\/#\\\/schema\\\/logo\\\/image\\\/\"},\"sameAs\":[\"https:\\\/\\\/www.facebook.com\\\/Fuentes-Fidedignas-368234489921644\",\"https:\\\/\\\/x.com\\\/fidedignas\"]},{\"@type\":\"Person\",\"@id\":\"https:\\\/\\\/fuentesfidedignas.com.mx\\\/#\\\/schema\\\/person\\\/494f7e0dce8dfaaec5b64f16615b78e9\",\"name\":\"El Financiero\",\"image\":{\"@type\":\"ImageObject\",\"inLanguage\":\"es\",\"@id\":\"https:\\\/\\\/secure.gravatar.com\\\/avatar\\\/88c0f3f2079389318ef8dd35c22cb997212aa89646e357ba59b318db26ed91a9?s=96&d=mm&r=g\",\"url\":\"https:\\\/\\\/secure.gravatar.com\\\/avatar\\\/88c0f3f2079389318ef8dd35c22cb997212aa89646e357ba59b318db26ed91a9?s=96&d=mm&r=g\",\"contentUrl\":\"https:\\\/\\\/secure.gravatar.com\\\/avatar\\\/88c0f3f2079389318ef8dd35c22cb997212aa89646e357ba59b318db26ed91a9?s=96&d=mm&r=g\",\"caption\":\"El Financiero\"},\"url\":\"https:\\\/\\\/fuentesfidedignas.com.mx\\\/index.php\\\/author\\\/financiero\\\/\"}]}<\/script>\n<!-- \/ Yoast SEO plugin. -->","yoast_head_json":{"title":"En cuesti\u00f3n de horas, \u2018Hilary\u2019 se convierte en hurac\u00e1n categor\u00eda 2 - Fuentes Fidedignas","robots":{"index":"index","follow":"follow","max-snippet":"max-snippet:-1","max-image-preview":"max-image-preview:large","max-video-preview":"max-video-preview:-1"},"canonical":"https:\/\/fuentesfidedignas.com.mx\/index.php\/2023\/08\/17\/en-cuestion-de-horas-hilary-se-convierte-en-huracan-categoria-2\/","og_locale":"es_MX","og_type":"article","og_title":"En cuesti\u00f3n de horas, \u2018Hilary\u2019 se convierte en hurac\u00e1n categor\u00eda 2 - Fuentes Fidedignas","og_description":"La Conagua inform\u00f3 que el hurac\u00e1n \u2018Hilary\u2019 se encuentra a 540 kil\u00f3metros de Playas P\u00e9rulas, en Jalisco, y ocasionar\u00e1 lluvias en al menos 14 estados Culiac\u00e1n Sin. Horas despu\u00e9s de que alcanz\u00f3 la categor\u00eda 1,\u00a0el hurac\u00e1n \u2018Hilary\u2019 cobr\u00f3 m\u00e1s fuerza\u00a0y\u00a0se elev\u00f3 a categor\u00eda 2, de acuerdo con el Centro Nacional de Huracanes de Estados Unidos [&hellip;]","og_url":"https:\/\/fuentesfidedignas.com.mx\/index.php\/2023\/08\/17\/en-cuestion-de-horas-hilary-se-convierte-en-huracan-categoria-2\/","og_site_name":"Fuentes Fidedignas","article_publisher":"https:\/\/www.facebook.com\/Fuentes-Fidedignas-368234489921644","article_published_time":"2023-08-17T20:59:45+00:00","article_modified_time":"2023-08-18T00:37:15+00:00","og_image":[{"width":701,"height":437,"url":"https:\/\/fuentesfidedignas.com.mx\/wp-content\/uploads\/2023\/08\/images-14.jpeg","type":"image\/jpeg"}],"author":"El Financiero","twitter_card":"summary_large_image","twitter_creator":"@fidedignas","twitter_site":"@fidedignas","twitter_misc":{"Escrito por":"El Financiero","Tiempo de lectura":"3 minutos"},"schema":{"@context":"https:\/\/schema.org","@graph":[{"@type":"Article","@id":"https:\/\/fuentesfidedignas.com.mx\/index.php\/2023\/08\/17\/en-cuestion-de-horas-hilary-se-convierte-en-huracan-categoria-2\/#article","isPartOf":{"@id":"https:\/\/fuentesfidedignas.com.mx\/index.php\/2023\/08\/17\/en-cuestion-de-horas-hilary-se-convierte-en-huracan-categoria-2\/"},"author":{"name":"El Financiero","@id":"https:\/\/fuentesfidedignas.com.mx\/#\/schema\/person\/494f7e0dce8dfaaec5b64f16615b78e9"},"headline":"En cuesti\u00f3n de horas, \u2018Hilary\u2019 se convierte en hurac\u00e1n categor\u00eda 2","datePublished":"2023-08-17T20:59:45+00:00","dateModified":"2023-08-18T00:37:15+00:00","mainEntityOfPage":{"@id":"https:\/\/fuentesfidedignas.com.mx\/index.php\/2023\/08\/17\/en-cuestion-de-horas-hilary-se-convierte-en-huracan-categoria-2\/"},"wordCount":412,"commentCount":0,"publisher":{"@id":"https:\/\/fuentesfidedignas.com.mx\/#organization"},"image":{"@id":"https:\/\/fuentesfidedignas.com.mx\/index.php\/2023\/08\/17\/en-cuestion-de-horas-hilary-se-convierte-en-huracan-categoria-2\/#primaryimage"},"thumbnailUrl":"https:\/\/fuentesfidedignas.com.mx\/wp-content\/uploads\/2023\/08\/images-14.jpeg","inLanguage":"es","potentialAction":[{"@type":"CommentAction","name":"Comment","target":["https:\/\/fuentesfidedignas.com.mx\/index.php\/2023\/08\/17\/en-cuestion-de-horas-hilary-se-convierte-en-huracan-categoria-2\/#respond"]}]},{"@type":"WebPage","@id":"https:\/\/fuentesfidedignas.com.mx\/index.php\/2023\/08\/17\/en-cuestion-de-horas-hilary-se-convierte-en-huracan-categoria-2\/","url":"https:\/\/fuentesfidedignas.com.mx\/index.php\/2023\/08\/17\/en-cuestion-de-horas-hilary-se-convierte-en-huracan-categoria-2\/","name":"En cuesti\u00f3n de horas, \u2018Hilary\u2019 se convierte en hurac\u00e1n categor\u00eda 2 - Fuentes Fidedignas","isPartOf":{"@id":"https:\/\/fuentesfidedignas.com.mx\/#website"},"primaryImageOfPage":{"@id":"https:\/\/fuentesfidedignas.com.mx\/index.php\/2023\/08\/17\/en-cuestion-de-horas-hilary-se-convierte-en-huracan-categoria-2\/#primaryimage"},"image":{"@id":"https:\/\/fuentesfidedignas.com.mx\/index.php\/2023\/08\/17\/en-cuestion-de-horas-hilary-se-convierte-en-huracan-categoria-2\/#primaryimage"},"thumbnailUrl":"https:\/\/fuentesfidedignas.com.mx\/wp-content\/uploads\/2023\/08\/images-14.jpeg","datePublished":"2023-08-17T20:59:45+00:00","dateModified":"2023-08-18T00:37:15+00:00","breadcrumb":{"@id":"https:\/\/fuentesfidedignas.com.mx\/index.php\/2023\/08\/17\/en-cuestion-de-horas-hilary-se-convierte-en-huracan-categoria-2\/#breadcrumb"},"inLanguage":"es","potentialAction":[{"@type":"ReadAction","target":["https:\/\/fuentesfidedignas.com.mx\/index.php\/2023\/08\/17\/en-cuestion-de-horas-hilary-se-convierte-en-huracan-categoria-2\/"]}]},{"@type":"ImageObject","inLanguage":"es","@id":"https:\/\/fuentesfidedignas.com.mx\/index.php\/2023\/08\/17\/en-cuestion-de-horas-hilary-se-convierte-en-huracan-categoria-2\/#primaryimage","url":"https:\/\/fuentesfidedignas.com.mx\/wp-content\/uploads\/2023\/08\/images-14.jpeg","contentUrl":"https:\/\/fuentesfidedignas.com.mx\/wp-content\/uploads\/2023\/08\/images-14.jpeg","width":701,"height":437},{"@type":"BreadcrumbList","@id":"https:\/\/fuentesfidedignas.com.mx\/index.php\/2023\/08\/17\/en-cuestion-de-horas-hilary-se-convierte-en-huracan-categoria-2\/#breadcrumb","itemListElement":[{"@type":"ListItem","position":1,"name":"Inicio","item":"https:\/\/fuentesfidedignas.com.mx\/"},{"@type":"ListItem","position":2,"name":"En cuesti\u00f3n de horas, \u2018Hilary\u2019 se convierte en hurac\u00e1n categor\u00eda 2"}]},{"@type":"WebSite","@id":"https:\/\/fuentesfidedignas.com.mx\/#website","url":"https:\/\/fuentesfidedignas.com.mx\/","name":"Fuentes Fidedignas","description":"Otro sitio realizado con WordPress","publisher":{"@id":"https:\/\/fuentesfidedignas.com.mx\/#organization"},"potentialAction":[{"@type":"SearchAction","target":{"@type":"EntryPoint","urlTemplate":"https:\/\/fuentesfidedignas.com.mx\/?s={search_term_string}"},"query-input":{"@type":"PropertyValueSpecification","valueRequired":true,"valueName":"search_term_string"}}],"inLanguage":"es"},{"@type":"Organization","@id":"https:\/\/fuentesfidedignas.com.mx\/#organization","name":"Fuentes Fidedignas","url":"https:\/\/fuentesfidedignas.com.mx\/","logo":{"@type":"ImageObject","inLanguage":"es","@id":"https:\/\/fuentesfidedignas.com.mx\/#\/schema\/logo\/image\/","url":"https:\/\/fuentesfidedignas.com.mx\/wp-content\/uploads\/2021\/04\/logo-retina.png","contentUrl":"https:\/\/fuentesfidedignas.com.mx\/wp-content\/uploads\/2021\/04\/logo-retina.png","width":280,"height":51,"caption":"Fuentes Fidedignas"},"image":{"@id":"https:\/\/fuentesfidedignas.com.mx\/#\/schema\/logo\/image\/"},"sameAs":["https:\/\/www.facebook.com\/Fuentes-Fidedignas-368234489921644","https:\/\/x.com\/fidedignas"]},{"@type":"Person","@id":"https:\/\/fuentesfidedignas.com.mx\/#\/schema\/person\/494f7e0dce8dfaaec5b64f16615b78e9","name":"El Financiero","image":{"@type":"ImageObject","inLanguage":"es","@id":"https:\/\/secure.gravatar.com\/avatar\/88c0f3f2079389318ef8dd35c22cb997212aa89646e357ba59b318db26ed91a9?s=96&d=mm&r=g","url":"https:\/\/secure.gravatar.com\/avatar\/88c0f3f2079389318ef8dd35c22cb997212aa89646e357ba59b318db26ed91a9?s=96&d=mm&r=g","contentUrl":"https:\/\/secure.gravatar.com\/avatar\/88c0f3f2079389318ef8dd35c22cb997212aa89646e357ba59b318db26ed91a9?s=96&d=mm&r=g","caption":"El Financiero"},"url":"https:\/\/fuentesfidedignas.com.mx\/index.php\/author\/financiero\/"}]}},"_links":{"self":[{"href":"https:\/\/fuentesfidedignas.com.mx\/index.php\/wp-json\/wp\/v2\/posts\/55742","targetHints":{"allow":["GET"]}}],"collection":[{"href":"https:\/\/fuentesfidedignas.com.mx\/index.php\/wp-json\/wp\/v2\/posts"}],"about":[{"href":"https:\/\/fuentesfidedignas.com.mx\/index.php\/wp-json\/wp\/v2\/types\/post"}],"author":[{"embeddable":true,"href":"https:\/\/fuentesfidedignas.com.mx\/index.php\/wp-json\/wp\/v2\/users\/21"}],"replies":[{"embeddable":true,"href":"https:\/\/fuentesfidedignas.com.mx\/index.php\/wp-json\/wp\/v2\/comments?post=55742"}],"version-history":[{"count":1,"href":"https:\/\/fuentesfidedignas.com.mx\/index.php\/wp-json\/wp\/v2\/posts\/55742\/revisions"}],"predecessor-version":[{"id":55745,"href":"https:\/\/fuentesfidedignas.com.mx\/index.php\/wp-json\/wp\/v2\/posts\/55742\/revisions\/55745"}],"wp:featuredmedia":[{"embeddable":true,"href":"https:\/\/fuentesfidedignas.com.mx\/index.php\/wp-json\/wp\/v2\/media\/55746"}],"wp:attachment":[{"href":"https:\/\/fuentesfidedignas.com.mx\/index.php\/wp-json\/wp\/v2\/media?parent=55742"}],"wp:term":[{"taxonomy":"category","embeddable":true,"href":"https:\/\/fuentesfidedignas.com.mx\/index.php\/wp-json\/wp\/v2\/categories?post=55742"},{"taxonomy":"post_tag","embeddable":true,"href":"https:\/\/fuentesfidedignas.com.mx\/index.php\/wp-json\/wp\/v2\/tags?post=55742"}],"curies":[{"name":"wp","href":"https:\/\/api.w.org\/{rel}","templated":true}]}}