{"id":55688,"date":"2023-08-17T09:01:23","date_gmt":"2023-08-17T16:01:23","guid":{"rendered":"https:\/\/fuentesfidedignas.com.mx\/?p=55688"},"modified":"2023-08-17T09:02:07","modified_gmt":"2023-08-17T16:02:07","slug":"se-acabo-el-dedazo-amlo-responde-a-acusacion-de-ebrard-de-acarreo-a-favor-de-sheinbaum","status":"publish","type":"post","link":"https:\/\/fuentesfidedignas.com.mx\/index.php\/2023\/08\/17\/se-acabo-el-dedazo-amlo-responde-a-acusacion-de-ebrard-de-acarreo-a-favor-de-sheinbaum\/","title":{"rendered":"\u2018Se acab\u00f3 el dedazo\u2019: AMLO responde a acusaci\u00f3n de Ebrard de \u2018acarreo\u2019 a favor de Sheinbaum"},"content":{"rendered":"\n<p><strong><em>&#8216;Hay la instrucci\u00f3n de que no se use al Gobierno ni mucho menos el presupuesto para favorecer a nadie\u2019, dijo el presidente sobre el se\u00f1alamiento del excanciller<\/em><\/strong><\/p>\n\n\n\n<p>Ciudad de M\u00e9xico. &#8220;Est\u00e1 en su derecho\u201d de externar su molestia, dijo este jueves el presidente Andr\u00e9s Manuel L\u00f3pez Obrador sobre la acusaci\u00f3n de Marcelo Ebrard contra el proceso de Morena para elegir a su candidato a la Presidencia en 2024.<\/p>\n\n\n\n<p>El excanciller asegur\u00f3 el 16 de agosto que se est\u00e1n utilizando recursos p\u00fablicos, espec\u00edficamente de la Secretar\u00eda del Bienestar, para apoyar la campa\u00f1a de Sheinbaum.<\/p>\n\n\n\n<p>\u201cEst\u00e1n usando masivamente a la Secretar\u00eda del Bienestar en todo el pa\u00eds, est\u00e1n utilizando las brigadas para decirle a la gente que&nbsp;<strong>el presidente quiere que sea Claudia<\/strong>. \u00bfPor qu\u00e9? Por lo que acaban de ver, porque si fuese cierto que llevan 10, 15, 20 puntos de ventaja en las encuestas, no estar\u00edamos viendo lo que estamos viendo\u201d, dijo en rueda de prensa.<\/p>\n\n\n\n<h2 class=\"wp-block-heading\">\u00bfQu\u00e9 respondi\u00f3 AMLO a la acusaci\u00f3n de Ebrard contra Sheinbaum?<\/h2>\n\n\n\n<p>\u201cEs normal. y adem\u00e1s tiene el derecho de hacerlo, y hay la instrucci\u00f3n de que\u00a0<strong>no se use al Gobierno ni mucho menos el presupuesto<\/strong>\u00a0para favorecer a nadie\u201d. contest\u00f3 el mandatario.<\/p>\n\n\n\n<p>L\u00f3pez Obrador remarc\u00f3 que los aspirantes de Morena a la candidatura (Marcelo Ebrard, Claudia Sheinbaum, Ad\u00e1n Augusto L\u00f3pez) conocen que no es una personal \u201cde doble moral\u201d.<\/p>\n\n\n\n<p>\u201cSaben que no nos metemos y&nbsp;<strong>que se acab\u00f3 el dedazo<\/strong>&nbsp;y que es el pueblo el que va a decidir\u201d, remat\u00f3.<\/p>\n\n\n\n<h2 class=\"wp-block-heading\">\u00bfQu\u00e9 sabemos de la encuesta de Morena para elegir a su coordinador?<\/h2>\n\n\n\n<p>Este 17 de agosto, el partido guinda har\u00e1 el&nbsp;<strong>sorteo de las casas encuestadoras<\/strong>&nbsp;que se encargar\u00e1n de elaborar la encuesta por la que se definir\u00e1 qui\u00e9n de los seis aspirantes ser\u00e1 el<strong>&nbsp;Coordinador de la Defensa de la Cuarta Transformaci\u00f3n&nbsp;<\/strong>(la denominaci\u00f3n usada para referirse al candidato presidencial).<\/p>\n\n\n\n<p>Ebrard afirm\u00f3 que la pregunta\u00a0<a href=\"https:\/\/www.elfinanciero.com.mx\/nacional\/2023\/08\/10\/ebrard-adelanta-cual-sera-la-pregunta-con-mas-peso-en-la-encuesta\/\">\u201cqui\u00e9n quieres que sea\u201d<\/a>\u00a0el coordinador tendr\u00e1 un valor de 75 por ciento. El otro 25 por ciento estar\u00e1 repartido entre otras preguntas que tendr\u00e1n un valor diferente dentro del ejercicio que ser\u00e1 aplicado a nivel nacional.<\/p>\n\n\n\n<p>Sin embargo,&nbsp;<strong>el nombre de las casas encuestadoras<\/strong>&nbsp;no ser\u00e1 revelado hasta el pr\u00f3ximo 6 de septiembre, aclar\u00f3 Mario Delgado, dirigente nacional de Morena.<\/p>\n\n\n\n<p>\u201cVamos a dar a conocer los nombres de las encuestadoras cuando se den los resultados el pr\u00f3ximo 6 de septiembre, por una sencilla raz\u00f3n: Sabemos que&nbsp;<strong>hay muchos intereses de la derecha<\/strong>&nbsp;en tratar de que no salga bien este proceso, entonces, el que se haga p\u00fablico el nombre de las encuestadoras, las deja sujetas a una gran presi\u00f3n\u201d, apunt\u00f3.<\/p>\n\n\n\n<p>Delgado agreg\u00f3 que&nbsp;<strong>la redacci\u00f3n final&nbsp;<\/strong>del cuestionario de la encuestay<strong>&nbsp;la valoraci\u00f3n de cada una de las preguntas<\/strong>&nbsp;se determinar\u00e1n&nbsp;<strong>hasta el 27 de agosto<\/strong>.<\/p>\n","protected":false},"excerpt":{"rendered":"<p>&#8216;Hay la instrucci\u00f3n de que no se use al Gobierno ni mucho menos el presupuesto para favorecer a nadie\u2019, dijo el presidente sobre el se\u00f1alamiento del excanciller Ciudad de M\u00e9xico. &#8220;Est\u00e1 en su derecho\u201d de externar su molestia, dijo este jueves el presidente Andr\u00e9s Manuel L\u00f3pez Obrador sobre la acusaci\u00f3n de Marcelo Ebrard contra el [&hellip;]<\/p>\n","protected":false},"author":21,"featured_media":55690,"comment_status":"open","ping_status":"open","sticky":false,"template":"","format":"standard","meta":{"tdm_status":"","tdm_grid_status":"","footnotes":""},"categories":[39,1],"tags":[],"class_list":{"0":"post-55688","1":"post","2":"type-post","3":"status-publish","4":"format-standard","5":"has-post-thumbnail","7":"category-noticias-nacionales","8":"category-sin-categoria"},"yoast_head":"<!-- This site is optimized with the Yoast SEO plugin v27.5 - https:\/\/yoast.com\/product\/yoast-seo-wordpress\/ -->\n<title>\u2018Se acab\u00f3 el dedazo\u2019: AMLO responde a acusaci\u00f3n de Ebrard de \u2018acarreo\u2019 a favor de Sheinbaum - Fuentes Fidedignas<\/title>\n<meta name=\"robots\" content=\"index, follow, max-snippet:-1, max-image-preview:large, max-video-preview:-1\" \/>\n<link rel=\"canonical\" href=\"https:\/\/fuentesfidedignas.com.mx\/index.php\/2023\/08\/17\/se-acabo-el-dedazo-amlo-responde-a-acusacion-de-ebrard-de-acarreo-a-favor-de-sheinbaum\/\" \/>\n<meta property=\"og:locale\" content=\"es_MX\" \/>\n<meta property=\"og:type\" content=\"article\" \/>\n<meta property=\"og:title\" content=\"\u2018Se acab\u00f3 el dedazo\u2019: AMLO responde a acusaci\u00f3n de Ebrard de \u2018acarreo\u2019 a favor de Sheinbaum - Fuentes Fidedignas\" \/>\n<meta property=\"og:description\" content=\"&#8216;Hay la instrucci\u00f3n de que no se use al Gobierno ni mucho menos el presupuesto para favorecer a nadie\u2019, dijo el presidente sobre el se\u00f1alamiento del excanciller Ciudad de M\u00e9xico. &#8220;Est\u00e1 en su derecho\u201d de externar su molestia, dijo este jueves el presidente Andr\u00e9s Manuel L\u00f3pez Obrador sobre la acusaci\u00f3n de Marcelo Ebrard contra el [&hellip;]\" \/>\n<meta property=\"og:url\" content=\"https:\/\/fuentesfidedignas.com.mx\/index.php\/2023\/08\/17\/se-acabo-el-dedazo-amlo-responde-a-acusacion-de-ebrard-de-acarreo-a-favor-de-sheinbaum\/\" \/>\n<meta property=\"og:site_name\" content=\"Fuentes Fidedignas\" \/>\n<meta property=\"article:publisher\" content=\"https:\/\/www.facebook.com\/Fuentes-Fidedignas-368234489921644\" \/>\n<meta property=\"article:published_time\" content=\"2023-08-17T16:01:23+00:00\" \/>\n<meta property=\"article:modified_time\" content=\"2023-08-17T16:02:07+00:00\" \/>\n<meta property=\"og:image\" content=\"https:\/\/fuentesfidedignas.com.mx\/wp-content\/uploads\/2023\/08\/Screenshot_20230817_085836_Chrome.jpg\" \/>\n\t<meta property=\"og:image:width\" content=\"1078\" \/>\n\t<meta property=\"og:image:height\" content=\"606\" \/>\n\t<meta property=\"og:image:type\" content=\"image\/jpeg\" \/>\n<meta name=\"author\" content=\"El Financiero\" \/>\n<meta name=\"twitter:card\" content=\"summary_large_image\" \/>\n<meta name=\"twitter:creator\" content=\"@fidedignas\" \/>\n<meta name=\"twitter:site\" content=\"@fidedignas\" \/>\n<meta name=\"twitter:label1\" content=\"Escrito por\" \/>\n\t<meta name=\"twitter:data1\" content=\"El Financiero\" \/>\n\t<meta name=\"twitter:label2\" content=\"Tiempo de lectura\" \/>\n\t<meta name=\"twitter:data2\" content=\"3 minutos\" \/>\n<script type=\"application\/ld+json\" class=\"yoast-schema-graph\">{\"@context\":\"https:\\\/\\\/schema.org\",\"@graph\":[{\"@type\":\"Article\",\"@id\":\"https:\\\/\\\/fuentesfidedignas.com.mx\\\/index.php\\\/2023\\\/08\\\/17\\\/se-acabo-el-dedazo-amlo-responde-a-acusacion-de-ebrard-de-acarreo-a-favor-de-sheinbaum\\\/#article\",\"isPartOf\":{\"@id\":\"https:\\\/\\\/fuentesfidedignas.com.mx\\\/index.php\\\/2023\\\/08\\\/17\\\/se-acabo-el-dedazo-amlo-responde-a-acusacion-de-ebrard-de-acarreo-a-favor-de-sheinbaum\\\/\"},\"author\":{\"name\":\"El Financiero\",\"@id\":\"https:\\\/\\\/fuentesfidedignas.com.mx\\\/#\\\/schema\\\/person\\\/494f7e0dce8dfaaec5b64f16615b78e9\"},\"headline\":\"\u2018Se acab\u00f3 el dedazo\u2019: AMLO responde a acusaci\u00f3n de Ebrard de \u2018acarreo\u2019 a favor de Sheinbaum\",\"datePublished\":\"2023-08-17T16:01:23+00:00\",\"dateModified\":\"2023-08-17T16:02:07+00:00\",\"mainEntityOfPage\":{\"@id\":\"https:\\\/\\\/fuentesfidedignas.com.mx\\\/index.php\\\/2023\\\/08\\\/17\\\/se-acabo-el-dedazo-amlo-responde-a-acusacion-de-ebrard-de-acarreo-a-favor-de-sheinbaum\\\/\"},\"wordCount\":518,\"commentCount\":0,\"publisher\":{\"@id\":\"https:\\\/\\\/fuentesfidedignas.com.mx\\\/#organization\"},\"image\":{\"@id\":\"https:\\\/\\\/fuentesfidedignas.com.mx\\\/index.php\\\/2023\\\/08\\\/17\\\/se-acabo-el-dedazo-amlo-responde-a-acusacion-de-ebrard-de-acarreo-a-favor-de-sheinbaum\\\/#primaryimage\"},\"thumbnailUrl\":\"https:\\\/\\\/fuentesfidedignas.com.mx\\\/wp-content\\\/uploads\\\/2023\\\/08\\\/Screenshot_20230817_085836_Chrome.jpg\",\"articleSection\":[\"NOTICIAS NACIONALES\"],\"inLanguage\":\"es\",\"potentialAction\":[{\"@type\":\"CommentAction\",\"name\":\"Comment\",\"target\":[\"https:\\\/\\\/fuentesfidedignas.com.mx\\\/index.php\\\/2023\\\/08\\\/17\\\/se-acabo-el-dedazo-amlo-responde-a-acusacion-de-ebrard-de-acarreo-a-favor-de-sheinbaum\\\/#respond\"]}]},{\"@type\":\"WebPage\",\"@id\":\"https:\\\/\\\/fuentesfidedignas.com.mx\\\/index.php\\\/2023\\\/08\\\/17\\\/se-acabo-el-dedazo-amlo-responde-a-acusacion-de-ebrard-de-acarreo-a-favor-de-sheinbaum\\\/\",\"url\":\"https:\\\/\\\/fuentesfidedignas.com.mx\\\/index.php\\\/2023\\\/08\\\/17\\\/se-acabo-el-dedazo-amlo-responde-a-acusacion-de-ebrard-de-acarreo-a-favor-de-sheinbaum\\\/\",\"name\":\"\u2018Se acab\u00f3 el dedazo\u2019: AMLO responde a acusaci\u00f3n de Ebrard de \u2018acarreo\u2019 a favor de Sheinbaum - Fuentes Fidedignas\",\"isPartOf\":{\"@id\":\"https:\\\/\\\/fuentesfidedignas.com.mx\\\/#website\"},\"primaryImageOfPage\":{\"@id\":\"https:\\\/\\\/fuentesfidedignas.com.mx\\\/index.php\\\/2023\\\/08\\\/17\\\/se-acabo-el-dedazo-amlo-responde-a-acusacion-de-ebrard-de-acarreo-a-favor-de-sheinbaum\\\/#primaryimage\"},\"image\":{\"@id\":\"https:\\\/\\\/fuentesfidedignas.com.mx\\\/index.php\\\/2023\\\/08\\\/17\\\/se-acabo-el-dedazo-amlo-responde-a-acusacion-de-ebrard-de-acarreo-a-favor-de-sheinbaum\\\/#primaryimage\"},\"thumbnailUrl\":\"https:\\\/\\\/fuentesfidedignas.com.mx\\\/wp-content\\\/uploads\\\/2023\\\/08\\\/Screenshot_20230817_085836_Chrome.jpg\",\"datePublished\":\"2023-08-17T16:01:23+00:00\",\"dateModified\":\"2023-08-17T16:02:07+00:00\",\"breadcrumb\":{\"@id\":\"https:\\\/\\\/fuentesfidedignas.com.mx\\\/index.php\\\/2023\\\/08\\\/17\\\/se-acabo-el-dedazo-amlo-responde-a-acusacion-de-ebrard-de-acarreo-a-favor-de-sheinbaum\\\/#breadcrumb\"},\"inLanguage\":\"es\",\"potentialAction\":[{\"@type\":\"ReadAction\",\"target\":[\"https:\\\/\\\/fuentesfidedignas.com.mx\\\/index.php\\\/2023\\\/08\\\/17\\\/se-acabo-el-dedazo-amlo-responde-a-acusacion-de-ebrard-de-acarreo-a-favor-de-sheinbaum\\\/\"]}]},{\"@type\":\"ImageObject\",\"inLanguage\":\"es\",\"@id\":\"https:\\\/\\\/fuentesfidedignas.com.mx\\\/index.php\\\/2023\\\/08\\\/17\\\/se-acabo-el-dedazo-amlo-responde-a-acusacion-de-ebrard-de-acarreo-a-favor-de-sheinbaum\\\/#primaryimage\",\"url\":\"https:\\\/\\\/fuentesfidedignas.com.mx\\\/wp-content\\\/uploads\\\/2023\\\/08\\\/Screenshot_20230817_085836_Chrome.jpg\",\"contentUrl\":\"https:\\\/\\\/fuentesfidedignas.com.mx\\\/wp-content\\\/uploads\\\/2023\\\/08\\\/Screenshot_20230817_085836_Chrome.jpg\",\"width\":1078,\"height\":606},{\"@type\":\"BreadcrumbList\",\"@id\":\"https:\\\/\\\/fuentesfidedignas.com.mx\\\/index.php\\\/2023\\\/08\\\/17\\\/se-acabo-el-dedazo-amlo-responde-a-acusacion-de-ebrard-de-acarreo-a-favor-de-sheinbaum\\\/#breadcrumb\",\"itemListElement\":[{\"@type\":\"ListItem\",\"position\":1,\"name\":\"Inicio\",\"item\":\"https:\\\/\\\/fuentesfidedignas.com.mx\\\/\"},{\"@type\":\"ListItem\",\"position\":2,\"name\":\"\u2018Se acab\u00f3 el dedazo\u2019: AMLO responde a acusaci\u00f3n de Ebrard de \u2018acarreo\u2019 a favor de Sheinbaum\"}]},{\"@type\":\"WebSite\",\"@id\":\"https:\\\/\\\/fuentesfidedignas.com.mx\\\/#website\",\"url\":\"https:\\\/\\\/fuentesfidedignas.com.mx\\\/\",\"name\":\"Fuentes Fidedignas\",\"description\":\"Otro sitio realizado con WordPress\",\"publisher\":{\"@id\":\"https:\\\/\\\/fuentesfidedignas.com.mx\\\/#organization\"},\"potentialAction\":[{\"@type\":\"SearchAction\",\"target\":{\"@type\":\"EntryPoint\",\"urlTemplate\":\"https:\\\/\\\/fuentesfidedignas.com.mx\\\/?s={search_term_string}\"},\"query-input\":{\"@type\":\"PropertyValueSpecification\",\"valueRequired\":true,\"valueName\":\"search_term_string\"}}],\"inLanguage\":\"es\"},{\"@type\":\"Organization\",\"@id\":\"https:\\\/\\\/fuentesfidedignas.com.mx\\\/#organization\",\"name\":\"Fuentes Fidedignas\",\"url\":\"https:\\\/\\\/fuentesfidedignas.com.mx\\\/\",\"logo\":{\"@type\":\"ImageObject\",\"inLanguage\":\"es\",\"@id\":\"https:\\\/\\\/fuentesfidedignas.com.mx\\\/#\\\/schema\\\/logo\\\/image\\\/\",\"url\":\"https:\\\/\\\/fuentesfidedignas.com.mx\\\/wp-content\\\/uploads\\\/2021\\\/04\\\/logo-retina.png\",\"contentUrl\":\"https:\\\/\\\/fuentesfidedignas.com.mx\\\/wp-content\\\/uploads\\\/2021\\\/04\\\/logo-retina.png\",\"width\":280,\"height\":51,\"caption\":\"Fuentes Fidedignas\"},\"image\":{\"@id\":\"https:\\\/\\\/fuentesfidedignas.com.mx\\\/#\\\/schema\\\/logo\\\/image\\\/\"},\"sameAs\":[\"https:\\\/\\\/www.facebook.com\\\/Fuentes-Fidedignas-368234489921644\",\"https:\\\/\\\/x.com\\\/fidedignas\"]},{\"@type\":\"Person\",\"@id\":\"https:\\\/\\\/fuentesfidedignas.com.mx\\\/#\\\/schema\\\/person\\\/494f7e0dce8dfaaec5b64f16615b78e9\",\"name\":\"El Financiero\",\"image\":{\"@type\":\"ImageObject\",\"inLanguage\":\"es\",\"@id\":\"https:\\\/\\\/secure.gravatar.com\\\/avatar\\\/88c0f3f2079389318ef8dd35c22cb997212aa89646e357ba59b318db26ed91a9?s=96&d=mm&r=g\",\"url\":\"https:\\\/\\\/secure.gravatar.com\\\/avatar\\\/88c0f3f2079389318ef8dd35c22cb997212aa89646e357ba59b318db26ed91a9?s=96&d=mm&r=g\",\"contentUrl\":\"https:\\\/\\\/secure.gravatar.com\\\/avatar\\\/88c0f3f2079389318ef8dd35c22cb997212aa89646e357ba59b318db26ed91a9?s=96&d=mm&r=g\",\"caption\":\"El Financiero\"},\"url\":\"https:\\\/\\\/fuentesfidedignas.com.mx\\\/index.php\\\/author\\\/financiero\\\/\"}]}<\/script>\n<!-- \/ Yoast SEO plugin. -->","yoast_head_json":{"title":"\u2018Se acab\u00f3 el dedazo\u2019: AMLO responde a acusaci\u00f3n de Ebrard de \u2018acarreo\u2019 a favor de Sheinbaum - Fuentes Fidedignas","robots":{"index":"index","follow":"follow","max-snippet":"max-snippet:-1","max-image-preview":"max-image-preview:large","max-video-preview":"max-video-preview:-1"},"canonical":"https:\/\/fuentesfidedignas.com.mx\/index.php\/2023\/08\/17\/se-acabo-el-dedazo-amlo-responde-a-acusacion-de-ebrard-de-acarreo-a-favor-de-sheinbaum\/","og_locale":"es_MX","og_type":"article","og_title":"\u2018Se acab\u00f3 el dedazo\u2019: AMLO responde a acusaci\u00f3n de Ebrard de \u2018acarreo\u2019 a favor de Sheinbaum - Fuentes Fidedignas","og_description":"&#8216;Hay la instrucci\u00f3n de que no se use al Gobierno ni mucho menos el presupuesto para favorecer a nadie\u2019, dijo el presidente sobre el se\u00f1alamiento del excanciller Ciudad de M\u00e9xico. &#8220;Est\u00e1 en su derecho\u201d de externar su molestia, dijo este jueves el presidente Andr\u00e9s Manuel L\u00f3pez Obrador sobre la acusaci\u00f3n de Marcelo Ebrard contra el [&hellip;]","og_url":"https:\/\/fuentesfidedignas.com.mx\/index.php\/2023\/08\/17\/se-acabo-el-dedazo-amlo-responde-a-acusacion-de-ebrard-de-acarreo-a-favor-de-sheinbaum\/","og_site_name":"Fuentes Fidedignas","article_publisher":"https:\/\/www.facebook.com\/Fuentes-Fidedignas-368234489921644","article_published_time":"2023-08-17T16:01:23+00:00","article_modified_time":"2023-08-17T16:02:07+00:00","og_image":[{"width":1078,"height":606,"url":"https:\/\/fuentesfidedignas.com.mx\/wp-content\/uploads\/2023\/08\/Screenshot_20230817_085836_Chrome.jpg","type":"image\/jpeg"}],"author":"El Financiero","twitter_card":"summary_large_image","twitter_creator":"@fidedignas","twitter_site":"@fidedignas","twitter_misc":{"Escrito por":"El Financiero","Tiempo de lectura":"3 minutos"},"schema":{"@context":"https:\/\/schema.org","@graph":[{"@type":"Article","@id":"https:\/\/fuentesfidedignas.com.mx\/index.php\/2023\/08\/17\/se-acabo-el-dedazo-amlo-responde-a-acusacion-de-ebrard-de-acarreo-a-favor-de-sheinbaum\/#article","isPartOf":{"@id":"https:\/\/fuentesfidedignas.com.mx\/index.php\/2023\/08\/17\/se-acabo-el-dedazo-amlo-responde-a-acusacion-de-ebrard-de-acarreo-a-favor-de-sheinbaum\/"},"author":{"name":"El Financiero","@id":"https:\/\/fuentesfidedignas.com.mx\/#\/schema\/person\/494f7e0dce8dfaaec5b64f16615b78e9"},"headline":"\u2018Se acab\u00f3 el dedazo\u2019: AMLO responde a acusaci\u00f3n de Ebrard de \u2018acarreo\u2019 a favor de Sheinbaum","datePublished":"2023-08-17T16:01:23+00:00","dateModified":"2023-08-17T16:02:07+00:00","mainEntityOfPage":{"@id":"https:\/\/fuentesfidedignas.com.mx\/index.php\/2023\/08\/17\/se-acabo-el-dedazo-amlo-responde-a-acusacion-de-ebrard-de-acarreo-a-favor-de-sheinbaum\/"},"wordCount":518,"commentCount":0,"publisher":{"@id":"https:\/\/fuentesfidedignas.com.mx\/#organization"},"image":{"@id":"https:\/\/fuentesfidedignas.com.mx\/index.php\/2023\/08\/17\/se-acabo-el-dedazo-amlo-responde-a-acusacion-de-ebrard-de-acarreo-a-favor-de-sheinbaum\/#primaryimage"},"thumbnailUrl":"https:\/\/fuentesfidedignas.com.mx\/wp-content\/uploads\/2023\/08\/Screenshot_20230817_085836_Chrome.jpg","articleSection":["NOTICIAS NACIONALES"],"inLanguage":"es","potentialAction":[{"@type":"CommentAction","name":"Comment","target":["https:\/\/fuentesfidedignas.com.mx\/index.php\/2023\/08\/17\/se-acabo-el-dedazo-amlo-responde-a-acusacion-de-ebrard-de-acarreo-a-favor-de-sheinbaum\/#respond"]}]},{"@type":"WebPage","@id":"https:\/\/fuentesfidedignas.com.mx\/index.php\/2023\/08\/17\/se-acabo-el-dedazo-amlo-responde-a-acusacion-de-ebrard-de-acarreo-a-favor-de-sheinbaum\/","url":"https:\/\/fuentesfidedignas.com.mx\/index.php\/2023\/08\/17\/se-acabo-el-dedazo-amlo-responde-a-acusacion-de-ebrard-de-acarreo-a-favor-de-sheinbaum\/","name":"\u2018Se acab\u00f3 el dedazo\u2019: AMLO responde a acusaci\u00f3n de Ebrard de \u2018acarreo\u2019 a favor de Sheinbaum - Fuentes Fidedignas","isPartOf":{"@id":"https:\/\/fuentesfidedignas.com.mx\/#website"},"primaryImageOfPage":{"@id":"https:\/\/fuentesfidedignas.com.mx\/index.php\/2023\/08\/17\/se-acabo-el-dedazo-amlo-responde-a-acusacion-de-ebrard-de-acarreo-a-favor-de-sheinbaum\/#primaryimage"},"image":{"@id":"https:\/\/fuentesfidedignas.com.mx\/index.php\/2023\/08\/17\/se-acabo-el-dedazo-amlo-responde-a-acusacion-de-ebrard-de-acarreo-a-favor-de-sheinbaum\/#primaryimage"},"thumbnailUrl":"https:\/\/fuentesfidedignas.com.mx\/wp-content\/uploads\/2023\/08\/Screenshot_20230817_085836_Chrome.jpg","datePublished":"2023-08-17T16:01:23+00:00","dateModified":"2023-08-17T16:02:07+00:00","breadcrumb":{"@id":"https:\/\/fuentesfidedignas.com.mx\/index.php\/2023\/08\/17\/se-acabo-el-dedazo-amlo-responde-a-acusacion-de-ebrard-de-acarreo-a-favor-de-sheinbaum\/#breadcrumb"},"inLanguage":"es","potentialAction":[{"@type":"ReadAction","target":["https:\/\/fuentesfidedignas.com.mx\/index.php\/2023\/08\/17\/se-acabo-el-dedazo-amlo-responde-a-acusacion-de-ebrard-de-acarreo-a-favor-de-sheinbaum\/"]}]},{"@type":"ImageObject","inLanguage":"es","@id":"https:\/\/fuentesfidedignas.com.mx\/index.php\/2023\/08\/17\/se-acabo-el-dedazo-amlo-responde-a-acusacion-de-ebrard-de-acarreo-a-favor-de-sheinbaum\/#primaryimage","url":"https:\/\/fuentesfidedignas.com.mx\/wp-content\/uploads\/2023\/08\/Screenshot_20230817_085836_Chrome.jpg","contentUrl":"https:\/\/fuentesfidedignas.com.mx\/wp-content\/uploads\/2023\/08\/Screenshot_20230817_085836_Chrome.jpg","width":1078,"height":606},{"@type":"BreadcrumbList","@id":"https:\/\/fuentesfidedignas.com.mx\/index.php\/2023\/08\/17\/se-acabo-el-dedazo-amlo-responde-a-acusacion-de-ebrard-de-acarreo-a-favor-de-sheinbaum\/#breadcrumb","itemListElement":[{"@type":"ListItem","position":1,"name":"Inicio","item":"https:\/\/fuentesfidedignas.com.mx\/"},{"@type":"ListItem","position":2,"name":"\u2018Se acab\u00f3 el dedazo\u2019: AMLO responde a acusaci\u00f3n de Ebrard de \u2018acarreo\u2019 a favor de Sheinbaum"}]},{"@type":"WebSite","@id":"https:\/\/fuentesfidedignas.com.mx\/#website","url":"https:\/\/fuentesfidedignas.com.mx\/","name":"Fuentes Fidedignas","description":"Otro sitio realizado con WordPress","publisher":{"@id":"https:\/\/fuentesfidedignas.com.mx\/#organization"},"potentialAction":[{"@type":"SearchAction","target":{"@type":"EntryPoint","urlTemplate":"https:\/\/fuentesfidedignas.com.mx\/?s={search_term_string}"},"query-input":{"@type":"PropertyValueSpecification","valueRequired":true,"valueName":"search_term_string"}}],"inLanguage":"es"},{"@type":"Organization","@id":"https:\/\/fuentesfidedignas.com.mx\/#organization","name":"Fuentes Fidedignas","url":"https:\/\/fuentesfidedignas.com.mx\/","logo":{"@type":"ImageObject","inLanguage":"es","@id":"https:\/\/fuentesfidedignas.com.mx\/#\/schema\/logo\/image\/","url":"https:\/\/fuentesfidedignas.com.mx\/wp-content\/uploads\/2021\/04\/logo-retina.png","contentUrl":"https:\/\/fuentesfidedignas.com.mx\/wp-content\/uploads\/2021\/04\/logo-retina.png","width":280,"height":51,"caption":"Fuentes Fidedignas"},"image":{"@id":"https:\/\/fuentesfidedignas.com.mx\/#\/schema\/logo\/image\/"},"sameAs":["https:\/\/www.facebook.com\/Fuentes-Fidedignas-368234489921644","https:\/\/x.com\/fidedignas"]},{"@type":"Person","@id":"https:\/\/fuentesfidedignas.com.mx\/#\/schema\/person\/494f7e0dce8dfaaec5b64f16615b78e9","name":"El Financiero","image":{"@type":"ImageObject","inLanguage":"es","@id":"https:\/\/secure.gravatar.com\/avatar\/88c0f3f2079389318ef8dd35c22cb997212aa89646e357ba59b318db26ed91a9?s=96&d=mm&r=g","url":"https:\/\/secure.gravatar.com\/avatar\/88c0f3f2079389318ef8dd35c22cb997212aa89646e357ba59b318db26ed91a9?s=96&d=mm&r=g","contentUrl":"https:\/\/secure.gravatar.com\/avatar\/88c0f3f2079389318ef8dd35c22cb997212aa89646e357ba59b318db26ed91a9?s=96&d=mm&r=g","caption":"El Financiero"},"url":"https:\/\/fuentesfidedignas.com.mx\/index.php\/author\/financiero\/"}]}},"_links":{"self":[{"href":"https:\/\/fuentesfidedignas.com.mx\/index.php\/wp-json\/wp\/v2\/posts\/55688","targetHints":{"allow":["GET"]}}],"collection":[{"href":"https:\/\/fuentesfidedignas.com.mx\/index.php\/wp-json\/wp\/v2\/posts"}],"about":[{"href":"https:\/\/fuentesfidedignas.com.mx\/index.php\/wp-json\/wp\/v2\/types\/post"}],"author":[{"embeddable":true,"href":"https:\/\/fuentesfidedignas.com.mx\/index.php\/wp-json\/wp\/v2\/users\/21"}],"replies":[{"embeddable":true,"href":"https:\/\/fuentesfidedignas.com.mx\/index.php\/wp-json\/wp\/v2\/comments?post=55688"}],"version-history":[{"count":1,"href":"https:\/\/fuentesfidedignas.com.mx\/index.php\/wp-json\/wp\/v2\/posts\/55688\/revisions"}],"predecessor-version":[{"id":55689,"href":"https:\/\/fuentesfidedignas.com.mx\/index.php\/wp-json\/wp\/v2\/posts\/55688\/revisions\/55689"}],"wp:featuredmedia":[{"embeddable":true,"href":"https:\/\/fuentesfidedignas.com.mx\/index.php\/wp-json\/wp\/v2\/media\/55690"}],"wp:attachment":[{"href":"https:\/\/fuentesfidedignas.com.mx\/index.php\/wp-json\/wp\/v2\/media?parent=55688"}],"wp:term":[{"taxonomy":"category","embeddable":true,"href":"https:\/\/fuentesfidedignas.com.mx\/index.php\/wp-json\/wp\/v2\/categories?post=55688"},{"taxonomy":"post_tag","embeddable":true,"href":"https:\/\/fuentesfidedignas.com.mx\/index.php\/wp-json\/wp\/v2\/tags?post=55688"}],"curies":[{"name":"wp","href":"https:\/\/api.w.org\/{rel}","templated":true}]}}