{"id":55638,"date":"2023-08-17T01:40:11","date_gmt":"2023-08-17T08:40:11","guid":{"rendered":"https:\/\/fuentesfidedignas.com.mx\/?p=55638"},"modified":"2023-08-16T18:41:26","modified_gmt":"2023-08-17T01:41:26","slug":"encadenan-a-dos-elefantes-en-un-zoologico-porque-no-hay-reja-caso-indigna","status":"publish","type":"post","link":"https:\/\/fuentesfidedignas.com.mx\/index.php\/2023\/08\/17\/encadenan-a-dos-elefantes-en-un-zoologico-porque-no-hay-reja-caso-indigna\/","title":{"rendered":"Encadenan a dos elefantes en un zool\u00f3gico porque &#8216;no hay reja&#8217;; caso indigna"},"content":{"rendered":"\n<p><strong><em>Los medios estatales en Vietnam le han dado una amplia cobertura a la historia de los animales en las \u00faltimas semanas.<\/em><\/strong><\/p>\n\n\n\n<p>El trato que reciben dos viejas elefantas que viven encadenadas en el zool\u00f3gico de Han\u00f3i genera indignaci\u00f3n en Vietnam y las organizaciones de defensa de los animales piden su liberaci\u00f3n en un parque nacional. Los ambientalistas reclaman que estas dos elefantas, Thai y Banang, sean liberadas en un parque natural y cerca de 70 mil personas ya firmaron una petici\u00f3n.<\/p>\n\n\n\n<p>Los medios estatales le han dado una amplia cobertura a la historia de los animales en las \u00faltimas semanas. Las elefantas segu\u00edan encadenadas el mi\u00e9rcoles por la ma\u00f1ana y sus cuidadores las alimentaban con hierba y ca\u00f1a de az\u00facar.<\/p>\n\n\n\n<p>&#8220;Los elefantes son animales feroces. Ya que la reja el\u00e9ctrica est\u00e1 rota estamos obligados a encadenarlos&#8221;, afirm\u00f3 un empleado del zool\u00f3gico, que habl\u00f3 bajo condici\u00f3n de anonimato.<\/p>\n\n\n\n<p>Pero, los activistas de Animals Asia no comparten esta opini\u00f3n y pidieron en una carta a las autoridades que las dos elefantas sean liberadas en la selva del Parque Nacional de Yok Don. La organizaci\u00f3n Vietnam Animal Eyes lanz\u00f3 a principios de agosto una petici\u00f3n para el traslado de los animales.<\/p>\n\n\n\n<p>El director del zool\u00f3gico, Le Si Dung, interrogado por los medios estatales, consider\u00f3 que estas peticiones son &#8220;il\u00f3gicas&#8221;.<\/p>\n\n\n\n<p>&#8220;Las dos elefantas, que tienen entre 60 y 70 a\u00f1os, est\u00e1n en nuestro zool\u00f3gico hace m\u00e1s de diez a\u00f1os (\u2026) van a morir si son liberadas en la naturaleza, ya que son incapaces de encontrar comida por ellas mismas&#8221;, afirm\u00f3.<\/p>\n\n\n\n<p>Seg\u00fan las organizaciones ambientalistas, la poblaci\u00f3n de elefantes silvestres en Vietnam cay\u00f3 desde unos 2.000 ejemplares en 1980 a cerca de un centenar en 2022.<\/p>\n","protected":false},"excerpt":{"rendered":"<p>Los medios estatales en Vietnam le han dado una amplia cobertura a la historia de los animales en las \u00faltimas semanas. El trato que reciben dos viejas elefantas que viven encadenadas en el zool\u00f3gico de Han\u00f3i genera indignaci\u00f3n en Vietnam y las organizaciones de defensa de los animales piden su liberaci\u00f3n en un parque nacional. [&hellip;]<\/p>\n","protected":false},"author":12,"featured_media":55639,"comment_status":"open","ping_status":"open","sticky":false,"template":"","format":"standard","meta":{"tdm_status":"","tdm_grid_status":"","footnotes":""},"categories":[40],"tags":[],"class_list":{"0":"post-55638","1":"post","2":"type-post","3":"status-publish","4":"format-standard","5":"has-post-thumbnail","7":"category-las-asombrosas"},"yoast_head":"<!-- This site is optimized with the Yoast SEO plugin v27.5 - https:\/\/yoast.com\/product\/yoast-seo-wordpress\/ -->\n<title>Encadenan a dos elefantes en un zool\u00f3gico porque &#039;no hay reja&#039;; caso indigna - Fuentes Fidedignas<\/title>\n<meta name=\"robots\" content=\"index, follow, max-snippet:-1, max-image-preview:large, max-video-preview:-1\" \/>\n<link rel=\"canonical\" href=\"https:\/\/fuentesfidedignas.com.mx\/index.php\/2023\/08\/17\/encadenan-a-dos-elefantes-en-un-zoologico-porque-no-hay-reja-caso-indigna\/\" \/>\n<meta property=\"og:locale\" content=\"es_MX\" \/>\n<meta property=\"og:type\" content=\"article\" \/>\n<meta property=\"og:title\" content=\"Encadenan a dos elefantes en un zool\u00f3gico porque &#039;no hay reja&#039;; caso indigna - Fuentes Fidedignas\" \/>\n<meta property=\"og:description\" content=\"Los medios estatales en Vietnam le han dado una amplia cobertura a la historia de los animales en las \u00faltimas semanas. El trato que reciben dos viejas elefantas que viven encadenadas en el zool\u00f3gico de Han\u00f3i genera indignaci\u00f3n en Vietnam y las organizaciones de defensa de los animales piden su liberaci\u00f3n en un parque nacional. [&hellip;]\" \/>\n<meta property=\"og:url\" content=\"https:\/\/fuentesfidedignas.com.mx\/index.php\/2023\/08\/17\/encadenan-a-dos-elefantes-en-un-zoologico-porque-no-hay-reja-caso-indigna\/\" \/>\n<meta property=\"og:site_name\" content=\"Fuentes Fidedignas\" \/>\n<meta property=\"article:publisher\" content=\"https:\/\/www.facebook.com\/Fuentes-Fidedignas-368234489921644\" \/>\n<meta property=\"article:published_time\" content=\"2023-08-17T08:40:11+00:00\" \/>\n<meta property=\"og:image\" content=\"https:\/\/fuentesfidedignas.com.mx\/wp-content\/uploads\/2023\/08\/ELEFANTE_CADENA.jpg\" \/>\n\t<meta property=\"og:image:width\" content=\"800\" \/>\n\t<meta property=\"og:image:height\" content=\"600\" \/>\n\t<meta property=\"og:image:type\" content=\"image\/jpeg\" \/>\n<meta name=\"author\" content=\"AFP\" \/>\n<meta name=\"twitter:card\" content=\"summary_large_image\" \/>\n<meta name=\"twitter:creator\" content=\"@fidedignas\" \/>\n<meta name=\"twitter:site\" content=\"@fidedignas\" \/>\n<meta name=\"twitter:label1\" content=\"Escrito por\" \/>\n\t<meta name=\"twitter:data1\" content=\"AFP\" \/>\n\t<meta name=\"twitter:label2\" content=\"Tiempo de lectura\" \/>\n\t<meta name=\"twitter:data2\" content=\"2 minutos\" \/>\n<script type=\"application\/ld+json\" class=\"yoast-schema-graph\">{\"@context\":\"https:\\\/\\\/schema.org\",\"@graph\":[{\"@type\":\"Article\",\"@id\":\"https:\\\/\\\/fuentesfidedignas.com.mx\\\/index.php\\\/2023\\\/08\\\/17\\\/encadenan-a-dos-elefantes-en-un-zoologico-porque-no-hay-reja-caso-indigna\\\/#article\",\"isPartOf\":{\"@id\":\"https:\\\/\\\/fuentesfidedignas.com.mx\\\/index.php\\\/2023\\\/08\\\/17\\\/encadenan-a-dos-elefantes-en-un-zoologico-porque-no-hay-reja-caso-indigna\\\/\"},\"author\":{\"name\":\"AFP\",\"@id\":\"https:\\\/\\\/fuentesfidedignas.com.mx\\\/#\\\/schema\\\/person\\\/1827b38c6cf89e1d6cc7d78ca3fae732\"},\"headline\":\"Encadenan a dos elefantes en un zool\u00f3gico porque &#8216;no hay reja&#8217;; caso indigna\",\"datePublished\":\"2023-08-17T08:40:11+00:00\",\"mainEntityOfPage\":{\"@id\":\"https:\\\/\\\/fuentesfidedignas.com.mx\\\/index.php\\\/2023\\\/08\\\/17\\\/encadenan-a-dos-elefantes-en-un-zoologico-porque-no-hay-reja-caso-indigna\\\/\"},\"wordCount\":313,\"commentCount\":0,\"publisher\":{\"@id\":\"https:\\\/\\\/fuentesfidedignas.com.mx\\\/#organization\"},\"image\":{\"@id\":\"https:\\\/\\\/fuentesfidedignas.com.mx\\\/index.php\\\/2023\\\/08\\\/17\\\/encadenan-a-dos-elefantes-en-un-zoologico-porque-no-hay-reja-caso-indigna\\\/#primaryimage\"},\"thumbnailUrl\":\"https:\\\/\\\/fuentesfidedignas.com.mx\\\/wp-content\\\/uploads\\\/2023\\\/08\\\/ELEFANTE_CADENA.jpg\",\"articleSection\":[\"LAS ASOMBROSAS\"],\"inLanguage\":\"es\",\"potentialAction\":[{\"@type\":\"CommentAction\",\"name\":\"Comment\",\"target\":[\"https:\\\/\\\/fuentesfidedignas.com.mx\\\/index.php\\\/2023\\\/08\\\/17\\\/encadenan-a-dos-elefantes-en-un-zoologico-porque-no-hay-reja-caso-indigna\\\/#respond\"]}]},{\"@type\":\"WebPage\",\"@id\":\"https:\\\/\\\/fuentesfidedignas.com.mx\\\/index.php\\\/2023\\\/08\\\/17\\\/encadenan-a-dos-elefantes-en-un-zoologico-porque-no-hay-reja-caso-indigna\\\/\",\"url\":\"https:\\\/\\\/fuentesfidedignas.com.mx\\\/index.php\\\/2023\\\/08\\\/17\\\/encadenan-a-dos-elefantes-en-un-zoologico-porque-no-hay-reja-caso-indigna\\\/\",\"name\":\"Encadenan a dos elefantes en un zool\u00f3gico porque 'no hay reja'; caso indigna - Fuentes Fidedignas\",\"isPartOf\":{\"@id\":\"https:\\\/\\\/fuentesfidedignas.com.mx\\\/#website\"},\"primaryImageOfPage\":{\"@id\":\"https:\\\/\\\/fuentesfidedignas.com.mx\\\/index.php\\\/2023\\\/08\\\/17\\\/encadenan-a-dos-elefantes-en-un-zoologico-porque-no-hay-reja-caso-indigna\\\/#primaryimage\"},\"image\":{\"@id\":\"https:\\\/\\\/fuentesfidedignas.com.mx\\\/index.php\\\/2023\\\/08\\\/17\\\/encadenan-a-dos-elefantes-en-un-zoologico-porque-no-hay-reja-caso-indigna\\\/#primaryimage\"},\"thumbnailUrl\":\"https:\\\/\\\/fuentesfidedignas.com.mx\\\/wp-content\\\/uploads\\\/2023\\\/08\\\/ELEFANTE_CADENA.jpg\",\"datePublished\":\"2023-08-17T08:40:11+00:00\",\"breadcrumb\":{\"@id\":\"https:\\\/\\\/fuentesfidedignas.com.mx\\\/index.php\\\/2023\\\/08\\\/17\\\/encadenan-a-dos-elefantes-en-un-zoologico-porque-no-hay-reja-caso-indigna\\\/#breadcrumb\"},\"inLanguage\":\"es\",\"potentialAction\":[{\"@type\":\"ReadAction\",\"target\":[\"https:\\\/\\\/fuentesfidedignas.com.mx\\\/index.php\\\/2023\\\/08\\\/17\\\/encadenan-a-dos-elefantes-en-un-zoologico-porque-no-hay-reja-caso-indigna\\\/\"]}]},{\"@type\":\"ImageObject\",\"inLanguage\":\"es\",\"@id\":\"https:\\\/\\\/fuentesfidedignas.com.mx\\\/index.php\\\/2023\\\/08\\\/17\\\/encadenan-a-dos-elefantes-en-un-zoologico-porque-no-hay-reja-caso-indigna\\\/#primaryimage\",\"url\":\"https:\\\/\\\/fuentesfidedignas.com.mx\\\/wp-content\\\/uploads\\\/2023\\\/08\\\/ELEFANTE_CADENA.jpg\",\"contentUrl\":\"https:\\\/\\\/fuentesfidedignas.com.mx\\\/wp-content\\\/uploads\\\/2023\\\/08\\\/ELEFANTE_CADENA.jpg\",\"width\":800,\"height\":600},{\"@type\":\"BreadcrumbList\",\"@id\":\"https:\\\/\\\/fuentesfidedignas.com.mx\\\/index.php\\\/2023\\\/08\\\/17\\\/encadenan-a-dos-elefantes-en-un-zoologico-porque-no-hay-reja-caso-indigna\\\/#breadcrumb\",\"itemListElement\":[{\"@type\":\"ListItem\",\"position\":1,\"name\":\"Inicio\",\"item\":\"https:\\\/\\\/fuentesfidedignas.com.mx\\\/\"},{\"@type\":\"ListItem\",\"position\":2,\"name\":\"Encadenan a dos elefantes en un zool\u00f3gico porque &#8216;no hay reja&#8217;; caso indigna\"}]},{\"@type\":\"WebSite\",\"@id\":\"https:\\\/\\\/fuentesfidedignas.com.mx\\\/#website\",\"url\":\"https:\\\/\\\/fuentesfidedignas.com.mx\\\/\",\"name\":\"Fuentes Fidedignas\",\"description\":\"Otro sitio realizado con WordPress\",\"publisher\":{\"@id\":\"https:\\\/\\\/fuentesfidedignas.com.mx\\\/#organization\"},\"potentialAction\":[{\"@type\":\"SearchAction\",\"target\":{\"@type\":\"EntryPoint\",\"urlTemplate\":\"https:\\\/\\\/fuentesfidedignas.com.mx\\\/?s={search_term_string}\"},\"query-input\":{\"@type\":\"PropertyValueSpecification\",\"valueRequired\":true,\"valueName\":\"search_term_string\"}}],\"inLanguage\":\"es\"},{\"@type\":\"Organization\",\"@id\":\"https:\\\/\\\/fuentesfidedignas.com.mx\\\/#organization\",\"name\":\"Fuentes Fidedignas\",\"url\":\"https:\\\/\\\/fuentesfidedignas.com.mx\\\/\",\"logo\":{\"@type\":\"ImageObject\",\"inLanguage\":\"es\",\"@id\":\"https:\\\/\\\/fuentesfidedignas.com.mx\\\/#\\\/schema\\\/logo\\\/image\\\/\",\"url\":\"https:\\\/\\\/fuentesfidedignas.com.mx\\\/wp-content\\\/uploads\\\/2021\\\/04\\\/logo-retina.png\",\"contentUrl\":\"https:\\\/\\\/fuentesfidedignas.com.mx\\\/wp-content\\\/uploads\\\/2021\\\/04\\\/logo-retina.png\",\"width\":280,\"height\":51,\"caption\":\"Fuentes Fidedignas\"},\"image\":{\"@id\":\"https:\\\/\\\/fuentesfidedignas.com.mx\\\/#\\\/schema\\\/logo\\\/image\\\/\"},\"sameAs\":[\"https:\\\/\\\/www.facebook.com\\\/Fuentes-Fidedignas-368234489921644\",\"https:\\\/\\\/x.com\\\/fidedignas\"]},{\"@type\":\"Person\",\"@id\":\"https:\\\/\\\/fuentesfidedignas.com.mx\\\/#\\\/schema\\\/person\\\/1827b38c6cf89e1d6cc7d78ca3fae732\",\"name\":\"AFP\",\"image\":{\"@type\":\"ImageObject\",\"inLanguage\":\"es\",\"@id\":\"https:\\\/\\\/secure.gravatar.com\\\/avatar\\\/236827d2ee9bf15e1ea99e0c1cd1b467cffa55e324d177638d0f8de7950cbae6?s=96&d=mm&r=g\",\"url\":\"https:\\\/\\\/secure.gravatar.com\\\/avatar\\\/236827d2ee9bf15e1ea99e0c1cd1b467cffa55e324d177638d0f8de7950cbae6?s=96&d=mm&r=g\",\"contentUrl\":\"https:\\\/\\\/secure.gravatar.com\\\/avatar\\\/236827d2ee9bf15e1ea99e0c1cd1b467cffa55e324d177638d0f8de7950cbae6?s=96&d=mm&r=g\",\"caption\":\"AFP\"},\"url\":\"https:\\\/\\\/fuentesfidedignas.com.mx\\\/index.php\\\/author\\\/afp\\\/\"}]}<\/script>\n<!-- \/ Yoast SEO plugin. -->","yoast_head_json":{"title":"Encadenan a dos elefantes en un zool\u00f3gico porque 'no hay reja'; caso indigna - Fuentes Fidedignas","robots":{"index":"index","follow":"follow","max-snippet":"max-snippet:-1","max-image-preview":"max-image-preview:large","max-video-preview":"max-video-preview:-1"},"canonical":"https:\/\/fuentesfidedignas.com.mx\/index.php\/2023\/08\/17\/encadenan-a-dos-elefantes-en-un-zoologico-porque-no-hay-reja-caso-indigna\/","og_locale":"es_MX","og_type":"article","og_title":"Encadenan a dos elefantes en un zool\u00f3gico porque 'no hay reja'; caso indigna - Fuentes Fidedignas","og_description":"Los medios estatales en Vietnam le han dado una amplia cobertura a la historia de los animales en las \u00faltimas semanas. El trato que reciben dos viejas elefantas que viven encadenadas en el zool\u00f3gico de Han\u00f3i genera indignaci\u00f3n en Vietnam y las organizaciones de defensa de los animales piden su liberaci\u00f3n en un parque nacional. [&hellip;]","og_url":"https:\/\/fuentesfidedignas.com.mx\/index.php\/2023\/08\/17\/encadenan-a-dos-elefantes-en-un-zoologico-porque-no-hay-reja-caso-indigna\/","og_site_name":"Fuentes Fidedignas","article_publisher":"https:\/\/www.facebook.com\/Fuentes-Fidedignas-368234489921644","article_published_time":"2023-08-17T08:40:11+00:00","og_image":[{"width":800,"height":600,"url":"https:\/\/fuentesfidedignas.com.mx\/wp-content\/uploads\/2023\/08\/ELEFANTE_CADENA.jpg","type":"image\/jpeg"}],"author":"AFP","twitter_card":"summary_large_image","twitter_creator":"@fidedignas","twitter_site":"@fidedignas","twitter_misc":{"Escrito por":"AFP","Tiempo de lectura":"2 minutos"},"schema":{"@context":"https:\/\/schema.org","@graph":[{"@type":"Article","@id":"https:\/\/fuentesfidedignas.com.mx\/index.php\/2023\/08\/17\/encadenan-a-dos-elefantes-en-un-zoologico-porque-no-hay-reja-caso-indigna\/#article","isPartOf":{"@id":"https:\/\/fuentesfidedignas.com.mx\/index.php\/2023\/08\/17\/encadenan-a-dos-elefantes-en-un-zoologico-porque-no-hay-reja-caso-indigna\/"},"author":{"name":"AFP","@id":"https:\/\/fuentesfidedignas.com.mx\/#\/schema\/person\/1827b38c6cf89e1d6cc7d78ca3fae732"},"headline":"Encadenan a dos elefantes en un zool\u00f3gico porque &#8216;no hay reja&#8217;; caso indigna","datePublished":"2023-08-17T08:40:11+00:00","mainEntityOfPage":{"@id":"https:\/\/fuentesfidedignas.com.mx\/index.php\/2023\/08\/17\/encadenan-a-dos-elefantes-en-un-zoologico-porque-no-hay-reja-caso-indigna\/"},"wordCount":313,"commentCount":0,"publisher":{"@id":"https:\/\/fuentesfidedignas.com.mx\/#organization"},"image":{"@id":"https:\/\/fuentesfidedignas.com.mx\/index.php\/2023\/08\/17\/encadenan-a-dos-elefantes-en-un-zoologico-porque-no-hay-reja-caso-indigna\/#primaryimage"},"thumbnailUrl":"https:\/\/fuentesfidedignas.com.mx\/wp-content\/uploads\/2023\/08\/ELEFANTE_CADENA.jpg","articleSection":["LAS ASOMBROSAS"],"inLanguage":"es","potentialAction":[{"@type":"CommentAction","name":"Comment","target":["https:\/\/fuentesfidedignas.com.mx\/index.php\/2023\/08\/17\/encadenan-a-dos-elefantes-en-un-zoologico-porque-no-hay-reja-caso-indigna\/#respond"]}]},{"@type":"WebPage","@id":"https:\/\/fuentesfidedignas.com.mx\/index.php\/2023\/08\/17\/encadenan-a-dos-elefantes-en-un-zoologico-porque-no-hay-reja-caso-indigna\/","url":"https:\/\/fuentesfidedignas.com.mx\/index.php\/2023\/08\/17\/encadenan-a-dos-elefantes-en-un-zoologico-porque-no-hay-reja-caso-indigna\/","name":"Encadenan a dos elefantes en un zool\u00f3gico porque 'no hay reja'; caso indigna - Fuentes Fidedignas","isPartOf":{"@id":"https:\/\/fuentesfidedignas.com.mx\/#website"},"primaryImageOfPage":{"@id":"https:\/\/fuentesfidedignas.com.mx\/index.php\/2023\/08\/17\/encadenan-a-dos-elefantes-en-un-zoologico-porque-no-hay-reja-caso-indigna\/#primaryimage"},"image":{"@id":"https:\/\/fuentesfidedignas.com.mx\/index.php\/2023\/08\/17\/encadenan-a-dos-elefantes-en-un-zoologico-porque-no-hay-reja-caso-indigna\/#primaryimage"},"thumbnailUrl":"https:\/\/fuentesfidedignas.com.mx\/wp-content\/uploads\/2023\/08\/ELEFANTE_CADENA.jpg","datePublished":"2023-08-17T08:40:11+00:00","breadcrumb":{"@id":"https:\/\/fuentesfidedignas.com.mx\/index.php\/2023\/08\/17\/encadenan-a-dos-elefantes-en-un-zoologico-porque-no-hay-reja-caso-indigna\/#breadcrumb"},"inLanguage":"es","potentialAction":[{"@type":"ReadAction","target":["https:\/\/fuentesfidedignas.com.mx\/index.php\/2023\/08\/17\/encadenan-a-dos-elefantes-en-un-zoologico-porque-no-hay-reja-caso-indigna\/"]}]},{"@type":"ImageObject","inLanguage":"es","@id":"https:\/\/fuentesfidedignas.com.mx\/index.php\/2023\/08\/17\/encadenan-a-dos-elefantes-en-un-zoologico-porque-no-hay-reja-caso-indigna\/#primaryimage","url":"https:\/\/fuentesfidedignas.com.mx\/wp-content\/uploads\/2023\/08\/ELEFANTE_CADENA.jpg","contentUrl":"https:\/\/fuentesfidedignas.com.mx\/wp-content\/uploads\/2023\/08\/ELEFANTE_CADENA.jpg","width":800,"height":600},{"@type":"BreadcrumbList","@id":"https:\/\/fuentesfidedignas.com.mx\/index.php\/2023\/08\/17\/encadenan-a-dos-elefantes-en-un-zoologico-porque-no-hay-reja-caso-indigna\/#breadcrumb","itemListElement":[{"@type":"ListItem","position":1,"name":"Inicio","item":"https:\/\/fuentesfidedignas.com.mx\/"},{"@type":"ListItem","position":2,"name":"Encadenan a dos elefantes en un zool\u00f3gico porque &#8216;no hay reja&#8217;; caso indigna"}]},{"@type":"WebSite","@id":"https:\/\/fuentesfidedignas.com.mx\/#website","url":"https:\/\/fuentesfidedignas.com.mx\/","name":"Fuentes Fidedignas","description":"Otro sitio realizado con WordPress","publisher":{"@id":"https:\/\/fuentesfidedignas.com.mx\/#organization"},"potentialAction":[{"@type":"SearchAction","target":{"@type":"EntryPoint","urlTemplate":"https:\/\/fuentesfidedignas.com.mx\/?s={search_term_string}"},"query-input":{"@type":"PropertyValueSpecification","valueRequired":true,"valueName":"search_term_string"}}],"inLanguage":"es"},{"@type":"Organization","@id":"https:\/\/fuentesfidedignas.com.mx\/#organization","name":"Fuentes Fidedignas","url":"https:\/\/fuentesfidedignas.com.mx\/","logo":{"@type":"ImageObject","inLanguage":"es","@id":"https:\/\/fuentesfidedignas.com.mx\/#\/schema\/logo\/image\/","url":"https:\/\/fuentesfidedignas.com.mx\/wp-content\/uploads\/2021\/04\/logo-retina.png","contentUrl":"https:\/\/fuentesfidedignas.com.mx\/wp-content\/uploads\/2021\/04\/logo-retina.png","width":280,"height":51,"caption":"Fuentes Fidedignas"},"image":{"@id":"https:\/\/fuentesfidedignas.com.mx\/#\/schema\/logo\/image\/"},"sameAs":["https:\/\/www.facebook.com\/Fuentes-Fidedignas-368234489921644","https:\/\/x.com\/fidedignas"]},{"@type":"Person","@id":"https:\/\/fuentesfidedignas.com.mx\/#\/schema\/person\/1827b38c6cf89e1d6cc7d78ca3fae732","name":"AFP","image":{"@type":"ImageObject","inLanguage":"es","@id":"https:\/\/secure.gravatar.com\/avatar\/236827d2ee9bf15e1ea99e0c1cd1b467cffa55e324d177638d0f8de7950cbae6?s=96&d=mm&r=g","url":"https:\/\/secure.gravatar.com\/avatar\/236827d2ee9bf15e1ea99e0c1cd1b467cffa55e324d177638d0f8de7950cbae6?s=96&d=mm&r=g","contentUrl":"https:\/\/secure.gravatar.com\/avatar\/236827d2ee9bf15e1ea99e0c1cd1b467cffa55e324d177638d0f8de7950cbae6?s=96&d=mm&r=g","caption":"AFP"},"url":"https:\/\/fuentesfidedignas.com.mx\/index.php\/author\/afp\/"}]}},"_links":{"self":[{"href":"https:\/\/fuentesfidedignas.com.mx\/index.php\/wp-json\/wp\/v2\/posts\/55638","targetHints":{"allow":["GET"]}}],"collection":[{"href":"https:\/\/fuentesfidedignas.com.mx\/index.php\/wp-json\/wp\/v2\/posts"}],"about":[{"href":"https:\/\/fuentesfidedignas.com.mx\/index.php\/wp-json\/wp\/v2\/types\/post"}],"author":[{"embeddable":true,"href":"https:\/\/fuentesfidedignas.com.mx\/index.php\/wp-json\/wp\/v2\/users\/12"}],"replies":[{"embeddable":true,"href":"https:\/\/fuentesfidedignas.com.mx\/index.php\/wp-json\/wp\/v2\/comments?post=55638"}],"version-history":[{"count":1,"href":"https:\/\/fuentesfidedignas.com.mx\/index.php\/wp-json\/wp\/v2\/posts\/55638\/revisions"}],"predecessor-version":[{"id":55640,"href":"https:\/\/fuentesfidedignas.com.mx\/index.php\/wp-json\/wp\/v2\/posts\/55638\/revisions\/55640"}],"wp:featuredmedia":[{"embeddable":true,"href":"https:\/\/fuentesfidedignas.com.mx\/index.php\/wp-json\/wp\/v2\/media\/55639"}],"wp:attachment":[{"href":"https:\/\/fuentesfidedignas.com.mx\/index.php\/wp-json\/wp\/v2\/media?parent=55638"}],"wp:term":[{"taxonomy":"category","embeddable":true,"href":"https:\/\/fuentesfidedignas.com.mx\/index.php\/wp-json\/wp\/v2\/categories?post=55638"},{"taxonomy":"post_tag","embeddable":true,"href":"https:\/\/fuentesfidedignas.com.mx\/index.php\/wp-json\/wp\/v2\/tags?post=55638"}],"curies":[{"name":"wp","href":"https:\/\/api.w.org\/{rel}","templated":true}]}}