{"id":55600,"date":"2023-08-16T15:59:26","date_gmt":"2023-08-16T22:59:26","guid":{"rendered":"https:\/\/fuentesfidedignas.com.mx\/?p=55600"},"modified":"2023-08-16T15:59:57","modified_gmt":"2023-08-16T22:59:57","slug":"despiden-artistas-y-gestores-culturales-al-pintor-antonio-lopez-saenz","status":"publish","type":"post","link":"https:\/\/fuentesfidedignas.com.mx\/index.php\/2023\/08\/16\/despiden-artistas-y-gestores-culturales-al-pintor-antonio-lopez-saenz\/","title":{"rendered":"Despiden artistas y gestores culturales al pintor Antonio L\u00f3pez S\u00e1enz"},"content":{"rendered":"\n<p><em><strong>En la funeraria estuvieron recordando an\u00e9cdotas con el pintor diversos agentes culturales de Mazatl\u00e1n y de Sinaloa<\/strong><\/em><\/p>\n\n\n\n<p><em>Tambi\u00e9n estuvieron presentes sus compa\u00f1eros de El Colegio de Sinaloa, como el reconocido escritor \u00c9lmer Mendoza<\/em><\/p>\n\n\n\n<p>Mazatl\u00e1n, Sin.- Con motivo del reciente fallecimiento del artista Antonio L\u00f3pez S\u00e1enz, este martes 15 de agosto, se reunieron diversas personalidades de la pol\u00edtica y la cultura esta ma\u00f1ana en la funeraria para darle el \u00faltimo adi\u00f3s a quien pint\u00f3 a Mazatl\u00e1n de forma id\u00edlica.<\/p>\n\n\n\n<p>Estuvieron presentes el gobernador Rub\u00e9n Rocha Moya, Juan Salvador Avil\u00e9s Ochoa, director del Instituto Sinaloense de Cultura, junto con Ra\u00fal Rico, director del Instituto Municipal de Cultura, Turismo y Arte de Mazatl\u00e1n y autoridades del municipio, como el alcalde de Mazatl\u00e1n, \u00c9dgar Gonz\u00e1lez Zatarain.<\/p>\n\n\n\n<p>El gobernador se refiri\u00f3 al pintor como un artista universal.<\/p>\n\n\n\n<p>\u201cEs un hombre internacional, universal, y yo lo admiro mucho\u201d, dijo, y a pesar de que el pintor merece muchos homenajes, coment\u00f3 que el mismo Antonio L\u00f3pez S\u00e1enz nunca quiso reconocimientos y distinciones.<\/p>\n\n\n\n<p>El director del ISIC, se refiri\u00f3 a L\u00f3pez S\u00e1enz como un artista mexicano que expres\u00f3 la belleza de Sinaloa que cautiv\u00f3 al mundo.<\/p>\n\n\n\n<p>\u201cSus colores, paisajes y personajes c\u00e1lidos y entra\u00f1ables, nos har\u00e1n menos triste su ausencia\u201d, se\u00f1al\u00f3 Avil\u00e9s Ochoa.<\/p>\n\n\n\n<p>Ra\u00fal Rico, a manera de an\u00e9cdota, platic\u00f3 cuando el artista le propuso realizar una estatua para conmemorar la llegada del milenio, en el a\u00f1o 2000.<\/p>\n\n\n\n<p>\u201cVamos a hacer una visi\u00f3n futurista del sinaloense\u201d, le dijo, y cuando lleg\u00f3 con el boceto, se trataba de una familia sinaloense con sombreros, como a \u00e9l le gustaba pintar, a lo que dijo: \u201cas\u00ed nos agarr\u00f3 el milenio y as\u00ed vamos a ser en el futuro\u201d, record\u00f3.<\/p>\n\n\n\n<p>La partida del cortejo ser\u00e1 a las 15:00 horas hacia la Catedral de Mazatl\u00e1n, donde se ofrecer\u00e1 una misa de cuerpo presente en punto de las 15:30 horas y despu\u00e9s continuar\u00e1 rumbo a la cremaci\u00f3n, en el Pante\u00f3n Renacimiento.<\/p>\n\n\n\n<p>Antonio L\u00f3pez S\u00e1enz Antonio L\u00f3pez S\u00e1enz nace en 1936 en el puerto de Mazatl\u00e1n; pintor y escultor que ha plasmado el sabor de nuestra tierra en lienzos, barro y bronce. Su tierra es la mayor fuente de inspiraci\u00f3n y est\u00e1 plasmada en cada pincelada de su obra.<\/p>\n\n\n\n<p>En manos de L\u00f3pez Sa\u00e9nz las tinturas cobran forma de mujeres, hombres, barcos, mar y est\u00e1n llenas de vida, m\u00fasica de banda, b\u00e9isbol y carnaval. Los cuadros de L\u00f3pez S\u00e1enz son postales, llenas de memoria y a\u00f1oranza; el mismo ha referido que pinta con lo que ha visto desde ni\u00f1o: los paisajes, los estampados de los vestidos de su mam\u00e1 y sus t\u00edas que se reun\u00edan por las tardes a platicar sentadas en poltronas.<\/p>\n\n\n\n<p>Los personajes en su obra no tienen rostro, as\u00ed lo ha decidido L\u00f3pez Saenz: dejar en el anonimato a quienes viven dentro de los lienzos, conociendo \u00e9l solamente a los actores verdaderos de cada obra.<\/p>\n","protected":false},"excerpt":{"rendered":"<p>En la funeraria estuvieron recordando an\u00e9cdotas con el pintor diversos agentes culturales de Mazatl\u00e1n y de Sinaloa Tambi\u00e9n estuvieron presentes sus compa\u00f1eros de El Colegio de Sinaloa, como el reconocido escritor \u00c9lmer Mendoza Mazatl\u00e1n, Sin.- Con motivo del reciente fallecimiento del artista Antonio L\u00f3pez S\u00e1enz, este martes 15 de agosto, se reunieron diversas personalidades de [&hellip;]<\/p>\n","protected":false},"author":4,"featured_media":55604,"comment_status":"open","ping_status":"open","sticky":false,"template":"","format":"standard","meta":{"tdm_status":"","tdm_grid_status":"","footnotes":""},"categories":[38,1],"tags":[],"class_list":{"0":"post-55600","1":"post","2":"type-post","3":"status-publish","4":"format-standard","5":"has-post-thumbnail","7":"category-noticias-locales","8":"category-sin-categoria"},"yoast_head":"<!-- This site is optimized with the Yoast SEO plugin v27.5 - https:\/\/yoast.com\/product\/yoast-seo-wordpress\/ -->\n<title>Despiden artistas y gestores culturales al pintor Antonio L\u00f3pez S\u00e1enz - Fuentes Fidedignas<\/title>\n<meta name=\"robots\" content=\"index, follow, max-snippet:-1, max-image-preview:large, max-video-preview:-1\" \/>\n<link rel=\"canonical\" href=\"https:\/\/fuentesfidedignas.com.mx\/index.php\/2023\/08\/16\/despiden-artistas-y-gestores-culturales-al-pintor-antonio-lopez-saenz\/\" \/>\n<meta property=\"og:locale\" content=\"es_MX\" \/>\n<meta property=\"og:type\" content=\"article\" \/>\n<meta property=\"og:title\" content=\"Despiden artistas y gestores culturales al pintor Antonio L\u00f3pez S\u00e1enz - Fuentes Fidedignas\" \/>\n<meta property=\"og:description\" content=\"En la funeraria estuvieron recordando an\u00e9cdotas con el pintor diversos agentes culturales de Mazatl\u00e1n y de Sinaloa Tambi\u00e9n estuvieron presentes sus compa\u00f1eros de El Colegio de Sinaloa, como el reconocido escritor \u00c9lmer Mendoza Mazatl\u00e1n, Sin.- Con motivo del reciente fallecimiento del artista Antonio L\u00f3pez S\u00e1enz, este martes 15 de agosto, se reunieron diversas personalidades de [&hellip;]\" \/>\n<meta property=\"og:url\" content=\"https:\/\/fuentesfidedignas.com.mx\/index.php\/2023\/08\/16\/despiden-artistas-y-gestores-culturales-al-pintor-antonio-lopez-saenz\/\" \/>\n<meta property=\"og:site_name\" content=\"Fuentes Fidedignas\" \/>\n<meta property=\"article:publisher\" content=\"https:\/\/www.facebook.com\/Fuentes-Fidedignas-368234489921644\" \/>\n<meta property=\"article:published_time\" content=\"2023-08-16T22:59:26+00:00\" \/>\n<meta property=\"article:modified_time\" content=\"2023-08-16T22:59:57+00:00\" \/>\n<meta property=\"og:image\" content=\"https:\/\/fuentesfidedignas.com.mx\/wp-content\/uploads\/2023\/08\/IMG-20230816-WA0032.jpg\" \/>\n\t<meta property=\"og:image:width\" content=\"1024\" \/>\n\t<meta property=\"og:image:height\" content=\"683\" \/>\n\t<meta property=\"og:image:type\" content=\"image\/jpeg\" \/>\n<meta name=\"author\" content=\"Redacci\u00f3n\" \/>\n<meta name=\"twitter:card\" content=\"summary_large_image\" \/>\n<meta name=\"twitter:creator\" content=\"@fidedignas\" \/>\n<meta name=\"twitter:site\" content=\"@fidedignas\" \/>\n<meta name=\"twitter:label1\" content=\"Escrito por\" \/>\n\t<meta name=\"twitter:data1\" content=\"Redacci\u00f3n\" \/>\n\t<meta name=\"twitter:label2\" content=\"Tiempo de lectura\" \/>\n\t<meta name=\"twitter:data2\" content=\"3 minutos\" \/>\n<script type=\"application\/ld+json\" class=\"yoast-schema-graph\">{\"@context\":\"https:\\\/\\\/schema.org\",\"@graph\":[{\"@type\":\"Article\",\"@id\":\"https:\\\/\\\/fuentesfidedignas.com.mx\\\/index.php\\\/2023\\\/08\\\/16\\\/despiden-artistas-y-gestores-culturales-al-pintor-antonio-lopez-saenz\\\/#article\",\"isPartOf\":{\"@id\":\"https:\\\/\\\/fuentesfidedignas.com.mx\\\/index.php\\\/2023\\\/08\\\/16\\\/despiden-artistas-y-gestores-culturales-al-pintor-antonio-lopez-saenz\\\/\"},\"author\":{\"name\":\"Redacci\u00f3n\",\"@id\":\"https:\\\/\\\/fuentesfidedignas.com.mx\\\/#\\\/schema\\\/person\\\/331be9283d37198e2acd5750279085b0\"},\"headline\":\"Despiden artistas y gestores culturales al pintor Antonio L\u00f3pez S\u00e1enz\",\"datePublished\":\"2023-08-16T22:59:26+00:00\",\"dateModified\":\"2023-08-16T22:59:57+00:00\",\"mainEntityOfPage\":{\"@id\":\"https:\\\/\\\/fuentesfidedignas.com.mx\\\/index.php\\\/2023\\\/08\\\/16\\\/despiden-artistas-y-gestores-culturales-al-pintor-antonio-lopez-saenz\\\/\"},\"wordCount\":534,\"commentCount\":0,\"publisher\":{\"@id\":\"https:\\\/\\\/fuentesfidedignas.com.mx\\\/#organization\"},\"image\":{\"@id\":\"https:\\\/\\\/fuentesfidedignas.com.mx\\\/index.php\\\/2023\\\/08\\\/16\\\/despiden-artistas-y-gestores-culturales-al-pintor-antonio-lopez-saenz\\\/#primaryimage\"},\"thumbnailUrl\":\"https:\\\/\\\/fuentesfidedignas.com.mx\\\/wp-content\\\/uploads\\\/2023\\\/08\\\/IMG-20230816-WA0032.jpg\",\"articleSection\":[\"NOTICIAS LOCALES\"],\"inLanguage\":\"es\",\"potentialAction\":[{\"@type\":\"CommentAction\",\"name\":\"Comment\",\"target\":[\"https:\\\/\\\/fuentesfidedignas.com.mx\\\/index.php\\\/2023\\\/08\\\/16\\\/despiden-artistas-y-gestores-culturales-al-pintor-antonio-lopez-saenz\\\/#respond\"]}]},{\"@type\":\"WebPage\",\"@id\":\"https:\\\/\\\/fuentesfidedignas.com.mx\\\/index.php\\\/2023\\\/08\\\/16\\\/despiden-artistas-y-gestores-culturales-al-pintor-antonio-lopez-saenz\\\/\",\"url\":\"https:\\\/\\\/fuentesfidedignas.com.mx\\\/index.php\\\/2023\\\/08\\\/16\\\/despiden-artistas-y-gestores-culturales-al-pintor-antonio-lopez-saenz\\\/\",\"name\":\"Despiden artistas y gestores culturales al pintor Antonio L\u00f3pez S\u00e1enz - Fuentes Fidedignas\",\"isPartOf\":{\"@id\":\"https:\\\/\\\/fuentesfidedignas.com.mx\\\/#website\"},\"primaryImageOfPage\":{\"@id\":\"https:\\\/\\\/fuentesfidedignas.com.mx\\\/index.php\\\/2023\\\/08\\\/16\\\/despiden-artistas-y-gestores-culturales-al-pintor-antonio-lopez-saenz\\\/#primaryimage\"},\"image\":{\"@id\":\"https:\\\/\\\/fuentesfidedignas.com.mx\\\/index.php\\\/2023\\\/08\\\/16\\\/despiden-artistas-y-gestores-culturales-al-pintor-antonio-lopez-saenz\\\/#primaryimage\"},\"thumbnailUrl\":\"https:\\\/\\\/fuentesfidedignas.com.mx\\\/wp-content\\\/uploads\\\/2023\\\/08\\\/IMG-20230816-WA0032.jpg\",\"datePublished\":\"2023-08-16T22:59:26+00:00\",\"dateModified\":\"2023-08-16T22:59:57+00:00\",\"breadcrumb\":{\"@id\":\"https:\\\/\\\/fuentesfidedignas.com.mx\\\/index.php\\\/2023\\\/08\\\/16\\\/despiden-artistas-y-gestores-culturales-al-pintor-antonio-lopez-saenz\\\/#breadcrumb\"},\"inLanguage\":\"es\",\"potentialAction\":[{\"@type\":\"ReadAction\",\"target\":[\"https:\\\/\\\/fuentesfidedignas.com.mx\\\/index.php\\\/2023\\\/08\\\/16\\\/despiden-artistas-y-gestores-culturales-al-pintor-antonio-lopez-saenz\\\/\"]}]},{\"@type\":\"ImageObject\",\"inLanguage\":\"es\",\"@id\":\"https:\\\/\\\/fuentesfidedignas.com.mx\\\/index.php\\\/2023\\\/08\\\/16\\\/despiden-artistas-y-gestores-culturales-al-pintor-antonio-lopez-saenz\\\/#primaryimage\",\"url\":\"https:\\\/\\\/fuentesfidedignas.com.mx\\\/wp-content\\\/uploads\\\/2023\\\/08\\\/IMG-20230816-WA0032.jpg\",\"contentUrl\":\"https:\\\/\\\/fuentesfidedignas.com.mx\\\/wp-content\\\/uploads\\\/2023\\\/08\\\/IMG-20230816-WA0032.jpg\",\"width\":1024,\"height\":683},{\"@type\":\"BreadcrumbList\",\"@id\":\"https:\\\/\\\/fuentesfidedignas.com.mx\\\/index.php\\\/2023\\\/08\\\/16\\\/despiden-artistas-y-gestores-culturales-al-pintor-antonio-lopez-saenz\\\/#breadcrumb\",\"itemListElement\":[{\"@type\":\"ListItem\",\"position\":1,\"name\":\"Inicio\",\"item\":\"https:\\\/\\\/fuentesfidedignas.com.mx\\\/\"},{\"@type\":\"ListItem\",\"position\":2,\"name\":\"Despiden artistas y gestores culturales al pintor Antonio L\u00f3pez S\u00e1enz\"}]},{\"@type\":\"WebSite\",\"@id\":\"https:\\\/\\\/fuentesfidedignas.com.mx\\\/#website\",\"url\":\"https:\\\/\\\/fuentesfidedignas.com.mx\\\/\",\"name\":\"Fuentes Fidedignas\",\"description\":\"Otro sitio realizado con WordPress\",\"publisher\":{\"@id\":\"https:\\\/\\\/fuentesfidedignas.com.mx\\\/#organization\"},\"potentialAction\":[{\"@type\":\"SearchAction\",\"target\":{\"@type\":\"EntryPoint\",\"urlTemplate\":\"https:\\\/\\\/fuentesfidedignas.com.mx\\\/?s={search_term_string}\"},\"query-input\":{\"@type\":\"PropertyValueSpecification\",\"valueRequired\":true,\"valueName\":\"search_term_string\"}}],\"inLanguage\":\"es\"},{\"@type\":\"Organization\",\"@id\":\"https:\\\/\\\/fuentesfidedignas.com.mx\\\/#organization\",\"name\":\"Fuentes Fidedignas\",\"url\":\"https:\\\/\\\/fuentesfidedignas.com.mx\\\/\",\"logo\":{\"@type\":\"ImageObject\",\"inLanguage\":\"es\",\"@id\":\"https:\\\/\\\/fuentesfidedignas.com.mx\\\/#\\\/schema\\\/logo\\\/image\\\/\",\"url\":\"https:\\\/\\\/fuentesfidedignas.com.mx\\\/wp-content\\\/uploads\\\/2021\\\/04\\\/logo-retina.png\",\"contentUrl\":\"https:\\\/\\\/fuentesfidedignas.com.mx\\\/wp-content\\\/uploads\\\/2021\\\/04\\\/logo-retina.png\",\"width\":280,\"height\":51,\"caption\":\"Fuentes Fidedignas\"},\"image\":{\"@id\":\"https:\\\/\\\/fuentesfidedignas.com.mx\\\/#\\\/schema\\\/logo\\\/image\\\/\"},\"sameAs\":[\"https:\\\/\\\/www.facebook.com\\\/Fuentes-Fidedignas-368234489921644\",\"https:\\\/\\\/x.com\\\/fidedignas\"]},{\"@type\":\"Person\",\"@id\":\"https:\\\/\\\/fuentesfidedignas.com.mx\\\/#\\\/schema\\\/person\\\/331be9283d37198e2acd5750279085b0\",\"name\":\"Redacci\u00f3n\",\"image\":{\"@type\":\"ImageObject\",\"inLanguage\":\"es\",\"@id\":\"https:\\\/\\\/secure.gravatar.com\\\/avatar\\\/f6d8782c11d12b2d4ad3fbb6931aeab5309937a4d6cd2fc9cfaa28a6396a5aec?s=96&d=mm&r=g\",\"url\":\"https:\\\/\\\/secure.gravatar.com\\\/avatar\\\/f6d8782c11d12b2d4ad3fbb6931aeab5309937a4d6cd2fc9cfaa28a6396a5aec?s=96&d=mm&r=g\",\"contentUrl\":\"https:\\\/\\\/secure.gravatar.com\\\/avatar\\\/f6d8782c11d12b2d4ad3fbb6931aeab5309937a4d6cd2fc9cfaa28a6396a5aec?s=96&d=mm&r=g\",\"caption\":\"Redacci\u00f3n\"},\"url\":\"https:\\\/\\\/fuentesfidedignas.com.mx\\\/index.php\\\/author\\\/redaccion\\\/\"}]}<\/script>\n<!-- \/ Yoast SEO plugin. -->","yoast_head_json":{"title":"Despiden artistas y gestores culturales al pintor Antonio L\u00f3pez S\u00e1enz - Fuentes Fidedignas","robots":{"index":"index","follow":"follow","max-snippet":"max-snippet:-1","max-image-preview":"max-image-preview:large","max-video-preview":"max-video-preview:-1"},"canonical":"https:\/\/fuentesfidedignas.com.mx\/index.php\/2023\/08\/16\/despiden-artistas-y-gestores-culturales-al-pintor-antonio-lopez-saenz\/","og_locale":"es_MX","og_type":"article","og_title":"Despiden artistas y gestores culturales al pintor Antonio L\u00f3pez S\u00e1enz - Fuentes Fidedignas","og_description":"En la funeraria estuvieron recordando an\u00e9cdotas con el pintor diversos agentes culturales de Mazatl\u00e1n y de Sinaloa Tambi\u00e9n estuvieron presentes sus compa\u00f1eros de El Colegio de Sinaloa, como el reconocido escritor \u00c9lmer Mendoza Mazatl\u00e1n, Sin.- Con motivo del reciente fallecimiento del artista Antonio L\u00f3pez S\u00e1enz, este martes 15 de agosto, se reunieron diversas personalidades de [&hellip;]","og_url":"https:\/\/fuentesfidedignas.com.mx\/index.php\/2023\/08\/16\/despiden-artistas-y-gestores-culturales-al-pintor-antonio-lopez-saenz\/","og_site_name":"Fuentes Fidedignas","article_publisher":"https:\/\/www.facebook.com\/Fuentes-Fidedignas-368234489921644","article_published_time":"2023-08-16T22:59:26+00:00","article_modified_time":"2023-08-16T22:59:57+00:00","og_image":[{"width":1024,"height":683,"url":"https:\/\/fuentesfidedignas.com.mx\/wp-content\/uploads\/2023\/08\/IMG-20230816-WA0032.jpg","type":"image\/jpeg"}],"author":"Redacci\u00f3n","twitter_card":"summary_large_image","twitter_creator":"@fidedignas","twitter_site":"@fidedignas","twitter_misc":{"Escrito por":"Redacci\u00f3n","Tiempo de lectura":"3 minutos"},"schema":{"@context":"https:\/\/schema.org","@graph":[{"@type":"Article","@id":"https:\/\/fuentesfidedignas.com.mx\/index.php\/2023\/08\/16\/despiden-artistas-y-gestores-culturales-al-pintor-antonio-lopez-saenz\/#article","isPartOf":{"@id":"https:\/\/fuentesfidedignas.com.mx\/index.php\/2023\/08\/16\/despiden-artistas-y-gestores-culturales-al-pintor-antonio-lopez-saenz\/"},"author":{"name":"Redacci\u00f3n","@id":"https:\/\/fuentesfidedignas.com.mx\/#\/schema\/person\/331be9283d37198e2acd5750279085b0"},"headline":"Despiden artistas y gestores culturales al pintor Antonio L\u00f3pez S\u00e1enz","datePublished":"2023-08-16T22:59:26+00:00","dateModified":"2023-08-16T22:59:57+00:00","mainEntityOfPage":{"@id":"https:\/\/fuentesfidedignas.com.mx\/index.php\/2023\/08\/16\/despiden-artistas-y-gestores-culturales-al-pintor-antonio-lopez-saenz\/"},"wordCount":534,"commentCount":0,"publisher":{"@id":"https:\/\/fuentesfidedignas.com.mx\/#organization"},"image":{"@id":"https:\/\/fuentesfidedignas.com.mx\/index.php\/2023\/08\/16\/despiden-artistas-y-gestores-culturales-al-pintor-antonio-lopez-saenz\/#primaryimage"},"thumbnailUrl":"https:\/\/fuentesfidedignas.com.mx\/wp-content\/uploads\/2023\/08\/IMG-20230816-WA0032.jpg","articleSection":["NOTICIAS LOCALES"],"inLanguage":"es","potentialAction":[{"@type":"CommentAction","name":"Comment","target":["https:\/\/fuentesfidedignas.com.mx\/index.php\/2023\/08\/16\/despiden-artistas-y-gestores-culturales-al-pintor-antonio-lopez-saenz\/#respond"]}]},{"@type":"WebPage","@id":"https:\/\/fuentesfidedignas.com.mx\/index.php\/2023\/08\/16\/despiden-artistas-y-gestores-culturales-al-pintor-antonio-lopez-saenz\/","url":"https:\/\/fuentesfidedignas.com.mx\/index.php\/2023\/08\/16\/despiden-artistas-y-gestores-culturales-al-pintor-antonio-lopez-saenz\/","name":"Despiden artistas y gestores culturales al pintor Antonio L\u00f3pez S\u00e1enz - Fuentes Fidedignas","isPartOf":{"@id":"https:\/\/fuentesfidedignas.com.mx\/#website"},"primaryImageOfPage":{"@id":"https:\/\/fuentesfidedignas.com.mx\/index.php\/2023\/08\/16\/despiden-artistas-y-gestores-culturales-al-pintor-antonio-lopez-saenz\/#primaryimage"},"image":{"@id":"https:\/\/fuentesfidedignas.com.mx\/index.php\/2023\/08\/16\/despiden-artistas-y-gestores-culturales-al-pintor-antonio-lopez-saenz\/#primaryimage"},"thumbnailUrl":"https:\/\/fuentesfidedignas.com.mx\/wp-content\/uploads\/2023\/08\/IMG-20230816-WA0032.jpg","datePublished":"2023-08-16T22:59:26+00:00","dateModified":"2023-08-16T22:59:57+00:00","breadcrumb":{"@id":"https:\/\/fuentesfidedignas.com.mx\/index.php\/2023\/08\/16\/despiden-artistas-y-gestores-culturales-al-pintor-antonio-lopez-saenz\/#breadcrumb"},"inLanguage":"es","potentialAction":[{"@type":"ReadAction","target":["https:\/\/fuentesfidedignas.com.mx\/index.php\/2023\/08\/16\/despiden-artistas-y-gestores-culturales-al-pintor-antonio-lopez-saenz\/"]}]},{"@type":"ImageObject","inLanguage":"es","@id":"https:\/\/fuentesfidedignas.com.mx\/index.php\/2023\/08\/16\/despiden-artistas-y-gestores-culturales-al-pintor-antonio-lopez-saenz\/#primaryimage","url":"https:\/\/fuentesfidedignas.com.mx\/wp-content\/uploads\/2023\/08\/IMG-20230816-WA0032.jpg","contentUrl":"https:\/\/fuentesfidedignas.com.mx\/wp-content\/uploads\/2023\/08\/IMG-20230816-WA0032.jpg","width":1024,"height":683},{"@type":"BreadcrumbList","@id":"https:\/\/fuentesfidedignas.com.mx\/index.php\/2023\/08\/16\/despiden-artistas-y-gestores-culturales-al-pintor-antonio-lopez-saenz\/#breadcrumb","itemListElement":[{"@type":"ListItem","position":1,"name":"Inicio","item":"https:\/\/fuentesfidedignas.com.mx\/"},{"@type":"ListItem","position":2,"name":"Despiden artistas y gestores culturales al pintor Antonio L\u00f3pez S\u00e1enz"}]},{"@type":"WebSite","@id":"https:\/\/fuentesfidedignas.com.mx\/#website","url":"https:\/\/fuentesfidedignas.com.mx\/","name":"Fuentes Fidedignas","description":"Otro sitio realizado con WordPress","publisher":{"@id":"https:\/\/fuentesfidedignas.com.mx\/#organization"},"potentialAction":[{"@type":"SearchAction","target":{"@type":"EntryPoint","urlTemplate":"https:\/\/fuentesfidedignas.com.mx\/?s={search_term_string}"},"query-input":{"@type":"PropertyValueSpecification","valueRequired":true,"valueName":"search_term_string"}}],"inLanguage":"es"},{"@type":"Organization","@id":"https:\/\/fuentesfidedignas.com.mx\/#organization","name":"Fuentes Fidedignas","url":"https:\/\/fuentesfidedignas.com.mx\/","logo":{"@type":"ImageObject","inLanguage":"es","@id":"https:\/\/fuentesfidedignas.com.mx\/#\/schema\/logo\/image\/","url":"https:\/\/fuentesfidedignas.com.mx\/wp-content\/uploads\/2021\/04\/logo-retina.png","contentUrl":"https:\/\/fuentesfidedignas.com.mx\/wp-content\/uploads\/2021\/04\/logo-retina.png","width":280,"height":51,"caption":"Fuentes Fidedignas"},"image":{"@id":"https:\/\/fuentesfidedignas.com.mx\/#\/schema\/logo\/image\/"},"sameAs":["https:\/\/www.facebook.com\/Fuentes-Fidedignas-368234489921644","https:\/\/x.com\/fidedignas"]},{"@type":"Person","@id":"https:\/\/fuentesfidedignas.com.mx\/#\/schema\/person\/331be9283d37198e2acd5750279085b0","name":"Redacci\u00f3n","image":{"@type":"ImageObject","inLanguage":"es","@id":"https:\/\/secure.gravatar.com\/avatar\/f6d8782c11d12b2d4ad3fbb6931aeab5309937a4d6cd2fc9cfaa28a6396a5aec?s=96&d=mm&r=g","url":"https:\/\/secure.gravatar.com\/avatar\/f6d8782c11d12b2d4ad3fbb6931aeab5309937a4d6cd2fc9cfaa28a6396a5aec?s=96&d=mm&r=g","contentUrl":"https:\/\/secure.gravatar.com\/avatar\/f6d8782c11d12b2d4ad3fbb6931aeab5309937a4d6cd2fc9cfaa28a6396a5aec?s=96&d=mm&r=g","caption":"Redacci\u00f3n"},"url":"https:\/\/fuentesfidedignas.com.mx\/index.php\/author\/redaccion\/"}]}},"_links":{"self":[{"href":"https:\/\/fuentesfidedignas.com.mx\/index.php\/wp-json\/wp\/v2\/posts\/55600","targetHints":{"allow":["GET"]}}],"collection":[{"href":"https:\/\/fuentesfidedignas.com.mx\/index.php\/wp-json\/wp\/v2\/posts"}],"about":[{"href":"https:\/\/fuentesfidedignas.com.mx\/index.php\/wp-json\/wp\/v2\/types\/post"}],"author":[{"embeddable":true,"href":"https:\/\/fuentesfidedignas.com.mx\/index.php\/wp-json\/wp\/v2\/users\/4"}],"replies":[{"embeddable":true,"href":"https:\/\/fuentesfidedignas.com.mx\/index.php\/wp-json\/wp\/v2\/comments?post=55600"}],"version-history":[{"count":1,"href":"https:\/\/fuentesfidedignas.com.mx\/index.php\/wp-json\/wp\/v2\/posts\/55600\/revisions"}],"predecessor-version":[{"id":55603,"href":"https:\/\/fuentesfidedignas.com.mx\/index.php\/wp-json\/wp\/v2\/posts\/55600\/revisions\/55603"}],"wp:featuredmedia":[{"embeddable":true,"href":"https:\/\/fuentesfidedignas.com.mx\/index.php\/wp-json\/wp\/v2\/media\/55604"}],"wp:attachment":[{"href":"https:\/\/fuentesfidedignas.com.mx\/index.php\/wp-json\/wp\/v2\/media?parent=55600"}],"wp:term":[{"taxonomy":"category","embeddable":true,"href":"https:\/\/fuentesfidedignas.com.mx\/index.php\/wp-json\/wp\/v2\/categories?post=55600"},{"taxonomy":"post_tag","embeddable":true,"href":"https:\/\/fuentesfidedignas.com.mx\/index.php\/wp-json\/wp\/v2\/tags?post=55600"}],"curies":[{"name":"wp","href":"https:\/\/api.w.org\/{rel}","templated":true}]}}