{"id":55596,"date":"2023-08-16T15:45:55","date_gmt":"2023-08-16T22:45:55","guid":{"rendered":"https:\/\/fuentesfidedignas.com.mx\/?p=55596"},"modified":"2023-08-16T15:47:59","modified_gmt":"2023-08-16T22:47:59","slug":"que-grupos-criminales-acechan-lagos-de-moreno-y-la-region-de-los-altos-de-jalisco","status":"publish","type":"post","link":"https:\/\/fuentesfidedignas.com.mx\/index.php\/2023\/08\/16\/que-grupos-criminales-acechan-lagos-de-moreno-y-la-region-de-los-altos-de-jalisco\/","title":{"rendered":"Qu\u00e9 grupos criminales acechan Lagos de Moreno y la regi\u00f3n de Los Altos de Jalisco"},"content":{"rendered":"\n<p><br><strong><em>La zona donde desaparecieron cinco j\u00f3venes el pasado 11 de agosto ha sido escenario de cruentas disputas entre distintas bandas delictivas<\/em><\/strong><\/p>\n\n\n\n<p>Jalisco. La ciudad de Lagos de Moreno, enclavada en la regi\u00f3n Altos Norte del estado de Jalisco, se posicion\u00f3 entre los principales temas del debate p\u00fablico debido a la desaparici\u00f3n de cinco j\u00f3venes, vistos por \u00faltima vez el 11 de agosto.<\/p>\n\n\n\n<p>Roberto Olmeda Cu\u00e9llar, Diego Lara Santoyo, Uriel Galv\u00e1n, Jaime Miranda y Dante Hern\u00e1ndez habr\u00edan sido privados de su libertad luego de haber estado en la Feria Lagos de Moreno. El plan era que, al salir de dicho evento, se reunir\u00edan con otro muchacho.<\/p>\n\n\n\n<p>Su amigo, al dejar de recibir noticias sobre el grupo, alert\u00f3 a sus familias y fue as\u00ed comenzaron a llegar los reportes a la Polic\u00eda Municipal.<\/p>\n\n\n\n<p>Los j\u00f3venes desaparecieron en una zona que, durante a\u00f1os, se ha visto asediada por las violentas disputas entre grupos del crimen organizado.<\/p>\n\n\n\n<p><img decoding=\"async\" height=\"1080\" width=\"1920\" srcset=\"https:\/\/www.infobae.com\/new-resizer\/6Jz4Jc87QJbzuYA0Db3WH6wZc7c=\/420x236\/filters:format(webp):quality(85)\/cloudfront-us-east-1.images.arcpublishing.com\/infobae\/KZXPDESOLJA35OSKDCEEBZRRKY.jpg 420w,https:\/\/www.infobae.com\/new-resizer\/0Loew_3bHNGeoBGqsgOa8dfcxX0=\/768x432\/filters:format(webp):quality(85)\/cloudfront-us-east-1.images.arcpublishing.com\/infobae\/KZXPDESOLJA35OSKDCEEBZRRKY.jpg 768w,https:\/\/www.infobae.com\/new-resizer\/g90LhRNCSNdsKrogjKjJuVDoITg=\/992x558\/filters:format(webp):quality(85)\/cloudfront-us-east-1.images.arcpublishing.com\/infobae\/KZXPDESOLJA35OSKDCEEBZRRKY.jpg 992w,https:\/\/www.infobae.com\/new-resizer\/yYgRgJ8W9vc-XwhF0m92-TBut3c=\/1200x675\/filters:format(webp):quality(85)\/cloudfront-us-east-1.images.arcpublishing.com\/infobae\/KZXPDESOLJA35OSKDCEEBZRRKY.jpg 1200w,https:\/\/www.infobae.com\/new-resizer\/-buRBb9Y998UzRmiGX80KMUYf3s=\/1440x810\/filters:format(webp):quality(85)\/cloudfront-us-east-1.images.arcpublishing.com\/infobae\/KZXPDESOLJA35OSKDCEEBZRRKY.jpg 1440w\" src=\"https:\/\/www.infobae.com\/new-resizer\/_lI7FpVd8WaGUpTy53PZaxToa1A=\/arc-anglerfish-arc2-prod-infobae\/public\/KZXPDESOLJA35OSKDCEEBZRRKY.jpg\" alt=\"Algunos de los l\u00edderes del CJNG identificados por la Sedena en Jalisco. (Contral\u00ednea\/CJNG)\">Algunos de los l\u00edderes del CJNG identificados por la Sedena en Jalisco. (Contral\u00ednea\/CJNG)<\/p>\n\n\n\n<p>Actualmente, seg\u00fan reportes de inteligencia obtenidos tras el hackeo a la Secretar\u00eda de la Defensa Nacional (<strong>Sedena<\/strong>), la estructura criminal con mayor presencia en el estado de Jalisco es, precisamente, el C\u00e1rtel de Jalisco Nueva Generaci\u00f3n (<strong>CJNG<\/strong>).<\/p>\n\n\n\n<p>En un documento que expone la estructura de la organizaci\u00f3n, los reportes militares detallaron que en la regi\u00f3n de Los Altos \u2014donde se ubica Lagos de Moreno\u2014 opera el<strong>&nbsp;Grupo \u00c9lite Delictivo de Reacci\u00f3n Inmediata (GEDDRI)<\/strong>, uno de los principales brazos armados del CJNG.<\/p>\n\n\n\n<p>Acorte con los documentos del Ej\u00e9rcito, el GEDDRI estar\u00eda bajo el liderazgo de<strong>\u00a0Gonzalo Mendoza Gayt\u00e1n, alias \u201cEl Sapo\u201d<\/strong>\u00a0o \u201cEl 90\u2033, quien se ha posicionado como una de las figuras de mayor relevancia para el c\u00e1rtel de las cuatro letras, pues en 2012 asumi\u00f3 el control de la plaza en Puerto Vallarta e incluso se le relaciona con el asesinato del exgobernador\u00a0<strong>Arist\u00f3teles Sandoval<\/strong>, acribillado a tiros en diciembre de 2020.<\/p>\n\n\n\n<figure class=\"wp-block-image size-full\"><img decoding=\"async\" width=\"992\" height=\"558\" src=\"https:\/\/fuentesfidedignas.com.mx\/wp-content\/uploads\/2023\/08\/image-11.png\" alt=\"\" class=\"wp-image-55597\" srcset=\"https:\/\/fuentesfidedignas.com.mx\/wp-content\/uploads\/2023\/08\/image-11.png 992w, https:\/\/fuentesfidedignas.com.mx\/wp-content\/uploads\/2023\/08\/image-11-300x169.png 300w, https:\/\/fuentesfidedignas.com.mx\/wp-content\/uploads\/2023\/08\/image-11-768x432.png 768w\" sizes=\"(max-width: 992px) 100vw, 992px\" \/><\/figure>\n\n\n\n<p>A pesar del dominio que el c\u00e1rtel de Nemesio Oseguera Cervantes, alias \u201c<strong>El Mencho<\/strong>\u201d, mantiene en casi todos los municipios de Jalisco, hay otros grupos que intentan disputar el control del territorio, pues Jalisco es un punto de alta importancia estrat\u00e9gica para el r<strong>obo de combustible y el trasiego de drogas.<\/strong><\/p>\n\n\n\n<p>En&nbsp;<strong>Lagos de Moreno<\/strong>, por ejemplo, la Sedena identific\u00f3 la presencia de dos<strong>&nbsp;bandas locales<\/strong>, identificadas como&nbsp;<strong>Los Puga<\/strong>&nbsp;\u2014liderada por Emmanuel Puga Alonso, alias \u201cEl Puga\u201d\u2014 y&nbsp;<strong>El JJ<\/strong>&nbsp;\u2014cuyo l\u00edder ser\u00eda un sujeto de nombre Juan Jos\u00e9 P\u00e9rez Padilla\u2014.<\/p>\n\n\n\n<blockquote class=\"wp-block-quote is-layout-flow wp-block-quote-is-layout-flow\">\n<p>Por su cercan\u00eda al estado de Guanajuato, Lagos de Moreno y roda la regi\u00f3n de Los Altos es de gran inter\u00e9s para los grupos criminales, pues su presencia les da acceso a las rutas del llamado \u201cTri\u00e1ngulo dorado del huachicol\u201d.<\/p>\n<\/blockquote>\n\n\n\n<p>En este contexto, el C\u00e1rtel de Sinaloa (CDS) tambi\u00e9n ha incursionado en la regi\u00f3n de Los Altos con la intenci\u00f3n de arrebatarle el imperio criminal al \u201cMencho\u201d y sus hombres.<\/p>\n\n\n\n<p>Municipios como&nbsp;<strong>Teocaltiche<\/strong>&nbsp;\u2014ubicado a unos 100 kil\u00f3metros de Lagos de Moreno\u2014 han sido el escenario de esta violenta disputa. En tal demarcaci\u00f3n, la Sedena identific\u00f3 como los m\u00e1s destacados mandamases del CDS a los hermanos&nbsp;<strong>Mario y Ram\u00f3n Gonz\u00e1lez Mart\u00ednez<\/strong>.<\/p>\n\n\n\n<p>Ambos son hijos de Mario Gonz\u00e1lez Guti\u00e9rrez, alias \u201cDon Mario\u201d, que en vida fue uno de los hombres m\u00e1s cercanos a Joaqu\u00edn \u201cEl Chapo\u201d Guzm\u00e1n. Aprovechando tales nexos, as\u00ed como su amistad con Iv\u00e1n Archivaldo Guzm\u00e1n Salazar, Mario Gonz\u00e1lez Mart\u00ednez qued\u00f3 como cabecilla del c\u00e1rtel en la regi\u00f3n, mientras que su hermano Ram\u00f3n estar\u00eda al mando de su equipo de sicarios.<\/p>\n\n\n\n<p>Los reportes filtrados de la Sedena evidenciaron que Mario y Ram\u00f3n habr\u00edan forjado una c\u00e9lula denominada\u00a0<strong>Los Herederos<\/strong>, encargada de la distribuci\u00f3n de droga sint\u00e9tica en la zona norte de Jalisco.<\/p>\n","protected":false},"excerpt":{"rendered":"<p>La zona donde desaparecieron cinco j\u00f3venes el pasado 11 de agosto ha sido escenario de cruentas disputas entre distintas bandas delictivas Jalisco. La ciudad de Lagos de Moreno, enclavada en la regi\u00f3n Altos Norte del estado de Jalisco, se posicion\u00f3 entre los principales temas del debate p\u00fablico debido a la desaparici\u00f3n de cinco j\u00f3venes, vistos [&hellip;]<\/p>\n","protected":false},"author":41,"featured_media":55599,"comment_status":"open","ping_status":"open","sticky":false,"template":"","format":"standard","meta":{"tdm_status":"","tdm_grid_status":"","footnotes":""},"categories":[39,1],"tags":[],"class_list":{"0":"post-55596","1":"post","2":"type-post","3":"status-publish","4":"format-standard","5":"has-post-thumbnail","7":"category-noticias-nacionales","8":"category-sin-categoria"},"yoast_head":"<!-- This site is optimized with the Yoast SEO plugin v27.5 - https:\/\/yoast.com\/product\/yoast-seo-wordpress\/ -->\n<title>Qu\u00e9 grupos criminales acechan Lagos de Moreno y la regi\u00f3n de Los Altos de Jalisco - Fuentes Fidedignas<\/title>\n<meta name=\"robots\" content=\"index, follow, max-snippet:-1, max-image-preview:large, max-video-preview:-1\" \/>\n<link rel=\"canonical\" href=\"https:\/\/fuentesfidedignas.com.mx\/index.php\/2023\/08\/16\/que-grupos-criminales-acechan-lagos-de-moreno-y-la-region-de-los-altos-de-jalisco\/\" \/>\n<meta property=\"og:locale\" content=\"es_MX\" \/>\n<meta property=\"og:type\" content=\"article\" \/>\n<meta property=\"og:title\" content=\"Qu\u00e9 grupos criminales acechan Lagos de Moreno y la regi\u00f3n de Los Altos de Jalisco - Fuentes Fidedignas\" \/>\n<meta property=\"og:description\" content=\"La zona donde desaparecieron cinco j\u00f3venes el pasado 11 de agosto ha sido escenario de cruentas disputas entre distintas bandas delictivas Jalisco. La ciudad de Lagos de Moreno, enclavada en la regi\u00f3n Altos Norte del estado de Jalisco, se posicion\u00f3 entre los principales temas del debate p\u00fablico debido a la desaparici\u00f3n de cinco j\u00f3venes, vistos [&hellip;]\" \/>\n<meta property=\"og:url\" content=\"https:\/\/fuentesfidedignas.com.mx\/index.php\/2023\/08\/16\/que-grupos-criminales-acechan-lagos-de-moreno-y-la-region-de-los-altos-de-jalisco\/\" \/>\n<meta property=\"og:site_name\" content=\"Fuentes Fidedignas\" \/>\n<meta property=\"article:publisher\" content=\"https:\/\/www.facebook.com\/Fuentes-Fidedignas-368234489921644\" \/>\n<meta property=\"article:published_time\" content=\"2023-08-16T22:45:55+00:00\" \/>\n<meta property=\"article:modified_time\" content=\"2023-08-16T22:47:59+00:00\" \/>\n<meta property=\"og:image\" content=\"https:\/\/fuentesfidedignas.com.mx\/wp-content\/uploads\/2023\/08\/3GSPCBYYQRALXPH6KS4LTTRQ2U.jpg\" \/>\n\t<meta property=\"og:image:width\" content=\"992\" \/>\n\t<meta property=\"og:image:height\" content=\"661\" \/>\n\t<meta property=\"og:image:type\" content=\"image\/jpeg\" \/>\n<meta name=\"author\" content=\"Infobae\" \/>\n<meta name=\"twitter:card\" content=\"summary_large_image\" \/>\n<meta name=\"twitter:creator\" content=\"@fidedignas\" \/>\n<meta name=\"twitter:site\" content=\"@fidedignas\" \/>\n<meta name=\"twitter:label1\" content=\"Escrito por\" \/>\n\t<meta name=\"twitter:data1\" content=\"Infobae\" \/>\n\t<meta name=\"twitter:label2\" content=\"Tiempo de lectura\" \/>\n\t<meta name=\"twitter:data2\" content=\"4 minutos\" \/>\n<script type=\"application\/ld+json\" class=\"yoast-schema-graph\">{\"@context\":\"https:\\\/\\\/schema.org\",\"@graph\":[{\"@type\":\"Article\",\"@id\":\"https:\\\/\\\/fuentesfidedignas.com.mx\\\/index.php\\\/2023\\\/08\\\/16\\\/que-grupos-criminales-acechan-lagos-de-moreno-y-la-region-de-los-altos-de-jalisco\\\/#article\",\"isPartOf\":{\"@id\":\"https:\\\/\\\/fuentesfidedignas.com.mx\\\/index.php\\\/2023\\\/08\\\/16\\\/que-grupos-criminales-acechan-lagos-de-moreno-y-la-region-de-los-altos-de-jalisco\\\/\"},\"author\":{\"name\":\"Infobae\",\"@id\":\"https:\\\/\\\/fuentesfidedignas.com.mx\\\/#\\\/schema\\\/person\\\/8575896a7c1067d352f6c1cd6582c389\"},\"headline\":\"Qu\u00e9 grupos criminales acechan Lagos de Moreno y la regi\u00f3n de Los Altos de Jalisco\",\"datePublished\":\"2023-08-16T22:45:55+00:00\",\"dateModified\":\"2023-08-16T22:47:59+00:00\",\"mainEntityOfPage\":{\"@id\":\"https:\\\/\\\/fuentesfidedignas.com.mx\\\/index.php\\\/2023\\\/08\\\/16\\\/que-grupos-criminales-acechan-lagos-de-moreno-y-la-region-de-los-altos-de-jalisco\\\/\"},\"wordCount\":699,\"commentCount\":0,\"publisher\":{\"@id\":\"https:\\\/\\\/fuentesfidedignas.com.mx\\\/#organization\"},\"image\":{\"@id\":\"https:\\\/\\\/fuentesfidedignas.com.mx\\\/index.php\\\/2023\\\/08\\\/16\\\/que-grupos-criminales-acechan-lagos-de-moreno-y-la-region-de-los-altos-de-jalisco\\\/#primaryimage\"},\"thumbnailUrl\":\"https:\\\/\\\/fuentesfidedignas.com.mx\\\/wp-content\\\/uploads\\\/2023\\\/08\\\/3GSPCBYYQRALXPH6KS4LTTRQ2U.jpg\",\"articleSection\":[\"NOTICIAS NACIONALES\"],\"inLanguage\":\"es\",\"potentialAction\":[{\"@type\":\"CommentAction\",\"name\":\"Comment\",\"target\":[\"https:\\\/\\\/fuentesfidedignas.com.mx\\\/index.php\\\/2023\\\/08\\\/16\\\/que-grupos-criminales-acechan-lagos-de-moreno-y-la-region-de-los-altos-de-jalisco\\\/#respond\"]}]},{\"@type\":\"WebPage\",\"@id\":\"https:\\\/\\\/fuentesfidedignas.com.mx\\\/index.php\\\/2023\\\/08\\\/16\\\/que-grupos-criminales-acechan-lagos-de-moreno-y-la-region-de-los-altos-de-jalisco\\\/\",\"url\":\"https:\\\/\\\/fuentesfidedignas.com.mx\\\/index.php\\\/2023\\\/08\\\/16\\\/que-grupos-criminales-acechan-lagos-de-moreno-y-la-region-de-los-altos-de-jalisco\\\/\",\"name\":\"Qu\u00e9 grupos criminales acechan Lagos de Moreno y la regi\u00f3n de Los Altos de Jalisco - Fuentes Fidedignas\",\"isPartOf\":{\"@id\":\"https:\\\/\\\/fuentesfidedignas.com.mx\\\/#website\"},\"primaryImageOfPage\":{\"@id\":\"https:\\\/\\\/fuentesfidedignas.com.mx\\\/index.php\\\/2023\\\/08\\\/16\\\/que-grupos-criminales-acechan-lagos-de-moreno-y-la-region-de-los-altos-de-jalisco\\\/#primaryimage\"},\"image\":{\"@id\":\"https:\\\/\\\/fuentesfidedignas.com.mx\\\/index.php\\\/2023\\\/08\\\/16\\\/que-grupos-criminales-acechan-lagos-de-moreno-y-la-region-de-los-altos-de-jalisco\\\/#primaryimage\"},\"thumbnailUrl\":\"https:\\\/\\\/fuentesfidedignas.com.mx\\\/wp-content\\\/uploads\\\/2023\\\/08\\\/3GSPCBYYQRALXPH6KS4LTTRQ2U.jpg\",\"datePublished\":\"2023-08-16T22:45:55+00:00\",\"dateModified\":\"2023-08-16T22:47:59+00:00\",\"breadcrumb\":{\"@id\":\"https:\\\/\\\/fuentesfidedignas.com.mx\\\/index.php\\\/2023\\\/08\\\/16\\\/que-grupos-criminales-acechan-lagos-de-moreno-y-la-region-de-los-altos-de-jalisco\\\/#breadcrumb\"},\"inLanguage\":\"es\",\"potentialAction\":[{\"@type\":\"ReadAction\",\"target\":[\"https:\\\/\\\/fuentesfidedignas.com.mx\\\/index.php\\\/2023\\\/08\\\/16\\\/que-grupos-criminales-acechan-lagos-de-moreno-y-la-region-de-los-altos-de-jalisco\\\/\"]}]},{\"@type\":\"ImageObject\",\"inLanguage\":\"es\",\"@id\":\"https:\\\/\\\/fuentesfidedignas.com.mx\\\/index.php\\\/2023\\\/08\\\/16\\\/que-grupos-criminales-acechan-lagos-de-moreno-y-la-region-de-los-altos-de-jalisco\\\/#primaryimage\",\"url\":\"https:\\\/\\\/fuentesfidedignas.com.mx\\\/wp-content\\\/uploads\\\/2023\\\/08\\\/3GSPCBYYQRALXPH6KS4LTTRQ2U.jpg\",\"contentUrl\":\"https:\\\/\\\/fuentesfidedignas.com.mx\\\/wp-content\\\/uploads\\\/2023\\\/08\\\/3GSPCBYYQRALXPH6KS4LTTRQ2U.jpg\",\"width\":992,\"height\":661},{\"@type\":\"BreadcrumbList\",\"@id\":\"https:\\\/\\\/fuentesfidedignas.com.mx\\\/index.php\\\/2023\\\/08\\\/16\\\/que-grupos-criminales-acechan-lagos-de-moreno-y-la-region-de-los-altos-de-jalisco\\\/#breadcrumb\",\"itemListElement\":[{\"@type\":\"ListItem\",\"position\":1,\"name\":\"Inicio\",\"item\":\"https:\\\/\\\/fuentesfidedignas.com.mx\\\/\"},{\"@type\":\"ListItem\",\"position\":2,\"name\":\"Qu\u00e9 grupos criminales acechan Lagos de Moreno y la regi\u00f3n de Los Altos de Jalisco\"}]},{\"@type\":\"WebSite\",\"@id\":\"https:\\\/\\\/fuentesfidedignas.com.mx\\\/#website\",\"url\":\"https:\\\/\\\/fuentesfidedignas.com.mx\\\/\",\"name\":\"Fuentes Fidedignas\",\"description\":\"Otro sitio realizado con WordPress\",\"publisher\":{\"@id\":\"https:\\\/\\\/fuentesfidedignas.com.mx\\\/#organization\"},\"potentialAction\":[{\"@type\":\"SearchAction\",\"target\":{\"@type\":\"EntryPoint\",\"urlTemplate\":\"https:\\\/\\\/fuentesfidedignas.com.mx\\\/?s={search_term_string}\"},\"query-input\":{\"@type\":\"PropertyValueSpecification\",\"valueRequired\":true,\"valueName\":\"search_term_string\"}}],\"inLanguage\":\"es\"},{\"@type\":\"Organization\",\"@id\":\"https:\\\/\\\/fuentesfidedignas.com.mx\\\/#organization\",\"name\":\"Fuentes Fidedignas\",\"url\":\"https:\\\/\\\/fuentesfidedignas.com.mx\\\/\",\"logo\":{\"@type\":\"ImageObject\",\"inLanguage\":\"es\",\"@id\":\"https:\\\/\\\/fuentesfidedignas.com.mx\\\/#\\\/schema\\\/logo\\\/image\\\/\",\"url\":\"https:\\\/\\\/fuentesfidedignas.com.mx\\\/wp-content\\\/uploads\\\/2021\\\/04\\\/logo-retina.png\",\"contentUrl\":\"https:\\\/\\\/fuentesfidedignas.com.mx\\\/wp-content\\\/uploads\\\/2021\\\/04\\\/logo-retina.png\",\"width\":280,\"height\":51,\"caption\":\"Fuentes Fidedignas\"},\"image\":{\"@id\":\"https:\\\/\\\/fuentesfidedignas.com.mx\\\/#\\\/schema\\\/logo\\\/image\\\/\"},\"sameAs\":[\"https:\\\/\\\/www.facebook.com\\\/Fuentes-Fidedignas-368234489921644\",\"https:\\\/\\\/x.com\\\/fidedignas\"]},{\"@type\":\"Person\",\"@id\":\"https:\\\/\\\/fuentesfidedignas.com.mx\\\/#\\\/schema\\\/person\\\/8575896a7c1067d352f6c1cd6582c389\",\"name\":\"Infobae\",\"image\":{\"@type\":\"ImageObject\",\"inLanguage\":\"es\",\"@id\":\"https:\\\/\\\/secure.gravatar.com\\\/avatar\\\/e4ec95706f8d1670343f6526fdcec45474bab17475a851434a64ca12b5acba1c?s=96&d=mm&r=g\",\"url\":\"https:\\\/\\\/secure.gravatar.com\\\/avatar\\\/e4ec95706f8d1670343f6526fdcec45474bab17475a851434a64ca12b5acba1c?s=96&d=mm&r=g\",\"contentUrl\":\"https:\\\/\\\/secure.gravatar.com\\\/avatar\\\/e4ec95706f8d1670343f6526fdcec45474bab17475a851434a64ca12b5acba1c?s=96&d=mm&r=g\",\"caption\":\"Infobae\"},\"url\":\"https:\\\/\\\/fuentesfidedignas.com.mx\\\/index.php\\\/author\\\/infobae\\\/\"}]}<\/script>\n<!-- \/ Yoast SEO plugin. -->","yoast_head_json":{"title":"Qu\u00e9 grupos criminales acechan Lagos de Moreno y la regi\u00f3n de Los Altos de Jalisco - Fuentes Fidedignas","robots":{"index":"index","follow":"follow","max-snippet":"max-snippet:-1","max-image-preview":"max-image-preview:large","max-video-preview":"max-video-preview:-1"},"canonical":"https:\/\/fuentesfidedignas.com.mx\/index.php\/2023\/08\/16\/que-grupos-criminales-acechan-lagos-de-moreno-y-la-region-de-los-altos-de-jalisco\/","og_locale":"es_MX","og_type":"article","og_title":"Qu\u00e9 grupos criminales acechan Lagos de Moreno y la regi\u00f3n de Los Altos de Jalisco - Fuentes Fidedignas","og_description":"La zona donde desaparecieron cinco j\u00f3venes el pasado 11 de agosto ha sido escenario de cruentas disputas entre distintas bandas delictivas Jalisco. La ciudad de Lagos de Moreno, enclavada en la regi\u00f3n Altos Norte del estado de Jalisco, se posicion\u00f3 entre los principales temas del debate p\u00fablico debido a la desaparici\u00f3n de cinco j\u00f3venes, vistos [&hellip;]","og_url":"https:\/\/fuentesfidedignas.com.mx\/index.php\/2023\/08\/16\/que-grupos-criminales-acechan-lagos-de-moreno-y-la-region-de-los-altos-de-jalisco\/","og_site_name":"Fuentes Fidedignas","article_publisher":"https:\/\/www.facebook.com\/Fuentes-Fidedignas-368234489921644","article_published_time":"2023-08-16T22:45:55+00:00","article_modified_time":"2023-08-16T22:47:59+00:00","og_image":[{"width":992,"height":661,"url":"https:\/\/fuentesfidedignas.com.mx\/wp-content\/uploads\/2023\/08\/3GSPCBYYQRALXPH6KS4LTTRQ2U.jpg","type":"image\/jpeg"}],"author":"Infobae","twitter_card":"summary_large_image","twitter_creator":"@fidedignas","twitter_site":"@fidedignas","twitter_misc":{"Escrito por":"Infobae","Tiempo de lectura":"4 minutos"},"schema":{"@context":"https:\/\/schema.org","@graph":[{"@type":"Article","@id":"https:\/\/fuentesfidedignas.com.mx\/index.php\/2023\/08\/16\/que-grupos-criminales-acechan-lagos-de-moreno-y-la-region-de-los-altos-de-jalisco\/#article","isPartOf":{"@id":"https:\/\/fuentesfidedignas.com.mx\/index.php\/2023\/08\/16\/que-grupos-criminales-acechan-lagos-de-moreno-y-la-region-de-los-altos-de-jalisco\/"},"author":{"name":"Infobae","@id":"https:\/\/fuentesfidedignas.com.mx\/#\/schema\/person\/8575896a7c1067d352f6c1cd6582c389"},"headline":"Qu\u00e9 grupos criminales acechan Lagos de Moreno y la regi\u00f3n de Los Altos de Jalisco","datePublished":"2023-08-16T22:45:55+00:00","dateModified":"2023-08-16T22:47:59+00:00","mainEntityOfPage":{"@id":"https:\/\/fuentesfidedignas.com.mx\/index.php\/2023\/08\/16\/que-grupos-criminales-acechan-lagos-de-moreno-y-la-region-de-los-altos-de-jalisco\/"},"wordCount":699,"commentCount":0,"publisher":{"@id":"https:\/\/fuentesfidedignas.com.mx\/#organization"},"image":{"@id":"https:\/\/fuentesfidedignas.com.mx\/index.php\/2023\/08\/16\/que-grupos-criminales-acechan-lagos-de-moreno-y-la-region-de-los-altos-de-jalisco\/#primaryimage"},"thumbnailUrl":"https:\/\/fuentesfidedignas.com.mx\/wp-content\/uploads\/2023\/08\/3GSPCBYYQRALXPH6KS4LTTRQ2U.jpg","articleSection":["NOTICIAS NACIONALES"],"inLanguage":"es","potentialAction":[{"@type":"CommentAction","name":"Comment","target":["https:\/\/fuentesfidedignas.com.mx\/index.php\/2023\/08\/16\/que-grupos-criminales-acechan-lagos-de-moreno-y-la-region-de-los-altos-de-jalisco\/#respond"]}]},{"@type":"WebPage","@id":"https:\/\/fuentesfidedignas.com.mx\/index.php\/2023\/08\/16\/que-grupos-criminales-acechan-lagos-de-moreno-y-la-region-de-los-altos-de-jalisco\/","url":"https:\/\/fuentesfidedignas.com.mx\/index.php\/2023\/08\/16\/que-grupos-criminales-acechan-lagos-de-moreno-y-la-region-de-los-altos-de-jalisco\/","name":"Qu\u00e9 grupos criminales acechan Lagos de Moreno y la regi\u00f3n de Los Altos de Jalisco - Fuentes Fidedignas","isPartOf":{"@id":"https:\/\/fuentesfidedignas.com.mx\/#website"},"primaryImageOfPage":{"@id":"https:\/\/fuentesfidedignas.com.mx\/index.php\/2023\/08\/16\/que-grupos-criminales-acechan-lagos-de-moreno-y-la-region-de-los-altos-de-jalisco\/#primaryimage"},"image":{"@id":"https:\/\/fuentesfidedignas.com.mx\/index.php\/2023\/08\/16\/que-grupos-criminales-acechan-lagos-de-moreno-y-la-region-de-los-altos-de-jalisco\/#primaryimage"},"thumbnailUrl":"https:\/\/fuentesfidedignas.com.mx\/wp-content\/uploads\/2023\/08\/3GSPCBYYQRALXPH6KS4LTTRQ2U.jpg","datePublished":"2023-08-16T22:45:55+00:00","dateModified":"2023-08-16T22:47:59+00:00","breadcrumb":{"@id":"https:\/\/fuentesfidedignas.com.mx\/index.php\/2023\/08\/16\/que-grupos-criminales-acechan-lagos-de-moreno-y-la-region-de-los-altos-de-jalisco\/#breadcrumb"},"inLanguage":"es","potentialAction":[{"@type":"ReadAction","target":["https:\/\/fuentesfidedignas.com.mx\/index.php\/2023\/08\/16\/que-grupos-criminales-acechan-lagos-de-moreno-y-la-region-de-los-altos-de-jalisco\/"]}]},{"@type":"ImageObject","inLanguage":"es","@id":"https:\/\/fuentesfidedignas.com.mx\/index.php\/2023\/08\/16\/que-grupos-criminales-acechan-lagos-de-moreno-y-la-region-de-los-altos-de-jalisco\/#primaryimage","url":"https:\/\/fuentesfidedignas.com.mx\/wp-content\/uploads\/2023\/08\/3GSPCBYYQRALXPH6KS4LTTRQ2U.jpg","contentUrl":"https:\/\/fuentesfidedignas.com.mx\/wp-content\/uploads\/2023\/08\/3GSPCBYYQRALXPH6KS4LTTRQ2U.jpg","width":992,"height":661},{"@type":"BreadcrumbList","@id":"https:\/\/fuentesfidedignas.com.mx\/index.php\/2023\/08\/16\/que-grupos-criminales-acechan-lagos-de-moreno-y-la-region-de-los-altos-de-jalisco\/#breadcrumb","itemListElement":[{"@type":"ListItem","position":1,"name":"Inicio","item":"https:\/\/fuentesfidedignas.com.mx\/"},{"@type":"ListItem","position":2,"name":"Qu\u00e9 grupos criminales acechan Lagos de Moreno y la regi\u00f3n de Los Altos de Jalisco"}]},{"@type":"WebSite","@id":"https:\/\/fuentesfidedignas.com.mx\/#website","url":"https:\/\/fuentesfidedignas.com.mx\/","name":"Fuentes Fidedignas","description":"Otro sitio realizado con WordPress","publisher":{"@id":"https:\/\/fuentesfidedignas.com.mx\/#organization"},"potentialAction":[{"@type":"SearchAction","target":{"@type":"EntryPoint","urlTemplate":"https:\/\/fuentesfidedignas.com.mx\/?s={search_term_string}"},"query-input":{"@type":"PropertyValueSpecification","valueRequired":true,"valueName":"search_term_string"}}],"inLanguage":"es"},{"@type":"Organization","@id":"https:\/\/fuentesfidedignas.com.mx\/#organization","name":"Fuentes Fidedignas","url":"https:\/\/fuentesfidedignas.com.mx\/","logo":{"@type":"ImageObject","inLanguage":"es","@id":"https:\/\/fuentesfidedignas.com.mx\/#\/schema\/logo\/image\/","url":"https:\/\/fuentesfidedignas.com.mx\/wp-content\/uploads\/2021\/04\/logo-retina.png","contentUrl":"https:\/\/fuentesfidedignas.com.mx\/wp-content\/uploads\/2021\/04\/logo-retina.png","width":280,"height":51,"caption":"Fuentes Fidedignas"},"image":{"@id":"https:\/\/fuentesfidedignas.com.mx\/#\/schema\/logo\/image\/"},"sameAs":["https:\/\/www.facebook.com\/Fuentes-Fidedignas-368234489921644","https:\/\/x.com\/fidedignas"]},{"@type":"Person","@id":"https:\/\/fuentesfidedignas.com.mx\/#\/schema\/person\/8575896a7c1067d352f6c1cd6582c389","name":"Infobae","image":{"@type":"ImageObject","inLanguage":"es","@id":"https:\/\/secure.gravatar.com\/avatar\/e4ec95706f8d1670343f6526fdcec45474bab17475a851434a64ca12b5acba1c?s=96&d=mm&r=g","url":"https:\/\/secure.gravatar.com\/avatar\/e4ec95706f8d1670343f6526fdcec45474bab17475a851434a64ca12b5acba1c?s=96&d=mm&r=g","contentUrl":"https:\/\/secure.gravatar.com\/avatar\/e4ec95706f8d1670343f6526fdcec45474bab17475a851434a64ca12b5acba1c?s=96&d=mm&r=g","caption":"Infobae"},"url":"https:\/\/fuentesfidedignas.com.mx\/index.php\/author\/infobae\/"}]}},"_links":{"self":[{"href":"https:\/\/fuentesfidedignas.com.mx\/index.php\/wp-json\/wp\/v2\/posts\/55596","targetHints":{"allow":["GET"]}}],"collection":[{"href":"https:\/\/fuentesfidedignas.com.mx\/index.php\/wp-json\/wp\/v2\/posts"}],"about":[{"href":"https:\/\/fuentesfidedignas.com.mx\/index.php\/wp-json\/wp\/v2\/types\/post"}],"author":[{"embeddable":true,"href":"https:\/\/fuentesfidedignas.com.mx\/index.php\/wp-json\/wp\/v2\/users\/41"}],"replies":[{"embeddable":true,"href":"https:\/\/fuentesfidedignas.com.mx\/index.php\/wp-json\/wp\/v2\/comments?post=55596"}],"version-history":[{"count":1,"href":"https:\/\/fuentesfidedignas.com.mx\/index.php\/wp-json\/wp\/v2\/posts\/55596\/revisions"}],"predecessor-version":[{"id":55598,"href":"https:\/\/fuentesfidedignas.com.mx\/index.php\/wp-json\/wp\/v2\/posts\/55596\/revisions\/55598"}],"wp:featuredmedia":[{"embeddable":true,"href":"https:\/\/fuentesfidedignas.com.mx\/index.php\/wp-json\/wp\/v2\/media\/55599"}],"wp:attachment":[{"href":"https:\/\/fuentesfidedignas.com.mx\/index.php\/wp-json\/wp\/v2\/media?parent=55596"}],"wp:term":[{"taxonomy":"category","embeddable":true,"href":"https:\/\/fuentesfidedignas.com.mx\/index.php\/wp-json\/wp\/v2\/categories?post=55596"},{"taxonomy":"post_tag","embeddable":true,"href":"https:\/\/fuentesfidedignas.com.mx\/index.php\/wp-json\/wp\/v2\/tags?post=55596"}],"curies":[{"name":"wp","href":"https:\/\/api.w.org\/{rel}","templated":true}]}}