{"id":55592,"date":"2023-08-16T13:51:38","date_gmt":"2023-08-16T20:51:38","guid":{"rendered":"https:\/\/fuentesfidedignas.com.mx\/?p=55592"},"modified":"2023-08-16T13:52:37","modified_gmt":"2023-08-16T20:52:37","slug":"le-dan-condena-de-35-anos-su-ex-pago-100-mil-pesos-por-mandar-matar-a-yitzel","status":"publish","type":"post","link":"https:\/\/fuentesfidedignas.com.mx\/index.php\/2023\/08\/16\/le-dan-condena-de-35-anos-su-ex-pago-100-mil-pesos-por-mandar-matar-a-yitzel\/","title":{"rendered":"Le dan condena de 35 a\u00f1os; su ex pag\u00f3 100 mil pesos por mandar matar a Yitzel"},"content":{"rendered":"\n<p><strong><em>Logra FGE pena de 35 a\u00f1os 6 meses y 20 d\u00edas de c\u00e1rcel para Adolfo \u201cO\u201d por feminicidio en grado de tentativa<\/em><\/strong> <\/p>\n\n\n\n<p>Culiac\u00e1n, Sin.- Una condena de 35 a\u00f1os 6 meses 20 d\u00edas de prisi\u00f3n logr\u00f3 la Fiscal\u00eda General del Estado contra Adolfo \u201cO\u201d, a quien se le acredit\u00f3 la responsabilidad en el delito de feminicidio agravado en grado de tentativa en perjuicio de Yitzel \u201cA\u201d, ocurrido el 21 de febrero de 2023.<\/p>\n\n\n\n<p>En audiencia de procedimiento abreviado de la causa penal 250\/2023 el Juez de Control Enjuiciamiento Penal dict\u00f3 tambi\u00e9n que el condenado deber\u00e1 pagar la cantidad de 149 mil 40 pesos por reparaci\u00f3n del da\u00f1o adem\u00e1s de una multa de 40 mil 60 pesos con 56 centavos.<\/p>\n\n\n\n<p>La Agencia Especializada en Violencia contra las Mujeres y Grupos en Situaci\u00f3n de Vulnerabilidad, Regi\u00f3n Centro, llev\u00f3 a cabo las investigaciones luego de los hechos ocurridos en la fecha antes citada, por el bulevar Juan de la Barrera en la colonia Chapultepec.<\/p>\n\n\n\n<p>Adolfo \u201cO\u201d, fue contratado junto con otro sujeto, para privar de la vida a Yitzel \u201cA\u201d, por lo que el 21 de febrero de 2023 cuando la mujer circulaba en un autom\u00f3vil BMW por la vialidad antes mencionada se le atravesaron con una unidad Mazda desde la cual le comenzaron a disparar.<\/p>\n\n\n\n<p>Los atacantes pensaron que hab\u00edan logrado su objetivo de privar de la vida a Yitzel, \u201cA\u201d y huyeron del lugar dej\u00e1ndola malherida; la mujer logr\u00f3 salvar su vida.<\/p>\n","protected":false},"excerpt":{"rendered":"<p>Logra FGE pena de 35 a\u00f1os 6 meses y 20 d\u00edas de c\u00e1rcel para Adolfo \u201cO\u201d por feminicidio en grado de tentativa Culiac\u00e1n, Sin.- Una condena de 35 a\u00f1os 6 meses 20 d\u00edas de prisi\u00f3n logr\u00f3 la Fiscal\u00eda General del Estado contra Adolfo \u201cO\u201d, a quien se le acredit\u00f3 la responsabilidad en el delito de [&hellip;]<\/p>\n","protected":false},"author":4,"featured_media":55594,"comment_status":"open","ping_status":"open","sticky":false,"template":"","format":"standard","meta":{"tdm_status":"","tdm_grid_status":"","footnotes":""},"categories":[37,1],"tags":[],"class_list":{"0":"post-55592","1":"post","2":"type-post","3":"status-publish","4":"format-standard","5":"has-post-thumbnail","7":"category-nota-principal","8":"category-sin-categoria"},"yoast_head":"<!-- This site is optimized with the Yoast SEO plugin v27.5 - https:\/\/yoast.com\/product\/yoast-seo-wordpress\/ -->\n<title>Le dan condena de 35 a\u00f1os; su ex pag\u00f3 100 mil pesos por mandar matar a Yitzel - Fuentes Fidedignas<\/title>\n<meta name=\"robots\" content=\"index, follow, max-snippet:-1, max-image-preview:large, max-video-preview:-1\" \/>\n<link rel=\"canonical\" href=\"https:\/\/fuentesfidedignas.com.mx\/index.php\/2023\/08\/16\/le-dan-condena-de-35-anos-su-ex-pago-100-mil-pesos-por-mandar-matar-a-yitzel\/\" \/>\n<meta property=\"og:locale\" content=\"es_MX\" \/>\n<meta property=\"og:type\" content=\"article\" \/>\n<meta property=\"og:title\" content=\"Le dan condena de 35 a\u00f1os; su ex pag\u00f3 100 mil pesos por mandar matar a Yitzel - Fuentes Fidedignas\" \/>\n<meta property=\"og:description\" content=\"Logra FGE pena de 35 a\u00f1os 6 meses y 20 d\u00edas de c\u00e1rcel para Adolfo \u201cO\u201d por feminicidio en grado de tentativa Culiac\u00e1n, Sin.- Una condena de 35 a\u00f1os 6 meses 20 d\u00edas de prisi\u00f3n logr\u00f3 la Fiscal\u00eda General del Estado contra Adolfo \u201cO\u201d, a quien se le acredit\u00f3 la responsabilidad en el delito de [&hellip;]\" \/>\n<meta property=\"og:url\" content=\"https:\/\/fuentesfidedignas.com.mx\/index.php\/2023\/08\/16\/le-dan-condena-de-35-anos-su-ex-pago-100-mil-pesos-por-mandar-matar-a-yitzel\/\" \/>\n<meta property=\"og:site_name\" content=\"Fuentes Fidedignas\" \/>\n<meta property=\"article:publisher\" content=\"https:\/\/www.facebook.com\/Fuentes-Fidedignas-368234489921644\" \/>\n<meta property=\"article:published_time\" content=\"2023-08-16T20:51:38+00:00\" \/>\n<meta property=\"article:modified_time\" content=\"2023-08-16T20:52:37+00:00\" \/>\n<meta property=\"og:image\" content=\"https:\/\/fuentesfidedignas.com.mx\/wp-content\/uploads\/2023\/08\/60AEFFCC-9AA7-4278-8C9E-F9EBE8F30311-1160x700-1.jpeg\" \/>\n\t<meta property=\"og:image:width\" content=\"1160\" \/>\n\t<meta property=\"og:image:height\" content=\"700\" \/>\n\t<meta property=\"og:image:type\" content=\"image\/jpeg\" \/>\n<meta name=\"author\" content=\"Redacci\u00f3n\" \/>\n<meta name=\"twitter:card\" content=\"summary_large_image\" \/>\n<meta name=\"twitter:creator\" content=\"@fidedignas\" \/>\n<meta name=\"twitter:site\" content=\"@fidedignas\" \/>\n<meta name=\"twitter:label1\" content=\"Escrito por\" \/>\n\t<meta name=\"twitter:data1\" content=\"Redacci\u00f3n\" \/>\n\t<meta name=\"twitter:label2\" content=\"Tiempo de lectura\" \/>\n\t<meta name=\"twitter:data2\" content=\"2 minutos\" \/>\n<script type=\"application\/ld+json\" class=\"yoast-schema-graph\">{\"@context\":\"https:\\\/\\\/schema.org\",\"@graph\":[{\"@type\":\"Article\",\"@id\":\"https:\\\/\\\/fuentesfidedignas.com.mx\\\/index.php\\\/2023\\\/08\\\/16\\\/le-dan-condena-de-35-anos-su-ex-pago-100-mil-pesos-por-mandar-matar-a-yitzel\\\/#article\",\"isPartOf\":{\"@id\":\"https:\\\/\\\/fuentesfidedignas.com.mx\\\/index.php\\\/2023\\\/08\\\/16\\\/le-dan-condena-de-35-anos-su-ex-pago-100-mil-pesos-por-mandar-matar-a-yitzel\\\/\"},\"author\":{\"name\":\"Redacci\u00f3n\",\"@id\":\"https:\\\/\\\/fuentesfidedignas.com.mx\\\/#\\\/schema\\\/person\\\/331be9283d37198e2acd5750279085b0\"},\"headline\":\"Le dan condena de 35 a\u00f1os; su ex pag\u00f3 100 mil pesos por mandar matar a Yitzel\",\"datePublished\":\"2023-08-16T20:51:38+00:00\",\"dateModified\":\"2023-08-16T20:52:37+00:00\",\"mainEntityOfPage\":{\"@id\":\"https:\\\/\\\/fuentesfidedignas.com.mx\\\/index.php\\\/2023\\\/08\\\/16\\\/le-dan-condena-de-35-anos-su-ex-pago-100-mil-pesos-por-mandar-matar-a-yitzel\\\/\"},\"wordCount\":259,\"commentCount\":0,\"publisher\":{\"@id\":\"https:\\\/\\\/fuentesfidedignas.com.mx\\\/#organization\"},\"image\":{\"@id\":\"https:\\\/\\\/fuentesfidedignas.com.mx\\\/index.php\\\/2023\\\/08\\\/16\\\/le-dan-condena-de-35-anos-su-ex-pago-100-mil-pesos-por-mandar-matar-a-yitzel\\\/#primaryimage\"},\"thumbnailUrl\":\"https:\\\/\\\/fuentesfidedignas.com.mx\\\/wp-content\\\/uploads\\\/2023\\\/08\\\/60AEFFCC-9AA7-4278-8C9E-F9EBE8F30311-1160x700-1.jpeg\",\"articleSection\":[\"NOTA PRINCIPAL\"],\"inLanguage\":\"es\",\"potentialAction\":[{\"@type\":\"CommentAction\",\"name\":\"Comment\",\"target\":[\"https:\\\/\\\/fuentesfidedignas.com.mx\\\/index.php\\\/2023\\\/08\\\/16\\\/le-dan-condena-de-35-anos-su-ex-pago-100-mil-pesos-por-mandar-matar-a-yitzel\\\/#respond\"]}]},{\"@type\":\"WebPage\",\"@id\":\"https:\\\/\\\/fuentesfidedignas.com.mx\\\/index.php\\\/2023\\\/08\\\/16\\\/le-dan-condena-de-35-anos-su-ex-pago-100-mil-pesos-por-mandar-matar-a-yitzel\\\/\",\"url\":\"https:\\\/\\\/fuentesfidedignas.com.mx\\\/index.php\\\/2023\\\/08\\\/16\\\/le-dan-condena-de-35-anos-su-ex-pago-100-mil-pesos-por-mandar-matar-a-yitzel\\\/\",\"name\":\"Le dan condena de 35 a\u00f1os; su ex pag\u00f3 100 mil pesos por mandar matar a Yitzel - Fuentes Fidedignas\",\"isPartOf\":{\"@id\":\"https:\\\/\\\/fuentesfidedignas.com.mx\\\/#website\"},\"primaryImageOfPage\":{\"@id\":\"https:\\\/\\\/fuentesfidedignas.com.mx\\\/index.php\\\/2023\\\/08\\\/16\\\/le-dan-condena-de-35-anos-su-ex-pago-100-mil-pesos-por-mandar-matar-a-yitzel\\\/#primaryimage\"},\"image\":{\"@id\":\"https:\\\/\\\/fuentesfidedignas.com.mx\\\/index.php\\\/2023\\\/08\\\/16\\\/le-dan-condena-de-35-anos-su-ex-pago-100-mil-pesos-por-mandar-matar-a-yitzel\\\/#primaryimage\"},\"thumbnailUrl\":\"https:\\\/\\\/fuentesfidedignas.com.mx\\\/wp-content\\\/uploads\\\/2023\\\/08\\\/60AEFFCC-9AA7-4278-8C9E-F9EBE8F30311-1160x700-1.jpeg\",\"datePublished\":\"2023-08-16T20:51:38+00:00\",\"dateModified\":\"2023-08-16T20:52:37+00:00\",\"breadcrumb\":{\"@id\":\"https:\\\/\\\/fuentesfidedignas.com.mx\\\/index.php\\\/2023\\\/08\\\/16\\\/le-dan-condena-de-35-anos-su-ex-pago-100-mil-pesos-por-mandar-matar-a-yitzel\\\/#breadcrumb\"},\"inLanguage\":\"es\",\"potentialAction\":[{\"@type\":\"ReadAction\",\"target\":[\"https:\\\/\\\/fuentesfidedignas.com.mx\\\/index.php\\\/2023\\\/08\\\/16\\\/le-dan-condena-de-35-anos-su-ex-pago-100-mil-pesos-por-mandar-matar-a-yitzel\\\/\"]}]},{\"@type\":\"ImageObject\",\"inLanguage\":\"es\",\"@id\":\"https:\\\/\\\/fuentesfidedignas.com.mx\\\/index.php\\\/2023\\\/08\\\/16\\\/le-dan-condena-de-35-anos-su-ex-pago-100-mil-pesos-por-mandar-matar-a-yitzel\\\/#primaryimage\",\"url\":\"https:\\\/\\\/fuentesfidedignas.com.mx\\\/wp-content\\\/uploads\\\/2023\\\/08\\\/60AEFFCC-9AA7-4278-8C9E-F9EBE8F30311-1160x700-1.jpeg\",\"contentUrl\":\"https:\\\/\\\/fuentesfidedignas.com.mx\\\/wp-content\\\/uploads\\\/2023\\\/08\\\/60AEFFCC-9AA7-4278-8C9E-F9EBE8F30311-1160x700-1.jpeg\",\"width\":1160,\"height\":700},{\"@type\":\"BreadcrumbList\",\"@id\":\"https:\\\/\\\/fuentesfidedignas.com.mx\\\/index.php\\\/2023\\\/08\\\/16\\\/le-dan-condena-de-35-anos-su-ex-pago-100-mil-pesos-por-mandar-matar-a-yitzel\\\/#breadcrumb\",\"itemListElement\":[{\"@type\":\"ListItem\",\"position\":1,\"name\":\"Inicio\",\"item\":\"https:\\\/\\\/fuentesfidedignas.com.mx\\\/\"},{\"@type\":\"ListItem\",\"position\":2,\"name\":\"Le dan condena de 35 a\u00f1os; su ex pag\u00f3 100 mil pesos por mandar matar a Yitzel\"}]},{\"@type\":\"WebSite\",\"@id\":\"https:\\\/\\\/fuentesfidedignas.com.mx\\\/#website\",\"url\":\"https:\\\/\\\/fuentesfidedignas.com.mx\\\/\",\"name\":\"Fuentes Fidedignas\",\"description\":\"Otro sitio realizado con WordPress\",\"publisher\":{\"@id\":\"https:\\\/\\\/fuentesfidedignas.com.mx\\\/#organization\"},\"potentialAction\":[{\"@type\":\"SearchAction\",\"target\":{\"@type\":\"EntryPoint\",\"urlTemplate\":\"https:\\\/\\\/fuentesfidedignas.com.mx\\\/?s={search_term_string}\"},\"query-input\":{\"@type\":\"PropertyValueSpecification\",\"valueRequired\":true,\"valueName\":\"search_term_string\"}}],\"inLanguage\":\"es\"},{\"@type\":\"Organization\",\"@id\":\"https:\\\/\\\/fuentesfidedignas.com.mx\\\/#organization\",\"name\":\"Fuentes Fidedignas\",\"url\":\"https:\\\/\\\/fuentesfidedignas.com.mx\\\/\",\"logo\":{\"@type\":\"ImageObject\",\"inLanguage\":\"es\",\"@id\":\"https:\\\/\\\/fuentesfidedignas.com.mx\\\/#\\\/schema\\\/logo\\\/image\\\/\",\"url\":\"https:\\\/\\\/fuentesfidedignas.com.mx\\\/wp-content\\\/uploads\\\/2021\\\/04\\\/logo-retina.png\",\"contentUrl\":\"https:\\\/\\\/fuentesfidedignas.com.mx\\\/wp-content\\\/uploads\\\/2021\\\/04\\\/logo-retina.png\",\"width\":280,\"height\":51,\"caption\":\"Fuentes Fidedignas\"},\"image\":{\"@id\":\"https:\\\/\\\/fuentesfidedignas.com.mx\\\/#\\\/schema\\\/logo\\\/image\\\/\"},\"sameAs\":[\"https:\\\/\\\/www.facebook.com\\\/Fuentes-Fidedignas-368234489921644\",\"https:\\\/\\\/x.com\\\/fidedignas\"]},{\"@type\":\"Person\",\"@id\":\"https:\\\/\\\/fuentesfidedignas.com.mx\\\/#\\\/schema\\\/person\\\/331be9283d37198e2acd5750279085b0\",\"name\":\"Redacci\u00f3n\",\"image\":{\"@type\":\"ImageObject\",\"inLanguage\":\"es\",\"@id\":\"https:\\\/\\\/secure.gravatar.com\\\/avatar\\\/f6d8782c11d12b2d4ad3fbb6931aeab5309937a4d6cd2fc9cfaa28a6396a5aec?s=96&d=mm&r=g\",\"url\":\"https:\\\/\\\/secure.gravatar.com\\\/avatar\\\/f6d8782c11d12b2d4ad3fbb6931aeab5309937a4d6cd2fc9cfaa28a6396a5aec?s=96&d=mm&r=g\",\"contentUrl\":\"https:\\\/\\\/secure.gravatar.com\\\/avatar\\\/f6d8782c11d12b2d4ad3fbb6931aeab5309937a4d6cd2fc9cfaa28a6396a5aec?s=96&d=mm&r=g\",\"caption\":\"Redacci\u00f3n\"},\"url\":\"https:\\\/\\\/fuentesfidedignas.com.mx\\\/index.php\\\/author\\\/redaccion\\\/\"}]}<\/script>\n<!-- \/ Yoast SEO plugin. -->","yoast_head_json":{"title":"Le dan condena de 35 a\u00f1os; su ex pag\u00f3 100 mil pesos por mandar matar a Yitzel - Fuentes Fidedignas","robots":{"index":"index","follow":"follow","max-snippet":"max-snippet:-1","max-image-preview":"max-image-preview:large","max-video-preview":"max-video-preview:-1"},"canonical":"https:\/\/fuentesfidedignas.com.mx\/index.php\/2023\/08\/16\/le-dan-condena-de-35-anos-su-ex-pago-100-mil-pesos-por-mandar-matar-a-yitzel\/","og_locale":"es_MX","og_type":"article","og_title":"Le dan condena de 35 a\u00f1os; su ex pag\u00f3 100 mil pesos por mandar matar a Yitzel - Fuentes Fidedignas","og_description":"Logra FGE pena de 35 a\u00f1os 6 meses y 20 d\u00edas de c\u00e1rcel para Adolfo \u201cO\u201d por feminicidio en grado de tentativa Culiac\u00e1n, Sin.- Una condena de 35 a\u00f1os 6 meses 20 d\u00edas de prisi\u00f3n logr\u00f3 la Fiscal\u00eda General del Estado contra Adolfo \u201cO\u201d, a quien se le acredit\u00f3 la responsabilidad en el delito de [&hellip;]","og_url":"https:\/\/fuentesfidedignas.com.mx\/index.php\/2023\/08\/16\/le-dan-condena-de-35-anos-su-ex-pago-100-mil-pesos-por-mandar-matar-a-yitzel\/","og_site_name":"Fuentes Fidedignas","article_publisher":"https:\/\/www.facebook.com\/Fuentes-Fidedignas-368234489921644","article_published_time":"2023-08-16T20:51:38+00:00","article_modified_time":"2023-08-16T20:52:37+00:00","og_image":[{"width":1160,"height":700,"url":"https:\/\/fuentesfidedignas.com.mx\/wp-content\/uploads\/2023\/08\/60AEFFCC-9AA7-4278-8C9E-F9EBE8F30311-1160x700-1.jpeg","type":"image\/jpeg"}],"author":"Redacci\u00f3n","twitter_card":"summary_large_image","twitter_creator":"@fidedignas","twitter_site":"@fidedignas","twitter_misc":{"Escrito por":"Redacci\u00f3n","Tiempo de lectura":"2 minutos"},"schema":{"@context":"https:\/\/schema.org","@graph":[{"@type":"Article","@id":"https:\/\/fuentesfidedignas.com.mx\/index.php\/2023\/08\/16\/le-dan-condena-de-35-anos-su-ex-pago-100-mil-pesos-por-mandar-matar-a-yitzel\/#article","isPartOf":{"@id":"https:\/\/fuentesfidedignas.com.mx\/index.php\/2023\/08\/16\/le-dan-condena-de-35-anos-su-ex-pago-100-mil-pesos-por-mandar-matar-a-yitzel\/"},"author":{"name":"Redacci\u00f3n","@id":"https:\/\/fuentesfidedignas.com.mx\/#\/schema\/person\/331be9283d37198e2acd5750279085b0"},"headline":"Le dan condena de 35 a\u00f1os; su ex pag\u00f3 100 mil pesos por mandar matar a Yitzel","datePublished":"2023-08-16T20:51:38+00:00","dateModified":"2023-08-16T20:52:37+00:00","mainEntityOfPage":{"@id":"https:\/\/fuentesfidedignas.com.mx\/index.php\/2023\/08\/16\/le-dan-condena-de-35-anos-su-ex-pago-100-mil-pesos-por-mandar-matar-a-yitzel\/"},"wordCount":259,"commentCount":0,"publisher":{"@id":"https:\/\/fuentesfidedignas.com.mx\/#organization"},"image":{"@id":"https:\/\/fuentesfidedignas.com.mx\/index.php\/2023\/08\/16\/le-dan-condena-de-35-anos-su-ex-pago-100-mil-pesos-por-mandar-matar-a-yitzel\/#primaryimage"},"thumbnailUrl":"https:\/\/fuentesfidedignas.com.mx\/wp-content\/uploads\/2023\/08\/60AEFFCC-9AA7-4278-8C9E-F9EBE8F30311-1160x700-1.jpeg","articleSection":["NOTA PRINCIPAL"],"inLanguage":"es","potentialAction":[{"@type":"CommentAction","name":"Comment","target":["https:\/\/fuentesfidedignas.com.mx\/index.php\/2023\/08\/16\/le-dan-condena-de-35-anos-su-ex-pago-100-mil-pesos-por-mandar-matar-a-yitzel\/#respond"]}]},{"@type":"WebPage","@id":"https:\/\/fuentesfidedignas.com.mx\/index.php\/2023\/08\/16\/le-dan-condena-de-35-anos-su-ex-pago-100-mil-pesos-por-mandar-matar-a-yitzel\/","url":"https:\/\/fuentesfidedignas.com.mx\/index.php\/2023\/08\/16\/le-dan-condena-de-35-anos-su-ex-pago-100-mil-pesos-por-mandar-matar-a-yitzel\/","name":"Le dan condena de 35 a\u00f1os; su ex pag\u00f3 100 mil pesos por mandar matar a Yitzel - Fuentes Fidedignas","isPartOf":{"@id":"https:\/\/fuentesfidedignas.com.mx\/#website"},"primaryImageOfPage":{"@id":"https:\/\/fuentesfidedignas.com.mx\/index.php\/2023\/08\/16\/le-dan-condena-de-35-anos-su-ex-pago-100-mil-pesos-por-mandar-matar-a-yitzel\/#primaryimage"},"image":{"@id":"https:\/\/fuentesfidedignas.com.mx\/index.php\/2023\/08\/16\/le-dan-condena-de-35-anos-su-ex-pago-100-mil-pesos-por-mandar-matar-a-yitzel\/#primaryimage"},"thumbnailUrl":"https:\/\/fuentesfidedignas.com.mx\/wp-content\/uploads\/2023\/08\/60AEFFCC-9AA7-4278-8C9E-F9EBE8F30311-1160x700-1.jpeg","datePublished":"2023-08-16T20:51:38+00:00","dateModified":"2023-08-16T20:52:37+00:00","breadcrumb":{"@id":"https:\/\/fuentesfidedignas.com.mx\/index.php\/2023\/08\/16\/le-dan-condena-de-35-anos-su-ex-pago-100-mil-pesos-por-mandar-matar-a-yitzel\/#breadcrumb"},"inLanguage":"es","potentialAction":[{"@type":"ReadAction","target":["https:\/\/fuentesfidedignas.com.mx\/index.php\/2023\/08\/16\/le-dan-condena-de-35-anos-su-ex-pago-100-mil-pesos-por-mandar-matar-a-yitzel\/"]}]},{"@type":"ImageObject","inLanguage":"es","@id":"https:\/\/fuentesfidedignas.com.mx\/index.php\/2023\/08\/16\/le-dan-condena-de-35-anos-su-ex-pago-100-mil-pesos-por-mandar-matar-a-yitzel\/#primaryimage","url":"https:\/\/fuentesfidedignas.com.mx\/wp-content\/uploads\/2023\/08\/60AEFFCC-9AA7-4278-8C9E-F9EBE8F30311-1160x700-1.jpeg","contentUrl":"https:\/\/fuentesfidedignas.com.mx\/wp-content\/uploads\/2023\/08\/60AEFFCC-9AA7-4278-8C9E-F9EBE8F30311-1160x700-1.jpeg","width":1160,"height":700},{"@type":"BreadcrumbList","@id":"https:\/\/fuentesfidedignas.com.mx\/index.php\/2023\/08\/16\/le-dan-condena-de-35-anos-su-ex-pago-100-mil-pesos-por-mandar-matar-a-yitzel\/#breadcrumb","itemListElement":[{"@type":"ListItem","position":1,"name":"Inicio","item":"https:\/\/fuentesfidedignas.com.mx\/"},{"@type":"ListItem","position":2,"name":"Le dan condena de 35 a\u00f1os; su ex pag\u00f3 100 mil pesos por mandar matar a Yitzel"}]},{"@type":"WebSite","@id":"https:\/\/fuentesfidedignas.com.mx\/#website","url":"https:\/\/fuentesfidedignas.com.mx\/","name":"Fuentes Fidedignas","description":"Otro sitio realizado con WordPress","publisher":{"@id":"https:\/\/fuentesfidedignas.com.mx\/#organization"},"potentialAction":[{"@type":"SearchAction","target":{"@type":"EntryPoint","urlTemplate":"https:\/\/fuentesfidedignas.com.mx\/?s={search_term_string}"},"query-input":{"@type":"PropertyValueSpecification","valueRequired":true,"valueName":"search_term_string"}}],"inLanguage":"es"},{"@type":"Organization","@id":"https:\/\/fuentesfidedignas.com.mx\/#organization","name":"Fuentes Fidedignas","url":"https:\/\/fuentesfidedignas.com.mx\/","logo":{"@type":"ImageObject","inLanguage":"es","@id":"https:\/\/fuentesfidedignas.com.mx\/#\/schema\/logo\/image\/","url":"https:\/\/fuentesfidedignas.com.mx\/wp-content\/uploads\/2021\/04\/logo-retina.png","contentUrl":"https:\/\/fuentesfidedignas.com.mx\/wp-content\/uploads\/2021\/04\/logo-retina.png","width":280,"height":51,"caption":"Fuentes Fidedignas"},"image":{"@id":"https:\/\/fuentesfidedignas.com.mx\/#\/schema\/logo\/image\/"},"sameAs":["https:\/\/www.facebook.com\/Fuentes-Fidedignas-368234489921644","https:\/\/x.com\/fidedignas"]},{"@type":"Person","@id":"https:\/\/fuentesfidedignas.com.mx\/#\/schema\/person\/331be9283d37198e2acd5750279085b0","name":"Redacci\u00f3n","image":{"@type":"ImageObject","inLanguage":"es","@id":"https:\/\/secure.gravatar.com\/avatar\/f6d8782c11d12b2d4ad3fbb6931aeab5309937a4d6cd2fc9cfaa28a6396a5aec?s=96&d=mm&r=g","url":"https:\/\/secure.gravatar.com\/avatar\/f6d8782c11d12b2d4ad3fbb6931aeab5309937a4d6cd2fc9cfaa28a6396a5aec?s=96&d=mm&r=g","contentUrl":"https:\/\/secure.gravatar.com\/avatar\/f6d8782c11d12b2d4ad3fbb6931aeab5309937a4d6cd2fc9cfaa28a6396a5aec?s=96&d=mm&r=g","caption":"Redacci\u00f3n"},"url":"https:\/\/fuentesfidedignas.com.mx\/index.php\/author\/redaccion\/"}]}},"_links":{"self":[{"href":"https:\/\/fuentesfidedignas.com.mx\/index.php\/wp-json\/wp\/v2\/posts\/55592","targetHints":{"allow":["GET"]}}],"collection":[{"href":"https:\/\/fuentesfidedignas.com.mx\/index.php\/wp-json\/wp\/v2\/posts"}],"about":[{"href":"https:\/\/fuentesfidedignas.com.mx\/index.php\/wp-json\/wp\/v2\/types\/post"}],"author":[{"embeddable":true,"href":"https:\/\/fuentesfidedignas.com.mx\/index.php\/wp-json\/wp\/v2\/users\/4"}],"replies":[{"embeddable":true,"href":"https:\/\/fuentesfidedignas.com.mx\/index.php\/wp-json\/wp\/v2\/comments?post=55592"}],"version-history":[{"count":1,"href":"https:\/\/fuentesfidedignas.com.mx\/index.php\/wp-json\/wp\/v2\/posts\/55592\/revisions"}],"predecessor-version":[{"id":55593,"href":"https:\/\/fuentesfidedignas.com.mx\/index.php\/wp-json\/wp\/v2\/posts\/55592\/revisions\/55593"}],"wp:featuredmedia":[{"embeddable":true,"href":"https:\/\/fuentesfidedignas.com.mx\/index.php\/wp-json\/wp\/v2\/media\/55594"}],"wp:attachment":[{"href":"https:\/\/fuentesfidedignas.com.mx\/index.php\/wp-json\/wp\/v2\/media?parent=55592"}],"wp:term":[{"taxonomy":"category","embeddable":true,"href":"https:\/\/fuentesfidedignas.com.mx\/index.php\/wp-json\/wp\/v2\/categories?post=55592"},{"taxonomy":"post_tag","embeddable":true,"href":"https:\/\/fuentesfidedignas.com.mx\/index.php\/wp-json\/wp\/v2\/tags?post=55592"}],"curies":[{"name":"wp","href":"https:\/\/api.w.org\/{rel}","templated":true}]}}