{"id":55587,"date":"2023-08-16T13:01:46","date_gmt":"2023-08-16T20:01:46","guid":{"rendered":"https:\/\/fuentesfidedignas.com.mx\/?p=55587"},"modified":"2023-08-16T13:01:48","modified_gmt":"2023-08-16T20:01:48","slug":"tormenta-tropical-hilary-se-forma-en-el-pacifico-se-dirige-hacia-baja-california-sur","status":"publish","type":"post","link":"https:\/\/fuentesfidedignas.com.mx\/index.php\/2023\/08\/16\/tormenta-tropical-hilary-se-forma-en-el-pacifico-se-dirige-hacia-baja-california-sur\/","title":{"rendered":"Tormenta tropical \u2018Hilary\u2019 se forma en el Pac\u00edfico; se dirige hacia Baja California Sur"},"content":{"rendered":"\n<p><br><strong><em>La tormenta tropical Hilary ocasionar\u00e1 lluvias intensas en Guerrero, Michoac\u00e1n y Oaxaca, adem\u00e1s de precipitaciones fuertes en Colima, Jalisco y Nayarit<\/em><\/strong><\/p>\n\n\n\n<p>Baja California.- La tormenta tropical \u2018Hilary\u2019, octavo cicl\u00f3n con nombre de la temporada del Pac\u00edfico 2023, se form\u00f3 este mi\u00e9rcoles frente a las costas de M\u00e9xico en el sur, y sus bandas nubosas provocar\u00e1n lluvias en estados del sur y occidente de M\u00e9xico, inform\u00f3 el Servicio Meteorol\u00f3gico Nacional (SMN).<\/p>\n\n\n\n<p>El SMN indic\u00f3 que durante la ma\u00f1ana se form\u00f3 la tormenta tropical Hilary, que ocasionar\u00e1 lluvias intensas en Guerrero, Michoac\u00e1n y Oaxaca, adem\u00e1s de precipitaciones fuertes en Colima, Jalisco y Nayarit; se prev\u00e9 que llegue a&nbsp;Baja California Sur&nbsp;el fin de semana.<\/p>\n\n\n\n<p>\u201cA las 09:00 horas, tiempo del centro de M\u00e9xico (15:00 GMT), su centro se localiz\u00f3 aproximadamente a 590 kil\u00f3metros (km) al sur de Zihuatanejo, Guerrero, y a 755 km al sursureste de Manzanillo, Colima\u201d, expuso el organismo.<\/p>\n\n\n\n<p>Adem\u00e1s, abund\u00f3, el fen\u00f3meno tiene vientos m\u00e1ximos sostenidos de 65 kil\u00f3metros por hora (km\/h), rachas de 85 km\/h y desplazamiento hacia el oeste-noroeste, a 22 km\/h.<\/p>\n\n\n\n<p>El organismo, dependiente de la Comisi\u00f3n Nacional del Agua (Conagua), se\u00f1al\u00f3 que el fen\u00f3meno ocasionar\u00e1 viento con rachas de 70 a 90 km\/h y oleaje de 2 a 4 metros de altura en el litoral de Colima, Guerrero, Michoac\u00e1n y Oaxaca.<\/p>\n\n\n\n<p>En sus pron\u00f3sticos, el Meteorol\u00f3gico de M\u00e9xico estim\u00f3 que el sistema podr\u00eda generar precipitaciones con descargas el\u00e9ctricas, deslaves, desbordamientos e inundaciones en los estados mencionados.<\/p>\n\n\n\n<h2 class=\"wp-block-heading\" id=\"h-hilary-se-dirige-hacia-baja-california-sur\">\u2018Hilary\u2019 se dirige hacia Baja California Sur<\/h2>\n\n\n\n<p>El SMN exhort\u00f3 a la poblaci\u00f3n a atender las recomendaciones emitidas por las autoridades del Sistema Nacional de Protecci\u00f3n Civil, en cada entidad.<\/p>\n\n\n\n<p>La dependencia federal public\u00f3 un mapa de trayectoria del fen\u00f3meno meteorol\u00f3gico en el cual prev\u00e9 que \u201cHilary\u201d evolucione a hurac\u00e1n categor\u00eda 1 el jueves y se acerque, en categor\u00eda 3, a las costas de Baja California Sur para el domingo.<\/p>\n\n\n\n<p>Adem\u00e1s, pidi\u00f3 a turistas y a la navegaci\u00f3n mar\u00edtima a extremar precauciones ante el oleaje elevado.<\/p>\n","protected":false},"excerpt":{"rendered":"<p>La tormenta tropical Hilary ocasionar\u00e1 lluvias intensas en Guerrero, Michoac\u00e1n y Oaxaca, adem\u00e1s de precipitaciones fuertes en Colima, Jalisco y Nayarit Baja California.- La tormenta tropical \u2018Hilary\u2019, octavo cicl\u00f3n con nombre de la temporada del Pac\u00edfico 2023, se form\u00f3 este mi\u00e9rcoles frente a las costas de M\u00e9xico en el sur, y sus bandas nubosas provocar\u00e1n [&hellip;]<\/p>\n","protected":false},"author":5,"featured_media":55588,"comment_status":"open","ping_status":"open","sticky":false,"template":"","format":"standard","meta":{"tdm_status":"","tdm_grid_status":"","footnotes":""},"categories":[37],"tags":[],"class_list":{"0":"post-55587","1":"post","2":"type-post","3":"status-publish","4":"format-standard","5":"has-post-thumbnail","7":"category-nota-principal"},"yoast_head":"<!-- This site is optimized with the Yoast SEO plugin v27.4 - https:\/\/yoast.com\/product\/yoast-seo-wordpress\/ -->\n<title>Tormenta tropical \u2018Hilary\u2019 se forma en el Pac\u00edfico; se dirige hacia Baja California Sur - Fuentes Fidedignas<\/title>\n<meta name=\"robots\" content=\"index, follow, max-snippet:-1, max-image-preview:large, max-video-preview:-1\" \/>\n<link rel=\"canonical\" href=\"https:\/\/fuentesfidedignas.com.mx\/index.php\/2023\/08\/16\/tormenta-tropical-hilary-se-forma-en-el-pacifico-se-dirige-hacia-baja-california-sur\/\" \/>\n<meta property=\"og:locale\" content=\"es_MX\" \/>\n<meta property=\"og:type\" content=\"article\" \/>\n<meta property=\"og:title\" content=\"Tormenta tropical \u2018Hilary\u2019 se forma en el Pac\u00edfico; se dirige hacia Baja California Sur - Fuentes Fidedignas\" \/>\n<meta property=\"og:description\" content=\"La tormenta tropical Hilary ocasionar\u00e1 lluvias intensas en Guerrero, Michoac\u00e1n y Oaxaca, adem\u00e1s de precipitaciones fuertes en Colima, Jalisco y Nayarit Baja California.- La tormenta tropical \u2018Hilary\u2019, octavo cicl\u00f3n con nombre de la temporada del Pac\u00edfico 2023, se form\u00f3 este mi\u00e9rcoles frente a las costas de M\u00e9xico en el sur, y sus bandas nubosas provocar\u00e1n [&hellip;]\" \/>\n<meta property=\"og:url\" content=\"https:\/\/fuentesfidedignas.com.mx\/index.php\/2023\/08\/16\/tormenta-tropical-hilary-se-forma-en-el-pacifico-se-dirige-hacia-baja-california-sur\/\" \/>\n<meta property=\"og:site_name\" content=\"Fuentes Fidedignas\" \/>\n<meta property=\"article:publisher\" content=\"https:\/\/www.facebook.com\/Fuentes-Fidedignas-368234489921644\" \/>\n<meta property=\"article:published_time\" content=\"2023-08-16T20:01:46+00:00\" \/>\n<meta property=\"article:modified_time\" content=\"2023-08-16T20:01:48+00:00\" \/>\n<meta property=\"og:image\" content=\"https:\/\/fuentesfidedignas.com.mx\/wp-content\/uploads\/2023\/08\/hilary.jpg\" \/>\n\t<meta property=\"og:image:width\" content=\"960\" \/>\n\t<meta property=\"og:image:height\" content=\"640\" \/>\n\t<meta property=\"og:image:type\" content=\"image\/jpeg\" \/>\n<meta name=\"author\" content=\"Forbes\" \/>\n<meta name=\"twitter:card\" content=\"summary_large_image\" \/>\n<meta name=\"twitter:creator\" content=\"@fidedignas\" \/>\n<meta name=\"twitter:site\" content=\"@fidedignas\" \/>\n<meta name=\"twitter:label1\" content=\"Escrito por\" \/>\n\t<meta name=\"twitter:data1\" content=\"Forbes\" \/>\n\t<meta name=\"twitter:label2\" content=\"Tiempo de lectura\" \/>\n\t<meta name=\"twitter:data2\" content=\"2 minutos\" \/>\n<script type=\"application\/ld+json\" class=\"yoast-schema-graph\">{\"@context\":\"https:\\\/\\\/schema.org\",\"@graph\":[{\"@type\":\"Article\",\"@id\":\"https:\\\/\\\/fuentesfidedignas.com.mx\\\/index.php\\\/2023\\\/08\\\/16\\\/tormenta-tropical-hilary-se-forma-en-el-pacifico-se-dirige-hacia-baja-california-sur\\\/#article\",\"isPartOf\":{\"@id\":\"https:\\\/\\\/fuentesfidedignas.com.mx\\\/index.php\\\/2023\\\/08\\\/16\\\/tormenta-tropical-hilary-se-forma-en-el-pacifico-se-dirige-hacia-baja-california-sur\\\/\"},\"author\":{\"name\":\"Forbes\",\"@id\":\"https:\\\/\\\/fuentesfidedignas.com.mx\\\/#\\\/schema\\\/person\\\/5623d53fe2e579d825b1679734abcc44\"},\"headline\":\"Tormenta tropical \u2018Hilary\u2019 se forma en el Pac\u00edfico; se dirige hacia Baja California Sur\",\"datePublished\":\"2023-08-16T20:01:46+00:00\",\"dateModified\":\"2023-08-16T20:01:48+00:00\",\"mainEntityOfPage\":{\"@id\":\"https:\\\/\\\/fuentesfidedignas.com.mx\\\/index.php\\\/2023\\\/08\\\/16\\\/tormenta-tropical-hilary-se-forma-en-el-pacifico-se-dirige-hacia-baja-california-sur\\\/\"},\"wordCount\":373,\"commentCount\":0,\"publisher\":{\"@id\":\"https:\\\/\\\/fuentesfidedignas.com.mx\\\/#organization\"},\"image\":{\"@id\":\"https:\\\/\\\/fuentesfidedignas.com.mx\\\/index.php\\\/2023\\\/08\\\/16\\\/tormenta-tropical-hilary-se-forma-en-el-pacifico-se-dirige-hacia-baja-california-sur\\\/#primaryimage\"},\"thumbnailUrl\":\"https:\\\/\\\/fuentesfidedignas.com.mx\\\/wp-content\\\/uploads\\\/2023\\\/08\\\/hilary.jpg\",\"articleSection\":[\"NOTA PRINCIPAL\"],\"inLanguage\":\"es\",\"potentialAction\":[{\"@type\":\"CommentAction\",\"name\":\"Comment\",\"target\":[\"https:\\\/\\\/fuentesfidedignas.com.mx\\\/index.php\\\/2023\\\/08\\\/16\\\/tormenta-tropical-hilary-se-forma-en-el-pacifico-se-dirige-hacia-baja-california-sur\\\/#respond\"]}]},{\"@type\":\"WebPage\",\"@id\":\"https:\\\/\\\/fuentesfidedignas.com.mx\\\/index.php\\\/2023\\\/08\\\/16\\\/tormenta-tropical-hilary-se-forma-en-el-pacifico-se-dirige-hacia-baja-california-sur\\\/\",\"url\":\"https:\\\/\\\/fuentesfidedignas.com.mx\\\/index.php\\\/2023\\\/08\\\/16\\\/tormenta-tropical-hilary-se-forma-en-el-pacifico-se-dirige-hacia-baja-california-sur\\\/\",\"name\":\"Tormenta tropical \u2018Hilary\u2019 se forma en el Pac\u00edfico; se dirige hacia Baja California Sur - Fuentes Fidedignas\",\"isPartOf\":{\"@id\":\"https:\\\/\\\/fuentesfidedignas.com.mx\\\/#website\"},\"primaryImageOfPage\":{\"@id\":\"https:\\\/\\\/fuentesfidedignas.com.mx\\\/index.php\\\/2023\\\/08\\\/16\\\/tormenta-tropical-hilary-se-forma-en-el-pacifico-se-dirige-hacia-baja-california-sur\\\/#primaryimage\"},\"image\":{\"@id\":\"https:\\\/\\\/fuentesfidedignas.com.mx\\\/index.php\\\/2023\\\/08\\\/16\\\/tormenta-tropical-hilary-se-forma-en-el-pacifico-se-dirige-hacia-baja-california-sur\\\/#primaryimage\"},\"thumbnailUrl\":\"https:\\\/\\\/fuentesfidedignas.com.mx\\\/wp-content\\\/uploads\\\/2023\\\/08\\\/hilary.jpg\",\"datePublished\":\"2023-08-16T20:01:46+00:00\",\"dateModified\":\"2023-08-16T20:01:48+00:00\",\"breadcrumb\":{\"@id\":\"https:\\\/\\\/fuentesfidedignas.com.mx\\\/index.php\\\/2023\\\/08\\\/16\\\/tormenta-tropical-hilary-se-forma-en-el-pacifico-se-dirige-hacia-baja-california-sur\\\/#breadcrumb\"},\"inLanguage\":\"es\",\"potentialAction\":[{\"@type\":\"ReadAction\",\"target\":[\"https:\\\/\\\/fuentesfidedignas.com.mx\\\/index.php\\\/2023\\\/08\\\/16\\\/tormenta-tropical-hilary-se-forma-en-el-pacifico-se-dirige-hacia-baja-california-sur\\\/\"]}]},{\"@type\":\"ImageObject\",\"inLanguage\":\"es\",\"@id\":\"https:\\\/\\\/fuentesfidedignas.com.mx\\\/index.php\\\/2023\\\/08\\\/16\\\/tormenta-tropical-hilary-se-forma-en-el-pacifico-se-dirige-hacia-baja-california-sur\\\/#primaryimage\",\"url\":\"https:\\\/\\\/fuentesfidedignas.com.mx\\\/wp-content\\\/uploads\\\/2023\\\/08\\\/hilary.jpg\",\"contentUrl\":\"https:\\\/\\\/fuentesfidedignas.com.mx\\\/wp-content\\\/uploads\\\/2023\\\/08\\\/hilary.jpg\",\"width\":960,\"height\":640},{\"@type\":\"BreadcrumbList\",\"@id\":\"https:\\\/\\\/fuentesfidedignas.com.mx\\\/index.php\\\/2023\\\/08\\\/16\\\/tormenta-tropical-hilary-se-forma-en-el-pacifico-se-dirige-hacia-baja-california-sur\\\/#breadcrumb\",\"itemListElement\":[{\"@type\":\"ListItem\",\"position\":1,\"name\":\"Inicio\",\"item\":\"https:\\\/\\\/fuentesfidedignas.com.mx\\\/\"},{\"@type\":\"ListItem\",\"position\":2,\"name\":\"Tormenta tropical \u2018Hilary\u2019 se forma en el Pac\u00edfico; se dirige hacia Baja California Sur\"}]},{\"@type\":\"WebSite\",\"@id\":\"https:\\\/\\\/fuentesfidedignas.com.mx\\\/#website\",\"url\":\"https:\\\/\\\/fuentesfidedignas.com.mx\\\/\",\"name\":\"Fuentes Fidedignas\",\"description\":\"Otro sitio realizado con WordPress\",\"publisher\":{\"@id\":\"https:\\\/\\\/fuentesfidedignas.com.mx\\\/#organization\"},\"potentialAction\":[{\"@type\":\"SearchAction\",\"target\":{\"@type\":\"EntryPoint\",\"urlTemplate\":\"https:\\\/\\\/fuentesfidedignas.com.mx\\\/?s={search_term_string}\"},\"query-input\":{\"@type\":\"PropertyValueSpecification\",\"valueRequired\":true,\"valueName\":\"search_term_string\"}}],\"inLanguage\":\"es\"},{\"@type\":\"Organization\",\"@id\":\"https:\\\/\\\/fuentesfidedignas.com.mx\\\/#organization\",\"name\":\"Fuentes Fidedignas\",\"url\":\"https:\\\/\\\/fuentesfidedignas.com.mx\\\/\",\"logo\":{\"@type\":\"ImageObject\",\"inLanguage\":\"es\",\"@id\":\"https:\\\/\\\/fuentesfidedignas.com.mx\\\/#\\\/schema\\\/logo\\\/image\\\/\",\"url\":\"https:\\\/\\\/fuentesfidedignas.com.mx\\\/wp-content\\\/uploads\\\/2021\\\/04\\\/logo-retina.png\",\"contentUrl\":\"https:\\\/\\\/fuentesfidedignas.com.mx\\\/wp-content\\\/uploads\\\/2021\\\/04\\\/logo-retina.png\",\"width\":280,\"height\":51,\"caption\":\"Fuentes Fidedignas\"},\"image\":{\"@id\":\"https:\\\/\\\/fuentesfidedignas.com.mx\\\/#\\\/schema\\\/logo\\\/image\\\/\"},\"sameAs\":[\"https:\\\/\\\/www.facebook.com\\\/Fuentes-Fidedignas-368234489921644\",\"https:\\\/\\\/x.com\\\/fidedignas\"]},{\"@type\":\"Person\",\"@id\":\"https:\\\/\\\/fuentesfidedignas.com.mx\\\/#\\\/schema\\\/person\\\/5623d53fe2e579d825b1679734abcc44\",\"name\":\"Forbes\",\"image\":{\"@type\":\"ImageObject\",\"inLanguage\":\"es\",\"@id\":\"https:\\\/\\\/secure.gravatar.com\\\/avatar\\\/87ce3dd4e41e60c22a79c758614f01a6bc2469255fc936ec7b15efb9bb5cb66f?s=96&d=mm&r=g\",\"url\":\"https:\\\/\\\/secure.gravatar.com\\\/avatar\\\/87ce3dd4e41e60c22a79c758614f01a6bc2469255fc936ec7b15efb9bb5cb66f?s=96&d=mm&r=g\",\"contentUrl\":\"https:\\\/\\\/secure.gravatar.com\\\/avatar\\\/87ce3dd4e41e60c22a79c758614f01a6bc2469255fc936ec7b15efb9bb5cb66f?s=96&d=mm&r=g\",\"caption\":\"Forbes\"},\"url\":\"https:\\\/\\\/fuentesfidedignas.com.mx\\\/index.php\\\/author\\\/forbes\\\/\"}]}<\/script>\n<!-- \/ Yoast SEO plugin. -->","yoast_head_json":{"title":"Tormenta tropical \u2018Hilary\u2019 se forma en el Pac\u00edfico; se dirige hacia Baja California Sur - Fuentes Fidedignas","robots":{"index":"index","follow":"follow","max-snippet":"max-snippet:-1","max-image-preview":"max-image-preview:large","max-video-preview":"max-video-preview:-1"},"canonical":"https:\/\/fuentesfidedignas.com.mx\/index.php\/2023\/08\/16\/tormenta-tropical-hilary-se-forma-en-el-pacifico-se-dirige-hacia-baja-california-sur\/","og_locale":"es_MX","og_type":"article","og_title":"Tormenta tropical \u2018Hilary\u2019 se forma en el Pac\u00edfico; se dirige hacia Baja California Sur - Fuentes Fidedignas","og_description":"La tormenta tropical Hilary ocasionar\u00e1 lluvias intensas en Guerrero, Michoac\u00e1n y Oaxaca, adem\u00e1s de precipitaciones fuertes en Colima, Jalisco y Nayarit Baja California.- La tormenta tropical \u2018Hilary\u2019, octavo cicl\u00f3n con nombre de la temporada del Pac\u00edfico 2023, se form\u00f3 este mi\u00e9rcoles frente a las costas de M\u00e9xico en el sur, y sus bandas nubosas provocar\u00e1n [&hellip;]","og_url":"https:\/\/fuentesfidedignas.com.mx\/index.php\/2023\/08\/16\/tormenta-tropical-hilary-se-forma-en-el-pacifico-se-dirige-hacia-baja-california-sur\/","og_site_name":"Fuentes Fidedignas","article_publisher":"https:\/\/www.facebook.com\/Fuentes-Fidedignas-368234489921644","article_published_time":"2023-08-16T20:01:46+00:00","article_modified_time":"2023-08-16T20:01:48+00:00","og_image":[{"width":960,"height":640,"url":"https:\/\/fuentesfidedignas.com.mx\/wp-content\/uploads\/2023\/08\/hilary.jpg","type":"image\/jpeg"}],"author":"Forbes","twitter_card":"summary_large_image","twitter_creator":"@fidedignas","twitter_site":"@fidedignas","twitter_misc":{"Escrito por":"Forbes","Tiempo de lectura":"2 minutos"},"schema":{"@context":"https:\/\/schema.org","@graph":[{"@type":"Article","@id":"https:\/\/fuentesfidedignas.com.mx\/index.php\/2023\/08\/16\/tormenta-tropical-hilary-se-forma-en-el-pacifico-se-dirige-hacia-baja-california-sur\/#article","isPartOf":{"@id":"https:\/\/fuentesfidedignas.com.mx\/index.php\/2023\/08\/16\/tormenta-tropical-hilary-se-forma-en-el-pacifico-se-dirige-hacia-baja-california-sur\/"},"author":{"name":"Forbes","@id":"https:\/\/fuentesfidedignas.com.mx\/#\/schema\/person\/5623d53fe2e579d825b1679734abcc44"},"headline":"Tormenta tropical \u2018Hilary\u2019 se forma en el Pac\u00edfico; se dirige hacia Baja California Sur","datePublished":"2023-08-16T20:01:46+00:00","dateModified":"2023-08-16T20:01:48+00:00","mainEntityOfPage":{"@id":"https:\/\/fuentesfidedignas.com.mx\/index.php\/2023\/08\/16\/tormenta-tropical-hilary-se-forma-en-el-pacifico-se-dirige-hacia-baja-california-sur\/"},"wordCount":373,"commentCount":0,"publisher":{"@id":"https:\/\/fuentesfidedignas.com.mx\/#organization"},"image":{"@id":"https:\/\/fuentesfidedignas.com.mx\/index.php\/2023\/08\/16\/tormenta-tropical-hilary-se-forma-en-el-pacifico-se-dirige-hacia-baja-california-sur\/#primaryimage"},"thumbnailUrl":"https:\/\/fuentesfidedignas.com.mx\/wp-content\/uploads\/2023\/08\/hilary.jpg","articleSection":["NOTA PRINCIPAL"],"inLanguage":"es","potentialAction":[{"@type":"CommentAction","name":"Comment","target":["https:\/\/fuentesfidedignas.com.mx\/index.php\/2023\/08\/16\/tormenta-tropical-hilary-se-forma-en-el-pacifico-se-dirige-hacia-baja-california-sur\/#respond"]}]},{"@type":"WebPage","@id":"https:\/\/fuentesfidedignas.com.mx\/index.php\/2023\/08\/16\/tormenta-tropical-hilary-se-forma-en-el-pacifico-se-dirige-hacia-baja-california-sur\/","url":"https:\/\/fuentesfidedignas.com.mx\/index.php\/2023\/08\/16\/tormenta-tropical-hilary-se-forma-en-el-pacifico-se-dirige-hacia-baja-california-sur\/","name":"Tormenta tropical \u2018Hilary\u2019 se forma en el Pac\u00edfico; se dirige hacia Baja California Sur - Fuentes Fidedignas","isPartOf":{"@id":"https:\/\/fuentesfidedignas.com.mx\/#website"},"primaryImageOfPage":{"@id":"https:\/\/fuentesfidedignas.com.mx\/index.php\/2023\/08\/16\/tormenta-tropical-hilary-se-forma-en-el-pacifico-se-dirige-hacia-baja-california-sur\/#primaryimage"},"image":{"@id":"https:\/\/fuentesfidedignas.com.mx\/index.php\/2023\/08\/16\/tormenta-tropical-hilary-se-forma-en-el-pacifico-se-dirige-hacia-baja-california-sur\/#primaryimage"},"thumbnailUrl":"https:\/\/fuentesfidedignas.com.mx\/wp-content\/uploads\/2023\/08\/hilary.jpg","datePublished":"2023-08-16T20:01:46+00:00","dateModified":"2023-08-16T20:01:48+00:00","breadcrumb":{"@id":"https:\/\/fuentesfidedignas.com.mx\/index.php\/2023\/08\/16\/tormenta-tropical-hilary-se-forma-en-el-pacifico-se-dirige-hacia-baja-california-sur\/#breadcrumb"},"inLanguage":"es","potentialAction":[{"@type":"ReadAction","target":["https:\/\/fuentesfidedignas.com.mx\/index.php\/2023\/08\/16\/tormenta-tropical-hilary-se-forma-en-el-pacifico-se-dirige-hacia-baja-california-sur\/"]}]},{"@type":"ImageObject","inLanguage":"es","@id":"https:\/\/fuentesfidedignas.com.mx\/index.php\/2023\/08\/16\/tormenta-tropical-hilary-se-forma-en-el-pacifico-se-dirige-hacia-baja-california-sur\/#primaryimage","url":"https:\/\/fuentesfidedignas.com.mx\/wp-content\/uploads\/2023\/08\/hilary.jpg","contentUrl":"https:\/\/fuentesfidedignas.com.mx\/wp-content\/uploads\/2023\/08\/hilary.jpg","width":960,"height":640},{"@type":"BreadcrumbList","@id":"https:\/\/fuentesfidedignas.com.mx\/index.php\/2023\/08\/16\/tormenta-tropical-hilary-se-forma-en-el-pacifico-se-dirige-hacia-baja-california-sur\/#breadcrumb","itemListElement":[{"@type":"ListItem","position":1,"name":"Inicio","item":"https:\/\/fuentesfidedignas.com.mx\/"},{"@type":"ListItem","position":2,"name":"Tormenta tropical \u2018Hilary\u2019 se forma en el Pac\u00edfico; se dirige hacia Baja California Sur"}]},{"@type":"WebSite","@id":"https:\/\/fuentesfidedignas.com.mx\/#website","url":"https:\/\/fuentesfidedignas.com.mx\/","name":"Fuentes Fidedignas","description":"Otro sitio realizado con WordPress","publisher":{"@id":"https:\/\/fuentesfidedignas.com.mx\/#organization"},"potentialAction":[{"@type":"SearchAction","target":{"@type":"EntryPoint","urlTemplate":"https:\/\/fuentesfidedignas.com.mx\/?s={search_term_string}"},"query-input":{"@type":"PropertyValueSpecification","valueRequired":true,"valueName":"search_term_string"}}],"inLanguage":"es"},{"@type":"Organization","@id":"https:\/\/fuentesfidedignas.com.mx\/#organization","name":"Fuentes Fidedignas","url":"https:\/\/fuentesfidedignas.com.mx\/","logo":{"@type":"ImageObject","inLanguage":"es","@id":"https:\/\/fuentesfidedignas.com.mx\/#\/schema\/logo\/image\/","url":"https:\/\/fuentesfidedignas.com.mx\/wp-content\/uploads\/2021\/04\/logo-retina.png","contentUrl":"https:\/\/fuentesfidedignas.com.mx\/wp-content\/uploads\/2021\/04\/logo-retina.png","width":280,"height":51,"caption":"Fuentes Fidedignas"},"image":{"@id":"https:\/\/fuentesfidedignas.com.mx\/#\/schema\/logo\/image\/"},"sameAs":["https:\/\/www.facebook.com\/Fuentes-Fidedignas-368234489921644","https:\/\/x.com\/fidedignas"]},{"@type":"Person","@id":"https:\/\/fuentesfidedignas.com.mx\/#\/schema\/person\/5623d53fe2e579d825b1679734abcc44","name":"Forbes","image":{"@type":"ImageObject","inLanguage":"es","@id":"https:\/\/secure.gravatar.com\/avatar\/87ce3dd4e41e60c22a79c758614f01a6bc2469255fc936ec7b15efb9bb5cb66f?s=96&d=mm&r=g","url":"https:\/\/secure.gravatar.com\/avatar\/87ce3dd4e41e60c22a79c758614f01a6bc2469255fc936ec7b15efb9bb5cb66f?s=96&d=mm&r=g","contentUrl":"https:\/\/secure.gravatar.com\/avatar\/87ce3dd4e41e60c22a79c758614f01a6bc2469255fc936ec7b15efb9bb5cb66f?s=96&d=mm&r=g","caption":"Forbes"},"url":"https:\/\/fuentesfidedignas.com.mx\/index.php\/author\/forbes\/"}]}},"_links":{"self":[{"href":"https:\/\/fuentesfidedignas.com.mx\/index.php\/wp-json\/wp\/v2\/posts\/55587","targetHints":{"allow":["GET"]}}],"collection":[{"href":"https:\/\/fuentesfidedignas.com.mx\/index.php\/wp-json\/wp\/v2\/posts"}],"about":[{"href":"https:\/\/fuentesfidedignas.com.mx\/index.php\/wp-json\/wp\/v2\/types\/post"}],"author":[{"embeddable":true,"href":"https:\/\/fuentesfidedignas.com.mx\/index.php\/wp-json\/wp\/v2\/users\/5"}],"replies":[{"embeddable":true,"href":"https:\/\/fuentesfidedignas.com.mx\/index.php\/wp-json\/wp\/v2\/comments?post=55587"}],"version-history":[{"count":1,"href":"https:\/\/fuentesfidedignas.com.mx\/index.php\/wp-json\/wp\/v2\/posts\/55587\/revisions"}],"predecessor-version":[{"id":55589,"href":"https:\/\/fuentesfidedignas.com.mx\/index.php\/wp-json\/wp\/v2\/posts\/55587\/revisions\/55589"}],"wp:featuredmedia":[{"embeddable":true,"href":"https:\/\/fuentesfidedignas.com.mx\/index.php\/wp-json\/wp\/v2\/media\/55588"}],"wp:attachment":[{"href":"https:\/\/fuentesfidedignas.com.mx\/index.php\/wp-json\/wp\/v2\/media?parent=55587"}],"wp:term":[{"taxonomy":"category","embeddable":true,"href":"https:\/\/fuentesfidedignas.com.mx\/index.php\/wp-json\/wp\/v2\/categories?post=55587"},{"taxonomy":"post_tag","embeddable":true,"href":"https:\/\/fuentesfidedignas.com.mx\/index.php\/wp-json\/wp\/v2\/tags?post=55587"}],"curies":[{"name":"wp","href":"https:\/\/api.w.org\/{rel}","templated":true}]}}