{"id":55480,"date":"2023-08-15T11:09:25","date_gmt":"2023-08-15T18:09:25","guid":{"rendered":"https:\/\/fuentesfidedignas.com.mx\/?p=55480"},"modified":"2023-08-15T11:45:48","modified_gmt":"2023-08-15T18:45:48","slug":"caen-tres-por-robo-en-tiendas-dos-eran-mujeres-y-una-menor-de-edad","status":"publish","type":"post","link":"https:\/\/fuentesfidedignas.com.mx\/index.php\/2023\/08\/15\/caen-tres-por-robo-en-tiendas-dos-eran-mujeres-y-una-menor-de-edad\/","title":{"rendered":"Caen tres por robo en tiendas, dos eran mujeres y una menor de edad"},"content":{"rendered":"\n<p><strong><em>Ambas f\u00e9minas fueron descubiertas en un supermercado donde tomaron mercanc\u00eda diversa y la ocultaron en sus bolsos<\/em><\/strong><\/p>\n\n\n\n<p>Culiac\u00e1b, Sin. Personal de la Polic\u00eda Municipal Unidad Preventiva detuvo a dos mujeres, una de ellas menor de edad, y a un hombre, por el delito de robo a local comercial abierto al p\u00fablico.<\/p>\n\n\n\n<p>Los dos adultos fueron puestos a disposici\u00f3n de la Unidad del Ministerio P\u00fablico de lo Penal Especializada en Delitos Patrimoniales, y la menor de edad qued\u00f3 a cargo de la Unidad del Ministerio P\u00fablico Especializada en el Sistema Integral de Justicia Penal para Adolescentes, donde les resolver\u00e1n su situaci\u00f3n legal.<\/p>\n\n\n\n<p>La Secretar\u00eda de Seguridad P\u00fablica y Tr\u00e1nsito Municipal inform\u00f3 que un detenido se llama Miguel \u00c1ngel \u201cN\u201d, de 38 a\u00f1os, mismo que fue sorprendido por el personal de seguridad de un conocido supermercado ubicado en la colonia Centro, cuando se apoder\u00f3 de diversos art\u00edculos y no hizo el pago correspondiente.<\/p>\n\n\n\n<p>Las otras personas aseguradas son Martha Alicia \u201cN\u201d, de 32 a\u00f1os y una menor de 17 a\u00f1os.<\/p>\n\n\n\n<p>Ambas fueron descubiertas en el supermercado ubicado junto al mercado de abastos que tomaron mercanc\u00eda diversa y la ocultaron en sus bolsos, y al pasar por el \u00e1rea de cajas, no hicieron efectivo el pago.<\/p>\n\n\n\n<p>Polic\u00edas Municipales acudieron a las tiendas y se hicieron cargo de las personas detenidas, as\u00ed como de los productos asegurados, y se encargaron de ponerlos a cargo de las autoridades competentes.<\/p>\n","protected":false},"excerpt":{"rendered":"<p>Ambas f\u00e9minas fueron descubiertas en un supermercado donde tomaron mercanc\u00eda diversa y la ocultaron en sus bolsos Culiac\u00e1b, Sin. Personal de la Polic\u00eda Municipal Unidad Preventiva detuvo a dos mujeres, una de ellas menor de edad, y a un hombre, por el delito de robo a local comercial abierto al p\u00fablico. Los dos adultos fueron [&hellip;]<\/p>\n","protected":false},"author":4,"featured_media":55487,"comment_status":"open","ping_status":"open","sticky":false,"template":"","format":"standard","meta":{"tdm_status":"","tdm_grid_status":"","footnotes":""},"categories":[38,1],"tags":[],"class_list":{"0":"post-55480","1":"post","2":"type-post","3":"status-publish","4":"format-standard","5":"has-post-thumbnail","7":"category-noticias-locales","8":"category-sin-categoria"},"yoast_head":"<!-- This site is optimized with the Yoast SEO plugin v27.5 - https:\/\/yoast.com\/product\/yoast-seo-wordpress\/ -->\n<title>Caen tres por robo en tiendas, dos eran mujeres y una menor de edad - Fuentes Fidedignas<\/title>\n<meta name=\"robots\" content=\"index, follow, max-snippet:-1, max-image-preview:large, max-video-preview:-1\" \/>\n<link rel=\"canonical\" href=\"https:\/\/fuentesfidedignas.com.mx\/index.php\/2023\/08\/15\/caen-tres-por-robo-en-tiendas-dos-eran-mujeres-y-una-menor-de-edad\/\" \/>\n<meta property=\"og:locale\" content=\"es_MX\" \/>\n<meta property=\"og:type\" content=\"article\" \/>\n<meta property=\"og:title\" content=\"Caen tres por robo en tiendas, dos eran mujeres y una menor de edad - Fuentes Fidedignas\" \/>\n<meta property=\"og:description\" content=\"Ambas f\u00e9minas fueron descubiertas en un supermercado donde tomaron mercanc\u00eda diversa y la ocultaron en sus bolsos Culiac\u00e1b, Sin. Personal de la Polic\u00eda Municipal Unidad Preventiva detuvo a dos mujeres, una de ellas menor de edad, y a un hombre, por el delito de robo a local comercial abierto al p\u00fablico. Los dos adultos fueron [&hellip;]\" \/>\n<meta property=\"og:url\" content=\"https:\/\/fuentesfidedignas.com.mx\/index.php\/2023\/08\/15\/caen-tres-por-robo-en-tiendas-dos-eran-mujeres-y-una-menor-de-edad\/\" \/>\n<meta property=\"og:site_name\" content=\"Fuentes Fidedignas\" \/>\n<meta property=\"article:publisher\" content=\"https:\/\/www.facebook.com\/Fuentes-Fidedignas-368234489921644\" \/>\n<meta property=\"article:published_time\" content=\"2023-08-15T18:09:25+00:00\" \/>\n<meta property=\"article:modified_time\" content=\"2023-08-15T18:45:48+00:00\" \/>\n<meta property=\"og:image\" content=\"https:\/\/fuentesfidedignas.com.mx\/wp-content\/uploads\/2023\/08\/Screenshot_20230815_110342_Instagram-rotated.jpg\" \/>\n\t<meta property=\"og:image:width\" content=\"1394\" \/>\n\t<meta property=\"og:image:height\" content=\"1047\" \/>\n\t<meta property=\"og:image:type\" content=\"image\/jpeg\" \/>\n<meta name=\"author\" content=\"Redacci\u00f3n\" \/>\n<meta name=\"twitter:card\" content=\"summary_large_image\" \/>\n<meta name=\"twitter:creator\" content=\"@fidedignas\" \/>\n<meta name=\"twitter:site\" content=\"@fidedignas\" \/>\n<meta name=\"twitter:label1\" content=\"Escrito por\" \/>\n\t<meta name=\"twitter:data1\" content=\"Redacci\u00f3n\" \/>\n\t<meta name=\"twitter:label2\" content=\"Tiempo de lectura\" \/>\n\t<meta name=\"twitter:data2\" content=\"2 minutos\" \/>\n<script type=\"application\/ld+json\" class=\"yoast-schema-graph\">{\"@context\":\"https:\\\/\\\/schema.org\",\"@graph\":[{\"@type\":\"Article\",\"@id\":\"https:\\\/\\\/fuentesfidedignas.com.mx\\\/index.php\\\/2023\\\/08\\\/15\\\/caen-tres-por-robo-en-tiendas-dos-eran-mujeres-y-una-menor-de-edad\\\/#article\",\"isPartOf\":{\"@id\":\"https:\\\/\\\/fuentesfidedignas.com.mx\\\/index.php\\\/2023\\\/08\\\/15\\\/caen-tres-por-robo-en-tiendas-dos-eran-mujeres-y-una-menor-de-edad\\\/\"},\"author\":{\"name\":\"Redacci\u00f3n\",\"@id\":\"https:\\\/\\\/fuentesfidedignas.com.mx\\\/#\\\/schema\\\/person\\\/331be9283d37198e2acd5750279085b0\"},\"headline\":\"Caen tres por robo en tiendas, dos eran mujeres y una menor de edad\",\"datePublished\":\"2023-08-15T18:09:25+00:00\",\"dateModified\":\"2023-08-15T18:45:48+00:00\",\"mainEntityOfPage\":{\"@id\":\"https:\\\/\\\/fuentesfidedignas.com.mx\\\/index.php\\\/2023\\\/08\\\/15\\\/caen-tres-por-robo-en-tiendas-dos-eran-mujeres-y-una-menor-de-edad\\\/\"},\"wordCount\":264,\"commentCount\":0,\"publisher\":{\"@id\":\"https:\\\/\\\/fuentesfidedignas.com.mx\\\/#organization\"},\"image\":{\"@id\":\"https:\\\/\\\/fuentesfidedignas.com.mx\\\/index.php\\\/2023\\\/08\\\/15\\\/caen-tres-por-robo-en-tiendas-dos-eran-mujeres-y-una-menor-de-edad\\\/#primaryimage\"},\"thumbnailUrl\":\"https:\\\/\\\/fuentesfidedignas.com.mx\\\/wp-content\\\/uploads\\\/2023\\\/08\\\/Screenshot_20230815_110342_Instagram-rotated.jpg\",\"articleSection\":[\"NOTICIAS LOCALES\"],\"inLanguage\":\"es\",\"potentialAction\":[{\"@type\":\"CommentAction\",\"name\":\"Comment\",\"target\":[\"https:\\\/\\\/fuentesfidedignas.com.mx\\\/index.php\\\/2023\\\/08\\\/15\\\/caen-tres-por-robo-en-tiendas-dos-eran-mujeres-y-una-menor-de-edad\\\/#respond\"]}]},{\"@type\":\"WebPage\",\"@id\":\"https:\\\/\\\/fuentesfidedignas.com.mx\\\/index.php\\\/2023\\\/08\\\/15\\\/caen-tres-por-robo-en-tiendas-dos-eran-mujeres-y-una-menor-de-edad\\\/\",\"url\":\"https:\\\/\\\/fuentesfidedignas.com.mx\\\/index.php\\\/2023\\\/08\\\/15\\\/caen-tres-por-robo-en-tiendas-dos-eran-mujeres-y-una-menor-de-edad\\\/\",\"name\":\"Caen tres por robo en tiendas, dos eran mujeres y una menor de edad - Fuentes Fidedignas\",\"isPartOf\":{\"@id\":\"https:\\\/\\\/fuentesfidedignas.com.mx\\\/#website\"},\"primaryImageOfPage\":{\"@id\":\"https:\\\/\\\/fuentesfidedignas.com.mx\\\/index.php\\\/2023\\\/08\\\/15\\\/caen-tres-por-robo-en-tiendas-dos-eran-mujeres-y-una-menor-de-edad\\\/#primaryimage\"},\"image\":{\"@id\":\"https:\\\/\\\/fuentesfidedignas.com.mx\\\/index.php\\\/2023\\\/08\\\/15\\\/caen-tres-por-robo-en-tiendas-dos-eran-mujeres-y-una-menor-de-edad\\\/#primaryimage\"},\"thumbnailUrl\":\"https:\\\/\\\/fuentesfidedignas.com.mx\\\/wp-content\\\/uploads\\\/2023\\\/08\\\/Screenshot_20230815_110342_Instagram-rotated.jpg\",\"datePublished\":\"2023-08-15T18:09:25+00:00\",\"dateModified\":\"2023-08-15T18:45:48+00:00\",\"breadcrumb\":{\"@id\":\"https:\\\/\\\/fuentesfidedignas.com.mx\\\/index.php\\\/2023\\\/08\\\/15\\\/caen-tres-por-robo-en-tiendas-dos-eran-mujeres-y-una-menor-de-edad\\\/#breadcrumb\"},\"inLanguage\":\"es\",\"potentialAction\":[{\"@type\":\"ReadAction\",\"target\":[\"https:\\\/\\\/fuentesfidedignas.com.mx\\\/index.php\\\/2023\\\/08\\\/15\\\/caen-tres-por-robo-en-tiendas-dos-eran-mujeres-y-una-menor-de-edad\\\/\"]}]},{\"@type\":\"ImageObject\",\"inLanguage\":\"es\",\"@id\":\"https:\\\/\\\/fuentesfidedignas.com.mx\\\/index.php\\\/2023\\\/08\\\/15\\\/caen-tres-por-robo-en-tiendas-dos-eran-mujeres-y-una-menor-de-edad\\\/#primaryimage\",\"url\":\"https:\\\/\\\/fuentesfidedignas.com.mx\\\/wp-content\\\/uploads\\\/2023\\\/08\\\/Screenshot_20230815_110342_Instagram-rotated.jpg\",\"contentUrl\":\"https:\\\/\\\/fuentesfidedignas.com.mx\\\/wp-content\\\/uploads\\\/2023\\\/08\\\/Screenshot_20230815_110342_Instagram-rotated.jpg\",\"width\":1394,\"height\":1047},{\"@type\":\"BreadcrumbList\",\"@id\":\"https:\\\/\\\/fuentesfidedignas.com.mx\\\/index.php\\\/2023\\\/08\\\/15\\\/caen-tres-por-robo-en-tiendas-dos-eran-mujeres-y-una-menor-de-edad\\\/#breadcrumb\",\"itemListElement\":[{\"@type\":\"ListItem\",\"position\":1,\"name\":\"Inicio\",\"item\":\"https:\\\/\\\/fuentesfidedignas.com.mx\\\/\"},{\"@type\":\"ListItem\",\"position\":2,\"name\":\"Caen tres por robo en tiendas, dos eran mujeres y una menor de edad\"}]},{\"@type\":\"WebSite\",\"@id\":\"https:\\\/\\\/fuentesfidedignas.com.mx\\\/#website\",\"url\":\"https:\\\/\\\/fuentesfidedignas.com.mx\\\/\",\"name\":\"Fuentes Fidedignas\",\"description\":\"Otro sitio realizado con WordPress\",\"publisher\":{\"@id\":\"https:\\\/\\\/fuentesfidedignas.com.mx\\\/#organization\"},\"potentialAction\":[{\"@type\":\"SearchAction\",\"target\":{\"@type\":\"EntryPoint\",\"urlTemplate\":\"https:\\\/\\\/fuentesfidedignas.com.mx\\\/?s={search_term_string}\"},\"query-input\":{\"@type\":\"PropertyValueSpecification\",\"valueRequired\":true,\"valueName\":\"search_term_string\"}}],\"inLanguage\":\"es\"},{\"@type\":\"Organization\",\"@id\":\"https:\\\/\\\/fuentesfidedignas.com.mx\\\/#organization\",\"name\":\"Fuentes Fidedignas\",\"url\":\"https:\\\/\\\/fuentesfidedignas.com.mx\\\/\",\"logo\":{\"@type\":\"ImageObject\",\"inLanguage\":\"es\",\"@id\":\"https:\\\/\\\/fuentesfidedignas.com.mx\\\/#\\\/schema\\\/logo\\\/image\\\/\",\"url\":\"https:\\\/\\\/fuentesfidedignas.com.mx\\\/wp-content\\\/uploads\\\/2021\\\/04\\\/logo-retina.png\",\"contentUrl\":\"https:\\\/\\\/fuentesfidedignas.com.mx\\\/wp-content\\\/uploads\\\/2021\\\/04\\\/logo-retina.png\",\"width\":280,\"height\":51,\"caption\":\"Fuentes Fidedignas\"},\"image\":{\"@id\":\"https:\\\/\\\/fuentesfidedignas.com.mx\\\/#\\\/schema\\\/logo\\\/image\\\/\"},\"sameAs\":[\"https:\\\/\\\/www.facebook.com\\\/Fuentes-Fidedignas-368234489921644\",\"https:\\\/\\\/x.com\\\/fidedignas\"]},{\"@type\":\"Person\",\"@id\":\"https:\\\/\\\/fuentesfidedignas.com.mx\\\/#\\\/schema\\\/person\\\/331be9283d37198e2acd5750279085b0\",\"name\":\"Redacci\u00f3n\",\"image\":{\"@type\":\"ImageObject\",\"inLanguage\":\"es\",\"@id\":\"https:\\\/\\\/secure.gravatar.com\\\/avatar\\\/f6d8782c11d12b2d4ad3fbb6931aeab5309937a4d6cd2fc9cfaa28a6396a5aec?s=96&d=mm&r=g\",\"url\":\"https:\\\/\\\/secure.gravatar.com\\\/avatar\\\/f6d8782c11d12b2d4ad3fbb6931aeab5309937a4d6cd2fc9cfaa28a6396a5aec?s=96&d=mm&r=g\",\"contentUrl\":\"https:\\\/\\\/secure.gravatar.com\\\/avatar\\\/f6d8782c11d12b2d4ad3fbb6931aeab5309937a4d6cd2fc9cfaa28a6396a5aec?s=96&d=mm&r=g\",\"caption\":\"Redacci\u00f3n\"},\"url\":\"https:\\\/\\\/fuentesfidedignas.com.mx\\\/index.php\\\/author\\\/redaccion\\\/\"}]}<\/script>\n<!-- \/ Yoast SEO plugin. -->","yoast_head_json":{"title":"Caen tres por robo en tiendas, dos eran mujeres y una menor de edad - Fuentes Fidedignas","robots":{"index":"index","follow":"follow","max-snippet":"max-snippet:-1","max-image-preview":"max-image-preview:large","max-video-preview":"max-video-preview:-1"},"canonical":"https:\/\/fuentesfidedignas.com.mx\/index.php\/2023\/08\/15\/caen-tres-por-robo-en-tiendas-dos-eran-mujeres-y-una-menor-de-edad\/","og_locale":"es_MX","og_type":"article","og_title":"Caen tres por robo en tiendas, dos eran mujeres y una menor de edad - Fuentes Fidedignas","og_description":"Ambas f\u00e9minas fueron descubiertas en un supermercado donde tomaron mercanc\u00eda diversa y la ocultaron en sus bolsos Culiac\u00e1b, Sin. Personal de la Polic\u00eda Municipal Unidad Preventiva detuvo a dos mujeres, una de ellas menor de edad, y a un hombre, por el delito de robo a local comercial abierto al p\u00fablico. Los dos adultos fueron [&hellip;]","og_url":"https:\/\/fuentesfidedignas.com.mx\/index.php\/2023\/08\/15\/caen-tres-por-robo-en-tiendas-dos-eran-mujeres-y-una-menor-de-edad\/","og_site_name":"Fuentes Fidedignas","article_publisher":"https:\/\/www.facebook.com\/Fuentes-Fidedignas-368234489921644","article_published_time":"2023-08-15T18:09:25+00:00","article_modified_time":"2023-08-15T18:45:48+00:00","og_image":[{"width":1394,"height":1047,"url":"https:\/\/fuentesfidedignas.com.mx\/wp-content\/uploads\/2023\/08\/Screenshot_20230815_110342_Instagram-rotated.jpg","type":"image\/jpeg"}],"author":"Redacci\u00f3n","twitter_card":"summary_large_image","twitter_creator":"@fidedignas","twitter_site":"@fidedignas","twitter_misc":{"Escrito por":"Redacci\u00f3n","Tiempo de lectura":"2 minutos"},"schema":{"@context":"https:\/\/schema.org","@graph":[{"@type":"Article","@id":"https:\/\/fuentesfidedignas.com.mx\/index.php\/2023\/08\/15\/caen-tres-por-robo-en-tiendas-dos-eran-mujeres-y-una-menor-de-edad\/#article","isPartOf":{"@id":"https:\/\/fuentesfidedignas.com.mx\/index.php\/2023\/08\/15\/caen-tres-por-robo-en-tiendas-dos-eran-mujeres-y-una-menor-de-edad\/"},"author":{"name":"Redacci\u00f3n","@id":"https:\/\/fuentesfidedignas.com.mx\/#\/schema\/person\/331be9283d37198e2acd5750279085b0"},"headline":"Caen tres por robo en tiendas, dos eran mujeres y una menor de edad","datePublished":"2023-08-15T18:09:25+00:00","dateModified":"2023-08-15T18:45:48+00:00","mainEntityOfPage":{"@id":"https:\/\/fuentesfidedignas.com.mx\/index.php\/2023\/08\/15\/caen-tres-por-robo-en-tiendas-dos-eran-mujeres-y-una-menor-de-edad\/"},"wordCount":264,"commentCount":0,"publisher":{"@id":"https:\/\/fuentesfidedignas.com.mx\/#organization"},"image":{"@id":"https:\/\/fuentesfidedignas.com.mx\/index.php\/2023\/08\/15\/caen-tres-por-robo-en-tiendas-dos-eran-mujeres-y-una-menor-de-edad\/#primaryimage"},"thumbnailUrl":"https:\/\/fuentesfidedignas.com.mx\/wp-content\/uploads\/2023\/08\/Screenshot_20230815_110342_Instagram-rotated.jpg","articleSection":["NOTICIAS LOCALES"],"inLanguage":"es","potentialAction":[{"@type":"CommentAction","name":"Comment","target":["https:\/\/fuentesfidedignas.com.mx\/index.php\/2023\/08\/15\/caen-tres-por-robo-en-tiendas-dos-eran-mujeres-y-una-menor-de-edad\/#respond"]}]},{"@type":"WebPage","@id":"https:\/\/fuentesfidedignas.com.mx\/index.php\/2023\/08\/15\/caen-tres-por-robo-en-tiendas-dos-eran-mujeres-y-una-menor-de-edad\/","url":"https:\/\/fuentesfidedignas.com.mx\/index.php\/2023\/08\/15\/caen-tres-por-robo-en-tiendas-dos-eran-mujeres-y-una-menor-de-edad\/","name":"Caen tres por robo en tiendas, dos eran mujeres y una menor de edad - Fuentes Fidedignas","isPartOf":{"@id":"https:\/\/fuentesfidedignas.com.mx\/#website"},"primaryImageOfPage":{"@id":"https:\/\/fuentesfidedignas.com.mx\/index.php\/2023\/08\/15\/caen-tres-por-robo-en-tiendas-dos-eran-mujeres-y-una-menor-de-edad\/#primaryimage"},"image":{"@id":"https:\/\/fuentesfidedignas.com.mx\/index.php\/2023\/08\/15\/caen-tres-por-robo-en-tiendas-dos-eran-mujeres-y-una-menor-de-edad\/#primaryimage"},"thumbnailUrl":"https:\/\/fuentesfidedignas.com.mx\/wp-content\/uploads\/2023\/08\/Screenshot_20230815_110342_Instagram-rotated.jpg","datePublished":"2023-08-15T18:09:25+00:00","dateModified":"2023-08-15T18:45:48+00:00","breadcrumb":{"@id":"https:\/\/fuentesfidedignas.com.mx\/index.php\/2023\/08\/15\/caen-tres-por-robo-en-tiendas-dos-eran-mujeres-y-una-menor-de-edad\/#breadcrumb"},"inLanguage":"es","potentialAction":[{"@type":"ReadAction","target":["https:\/\/fuentesfidedignas.com.mx\/index.php\/2023\/08\/15\/caen-tres-por-robo-en-tiendas-dos-eran-mujeres-y-una-menor-de-edad\/"]}]},{"@type":"ImageObject","inLanguage":"es","@id":"https:\/\/fuentesfidedignas.com.mx\/index.php\/2023\/08\/15\/caen-tres-por-robo-en-tiendas-dos-eran-mujeres-y-una-menor-de-edad\/#primaryimage","url":"https:\/\/fuentesfidedignas.com.mx\/wp-content\/uploads\/2023\/08\/Screenshot_20230815_110342_Instagram-rotated.jpg","contentUrl":"https:\/\/fuentesfidedignas.com.mx\/wp-content\/uploads\/2023\/08\/Screenshot_20230815_110342_Instagram-rotated.jpg","width":1394,"height":1047},{"@type":"BreadcrumbList","@id":"https:\/\/fuentesfidedignas.com.mx\/index.php\/2023\/08\/15\/caen-tres-por-robo-en-tiendas-dos-eran-mujeres-y-una-menor-de-edad\/#breadcrumb","itemListElement":[{"@type":"ListItem","position":1,"name":"Inicio","item":"https:\/\/fuentesfidedignas.com.mx\/"},{"@type":"ListItem","position":2,"name":"Caen tres por robo en tiendas, dos eran mujeres y una menor de edad"}]},{"@type":"WebSite","@id":"https:\/\/fuentesfidedignas.com.mx\/#website","url":"https:\/\/fuentesfidedignas.com.mx\/","name":"Fuentes Fidedignas","description":"Otro sitio realizado con WordPress","publisher":{"@id":"https:\/\/fuentesfidedignas.com.mx\/#organization"},"potentialAction":[{"@type":"SearchAction","target":{"@type":"EntryPoint","urlTemplate":"https:\/\/fuentesfidedignas.com.mx\/?s={search_term_string}"},"query-input":{"@type":"PropertyValueSpecification","valueRequired":true,"valueName":"search_term_string"}}],"inLanguage":"es"},{"@type":"Organization","@id":"https:\/\/fuentesfidedignas.com.mx\/#organization","name":"Fuentes Fidedignas","url":"https:\/\/fuentesfidedignas.com.mx\/","logo":{"@type":"ImageObject","inLanguage":"es","@id":"https:\/\/fuentesfidedignas.com.mx\/#\/schema\/logo\/image\/","url":"https:\/\/fuentesfidedignas.com.mx\/wp-content\/uploads\/2021\/04\/logo-retina.png","contentUrl":"https:\/\/fuentesfidedignas.com.mx\/wp-content\/uploads\/2021\/04\/logo-retina.png","width":280,"height":51,"caption":"Fuentes Fidedignas"},"image":{"@id":"https:\/\/fuentesfidedignas.com.mx\/#\/schema\/logo\/image\/"},"sameAs":["https:\/\/www.facebook.com\/Fuentes-Fidedignas-368234489921644","https:\/\/x.com\/fidedignas"]},{"@type":"Person","@id":"https:\/\/fuentesfidedignas.com.mx\/#\/schema\/person\/331be9283d37198e2acd5750279085b0","name":"Redacci\u00f3n","image":{"@type":"ImageObject","inLanguage":"es","@id":"https:\/\/secure.gravatar.com\/avatar\/f6d8782c11d12b2d4ad3fbb6931aeab5309937a4d6cd2fc9cfaa28a6396a5aec?s=96&d=mm&r=g","url":"https:\/\/secure.gravatar.com\/avatar\/f6d8782c11d12b2d4ad3fbb6931aeab5309937a4d6cd2fc9cfaa28a6396a5aec?s=96&d=mm&r=g","contentUrl":"https:\/\/secure.gravatar.com\/avatar\/f6d8782c11d12b2d4ad3fbb6931aeab5309937a4d6cd2fc9cfaa28a6396a5aec?s=96&d=mm&r=g","caption":"Redacci\u00f3n"},"url":"https:\/\/fuentesfidedignas.com.mx\/index.php\/author\/redaccion\/"}]}},"_links":{"self":[{"href":"https:\/\/fuentesfidedignas.com.mx\/index.php\/wp-json\/wp\/v2\/posts\/55480","targetHints":{"allow":["GET"]}}],"collection":[{"href":"https:\/\/fuentesfidedignas.com.mx\/index.php\/wp-json\/wp\/v2\/posts"}],"about":[{"href":"https:\/\/fuentesfidedignas.com.mx\/index.php\/wp-json\/wp\/v2\/types\/post"}],"author":[{"embeddable":true,"href":"https:\/\/fuentesfidedignas.com.mx\/index.php\/wp-json\/wp\/v2\/users\/4"}],"replies":[{"embeddable":true,"href":"https:\/\/fuentesfidedignas.com.mx\/index.php\/wp-json\/wp\/v2\/comments?post=55480"}],"version-history":[{"count":1,"href":"https:\/\/fuentesfidedignas.com.mx\/index.php\/wp-json\/wp\/v2\/posts\/55480\/revisions"}],"predecessor-version":[{"id":55483,"href":"https:\/\/fuentesfidedignas.com.mx\/index.php\/wp-json\/wp\/v2\/posts\/55480\/revisions\/55483"}],"wp:featuredmedia":[{"embeddable":true,"href":"https:\/\/fuentesfidedignas.com.mx\/index.php\/wp-json\/wp\/v2\/media\/55487"}],"wp:attachment":[{"href":"https:\/\/fuentesfidedignas.com.mx\/index.php\/wp-json\/wp\/v2\/media?parent=55480"}],"wp:term":[{"taxonomy":"category","embeddable":true,"href":"https:\/\/fuentesfidedignas.com.mx\/index.php\/wp-json\/wp\/v2\/categories?post=55480"},{"taxonomy":"post_tag","embeddable":true,"href":"https:\/\/fuentesfidedignas.com.mx\/index.php\/wp-json\/wp\/v2\/tags?post=55480"}],"curies":[{"name":"wp","href":"https:\/\/api.w.org\/{rel}","templated":true}]}}