{"id":5545,"date":"2021-06-21T15:45:49","date_gmt":"2021-06-21T22:45:49","guid":{"rendered":"https:\/\/fuentesfidedignas.com.mx\/?p=5545"},"modified":"2021-06-21T15:45:50","modified_gmt":"2021-06-21T22:45:50","slug":"instala-congreso-mesa-tecnica-para-analizar-y-superar-veto-a-ley-de-seguridad-publica","status":"publish","type":"post","link":"https:\/\/fuentesfidedignas.com.mx\/index.php\/2021\/06\/21\/instala-congreso-mesa-tecnica-para-analizar-y-superar-veto-a-ley-de-seguridad-publica\/","title":{"rendered":"Instala Congreso mesa t\u00e9cnica para analizar y superar veto a Ley de Seguridad P\u00fablica"},"content":{"rendered":"\n<p><strong><em>Durante la reuni\u00f3n, se acord\u00f3 que el mi\u00e9rcoles de la pr\u00f3xima semana los municipios y gobierno estatal enviar\u00e1n al Congreso un informe de la evaluaci\u00f3n presupuestal que implican las reformas aprobadas a la Ley de Seguridad P\u00fablica.<\/em><\/strong><\/p>\n\n\n\n<p>Culiac\u00e1n, Sin.- El Congreso del Estado de Sinaloa instal\u00f3 este lunes una mesa t\u00e9cnica con representantes del Gobierno del Estado y municipios para buscar un acuerdo que permita concretar en breve las reformas aprobadas a la Ley de Seguridad P\u00fablica que garantizan mejores pensiones y prestaciones a viudas de polic\u00edas, y que fueron vetadas por el Ejecutivo.<\/p>\n\n\n\n<p>La mesa fue instalada por el diputado Jos\u00e9 Rosario Romero L\u00f3pez, presidente de la Junta de Coordinaci\u00f3n Pol\u00edtica, as\u00ed como por quienes presiden las comisiones de Hacienda P\u00fablica y Administraci\u00f3n, Marco Antonio Zazueta Zazueta; de Seguridad P\u00fablica, Mario Rafael Gonz\u00e1lez S\u00e1nchez, y de Justicia, Alma Rosa Garz\u00f3n Aguilar.<\/p>\n\n\n\n<p>Tambi\u00e9n participaron los diputados Horacio Lora Oliva, Jes\u00fas Ram\u00f3n Monreal C\u00e1zares, Jos\u00e9 Antonio Crespo L\u00f3pez y Jorge Rodr\u00edguez Ayala, as\u00ed como la diputada Graciela Grijalva Castro.<\/p>\n\n\n\n<p>Durante la reuni\u00f3n, se acord\u00f3 que el mi\u00e9rcoles de la pr\u00f3xima semana los municipios y gobierno estatal enviar\u00e1n al Congreso un informe de la evaluaci\u00f3n presupuestal que implican las reformas aprobadas a la Ley de Seguridad P\u00fablica.<\/p>\n\n\n\n<p>De parte del Gobierno del Estado participaron el secretario de Administraci\u00f3n y Finanzas, Luis Alberto de la Vega Armenta; la subsecretaria de Egresos, Talina L\u00f3pez Mart\u00ednez; el subsecretario de Gobierno de la Secretar\u00eda General de Gobierno, Joel Boucieguez Liz\u00e1rraga, y el subsecretario de Asuntos Jur\u00eddicos, Jes\u00fas Ram\u00f3n Soto Gonz\u00e1lez.<\/p>\n\n\n\n<p>De igual manera estuvieron representantes de 13 municipios: Ahome, El Fuerte, Choix, Escuinapa, Elota, Angostura, Salvador Alvarado, Mocorito, Badiraguato, Rosario, Guasave, Navolato y Culiac\u00e1n.<\/p>\n\n\n\n<p>Del municipio de Salvador Alvarado, a esta mesa t\u00e9cnica, acudi\u00f3 su alcaldesa, Pier Angely Camacho Montoya, y tambi\u00e9n los alcaldes de Elota, Giovani Escobar Manjarrez, y de Choix, Omar Rub\u00e9n Gil Santini.<\/p>\n\n\n\n<p>Durante la instalaci\u00f3n de la mesa, el presidente de la Junta de Coordinaci\u00f3n Pol\u00edtica, Jos\u00e9 Rosario Romero L\u00f3pez, explic\u00f3 que el objetivo es buscar una salida al veto impuesto por el Ejecutivo estatal a las reformas aprobadas por el Legislativo a la Ley de Seguridad P\u00fablica, a efecto de que polic\u00edas y viudas reciban las pensiones justas que les corresponde.<\/p>\n","protected":false},"excerpt":{"rendered":"<p>Durante la reuni\u00f3n, se acord\u00f3 que el mi\u00e9rcoles de la pr\u00f3xima semana los municipios y gobierno estatal enviar\u00e1n al Congreso un informe de la evaluaci\u00f3n presupuestal que implican las reformas aprobadas a la Ley de Seguridad P\u00fablica. Culiac\u00e1n, Sin.- El Congreso del Estado de Sinaloa instal\u00f3 este lunes una mesa t\u00e9cnica con representantes del Gobierno [&hellip;]<\/p>\n","protected":false},"author":4,"featured_media":5546,"comment_status":"open","ping_status":"open","sticky":false,"template":"","format":"standard","meta":{"tdm_status":"","tdm_grid_status":"","footnotes":""},"categories":[38],"tags":[708],"class_list":{"0":"post-5545","1":"post","2":"type-post","3":"status-publish","4":"format-standard","5":"has-post-thumbnail","7":"category-noticias-locales","8":"tag-congreso-del-estado-de-sinaloa"},"yoast_head":"<!-- This site is optimized with the Yoast SEO plugin v27.5 - https:\/\/yoast.com\/product\/yoast-seo-wordpress\/ -->\n<title>Instala Congreso mesa t\u00e9cnica para analizar y superar veto a Ley de Seguridad P\u00fablica - Fuentes Fidedignas<\/title>\n<meta name=\"robots\" content=\"index, follow, max-snippet:-1, max-image-preview:large, max-video-preview:-1\" \/>\n<link rel=\"canonical\" href=\"https:\/\/fuentesfidedignas.com.mx\/index.php\/2021\/06\/21\/instala-congreso-mesa-tecnica-para-analizar-y-superar-veto-a-ley-de-seguridad-publica\/\" \/>\n<meta property=\"og:locale\" content=\"es_MX\" \/>\n<meta property=\"og:type\" content=\"article\" \/>\n<meta property=\"og:title\" content=\"Instala Congreso mesa t\u00e9cnica para analizar y superar veto a Ley de Seguridad P\u00fablica - Fuentes Fidedignas\" \/>\n<meta property=\"og:description\" content=\"Durante la reuni\u00f3n, se acord\u00f3 que el mi\u00e9rcoles de la pr\u00f3xima semana los municipios y gobierno estatal enviar\u00e1n al Congreso un informe de la evaluaci\u00f3n presupuestal que implican las reformas aprobadas a la Ley de Seguridad P\u00fablica. Culiac\u00e1n, Sin.- El Congreso del Estado de Sinaloa instal\u00f3 este lunes una mesa t\u00e9cnica con representantes del Gobierno [&hellip;]\" \/>\n<meta property=\"og:url\" content=\"https:\/\/fuentesfidedignas.com.mx\/index.php\/2021\/06\/21\/instala-congreso-mesa-tecnica-para-analizar-y-superar-veto-a-ley-de-seguridad-publica\/\" \/>\n<meta property=\"og:site_name\" content=\"Fuentes Fidedignas\" \/>\n<meta property=\"article:publisher\" content=\"https:\/\/www.facebook.com\/Fuentes-Fidedignas-368234489921644\" \/>\n<meta property=\"article:published_time\" content=\"2021-06-21T22:45:49+00:00\" \/>\n<meta property=\"article:modified_time\" content=\"2021-06-21T22:45:50+00:00\" \/>\n<meta property=\"og:image\" content=\"https:\/\/fuentesfidedignas.com.mx\/wp-content\/uploads\/2021\/06\/MESA_CONGRESO.jpg\" \/>\n\t<meta property=\"og:image:width\" content=\"1000\" \/>\n\t<meta property=\"og:image:height\" content=\"666\" \/>\n\t<meta property=\"og:image:type\" content=\"image\/jpeg\" \/>\n<meta name=\"author\" content=\"Redacci\u00f3n\" \/>\n<meta name=\"twitter:card\" content=\"summary_large_image\" \/>\n<meta name=\"twitter:creator\" content=\"@fidedignas\" \/>\n<meta name=\"twitter:site\" content=\"@fidedignas\" \/>\n<meta name=\"twitter:label1\" content=\"Escrito por\" \/>\n\t<meta name=\"twitter:data1\" content=\"Redacci\u00f3n\" \/>\n\t<meta name=\"twitter:label2\" content=\"Tiempo de lectura\" \/>\n\t<meta name=\"twitter:data2\" content=\"2 minutos\" \/>\n<script type=\"application\/ld+json\" class=\"yoast-schema-graph\">{\"@context\":\"https:\\\/\\\/schema.org\",\"@graph\":[{\"@type\":\"Article\",\"@id\":\"https:\\\/\\\/fuentesfidedignas.com.mx\\\/index.php\\\/2021\\\/06\\\/21\\\/instala-congreso-mesa-tecnica-para-analizar-y-superar-veto-a-ley-de-seguridad-publica\\\/#article\",\"isPartOf\":{\"@id\":\"https:\\\/\\\/fuentesfidedignas.com.mx\\\/index.php\\\/2021\\\/06\\\/21\\\/instala-congreso-mesa-tecnica-para-analizar-y-superar-veto-a-ley-de-seguridad-publica\\\/\"},\"author\":{\"name\":\"Redacci\u00f3n\",\"@id\":\"https:\\\/\\\/fuentesfidedignas.com.mx\\\/#\\\/schema\\\/person\\\/331be9283d37198e2acd5750279085b0\"},\"headline\":\"Instala Congreso mesa t\u00e9cnica para analizar y superar veto a Ley de Seguridad P\u00fablica\",\"datePublished\":\"2021-06-21T22:45:49+00:00\",\"dateModified\":\"2021-06-21T22:45:50+00:00\",\"mainEntityOfPage\":{\"@id\":\"https:\\\/\\\/fuentesfidedignas.com.mx\\\/index.php\\\/2021\\\/06\\\/21\\\/instala-congreso-mesa-tecnica-para-analizar-y-superar-veto-a-ley-de-seguridad-publica\\\/\"},\"wordCount\":436,\"commentCount\":0,\"publisher\":{\"@id\":\"https:\\\/\\\/fuentesfidedignas.com.mx\\\/#organization\"},\"image\":{\"@id\":\"https:\\\/\\\/fuentesfidedignas.com.mx\\\/index.php\\\/2021\\\/06\\\/21\\\/instala-congreso-mesa-tecnica-para-analizar-y-superar-veto-a-ley-de-seguridad-publica\\\/#primaryimage\"},\"thumbnailUrl\":\"https:\\\/\\\/fuentesfidedignas.com.mx\\\/wp-content\\\/uploads\\\/2021\\\/06\\\/MESA_CONGRESO.jpg\",\"keywords\":[\"Congreso del Estado de Sinaloa\"],\"articleSection\":[\"NOTICIAS LOCALES\"],\"inLanguage\":\"es\",\"potentialAction\":[{\"@type\":\"CommentAction\",\"name\":\"Comment\",\"target\":[\"https:\\\/\\\/fuentesfidedignas.com.mx\\\/index.php\\\/2021\\\/06\\\/21\\\/instala-congreso-mesa-tecnica-para-analizar-y-superar-veto-a-ley-de-seguridad-publica\\\/#respond\"]}]},{\"@type\":\"WebPage\",\"@id\":\"https:\\\/\\\/fuentesfidedignas.com.mx\\\/index.php\\\/2021\\\/06\\\/21\\\/instala-congreso-mesa-tecnica-para-analizar-y-superar-veto-a-ley-de-seguridad-publica\\\/\",\"url\":\"https:\\\/\\\/fuentesfidedignas.com.mx\\\/index.php\\\/2021\\\/06\\\/21\\\/instala-congreso-mesa-tecnica-para-analizar-y-superar-veto-a-ley-de-seguridad-publica\\\/\",\"name\":\"Instala Congreso mesa t\u00e9cnica para analizar y superar veto a Ley de Seguridad P\u00fablica - Fuentes Fidedignas\",\"isPartOf\":{\"@id\":\"https:\\\/\\\/fuentesfidedignas.com.mx\\\/#website\"},\"primaryImageOfPage\":{\"@id\":\"https:\\\/\\\/fuentesfidedignas.com.mx\\\/index.php\\\/2021\\\/06\\\/21\\\/instala-congreso-mesa-tecnica-para-analizar-y-superar-veto-a-ley-de-seguridad-publica\\\/#primaryimage\"},\"image\":{\"@id\":\"https:\\\/\\\/fuentesfidedignas.com.mx\\\/index.php\\\/2021\\\/06\\\/21\\\/instala-congreso-mesa-tecnica-para-analizar-y-superar-veto-a-ley-de-seguridad-publica\\\/#primaryimage\"},\"thumbnailUrl\":\"https:\\\/\\\/fuentesfidedignas.com.mx\\\/wp-content\\\/uploads\\\/2021\\\/06\\\/MESA_CONGRESO.jpg\",\"datePublished\":\"2021-06-21T22:45:49+00:00\",\"dateModified\":\"2021-06-21T22:45:50+00:00\",\"breadcrumb\":{\"@id\":\"https:\\\/\\\/fuentesfidedignas.com.mx\\\/index.php\\\/2021\\\/06\\\/21\\\/instala-congreso-mesa-tecnica-para-analizar-y-superar-veto-a-ley-de-seguridad-publica\\\/#breadcrumb\"},\"inLanguage\":\"es\",\"potentialAction\":[{\"@type\":\"ReadAction\",\"target\":[\"https:\\\/\\\/fuentesfidedignas.com.mx\\\/index.php\\\/2021\\\/06\\\/21\\\/instala-congreso-mesa-tecnica-para-analizar-y-superar-veto-a-ley-de-seguridad-publica\\\/\"]}]},{\"@type\":\"ImageObject\",\"inLanguage\":\"es\",\"@id\":\"https:\\\/\\\/fuentesfidedignas.com.mx\\\/index.php\\\/2021\\\/06\\\/21\\\/instala-congreso-mesa-tecnica-para-analizar-y-superar-veto-a-ley-de-seguridad-publica\\\/#primaryimage\",\"url\":\"https:\\\/\\\/fuentesfidedignas.com.mx\\\/wp-content\\\/uploads\\\/2021\\\/06\\\/MESA_CONGRESO.jpg\",\"contentUrl\":\"https:\\\/\\\/fuentesfidedignas.com.mx\\\/wp-content\\\/uploads\\\/2021\\\/06\\\/MESA_CONGRESO.jpg\",\"width\":1000,\"height\":666},{\"@type\":\"BreadcrumbList\",\"@id\":\"https:\\\/\\\/fuentesfidedignas.com.mx\\\/index.php\\\/2021\\\/06\\\/21\\\/instala-congreso-mesa-tecnica-para-analizar-y-superar-veto-a-ley-de-seguridad-publica\\\/#breadcrumb\",\"itemListElement\":[{\"@type\":\"ListItem\",\"position\":1,\"name\":\"Inicio\",\"item\":\"https:\\\/\\\/fuentesfidedignas.com.mx\\\/\"},{\"@type\":\"ListItem\",\"position\":2,\"name\":\"Instala Congreso mesa t\u00e9cnica para analizar y superar veto a Ley de Seguridad P\u00fablica\"}]},{\"@type\":\"WebSite\",\"@id\":\"https:\\\/\\\/fuentesfidedignas.com.mx\\\/#website\",\"url\":\"https:\\\/\\\/fuentesfidedignas.com.mx\\\/\",\"name\":\"Fuentes Fidedignas\",\"description\":\"Otro sitio realizado con WordPress\",\"publisher\":{\"@id\":\"https:\\\/\\\/fuentesfidedignas.com.mx\\\/#organization\"},\"potentialAction\":[{\"@type\":\"SearchAction\",\"target\":{\"@type\":\"EntryPoint\",\"urlTemplate\":\"https:\\\/\\\/fuentesfidedignas.com.mx\\\/?s={search_term_string}\"},\"query-input\":{\"@type\":\"PropertyValueSpecification\",\"valueRequired\":true,\"valueName\":\"search_term_string\"}}],\"inLanguage\":\"es\"},{\"@type\":\"Organization\",\"@id\":\"https:\\\/\\\/fuentesfidedignas.com.mx\\\/#organization\",\"name\":\"Fuentes Fidedignas\",\"url\":\"https:\\\/\\\/fuentesfidedignas.com.mx\\\/\",\"logo\":{\"@type\":\"ImageObject\",\"inLanguage\":\"es\",\"@id\":\"https:\\\/\\\/fuentesfidedignas.com.mx\\\/#\\\/schema\\\/logo\\\/image\\\/\",\"url\":\"https:\\\/\\\/fuentesfidedignas.com.mx\\\/wp-content\\\/uploads\\\/2021\\\/04\\\/logo-retina.png\",\"contentUrl\":\"https:\\\/\\\/fuentesfidedignas.com.mx\\\/wp-content\\\/uploads\\\/2021\\\/04\\\/logo-retina.png\",\"width\":280,\"height\":51,\"caption\":\"Fuentes Fidedignas\"},\"image\":{\"@id\":\"https:\\\/\\\/fuentesfidedignas.com.mx\\\/#\\\/schema\\\/logo\\\/image\\\/\"},\"sameAs\":[\"https:\\\/\\\/www.facebook.com\\\/Fuentes-Fidedignas-368234489921644\",\"https:\\\/\\\/x.com\\\/fidedignas\"]},{\"@type\":\"Person\",\"@id\":\"https:\\\/\\\/fuentesfidedignas.com.mx\\\/#\\\/schema\\\/person\\\/331be9283d37198e2acd5750279085b0\",\"name\":\"Redacci\u00f3n\",\"image\":{\"@type\":\"ImageObject\",\"inLanguage\":\"es\",\"@id\":\"https:\\\/\\\/secure.gravatar.com\\\/avatar\\\/f6d8782c11d12b2d4ad3fbb6931aeab5309937a4d6cd2fc9cfaa28a6396a5aec?s=96&d=mm&r=g\",\"url\":\"https:\\\/\\\/secure.gravatar.com\\\/avatar\\\/f6d8782c11d12b2d4ad3fbb6931aeab5309937a4d6cd2fc9cfaa28a6396a5aec?s=96&d=mm&r=g\",\"contentUrl\":\"https:\\\/\\\/secure.gravatar.com\\\/avatar\\\/f6d8782c11d12b2d4ad3fbb6931aeab5309937a4d6cd2fc9cfaa28a6396a5aec?s=96&d=mm&r=g\",\"caption\":\"Redacci\u00f3n\"},\"url\":\"https:\\\/\\\/fuentesfidedignas.com.mx\\\/index.php\\\/author\\\/redaccion\\\/\"}]}<\/script>\n<!-- \/ Yoast SEO plugin. -->","yoast_head_json":{"title":"Instala Congreso mesa t\u00e9cnica para analizar y superar veto a Ley de Seguridad P\u00fablica - Fuentes Fidedignas","robots":{"index":"index","follow":"follow","max-snippet":"max-snippet:-1","max-image-preview":"max-image-preview:large","max-video-preview":"max-video-preview:-1"},"canonical":"https:\/\/fuentesfidedignas.com.mx\/index.php\/2021\/06\/21\/instala-congreso-mesa-tecnica-para-analizar-y-superar-veto-a-ley-de-seguridad-publica\/","og_locale":"es_MX","og_type":"article","og_title":"Instala Congreso mesa t\u00e9cnica para analizar y superar veto a Ley de Seguridad P\u00fablica - Fuentes Fidedignas","og_description":"Durante la reuni\u00f3n, se acord\u00f3 que el mi\u00e9rcoles de la pr\u00f3xima semana los municipios y gobierno estatal enviar\u00e1n al Congreso un informe de la evaluaci\u00f3n presupuestal que implican las reformas aprobadas a la Ley de Seguridad P\u00fablica. Culiac\u00e1n, Sin.- El Congreso del Estado de Sinaloa instal\u00f3 este lunes una mesa t\u00e9cnica con representantes del Gobierno [&hellip;]","og_url":"https:\/\/fuentesfidedignas.com.mx\/index.php\/2021\/06\/21\/instala-congreso-mesa-tecnica-para-analizar-y-superar-veto-a-ley-de-seguridad-publica\/","og_site_name":"Fuentes Fidedignas","article_publisher":"https:\/\/www.facebook.com\/Fuentes-Fidedignas-368234489921644","article_published_time":"2021-06-21T22:45:49+00:00","article_modified_time":"2021-06-21T22:45:50+00:00","og_image":[{"width":1000,"height":666,"url":"https:\/\/fuentesfidedignas.com.mx\/wp-content\/uploads\/2021\/06\/MESA_CONGRESO.jpg","type":"image\/jpeg"}],"author":"Redacci\u00f3n","twitter_card":"summary_large_image","twitter_creator":"@fidedignas","twitter_site":"@fidedignas","twitter_misc":{"Escrito por":"Redacci\u00f3n","Tiempo de lectura":"2 minutos"},"schema":{"@context":"https:\/\/schema.org","@graph":[{"@type":"Article","@id":"https:\/\/fuentesfidedignas.com.mx\/index.php\/2021\/06\/21\/instala-congreso-mesa-tecnica-para-analizar-y-superar-veto-a-ley-de-seguridad-publica\/#article","isPartOf":{"@id":"https:\/\/fuentesfidedignas.com.mx\/index.php\/2021\/06\/21\/instala-congreso-mesa-tecnica-para-analizar-y-superar-veto-a-ley-de-seguridad-publica\/"},"author":{"name":"Redacci\u00f3n","@id":"https:\/\/fuentesfidedignas.com.mx\/#\/schema\/person\/331be9283d37198e2acd5750279085b0"},"headline":"Instala Congreso mesa t\u00e9cnica para analizar y superar veto a Ley de Seguridad P\u00fablica","datePublished":"2021-06-21T22:45:49+00:00","dateModified":"2021-06-21T22:45:50+00:00","mainEntityOfPage":{"@id":"https:\/\/fuentesfidedignas.com.mx\/index.php\/2021\/06\/21\/instala-congreso-mesa-tecnica-para-analizar-y-superar-veto-a-ley-de-seguridad-publica\/"},"wordCount":436,"commentCount":0,"publisher":{"@id":"https:\/\/fuentesfidedignas.com.mx\/#organization"},"image":{"@id":"https:\/\/fuentesfidedignas.com.mx\/index.php\/2021\/06\/21\/instala-congreso-mesa-tecnica-para-analizar-y-superar-veto-a-ley-de-seguridad-publica\/#primaryimage"},"thumbnailUrl":"https:\/\/fuentesfidedignas.com.mx\/wp-content\/uploads\/2021\/06\/MESA_CONGRESO.jpg","keywords":["Congreso del Estado de Sinaloa"],"articleSection":["NOTICIAS LOCALES"],"inLanguage":"es","potentialAction":[{"@type":"CommentAction","name":"Comment","target":["https:\/\/fuentesfidedignas.com.mx\/index.php\/2021\/06\/21\/instala-congreso-mesa-tecnica-para-analizar-y-superar-veto-a-ley-de-seguridad-publica\/#respond"]}]},{"@type":"WebPage","@id":"https:\/\/fuentesfidedignas.com.mx\/index.php\/2021\/06\/21\/instala-congreso-mesa-tecnica-para-analizar-y-superar-veto-a-ley-de-seguridad-publica\/","url":"https:\/\/fuentesfidedignas.com.mx\/index.php\/2021\/06\/21\/instala-congreso-mesa-tecnica-para-analizar-y-superar-veto-a-ley-de-seguridad-publica\/","name":"Instala Congreso mesa t\u00e9cnica para analizar y superar veto a Ley de Seguridad P\u00fablica - Fuentes Fidedignas","isPartOf":{"@id":"https:\/\/fuentesfidedignas.com.mx\/#website"},"primaryImageOfPage":{"@id":"https:\/\/fuentesfidedignas.com.mx\/index.php\/2021\/06\/21\/instala-congreso-mesa-tecnica-para-analizar-y-superar-veto-a-ley-de-seguridad-publica\/#primaryimage"},"image":{"@id":"https:\/\/fuentesfidedignas.com.mx\/index.php\/2021\/06\/21\/instala-congreso-mesa-tecnica-para-analizar-y-superar-veto-a-ley-de-seguridad-publica\/#primaryimage"},"thumbnailUrl":"https:\/\/fuentesfidedignas.com.mx\/wp-content\/uploads\/2021\/06\/MESA_CONGRESO.jpg","datePublished":"2021-06-21T22:45:49+00:00","dateModified":"2021-06-21T22:45:50+00:00","breadcrumb":{"@id":"https:\/\/fuentesfidedignas.com.mx\/index.php\/2021\/06\/21\/instala-congreso-mesa-tecnica-para-analizar-y-superar-veto-a-ley-de-seguridad-publica\/#breadcrumb"},"inLanguage":"es","potentialAction":[{"@type":"ReadAction","target":["https:\/\/fuentesfidedignas.com.mx\/index.php\/2021\/06\/21\/instala-congreso-mesa-tecnica-para-analizar-y-superar-veto-a-ley-de-seguridad-publica\/"]}]},{"@type":"ImageObject","inLanguage":"es","@id":"https:\/\/fuentesfidedignas.com.mx\/index.php\/2021\/06\/21\/instala-congreso-mesa-tecnica-para-analizar-y-superar-veto-a-ley-de-seguridad-publica\/#primaryimage","url":"https:\/\/fuentesfidedignas.com.mx\/wp-content\/uploads\/2021\/06\/MESA_CONGRESO.jpg","contentUrl":"https:\/\/fuentesfidedignas.com.mx\/wp-content\/uploads\/2021\/06\/MESA_CONGRESO.jpg","width":1000,"height":666},{"@type":"BreadcrumbList","@id":"https:\/\/fuentesfidedignas.com.mx\/index.php\/2021\/06\/21\/instala-congreso-mesa-tecnica-para-analizar-y-superar-veto-a-ley-de-seguridad-publica\/#breadcrumb","itemListElement":[{"@type":"ListItem","position":1,"name":"Inicio","item":"https:\/\/fuentesfidedignas.com.mx\/"},{"@type":"ListItem","position":2,"name":"Instala Congreso mesa t\u00e9cnica para analizar y superar veto a Ley de Seguridad P\u00fablica"}]},{"@type":"WebSite","@id":"https:\/\/fuentesfidedignas.com.mx\/#website","url":"https:\/\/fuentesfidedignas.com.mx\/","name":"Fuentes Fidedignas","description":"Otro sitio realizado con WordPress","publisher":{"@id":"https:\/\/fuentesfidedignas.com.mx\/#organization"},"potentialAction":[{"@type":"SearchAction","target":{"@type":"EntryPoint","urlTemplate":"https:\/\/fuentesfidedignas.com.mx\/?s={search_term_string}"},"query-input":{"@type":"PropertyValueSpecification","valueRequired":true,"valueName":"search_term_string"}}],"inLanguage":"es"},{"@type":"Organization","@id":"https:\/\/fuentesfidedignas.com.mx\/#organization","name":"Fuentes Fidedignas","url":"https:\/\/fuentesfidedignas.com.mx\/","logo":{"@type":"ImageObject","inLanguage":"es","@id":"https:\/\/fuentesfidedignas.com.mx\/#\/schema\/logo\/image\/","url":"https:\/\/fuentesfidedignas.com.mx\/wp-content\/uploads\/2021\/04\/logo-retina.png","contentUrl":"https:\/\/fuentesfidedignas.com.mx\/wp-content\/uploads\/2021\/04\/logo-retina.png","width":280,"height":51,"caption":"Fuentes Fidedignas"},"image":{"@id":"https:\/\/fuentesfidedignas.com.mx\/#\/schema\/logo\/image\/"},"sameAs":["https:\/\/www.facebook.com\/Fuentes-Fidedignas-368234489921644","https:\/\/x.com\/fidedignas"]},{"@type":"Person","@id":"https:\/\/fuentesfidedignas.com.mx\/#\/schema\/person\/331be9283d37198e2acd5750279085b0","name":"Redacci\u00f3n","image":{"@type":"ImageObject","inLanguage":"es","@id":"https:\/\/secure.gravatar.com\/avatar\/f6d8782c11d12b2d4ad3fbb6931aeab5309937a4d6cd2fc9cfaa28a6396a5aec?s=96&d=mm&r=g","url":"https:\/\/secure.gravatar.com\/avatar\/f6d8782c11d12b2d4ad3fbb6931aeab5309937a4d6cd2fc9cfaa28a6396a5aec?s=96&d=mm&r=g","contentUrl":"https:\/\/secure.gravatar.com\/avatar\/f6d8782c11d12b2d4ad3fbb6931aeab5309937a4d6cd2fc9cfaa28a6396a5aec?s=96&d=mm&r=g","caption":"Redacci\u00f3n"},"url":"https:\/\/fuentesfidedignas.com.mx\/index.php\/author\/redaccion\/"}]}},"_links":{"self":[{"href":"https:\/\/fuentesfidedignas.com.mx\/index.php\/wp-json\/wp\/v2\/posts\/5545","targetHints":{"allow":["GET"]}}],"collection":[{"href":"https:\/\/fuentesfidedignas.com.mx\/index.php\/wp-json\/wp\/v2\/posts"}],"about":[{"href":"https:\/\/fuentesfidedignas.com.mx\/index.php\/wp-json\/wp\/v2\/types\/post"}],"author":[{"embeddable":true,"href":"https:\/\/fuentesfidedignas.com.mx\/index.php\/wp-json\/wp\/v2\/users\/4"}],"replies":[{"embeddable":true,"href":"https:\/\/fuentesfidedignas.com.mx\/index.php\/wp-json\/wp\/v2\/comments?post=5545"}],"version-history":[{"count":1,"href":"https:\/\/fuentesfidedignas.com.mx\/index.php\/wp-json\/wp\/v2\/posts\/5545\/revisions"}],"predecessor-version":[{"id":5547,"href":"https:\/\/fuentesfidedignas.com.mx\/index.php\/wp-json\/wp\/v2\/posts\/5545\/revisions\/5547"}],"wp:featuredmedia":[{"embeddable":true,"href":"https:\/\/fuentesfidedignas.com.mx\/index.php\/wp-json\/wp\/v2\/media\/5546"}],"wp:attachment":[{"href":"https:\/\/fuentesfidedignas.com.mx\/index.php\/wp-json\/wp\/v2\/media?parent=5545"}],"wp:term":[{"taxonomy":"category","embeddable":true,"href":"https:\/\/fuentesfidedignas.com.mx\/index.php\/wp-json\/wp\/v2\/categories?post=5545"},{"taxonomy":"post_tag","embeddable":true,"href":"https:\/\/fuentesfidedignas.com.mx\/index.php\/wp-json\/wp\/v2\/tags?post=5545"}],"curies":[{"name":"wp","href":"https:\/\/api.w.org\/{rel}","templated":true}]}}