{"id":5539,"date":"2021-06-21T13:50:09","date_gmt":"2021-06-21T20:50:09","guid":{"rendered":"https:\/\/fuentesfidedignas.com.mx\/?p=5539"},"modified":"2021-06-21T13:50:15","modified_gmt":"2021-06-21T20:50:15","slug":"coparmex-crea-frente-para-frenar-las-reformas-constitucionales-de-amlo","status":"publish","type":"post","link":"https:\/\/fuentesfidedignas.com.mx\/index.php\/2021\/06\/21\/coparmex-crea-frente-para-frenar-las-reformas-constitucionales-de-amlo\/","title":{"rendered":"Coparmex crea frente para frenar las reformas constitucionales de AMLO"},"content":{"rendered":"\n<p><strong><em>El titular del organismo empresarial asegur\u00f3 que nada ni nadie est\u00e1 por encima de la Constituci\u00f3n.<\/em><\/strong><\/p>\n\n\n\n<p>Ciudad de M\u00e9xico.- Jos\u00e9 Medina Mora Icaza, presidente de la Confederaci\u00f3n Patronal de la Rep\u00fablica Mexicana (Coparmex), conform\u00f3 un cruzada nacional para impedir que el gobierno de Andr\u00e9s Manuel L\u00f3pez Obrador realice cambios constitucionales como las reformas para modificar las reglas del sector el\u00e9ctrico y al Instituto Nacional Electoral (INE), as\u00ed como que la Guardia Nacional sea parte del Ej\u00e9rcito.<\/p>\n\n\n\n<p>\u201cHoy convocamos a una cruzada nacional de exigencia para el cumplimiento de la Constituci\u00f3n, en donde los organismos empresariales, organizaciones de la sociedad civil e instituciones acad\u00e9micas y la ciudadan\u00eda en general vigilemos el actuar de las instituciones y demos marcha atr\u00e1s a cualquier ley o reforma que vaya en sentido contrario de lo establecido nuestra Constituci\u00f3n\u201d, declar\u00f3 el empresario.<\/p>\n\n\n\n<p>Desde afuera del Teatro de la Rep\u00fablica en donde fue aprobada en 1917, la Constituci\u00f3n Pol\u00edtica de los Estados Unidos Mexicanos, el dirigente del sindicato peatonal y otros actores empresariales presentaron la iniciativa social para defender la Constituci\u00f3n y su cumplimiento cabalidad.<\/p>\n\n\n\n<p>Los empresarios afiliados a Coparmex crearon el Observatorio Nacional para el Respeto y Cumplimiento de la Constituci\u00f3n que dar\u00e1 un seguimiento puntual a las violaciones a la Constituci\u00f3n cometidas por los actores pol\u00edticos y estar\u00e1 atentos a las resoluciones de la Suprema Corte de Justicia de la Naci\u00f3n.<\/p>\n\n\n\n<p>El Observatorio aportar\u00e1 elementos t\u00e9cnicos para colaborar con los legisladores, magistrados y ministros para frenar cualquier reforma constitucional propuesta por el presidente de la Rep\u00fablica, Andr\u00e9s Manuel L\u00f3pez Obrador.<\/p>\n\n\n\n<p>\u201cEn pleno respeto a la Constituci\u00f3n recurriremos a la presentaci\u00f3n de recursos jur\u00eddicos como el Amicus Curi ante hechos de m\u00e1xima relevancia\u201d, coment\u00f3 Jos\u00e9 Medina Mora Icaza.<\/p>\n\n\n\n<p>El presidente de la Coparmex dijo que un observatorio de est\u00e1 naturaleza ser\u00e1 posible con la suma de esfuerzos de las organizaciones de la sociedad civil, especialistas, medios de comunicaci\u00f3n y la ciudadan\u00eda.<\/p>\n\n\n\n<p>A trav\u00e9s de Observatorio se emitir\u00e1 una alerta constitucional para que cuando haya una flagrante violaci\u00f3n a la Constituci\u00f3n o una de las recomendaciones constitucionales atente en contra del bien se promover\u00e1 un an\u00e1lisis de la situaci\u00f3n, explic\u00f3 el dirigente empresarial.<\/p>\n\n\n\n<p>\u201cEn los 90 a\u00f1os de existencia de Coparmex hemos promovido el respeto al Estado de Derecho, tambi\u00e9n hemos promovido el fortalecimiento de las instituciones y tenemos claro que la tarea legislativa es corregir y cambiar lo que no funciona y genera incertidumbre\u201d, apunt\u00f3.<\/p>\n\n\n\n<p>Medina Mora Icaza record\u00f3 que los servidores p\u00fablicos tienen la responsabilidad de cumplir cada uno de estos principios establecidos en la Constituci\u00f3n.<\/p>\n\n\n\n<p>\u201cRecientemente integrantes del Estado ha propuesto y aprobado leyes que vulneran directamente la Constituci\u00f3n, casos como la Ley de Hidrocarburos y la Industria El\u00e9ctrica que atentamente contra los derechos constitucionales de la libre competencia y la libre concurrencia\u201d, dijo.<\/p>\n\n\n\n<p>Agreg\u00f3 que en el mismo sentido se encuentra el transitorio aprobada por el Senado de la Rep\u00fablica para extender por 2 a\u00f1os el mandato del presidente de la Suprema Corte de Justicia de la Naci\u00f3n (SCJN).<\/p>\n\n\n\n<p>La Constituci\u00f3n establece que el ministro y presidente de la SCJN est\u00e9 por un per\u00edodo de 4 a\u00f1os y no haya reelecci\u00f3n, expres\u00f3 el presidente de Coparmex.<\/p>\n\n\n\n<p>\u201cAdicionalmente en el Congreso de la Uni\u00f3n se han aprobado otras leyes que atentan en contra de la Constituci\u00f3n Pol\u00edtica de los Estados Unidos Mexicanos como la ley de telecomunicaciones, la cual establece la entrega de datos biom\u00e9tricos de los usuarios de la telefon\u00eda celular a las empresas extranjeras y mexicanas\u201d, se\u00f1al\u00f3.<\/p>\n\n\n\n<p>Otra es la pretensi\u00f3n de ir contra lo establecido es hacer una serie de reformas constitucionales a la ley en materia electoral para eliminar a los diputados y senadores de representaci\u00f3n proporcional, a\u00f1adi\u00f3.<\/p>\n\n\n\n<p>\u201cEstamos de acuerdo que se corrija y enmiende lo que no funciona y genera incertidumbre en el proceso electoral, pero debemos alentar el riesgo que se aliente en contra de la autonom\u00eda del Instituto Nacional Electoral (INE)\u201d, declar\u00f3 Medina Mora Icaza.<\/p>\n\n\n\n<p>Acot\u00f3 que la actuaci\u00f3n del INE ha sido hist\u00f3ricamente exitosa y prueba de ello son las elecciones dodne celebramos el avance de la democracia<\/p>\n\n\n\n<p>\u201cRespetar y acatar la Constituci\u00f3n es la primera gran responsabilidad de los poderes de la Uni\u00f3n, desde el legislativo, ejecutivo y judicial se deben acatar los principios constitucionales\u201d, apunt\u00f3.<\/p>\n\n\n\n<p>\u201cHacemos un llamado a los servidores p\u00fablicos en funciones y los reci\u00e9n electos a comprometerse con la responsabilidad p\u00fablica de honrar la carta magna, invitamos a los ciudadanos a convertirse en Guardianes que vigilen la Constituci\u00f3n, que es la columna vertebral de nuestra naci\u00f3n y democracia\u201d, concluy\u00f3 el presidente de Coparmex.<\/p>\n","protected":false},"excerpt":{"rendered":"<p>El titular del organismo empresarial asegur\u00f3 que nada ni nadie est\u00e1 por encima de la Constituci\u00f3n. Ciudad de M\u00e9xico.- Jos\u00e9 Medina Mora Icaza, presidente de la Confederaci\u00f3n Patronal de la Rep\u00fablica Mexicana (Coparmex), conform\u00f3 un cruzada nacional para impedir que el gobierno de Andr\u00e9s Manuel L\u00f3pez Obrador realice cambios constitucionales como las reformas para modificar [&hellip;]<\/p>\n","protected":false},"author":5,"featured_media":5540,"comment_status":"open","ping_status":"open","sticky":false,"template":"","format":"standard","meta":{"tdm_status":"","tdm_grid_status":"","footnotes":""},"categories":[39],"tags":[247,297,1005,516],"class_list":{"0":"post-5539","1":"post","2":"type-post","3":"status-publish","4":"format-standard","5":"has-post-thumbnail","7":"category-noticias-nacionales","8":"tag-amlo","9":"tag-andres-manuel-lopez-obrador","10":"tag-confederacion-patronal-de-la-republica-mexicana","11":"tag-coparmex"},"yoast_head":"<!-- This site is optimized with the Yoast SEO plugin v27.5 - https:\/\/yoast.com\/product\/yoast-seo-wordpress\/ -->\n<title>Coparmex crea frente para frenar las reformas constitucionales de AMLO - Fuentes Fidedignas<\/title>\n<meta name=\"robots\" content=\"index, follow, max-snippet:-1, max-image-preview:large, max-video-preview:-1\" \/>\n<link rel=\"canonical\" href=\"https:\/\/fuentesfidedignas.com.mx\/index.php\/2021\/06\/21\/coparmex-crea-frente-para-frenar-las-reformas-constitucionales-de-amlo\/\" \/>\n<meta property=\"og:locale\" content=\"es_MX\" \/>\n<meta property=\"og:type\" content=\"article\" \/>\n<meta property=\"og:title\" content=\"Coparmex crea frente para frenar las reformas constitucionales de AMLO - Fuentes Fidedignas\" \/>\n<meta property=\"og:description\" content=\"El titular del organismo empresarial asegur\u00f3 que nada ni nadie est\u00e1 por encima de la Constituci\u00f3n. Ciudad de M\u00e9xico.- Jos\u00e9 Medina Mora Icaza, presidente de la Confederaci\u00f3n Patronal de la Rep\u00fablica Mexicana (Coparmex), conform\u00f3 un cruzada nacional para impedir que el gobierno de Andr\u00e9s Manuel L\u00f3pez Obrador realice cambios constitucionales como las reformas para modificar [&hellip;]\" \/>\n<meta property=\"og:url\" content=\"https:\/\/fuentesfidedignas.com.mx\/index.php\/2021\/06\/21\/coparmex-crea-frente-para-frenar-las-reformas-constitucionales-de-amlo\/\" \/>\n<meta property=\"og:site_name\" content=\"Fuentes Fidedignas\" \/>\n<meta property=\"article:publisher\" content=\"https:\/\/www.facebook.com\/Fuentes-Fidedignas-368234489921644\" \/>\n<meta property=\"article:published_time\" content=\"2021-06-21T20:50:09+00:00\" \/>\n<meta property=\"article:modified_time\" content=\"2021-06-21T20:50:15+00:00\" \/>\n<meta property=\"og:image\" content=\"https:\/\/fuentesfidedignas.com.mx\/wp-content\/uploads\/2021\/06\/coparmex-640x360-1.jpg\" \/>\n\t<meta property=\"og:image:width\" content=\"640\" \/>\n\t<meta property=\"og:image:height\" content=\"360\" \/>\n\t<meta property=\"og:image:type\" content=\"image\/jpeg\" \/>\n<meta name=\"author\" content=\"Forbes\" \/>\n<meta name=\"twitter:card\" content=\"summary_large_image\" \/>\n<meta name=\"twitter:creator\" content=\"@fidedignas\" \/>\n<meta name=\"twitter:site\" content=\"@fidedignas\" \/>\n<meta name=\"twitter:label1\" content=\"Escrito por\" \/>\n\t<meta name=\"twitter:data1\" content=\"Forbes\" \/>\n\t<meta name=\"twitter:label2\" content=\"Tiempo de lectura\" \/>\n\t<meta name=\"twitter:data2\" content=\"4 minutos\" \/>\n<script type=\"application\/ld+json\" class=\"yoast-schema-graph\">{\"@context\":\"https:\\\/\\\/schema.org\",\"@graph\":[{\"@type\":\"Article\",\"@id\":\"https:\\\/\\\/fuentesfidedignas.com.mx\\\/index.php\\\/2021\\\/06\\\/21\\\/coparmex-crea-frente-para-frenar-las-reformas-constitucionales-de-amlo\\\/#article\",\"isPartOf\":{\"@id\":\"https:\\\/\\\/fuentesfidedignas.com.mx\\\/index.php\\\/2021\\\/06\\\/21\\\/coparmex-crea-frente-para-frenar-las-reformas-constitucionales-de-amlo\\\/\"},\"author\":{\"name\":\"Forbes\",\"@id\":\"https:\\\/\\\/fuentesfidedignas.com.mx\\\/#\\\/schema\\\/person\\\/5623d53fe2e579d825b1679734abcc44\"},\"headline\":\"Coparmex crea frente para frenar las reformas constitucionales de AMLO\",\"datePublished\":\"2021-06-21T20:50:09+00:00\",\"dateModified\":\"2021-06-21T20:50:15+00:00\",\"mainEntityOfPage\":{\"@id\":\"https:\\\/\\\/fuentesfidedignas.com.mx\\\/index.php\\\/2021\\\/06\\\/21\\\/coparmex-crea-frente-para-frenar-las-reformas-constitucionales-de-amlo\\\/\"},\"wordCount\":828,\"commentCount\":0,\"publisher\":{\"@id\":\"https:\\\/\\\/fuentesfidedignas.com.mx\\\/#organization\"},\"image\":{\"@id\":\"https:\\\/\\\/fuentesfidedignas.com.mx\\\/index.php\\\/2021\\\/06\\\/21\\\/coparmex-crea-frente-para-frenar-las-reformas-constitucionales-de-amlo\\\/#primaryimage\"},\"thumbnailUrl\":\"https:\\\/\\\/fuentesfidedignas.com.mx\\\/wp-content\\\/uploads\\\/2021\\\/06\\\/coparmex-640x360-1.jpg\",\"keywords\":[\"AMLO\",\"Andr\u00e9s Manuel L\u00f3pez Obrador\",\"Confederaci\u00f3n Patronal de la Rep\u00fablica Mexicana\",\"Coparmex\"],\"articleSection\":[\"NOTICIAS NACIONALES\"],\"inLanguage\":\"es\",\"potentialAction\":[{\"@type\":\"CommentAction\",\"name\":\"Comment\",\"target\":[\"https:\\\/\\\/fuentesfidedignas.com.mx\\\/index.php\\\/2021\\\/06\\\/21\\\/coparmex-crea-frente-para-frenar-las-reformas-constitucionales-de-amlo\\\/#respond\"]}]},{\"@type\":\"WebPage\",\"@id\":\"https:\\\/\\\/fuentesfidedignas.com.mx\\\/index.php\\\/2021\\\/06\\\/21\\\/coparmex-crea-frente-para-frenar-las-reformas-constitucionales-de-amlo\\\/\",\"url\":\"https:\\\/\\\/fuentesfidedignas.com.mx\\\/index.php\\\/2021\\\/06\\\/21\\\/coparmex-crea-frente-para-frenar-las-reformas-constitucionales-de-amlo\\\/\",\"name\":\"Coparmex crea frente para frenar las reformas constitucionales de AMLO - Fuentes Fidedignas\",\"isPartOf\":{\"@id\":\"https:\\\/\\\/fuentesfidedignas.com.mx\\\/#website\"},\"primaryImageOfPage\":{\"@id\":\"https:\\\/\\\/fuentesfidedignas.com.mx\\\/index.php\\\/2021\\\/06\\\/21\\\/coparmex-crea-frente-para-frenar-las-reformas-constitucionales-de-amlo\\\/#primaryimage\"},\"image\":{\"@id\":\"https:\\\/\\\/fuentesfidedignas.com.mx\\\/index.php\\\/2021\\\/06\\\/21\\\/coparmex-crea-frente-para-frenar-las-reformas-constitucionales-de-amlo\\\/#primaryimage\"},\"thumbnailUrl\":\"https:\\\/\\\/fuentesfidedignas.com.mx\\\/wp-content\\\/uploads\\\/2021\\\/06\\\/coparmex-640x360-1.jpg\",\"datePublished\":\"2021-06-21T20:50:09+00:00\",\"dateModified\":\"2021-06-21T20:50:15+00:00\",\"breadcrumb\":{\"@id\":\"https:\\\/\\\/fuentesfidedignas.com.mx\\\/index.php\\\/2021\\\/06\\\/21\\\/coparmex-crea-frente-para-frenar-las-reformas-constitucionales-de-amlo\\\/#breadcrumb\"},\"inLanguage\":\"es\",\"potentialAction\":[{\"@type\":\"ReadAction\",\"target\":[\"https:\\\/\\\/fuentesfidedignas.com.mx\\\/index.php\\\/2021\\\/06\\\/21\\\/coparmex-crea-frente-para-frenar-las-reformas-constitucionales-de-amlo\\\/\"]}]},{\"@type\":\"ImageObject\",\"inLanguage\":\"es\",\"@id\":\"https:\\\/\\\/fuentesfidedignas.com.mx\\\/index.php\\\/2021\\\/06\\\/21\\\/coparmex-crea-frente-para-frenar-las-reformas-constitucionales-de-amlo\\\/#primaryimage\",\"url\":\"https:\\\/\\\/fuentesfidedignas.com.mx\\\/wp-content\\\/uploads\\\/2021\\\/06\\\/coparmex-640x360-1.jpg\",\"contentUrl\":\"https:\\\/\\\/fuentesfidedignas.com.mx\\\/wp-content\\\/uploads\\\/2021\\\/06\\\/coparmex-640x360-1.jpg\",\"width\":640,\"height\":360},{\"@type\":\"BreadcrumbList\",\"@id\":\"https:\\\/\\\/fuentesfidedignas.com.mx\\\/index.php\\\/2021\\\/06\\\/21\\\/coparmex-crea-frente-para-frenar-las-reformas-constitucionales-de-amlo\\\/#breadcrumb\",\"itemListElement\":[{\"@type\":\"ListItem\",\"position\":1,\"name\":\"Inicio\",\"item\":\"https:\\\/\\\/fuentesfidedignas.com.mx\\\/\"},{\"@type\":\"ListItem\",\"position\":2,\"name\":\"Coparmex crea frente para frenar las reformas constitucionales de AMLO\"}]},{\"@type\":\"WebSite\",\"@id\":\"https:\\\/\\\/fuentesfidedignas.com.mx\\\/#website\",\"url\":\"https:\\\/\\\/fuentesfidedignas.com.mx\\\/\",\"name\":\"Fuentes Fidedignas\",\"description\":\"Otro sitio realizado con WordPress\",\"publisher\":{\"@id\":\"https:\\\/\\\/fuentesfidedignas.com.mx\\\/#organization\"},\"potentialAction\":[{\"@type\":\"SearchAction\",\"target\":{\"@type\":\"EntryPoint\",\"urlTemplate\":\"https:\\\/\\\/fuentesfidedignas.com.mx\\\/?s={search_term_string}\"},\"query-input\":{\"@type\":\"PropertyValueSpecification\",\"valueRequired\":true,\"valueName\":\"search_term_string\"}}],\"inLanguage\":\"es\"},{\"@type\":\"Organization\",\"@id\":\"https:\\\/\\\/fuentesfidedignas.com.mx\\\/#organization\",\"name\":\"Fuentes Fidedignas\",\"url\":\"https:\\\/\\\/fuentesfidedignas.com.mx\\\/\",\"logo\":{\"@type\":\"ImageObject\",\"inLanguage\":\"es\",\"@id\":\"https:\\\/\\\/fuentesfidedignas.com.mx\\\/#\\\/schema\\\/logo\\\/image\\\/\",\"url\":\"https:\\\/\\\/fuentesfidedignas.com.mx\\\/wp-content\\\/uploads\\\/2021\\\/04\\\/logo-retina.png\",\"contentUrl\":\"https:\\\/\\\/fuentesfidedignas.com.mx\\\/wp-content\\\/uploads\\\/2021\\\/04\\\/logo-retina.png\",\"width\":280,\"height\":51,\"caption\":\"Fuentes Fidedignas\"},\"image\":{\"@id\":\"https:\\\/\\\/fuentesfidedignas.com.mx\\\/#\\\/schema\\\/logo\\\/image\\\/\"},\"sameAs\":[\"https:\\\/\\\/www.facebook.com\\\/Fuentes-Fidedignas-368234489921644\",\"https:\\\/\\\/x.com\\\/fidedignas\"]},{\"@type\":\"Person\",\"@id\":\"https:\\\/\\\/fuentesfidedignas.com.mx\\\/#\\\/schema\\\/person\\\/5623d53fe2e579d825b1679734abcc44\",\"name\":\"Forbes\",\"image\":{\"@type\":\"ImageObject\",\"inLanguage\":\"es\",\"@id\":\"https:\\\/\\\/secure.gravatar.com\\\/avatar\\\/87ce3dd4e41e60c22a79c758614f01a6bc2469255fc936ec7b15efb9bb5cb66f?s=96&d=mm&r=g\",\"url\":\"https:\\\/\\\/secure.gravatar.com\\\/avatar\\\/87ce3dd4e41e60c22a79c758614f01a6bc2469255fc936ec7b15efb9bb5cb66f?s=96&d=mm&r=g\",\"contentUrl\":\"https:\\\/\\\/secure.gravatar.com\\\/avatar\\\/87ce3dd4e41e60c22a79c758614f01a6bc2469255fc936ec7b15efb9bb5cb66f?s=96&d=mm&r=g\",\"caption\":\"Forbes\"},\"url\":\"https:\\\/\\\/fuentesfidedignas.com.mx\\\/index.php\\\/author\\\/forbes\\\/\"}]}<\/script>\n<!-- \/ Yoast SEO plugin. -->","yoast_head_json":{"title":"Coparmex crea frente para frenar las reformas constitucionales de AMLO - Fuentes Fidedignas","robots":{"index":"index","follow":"follow","max-snippet":"max-snippet:-1","max-image-preview":"max-image-preview:large","max-video-preview":"max-video-preview:-1"},"canonical":"https:\/\/fuentesfidedignas.com.mx\/index.php\/2021\/06\/21\/coparmex-crea-frente-para-frenar-las-reformas-constitucionales-de-amlo\/","og_locale":"es_MX","og_type":"article","og_title":"Coparmex crea frente para frenar las reformas constitucionales de AMLO - Fuentes Fidedignas","og_description":"El titular del organismo empresarial asegur\u00f3 que nada ni nadie est\u00e1 por encima de la Constituci\u00f3n. Ciudad de M\u00e9xico.- Jos\u00e9 Medina Mora Icaza, presidente de la Confederaci\u00f3n Patronal de la Rep\u00fablica Mexicana (Coparmex), conform\u00f3 un cruzada nacional para impedir que el gobierno de Andr\u00e9s Manuel L\u00f3pez Obrador realice cambios constitucionales como las reformas para modificar [&hellip;]","og_url":"https:\/\/fuentesfidedignas.com.mx\/index.php\/2021\/06\/21\/coparmex-crea-frente-para-frenar-las-reformas-constitucionales-de-amlo\/","og_site_name":"Fuentes Fidedignas","article_publisher":"https:\/\/www.facebook.com\/Fuentes-Fidedignas-368234489921644","article_published_time":"2021-06-21T20:50:09+00:00","article_modified_time":"2021-06-21T20:50:15+00:00","og_image":[{"width":640,"height":360,"url":"https:\/\/fuentesfidedignas.com.mx\/wp-content\/uploads\/2021\/06\/coparmex-640x360-1.jpg","type":"image\/jpeg"}],"author":"Forbes","twitter_card":"summary_large_image","twitter_creator":"@fidedignas","twitter_site":"@fidedignas","twitter_misc":{"Escrito por":"Forbes","Tiempo de lectura":"4 minutos"},"schema":{"@context":"https:\/\/schema.org","@graph":[{"@type":"Article","@id":"https:\/\/fuentesfidedignas.com.mx\/index.php\/2021\/06\/21\/coparmex-crea-frente-para-frenar-las-reformas-constitucionales-de-amlo\/#article","isPartOf":{"@id":"https:\/\/fuentesfidedignas.com.mx\/index.php\/2021\/06\/21\/coparmex-crea-frente-para-frenar-las-reformas-constitucionales-de-amlo\/"},"author":{"name":"Forbes","@id":"https:\/\/fuentesfidedignas.com.mx\/#\/schema\/person\/5623d53fe2e579d825b1679734abcc44"},"headline":"Coparmex crea frente para frenar las reformas constitucionales de AMLO","datePublished":"2021-06-21T20:50:09+00:00","dateModified":"2021-06-21T20:50:15+00:00","mainEntityOfPage":{"@id":"https:\/\/fuentesfidedignas.com.mx\/index.php\/2021\/06\/21\/coparmex-crea-frente-para-frenar-las-reformas-constitucionales-de-amlo\/"},"wordCount":828,"commentCount":0,"publisher":{"@id":"https:\/\/fuentesfidedignas.com.mx\/#organization"},"image":{"@id":"https:\/\/fuentesfidedignas.com.mx\/index.php\/2021\/06\/21\/coparmex-crea-frente-para-frenar-las-reformas-constitucionales-de-amlo\/#primaryimage"},"thumbnailUrl":"https:\/\/fuentesfidedignas.com.mx\/wp-content\/uploads\/2021\/06\/coparmex-640x360-1.jpg","keywords":["AMLO","Andr\u00e9s Manuel L\u00f3pez Obrador","Confederaci\u00f3n Patronal de la Rep\u00fablica Mexicana","Coparmex"],"articleSection":["NOTICIAS NACIONALES"],"inLanguage":"es","potentialAction":[{"@type":"CommentAction","name":"Comment","target":["https:\/\/fuentesfidedignas.com.mx\/index.php\/2021\/06\/21\/coparmex-crea-frente-para-frenar-las-reformas-constitucionales-de-amlo\/#respond"]}]},{"@type":"WebPage","@id":"https:\/\/fuentesfidedignas.com.mx\/index.php\/2021\/06\/21\/coparmex-crea-frente-para-frenar-las-reformas-constitucionales-de-amlo\/","url":"https:\/\/fuentesfidedignas.com.mx\/index.php\/2021\/06\/21\/coparmex-crea-frente-para-frenar-las-reformas-constitucionales-de-amlo\/","name":"Coparmex crea frente para frenar las reformas constitucionales de AMLO - Fuentes Fidedignas","isPartOf":{"@id":"https:\/\/fuentesfidedignas.com.mx\/#website"},"primaryImageOfPage":{"@id":"https:\/\/fuentesfidedignas.com.mx\/index.php\/2021\/06\/21\/coparmex-crea-frente-para-frenar-las-reformas-constitucionales-de-amlo\/#primaryimage"},"image":{"@id":"https:\/\/fuentesfidedignas.com.mx\/index.php\/2021\/06\/21\/coparmex-crea-frente-para-frenar-las-reformas-constitucionales-de-amlo\/#primaryimage"},"thumbnailUrl":"https:\/\/fuentesfidedignas.com.mx\/wp-content\/uploads\/2021\/06\/coparmex-640x360-1.jpg","datePublished":"2021-06-21T20:50:09+00:00","dateModified":"2021-06-21T20:50:15+00:00","breadcrumb":{"@id":"https:\/\/fuentesfidedignas.com.mx\/index.php\/2021\/06\/21\/coparmex-crea-frente-para-frenar-las-reformas-constitucionales-de-amlo\/#breadcrumb"},"inLanguage":"es","potentialAction":[{"@type":"ReadAction","target":["https:\/\/fuentesfidedignas.com.mx\/index.php\/2021\/06\/21\/coparmex-crea-frente-para-frenar-las-reformas-constitucionales-de-amlo\/"]}]},{"@type":"ImageObject","inLanguage":"es","@id":"https:\/\/fuentesfidedignas.com.mx\/index.php\/2021\/06\/21\/coparmex-crea-frente-para-frenar-las-reformas-constitucionales-de-amlo\/#primaryimage","url":"https:\/\/fuentesfidedignas.com.mx\/wp-content\/uploads\/2021\/06\/coparmex-640x360-1.jpg","contentUrl":"https:\/\/fuentesfidedignas.com.mx\/wp-content\/uploads\/2021\/06\/coparmex-640x360-1.jpg","width":640,"height":360},{"@type":"BreadcrumbList","@id":"https:\/\/fuentesfidedignas.com.mx\/index.php\/2021\/06\/21\/coparmex-crea-frente-para-frenar-las-reformas-constitucionales-de-amlo\/#breadcrumb","itemListElement":[{"@type":"ListItem","position":1,"name":"Inicio","item":"https:\/\/fuentesfidedignas.com.mx\/"},{"@type":"ListItem","position":2,"name":"Coparmex crea frente para frenar las reformas constitucionales de AMLO"}]},{"@type":"WebSite","@id":"https:\/\/fuentesfidedignas.com.mx\/#website","url":"https:\/\/fuentesfidedignas.com.mx\/","name":"Fuentes Fidedignas","description":"Otro sitio realizado con WordPress","publisher":{"@id":"https:\/\/fuentesfidedignas.com.mx\/#organization"},"potentialAction":[{"@type":"SearchAction","target":{"@type":"EntryPoint","urlTemplate":"https:\/\/fuentesfidedignas.com.mx\/?s={search_term_string}"},"query-input":{"@type":"PropertyValueSpecification","valueRequired":true,"valueName":"search_term_string"}}],"inLanguage":"es"},{"@type":"Organization","@id":"https:\/\/fuentesfidedignas.com.mx\/#organization","name":"Fuentes Fidedignas","url":"https:\/\/fuentesfidedignas.com.mx\/","logo":{"@type":"ImageObject","inLanguage":"es","@id":"https:\/\/fuentesfidedignas.com.mx\/#\/schema\/logo\/image\/","url":"https:\/\/fuentesfidedignas.com.mx\/wp-content\/uploads\/2021\/04\/logo-retina.png","contentUrl":"https:\/\/fuentesfidedignas.com.mx\/wp-content\/uploads\/2021\/04\/logo-retina.png","width":280,"height":51,"caption":"Fuentes Fidedignas"},"image":{"@id":"https:\/\/fuentesfidedignas.com.mx\/#\/schema\/logo\/image\/"},"sameAs":["https:\/\/www.facebook.com\/Fuentes-Fidedignas-368234489921644","https:\/\/x.com\/fidedignas"]},{"@type":"Person","@id":"https:\/\/fuentesfidedignas.com.mx\/#\/schema\/person\/5623d53fe2e579d825b1679734abcc44","name":"Forbes","image":{"@type":"ImageObject","inLanguage":"es","@id":"https:\/\/secure.gravatar.com\/avatar\/87ce3dd4e41e60c22a79c758614f01a6bc2469255fc936ec7b15efb9bb5cb66f?s=96&d=mm&r=g","url":"https:\/\/secure.gravatar.com\/avatar\/87ce3dd4e41e60c22a79c758614f01a6bc2469255fc936ec7b15efb9bb5cb66f?s=96&d=mm&r=g","contentUrl":"https:\/\/secure.gravatar.com\/avatar\/87ce3dd4e41e60c22a79c758614f01a6bc2469255fc936ec7b15efb9bb5cb66f?s=96&d=mm&r=g","caption":"Forbes"},"url":"https:\/\/fuentesfidedignas.com.mx\/index.php\/author\/forbes\/"}]}},"_links":{"self":[{"href":"https:\/\/fuentesfidedignas.com.mx\/index.php\/wp-json\/wp\/v2\/posts\/5539","targetHints":{"allow":["GET"]}}],"collection":[{"href":"https:\/\/fuentesfidedignas.com.mx\/index.php\/wp-json\/wp\/v2\/posts"}],"about":[{"href":"https:\/\/fuentesfidedignas.com.mx\/index.php\/wp-json\/wp\/v2\/types\/post"}],"author":[{"embeddable":true,"href":"https:\/\/fuentesfidedignas.com.mx\/index.php\/wp-json\/wp\/v2\/users\/5"}],"replies":[{"embeddable":true,"href":"https:\/\/fuentesfidedignas.com.mx\/index.php\/wp-json\/wp\/v2\/comments?post=5539"}],"version-history":[{"count":1,"href":"https:\/\/fuentesfidedignas.com.mx\/index.php\/wp-json\/wp\/v2\/posts\/5539\/revisions"}],"predecessor-version":[{"id":5541,"href":"https:\/\/fuentesfidedignas.com.mx\/index.php\/wp-json\/wp\/v2\/posts\/5539\/revisions\/5541"}],"wp:featuredmedia":[{"embeddable":true,"href":"https:\/\/fuentesfidedignas.com.mx\/index.php\/wp-json\/wp\/v2\/media\/5540"}],"wp:attachment":[{"href":"https:\/\/fuentesfidedignas.com.mx\/index.php\/wp-json\/wp\/v2\/media?parent=5539"}],"wp:term":[{"taxonomy":"category","embeddable":true,"href":"https:\/\/fuentesfidedignas.com.mx\/index.php\/wp-json\/wp\/v2\/categories?post=5539"},{"taxonomy":"post_tag","embeddable":true,"href":"https:\/\/fuentesfidedignas.com.mx\/index.php\/wp-json\/wp\/v2\/tags?post=5539"}],"curies":[{"name":"wp","href":"https:\/\/api.w.org\/{rel}","templated":true}]}}