{"id":55389,"date":"2023-08-14T12:09:19","date_gmt":"2023-08-14T19:09:19","guid":{"rendered":"https:\/\/fuentesfidedignas.com.mx\/?p=55389"},"modified":"2023-08-14T12:10:01","modified_gmt":"2023-08-14T19:10:01","slug":"la-arrolladora-y-ramon-ayala-son-los-artistas-invitados-para-el-grito-de-independencia","status":"publish","type":"post","link":"https:\/\/fuentesfidedignas.com.mx\/index.php\/2023\/08\/14\/la-arrolladora-y-ramon-ayala-son-los-artistas-invitados-para-el-grito-de-independencia\/","title":{"rendered":"La Arrolladora y Ram\u00f3n Ayala son los artistas invitados para el Grito de Independencia"},"content":{"rendered":"\n<p>Culiac\u00e1n, Sin.- La Arrolladora Banda El Lim\u00f3n y &#8220;El Rey del acorde\u00f3n&#8221;, Ram\u00f3n Ayala, son los artistas que se encabezar\u00e1n los festejos del Grito de Independencia en la explanada de Palacio de Gobierno. <\/p>\n\n\n\n<p>As\u00ed lo confirm\u00f3 el gobernador Rub\u00e9n Rocha Moya durante su Conferencia de Prensa Semanera, donde detall\u00f3 que tambi\u00e9n se estaba considerando contratar a la Banda MS o El Recodo; sin embargo, ambas agrupaciones ya ten\u00edan agendadas otras presentaciones.<\/p>\n\n\n\n<p>&#8220;La MS y El Recodo ya est\u00e1n ocupadas, pero estamos tratando con la Arrolladora Banda el Lim\u00f3n y Ram\u00f3n Ayala&#8221;, a\u00f1adi\u00f3 el mandatario estatal. <\/p>\n","protected":false},"excerpt":{"rendered":"<p>Culiac\u00e1n, Sin.- La Arrolladora Banda El Lim\u00f3n y &#8220;El Rey del acorde\u00f3n&#8221;, Ram\u00f3n Ayala, son los artistas que se encabezar\u00e1n los festejos del Grito de Independencia en la explanada de Palacio de Gobierno. As\u00ed lo confirm\u00f3 el gobernador Rub\u00e9n Rocha Moya durante su Conferencia de Prensa Semanera, donde detall\u00f3 que tambi\u00e9n se estaba considerando contratar [&hellip;]<\/p>\n","protected":false},"author":4,"featured_media":55391,"comment_status":"open","ping_status":"open","sticky":false,"template":"","format":"standard","meta":{"tdm_status":"","tdm_grid_status":"","footnotes":""},"categories":[37,1],"tags":[],"class_list":{"0":"post-55389","1":"post","2":"type-post","3":"status-publish","4":"format-standard","5":"has-post-thumbnail","7":"category-nota-principal","8":"category-sin-categoria"},"yoast_head":"<!-- This site is optimized with the Yoast SEO plugin v27.5 - https:\/\/yoast.com\/product\/yoast-seo-wordpress\/ -->\n<title>La Arrolladora y Ram\u00f3n Ayala son los artistas invitados para el Grito de Independencia - Fuentes Fidedignas<\/title>\n<meta name=\"robots\" content=\"index, follow, max-snippet:-1, max-image-preview:large, max-video-preview:-1\" \/>\n<link rel=\"canonical\" href=\"https:\/\/fuentesfidedignas.com.mx\/index.php\/2023\/08\/14\/la-arrolladora-y-ramon-ayala-son-los-artistas-invitados-para-el-grito-de-independencia\/\" \/>\n<meta property=\"og:locale\" content=\"es_MX\" \/>\n<meta property=\"og:type\" content=\"article\" \/>\n<meta property=\"og:title\" content=\"La Arrolladora y Ram\u00f3n Ayala son los artistas invitados para el Grito de Independencia - Fuentes Fidedignas\" \/>\n<meta property=\"og:description\" content=\"Culiac\u00e1n, Sin.- La Arrolladora Banda El Lim\u00f3n y &#8220;El Rey del acorde\u00f3n&#8221;, Ram\u00f3n Ayala, son los artistas que se encabezar\u00e1n los festejos del Grito de Independencia en la explanada de Palacio de Gobierno. As\u00ed lo confirm\u00f3 el gobernador Rub\u00e9n Rocha Moya durante su Conferencia de Prensa Semanera, donde detall\u00f3 que tambi\u00e9n se estaba considerando contratar [&hellip;]\" \/>\n<meta property=\"og:url\" content=\"https:\/\/fuentesfidedignas.com.mx\/index.php\/2023\/08\/14\/la-arrolladora-y-ramon-ayala-son-los-artistas-invitados-para-el-grito-de-independencia\/\" \/>\n<meta property=\"og:site_name\" content=\"Fuentes Fidedignas\" \/>\n<meta property=\"article:publisher\" content=\"https:\/\/www.facebook.com\/Fuentes-Fidedignas-368234489921644\" \/>\n<meta property=\"article:published_time\" content=\"2023-08-14T19:09:19+00:00\" \/>\n<meta property=\"article:modified_time\" content=\"2023-08-14T19:10:01+00:00\" \/>\n<meta property=\"og:image\" content=\"https:\/\/fuentesfidedignas.com.mx\/wp-content\/uploads\/2023\/08\/images-11.jpeg\" \/>\n\t<meta property=\"og:image:width\" content=\"742\" \/>\n\t<meta property=\"og:image:height\" content=\"413\" \/>\n\t<meta property=\"og:image:type\" content=\"image\/jpeg\" \/>\n<meta name=\"author\" content=\"Redacci\u00f3n\" \/>\n<meta name=\"twitter:card\" content=\"summary_large_image\" \/>\n<meta name=\"twitter:creator\" content=\"@fidedignas\" \/>\n<meta name=\"twitter:site\" content=\"@fidedignas\" \/>\n<meta name=\"twitter:label1\" content=\"Escrito por\" \/>\n\t<meta name=\"twitter:data1\" content=\"Redacci\u00f3n\" \/>\n\t<meta name=\"twitter:label2\" content=\"Tiempo de lectura\" \/>\n\t<meta name=\"twitter:data2\" content=\"1 minuto\" \/>\n<script type=\"application\/ld+json\" class=\"yoast-schema-graph\">{\"@context\":\"https:\\\/\\\/schema.org\",\"@graph\":[{\"@type\":\"Article\",\"@id\":\"https:\\\/\\\/fuentesfidedignas.com.mx\\\/index.php\\\/2023\\\/08\\\/14\\\/la-arrolladora-y-ramon-ayala-son-los-artistas-invitados-para-el-grito-de-independencia\\\/#article\",\"isPartOf\":{\"@id\":\"https:\\\/\\\/fuentesfidedignas.com.mx\\\/index.php\\\/2023\\\/08\\\/14\\\/la-arrolladora-y-ramon-ayala-son-los-artistas-invitados-para-el-grito-de-independencia\\\/\"},\"author\":{\"name\":\"Redacci\u00f3n\",\"@id\":\"https:\\\/\\\/fuentesfidedignas.com.mx\\\/#\\\/schema\\\/person\\\/331be9283d37198e2acd5750279085b0\"},\"headline\":\"La Arrolladora y Ram\u00f3n Ayala son los artistas invitados para el Grito de Independencia\",\"datePublished\":\"2023-08-14T19:09:19+00:00\",\"dateModified\":\"2023-08-14T19:10:01+00:00\",\"mainEntityOfPage\":{\"@id\":\"https:\\\/\\\/fuentesfidedignas.com.mx\\\/index.php\\\/2023\\\/08\\\/14\\\/la-arrolladora-y-ramon-ayala-son-los-artistas-invitados-para-el-grito-de-independencia\\\/\"},\"wordCount\":123,\"commentCount\":0,\"publisher\":{\"@id\":\"https:\\\/\\\/fuentesfidedignas.com.mx\\\/#organization\"},\"image\":{\"@id\":\"https:\\\/\\\/fuentesfidedignas.com.mx\\\/index.php\\\/2023\\\/08\\\/14\\\/la-arrolladora-y-ramon-ayala-son-los-artistas-invitados-para-el-grito-de-independencia\\\/#primaryimage\"},\"thumbnailUrl\":\"https:\\\/\\\/fuentesfidedignas.com.mx\\\/wp-content\\\/uploads\\\/2023\\\/08\\\/images-11.jpeg\",\"articleSection\":[\"NOTA PRINCIPAL\"],\"inLanguage\":\"es\",\"potentialAction\":[{\"@type\":\"CommentAction\",\"name\":\"Comment\",\"target\":[\"https:\\\/\\\/fuentesfidedignas.com.mx\\\/index.php\\\/2023\\\/08\\\/14\\\/la-arrolladora-y-ramon-ayala-son-los-artistas-invitados-para-el-grito-de-independencia\\\/#respond\"]}]},{\"@type\":\"WebPage\",\"@id\":\"https:\\\/\\\/fuentesfidedignas.com.mx\\\/index.php\\\/2023\\\/08\\\/14\\\/la-arrolladora-y-ramon-ayala-son-los-artistas-invitados-para-el-grito-de-independencia\\\/\",\"url\":\"https:\\\/\\\/fuentesfidedignas.com.mx\\\/index.php\\\/2023\\\/08\\\/14\\\/la-arrolladora-y-ramon-ayala-son-los-artistas-invitados-para-el-grito-de-independencia\\\/\",\"name\":\"La Arrolladora y Ram\u00f3n Ayala son los artistas invitados para el Grito de Independencia - Fuentes Fidedignas\",\"isPartOf\":{\"@id\":\"https:\\\/\\\/fuentesfidedignas.com.mx\\\/#website\"},\"primaryImageOfPage\":{\"@id\":\"https:\\\/\\\/fuentesfidedignas.com.mx\\\/index.php\\\/2023\\\/08\\\/14\\\/la-arrolladora-y-ramon-ayala-son-los-artistas-invitados-para-el-grito-de-independencia\\\/#primaryimage\"},\"image\":{\"@id\":\"https:\\\/\\\/fuentesfidedignas.com.mx\\\/index.php\\\/2023\\\/08\\\/14\\\/la-arrolladora-y-ramon-ayala-son-los-artistas-invitados-para-el-grito-de-independencia\\\/#primaryimage\"},\"thumbnailUrl\":\"https:\\\/\\\/fuentesfidedignas.com.mx\\\/wp-content\\\/uploads\\\/2023\\\/08\\\/images-11.jpeg\",\"datePublished\":\"2023-08-14T19:09:19+00:00\",\"dateModified\":\"2023-08-14T19:10:01+00:00\",\"breadcrumb\":{\"@id\":\"https:\\\/\\\/fuentesfidedignas.com.mx\\\/index.php\\\/2023\\\/08\\\/14\\\/la-arrolladora-y-ramon-ayala-son-los-artistas-invitados-para-el-grito-de-independencia\\\/#breadcrumb\"},\"inLanguage\":\"es\",\"potentialAction\":[{\"@type\":\"ReadAction\",\"target\":[\"https:\\\/\\\/fuentesfidedignas.com.mx\\\/index.php\\\/2023\\\/08\\\/14\\\/la-arrolladora-y-ramon-ayala-son-los-artistas-invitados-para-el-grito-de-independencia\\\/\"]}]},{\"@type\":\"ImageObject\",\"inLanguage\":\"es\",\"@id\":\"https:\\\/\\\/fuentesfidedignas.com.mx\\\/index.php\\\/2023\\\/08\\\/14\\\/la-arrolladora-y-ramon-ayala-son-los-artistas-invitados-para-el-grito-de-independencia\\\/#primaryimage\",\"url\":\"https:\\\/\\\/fuentesfidedignas.com.mx\\\/wp-content\\\/uploads\\\/2023\\\/08\\\/images-11.jpeg\",\"contentUrl\":\"https:\\\/\\\/fuentesfidedignas.com.mx\\\/wp-content\\\/uploads\\\/2023\\\/08\\\/images-11.jpeg\",\"width\":742,\"height\":413},{\"@type\":\"BreadcrumbList\",\"@id\":\"https:\\\/\\\/fuentesfidedignas.com.mx\\\/index.php\\\/2023\\\/08\\\/14\\\/la-arrolladora-y-ramon-ayala-son-los-artistas-invitados-para-el-grito-de-independencia\\\/#breadcrumb\",\"itemListElement\":[{\"@type\":\"ListItem\",\"position\":1,\"name\":\"Inicio\",\"item\":\"https:\\\/\\\/fuentesfidedignas.com.mx\\\/\"},{\"@type\":\"ListItem\",\"position\":2,\"name\":\"La Arrolladora y Ram\u00f3n Ayala son los artistas invitados para el Grito de Independencia\"}]},{\"@type\":\"WebSite\",\"@id\":\"https:\\\/\\\/fuentesfidedignas.com.mx\\\/#website\",\"url\":\"https:\\\/\\\/fuentesfidedignas.com.mx\\\/\",\"name\":\"Fuentes Fidedignas\",\"description\":\"Otro sitio realizado con WordPress\",\"publisher\":{\"@id\":\"https:\\\/\\\/fuentesfidedignas.com.mx\\\/#organization\"},\"potentialAction\":[{\"@type\":\"SearchAction\",\"target\":{\"@type\":\"EntryPoint\",\"urlTemplate\":\"https:\\\/\\\/fuentesfidedignas.com.mx\\\/?s={search_term_string}\"},\"query-input\":{\"@type\":\"PropertyValueSpecification\",\"valueRequired\":true,\"valueName\":\"search_term_string\"}}],\"inLanguage\":\"es\"},{\"@type\":\"Organization\",\"@id\":\"https:\\\/\\\/fuentesfidedignas.com.mx\\\/#organization\",\"name\":\"Fuentes Fidedignas\",\"url\":\"https:\\\/\\\/fuentesfidedignas.com.mx\\\/\",\"logo\":{\"@type\":\"ImageObject\",\"inLanguage\":\"es\",\"@id\":\"https:\\\/\\\/fuentesfidedignas.com.mx\\\/#\\\/schema\\\/logo\\\/image\\\/\",\"url\":\"https:\\\/\\\/fuentesfidedignas.com.mx\\\/wp-content\\\/uploads\\\/2021\\\/04\\\/logo-retina.png\",\"contentUrl\":\"https:\\\/\\\/fuentesfidedignas.com.mx\\\/wp-content\\\/uploads\\\/2021\\\/04\\\/logo-retina.png\",\"width\":280,\"height\":51,\"caption\":\"Fuentes Fidedignas\"},\"image\":{\"@id\":\"https:\\\/\\\/fuentesfidedignas.com.mx\\\/#\\\/schema\\\/logo\\\/image\\\/\"},\"sameAs\":[\"https:\\\/\\\/www.facebook.com\\\/Fuentes-Fidedignas-368234489921644\",\"https:\\\/\\\/x.com\\\/fidedignas\"]},{\"@type\":\"Person\",\"@id\":\"https:\\\/\\\/fuentesfidedignas.com.mx\\\/#\\\/schema\\\/person\\\/331be9283d37198e2acd5750279085b0\",\"name\":\"Redacci\u00f3n\",\"image\":{\"@type\":\"ImageObject\",\"inLanguage\":\"es\",\"@id\":\"https:\\\/\\\/secure.gravatar.com\\\/avatar\\\/f6d8782c11d12b2d4ad3fbb6931aeab5309937a4d6cd2fc9cfaa28a6396a5aec?s=96&d=mm&r=g\",\"url\":\"https:\\\/\\\/secure.gravatar.com\\\/avatar\\\/f6d8782c11d12b2d4ad3fbb6931aeab5309937a4d6cd2fc9cfaa28a6396a5aec?s=96&d=mm&r=g\",\"contentUrl\":\"https:\\\/\\\/secure.gravatar.com\\\/avatar\\\/f6d8782c11d12b2d4ad3fbb6931aeab5309937a4d6cd2fc9cfaa28a6396a5aec?s=96&d=mm&r=g\",\"caption\":\"Redacci\u00f3n\"},\"url\":\"https:\\\/\\\/fuentesfidedignas.com.mx\\\/index.php\\\/author\\\/redaccion\\\/\"}]}<\/script>\n<!-- \/ Yoast SEO plugin. -->","yoast_head_json":{"title":"La Arrolladora y Ram\u00f3n Ayala son los artistas invitados para el Grito de Independencia - Fuentes Fidedignas","robots":{"index":"index","follow":"follow","max-snippet":"max-snippet:-1","max-image-preview":"max-image-preview:large","max-video-preview":"max-video-preview:-1"},"canonical":"https:\/\/fuentesfidedignas.com.mx\/index.php\/2023\/08\/14\/la-arrolladora-y-ramon-ayala-son-los-artistas-invitados-para-el-grito-de-independencia\/","og_locale":"es_MX","og_type":"article","og_title":"La Arrolladora y Ram\u00f3n Ayala son los artistas invitados para el Grito de Independencia - Fuentes Fidedignas","og_description":"Culiac\u00e1n, Sin.- La Arrolladora Banda El Lim\u00f3n y &#8220;El Rey del acorde\u00f3n&#8221;, Ram\u00f3n Ayala, son los artistas que se encabezar\u00e1n los festejos del Grito de Independencia en la explanada de Palacio de Gobierno. As\u00ed lo confirm\u00f3 el gobernador Rub\u00e9n Rocha Moya durante su Conferencia de Prensa Semanera, donde detall\u00f3 que tambi\u00e9n se estaba considerando contratar [&hellip;]","og_url":"https:\/\/fuentesfidedignas.com.mx\/index.php\/2023\/08\/14\/la-arrolladora-y-ramon-ayala-son-los-artistas-invitados-para-el-grito-de-independencia\/","og_site_name":"Fuentes Fidedignas","article_publisher":"https:\/\/www.facebook.com\/Fuentes-Fidedignas-368234489921644","article_published_time":"2023-08-14T19:09:19+00:00","article_modified_time":"2023-08-14T19:10:01+00:00","og_image":[{"width":742,"height":413,"url":"https:\/\/fuentesfidedignas.com.mx\/wp-content\/uploads\/2023\/08\/images-11.jpeg","type":"image\/jpeg"}],"author":"Redacci\u00f3n","twitter_card":"summary_large_image","twitter_creator":"@fidedignas","twitter_site":"@fidedignas","twitter_misc":{"Escrito por":"Redacci\u00f3n","Tiempo de lectura":"1 minuto"},"schema":{"@context":"https:\/\/schema.org","@graph":[{"@type":"Article","@id":"https:\/\/fuentesfidedignas.com.mx\/index.php\/2023\/08\/14\/la-arrolladora-y-ramon-ayala-son-los-artistas-invitados-para-el-grito-de-independencia\/#article","isPartOf":{"@id":"https:\/\/fuentesfidedignas.com.mx\/index.php\/2023\/08\/14\/la-arrolladora-y-ramon-ayala-son-los-artistas-invitados-para-el-grito-de-independencia\/"},"author":{"name":"Redacci\u00f3n","@id":"https:\/\/fuentesfidedignas.com.mx\/#\/schema\/person\/331be9283d37198e2acd5750279085b0"},"headline":"La Arrolladora y Ram\u00f3n Ayala son los artistas invitados para el Grito de Independencia","datePublished":"2023-08-14T19:09:19+00:00","dateModified":"2023-08-14T19:10:01+00:00","mainEntityOfPage":{"@id":"https:\/\/fuentesfidedignas.com.mx\/index.php\/2023\/08\/14\/la-arrolladora-y-ramon-ayala-son-los-artistas-invitados-para-el-grito-de-independencia\/"},"wordCount":123,"commentCount":0,"publisher":{"@id":"https:\/\/fuentesfidedignas.com.mx\/#organization"},"image":{"@id":"https:\/\/fuentesfidedignas.com.mx\/index.php\/2023\/08\/14\/la-arrolladora-y-ramon-ayala-son-los-artistas-invitados-para-el-grito-de-independencia\/#primaryimage"},"thumbnailUrl":"https:\/\/fuentesfidedignas.com.mx\/wp-content\/uploads\/2023\/08\/images-11.jpeg","articleSection":["NOTA PRINCIPAL"],"inLanguage":"es","potentialAction":[{"@type":"CommentAction","name":"Comment","target":["https:\/\/fuentesfidedignas.com.mx\/index.php\/2023\/08\/14\/la-arrolladora-y-ramon-ayala-son-los-artistas-invitados-para-el-grito-de-independencia\/#respond"]}]},{"@type":"WebPage","@id":"https:\/\/fuentesfidedignas.com.mx\/index.php\/2023\/08\/14\/la-arrolladora-y-ramon-ayala-son-los-artistas-invitados-para-el-grito-de-independencia\/","url":"https:\/\/fuentesfidedignas.com.mx\/index.php\/2023\/08\/14\/la-arrolladora-y-ramon-ayala-son-los-artistas-invitados-para-el-grito-de-independencia\/","name":"La Arrolladora y Ram\u00f3n Ayala son los artistas invitados para el Grito de Independencia - Fuentes Fidedignas","isPartOf":{"@id":"https:\/\/fuentesfidedignas.com.mx\/#website"},"primaryImageOfPage":{"@id":"https:\/\/fuentesfidedignas.com.mx\/index.php\/2023\/08\/14\/la-arrolladora-y-ramon-ayala-son-los-artistas-invitados-para-el-grito-de-independencia\/#primaryimage"},"image":{"@id":"https:\/\/fuentesfidedignas.com.mx\/index.php\/2023\/08\/14\/la-arrolladora-y-ramon-ayala-son-los-artistas-invitados-para-el-grito-de-independencia\/#primaryimage"},"thumbnailUrl":"https:\/\/fuentesfidedignas.com.mx\/wp-content\/uploads\/2023\/08\/images-11.jpeg","datePublished":"2023-08-14T19:09:19+00:00","dateModified":"2023-08-14T19:10:01+00:00","breadcrumb":{"@id":"https:\/\/fuentesfidedignas.com.mx\/index.php\/2023\/08\/14\/la-arrolladora-y-ramon-ayala-son-los-artistas-invitados-para-el-grito-de-independencia\/#breadcrumb"},"inLanguage":"es","potentialAction":[{"@type":"ReadAction","target":["https:\/\/fuentesfidedignas.com.mx\/index.php\/2023\/08\/14\/la-arrolladora-y-ramon-ayala-son-los-artistas-invitados-para-el-grito-de-independencia\/"]}]},{"@type":"ImageObject","inLanguage":"es","@id":"https:\/\/fuentesfidedignas.com.mx\/index.php\/2023\/08\/14\/la-arrolladora-y-ramon-ayala-son-los-artistas-invitados-para-el-grito-de-independencia\/#primaryimage","url":"https:\/\/fuentesfidedignas.com.mx\/wp-content\/uploads\/2023\/08\/images-11.jpeg","contentUrl":"https:\/\/fuentesfidedignas.com.mx\/wp-content\/uploads\/2023\/08\/images-11.jpeg","width":742,"height":413},{"@type":"BreadcrumbList","@id":"https:\/\/fuentesfidedignas.com.mx\/index.php\/2023\/08\/14\/la-arrolladora-y-ramon-ayala-son-los-artistas-invitados-para-el-grito-de-independencia\/#breadcrumb","itemListElement":[{"@type":"ListItem","position":1,"name":"Inicio","item":"https:\/\/fuentesfidedignas.com.mx\/"},{"@type":"ListItem","position":2,"name":"La Arrolladora y Ram\u00f3n Ayala son los artistas invitados para el Grito de Independencia"}]},{"@type":"WebSite","@id":"https:\/\/fuentesfidedignas.com.mx\/#website","url":"https:\/\/fuentesfidedignas.com.mx\/","name":"Fuentes Fidedignas","description":"Otro sitio realizado con WordPress","publisher":{"@id":"https:\/\/fuentesfidedignas.com.mx\/#organization"},"potentialAction":[{"@type":"SearchAction","target":{"@type":"EntryPoint","urlTemplate":"https:\/\/fuentesfidedignas.com.mx\/?s={search_term_string}"},"query-input":{"@type":"PropertyValueSpecification","valueRequired":true,"valueName":"search_term_string"}}],"inLanguage":"es"},{"@type":"Organization","@id":"https:\/\/fuentesfidedignas.com.mx\/#organization","name":"Fuentes Fidedignas","url":"https:\/\/fuentesfidedignas.com.mx\/","logo":{"@type":"ImageObject","inLanguage":"es","@id":"https:\/\/fuentesfidedignas.com.mx\/#\/schema\/logo\/image\/","url":"https:\/\/fuentesfidedignas.com.mx\/wp-content\/uploads\/2021\/04\/logo-retina.png","contentUrl":"https:\/\/fuentesfidedignas.com.mx\/wp-content\/uploads\/2021\/04\/logo-retina.png","width":280,"height":51,"caption":"Fuentes Fidedignas"},"image":{"@id":"https:\/\/fuentesfidedignas.com.mx\/#\/schema\/logo\/image\/"},"sameAs":["https:\/\/www.facebook.com\/Fuentes-Fidedignas-368234489921644","https:\/\/x.com\/fidedignas"]},{"@type":"Person","@id":"https:\/\/fuentesfidedignas.com.mx\/#\/schema\/person\/331be9283d37198e2acd5750279085b0","name":"Redacci\u00f3n","image":{"@type":"ImageObject","inLanguage":"es","@id":"https:\/\/secure.gravatar.com\/avatar\/f6d8782c11d12b2d4ad3fbb6931aeab5309937a4d6cd2fc9cfaa28a6396a5aec?s=96&d=mm&r=g","url":"https:\/\/secure.gravatar.com\/avatar\/f6d8782c11d12b2d4ad3fbb6931aeab5309937a4d6cd2fc9cfaa28a6396a5aec?s=96&d=mm&r=g","contentUrl":"https:\/\/secure.gravatar.com\/avatar\/f6d8782c11d12b2d4ad3fbb6931aeab5309937a4d6cd2fc9cfaa28a6396a5aec?s=96&d=mm&r=g","caption":"Redacci\u00f3n"},"url":"https:\/\/fuentesfidedignas.com.mx\/index.php\/author\/redaccion\/"}]}},"_links":{"self":[{"href":"https:\/\/fuentesfidedignas.com.mx\/index.php\/wp-json\/wp\/v2\/posts\/55389","targetHints":{"allow":["GET"]}}],"collection":[{"href":"https:\/\/fuentesfidedignas.com.mx\/index.php\/wp-json\/wp\/v2\/posts"}],"about":[{"href":"https:\/\/fuentesfidedignas.com.mx\/index.php\/wp-json\/wp\/v2\/types\/post"}],"author":[{"embeddable":true,"href":"https:\/\/fuentesfidedignas.com.mx\/index.php\/wp-json\/wp\/v2\/users\/4"}],"replies":[{"embeddable":true,"href":"https:\/\/fuentesfidedignas.com.mx\/index.php\/wp-json\/wp\/v2\/comments?post=55389"}],"version-history":[{"count":1,"href":"https:\/\/fuentesfidedignas.com.mx\/index.php\/wp-json\/wp\/v2\/posts\/55389\/revisions"}],"predecessor-version":[{"id":55390,"href":"https:\/\/fuentesfidedignas.com.mx\/index.php\/wp-json\/wp\/v2\/posts\/55389\/revisions\/55390"}],"wp:featuredmedia":[{"embeddable":true,"href":"https:\/\/fuentesfidedignas.com.mx\/index.php\/wp-json\/wp\/v2\/media\/55391"}],"wp:attachment":[{"href":"https:\/\/fuentesfidedignas.com.mx\/index.php\/wp-json\/wp\/v2\/media?parent=55389"}],"wp:term":[{"taxonomy":"category","embeddable":true,"href":"https:\/\/fuentesfidedignas.com.mx\/index.php\/wp-json\/wp\/v2\/categories?post=55389"},{"taxonomy":"post_tag","embeddable":true,"href":"https:\/\/fuentesfidedignas.com.mx\/index.php\/wp-json\/wp\/v2\/tags?post=55389"}],"curies":[{"name":"wp","href":"https:\/\/api.w.org\/{rel}","templated":true}]}}