{"id":55386,"date":"2023-08-14T11:58:20","date_gmt":"2023-08-14T18:58:20","guid":{"rendered":"https:\/\/fuentesfidedignas.com.mx\/?p=55386"},"modified":"2023-08-14T11:58:56","modified_gmt":"2023-08-14T18:58:56","slug":"enfrentamos-los-problemas-no-dejamos-que-la-gente-sufra-rocha-ante-el-regreso-de-pobladores-a-sinaloa-municipio","status":"publish","type":"post","link":"https:\/\/fuentesfidedignas.com.mx\/index.php\/2023\/08\/14\/enfrentamos-los-problemas-no-dejamos-que-la-gente-sufra-rocha-ante-el-regreso-de-pobladores-a-sinaloa-municipio\/","title":{"rendered":"Enfrentamos los problemas, no dejamos que la gente sufra: Rocha ante el regreso de pobladores a Sinaloa Municipio"},"content":{"rendered":"\n<p><em><strong>El mandatario estatal se comprometi\u00f3 a entregar una ambulancia para que auxilie a las personas de la sindicatura de San Jos\u00e9 de las Delicias y comunidades aleda\u00f1as<\/strong><\/em><\/p>\n\n\n\n<p>Culiac\u00e1n, Sin.- A trav\u00e9s de su Conferencia Semanera, el gobernador Rub\u00e9n Rocha Moya inform\u00f3 de su visita a la sindicatura de San Jos\u00e9 de las Delicias en el municipio de Sinaloa donde encabez\u00f3 una brigada especial de apoyo inmediato social y humanitario para los pobladores de las distintas comunidades que han retornado a sus hogares despu\u00e9s de haber sido resguardados en un albergue de la ciudad de Guam\u00fachil en el municipio de Salvador Alvarado.<\/p>\n\n\n\n<p>Rocha explic\u00f3 que en su gobierno enfrentan los problemas y dan soluciones a ellos, sin dejar que la gente sufra, por ello estuvo escuchando las necesidades de los habitantes de las comunidades acompa\u00f1ado de su equipo de gobierno para poder brindar cualquier apoyo que sea requerido y darles seguimiento a todos los temas acordados.<\/p>\n\n\n\n<p>\u201c<strong>Les informo, adem\u00e1s a todas las poblaciones de la sierra, que vamos a hacer un estudio en todos los casos para efecto de equiparles este tipo de instrumentos b\u00e1sicos para poderlos atender en todos los renglones, no solamente lo vamos a hacer aqu\u00ed, vamos a buscar atender al resto de las poblaciones, que es muy importante<\/strong>.\u201d, dijo.<\/p>\n\n\n\n<p>Los compromisos que realiz\u00f3 el gobernador en el lugar abarcan la rehabilitaci\u00f3n de viviendas, reforzar el funcionamiento de las escuelas, fumigaci\u00f3n, agua potable, la activaci\u00f3n de una ruta de transporte a la ciudad de Guam\u00fachil, un programa de autoempleo donde los habitantes trabajar\u00e1n temporalmente en la construcci\u00f3n de sus propias casas y la compra de una ambulancia que se encontrar\u00e1 en la sindicatura de San Jos\u00e9 de las Delicias para auxiliar a las y los ciudadanos de toda esa regi\u00f3n serrana del municipio de Sinaloa y parte de Mocorito.<\/p>\n\n\n\n<p>Expuso el mandatario que durante la visita el pasado fin de semana se hicieron compromisos que ser\u00e1n resueltos a profundidad por cada una de las \u00e1reas involucradas, quienes seguir\u00e1n atentas a las necesidades de toda la poblaci\u00f3n que regres\u00f3 a sus hogares y quienes plantearon problemas que ser\u00e1n resueltas en lo inmediato y otras a mediano plazo.<\/p>\n\n\n\n<p>\u201c<strong>Fue ISIFE, hizo levantamiento de las necesidades de las escuelas, necesitamos tenerlas r\u00e1pido para efecto de que los maestros puedan regresar, ellos estaban de vacaciones. En el \u00e1rea de salud me compromet\u00ed que les vamos a poner una ambulancia, para que tome en cuenta el secretario de Salud de una vez b\u00fasquenme la ambulancia, d\u00f3nde la vamos a tener y si hay que comprarla la vamos a comprar para tenerla en alg\u00fan punto clave en la sindicatura de San Jos\u00e9 para que den servicio a los pueblos ah\u00ed que puedan bajar<\/strong>\u201d, aclar\u00f3.<\/p>\n\n\n\n<p>El ejecutivo estatal tambi\u00e9n mencion\u00f3 que se otorgaron de manera conjunta Gobierno del Estado y el DIF estatal apoyos inmediatos a los pobladores, consistentes en colchonetas, catres, cobijas, despensas, estufas acompa\u00f1adas de cilindros de gas, kit de limpieza, abanicos, agua potable embotellada, adem\u00e1s de triciclos y bicicletas para las ni\u00f1as y ni\u00f1os de los poblados para que toda la poblaci\u00f3n pueda retomar su vida de manera normal.<\/p>\n","protected":false},"excerpt":{"rendered":"<p>El mandatario estatal se comprometi\u00f3 a entregar una ambulancia para que auxilie a las personas de la sindicatura de San Jos\u00e9 de las Delicias y comunidades aleda\u00f1as Culiac\u00e1n, Sin.- A trav\u00e9s de su Conferencia Semanera, el gobernador Rub\u00e9n Rocha Moya inform\u00f3 de su visita a la sindicatura de San Jos\u00e9 de las Delicias en el [&hellip;]<\/p>\n","protected":false},"author":4,"featured_media":55388,"comment_status":"open","ping_status":"open","sticky":false,"template":"","format":"standard","meta":{"tdm_status":"","tdm_grid_status":"","footnotes":""},"categories":[38,1],"tags":[],"class_list":{"0":"post-55386","1":"post","2":"type-post","3":"status-publish","4":"format-standard","5":"has-post-thumbnail","7":"category-noticias-locales","8":"category-sin-categoria"},"yoast_head":"<!-- This site is optimized with the Yoast SEO plugin v27.5 - https:\/\/yoast.com\/product\/yoast-seo-wordpress\/ -->\n<title>Enfrentamos los problemas, no dejamos que la gente sufra: Rocha ante el regreso de pobladores a Sinaloa Municipio - Fuentes Fidedignas<\/title>\n<meta name=\"robots\" content=\"index, follow, max-snippet:-1, max-image-preview:large, max-video-preview:-1\" \/>\n<link rel=\"canonical\" href=\"https:\/\/fuentesfidedignas.com.mx\/index.php\/2023\/08\/14\/enfrentamos-los-problemas-no-dejamos-que-la-gente-sufra-rocha-ante-el-regreso-de-pobladores-a-sinaloa-municipio\/\" \/>\n<meta property=\"og:locale\" content=\"es_MX\" \/>\n<meta property=\"og:type\" content=\"article\" \/>\n<meta property=\"og:title\" content=\"Enfrentamos los problemas, no dejamos que la gente sufra: Rocha ante el regreso de pobladores a Sinaloa Municipio - Fuentes Fidedignas\" \/>\n<meta property=\"og:description\" content=\"El mandatario estatal se comprometi\u00f3 a entregar una ambulancia para que auxilie a las personas de la sindicatura de San Jos\u00e9 de las Delicias y comunidades aleda\u00f1as Culiac\u00e1n, Sin.- A trav\u00e9s de su Conferencia Semanera, el gobernador Rub\u00e9n Rocha Moya inform\u00f3 de su visita a la sindicatura de San Jos\u00e9 de las Delicias en el [&hellip;]\" \/>\n<meta property=\"og:url\" content=\"https:\/\/fuentesfidedignas.com.mx\/index.php\/2023\/08\/14\/enfrentamos-los-problemas-no-dejamos-que-la-gente-sufra-rocha-ante-el-regreso-de-pobladores-a-sinaloa-municipio\/\" \/>\n<meta property=\"og:site_name\" content=\"Fuentes Fidedignas\" \/>\n<meta property=\"article:publisher\" content=\"https:\/\/www.facebook.com\/Fuentes-Fidedignas-368234489921644\" \/>\n<meta property=\"article:published_time\" content=\"2023-08-14T18:58:20+00:00\" \/>\n<meta property=\"article:modified_time\" content=\"2023-08-14T18:58:56+00:00\" \/>\n<meta property=\"og:image\" content=\"https:\/\/fuentesfidedignas.com.mx\/wp-content\/uploads\/2023\/08\/IMG-20230814-WA0038.jpg\" \/>\n\t<meta property=\"og:image:width\" content=\"1024\" \/>\n\t<meta property=\"og:image:height\" content=\"664\" \/>\n\t<meta property=\"og:image:type\" content=\"image\/jpeg\" \/>\n<meta name=\"author\" content=\"Redacci\u00f3n\" \/>\n<meta name=\"twitter:card\" content=\"summary_large_image\" \/>\n<meta name=\"twitter:creator\" content=\"@fidedignas\" \/>\n<meta name=\"twitter:site\" content=\"@fidedignas\" \/>\n<meta name=\"twitter:label1\" content=\"Escrito por\" \/>\n\t<meta name=\"twitter:data1\" content=\"Redacci\u00f3n\" \/>\n\t<meta name=\"twitter:label2\" content=\"Tiempo de lectura\" \/>\n\t<meta name=\"twitter:data2\" content=\"3 minutos\" \/>\n<script type=\"application\/ld+json\" class=\"yoast-schema-graph\">{\"@context\":\"https:\\\/\\\/schema.org\",\"@graph\":[{\"@type\":\"Article\",\"@id\":\"https:\\\/\\\/fuentesfidedignas.com.mx\\\/index.php\\\/2023\\\/08\\\/14\\\/enfrentamos-los-problemas-no-dejamos-que-la-gente-sufra-rocha-ante-el-regreso-de-pobladores-a-sinaloa-municipio\\\/#article\",\"isPartOf\":{\"@id\":\"https:\\\/\\\/fuentesfidedignas.com.mx\\\/index.php\\\/2023\\\/08\\\/14\\\/enfrentamos-los-problemas-no-dejamos-que-la-gente-sufra-rocha-ante-el-regreso-de-pobladores-a-sinaloa-municipio\\\/\"},\"author\":{\"name\":\"Redacci\u00f3n\",\"@id\":\"https:\\\/\\\/fuentesfidedignas.com.mx\\\/#\\\/schema\\\/person\\\/331be9283d37198e2acd5750279085b0\"},\"headline\":\"Enfrentamos los problemas, no dejamos que la gente sufra: Rocha ante el regreso de pobladores a Sinaloa Municipio\",\"datePublished\":\"2023-08-14T18:58:20+00:00\",\"dateModified\":\"2023-08-14T18:58:56+00:00\",\"mainEntityOfPage\":{\"@id\":\"https:\\\/\\\/fuentesfidedignas.com.mx\\\/index.php\\\/2023\\\/08\\\/14\\\/enfrentamos-los-problemas-no-dejamos-que-la-gente-sufra-rocha-ante-el-regreso-de-pobladores-a-sinaloa-municipio\\\/\"},\"wordCount\":566,\"commentCount\":0,\"publisher\":{\"@id\":\"https:\\\/\\\/fuentesfidedignas.com.mx\\\/#organization\"},\"image\":{\"@id\":\"https:\\\/\\\/fuentesfidedignas.com.mx\\\/index.php\\\/2023\\\/08\\\/14\\\/enfrentamos-los-problemas-no-dejamos-que-la-gente-sufra-rocha-ante-el-regreso-de-pobladores-a-sinaloa-municipio\\\/#primaryimage\"},\"thumbnailUrl\":\"https:\\\/\\\/fuentesfidedignas.com.mx\\\/wp-content\\\/uploads\\\/2023\\\/08\\\/IMG-20230814-WA0038.jpg\",\"articleSection\":[\"NOTICIAS LOCALES\"],\"inLanguage\":\"es\",\"potentialAction\":[{\"@type\":\"CommentAction\",\"name\":\"Comment\",\"target\":[\"https:\\\/\\\/fuentesfidedignas.com.mx\\\/index.php\\\/2023\\\/08\\\/14\\\/enfrentamos-los-problemas-no-dejamos-que-la-gente-sufra-rocha-ante-el-regreso-de-pobladores-a-sinaloa-municipio\\\/#respond\"]}]},{\"@type\":\"WebPage\",\"@id\":\"https:\\\/\\\/fuentesfidedignas.com.mx\\\/index.php\\\/2023\\\/08\\\/14\\\/enfrentamos-los-problemas-no-dejamos-que-la-gente-sufra-rocha-ante-el-regreso-de-pobladores-a-sinaloa-municipio\\\/\",\"url\":\"https:\\\/\\\/fuentesfidedignas.com.mx\\\/index.php\\\/2023\\\/08\\\/14\\\/enfrentamos-los-problemas-no-dejamos-que-la-gente-sufra-rocha-ante-el-regreso-de-pobladores-a-sinaloa-municipio\\\/\",\"name\":\"Enfrentamos los problemas, no dejamos que la gente sufra: Rocha ante el regreso de pobladores a Sinaloa Municipio - Fuentes Fidedignas\",\"isPartOf\":{\"@id\":\"https:\\\/\\\/fuentesfidedignas.com.mx\\\/#website\"},\"primaryImageOfPage\":{\"@id\":\"https:\\\/\\\/fuentesfidedignas.com.mx\\\/index.php\\\/2023\\\/08\\\/14\\\/enfrentamos-los-problemas-no-dejamos-que-la-gente-sufra-rocha-ante-el-regreso-de-pobladores-a-sinaloa-municipio\\\/#primaryimage\"},\"image\":{\"@id\":\"https:\\\/\\\/fuentesfidedignas.com.mx\\\/index.php\\\/2023\\\/08\\\/14\\\/enfrentamos-los-problemas-no-dejamos-que-la-gente-sufra-rocha-ante-el-regreso-de-pobladores-a-sinaloa-municipio\\\/#primaryimage\"},\"thumbnailUrl\":\"https:\\\/\\\/fuentesfidedignas.com.mx\\\/wp-content\\\/uploads\\\/2023\\\/08\\\/IMG-20230814-WA0038.jpg\",\"datePublished\":\"2023-08-14T18:58:20+00:00\",\"dateModified\":\"2023-08-14T18:58:56+00:00\",\"breadcrumb\":{\"@id\":\"https:\\\/\\\/fuentesfidedignas.com.mx\\\/index.php\\\/2023\\\/08\\\/14\\\/enfrentamos-los-problemas-no-dejamos-que-la-gente-sufra-rocha-ante-el-regreso-de-pobladores-a-sinaloa-municipio\\\/#breadcrumb\"},\"inLanguage\":\"es\",\"potentialAction\":[{\"@type\":\"ReadAction\",\"target\":[\"https:\\\/\\\/fuentesfidedignas.com.mx\\\/index.php\\\/2023\\\/08\\\/14\\\/enfrentamos-los-problemas-no-dejamos-que-la-gente-sufra-rocha-ante-el-regreso-de-pobladores-a-sinaloa-municipio\\\/\"]}]},{\"@type\":\"ImageObject\",\"inLanguage\":\"es\",\"@id\":\"https:\\\/\\\/fuentesfidedignas.com.mx\\\/index.php\\\/2023\\\/08\\\/14\\\/enfrentamos-los-problemas-no-dejamos-que-la-gente-sufra-rocha-ante-el-regreso-de-pobladores-a-sinaloa-municipio\\\/#primaryimage\",\"url\":\"https:\\\/\\\/fuentesfidedignas.com.mx\\\/wp-content\\\/uploads\\\/2023\\\/08\\\/IMG-20230814-WA0038.jpg\",\"contentUrl\":\"https:\\\/\\\/fuentesfidedignas.com.mx\\\/wp-content\\\/uploads\\\/2023\\\/08\\\/IMG-20230814-WA0038.jpg\",\"width\":1024,\"height\":664},{\"@type\":\"BreadcrumbList\",\"@id\":\"https:\\\/\\\/fuentesfidedignas.com.mx\\\/index.php\\\/2023\\\/08\\\/14\\\/enfrentamos-los-problemas-no-dejamos-que-la-gente-sufra-rocha-ante-el-regreso-de-pobladores-a-sinaloa-municipio\\\/#breadcrumb\",\"itemListElement\":[{\"@type\":\"ListItem\",\"position\":1,\"name\":\"Inicio\",\"item\":\"https:\\\/\\\/fuentesfidedignas.com.mx\\\/\"},{\"@type\":\"ListItem\",\"position\":2,\"name\":\"Enfrentamos los problemas, no dejamos que la gente sufra: Rocha ante el regreso de pobladores a Sinaloa Municipio\"}]},{\"@type\":\"WebSite\",\"@id\":\"https:\\\/\\\/fuentesfidedignas.com.mx\\\/#website\",\"url\":\"https:\\\/\\\/fuentesfidedignas.com.mx\\\/\",\"name\":\"Fuentes Fidedignas\",\"description\":\"Otro sitio realizado con WordPress\",\"publisher\":{\"@id\":\"https:\\\/\\\/fuentesfidedignas.com.mx\\\/#organization\"},\"potentialAction\":[{\"@type\":\"SearchAction\",\"target\":{\"@type\":\"EntryPoint\",\"urlTemplate\":\"https:\\\/\\\/fuentesfidedignas.com.mx\\\/?s={search_term_string}\"},\"query-input\":{\"@type\":\"PropertyValueSpecification\",\"valueRequired\":true,\"valueName\":\"search_term_string\"}}],\"inLanguage\":\"es\"},{\"@type\":\"Organization\",\"@id\":\"https:\\\/\\\/fuentesfidedignas.com.mx\\\/#organization\",\"name\":\"Fuentes Fidedignas\",\"url\":\"https:\\\/\\\/fuentesfidedignas.com.mx\\\/\",\"logo\":{\"@type\":\"ImageObject\",\"inLanguage\":\"es\",\"@id\":\"https:\\\/\\\/fuentesfidedignas.com.mx\\\/#\\\/schema\\\/logo\\\/image\\\/\",\"url\":\"https:\\\/\\\/fuentesfidedignas.com.mx\\\/wp-content\\\/uploads\\\/2021\\\/04\\\/logo-retina.png\",\"contentUrl\":\"https:\\\/\\\/fuentesfidedignas.com.mx\\\/wp-content\\\/uploads\\\/2021\\\/04\\\/logo-retina.png\",\"width\":280,\"height\":51,\"caption\":\"Fuentes Fidedignas\"},\"image\":{\"@id\":\"https:\\\/\\\/fuentesfidedignas.com.mx\\\/#\\\/schema\\\/logo\\\/image\\\/\"},\"sameAs\":[\"https:\\\/\\\/www.facebook.com\\\/Fuentes-Fidedignas-368234489921644\",\"https:\\\/\\\/x.com\\\/fidedignas\"]},{\"@type\":\"Person\",\"@id\":\"https:\\\/\\\/fuentesfidedignas.com.mx\\\/#\\\/schema\\\/person\\\/331be9283d37198e2acd5750279085b0\",\"name\":\"Redacci\u00f3n\",\"image\":{\"@type\":\"ImageObject\",\"inLanguage\":\"es\",\"@id\":\"https:\\\/\\\/secure.gravatar.com\\\/avatar\\\/f6d8782c11d12b2d4ad3fbb6931aeab5309937a4d6cd2fc9cfaa28a6396a5aec?s=96&d=mm&r=g\",\"url\":\"https:\\\/\\\/secure.gravatar.com\\\/avatar\\\/f6d8782c11d12b2d4ad3fbb6931aeab5309937a4d6cd2fc9cfaa28a6396a5aec?s=96&d=mm&r=g\",\"contentUrl\":\"https:\\\/\\\/secure.gravatar.com\\\/avatar\\\/f6d8782c11d12b2d4ad3fbb6931aeab5309937a4d6cd2fc9cfaa28a6396a5aec?s=96&d=mm&r=g\",\"caption\":\"Redacci\u00f3n\"},\"url\":\"https:\\\/\\\/fuentesfidedignas.com.mx\\\/index.php\\\/author\\\/redaccion\\\/\"}]}<\/script>\n<!-- \/ Yoast SEO plugin. -->","yoast_head_json":{"title":"Enfrentamos los problemas, no dejamos que la gente sufra: Rocha ante el regreso de pobladores a Sinaloa Municipio - Fuentes Fidedignas","robots":{"index":"index","follow":"follow","max-snippet":"max-snippet:-1","max-image-preview":"max-image-preview:large","max-video-preview":"max-video-preview:-1"},"canonical":"https:\/\/fuentesfidedignas.com.mx\/index.php\/2023\/08\/14\/enfrentamos-los-problemas-no-dejamos-que-la-gente-sufra-rocha-ante-el-regreso-de-pobladores-a-sinaloa-municipio\/","og_locale":"es_MX","og_type":"article","og_title":"Enfrentamos los problemas, no dejamos que la gente sufra: Rocha ante el regreso de pobladores a Sinaloa Municipio - Fuentes Fidedignas","og_description":"El mandatario estatal se comprometi\u00f3 a entregar una ambulancia para que auxilie a las personas de la sindicatura de San Jos\u00e9 de las Delicias y comunidades aleda\u00f1as Culiac\u00e1n, Sin.- A trav\u00e9s de su Conferencia Semanera, el gobernador Rub\u00e9n Rocha Moya inform\u00f3 de su visita a la sindicatura de San Jos\u00e9 de las Delicias en el [&hellip;]","og_url":"https:\/\/fuentesfidedignas.com.mx\/index.php\/2023\/08\/14\/enfrentamos-los-problemas-no-dejamos-que-la-gente-sufra-rocha-ante-el-regreso-de-pobladores-a-sinaloa-municipio\/","og_site_name":"Fuentes Fidedignas","article_publisher":"https:\/\/www.facebook.com\/Fuentes-Fidedignas-368234489921644","article_published_time":"2023-08-14T18:58:20+00:00","article_modified_time":"2023-08-14T18:58:56+00:00","og_image":[{"width":1024,"height":664,"url":"https:\/\/fuentesfidedignas.com.mx\/wp-content\/uploads\/2023\/08\/IMG-20230814-WA0038.jpg","type":"image\/jpeg"}],"author":"Redacci\u00f3n","twitter_card":"summary_large_image","twitter_creator":"@fidedignas","twitter_site":"@fidedignas","twitter_misc":{"Escrito por":"Redacci\u00f3n","Tiempo de lectura":"3 minutos"},"schema":{"@context":"https:\/\/schema.org","@graph":[{"@type":"Article","@id":"https:\/\/fuentesfidedignas.com.mx\/index.php\/2023\/08\/14\/enfrentamos-los-problemas-no-dejamos-que-la-gente-sufra-rocha-ante-el-regreso-de-pobladores-a-sinaloa-municipio\/#article","isPartOf":{"@id":"https:\/\/fuentesfidedignas.com.mx\/index.php\/2023\/08\/14\/enfrentamos-los-problemas-no-dejamos-que-la-gente-sufra-rocha-ante-el-regreso-de-pobladores-a-sinaloa-municipio\/"},"author":{"name":"Redacci\u00f3n","@id":"https:\/\/fuentesfidedignas.com.mx\/#\/schema\/person\/331be9283d37198e2acd5750279085b0"},"headline":"Enfrentamos los problemas, no dejamos que la gente sufra: Rocha ante el regreso de pobladores a Sinaloa Municipio","datePublished":"2023-08-14T18:58:20+00:00","dateModified":"2023-08-14T18:58:56+00:00","mainEntityOfPage":{"@id":"https:\/\/fuentesfidedignas.com.mx\/index.php\/2023\/08\/14\/enfrentamos-los-problemas-no-dejamos-que-la-gente-sufra-rocha-ante-el-regreso-de-pobladores-a-sinaloa-municipio\/"},"wordCount":566,"commentCount":0,"publisher":{"@id":"https:\/\/fuentesfidedignas.com.mx\/#organization"},"image":{"@id":"https:\/\/fuentesfidedignas.com.mx\/index.php\/2023\/08\/14\/enfrentamos-los-problemas-no-dejamos-que-la-gente-sufra-rocha-ante-el-regreso-de-pobladores-a-sinaloa-municipio\/#primaryimage"},"thumbnailUrl":"https:\/\/fuentesfidedignas.com.mx\/wp-content\/uploads\/2023\/08\/IMG-20230814-WA0038.jpg","articleSection":["NOTICIAS LOCALES"],"inLanguage":"es","potentialAction":[{"@type":"CommentAction","name":"Comment","target":["https:\/\/fuentesfidedignas.com.mx\/index.php\/2023\/08\/14\/enfrentamos-los-problemas-no-dejamos-que-la-gente-sufra-rocha-ante-el-regreso-de-pobladores-a-sinaloa-municipio\/#respond"]}]},{"@type":"WebPage","@id":"https:\/\/fuentesfidedignas.com.mx\/index.php\/2023\/08\/14\/enfrentamos-los-problemas-no-dejamos-que-la-gente-sufra-rocha-ante-el-regreso-de-pobladores-a-sinaloa-municipio\/","url":"https:\/\/fuentesfidedignas.com.mx\/index.php\/2023\/08\/14\/enfrentamos-los-problemas-no-dejamos-que-la-gente-sufra-rocha-ante-el-regreso-de-pobladores-a-sinaloa-municipio\/","name":"Enfrentamos los problemas, no dejamos que la gente sufra: Rocha ante el regreso de pobladores a Sinaloa Municipio - Fuentes Fidedignas","isPartOf":{"@id":"https:\/\/fuentesfidedignas.com.mx\/#website"},"primaryImageOfPage":{"@id":"https:\/\/fuentesfidedignas.com.mx\/index.php\/2023\/08\/14\/enfrentamos-los-problemas-no-dejamos-que-la-gente-sufra-rocha-ante-el-regreso-de-pobladores-a-sinaloa-municipio\/#primaryimage"},"image":{"@id":"https:\/\/fuentesfidedignas.com.mx\/index.php\/2023\/08\/14\/enfrentamos-los-problemas-no-dejamos-que-la-gente-sufra-rocha-ante-el-regreso-de-pobladores-a-sinaloa-municipio\/#primaryimage"},"thumbnailUrl":"https:\/\/fuentesfidedignas.com.mx\/wp-content\/uploads\/2023\/08\/IMG-20230814-WA0038.jpg","datePublished":"2023-08-14T18:58:20+00:00","dateModified":"2023-08-14T18:58:56+00:00","breadcrumb":{"@id":"https:\/\/fuentesfidedignas.com.mx\/index.php\/2023\/08\/14\/enfrentamos-los-problemas-no-dejamos-que-la-gente-sufra-rocha-ante-el-regreso-de-pobladores-a-sinaloa-municipio\/#breadcrumb"},"inLanguage":"es","potentialAction":[{"@type":"ReadAction","target":["https:\/\/fuentesfidedignas.com.mx\/index.php\/2023\/08\/14\/enfrentamos-los-problemas-no-dejamos-que-la-gente-sufra-rocha-ante-el-regreso-de-pobladores-a-sinaloa-municipio\/"]}]},{"@type":"ImageObject","inLanguage":"es","@id":"https:\/\/fuentesfidedignas.com.mx\/index.php\/2023\/08\/14\/enfrentamos-los-problemas-no-dejamos-que-la-gente-sufra-rocha-ante-el-regreso-de-pobladores-a-sinaloa-municipio\/#primaryimage","url":"https:\/\/fuentesfidedignas.com.mx\/wp-content\/uploads\/2023\/08\/IMG-20230814-WA0038.jpg","contentUrl":"https:\/\/fuentesfidedignas.com.mx\/wp-content\/uploads\/2023\/08\/IMG-20230814-WA0038.jpg","width":1024,"height":664},{"@type":"BreadcrumbList","@id":"https:\/\/fuentesfidedignas.com.mx\/index.php\/2023\/08\/14\/enfrentamos-los-problemas-no-dejamos-que-la-gente-sufra-rocha-ante-el-regreso-de-pobladores-a-sinaloa-municipio\/#breadcrumb","itemListElement":[{"@type":"ListItem","position":1,"name":"Inicio","item":"https:\/\/fuentesfidedignas.com.mx\/"},{"@type":"ListItem","position":2,"name":"Enfrentamos los problemas, no dejamos que la gente sufra: Rocha ante el regreso de pobladores a Sinaloa Municipio"}]},{"@type":"WebSite","@id":"https:\/\/fuentesfidedignas.com.mx\/#website","url":"https:\/\/fuentesfidedignas.com.mx\/","name":"Fuentes Fidedignas","description":"Otro sitio realizado con WordPress","publisher":{"@id":"https:\/\/fuentesfidedignas.com.mx\/#organization"},"potentialAction":[{"@type":"SearchAction","target":{"@type":"EntryPoint","urlTemplate":"https:\/\/fuentesfidedignas.com.mx\/?s={search_term_string}"},"query-input":{"@type":"PropertyValueSpecification","valueRequired":true,"valueName":"search_term_string"}}],"inLanguage":"es"},{"@type":"Organization","@id":"https:\/\/fuentesfidedignas.com.mx\/#organization","name":"Fuentes Fidedignas","url":"https:\/\/fuentesfidedignas.com.mx\/","logo":{"@type":"ImageObject","inLanguage":"es","@id":"https:\/\/fuentesfidedignas.com.mx\/#\/schema\/logo\/image\/","url":"https:\/\/fuentesfidedignas.com.mx\/wp-content\/uploads\/2021\/04\/logo-retina.png","contentUrl":"https:\/\/fuentesfidedignas.com.mx\/wp-content\/uploads\/2021\/04\/logo-retina.png","width":280,"height":51,"caption":"Fuentes Fidedignas"},"image":{"@id":"https:\/\/fuentesfidedignas.com.mx\/#\/schema\/logo\/image\/"},"sameAs":["https:\/\/www.facebook.com\/Fuentes-Fidedignas-368234489921644","https:\/\/x.com\/fidedignas"]},{"@type":"Person","@id":"https:\/\/fuentesfidedignas.com.mx\/#\/schema\/person\/331be9283d37198e2acd5750279085b0","name":"Redacci\u00f3n","image":{"@type":"ImageObject","inLanguage":"es","@id":"https:\/\/secure.gravatar.com\/avatar\/f6d8782c11d12b2d4ad3fbb6931aeab5309937a4d6cd2fc9cfaa28a6396a5aec?s=96&d=mm&r=g","url":"https:\/\/secure.gravatar.com\/avatar\/f6d8782c11d12b2d4ad3fbb6931aeab5309937a4d6cd2fc9cfaa28a6396a5aec?s=96&d=mm&r=g","contentUrl":"https:\/\/secure.gravatar.com\/avatar\/f6d8782c11d12b2d4ad3fbb6931aeab5309937a4d6cd2fc9cfaa28a6396a5aec?s=96&d=mm&r=g","caption":"Redacci\u00f3n"},"url":"https:\/\/fuentesfidedignas.com.mx\/index.php\/author\/redaccion\/"}]}},"_links":{"self":[{"href":"https:\/\/fuentesfidedignas.com.mx\/index.php\/wp-json\/wp\/v2\/posts\/55386","targetHints":{"allow":["GET"]}}],"collection":[{"href":"https:\/\/fuentesfidedignas.com.mx\/index.php\/wp-json\/wp\/v2\/posts"}],"about":[{"href":"https:\/\/fuentesfidedignas.com.mx\/index.php\/wp-json\/wp\/v2\/types\/post"}],"author":[{"embeddable":true,"href":"https:\/\/fuentesfidedignas.com.mx\/index.php\/wp-json\/wp\/v2\/users\/4"}],"replies":[{"embeddable":true,"href":"https:\/\/fuentesfidedignas.com.mx\/index.php\/wp-json\/wp\/v2\/comments?post=55386"}],"version-history":[{"count":1,"href":"https:\/\/fuentesfidedignas.com.mx\/index.php\/wp-json\/wp\/v2\/posts\/55386\/revisions"}],"predecessor-version":[{"id":55387,"href":"https:\/\/fuentesfidedignas.com.mx\/index.php\/wp-json\/wp\/v2\/posts\/55386\/revisions\/55387"}],"wp:featuredmedia":[{"embeddable":true,"href":"https:\/\/fuentesfidedignas.com.mx\/index.php\/wp-json\/wp\/v2\/media\/55388"}],"wp:attachment":[{"href":"https:\/\/fuentesfidedignas.com.mx\/index.php\/wp-json\/wp\/v2\/media?parent=55386"}],"wp:term":[{"taxonomy":"category","embeddable":true,"href":"https:\/\/fuentesfidedignas.com.mx\/index.php\/wp-json\/wp\/v2\/categories?post=55386"},{"taxonomy":"post_tag","embeddable":true,"href":"https:\/\/fuentesfidedignas.com.mx\/index.php\/wp-json\/wp\/v2\/tags?post=55386"}],"curies":[{"name":"wp","href":"https:\/\/api.w.org\/{rel}","templated":true}]}}