{"id":55382,"date":"2023-08-14T11:49:29","date_gmt":"2023-08-14T18:49:29","guid":{"rendered":"https:\/\/fuentesfidedignas.com.mx\/?p=55382"},"modified":"2023-08-14T11:51:41","modified_gmt":"2023-08-14T18:51:41","slug":"productores-de-maiz-no-caeran-en-cartera-vencida-ante-fira-ya-se-acordo-prorroga","status":"publish","type":"post","link":"https:\/\/fuentesfidedignas.com.mx\/index.php\/2023\/08\/14\/productores-de-maiz-no-caeran-en-cartera-vencida-ante-fira-ya-se-acordo-prorroga\/","title":{"rendered":"Productores de ma\u00edz no caer\u00e1n en cartera vencida ante FIRA, ya se acord\u00f3 pr\u00f3rroga"},"content":{"rendered":"\n<p><em><strong>El mandatario estatal Rub\u00e9n Rocha Moya afirm\u00f3 adem\u00e1s que est\u00e1 por iniciar el pago de SEGALMEX a productores de trigo<\/strong><\/em><\/p>\n\n\n\n<p>Culiac\u00e1n, Sin.- No habr\u00e1 problema de que los productores de ma\u00edz caigan en cartera vencida por retrasos en sus pagos al <strong>Fideicomiso Instituido en Relaci\u00f3n con la Agricultura <\/strong>(FIRA), pues ya se alcanz\u00f3 un acuerdo de pr\u00f3rroga precis\u00f3 el gobernador Rub\u00e9n Rocha Moya durante la Conferencia Semanera que encabeza cada lunes, donde adem\u00e1s se presentaron los avances del programa de adquisici\u00f3n de hasta 1 mill\u00f3n de toneladas de ma\u00edz blanco de Sinaloa para la reserva estrat\u00e9gica, programa especial implementado por <strong>Seguridad Alimentaria Mexicana<\/strong> (SEGALMEX) en beneficio de los productores sinaloenses.<\/p>\n\n\n\n<p>El mandatario estatal dio a conocer que derivado de gestiones especiales, se logr\u00f3 que FIRA otorgue una pr\u00f3rroga de pago a sus acreedores, misma que es del 6 de agosto al pr\u00f3ximo mes de Septiembre y en algunos casos, hasta por 45 d\u00edas, lo cual brindar\u00e1 flexibilidad para que se pague en tiempo y forma.<\/p>\n\n\n\n<p>Adem\u00e1s, detall\u00f3 que acorde al Informe de Acopio m\u00e1s reciente, se tiene un total de 888 mil 332 toneladas acopiadas, lo cual representa el 88.83 por ciento del total y un beneficio para 10,120 productores que ya recibieron su pago, cifra que alcanza un 81.79 por ciento del total de los 12 mil 373 productores que se tienen en padr\u00f3n.<\/p>\n\n\n\n<p>&#8220;<strong>En la semana hablamos en M\u00e9xico, estuvimos viendo Hacienda y SEGALMEX, que no piensen que tengo abandonado ese tema le vengo dando seguimiento puntual, me interesa mucho. Tenemos el problemita de los que depositaron en otras bodegas, es probablemente a lo que se refieren los que vienen, se les va a pagar. Ya lo resolvimos en la semana el mecanismo<\/strong>&#8220;, se\u00f1al\u00f3 el Gobernador.<\/p>\n\n\n\n<p>Por otra parte, en cuanto al medio mill\u00f3n de toneladas de ma\u00edz que est\u00e1 adquiriendo Gobierno del Estado, Marco Antonio S\u00e1nchez Vel\u00e1zquez, Subsecretario de Planeaci\u00f3n de la Secretar\u00eda de Administraci\u00f3n y Finanzas, indic\u00f3 que hasta el momento se tienen 254 mil 687 toneladas pagadas, adem\u00e1s de 187 mil 898 toneladas m\u00e1s en proceso de pago, acorde a la prioridad en el orden, lo que ha beneficiado a 2,034 productores hasta el momento, por lo que el volumen de toneladas pendiente de pagar es de 57 mil 414 toneladas, lo que representa s\u00f3lo el 11.48 por ciento del total.<\/p>\n\n\n\n<p>Por otra parte, Rocha Moya dijo que ya est\u00e1 por iniciar el pago de SEGALMEX a los productores trigueros, lo cual le fue confirmado por su Director General, Leonel Cota Monta\u00f1o, adem\u00e1s que se entregar\u00e1 la aportaci\u00f3n comprometida por parte de Gobierno del Estado.<\/p>\n\n\n\n<p>&#8220;<strong>Habl\u00e9 con Leonel, \u00e9l va a estar por aqu\u00ed porque adem\u00e1s vamos a empezar a pagarles a los trigueros, ellos van a empezar a hacer sus pagos. Nosotros les vamos a pagar 300 pesos por tonelada de una compensaci\u00f3n que yo me compromet\u00ed con ellos<\/strong>&#8220;, destac\u00f3 el Gobernador.<\/p>\n\n\n\n<p>Finalmente, el Ejecutivo Estatal reiter\u00f3 el llamado a los productores de hasta 15 hect\u00e1reas a no liquidar su cosecha y esperar a que les sea comprada a precio de garant\u00eda.<\/p>\n","protected":false},"excerpt":{"rendered":"<p>El mandatario estatal Rub\u00e9n Rocha Moya afirm\u00f3 adem\u00e1s que est\u00e1 por iniciar el pago de SEGALMEX a productores de trigo Culiac\u00e1n, Sin.- No habr\u00e1 problema de que los productores de ma\u00edz caigan en cartera vencida por retrasos en sus pagos al Fideicomiso Instituido en Relaci\u00f3n con la Agricultura (FIRA), pues ya se alcanz\u00f3 un acuerdo [&hellip;]<\/p>\n","protected":false},"author":4,"featured_media":55384,"comment_status":"open","ping_status":"open","sticky":false,"template":"","format":"standard","meta":{"tdm_status":"","tdm_grid_status":"","footnotes":""},"categories":[38,1],"tags":[],"class_list":{"0":"post-55382","1":"post","2":"type-post","3":"status-publish","4":"format-standard","5":"has-post-thumbnail","7":"category-noticias-locales","8":"category-sin-categoria"},"yoast_head":"<!-- This site is optimized with the Yoast SEO plugin v27.5 - https:\/\/yoast.com\/product\/yoast-seo-wordpress\/ -->\n<title>Productores de ma\u00edz no caer\u00e1n en cartera vencida ante FIRA, ya se acord\u00f3 pr\u00f3rroga - Fuentes Fidedignas<\/title>\n<meta name=\"robots\" content=\"index, follow, max-snippet:-1, max-image-preview:large, max-video-preview:-1\" \/>\n<link rel=\"canonical\" href=\"https:\/\/fuentesfidedignas.com.mx\/index.php\/2023\/08\/14\/productores-de-maiz-no-caeran-en-cartera-vencida-ante-fira-ya-se-acordo-prorroga\/\" \/>\n<meta property=\"og:locale\" content=\"es_MX\" \/>\n<meta property=\"og:type\" content=\"article\" \/>\n<meta property=\"og:title\" content=\"Productores de ma\u00edz no caer\u00e1n en cartera vencida ante FIRA, ya se acord\u00f3 pr\u00f3rroga - Fuentes Fidedignas\" \/>\n<meta property=\"og:description\" content=\"El mandatario estatal Rub\u00e9n Rocha Moya afirm\u00f3 adem\u00e1s que est\u00e1 por iniciar el pago de SEGALMEX a productores de trigo Culiac\u00e1n, Sin.- No habr\u00e1 problema de que los productores de ma\u00edz caigan en cartera vencida por retrasos en sus pagos al Fideicomiso Instituido en Relaci\u00f3n con la Agricultura (FIRA), pues ya se alcanz\u00f3 un acuerdo [&hellip;]\" \/>\n<meta property=\"og:url\" content=\"https:\/\/fuentesfidedignas.com.mx\/index.php\/2023\/08\/14\/productores-de-maiz-no-caeran-en-cartera-vencida-ante-fira-ya-se-acordo-prorroga\/\" \/>\n<meta property=\"og:site_name\" content=\"Fuentes Fidedignas\" \/>\n<meta property=\"article:publisher\" content=\"https:\/\/www.facebook.com\/Fuentes-Fidedignas-368234489921644\" \/>\n<meta property=\"article:published_time\" content=\"2023-08-14T18:49:29+00:00\" \/>\n<meta property=\"article:modified_time\" content=\"2023-08-14T18:51:41+00:00\" \/>\n<meta property=\"og:image\" content=\"https:\/\/fuentesfidedignas.com.mx\/wp-content\/uploads\/2023\/08\/images-10.jpeg\" \/>\n\t<meta property=\"og:image:width\" content=\"768\" \/>\n\t<meta property=\"og:image:height\" content=\"399\" \/>\n\t<meta property=\"og:image:type\" content=\"image\/jpeg\" \/>\n<meta name=\"author\" content=\"Redacci\u00f3n\" \/>\n<meta name=\"twitter:card\" content=\"summary_large_image\" \/>\n<meta name=\"twitter:creator\" content=\"@fidedignas\" \/>\n<meta name=\"twitter:site\" content=\"@fidedignas\" \/>\n<meta name=\"twitter:label1\" content=\"Escrito por\" \/>\n\t<meta name=\"twitter:data1\" content=\"Redacci\u00f3n\" \/>\n\t<meta name=\"twitter:label2\" content=\"Tiempo de lectura\" \/>\n\t<meta name=\"twitter:data2\" content=\"3 minutos\" \/>\n<script type=\"application\/ld+json\" class=\"yoast-schema-graph\">{\"@context\":\"https:\\\/\\\/schema.org\",\"@graph\":[{\"@type\":\"Article\",\"@id\":\"https:\\\/\\\/fuentesfidedignas.com.mx\\\/index.php\\\/2023\\\/08\\\/14\\\/productores-de-maiz-no-caeran-en-cartera-vencida-ante-fira-ya-se-acordo-prorroga\\\/#article\",\"isPartOf\":{\"@id\":\"https:\\\/\\\/fuentesfidedignas.com.mx\\\/index.php\\\/2023\\\/08\\\/14\\\/productores-de-maiz-no-caeran-en-cartera-vencida-ante-fira-ya-se-acordo-prorroga\\\/\"},\"author\":{\"name\":\"Redacci\u00f3n\",\"@id\":\"https:\\\/\\\/fuentesfidedignas.com.mx\\\/#\\\/schema\\\/person\\\/331be9283d37198e2acd5750279085b0\"},\"headline\":\"Productores de ma\u00edz no caer\u00e1n en cartera vencida ante FIRA, ya se acord\u00f3 pr\u00f3rroga\",\"datePublished\":\"2023-08-14T18:49:29+00:00\",\"dateModified\":\"2023-08-14T18:51:41+00:00\",\"mainEntityOfPage\":{\"@id\":\"https:\\\/\\\/fuentesfidedignas.com.mx\\\/index.php\\\/2023\\\/08\\\/14\\\/productores-de-maiz-no-caeran-en-cartera-vencida-ante-fira-ya-se-acordo-prorroga\\\/\"},\"wordCount\":543,\"commentCount\":0,\"publisher\":{\"@id\":\"https:\\\/\\\/fuentesfidedignas.com.mx\\\/#organization\"},\"image\":{\"@id\":\"https:\\\/\\\/fuentesfidedignas.com.mx\\\/index.php\\\/2023\\\/08\\\/14\\\/productores-de-maiz-no-caeran-en-cartera-vencida-ante-fira-ya-se-acordo-prorroga\\\/#primaryimage\"},\"thumbnailUrl\":\"https:\\\/\\\/fuentesfidedignas.com.mx\\\/wp-content\\\/uploads\\\/2023\\\/08\\\/images-10.jpeg\",\"articleSection\":[\"NOTICIAS LOCALES\"],\"inLanguage\":\"es\",\"potentialAction\":[{\"@type\":\"CommentAction\",\"name\":\"Comment\",\"target\":[\"https:\\\/\\\/fuentesfidedignas.com.mx\\\/index.php\\\/2023\\\/08\\\/14\\\/productores-de-maiz-no-caeran-en-cartera-vencida-ante-fira-ya-se-acordo-prorroga\\\/#respond\"]}]},{\"@type\":\"WebPage\",\"@id\":\"https:\\\/\\\/fuentesfidedignas.com.mx\\\/index.php\\\/2023\\\/08\\\/14\\\/productores-de-maiz-no-caeran-en-cartera-vencida-ante-fira-ya-se-acordo-prorroga\\\/\",\"url\":\"https:\\\/\\\/fuentesfidedignas.com.mx\\\/index.php\\\/2023\\\/08\\\/14\\\/productores-de-maiz-no-caeran-en-cartera-vencida-ante-fira-ya-se-acordo-prorroga\\\/\",\"name\":\"Productores de ma\u00edz no caer\u00e1n en cartera vencida ante FIRA, ya se acord\u00f3 pr\u00f3rroga - Fuentes Fidedignas\",\"isPartOf\":{\"@id\":\"https:\\\/\\\/fuentesfidedignas.com.mx\\\/#website\"},\"primaryImageOfPage\":{\"@id\":\"https:\\\/\\\/fuentesfidedignas.com.mx\\\/index.php\\\/2023\\\/08\\\/14\\\/productores-de-maiz-no-caeran-en-cartera-vencida-ante-fira-ya-se-acordo-prorroga\\\/#primaryimage\"},\"image\":{\"@id\":\"https:\\\/\\\/fuentesfidedignas.com.mx\\\/index.php\\\/2023\\\/08\\\/14\\\/productores-de-maiz-no-caeran-en-cartera-vencida-ante-fira-ya-se-acordo-prorroga\\\/#primaryimage\"},\"thumbnailUrl\":\"https:\\\/\\\/fuentesfidedignas.com.mx\\\/wp-content\\\/uploads\\\/2023\\\/08\\\/images-10.jpeg\",\"datePublished\":\"2023-08-14T18:49:29+00:00\",\"dateModified\":\"2023-08-14T18:51:41+00:00\",\"breadcrumb\":{\"@id\":\"https:\\\/\\\/fuentesfidedignas.com.mx\\\/index.php\\\/2023\\\/08\\\/14\\\/productores-de-maiz-no-caeran-en-cartera-vencida-ante-fira-ya-se-acordo-prorroga\\\/#breadcrumb\"},\"inLanguage\":\"es\",\"potentialAction\":[{\"@type\":\"ReadAction\",\"target\":[\"https:\\\/\\\/fuentesfidedignas.com.mx\\\/index.php\\\/2023\\\/08\\\/14\\\/productores-de-maiz-no-caeran-en-cartera-vencida-ante-fira-ya-se-acordo-prorroga\\\/\"]}]},{\"@type\":\"ImageObject\",\"inLanguage\":\"es\",\"@id\":\"https:\\\/\\\/fuentesfidedignas.com.mx\\\/index.php\\\/2023\\\/08\\\/14\\\/productores-de-maiz-no-caeran-en-cartera-vencida-ante-fira-ya-se-acordo-prorroga\\\/#primaryimage\",\"url\":\"https:\\\/\\\/fuentesfidedignas.com.mx\\\/wp-content\\\/uploads\\\/2023\\\/08\\\/images-10.jpeg\",\"contentUrl\":\"https:\\\/\\\/fuentesfidedignas.com.mx\\\/wp-content\\\/uploads\\\/2023\\\/08\\\/images-10.jpeg\",\"width\":768,\"height\":399},{\"@type\":\"BreadcrumbList\",\"@id\":\"https:\\\/\\\/fuentesfidedignas.com.mx\\\/index.php\\\/2023\\\/08\\\/14\\\/productores-de-maiz-no-caeran-en-cartera-vencida-ante-fira-ya-se-acordo-prorroga\\\/#breadcrumb\",\"itemListElement\":[{\"@type\":\"ListItem\",\"position\":1,\"name\":\"Inicio\",\"item\":\"https:\\\/\\\/fuentesfidedignas.com.mx\\\/\"},{\"@type\":\"ListItem\",\"position\":2,\"name\":\"Productores de ma\u00edz no caer\u00e1n en cartera vencida ante FIRA, ya se acord\u00f3 pr\u00f3rroga\"}]},{\"@type\":\"WebSite\",\"@id\":\"https:\\\/\\\/fuentesfidedignas.com.mx\\\/#website\",\"url\":\"https:\\\/\\\/fuentesfidedignas.com.mx\\\/\",\"name\":\"Fuentes Fidedignas\",\"description\":\"Otro sitio realizado con WordPress\",\"publisher\":{\"@id\":\"https:\\\/\\\/fuentesfidedignas.com.mx\\\/#organization\"},\"potentialAction\":[{\"@type\":\"SearchAction\",\"target\":{\"@type\":\"EntryPoint\",\"urlTemplate\":\"https:\\\/\\\/fuentesfidedignas.com.mx\\\/?s={search_term_string}\"},\"query-input\":{\"@type\":\"PropertyValueSpecification\",\"valueRequired\":true,\"valueName\":\"search_term_string\"}}],\"inLanguage\":\"es\"},{\"@type\":\"Organization\",\"@id\":\"https:\\\/\\\/fuentesfidedignas.com.mx\\\/#organization\",\"name\":\"Fuentes Fidedignas\",\"url\":\"https:\\\/\\\/fuentesfidedignas.com.mx\\\/\",\"logo\":{\"@type\":\"ImageObject\",\"inLanguage\":\"es\",\"@id\":\"https:\\\/\\\/fuentesfidedignas.com.mx\\\/#\\\/schema\\\/logo\\\/image\\\/\",\"url\":\"https:\\\/\\\/fuentesfidedignas.com.mx\\\/wp-content\\\/uploads\\\/2021\\\/04\\\/logo-retina.png\",\"contentUrl\":\"https:\\\/\\\/fuentesfidedignas.com.mx\\\/wp-content\\\/uploads\\\/2021\\\/04\\\/logo-retina.png\",\"width\":280,\"height\":51,\"caption\":\"Fuentes Fidedignas\"},\"image\":{\"@id\":\"https:\\\/\\\/fuentesfidedignas.com.mx\\\/#\\\/schema\\\/logo\\\/image\\\/\"},\"sameAs\":[\"https:\\\/\\\/www.facebook.com\\\/Fuentes-Fidedignas-368234489921644\",\"https:\\\/\\\/x.com\\\/fidedignas\"]},{\"@type\":\"Person\",\"@id\":\"https:\\\/\\\/fuentesfidedignas.com.mx\\\/#\\\/schema\\\/person\\\/331be9283d37198e2acd5750279085b0\",\"name\":\"Redacci\u00f3n\",\"image\":{\"@type\":\"ImageObject\",\"inLanguage\":\"es\",\"@id\":\"https:\\\/\\\/secure.gravatar.com\\\/avatar\\\/f6d8782c11d12b2d4ad3fbb6931aeab5309937a4d6cd2fc9cfaa28a6396a5aec?s=96&d=mm&r=g\",\"url\":\"https:\\\/\\\/secure.gravatar.com\\\/avatar\\\/f6d8782c11d12b2d4ad3fbb6931aeab5309937a4d6cd2fc9cfaa28a6396a5aec?s=96&d=mm&r=g\",\"contentUrl\":\"https:\\\/\\\/secure.gravatar.com\\\/avatar\\\/f6d8782c11d12b2d4ad3fbb6931aeab5309937a4d6cd2fc9cfaa28a6396a5aec?s=96&d=mm&r=g\",\"caption\":\"Redacci\u00f3n\"},\"url\":\"https:\\\/\\\/fuentesfidedignas.com.mx\\\/index.php\\\/author\\\/redaccion\\\/\"}]}<\/script>\n<!-- \/ Yoast SEO plugin. -->","yoast_head_json":{"title":"Productores de ma\u00edz no caer\u00e1n en cartera vencida ante FIRA, ya se acord\u00f3 pr\u00f3rroga - Fuentes Fidedignas","robots":{"index":"index","follow":"follow","max-snippet":"max-snippet:-1","max-image-preview":"max-image-preview:large","max-video-preview":"max-video-preview:-1"},"canonical":"https:\/\/fuentesfidedignas.com.mx\/index.php\/2023\/08\/14\/productores-de-maiz-no-caeran-en-cartera-vencida-ante-fira-ya-se-acordo-prorroga\/","og_locale":"es_MX","og_type":"article","og_title":"Productores de ma\u00edz no caer\u00e1n en cartera vencida ante FIRA, ya se acord\u00f3 pr\u00f3rroga - Fuentes Fidedignas","og_description":"El mandatario estatal Rub\u00e9n Rocha Moya afirm\u00f3 adem\u00e1s que est\u00e1 por iniciar el pago de SEGALMEX a productores de trigo Culiac\u00e1n, Sin.- No habr\u00e1 problema de que los productores de ma\u00edz caigan en cartera vencida por retrasos en sus pagos al Fideicomiso Instituido en Relaci\u00f3n con la Agricultura (FIRA), pues ya se alcanz\u00f3 un acuerdo [&hellip;]","og_url":"https:\/\/fuentesfidedignas.com.mx\/index.php\/2023\/08\/14\/productores-de-maiz-no-caeran-en-cartera-vencida-ante-fira-ya-se-acordo-prorroga\/","og_site_name":"Fuentes Fidedignas","article_publisher":"https:\/\/www.facebook.com\/Fuentes-Fidedignas-368234489921644","article_published_time":"2023-08-14T18:49:29+00:00","article_modified_time":"2023-08-14T18:51:41+00:00","og_image":[{"width":768,"height":399,"url":"https:\/\/fuentesfidedignas.com.mx\/wp-content\/uploads\/2023\/08\/images-10.jpeg","type":"image\/jpeg"}],"author":"Redacci\u00f3n","twitter_card":"summary_large_image","twitter_creator":"@fidedignas","twitter_site":"@fidedignas","twitter_misc":{"Escrito por":"Redacci\u00f3n","Tiempo de lectura":"3 minutos"},"schema":{"@context":"https:\/\/schema.org","@graph":[{"@type":"Article","@id":"https:\/\/fuentesfidedignas.com.mx\/index.php\/2023\/08\/14\/productores-de-maiz-no-caeran-en-cartera-vencida-ante-fira-ya-se-acordo-prorroga\/#article","isPartOf":{"@id":"https:\/\/fuentesfidedignas.com.mx\/index.php\/2023\/08\/14\/productores-de-maiz-no-caeran-en-cartera-vencida-ante-fira-ya-se-acordo-prorroga\/"},"author":{"name":"Redacci\u00f3n","@id":"https:\/\/fuentesfidedignas.com.mx\/#\/schema\/person\/331be9283d37198e2acd5750279085b0"},"headline":"Productores de ma\u00edz no caer\u00e1n en cartera vencida ante FIRA, ya se acord\u00f3 pr\u00f3rroga","datePublished":"2023-08-14T18:49:29+00:00","dateModified":"2023-08-14T18:51:41+00:00","mainEntityOfPage":{"@id":"https:\/\/fuentesfidedignas.com.mx\/index.php\/2023\/08\/14\/productores-de-maiz-no-caeran-en-cartera-vencida-ante-fira-ya-se-acordo-prorroga\/"},"wordCount":543,"commentCount":0,"publisher":{"@id":"https:\/\/fuentesfidedignas.com.mx\/#organization"},"image":{"@id":"https:\/\/fuentesfidedignas.com.mx\/index.php\/2023\/08\/14\/productores-de-maiz-no-caeran-en-cartera-vencida-ante-fira-ya-se-acordo-prorroga\/#primaryimage"},"thumbnailUrl":"https:\/\/fuentesfidedignas.com.mx\/wp-content\/uploads\/2023\/08\/images-10.jpeg","articleSection":["NOTICIAS LOCALES"],"inLanguage":"es","potentialAction":[{"@type":"CommentAction","name":"Comment","target":["https:\/\/fuentesfidedignas.com.mx\/index.php\/2023\/08\/14\/productores-de-maiz-no-caeran-en-cartera-vencida-ante-fira-ya-se-acordo-prorroga\/#respond"]}]},{"@type":"WebPage","@id":"https:\/\/fuentesfidedignas.com.mx\/index.php\/2023\/08\/14\/productores-de-maiz-no-caeran-en-cartera-vencida-ante-fira-ya-se-acordo-prorroga\/","url":"https:\/\/fuentesfidedignas.com.mx\/index.php\/2023\/08\/14\/productores-de-maiz-no-caeran-en-cartera-vencida-ante-fira-ya-se-acordo-prorroga\/","name":"Productores de ma\u00edz no caer\u00e1n en cartera vencida ante FIRA, ya se acord\u00f3 pr\u00f3rroga - Fuentes Fidedignas","isPartOf":{"@id":"https:\/\/fuentesfidedignas.com.mx\/#website"},"primaryImageOfPage":{"@id":"https:\/\/fuentesfidedignas.com.mx\/index.php\/2023\/08\/14\/productores-de-maiz-no-caeran-en-cartera-vencida-ante-fira-ya-se-acordo-prorroga\/#primaryimage"},"image":{"@id":"https:\/\/fuentesfidedignas.com.mx\/index.php\/2023\/08\/14\/productores-de-maiz-no-caeran-en-cartera-vencida-ante-fira-ya-se-acordo-prorroga\/#primaryimage"},"thumbnailUrl":"https:\/\/fuentesfidedignas.com.mx\/wp-content\/uploads\/2023\/08\/images-10.jpeg","datePublished":"2023-08-14T18:49:29+00:00","dateModified":"2023-08-14T18:51:41+00:00","breadcrumb":{"@id":"https:\/\/fuentesfidedignas.com.mx\/index.php\/2023\/08\/14\/productores-de-maiz-no-caeran-en-cartera-vencida-ante-fira-ya-se-acordo-prorroga\/#breadcrumb"},"inLanguage":"es","potentialAction":[{"@type":"ReadAction","target":["https:\/\/fuentesfidedignas.com.mx\/index.php\/2023\/08\/14\/productores-de-maiz-no-caeran-en-cartera-vencida-ante-fira-ya-se-acordo-prorroga\/"]}]},{"@type":"ImageObject","inLanguage":"es","@id":"https:\/\/fuentesfidedignas.com.mx\/index.php\/2023\/08\/14\/productores-de-maiz-no-caeran-en-cartera-vencida-ante-fira-ya-se-acordo-prorroga\/#primaryimage","url":"https:\/\/fuentesfidedignas.com.mx\/wp-content\/uploads\/2023\/08\/images-10.jpeg","contentUrl":"https:\/\/fuentesfidedignas.com.mx\/wp-content\/uploads\/2023\/08\/images-10.jpeg","width":768,"height":399},{"@type":"BreadcrumbList","@id":"https:\/\/fuentesfidedignas.com.mx\/index.php\/2023\/08\/14\/productores-de-maiz-no-caeran-en-cartera-vencida-ante-fira-ya-se-acordo-prorroga\/#breadcrumb","itemListElement":[{"@type":"ListItem","position":1,"name":"Inicio","item":"https:\/\/fuentesfidedignas.com.mx\/"},{"@type":"ListItem","position":2,"name":"Productores de ma\u00edz no caer\u00e1n en cartera vencida ante FIRA, ya se acord\u00f3 pr\u00f3rroga"}]},{"@type":"WebSite","@id":"https:\/\/fuentesfidedignas.com.mx\/#website","url":"https:\/\/fuentesfidedignas.com.mx\/","name":"Fuentes Fidedignas","description":"Otro sitio realizado con WordPress","publisher":{"@id":"https:\/\/fuentesfidedignas.com.mx\/#organization"},"potentialAction":[{"@type":"SearchAction","target":{"@type":"EntryPoint","urlTemplate":"https:\/\/fuentesfidedignas.com.mx\/?s={search_term_string}"},"query-input":{"@type":"PropertyValueSpecification","valueRequired":true,"valueName":"search_term_string"}}],"inLanguage":"es"},{"@type":"Organization","@id":"https:\/\/fuentesfidedignas.com.mx\/#organization","name":"Fuentes Fidedignas","url":"https:\/\/fuentesfidedignas.com.mx\/","logo":{"@type":"ImageObject","inLanguage":"es","@id":"https:\/\/fuentesfidedignas.com.mx\/#\/schema\/logo\/image\/","url":"https:\/\/fuentesfidedignas.com.mx\/wp-content\/uploads\/2021\/04\/logo-retina.png","contentUrl":"https:\/\/fuentesfidedignas.com.mx\/wp-content\/uploads\/2021\/04\/logo-retina.png","width":280,"height":51,"caption":"Fuentes Fidedignas"},"image":{"@id":"https:\/\/fuentesfidedignas.com.mx\/#\/schema\/logo\/image\/"},"sameAs":["https:\/\/www.facebook.com\/Fuentes-Fidedignas-368234489921644","https:\/\/x.com\/fidedignas"]},{"@type":"Person","@id":"https:\/\/fuentesfidedignas.com.mx\/#\/schema\/person\/331be9283d37198e2acd5750279085b0","name":"Redacci\u00f3n","image":{"@type":"ImageObject","inLanguage":"es","@id":"https:\/\/secure.gravatar.com\/avatar\/f6d8782c11d12b2d4ad3fbb6931aeab5309937a4d6cd2fc9cfaa28a6396a5aec?s=96&d=mm&r=g","url":"https:\/\/secure.gravatar.com\/avatar\/f6d8782c11d12b2d4ad3fbb6931aeab5309937a4d6cd2fc9cfaa28a6396a5aec?s=96&d=mm&r=g","contentUrl":"https:\/\/secure.gravatar.com\/avatar\/f6d8782c11d12b2d4ad3fbb6931aeab5309937a4d6cd2fc9cfaa28a6396a5aec?s=96&d=mm&r=g","caption":"Redacci\u00f3n"},"url":"https:\/\/fuentesfidedignas.com.mx\/index.php\/author\/redaccion\/"}]}},"_links":{"self":[{"href":"https:\/\/fuentesfidedignas.com.mx\/index.php\/wp-json\/wp\/v2\/posts\/55382","targetHints":{"allow":["GET"]}}],"collection":[{"href":"https:\/\/fuentesfidedignas.com.mx\/index.php\/wp-json\/wp\/v2\/posts"}],"about":[{"href":"https:\/\/fuentesfidedignas.com.mx\/index.php\/wp-json\/wp\/v2\/types\/post"}],"author":[{"embeddable":true,"href":"https:\/\/fuentesfidedignas.com.mx\/index.php\/wp-json\/wp\/v2\/users\/4"}],"replies":[{"embeddable":true,"href":"https:\/\/fuentesfidedignas.com.mx\/index.php\/wp-json\/wp\/v2\/comments?post=55382"}],"version-history":[{"count":2,"href":"https:\/\/fuentesfidedignas.com.mx\/index.php\/wp-json\/wp\/v2\/posts\/55382\/revisions"}],"predecessor-version":[{"id":55385,"href":"https:\/\/fuentesfidedignas.com.mx\/index.php\/wp-json\/wp\/v2\/posts\/55382\/revisions\/55385"}],"wp:featuredmedia":[{"embeddable":true,"href":"https:\/\/fuentesfidedignas.com.mx\/index.php\/wp-json\/wp\/v2\/media\/55384"}],"wp:attachment":[{"href":"https:\/\/fuentesfidedignas.com.mx\/index.php\/wp-json\/wp\/v2\/media?parent=55382"}],"wp:term":[{"taxonomy":"category","embeddable":true,"href":"https:\/\/fuentesfidedignas.com.mx\/index.php\/wp-json\/wp\/v2\/categories?post=55382"},{"taxonomy":"post_tag","embeddable":true,"href":"https:\/\/fuentesfidedignas.com.mx\/index.php\/wp-json\/wp\/v2\/tags?post=55382"}],"curies":[{"name":"wp","href":"https:\/\/api.w.org\/{rel}","templated":true}]}}