{"id":55370,"date":"2023-08-14T09:44:37","date_gmt":"2023-08-14T16:44:37","guid":{"rendered":"https:\/\/fuentesfidedignas.com.mx\/?p=55370"},"modified":"2023-08-14T09:46:07","modified_gmt":"2023-08-14T16:46:07","slug":"aseguran-en-sonora-a-62-migrantes-de-centroamerica-africa-y-asia","status":"publish","type":"post","link":"https:\/\/fuentesfidedignas.com.mx\/index.php\/2023\/08\/14\/aseguran-en-sonora-a-62-migrantes-de-centroamerica-africa-y-asia\/","title":{"rendered":"Aseguran en Sonora a 62 migrantes de Centroam\u00e9rica, \u00c1frica y Asia"},"content":{"rendered":"\n<p><strong><em>La Guardia Nacional y el INM aseguraron en Sonora a 41 hombres, 21 mujeres y 4 menores de edad migrantes indocumentados<\/em><\/strong><\/p>\n\n\n\n<p>Sonora.Unos 62 migrantes fueron asegurados en Sonora, al viajar sobre la carretera Hermosillo-Nogales.<\/p>\n\n\n\n<p>Los extranjeros circulaban a bordo de seis autobuses de pasajeros, mismos que fueron detenidos por la Guardia Nacional para una revisi\u00f3n de rutina.<\/p>\n\n\n\n<figure class=\"wp-block-embed is-type-rich is-provider-twitter wp-block-embed-twitter\"><div class=\"wp-block-embed__wrapper\">\n<blockquote class=\"twitter-tweet\" data-width=\"550\" data-dnt=\"true\"><p lang=\"es\" dir=\"ltr\">La <a href=\"https:\/\/twitter.com\/hashtag\/GuardiaNacional?src=hash&amp;ref_src=twsrc%5Etfw\">#GuardiaNacional<\/a> y el <a href=\"https:\/\/twitter.com\/INAMI_mx?ref_src=twsrc%5Etfw\">@INAMI_mx<\/a>, rescataron en la carretera Hermosillo-Nogales, en <a href=\"https:\/\/twitter.com\/hashtag\/Sonora?src=hash&amp;ref_src=twsrc%5Etfw\">#Sonora<\/a> a 62 personas migrantes de distintas nacionalidades que viajaban en seis autobuses de pasajeros. <a href=\"https:\/\/twitter.com\/hashtag\/JusticiaYPaz?src=hash&amp;ref_src=twsrc%5Etfw\">#JusticiaYPaz<\/a> <a href=\"https:\/\/t.co\/WiwA5L5MG9\">pic.twitter.com\/WiwA5L5MG9<\/a><\/p>&mdash; Guardia Nacional (@GN_MEXICO_) <a href=\"https:\/\/twitter.com\/GN_MEXICO_\/status\/1690493102157389824?ref_src=twsrc%5Etfw\">August 12, 2023<\/a><\/blockquote><script async src=\"https:\/\/platform.twitter.com\/widgets.js\" charset=\"utf-8\"><\/script>\n<\/div><\/figure>\n\n\n\n<p>Acompa\u00f1ados por personal del Instituto Nacional de Migraci\u00f3n (INM), los guardias nacionales dieron cuenta de 41&nbsp;<strong>hombres<\/strong>, 21&nbsp;<strong>mujeres<\/strong>&nbsp;y 4&nbsp;<strong>menores de edad<\/strong>&nbsp;migrantes.<\/p>\n\n\n\n<p>Los indocumentados se identificaron como originarios de Ecuador, El Salvador, Guatemala, Honduras, Venezuela, Brasil, India, Mal\u00ed, Nigeria y Sud\u00e1n.<\/p>\n\n\n\n<p>Las 62 personas fueron trasladadas al INM en Hermosillo, donde se les brindaron alimentos y asistencia m\u00e9dica, as\u00ed como orientaci\u00f3n sobre los tr\u00e1mites migratorios que deben realizar mientras se define su situaci\u00f3n jur\u00eddica.<\/p>\n","protected":false},"excerpt":{"rendered":"<p>La Guardia Nacional y el INM aseguraron en Sonora a 41 hombres, 21 mujeres y 4 menores de edad migrantes indocumentados Sonora.Unos 62 migrantes fueron asegurados en Sonora, al viajar sobre la carretera Hermosillo-Nogales. Los extranjeros circulaban a bordo de seis autobuses de pasajeros, mismos que fueron detenidos por la Guardia Nacional para una revisi\u00f3n [&hellip;]<\/p>\n","protected":false},"author":47,"featured_media":55372,"comment_status":"open","ping_status":"open","sticky":false,"template":"","format":"standard","meta":{"tdm_status":"","tdm_grid_status":"","footnotes":""},"categories":[39,1],"tags":[],"class_list":{"0":"post-55370","1":"post","2":"type-post","3":"status-publish","4":"format-standard","5":"has-post-thumbnail","7":"category-noticias-nacionales","8":"category-sin-categoria"},"yoast_head":"<!-- This site is optimized with the Yoast SEO plugin v27.5 - https:\/\/yoast.com\/product\/yoast-seo-wordpress\/ -->\n<title>Aseguran en Sonora a 62 migrantes de Centroam\u00e9rica, \u00c1frica y Asia - Fuentes Fidedignas<\/title>\n<meta name=\"robots\" content=\"index, follow, max-snippet:-1, max-image-preview:large, max-video-preview:-1\" \/>\n<link rel=\"canonical\" href=\"https:\/\/fuentesfidedignas.com.mx\/index.php\/2023\/08\/14\/aseguran-en-sonora-a-62-migrantes-de-centroamerica-africa-y-asia\/\" \/>\n<meta property=\"og:locale\" content=\"es_MX\" \/>\n<meta property=\"og:type\" content=\"article\" \/>\n<meta property=\"og:title\" content=\"Aseguran en Sonora a 62 migrantes de Centroam\u00e9rica, \u00c1frica y Asia - Fuentes Fidedignas\" \/>\n<meta property=\"og:description\" content=\"La Guardia Nacional y el INM aseguraron en Sonora a 41 hombres, 21 mujeres y 4 menores de edad migrantes indocumentados Sonora.Unos 62 migrantes fueron asegurados en Sonora, al viajar sobre la carretera Hermosillo-Nogales. Los extranjeros circulaban a bordo de seis autobuses de pasajeros, mismos que fueron detenidos por la Guardia Nacional para una revisi\u00f3n [&hellip;]\" \/>\n<meta property=\"og:url\" content=\"https:\/\/fuentesfidedignas.com.mx\/index.php\/2023\/08\/14\/aseguran-en-sonora-a-62-migrantes-de-centroamerica-africa-y-asia\/\" \/>\n<meta property=\"og:site_name\" content=\"Fuentes Fidedignas\" \/>\n<meta property=\"article:publisher\" content=\"https:\/\/www.facebook.com\/Fuentes-Fidedignas-368234489921644\" \/>\n<meta property=\"article:published_time\" content=\"2023-08-14T16:44:37+00:00\" \/>\n<meta property=\"article:modified_time\" content=\"2023-08-14T16:46:07+00:00\" \/>\n<meta property=\"og:image\" content=\"https:\/\/fuentesfidedignas.com.mx\/wp-content\/uploads\/2023\/08\/migrantes-asegurados-en-sonora.jpg\" \/>\n\t<meta property=\"og:image:width\" content=\"1600\" \/>\n\t<meta property=\"og:image:height\" content=\"900\" \/>\n\t<meta property=\"og:image:type\" content=\"image\/jpeg\" \/>\n<meta name=\"author\" content=\"L\u00f3pez D\u00f3riga\" \/>\n<meta name=\"twitter:card\" content=\"summary_large_image\" \/>\n<meta name=\"twitter:creator\" content=\"@fidedignas\" \/>\n<meta name=\"twitter:site\" content=\"@fidedignas\" \/>\n<meta name=\"twitter:label1\" content=\"Escrito por\" \/>\n\t<meta name=\"twitter:data1\" content=\"L\u00f3pez D\u00f3riga\" \/>\n\t<meta name=\"twitter:label2\" content=\"Tiempo de lectura\" \/>\n\t<meta name=\"twitter:data2\" content=\"1 minuto\" \/>\n<script type=\"application\/ld+json\" class=\"yoast-schema-graph\">{\"@context\":\"https:\\\/\\\/schema.org\",\"@graph\":[{\"@type\":\"Article\",\"@id\":\"https:\\\/\\\/fuentesfidedignas.com.mx\\\/index.php\\\/2023\\\/08\\\/14\\\/aseguran-en-sonora-a-62-migrantes-de-centroamerica-africa-y-asia\\\/#article\",\"isPartOf\":{\"@id\":\"https:\\\/\\\/fuentesfidedignas.com.mx\\\/index.php\\\/2023\\\/08\\\/14\\\/aseguran-en-sonora-a-62-migrantes-de-centroamerica-africa-y-asia\\\/\"},\"author\":{\"name\":\"L\u00f3pez D\u00f3riga\",\"@id\":\"https:\\\/\\\/fuentesfidedignas.com.mx\\\/#\\\/schema\\\/person\\\/67d852f0557c8509146a4b9ddebd543a\"},\"headline\":\"Aseguran en Sonora a 62 migrantes de Centroam\u00e9rica, \u00c1frica y Asia\",\"datePublished\":\"2023-08-14T16:44:37+00:00\",\"dateModified\":\"2023-08-14T16:46:07+00:00\",\"mainEntityOfPage\":{\"@id\":\"https:\\\/\\\/fuentesfidedignas.com.mx\\\/index.php\\\/2023\\\/08\\\/14\\\/aseguran-en-sonora-a-62-migrantes-de-centroamerica-africa-y-asia\\\/\"},\"wordCount\":168,\"commentCount\":0,\"publisher\":{\"@id\":\"https:\\\/\\\/fuentesfidedignas.com.mx\\\/#organization\"},\"image\":{\"@id\":\"https:\\\/\\\/fuentesfidedignas.com.mx\\\/index.php\\\/2023\\\/08\\\/14\\\/aseguran-en-sonora-a-62-migrantes-de-centroamerica-africa-y-asia\\\/#primaryimage\"},\"thumbnailUrl\":\"https:\\\/\\\/fuentesfidedignas.com.mx\\\/wp-content\\\/uploads\\\/2023\\\/08\\\/migrantes-asegurados-en-sonora.jpg\",\"articleSection\":[\"NOTICIAS NACIONALES\"],\"inLanguage\":\"es\",\"potentialAction\":[{\"@type\":\"CommentAction\",\"name\":\"Comment\",\"target\":[\"https:\\\/\\\/fuentesfidedignas.com.mx\\\/index.php\\\/2023\\\/08\\\/14\\\/aseguran-en-sonora-a-62-migrantes-de-centroamerica-africa-y-asia\\\/#respond\"]}]},{\"@type\":\"WebPage\",\"@id\":\"https:\\\/\\\/fuentesfidedignas.com.mx\\\/index.php\\\/2023\\\/08\\\/14\\\/aseguran-en-sonora-a-62-migrantes-de-centroamerica-africa-y-asia\\\/\",\"url\":\"https:\\\/\\\/fuentesfidedignas.com.mx\\\/index.php\\\/2023\\\/08\\\/14\\\/aseguran-en-sonora-a-62-migrantes-de-centroamerica-africa-y-asia\\\/\",\"name\":\"Aseguran en Sonora a 62 migrantes de Centroam\u00e9rica, \u00c1frica y Asia - Fuentes Fidedignas\",\"isPartOf\":{\"@id\":\"https:\\\/\\\/fuentesfidedignas.com.mx\\\/#website\"},\"primaryImageOfPage\":{\"@id\":\"https:\\\/\\\/fuentesfidedignas.com.mx\\\/index.php\\\/2023\\\/08\\\/14\\\/aseguran-en-sonora-a-62-migrantes-de-centroamerica-africa-y-asia\\\/#primaryimage\"},\"image\":{\"@id\":\"https:\\\/\\\/fuentesfidedignas.com.mx\\\/index.php\\\/2023\\\/08\\\/14\\\/aseguran-en-sonora-a-62-migrantes-de-centroamerica-africa-y-asia\\\/#primaryimage\"},\"thumbnailUrl\":\"https:\\\/\\\/fuentesfidedignas.com.mx\\\/wp-content\\\/uploads\\\/2023\\\/08\\\/migrantes-asegurados-en-sonora.jpg\",\"datePublished\":\"2023-08-14T16:44:37+00:00\",\"dateModified\":\"2023-08-14T16:46:07+00:00\",\"breadcrumb\":{\"@id\":\"https:\\\/\\\/fuentesfidedignas.com.mx\\\/index.php\\\/2023\\\/08\\\/14\\\/aseguran-en-sonora-a-62-migrantes-de-centroamerica-africa-y-asia\\\/#breadcrumb\"},\"inLanguage\":\"es\",\"potentialAction\":[{\"@type\":\"ReadAction\",\"target\":[\"https:\\\/\\\/fuentesfidedignas.com.mx\\\/index.php\\\/2023\\\/08\\\/14\\\/aseguran-en-sonora-a-62-migrantes-de-centroamerica-africa-y-asia\\\/\"]}]},{\"@type\":\"ImageObject\",\"inLanguage\":\"es\",\"@id\":\"https:\\\/\\\/fuentesfidedignas.com.mx\\\/index.php\\\/2023\\\/08\\\/14\\\/aseguran-en-sonora-a-62-migrantes-de-centroamerica-africa-y-asia\\\/#primaryimage\",\"url\":\"https:\\\/\\\/fuentesfidedignas.com.mx\\\/wp-content\\\/uploads\\\/2023\\\/08\\\/migrantes-asegurados-en-sonora.jpg\",\"contentUrl\":\"https:\\\/\\\/fuentesfidedignas.com.mx\\\/wp-content\\\/uploads\\\/2023\\\/08\\\/migrantes-asegurados-en-sonora.jpg\",\"width\":1600,\"height\":900},{\"@type\":\"BreadcrumbList\",\"@id\":\"https:\\\/\\\/fuentesfidedignas.com.mx\\\/index.php\\\/2023\\\/08\\\/14\\\/aseguran-en-sonora-a-62-migrantes-de-centroamerica-africa-y-asia\\\/#breadcrumb\",\"itemListElement\":[{\"@type\":\"ListItem\",\"position\":1,\"name\":\"Inicio\",\"item\":\"https:\\\/\\\/fuentesfidedignas.com.mx\\\/\"},{\"@type\":\"ListItem\",\"position\":2,\"name\":\"Aseguran en Sonora a 62 migrantes de Centroam\u00e9rica, \u00c1frica y Asia\"}]},{\"@type\":\"WebSite\",\"@id\":\"https:\\\/\\\/fuentesfidedignas.com.mx\\\/#website\",\"url\":\"https:\\\/\\\/fuentesfidedignas.com.mx\\\/\",\"name\":\"Fuentes Fidedignas\",\"description\":\"Otro sitio realizado con WordPress\",\"publisher\":{\"@id\":\"https:\\\/\\\/fuentesfidedignas.com.mx\\\/#organization\"},\"potentialAction\":[{\"@type\":\"SearchAction\",\"target\":{\"@type\":\"EntryPoint\",\"urlTemplate\":\"https:\\\/\\\/fuentesfidedignas.com.mx\\\/?s={search_term_string}\"},\"query-input\":{\"@type\":\"PropertyValueSpecification\",\"valueRequired\":true,\"valueName\":\"search_term_string\"}}],\"inLanguage\":\"es\"},{\"@type\":\"Organization\",\"@id\":\"https:\\\/\\\/fuentesfidedignas.com.mx\\\/#organization\",\"name\":\"Fuentes Fidedignas\",\"url\":\"https:\\\/\\\/fuentesfidedignas.com.mx\\\/\",\"logo\":{\"@type\":\"ImageObject\",\"inLanguage\":\"es\",\"@id\":\"https:\\\/\\\/fuentesfidedignas.com.mx\\\/#\\\/schema\\\/logo\\\/image\\\/\",\"url\":\"https:\\\/\\\/fuentesfidedignas.com.mx\\\/wp-content\\\/uploads\\\/2021\\\/04\\\/logo-retina.png\",\"contentUrl\":\"https:\\\/\\\/fuentesfidedignas.com.mx\\\/wp-content\\\/uploads\\\/2021\\\/04\\\/logo-retina.png\",\"width\":280,\"height\":51,\"caption\":\"Fuentes Fidedignas\"},\"image\":{\"@id\":\"https:\\\/\\\/fuentesfidedignas.com.mx\\\/#\\\/schema\\\/logo\\\/image\\\/\"},\"sameAs\":[\"https:\\\/\\\/www.facebook.com\\\/Fuentes-Fidedignas-368234489921644\",\"https:\\\/\\\/x.com\\\/fidedignas\"]},{\"@type\":\"Person\",\"@id\":\"https:\\\/\\\/fuentesfidedignas.com.mx\\\/#\\\/schema\\\/person\\\/67d852f0557c8509146a4b9ddebd543a\",\"name\":\"L\u00f3pez D\u00f3riga\",\"image\":{\"@type\":\"ImageObject\",\"inLanguage\":\"es\",\"@id\":\"https:\\\/\\\/secure.gravatar.com\\\/avatar\\\/e525b06574ca18b33cded59dfe5778d6c823b9513154eff47da551b0551bdd1e?s=96&d=mm&r=g\",\"url\":\"https:\\\/\\\/secure.gravatar.com\\\/avatar\\\/e525b06574ca18b33cded59dfe5778d6c823b9513154eff47da551b0551bdd1e?s=96&d=mm&r=g\",\"contentUrl\":\"https:\\\/\\\/secure.gravatar.com\\\/avatar\\\/e525b06574ca18b33cded59dfe5778d6c823b9513154eff47da551b0551bdd1e?s=96&d=mm&r=g\",\"caption\":\"L\u00f3pez D\u00f3riga\"},\"url\":\"https:\\\/\\\/fuentesfidedignas.com.mx\\\/index.php\\\/author\\\/doriga\\\/\"}]}<\/script>\n<!-- \/ Yoast SEO plugin. -->","yoast_head_json":{"title":"Aseguran en Sonora a 62 migrantes de Centroam\u00e9rica, \u00c1frica y Asia - Fuentes Fidedignas","robots":{"index":"index","follow":"follow","max-snippet":"max-snippet:-1","max-image-preview":"max-image-preview:large","max-video-preview":"max-video-preview:-1"},"canonical":"https:\/\/fuentesfidedignas.com.mx\/index.php\/2023\/08\/14\/aseguran-en-sonora-a-62-migrantes-de-centroamerica-africa-y-asia\/","og_locale":"es_MX","og_type":"article","og_title":"Aseguran en Sonora a 62 migrantes de Centroam\u00e9rica, \u00c1frica y Asia - Fuentes Fidedignas","og_description":"La Guardia Nacional y el INM aseguraron en Sonora a 41 hombres, 21 mujeres y 4 menores de edad migrantes indocumentados Sonora.Unos 62 migrantes fueron asegurados en Sonora, al viajar sobre la carretera Hermosillo-Nogales. Los extranjeros circulaban a bordo de seis autobuses de pasajeros, mismos que fueron detenidos por la Guardia Nacional para una revisi\u00f3n [&hellip;]","og_url":"https:\/\/fuentesfidedignas.com.mx\/index.php\/2023\/08\/14\/aseguran-en-sonora-a-62-migrantes-de-centroamerica-africa-y-asia\/","og_site_name":"Fuentes Fidedignas","article_publisher":"https:\/\/www.facebook.com\/Fuentes-Fidedignas-368234489921644","article_published_time":"2023-08-14T16:44:37+00:00","article_modified_time":"2023-08-14T16:46:07+00:00","og_image":[{"width":1600,"height":900,"url":"https:\/\/fuentesfidedignas.com.mx\/wp-content\/uploads\/2023\/08\/migrantes-asegurados-en-sonora.jpg","type":"image\/jpeg"}],"author":"L\u00f3pez D\u00f3riga","twitter_card":"summary_large_image","twitter_creator":"@fidedignas","twitter_site":"@fidedignas","twitter_misc":{"Escrito por":"L\u00f3pez D\u00f3riga","Tiempo de lectura":"1 minuto"},"schema":{"@context":"https:\/\/schema.org","@graph":[{"@type":"Article","@id":"https:\/\/fuentesfidedignas.com.mx\/index.php\/2023\/08\/14\/aseguran-en-sonora-a-62-migrantes-de-centroamerica-africa-y-asia\/#article","isPartOf":{"@id":"https:\/\/fuentesfidedignas.com.mx\/index.php\/2023\/08\/14\/aseguran-en-sonora-a-62-migrantes-de-centroamerica-africa-y-asia\/"},"author":{"name":"L\u00f3pez D\u00f3riga","@id":"https:\/\/fuentesfidedignas.com.mx\/#\/schema\/person\/67d852f0557c8509146a4b9ddebd543a"},"headline":"Aseguran en Sonora a 62 migrantes de Centroam\u00e9rica, \u00c1frica y Asia","datePublished":"2023-08-14T16:44:37+00:00","dateModified":"2023-08-14T16:46:07+00:00","mainEntityOfPage":{"@id":"https:\/\/fuentesfidedignas.com.mx\/index.php\/2023\/08\/14\/aseguran-en-sonora-a-62-migrantes-de-centroamerica-africa-y-asia\/"},"wordCount":168,"commentCount":0,"publisher":{"@id":"https:\/\/fuentesfidedignas.com.mx\/#organization"},"image":{"@id":"https:\/\/fuentesfidedignas.com.mx\/index.php\/2023\/08\/14\/aseguran-en-sonora-a-62-migrantes-de-centroamerica-africa-y-asia\/#primaryimage"},"thumbnailUrl":"https:\/\/fuentesfidedignas.com.mx\/wp-content\/uploads\/2023\/08\/migrantes-asegurados-en-sonora.jpg","articleSection":["NOTICIAS NACIONALES"],"inLanguage":"es","potentialAction":[{"@type":"CommentAction","name":"Comment","target":["https:\/\/fuentesfidedignas.com.mx\/index.php\/2023\/08\/14\/aseguran-en-sonora-a-62-migrantes-de-centroamerica-africa-y-asia\/#respond"]}]},{"@type":"WebPage","@id":"https:\/\/fuentesfidedignas.com.mx\/index.php\/2023\/08\/14\/aseguran-en-sonora-a-62-migrantes-de-centroamerica-africa-y-asia\/","url":"https:\/\/fuentesfidedignas.com.mx\/index.php\/2023\/08\/14\/aseguran-en-sonora-a-62-migrantes-de-centroamerica-africa-y-asia\/","name":"Aseguran en Sonora a 62 migrantes de Centroam\u00e9rica, \u00c1frica y Asia - Fuentes Fidedignas","isPartOf":{"@id":"https:\/\/fuentesfidedignas.com.mx\/#website"},"primaryImageOfPage":{"@id":"https:\/\/fuentesfidedignas.com.mx\/index.php\/2023\/08\/14\/aseguran-en-sonora-a-62-migrantes-de-centroamerica-africa-y-asia\/#primaryimage"},"image":{"@id":"https:\/\/fuentesfidedignas.com.mx\/index.php\/2023\/08\/14\/aseguran-en-sonora-a-62-migrantes-de-centroamerica-africa-y-asia\/#primaryimage"},"thumbnailUrl":"https:\/\/fuentesfidedignas.com.mx\/wp-content\/uploads\/2023\/08\/migrantes-asegurados-en-sonora.jpg","datePublished":"2023-08-14T16:44:37+00:00","dateModified":"2023-08-14T16:46:07+00:00","breadcrumb":{"@id":"https:\/\/fuentesfidedignas.com.mx\/index.php\/2023\/08\/14\/aseguran-en-sonora-a-62-migrantes-de-centroamerica-africa-y-asia\/#breadcrumb"},"inLanguage":"es","potentialAction":[{"@type":"ReadAction","target":["https:\/\/fuentesfidedignas.com.mx\/index.php\/2023\/08\/14\/aseguran-en-sonora-a-62-migrantes-de-centroamerica-africa-y-asia\/"]}]},{"@type":"ImageObject","inLanguage":"es","@id":"https:\/\/fuentesfidedignas.com.mx\/index.php\/2023\/08\/14\/aseguran-en-sonora-a-62-migrantes-de-centroamerica-africa-y-asia\/#primaryimage","url":"https:\/\/fuentesfidedignas.com.mx\/wp-content\/uploads\/2023\/08\/migrantes-asegurados-en-sonora.jpg","contentUrl":"https:\/\/fuentesfidedignas.com.mx\/wp-content\/uploads\/2023\/08\/migrantes-asegurados-en-sonora.jpg","width":1600,"height":900},{"@type":"BreadcrumbList","@id":"https:\/\/fuentesfidedignas.com.mx\/index.php\/2023\/08\/14\/aseguran-en-sonora-a-62-migrantes-de-centroamerica-africa-y-asia\/#breadcrumb","itemListElement":[{"@type":"ListItem","position":1,"name":"Inicio","item":"https:\/\/fuentesfidedignas.com.mx\/"},{"@type":"ListItem","position":2,"name":"Aseguran en Sonora a 62 migrantes de Centroam\u00e9rica, \u00c1frica y Asia"}]},{"@type":"WebSite","@id":"https:\/\/fuentesfidedignas.com.mx\/#website","url":"https:\/\/fuentesfidedignas.com.mx\/","name":"Fuentes Fidedignas","description":"Otro sitio realizado con WordPress","publisher":{"@id":"https:\/\/fuentesfidedignas.com.mx\/#organization"},"potentialAction":[{"@type":"SearchAction","target":{"@type":"EntryPoint","urlTemplate":"https:\/\/fuentesfidedignas.com.mx\/?s={search_term_string}"},"query-input":{"@type":"PropertyValueSpecification","valueRequired":true,"valueName":"search_term_string"}}],"inLanguage":"es"},{"@type":"Organization","@id":"https:\/\/fuentesfidedignas.com.mx\/#organization","name":"Fuentes Fidedignas","url":"https:\/\/fuentesfidedignas.com.mx\/","logo":{"@type":"ImageObject","inLanguage":"es","@id":"https:\/\/fuentesfidedignas.com.mx\/#\/schema\/logo\/image\/","url":"https:\/\/fuentesfidedignas.com.mx\/wp-content\/uploads\/2021\/04\/logo-retina.png","contentUrl":"https:\/\/fuentesfidedignas.com.mx\/wp-content\/uploads\/2021\/04\/logo-retina.png","width":280,"height":51,"caption":"Fuentes Fidedignas"},"image":{"@id":"https:\/\/fuentesfidedignas.com.mx\/#\/schema\/logo\/image\/"},"sameAs":["https:\/\/www.facebook.com\/Fuentes-Fidedignas-368234489921644","https:\/\/x.com\/fidedignas"]},{"@type":"Person","@id":"https:\/\/fuentesfidedignas.com.mx\/#\/schema\/person\/67d852f0557c8509146a4b9ddebd543a","name":"L\u00f3pez D\u00f3riga","image":{"@type":"ImageObject","inLanguage":"es","@id":"https:\/\/secure.gravatar.com\/avatar\/e525b06574ca18b33cded59dfe5778d6c823b9513154eff47da551b0551bdd1e?s=96&d=mm&r=g","url":"https:\/\/secure.gravatar.com\/avatar\/e525b06574ca18b33cded59dfe5778d6c823b9513154eff47da551b0551bdd1e?s=96&d=mm&r=g","contentUrl":"https:\/\/secure.gravatar.com\/avatar\/e525b06574ca18b33cded59dfe5778d6c823b9513154eff47da551b0551bdd1e?s=96&d=mm&r=g","caption":"L\u00f3pez D\u00f3riga"},"url":"https:\/\/fuentesfidedignas.com.mx\/index.php\/author\/doriga\/"}]}},"_links":{"self":[{"href":"https:\/\/fuentesfidedignas.com.mx\/index.php\/wp-json\/wp\/v2\/posts\/55370","targetHints":{"allow":["GET"]}}],"collection":[{"href":"https:\/\/fuentesfidedignas.com.mx\/index.php\/wp-json\/wp\/v2\/posts"}],"about":[{"href":"https:\/\/fuentesfidedignas.com.mx\/index.php\/wp-json\/wp\/v2\/types\/post"}],"author":[{"embeddable":true,"href":"https:\/\/fuentesfidedignas.com.mx\/index.php\/wp-json\/wp\/v2\/users\/47"}],"replies":[{"embeddable":true,"href":"https:\/\/fuentesfidedignas.com.mx\/index.php\/wp-json\/wp\/v2\/comments?post=55370"}],"version-history":[{"count":1,"href":"https:\/\/fuentesfidedignas.com.mx\/index.php\/wp-json\/wp\/v2\/posts\/55370\/revisions"}],"predecessor-version":[{"id":55371,"href":"https:\/\/fuentesfidedignas.com.mx\/index.php\/wp-json\/wp\/v2\/posts\/55370\/revisions\/55371"}],"wp:featuredmedia":[{"embeddable":true,"href":"https:\/\/fuentesfidedignas.com.mx\/index.php\/wp-json\/wp\/v2\/media\/55372"}],"wp:attachment":[{"href":"https:\/\/fuentesfidedignas.com.mx\/index.php\/wp-json\/wp\/v2\/media?parent=55370"}],"wp:term":[{"taxonomy":"category","embeddable":true,"href":"https:\/\/fuentesfidedignas.com.mx\/index.php\/wp-json\/wp\/v2\/categories?post=55370"},{"taxonomy":"post_tag","embeddable":true,"href":"https:\/\/fuentesfidedignas.com.mx\/index.php\/wp-json\/wp\/v2\/tags?post=55370"}],"curies":[{"name":"wp","href":"https:\/\/api.w.org\/{rel}","templated":true}]}}