{"id":55367,"date":"2023-08-14T09:18:32","date_gmt":"2023-08-14T16:18:32","guid":{"rendered":"https:\/\/fuentesfidedignas.com.mx\/?p=55367"},"modified":"2023-08-14T09:45:40","modified_gmt":"2023-08-14T16:45:40","slug":"se-cancela-pelea-entre-musk-y-zuckerberg-el-dueno-de-tesla-es-poco-serio-acusa-el-ceo-de-meta","status":"publish","type":"post","link":"https:\/\/fuentesfidedignas.com.mx\/index.php\/2023\/08\/14\/se-cancela-pelea-entre-musk-y-zuckerberg-el-dueno-de-tesla-es-poco-serio-acusa-el-ceo-de-meta\/","title":{"rendered":"\u00a1Se cancela pelea entre Musk y Zuckerberg! El due\u00f1o de Tesla es poco serio, acusa el CEO de Meta"},"content":{"rendered":"\n<p><br><strong><em>Luego de semanas, Mark Zuckerberg ha decidido dejar de lado la pelea con Elon Musk ante la falta de seriedad por parte del due\u00f1o de Tesla quien no tiene inter\u00e9s de poner fecha exacta<\/em><\/strong><\/p>\n\n\n\n<p>Estados Unidos. La ansiada pelea entre Elon Musk y Mark Zuckerberg no se realizar\u00e1, al menos no en las pr\u00f3ximas semanas luego de que el due\u00f1o de Facebook indic\u00f3 que el creador de Tesla no se ha tomado el reto en serio.<\/p>\n\n\n\n<p>Zuckerberg y Musk hab\u00edan estado durante semanas hablando de realizar un combate de artes marciales mixtas y mientras los preparativos avanzaban parec\u00eda en claro que hab\u00eda una parte m\u00e1s enfocada en la lucha respecto a otra.<\/p>\n\n\n\n<p>Mientras que el due\u00f1o de Twitter daba a conocer que el combate ser\u00eda ben\u00e9fico y se transmitir\u00eda en la renombrada plataforma X, el CEO de Meta daba a conocer una fecha tentativa, el 26 de agosto y solo esperaba la respuesta de su contrincante, la cual nunca lleg\u00f3.<\/p>\n\n\n\n<p>Esta situaci\u00f3n ha llevado a que Zuckerberg diera por terminada la intenci\u00f3n inmediata de disputar el combate, as\u00ed lo ha informado \u00e9l mismo en su cuenta de Threads, donde ha explicado las excusas que ha dado Musk para evitar concretar la lucha en el oct\u00e1gono, esto a pesar de que Dana White, presidente de UFC, ha ofrecido su apoyo.<\/p>\n\n\n\n<blockquote class=\"wp-block-quote is-layout-flow wp-block-quote-is-layout-flow\">\n<p>\u201cCreo que todos podemos estar de acuerdo en que Elon no habla en serio y es hora de seguir adelante. Le ofrec\u00ed una fecha real. Dana White se ofreci\u00f3 a hacer de esta una competencia leg\u00edtima con fines ben\u00e9ficos. Elon no confirma una fecha, luego dice que necesita cirug\u00eda y ahora pide hacer una ronda de pr\u00e1ctica en mi patio trasero\u201d, expres\u00f3 el directivo de Meta.<\/p>\n<\/blockquote>\n\n\n\n<p>Sin embargo, el creador de Facebook dej\u00f3 abierta la puerta por si, alg\u00fan d\u00eda, Musk se toma las cosas en serio.<\/p>\n\n\n\n<blockquote class=\"wp-block-quote is-layout-flow wp-block-quote-is-layout-flow\">\n<p>\u201cSi Elon alguna vez se toma en serio una fecha real y un evento oficial, sabe c\u00f3mo comunicarse conmigo. De lo contrario, es hora de seguir adelante. Me voy a centrar en competir con gente que se toma el deporte en serio\u201d.<\/p>\n<\/blockquote>\n","protected":false},"excerpt":{"rendered":"<p>Luego de semanas, Mark Zuckerberg ha decidido dejar de lado la pelea con Elon Musk ante la falta de seriedad por parte del due\u00f1o de Tesla quien no tiene inter\u00e9s de poner fecha exacta Estados Unidos. La ansiada pelea entre Elon Musk y Mark Zuckerberg no se realizar\u00e1, al menos no en las pr\u00f3ximas semanas [&hellip;]<\/p>\n","protected":false},"author":7,"featured_media":55369,"comment_status":"open","ping_status":"open","sticky":false,"template":"","format":"standard","meta":{"tdm_status":"","tdm_grid_status":"","footnotes":""},"categories":[39,1],"tags":[],"class_list":{"0":"post-55367","1":"post","2":"type-post","3":"status-publish","4":"format-standard","5":"has-post-thumbnail","7":"category-noticias-nacionales","8":"category-sin-categoria"},"yoast_head":"<!-- This site is optimized with the Yoast SEO plugin v27.5 - https:\/\/yoast.com\/product\/yoast-seo-wordpress\/ -->\n<title>\u00a1Se cancela pelea entre Musk y Zuckerberg! El due\u00f1o de Tesla es poco serio, acusa el CEO de Meta - Fuentes Fidedignas<\/title>\n<meta name=\"robots\" content=\"index, follow, max-snippet:-1, max-image-preview:large, max-video-preview:-1\" \/>\n<link rel=\"canonical\" href=\"https:\/\/fuentesfidedignas.com.mx\/index.php\/2023\/08\/14\/se-cancela-pelea-entre-musk-y-zuckerberg-el-dueno-de-tesla-es-poco-serio-acusa-el-ceo-de-meta\/\" \/>\n<meta property=\"og:locale\" content=\"es_MX\" \/>\n<meta property=\"og:type\" content=\"article\" \/>\n<meta property=\"og:title\" content=\"\u00a1Se cancela pelea entre Musk y Zuckerberg! El due\u00f1o de Tesla es poco serio, acusa el CEO de Meta - Fuentes Fidedignas\" \/>\n<meta property=\"og:description\" content=\"Luego de semanas, Mark Zuckerberg ha decidido dejar de lado la pelea con Elon Musk ante la falta de seriedad por parte del due\u00f1o de Tesla quien no tiene inter\u00e9s de poner fecha exacta Estados Unidos. La ansiada pelea entre Elon Musk y Mark Zuckerberg no se realizar\u00e1, al menos no en las pr\u00f3ximas semanas [&hellip;]\" \/>\n<meta property=\"og:url\" content=\"https:\/\/fuentesfidedignas.com.mx\/index.php\/2023\/08\/14\/se-cancela-pelea-entre-musk-y-zuckerberg-el-dueno-de-tesla-es-poco-serio-acusa-el-ceo-de-meta\/\" \/>\n<meta property=\"og:site_name\" content=\"Fuentes Fidedignas\" \/>\n<meta property=\"article:publisher\" content=\"https:\/\/www.facebook.com\/Fuentes-Fidedignas-368234489921644\" \/>\n<meta property=\"article:published_time\" content=\"2023-08-14T16:18:32+00:00\" \/>\n<meta property=\"article:modified_time\" content=\"2023-08-14T16:45:40+00:00\" \/>\n<meta property=\"og:image\" content=\"https:\/\/fuentesfidedignas.com.mx\/wp-content\/uploads\/2023\/08\/2991781.jpg\" \/>\n\t<meta property=\"og:image:width\" content=\"800\" \/>\n\t<meta property=\"og:image:height\" content=\"600\" \/>\n\t<meta property=\"og:image:type\" content=\"image\/jpeg\" \/>\n<meta name=\"author\" content=\"Exc\u00e9lsior\" \/>\n<meta name=\"twitter:card\" content=\"summary_large_image\" \/>\n<meta name=\"twitter:creator\" content=\"@fidedignas\" \/>\n<meta name=\"twitter:site\" content=\"@fidedignas\" \/>\n<meta name=\"twitter:label1\" content=\"Escrito por\" \/>\n\t<meta name=\"twitter:data1\" content=\"Exc\u00e9lsior\" \/>\n\t<meta name=\"twitter:label2\" content=\"Tiempo de lectura\" \/>\n\t<meta name=\"twitter:data2\" content=\"2 minutos\" \/>\n<script type=\"application\/ld+json\" class=\"yoast-schema-graph\">{\"@context\":\"https:\\\/\\\/schema.org\",\"@graph\":[{\"@type\":\"Article\",\"@id\":\"https:\\\/\\\/fuentesfidedignas.com.mx\\\/index.php\\\/2023\\\/08\\\/14\\\/se-cancela-pelea-entre-musk-y-zuckerberg-el-dueno-de-tesla-es-poco-serio-acusa-el-ceo-de-meta\\\/#article\",\"isPartOf\":{\"@id\":\"https:\\\/\\\/fuentesfidedignas.com.mx\\\/index.php\\\/2023\\\/08\\\/14\\\/se-cancela-pelea-entre-musk-y-zuckerberg-el-dueno-de-tesla-es-poco-serio-acusa-el-ceo-de-meta\\\/\"},\"author\":{\"name\":\"Exc\u00e9lsior\",\"@id\":\"https:\\\/\\\/fuentesfidedignas.com.mx\\\/#\\\/schema\\\/person\\\/ec4edd1fbf5efa3e44fce34fe2787780\"},\"headline\":\"\u00a1Se cancela pelea entre Musk y Zuckerberg! El due\u00f1o de Tesla es poco serio, acusa el CEO de Meta\",\"datePublished\":\"2023-08-14T16:18:32+00:00\",\"dateModified\":\"2023-08-14T16:45:40+00:00\",\"mainEntityOfPage\":{\"@id\":\"https:\\\/\\\/fuentesfidedignas.com.mx\\\/index.php\\\/2023\\\/08\\\/14\\\/se-cancela-pelea-entre-musk-y-zuckerberg-el-dueno-de-tesla-es-poco-serio-acusa-el-ceo-de-meta\\\/\"},\"wordCount\":389,\"commentCount\":0,\"publisher\":{\"@id\":\"https:\\\/\\\/fuentesfidedignas.com.mx\\\/#organization\"},\"image\":{\"@id\":\"https:\\\/\\\/fuentesfidedignas.com.mx\\\/index.php\\\/2023\\\/08\\\/14\\\/se-cancela-pelea-entre-musk-y-zuckerberg-el-dueno-de-tesla-es-poco-serio-acusa-el-ceo-de-meta\\\/#primaryimage\"},\"thumbnailUrl\":\"https:\\\/\\\/fuentesfidedignas.com.mx\\\/wp-content\\\/uploads\\\/2023\\\/08\\\/2991781.jpg\",\"articleSection\":[\"NOTICIAS NACIONALES\"],\"inLanguage\":\"es\",\"potentialAction\":[{\"@type\":\"CommentAction\",\"name\":\"Comment\",\"target\":[\"https:\\\/\\\/fuentesfidedignas.com.mx\\\/index.php\\\/2023\\\/08\\\/14\\\/se-cancela-pelea-entre-musk-y-zuckerberg-el-dueno-de-tesla-es-poco-serio-acusa-el-ceo-de-meta\\\/#respond\"]}]},{\"@type\":\"WebPage\",\"@id\":\"https:\\\/\\\/fuentesfidedignas.com.mx\\\/index.php\\\/2023\\\/08\\\/14\\\/se-cancela-pelea-entre-musk-y-zuckerberg-el-dueno-de-tesla-es-poco-serio-acusa-el-ceo-de-meta\\\/\",\"url\":\"https:\\\/\\\/fuentesfidedignas.com.mx\\\/index.php\\\/2023\\\/08\\\/14\\\/se-cancela-pelea-entre-musk-y-zuckerberg-el-dueno-de-tesla-es-poco-serio-acusa-el-ceo-de-meta\\\/\",\"name\":\"\u00a1Se cancela pelea entre Musk y Zuckerberg! El due\u00f1o de Tesla es poco serio, acusa el CEO de Meta - Fuentes Fidedignas\",\"isPartOf\":{\"@id\":\"https:\\\/\\\/fuentesfidedignas.com.mx\\\/#website\"},\"primaryImageOfPage\":{\"@id\":\"https:\\\/\\\/fuentesfidedignas.com.mx\\\/index.php\\\/2023\\\/08\\\/14\\\/se-cancela-pelea-entre-musk-y-zuckerberg-el-dueno-de-tesla-es-poco-serio-acusa-el-ceo-de-meta\\\/#primaryimage\"},\"image\":{\"@id\":\"https:\\\/\\\/fuentesfidedignas.com.mx\\\/index.php\\\/2023\\\/08\\\/14\\\/se-cancela-pelea-entre-musk-y-zuckerberg-el-dueno-de-tesla-es-poco-serio-acusa-el-ceo-de-meta\\\/#primaryimage\"},\"thumbnailUrl\":\"https:\\\/\\\/fuentesfidedignas.com.mx\\\/wp-content\\\/uploads\\\/2023\\\/08\\\/2991781.jpg\",\"datePublished\":\"2023-08-14T16:18:32+00:00\",\"dateModified\":\"2023-08-14T16:45:40+00:00\",\"breadcrumb\":{\"@id\":\"https:\\\/\\\/fuentesfidedignas.com.mx\\\/index.php\\\/2023\\\/08\\\/14\\\/se-cancela-pelea-entre-musk-y-zuckerberg-el-dueno-de-tesla-es-poco-serio-acusa-el-ceo-de-meta\\\/#breadcrumb\"},\"inLanguage\":\"es\",\"potentialAction\":[{\"@type\":\"ReadAction\",\"target\":[\"https:\\\/\\\/fuentesfidedignas.com.mx\\\/index.php\\\/2023\\\/08\\\/14\\\/se-cancela-pelea-entre-musk-y-zuckerberg-el-dueno-de-tesla-es-poco-serio-acusa-el-ceo-de-meta\\\/\"]}]},{\"@type\":\"ImageObject\",\"inLanguage\":\"es\",\"@id\":\"https:\\\/\\\/fuentesfidedignas.com.mx\\\/index.php\\\/2023\\\/08\\\/14\\\/se-cancela-pelea-entre-musk-y-zuckerberg-el-dueno-de-tesla-es-poco-serio-acusa-el-ceo-de-meta\\\/#primaryimage\",\"url\":\"https:\\\/\\\/fuentesfidedignas.com.mx\\\/wp-content\\\/uploads\\\/2023\\\/08\\\/2991781.jpg\",\"contentUrl\":\"https:\\\/\\\/fuentesfidedignas.com.mx\\\/wp-content\\\/uploads\\\/2023\\\/08\\\/2991781.jpg\",\"width\":800,\"height\":600},{\"@type\":\"BreadcrumbList\",\"@id\":\"https:\\\/\\\/fuentesfidedignas.com.mx\\\/index.php\\\/2023\\\/08\\\/14\\\/se-cancela-pelea-entre-musk-y-zuckerberg-el-dueno-de-tesla-es-poco-serio-acusa-el-ceo-de-meta\\\/#breadcrumb\",\"itemListElement\":[{\"@type\":\"ListItem\",\"position\":1,\"name\":\"Inicio\",\"item\":\"https:\\\/\\\/fuentesfidedignas.com.mx\\\/\"},{\"@type\":\"ListItem\",\"position\":2,\"name\":\"\u00a1Se cancela pelea entre Musk y Zuckerberg! El due\u00f1o de Tesla es poco serio, acusa el CEO de Meta\"}]},{\"@type\":\"WebSite\",\"@id\":\"https:\\\/\\\/fuentesfidedignas.com.mx\\\/#website\",\"url\":\"https:\\\/\\\/fuentesfidedignas.com.mx\\\/\",\"name\":\"Fuentes Fidedignas\",\"description\":\"Otro sitio realizado con WordPress\",\"publisher\":{\"@id\":\"https:\\\/\\\/fuentesfidedignas.com.mx\\\/#organization\"},\"potentialAction\":[{\"@type\":\"SearchAction\",\"target\":{\"@type\":\"EntryPoint\",\"urlTemplate\":\"https:\\\/\\\/fuentesfidedignas.com.mx\\\/?s={search_term_string}\"},\"query-input\":{\"@type\":\"PropertyValueSpecification\",\"valueRequired\":true,\"valueName\":\"search_term_string\"}}],\"inLanguage\":\"es\"},{\"@type\":\"Organization\",\"@id\":\"https:\\\/\\\/fuentesfidedignas.com.mx\\\/#organization\",\"name\":\"Fuentes Fidedignas\",\"url\":\"https:\\\/\\\/fuentesfidedignas.com.mx\\\/\",\"logo\":{\"@type\":\"ImageObject\",\"inLanguage\":\"es\",\"@id\":\"https:\\\/\\\/fuentesfidedignas.com.mx\\\/#\\\/schema\\\/logo\\\/image\\\/\",\"url\":\"https:\\\/\\\/fuentesfidedignas.com.mx\\\/wp-content\\\/uploads\\\/2021\\\/04\\\/logo-retina.png\",\"contentUrl\":\"https:\\\/\\\/fuentesfidedignas.com.mx\\\/wp-content\\\/uploads\\\/2021\\\/04\\\/logo-retina.png\",\"width\":280,\"height\":51,\"caption\":\"Fuentes Fidedignas\"},\"image\":{\"@id\":\"https:\\\/\\\/fuentesfidedignas.com.mx\\\/#\\\/schema\\\/logo\\\/image\\\/\"},\"sameAs\":[\"https:\\\/\\\/www.facebook.com\\\/Fuentes-Fidedignas-368234489921644\",\"https:\\\/\\\/x.com\\\/fidedignas\"]},{\"@type\":\"Person\",\"@id\":\"https:\\\/\\\/fuentesfidedignas.com.mx\\\/#\\\/schema\\\/person\\\/ec4edd1fbf5efa3e44fce34fe2787780\",\"name\":\"Exc\u00e9lsior\",\"image\":{\"@type\":\"ImageObject\",\"inLanguage\":\"es\",\"@id\":\"https:\\\/\\\/secure.gravatar.com\\\/avatar\\\/4b7ee9206b48be08447852b3f0814dbc7c0f3b51541b164f1464a2725614020b?s=96&d=mm&r=g\",\"url\":\"https:\\\/\\\/secure.gravatar.com\\\/avatar\\\/4b7ee9206b48be08447852b3f0814dbc7c0f3b51541b164f1464a2725614020b?s=96&d=mm&r=g\",\"contentUrl\":\"https:\\\/\\\/secure.gravatar.com\\\/avatar\\\/4b7ee9206b48be08447852b3f0814dbc7c0f3b51541b164f1464a2725614020b?s=96&d=mm&r=g\",\"caption\":\"Exc\u00e9lsior\"},\"url\":\"https:\\\/\\\/fuentesfidedignas.com.mx\\\/index.php\\\/author\\\/excelsior\\\/\"}]}<\/script>\n<!-- \/ Yoast SEO plugin. -->","yoast_head_json":{"title":"\u00a1Se cancela pelea entre Musk y Zuckerberg! El due\u00f1o de Tesla es poco serio, acusa el CEO de Meta - Fuentes Fidedignas","robots":{"index":"index","follow":"follow","max-snippet":"max-snippet:-1","max-image-preview":"max-image-preview:large","max-video-preview":"max-video-preview:-1"},"canonical":"https:\/\/fuentesfidedignas.com.mx\/index.php\/2023\/08\/14\/se-cancela-pelea-entre-musk-y-zuckerberg-el-dueno-de-tesla-es-poco-serio-acusa-el-ceo-de-meta\/","og_locale":"es_MX","og_type":"article","og_title":"\u00a1Se cancela pelea entre Musk y Zuckerberg! El due\u00f1o de Tesla es poco serio, acusa el CEO de Meta - Fuentes Fidedignas","og_description":"Luego de semanas, Mark Zuckerberg ha decidido dejar de lado la pelea con Elon Musk ante la falta de seriedad por parte del due\u00f1o de Tesla quien no tiene inter\u00e9s de poner fecha exacta Estados Unidos. La ansiada pelea entre Elon Musk y Mark Zuckerberg no se realizar\u00e1, al menos no en las pr\u00f3ximas semanas [&hellip;]","og_url":"https:\/\/fuentesfidedignas.com.mx\/index.php\/2023\/08\/14\/se-cancela-pelea-entre-musk-y-zuckerberg-el-dueno-de-tesla-es-poco-serio-acusa-el-ceo-de-meta\/","og_site_name":"Fuentes Fidedignas","article_publisher":"https:\/\/www.facebook.com\/Fuentes-Fidedignas-368234489921644","article_published_time":"2023-08-14T16:18:32+00:00","article_modified_time":"2023-08-14T16:45:40+00:00","og_image":[{"width":800,"height":600,"url":"https:\/\/fuentesfidedignas.com.mx\/wp-content\/uploads\/2023\/08\/2991781.jpg","type":"image\/jpeg"}],"author":"Exc\u00e9lsior","twitter_card":"summary_large_image","twitter_creator":"@fidedignas","twitter_site":"@fidedignas","twitter_misc":{"Escrito por":"Exc\u00e9lsior","Tiempo de lectura":"2 minutos"},"schema":{"@context":"https:\/\/schema.org","@graph":[{"@type":"Article","@id":"https:\/\/fuentesfidedignas.com.mx\/index.php\/2023\/08\/14\/se-cancela-pelea-entre-musk-y-zuckerberg-el-dueno-de-tesla-es-poco-serio-acusa-el-ceo-de-meta\/#article","isPartOf":{"@id":"https:\/\/fuentesfidedignas.com.mx\/index.php\/2023\/08\/14\/se-cancela-pelea-entre-musk-y-zuckerberg-el-dueno-de-tesla-es-poco-serio-acusa-el-ceo-de-meta\/"},"author":{"name":"Exc\u00e9lsior","@id":"https:\/\/fuentesfidedignas.com.mx\/#\/schema\/person\/ec4edd1fbf5efa3e44fce34fe2787780"},"headline":"\u00a1Se cancela pelea entre Musk y Zuckerberg! El due\u00f1o de Tesla es poco serio, acusa el CEO de Meta","datePublished":"2023-08-14T16:18:32+00:00","dateModified":"2023-08-14T16:45:40+00:00","mainEntityOfPage":{"@id":"https:\/\/fuentesfidedignas.com.mx\/index.php\/2023\/08\/14\/se-cancela-pelea-entre-musk-y-zuckerberg-el-dueno-de-tesla-es-poco-serio-acusa-el-ceo-de-meta\/"},"wordCount":389,"commentCount":0,"publisher":{"@id":"https:\/\/fuentesfidedignas.com.mx\/#organization"},"image":{"@id":"https:\/\/fuentesfidedignas.com.mx\/index.php\/2023\/08\/14\/se-cancela-pelea-entre-musk-y-zuckerberg-el-dueno-de-tesla-es-poco-serio-acusa-el-ceo-de-meta\/#primaryimage"},"thumbnailUrl":"https:\/\/fuentesfidedignas.com.mx\/wp-content\/uploads\/2023\/08\/2991781.jpg","articleSection":["NOTICIAS NACIONALES"],"inLanguage":"es","potentialAction":[{"@type":"CommentAction","name":"Comment","target":["https:\/\/fuentesfidedignas.com.mx\/index.php\/2023\/08\/14\/se-cancela-pelea-entre-musk-y-zuckerberg-el-dueno-de-tesla-es-poco-serio-acusa-el-ceo-de-meta\/#respond"]}]},{"@type":"WebPage","@id":"https:\/\/fuentesfidedignas.com.mx\/index.php\/2023\/08\/14\/se-cancela-pelea-entre-musk-y-zuckerberg-el-dueno-de-tesla-es-poco-serio-acusa-el-ceo-de-meta\/","url":"https:\/\/fuentesfidedignas.com.mx\/index.php\/2023\/08\/14\/se-cancela-pelea-entre-musk-y-zuckerberg-el-dueno-de-tesla-es-poco-serio-acusa-el-ceo-de-meta\/","name":"\u00a1Se cancela pelea entre Musk y Zuckerberg! El due\u00f1o de Tesla es poco serio, acusa el CEO de Meta - Fuentes Fidedignas","isPartOf":{"@id":"https:\/\/fuentesfidedignas.com.mx\/#website"},"primaryImageOfPage":{"@id":"https:\/\/fuentesfidedignas.com.mx\/index.php\/2023\/08\/14\/se-cancela-pelea-entre-musk-y-zuckerberg-el-dueno-de-tesla-es-poco-serio-acusa-el-ceo-de-meta\/#primaryimage"},"image":{"@id":"https:\/\/fuentesfidedignas.com.mx\/index.php\/2023\/08\/14\/se-cancela-pelea-entre-musk-y-zuckerberg-el-dueno-de-tesla-es-poco-serio-acusa-el-ceo-de-meta\/#primaryimage"},"thumbnailUrl":"https:\/\/fuentesfidedignas.com.mx\/wp-content\/uploads\/2023\/08\/2991781.jpg","datePublished":"2023-08-14T16:18:32+00:00","dateModified":"2023-08-14T16:45:40+00:00","breadcrumb":{"@id":"https:\/\/fuentesfidedignas.com.mx\/index.php\/2023\/08\/14\/se-cancela-pelea-entre-musk-y-zuckerberg-el-dueno-de-tesla-es-poco-serio-acusa-el-ceo-de-meta\/#breadcrumb"},"inLanguage":"es","potentialAction":[{"@type":"ReadAction","target":["https:\/\/fuentesfidedignas.com.mx\/index.php\/2023\/08\/14\/se-cancela-pelea-entre-musk-y-zuckerberg-el-dueno-de-tesla-es-poco-serio-acusa-el-ceo-de-meta\/"]}]},{"@type":"ImageObject","inLanguage":"es","@id":"https:\/\/fuentesfidedignas.com.mx\/index.php\/2023\/08\/14\/se-cancela-pelea-entre-musk-y-zuckerberg-el-dueno-de-tesla-es-poco-serio-acusa-el-ceo-de-meta\/#primaryimage","url":"https:\/\/fuentesfidedignas.com.mx\/wp-content\/uploads\/2023\/08\/2991781.jpg","contentUrl":"https:\/\/fuentesfidedignas.com.mx\/wp-content\/uploads\/2023\/08\/2991781.jpg","width":800,"height":600},{"@type":"BreadcrumbList","@id":"https:\/\/fuentesfidedignas.com.mx\/index.php\/2023\/08\/14\/se-cancela-pelea-entre-musk-y-zuckerberg-el-dueno-de-tesla-es-poco-serio-acusa-el-ceo-de-meta\/#breadcrumb","itemListElement":[{"@type":"ListItem","position":1,"name":"Inicio","item":"https:\/\/fuentesfidedignas.com.mx\/"},{"@type":"ListItem","position":2,"name":"\u00a1Se cancela pelea entre Musk y Zuckerberg! El due\u00f1o de Tesla es poco serio, acusa el CEO de Meta"}]},{"@type":"WebSite","@id":"https:\/\/fuentesfidedignas.com.mx\/#website","url":"https:\/\/fuentesfidedignas.com.mx\/","name":"Fuentes Fidedignas","description":"Otro sitio realizado con WordPress","publisher":{"@id":"https:\/\/fuentesfidedignas.com.mx\/#organization"},"potentialAction":[{"@type":"SearchAction","target":{"@type":"EntryPoint","urlTemplate":"https:\/\/fuentesfidedignas.com.mx\/?s={search_term_string}"},"query-input":{"@type":"PropertyValueSpecification","valueRequired":true,"valueName":"search_term_string"}}],"inLanguage":"es"},{"@type":"Organization","@id":"https:\/\/fuentesfidedignas.com.mx\/#organization","name":"Fuentes Fidedignas","url":"https:\/\/fuentesfidedignas.com.mx\/","logo":{"@type":"ImageObject","inLanguage":"es","@id":"https:\/\/fuentesfidedignas.com.mx\/#\/schema\/logo\/image\/","url":"https:\/\/fuentesfidedignas.com.mx\/wp-content\/uploads\/2021\/04\/logo-retina.png","contentUrl":"https:\/\/fuentesfidedignas.com.mx\/wp-content\/uploads\/2021\/04\/logo-retina.png","width":280,"height":51,"caption":"Fuentes Fidedignas"},"image":{"@id":"https:\/\/fuentesfidedignas.com.mx\/#\/schema\/logo\/image\/"},"sameAs":["https:\/\/www.facebook.com\/Fuentes-Fidedignas-368234489921644","https:\/\/x.com\/fidedignas"]},{"@type":"Person","@id":"https:\/\/fuentesfidedignas.com.mx\/#\/schema\/person\/ec4edd1fbf5efa3e44fce34fe2787780","name":"Exc\u00e9lsior","image":{"@type":"ImageObject","inLanguage":"es","@id":"https:\/\/secure.gravatar.com\/avatar\/4b7ee9206b48be08447852b3f0814dbc7c0f3b51541b164f1464a2725614020b?s=96&d=mm&r=g","url":"https:\/\/secure.gravatar.com\/avatar\/4b7ee9206b48be08447852b3f0814dbc7c0f3b51541b164f1464a2725614020b?s=96&d=mm&r=g","contentUrl":"https:\/\/secure.gravatar.com\/avatar\/4b7ee9206b48be08447852b3f0814dbc7c0f3b51541b164f1464a2725614020b?s=96&d=mm&r=g","caption":"Exc\u00e9lsior"},"url":"https:\/\/fuentesfidedignas.com.mx\/index.php\/author\/excelsior\/"}]}},"_links":{"self":[{"href":"https:\/\/fuentesfidedignas.com.mx\/index.php\/wp-json\/wp\/v2\/posts\/55367","targetHints":{"allow":["GET"]}}],"collection":[{"href":"https:\/\/fuentesfidedignas.com.mx\/index.php\/wp-json\/wp\/v2\/posts"}],"about":[{"href":"https:\/\/fuentesfidedignas.com.mx\/index.php\/wp-json\/wp\/v2\/types\/post"}],"author":[{"embeddable":true,"href":"https:\/\/fuentesfidedignas.com.mx\/index.php\/wp-json\/wp\/v2\/users\/7"}],"replies":[{"embeddable":true,"href":"https:\/\/fuentesfidedignas.com.mx\/index.php\/wp-json\/wp\/v2\/comments?post=55367"}],"version-history":[{"count":1,"href":"https:\/\/fuentesfidedignas.com.mx\/index.php\/wp-json\/wp\/v2\/posts\/55367\/revisions"}],"predecessor-version":[{"id":55368,"href":"https:\/\/fuentesfidedignas.com.mx\/index.php\/wp-json\/wp\/v2\/posts\/55367\/revisions\/55368"}],"wp:featuredmedia":[{"embeddable":true,"href":"https:\/\/fuentesfidedignas.com.mx\/index.php\/wp-json\/wp\/v2\/media\/55369"}],"wp:attachment":[{"href":"https:\/\/fuentesfidedignas.com.mx\/index.php\/wp-json\/wp\/v2\/media?parent=55367"}],"wp:term":[{"taxonomy":"category","embeddable":true,"href":"https:\/\/fuentesfidedignas.com.mx\/index.php\/wp-json\/wp\/v2\/categories?post=55367"},{"taxonomy":"post_tag","embeddable":true,"href":"https:\/\/fuentesfidedignas.com.mx\/index.php\/wp-json\/wp\/v2\/tags?post=55367"}],"curies":[{"name":"wp","href":"https:\/\/api.w.org\/{rel}","templated":true}]}}