{"id":55359,"date":"2023-08-14T10:00:44","date_gmt":"2023-08-14T17:00:44","guid":{"rendered":"https:\/\/fuentesfidedignas.com.mx\/?p=55359"},"modified":"2023-08-14T10:04:37","modified_gmt":"2023-08-14T17:04:37","slug":"acusa-gene-bojorquez-a-feliciano-castro-de-estar-utilizando-recursos-del-congreso-para-promocionarse","status":"publish","type":"post","link":"https:\/\/fuentesfidedignas.com.mx\/index.php\/2023\/08\/14\/acusa-gene-bojorquez-a-feliciano-castro-de-estar-utilizando-recursos-del-congreso-para-promocionarse\/","title":{"rendered":"Acusa Gene Boj\u00f3rquez a Feliciano Castro de utilizar recursos del Congreso para promocionarse"},"content":{"rendered":"\n<p><strong><em>Con un cartel en mando denunci\u00f3 que est\u00e1 entregando folletos con su imagen en diversas colonias de la capital sinaloense<\/em><\/strong><\/p>\n\n\n\n<p>Culiac\u00e1n, Sin.- El diputado local por el Partido Sinaloense (PAS), Gene Ren\u00e9 Boj\u00f3rquez Ruiz acus\u00f3 al presidente de la Junta de Coordinaci\u00f3n Pol\u00edtica de Congreso del Estado (Jucopo), Feliciano Castro Mel\u00e9ndrez de estar utilizando recursos del Congreso para promocionarse.<\/p>\n\n\n\n<p>Lo anterior, al se\u00f1alar que Castro Mel\u00e9ndrez est\u00e1 entregando folletos con su imagen en diversas colonias de la capital sinaloense.<\/p>\n\n\n\n<p>&#8220;Feliciano Castro ha estado entregando su imagen en diferentes colonias del estado, esto ya lo hemos estado se\u00f1alando que han estado desviando los recursos tanto &#8220;Cuco&#8221; \u00c1lvarez, que ya est\u00e1 denunciado ante el \u00f3rgano interno de control, que ya tiene una investigaci\u00f3n pendiente ante la Auditoria Superior del Estado (ASE)&#8221;, detall\u00f3.<\/p>\n\n\n\n<p>Boj\u00f3rquez Ruiz se\u00f1al\u00f3 que este despilfarro perjudica a la econom\u00eda de los sinaloense y da l\u00e1stima que se utilicen este tipo de panfletos, en donde tambi\u00e9n denosta a la Universidad Aut\u00f3noma de Sinaloa (UAS) cuando ya hay un ordenamiento judicial que se encargar\u00e1 del caso.<\/p>\n\n\n\n<p>&#8220;Las instancias que van a tener que resolver esto ser\u00e1n las instancias judiciales, pero vemos que mi tata sigue aferrado en este de la universidad y aqu\u00ed al ver el documento todav\u00eda huele, parece que lo entreg\u00f3 \u00e9l, pues todav\u00eda huele a \u00e1rnica y a vick vaporub&#8221;, finaliz\u00f3.<\/p>\n","protected":false},"excerpt":{"rendered":"<p>Con un cartel en mando denunci\u00f3 que est\u00e1 entregando folletos con su imagen en diversas colonias de la capital sinaloense Culiac\u00e1n, Sin.- El diputado local por el Partido Sinaloense (PAS), Gene Ren\u00e9 Boj\u00f3rquez Ruiz acus\u00f3 al presidente de la Junta de Coordinaci\u00f3n Pol\u00edtica de Congreso del Estado (Jucopo), Feliciano Castro Mel\u00e9ndrez de estar utilizando recursos [&hellip;]<\/p>\n","protected":false},"author":112,"featured_media":55373,"comment_status":"open","ping_status":"open","sticky":false,"template":"","format":"standard","meta":{"tdm_status":"","tdm_grid_status":"","footnotes":""},"categories":[38],"tags":[],"class_list":{"0":"post-55359","1":"post","2":"type-post","3":"status-publish","4":"format-standard","5":"has-post-thumbnail","7":"category-noticias-locales"},"yoast_head":"<!-- This site is optimized with the Yoast SEO plugin v27.4 - https:\/\/yoast.com\/product\/yoast-seo-wordpress\/ -->\n<title>Acusa Gene Boj\u00f3rquez a Feliciano Castro de utilizar recursos del Congreso para promocionarse - Fuentes Fidedignas<\/title>\n<meta name=\"robots\" content=\"index, follow, max-snippet:-1, max-image-preview:large, max-video-preview:-1\" \/>\n<link rel=\"canonical\" href=\"https:\/\/fuentesfidedignas.com.mx\/index.php\/2023\/08\/14\/acusa-gene-bojorquez-a-feliciano-castro-de-estar-utilizando-recursos-del-congreso-para-promocionarse\/\" \/>\n<meta property=\"og:locale\" content=\"es_MX\" \/>\n<meta property=\"og:type\" content=\"article\" \/>\n<meta property=\"og:title\" content=\"Acusa Gene Boj\u00f3rquez a Feliciano Castro de utilizar recursos del Congreso para promocionarse - Fuentes Fidedignas\" \/>\n<meta property=\"og:description\" content=\"Con un cartel en mando denunci\u00f3 que est\u00e1 entregando folletos con su imagen en diversas colonias de la capital sinaloense Culiac\u00e1n, Sin.- El diputado local por el Partido Sinaloense (PAS), Gene Ren\u00e9 Boj\u00f3rquez Ruiz acus\u00f3 al presidente de la Junta de Coordinaci\u00f3n Pol\u00edtica de Congreso del Estado (Jucopo), Feliciano Castro Mel\u00e9ndrez de estar utilizando recursos [&hellip;]\" \/>\n<meta property=\"og:url\" content=\"https:\/\/fuentesfidedignas.com.mx\/index.php\/2023\/08\/14\/acusa-gene-bojorquez-a-feliciano-castro-de-estar-utilizando-recursos-del-congreso-para-promocionarse\/\" \/>\n<meta property=\"og:site_name\" content=\"Fuentes Fidedignas\" \/>\n<meta property=\"article:publisher\" content=\"https:\/\/www.facebook.com\/Fuentes-Fidedignas-368234489921644\" \/>\n<meta property=\"article:published_time\" content=\"2023-08-14T17:00:44+00:00\" \/>\n<meta property=\"article:modified_time\" content=\"2023-08-14T17:04:37+00:00\" \/>\n<meta property=\"og:image\" content=\"https:\/\/fuentesfidedignas.com.mx\/wp-content\/uploads\/2023\/08\/WhatsApp-Image-2023-08-14-at-9.26.35-AM.jpeg\" \/>\n\t<meta property=\"og:image:width\" content=\"1024\" \/>\n\t<meta property=\"og:image:height\" content=\"768\" \/>\n\t<meta property=\"og:image:type\" content=\"image\/jpeg\" \/>\n<meta name=\"author\" content=\"Leonardo Gutierrez\" \/>\n<meta name=\"twitter:card\" content=\"summary_large_image\" \/>\n<meta name=\"twitter:creator\" content=\"@fidedignas\" \/>\n<meta name=\"twitter:site\" content=\"@fidedignas\" \/>\n<meta name=\"twitter:label1\" content=\"Escrito por\" \/>\n\t<meta name=\"twitter:data1\" content=\"Leonardo Gutierrez\" \/>\n\t<meta name=\"twitter:label2\" content=\"Tiempo de lectura\" \/>\n\t<meta name=\"twitter:data2\" content=\"2 minutos\" \/>\n<script type=\"application\/ld+json\" class=\"yoast-schema-graph\">{\"@context\":\"https:\\\/\\\/schema.org\",\"@graph\":[{\"@type\":\"Article\",\"@id\":\"https:\\\/\\\/fuentesfidedignas.com.mx\\\/index.php\\\/2023\\\/08\\\/14\\\/acusa-gene-bojorquez-a-feliciano-castro-de-estar-utilizando-recursos-del-congreso-para-promocionarse\\\/#article\",\"isPartOf\":{\"@id\":\"https:\\\/\\\/fuentesfidedignas.com.mx\\\/index.php\\\/2023\\\/08\\\/14\\\/acusa-gene-bojorquez-a-feliciano-castro-de-estar-utilizando-recursos-del-congreso-para-promocionarse\\\/\"},\"author\":{\"name\":\"Leonardo Gutierrez\",\"@id\":\"https:\\\/\\\/fuentesfidedignas.com.mx\\\/#\\\/schema\\\/person\\\/c77df25c00baae1d4fdc0340db6f364c\"},\"headline\":\"Acusa Gene Boj\u00f3rquez a Feliciano Castro de utilizar recursos del Congreso para promocionarse\",\"datePublished\":\"2023-08-14T17:00:44+00:00\",\"dateModified\":\"2023-08-14T17:04:37+00:00\",\"mainEntityOfPage\":{\"@id\":\"https:\\\/\\\/fuentesfidedignas.com.mx\\\/index.php\\\/2023\\\/08\\\/14\\\/acusa-gene-bojorquez-a-feliciano-castro-de-estar-utilizando-recursos-del-congreso-para-promocionarse\\\/\"},\"wordCount\":256,\"commentCount\":0,\"publisher\":{\"@id\":\"https:\\\/\\\/fuentesfidedignas.com.mx\\\/#organization\"},\"image\":{\"@id\":\"https:\\\/\\\/fuentesfidedignas.com.mx\\\/index.php\\\/2023\\\/08\\\/14\\\/acusa-gene-bojorquez-a-feliciano-castro-de-estar-utilizando-recursos-del-congreso-para-promocionarse\\\/#primaryimage\"},\"thumbnailUrl\":\"https:\\\/\\\/fuentesfidedignas.com.mx\\\/wp-content\\\/uploads\\\/2023\\\/08\\\/WhatsApp-Image-2023-08-14-at-9.26.35-AM.jpeg\",\"articleSection\":[\"NOTICIAS LOCALES\"],\"inLanguage\":\"es\",\"potentialAction\":[{\"@type\":\"CommentAction\",\"name\":\"Comment\",\"target\":[\"https:\\\/\\\/fuentesfidedignas.com.mx\\\/index.php\\\/2023\\\/08\\\/14\\\/acusa-gene-bojorquez-a-feliciano-castro-de-estar-utilizando-recursos-del-congreso-para-promocionarse\\\/#respond\"]}]},{\"@type\":\"WebPage\",\"@id\":\"https:\\\/\\\/fuentesfidedignas.com.mx\\\/index.php\\\/2023\\\/08\\\/14\\\/acusa-gene-bojorquez-a-feliciano-castro-de-estar-utilizando-recursos-del-congreso-para-promocionarse\\\/\",\"url\":\"https:\\\/\\\/fuentesfidedignas.com.mx\\\/index.php\\\/2023\\\/08\\\/14\\\/acusa-gene-bojorquez-a-feliciano-castro-de-estar-utilizando-recursos-del-congreso-para-promocionarse\\\/\",\"name\":\"Acusa Gene Boj\u00f3rquez a Feliciano Castro de utilizar recursos del Congreso para promocionarse - Fuentes Fidedignas\",\"isPartOf\":{\"@id\":\"https:\\\/\\\/fuentesfidedignas.com.mx\\\/#website\"},\"primaryImageOfPage\":{\"@id\":\"https:\\\/\\\/fuentesfidedignas.com.mx\\\/index.php\\\/2023\\\/08\\\/14\\\/acusa-gene-bojorquez-a-feliciano-castro-de-estar-utilizando-recursos-del-congreso-para-promocionarse\\\/#primaryimage\"},\"image\":{\"@id\":\"https:\\\/\\\/fuentesfidedignas.com.mx\\\/index.php\\\/2023\\\/08\\\/14\\\/acusa-gene-bojorquez-a-feliciano-castro-de-estar-utilizando-recursos-del-congreso-para-promocionarse\\\/#primaryimage\"},\"thumbnailUrl\":\"https:\\\/\\\/fuentesfidedignas.com.mx\\\/wp-content\\\/uploads\\\/2023\\\/08\\\/WhatsApp-Image-2023-08-14-at-9.26.35-AM.jpeg\",\"datePublished\":\"2023-08-14T17:00:44+00:00\",\"dateModified\":\"2023-08-14T17:04:37+00:00\",\"breadcrumb\":{\"@id\":\"https:\\\/\\\/fuentesfidedignas.com.mx\\\/index.php\\\/2023\\\/08\\\/14\\\/acusa-gene-bojorquez-a-feliciano-castro-de-estar-utilizando-recursos-del-congreso-para-promocionarse\\\/#breadcrumb\"},\"inLanguage\":\"es\",\"potentialAction\":[{\"@type\":\"ReadAction\",\"target\":[\"https:\\\/\\\/fuentesfidedignas.com.mx\\\/index.php\\\/2023\\\/08\\\/14\\\/acusa-gene-bojorquez-a-feliciano-castro-de-estar-utilizando-recursos-del-congreso-para-promocionarse\\\/\"]}]},{\"@type\":\"ImageObject\",\"inLanguage\":\"es\",\"@id\":\"https:\\\/\\\/fuentesfidedignas.com.mx\\\/index.php\\\/2023\\\/08\\\/14\\\/acusa-gene-bojorquez-a-feliciano-castro-de-estar-utilizando-recursos-del-congreso-para-promocionarse\\\/#primaryimage\",\"url\":\"https:\\\/\\\/fuentesfidedignas.com.mx\\\/wp-content\\\/uploads\\\/2023\\\/08\\\/WhatsApp-Image-2023-08-14-at-9.26.35-AM.jpeg\",\"contentUrl\":\"https:\\\/\\\/fuentesfidedignas.com.mx\\\/wp-content\\\/uploads\\\/2023\\\/08\\\/WhatsApp-Image-2023-08-14-at-9.26.35-AM.jpeg\",\"width\":1024,\"height\":768},{\"@type\":\"BreadcrumbList\",\"@id\":\"https:\\\/\\\/fuentesfidedignas.com.mx\\\/index.php\\\/2023\\\/08\\\/14\\\/acusa-gene-bojorquez-a-feliciano-castro-de-estar-utilizando-recursos-del-congreso-para-promocionarse\\\/#breadcrumb\",\"itemListElement\":[{\"@type\":\"ListItem\",\"position\":1,\"name\":\"Inicio\",\"item\":\"https:\\\/\\\/fuentesfidedignas.com.mx\\\/\"},{\"@type\":\"ListItem\",\"position\":2,\"name\":\"Acusa Gene Boj\u00f3rquez a Feliciano Castro de utilizar recursos del Congreso para promocionarse\"}]},{\"@type\":\"WebSite\",\"@id\":\"https:\\\/\\\/fuentesfidedignas.com.mx\\\/#website\",\"url\":\"https:\\\/\\\/fuentesfidedignas.com.mx\\\/\",\"name\":\"Fuentes Fidedignas\",\"description\":\"Otro sitio realizado con WordPress\",\"publisher\":{\"@id\":\"https:\\\/\\\/fuentesfidedignas.com.mx\\\/#organization\"},\"potentialAction\":[{\"@type\":\"SearchAction\",\"target\":{\"@type\":\"EntryPoint\",\"urlTemplate\":\"https:\\\/\\\/fuentesfidedignas.com.mx\\\/?s={search_term_string}\"},\"query-input\":{\"@type\":\"PropertyValueSpecification\",\"valueRequired\":true,\"valueName\":\"search_term_string\"}}],\"inLanguage\":\"es\"},{\"@type\":\"Organization\",\"@id\":\"https:\\\/\\\/fuentesfidedignas.com.mx\\\/#organization\",\"name\":\"Fuentes Fidedignas\",\"url\":\"https:\\\/\\\/fuentesfidedignas.com.mx\\\/\",\"logo\":{\"@type\":\"ImageObject\",\"inLanguage\":\"es\",\"@id\":\"https:\\\/\\\/fuentesfidedignas.com.mx\\\/#\\\/schema\\\/logo\\\/image\\\/\",\"url\":\"https:\\\/\\\/fuentesfidedignas.com.mx\\\/wp-content\\\/uploads\\\/2021\\\/04\\\/logo-retina.png\",\"contentUrl\":\"https:\\\/\\\/fuentesfidedignas.com.mx\\\/wp-content\\\/uploads\\\/2021\\\/04\\\/logo-retina.png\",\"width\":280,\"height\":51,\"caption\":\"Fuentes Fidedignas\"},\"image\":{\"@id\":\"https:\\\/\\\/fuentesfidedignas.com.mx\\\/#\\\/schema\\\/logo\\\/image\\\/\"},\"sameAs\":[\"https:\\\/\\\/www.facebook.com\\\/Fuentes-Fidedignas-368234489921644\",\"https:\\\/\\\/x.com\\\/fidedignas\"]},{\"@type\":\"Person\",\"@id\":\"https:\\\/\\\/fuentesfidedignas.com.mx\\\/#\\\/schema\\\/person\\\/c77df25c00baae1d4fdc0340db6f364c\",\"name\":\"Leonardo Gutierrez\",\"image\":{\"@type\":\"ImageObject\",\"inLanguage\":\"es\",\"@id\":\"https:\\\/\\\/secure.gravatar.com\\\/avatar\\\/17b13a7a986cc98ca4d7337340bcac5945cbae677961c354aefb3c7962c8cc1f?s=96&d=mm&r=g\",\"url\":\"https:\\\/\\\/secure.gravatar.com\\\/avatar\\\/17b13a7a986cc98ca4d7337340bcac5945cbae677961c354aefb3c7962c8cc1f?s=96&d=mm&r=g\",\"contentUrl\":\"https:\\\/\\\/secure.gravatar.com\\\/avatar\\\/17b13a7a986cc98ca4d7337340bcac5945cbae677961c354aefb3c7962c8cc1f?s=96&d=mm&r=g\",\"caption\":\"Leonardo Gutierrez\"},\"url\":\"https:\\\/\\\/fuentesfidedignas.com.mx\\\/index.php\\\/author\\\/leonardogut\\\/\"}]}<\/script>\n<!-- \/ Yoast SEO plugin. -->","yoast_head_json":{"title":"Acusa Gene Boj\u00f3rquez a Feliciano Castro de utilizar recursos del Congreso para promocionarse - Fuentes Fidedignas","robots":{"index":"index","follow":"follow","max-snippet":"max-snippet:-1","max-image-preview":"max-image-preview:large","max-video-preview":"max-video-preview:-1"},"canonical":"https:\/\/fuentesfidedignas.com.mx\/index.php\/2023\/08\/14\/acusa-gene-bojorquez-a-feliciano-castro-de-estar-utilizando-recursos-del-congreso-para-promocionarse\/","og_locale":"es_MX","og_type":"article","og_title":"Acusa Gene Boj\u00f3rquez a Feliciano Castro de utilizar recursos del Congreso para promocionarse - Fuentes Fidedignas","og_description":"Con un cartel en mando denunci\u00f3 que est\u00e1 entregando folletos con su imagen en diversas colonias de la capital sinaloense Culiac\u00e1n, Sin.- El diputado local por el Partido Sinaloense (PAS), Gene Ren\u00e9 Boj\u00f3rquez Ruiz acus\u00f3 al presidente de la Junta de Coordinaci\u00f3n Pol\u00edtica de Congreso del Estado (Jucopo), Feliciano Castro Mel\u00e9ndrez de estar utilizando recursos [&hellip;]","og_url":"https:\/\/fuentesfidedignas.com.mx\/index.php\/2023\/08\/14\/acusa-gene-bojorquez-a-feliciano-castro-de-estar-utilizando-recursos-del-congreso-para-promocionarse\/","og_site_name":"Fuentes Fidedignas","article_publisher":"https:\/\/www.facebook.com\/Fuentes-Fidedignas-368234489921644","article_published_time":"2023-08-14T17:00:44+00:00","article_modified_time":"2023-08-14T17:04:37+00:00","og_image":[{"width":1024,"height":768,"url":"https:\/\/fuentesfidedignas.com.mx\/wp-content\/uploads\/2023\/08\/WhatsApp-Image-2023-08-14-at-9.26.35-AM.jpeg","type":"image\/jpeg"}],"author":"Leonardo Gutierrez","twitter_card":"summary_large_image","twitter_creator":"@fidedignas","twitter_site":"@fidedignas","twitter_misc":{"Escrito por":"Leonardo Gutierrez","Tiempo de lectura":"2 minutos"},"schema":{"@context":"https:\/\/schema.org","@graph":[{"@type":"Article","@id":"https:\/\/fuentesfidedignas.com.mx\/index.php\/2023\/08\/14\/acusa-gene-bojorquez-a-feliciano-castro-de-estar-utilizando-recursos-del-congreso-para-promocionarse\/#article","isPartOf":{"@id":"https:\/\/fuentesfidedignas.com.mx\/index.php\/2023\/08\/14\/acusa-gene-bojorquez-a-feliciano-castro-de-estar-utilizando-recursos-del-congreso-para-promocionarse\/"},"author":{"name":"Leonardo Gutierrez","@id":"https:\/\/fuentesfidedignas.com.mx\/#\/schema\/person\/c77df25c00baae1d4fdc0340db6f364c"},"headline":"Acusa Gene Boj\u00f3rquez a Feliciano Castro de utilizar recursos del Congreso para promocionarse","datePublished":"2023-08-14T17:00:44+00:00","dateModified":"2023-08-14T17:04:37+00:00","mainEntityOfPage":{"@id":"https:\/\/fuentesfidedignas.com.mx\/index.php\/2023\/08\/14\/acusa-gene-bojorquez-a-feliciano-castro-de-estar-utilizando-recursos-del-congreso-para-promocionarse\/"},"wordCount":256,"commentCount":0,"publisher":{"@id":"https:\/\/fuentesfidedignas.com.mx\/#organization"},"image":{"@id":"https:\/\/fuentesfidedignas.com.mx\/index.php\/2023\/08\/14\/acusa-gene-bojorquez-a-feliciano-castro-de-estar-utilizando-recursos-del-congreso-para-promocionarse\/#primaryimage"},"thumbnailUrl":"https:\/\/fuentesfidedignas.com.mx\/wp-content\/uploads\/2023\/08\/WhatsApp-Image-2023-08-14-at-9.26.35-AM.jpeg","articleSection":["NOTICIAS LOCALES"],"inLanguage":"es","potentialAction":[{"@type":"CommentAction","name":"Comment","target":["https:\/\/fuentesfidedignas.com.mx\/index.php\/2023\/08\/14\/acusa-gene-bojorquez-a-feliciano-castro-de-estar-utilizando-recursos-del-congreso-para-promocionarse\/#respond"]}]},{"@type":"WebPage","@id":"https:\/\/fuentesfidedignas.com.mx\/index.php\/2023\/08\/14\/acusa-gene-bojorquez-a-feliciano-castro-de-estar-utilizando-recursos-del-congreso-para-promocionarse\/","url":"https:\/\/fuentesfidedignas.com.mx\/index.php\/2023\/08\/14\/acusa-gene-bojorquez-a-feliciano-castro-de-estar-utilizando-recursos-del-congreso-para-promocionarse\/","name":"Acusa Gene Boj\u00f3rquez a Feliciano Castro de utilizar recursos del Congreso para promocionarse - Fuentes Fidedignas","isPartOf":{"@id":"https:\/\/fuentesfidedignas.com.mx\/#website"},"primaryImageOfPage":{"@id":"https:\/\/fuentesfidedignas.com.mx\/index.php\/2023\/08\/14\/acusa-gene-bojorquez-a-feliciano-castro-de-estar-utilizando-recursos-del-congreso-para-promocionarse\/#primaryimage"},"image":{"@id":"https:\/\/fuentesfidedignas.com.mx\/index.php\/2023\/08\/14\/acusa-gene-bojorquez-a-feliciano-castro-de-estar-utilizando-recursos-del-congreso-para-promocionarse\/#primaryimage"},"thumbnailUrl":"https:\/\/fuentesfidedignas.com.mx\/wp-content\/uploads\/2023\/08\/WhatsApp-Image-2023-08-14-at-9.26.35-AM.jpeg","datePublished":"2023-08-14T17:00:44+00:00","dateModified":"2023-08-14T17:04:37+00:00","breadcrumb":{"@id":"https:\/\/fuentesfidedignas.com.mx\/index.php\/2023\/08\/14\/acusa-gene-bojorquez-a-feliciano-castro-de-estar-utilizando-recursos-del-congreso-para-promocionarse\/#breadcrumb"},"inLanguage":"es","potentialAction":[{"@type":"ReadAction","target":["https:\/\/fuentesfidedignas.com.mx\/index.php\/2023\/08\/14\/acusa-gene-bojorquez-a-feliciano-castro-de-estar-utilizando-recursos-del-congreso-para-promocionarse\/"]}]},{"@type":"ImageObject","inLanguage":"es","@id":"https:\/\/fuentesfidedignas.com.mx\/index.php\/2023\/08\/14\/acusa-gene-bojorquez-a-feliciano-castro-de-estar-utilizando-recursos-del-congreso-para-promocionarse\/#primaryimage","url":"https:\/\/fuentesfidedignas.com.mx\/wp-content\/uploads\/2023\/08\/WhatsApp-Image-2023-08-14-at-9.26.35-AM.jpeg","contentUrl":"https:\/\/fuentesfidedignas.com.mx\/wp-content\/uploads\/2023\/08\/WhatsApp-Image-2023-08-14-at-9.26.35-AM.jpeg","width":1024,"height":768},{"@type":"BreadcrumbList","@id":"https:\/\/fuentesfidedignas.com.mx\/index.php\/2023\/08\/14\/acusa-gene-bojorquez-a-feliciano-castro-de-estar-utilizando-recursos-del-congreso-para-promocionarse\/#breadcrumb","itemListElement":[{"@type":"ListItem","position":1,"name":"Inicio","item":"https:\/\/fuentesfidedignas.com.mx\/"},{"@type":"ListItem","position":2,"name":"Acusa Gene Boj\u00f3rquez a Feliciano Castro de utilizar recursos del Congreso para promocionarse"}]},{"@type":"WebSite","@id":"https:\/\/fuentesfidedignas.com.mx\/#website","url":"https:\/\/fuentesfidedignas.com.mx\/","name":"Fuentes Fidedignas","description":"Otro sitio realizado con WordPress","publisher":{"@id":"https:\/\/fuentesfidedignas.com.mx\/#organization"},"potentialAction":[{"@type":"SearchAction","target":{"@type":"EntryPoint","urlTemplate":"https:\/\/fuentesfidedignas.com.mx\/?s={search_term_string}"},"query-input":{"@type":"PropertyValueSpecification","valueRequired":true,"valueName":"search_term_string"}}],"inLanguage":"es"},{"@type":"Organization","@id":"https:\/\/fuentesfidedignas.com.mx\/#organization","name":"Fuentes Fidedignas","url":"https:\/\/fuentesfidedignas.com.mx\/","logo":{"@type":"ImageObject","inLanguage":"es","@id":"https:\/\/fuentesfidedignas.com.mx\/#\/schema\/logo\/image\/","url":"https:\/\/fuentesfidedignas.com.mx\/wp-content\/uploads\/2021\/04\/logo-retina.png","contentUrl":"https:\/\/fuentesfidedignas.com.mx\/wp-content\/uploads\/2021\/04\/logo-retina.png","width":280,"height":51,"caption":"Fuentes Fidedignas"},"image":{"@id":"https:\/\/fuentesfidedignas.com.mx\/#\/schema\/logo\/image\/"},"sameAs":["https:\/\/www.facebook.com\/Fuentes-Fidedignas-368234489921644","https:\/\/x.com\/fidedignas"]},{"@type":"Person","@id":"https:\/\/fuentesfidedignas.com.mx\/#\/schema\/person\/c77df25c00baae1d4fdc0340db6f364c","name":"Leonardo Gutierrez","image":{"@type":"ImageObject","inLanguage":"es","@id":"https:\/\/secure.gravatar.com\/avatar\/17b13a7a986cc98ca4d7337340bcac5945cbae677961c354aefb3c7962c8cc1f?s=96&d=mm&r=g","url":"https:\/\/secure.gravatar.com\/avatar\/17b13a7a986cc98ca4d7337340bcac5945cbae677961c354aefb3c7962c8cc1f?s=96&d=mm&r=g","contentUrl":"https:\/\/secure.gravatar.com\/avatar\/17b13a7a986cc98ca4d7337340bcac5945cbae677961c354aefb3c7962c8cc1f?s=96&d=mm&r=g","caption":"Leonardo Gutierrez"},"url":"https:\/\/fuentesfidedignas.com.mx\/index.php\/author\/leonardogut\/"}]}},"_links":{"self":[{"href":"https:\/\/fuentesfidedignas.com.mx\/index.php\/wp-json\/wp\/v2\/posts\/55359","targetHints":{"allow":["GET"]}}],"collection":[{"href":"https:\/\/fuentesfidedignas.com.mx\/index.php\/wp-json\/wp\/v2\/posts"}],"about":[{"href":"https:\/\/fuentesfidedignas.com.mx\/index.php\/wp-json\/wp\/v2\/types\/post"}],"author":[{"embeddable":true,"href":"https:\/\/fuentesfidedignas.com.mx\/index.php\/wp-json\/wp\/v2\/users\/112"}],"replies":[{"embeddable":true,"href":"https:\/\/fuentesfidedignas.com.mx\/index.php\/wp-json\/wp\/v2\/comments?post=55359"}],"version-history":[{"count":4,"href":"https:\/\/fuentesfidedignas.com.mx\/index.php\/wp-json\/wp\/v2\/posts\/55359\/revisions"}],"predecessor-version":[{"id":55378,"href":"https:\/\/fuentesfidedignas.com.mx\/index.php\/wp-json\/wp\/v2\/posts\/55359\/revisions\/55378"}],"wp:featuredmedia":[{"embeddable":true,"href":"https:\/\/fuentesfidedignas.com.mx\/index.php\/wp-json\/wp\/v2\/media\/55373"}],"wp:attachment":[{"href":"https:\/\/fuentesfidedignas.com.mx\/index.php\/wp-json\/wp\/v2\/media?parent=55359"}],"wp:term":[{"taxonomy":"category","embeddable":true,"href":"https:\/\/fuentesfidedignas.com.mx\/index.php\/wp-json\/wp\/v2\/categories?post=55359"},{"taxonomy":"post_tag","embeddable":true,"href":"https:\/\/fuentesfidedignas.com.mx\/index.php\/wp-json\/wp\/v2\/tags?post=55359"}],"curies":[{"name":"wp","href":"https:\/\/api.w.org\/{rel}","templated":true}]}}