{"id":55353,"date":"2023-08-14T08:10:53","date_gmt":"2023-08-14T15:10:53","guid":{"rendered":"https:\/\/fuentesfidedignas.com.mx\/?p=55353"},"modified":"2023-08-14T14:06:58","modified_gmt":"2023-08-14T21:06:58","slug":"arranca-el-pas-los-festejos-de-su-11vo-aniversario-asisten-a-misa-de-accion-de-gracias","status":"publish","type":"post","link":"https:\/\/fuentesfidedignas.com.mx\/index.php\/2023\/08\/14\/arranca-el-pas-los-festejos-de-su-11vo-aniversario-asisten-a-misa-de-accion-de-gracias\/","title":{"rendered":"Con misa y pastel, el Partido Sinaloense celebra su 11vo aniversario"},"content":{"rendered":"\n<p><strong><em>Dam gracias por el apoyo que han recibido de la ciudadan\u00eda desde que el partido se fund\u00f3<\/em><\/strong><\/p>\n\n\n\n<p>Culiac\u00e1n, Sin.- Dirigentes, militantes y simpatizantes del Partido Sinaloense (PAS) se encuentran en estos momentos en la Catedral de Culiac\u00e1n para dar inicio a las actividades que tienen programadas para el d\u00eda de hoy, entre ellas una misa de acci\u00f3n de gracias.<\/p>\n\n\n\n<figure class=\"wp-block-gallery has-nested-images columns-default is-cropped wp-block-gallery-1 is-layout-flex wp-block-gallery-is-layout-flex\">\n<figure class=\"wp-block-image size-large\"><img decoding=\"async\" width=\"1024\" height=\"768\" data-id=\"55361\" src=\"https:\/\/fuentesfidedignas.com.mx\/wp-content\/uploads\/2023\/08\/1000108732.jpg\" alt=\"\" class=\"wp-image-55361\" srcset=\"https:\/\/fuentesfidedignas.com.mx\/wp-content\/uploads\/2023\/08\/1000108732.jpg 1024w, https:\/\/fuentesfidedignas.com.mx\/wp-content\/uploads\/2023\/08\/1000108732-300x225.jpg 300w, https:\/\/fuentesfidedignas.com.mx\/wp-content\/uploads\/2023\/08\/1000108732-768x576.jpg 768w\" sizes=\"(max-width: 1024px) 100vw, 1024px\" \/><\/figure>\n\n\n\n<figure class=\"wp-block-image size-large\"><img decoding=\"async\" width=\"1024\" height=\"576\" data-id=\"55362\" src=\"https:\/\/fuentesfidedignas.com.mx\/wp-content\/uploads\/2023\/08\/1000108705.jpg\" alt=\"\" class=\"wp-image-55362\" srcset=\"https:\/\/fuentesfidedignas.com.mx\/wp-content\/uploads\/2023\/08\/1000108705.jpg 1024w, https:\/\/fuentesfidedignas.com.mx\/wp-content\/uploads\/2023\/08\/1000108705-300x169.jpg 300w, https:\/\/fuentesfidedignas.com.mx\/wp-content\/uploads\/2023\/08\/1000108705-768x432.jpg 768w\" sizes=\"(max-width: 1024px) 100vw, 1024px\" \/><\/figure>\n\n\n\n<figure class=\"wp-block-image size-large\"><img decoding=\"async\" width=\"1024\" height=\"768\" data-id=\"55363\" src=\"https:\/\/fuentesfidedignas.com.mx\/wp-content\/uploads\/2023\/08\/1000108741.jpg\" alt=\"\" class=\"wp-image-55363\" srcset=\"https:\/\/fuentesfidedignas.com.mx\/wp-content\/uploads\/2023\/08\/1000108741.jpg 1024w, https:\/\/fuentesfidedignas.com.mx\/wp-content\/uploads\/2023\/08\/1000108741-300x225.jpg 300w, https:\/\/fuentesfidedignas.com.mx\/wp-content\/uploads\/2023\/08\/1000108741-768x576.jpg 768w\" sizes=\"(max-width: 1024px) 100vw, 1024px\" \/><\/figure>\n<\/figure>\n\n\n\n<p><strong>\u201cAqu\u00ed estamos y nos estamos preparando para la participaci\u00f3n del 2024\u201d: Cu\u00e9n<\/strong> <\/p>\n\n\n\n<p>Se llev\u00f3 a cabo de manera simult\u00e1nea en los 20 municipios del estado, la celebraci\u00f3n del 11vo. Aniversario de la Fundaci\u00f3n del Partido Sinaloense (PAS), as\u00ed lo expres\u00f3 el Dirigente Estatal del PAS, H\u00e9ctor Melesio Cu\u00e9n Ojeda, quien destac\u00f3 el gran trabajo que las y los pasistas han desarrollado a lo largo y ancho de todo el estado.<\/p>\n\n\n\n<p><em>\u201cCon el apoyo del pueblo y el cari\u00f1o de la gente, es lo m\u00e1s importante de este proyecto, todos los programas sociales que tiene que es algo novedoso, y lo m\u00e1s importante, es que se trabaja durante todo el a\u00f1o, trabajando con mucho contacto con la ciudadan\u00eda\u201d<\/em><\/p>\n\n\n\n<figure class=\"wp-block-image size-large\"><img decoding=\"async\" width=\"1024\" height=\"683\" src=\"https:\/\/fuentesfidedignas.com.mx\/wp-content\/uploads\/2023\/08\/1000108963-1024x683.jpg\" alt=\"\" class=\"wp-image-55402\" srcset=\"https:\/\/fuentesfidedignas.com.mx\/wp-content\/uploads\/2023\/08\/1000108963-1024x683.jpg 1024w, https:\/\/fuentesfidedignas.com.mx\/wp-content\/uploads\/2023\/08\/1000108963-300x200.jpg 300w, https:\/\/fuentesfidedignas.com.mx\/wp-content\/uploads\/2023\/08\/1000108963-768x512.jpg 768w, https:\/\/fuentesfidedignas.com.mx\/wp-content\/uploads\/2023\/08\/1000108963-1536x1024.jpg 1536w, https:\/\/fuentesfidedignas.com.mx\/wp-content\/uploads\/2023\/08\/1000108963.jpg 1560w\" sizes=\"(max-width: 1024px) 100vw, 1024px\" \/><\/figure>\n\n\n\n<p>As\u00ed mismo, el Presidente del PAS, Cu\u00e9n Ojeda, anunci\u00f3 que hoy lunes 14 de agosto, en punto de las 5:30 de la tarde se realizar\u00e1 una caravana en los municipios de Ahome, Guasave, Guamuchil, Culiac\u00e1n y Mazatl\u00e1n, para culminar los festejos de este partido, el m\u00e1s fuerte de Sinaloa, y donde se reafirmar\u00e1 el apoyo de los Sinaloenses.<\/p>\n\n\n\n<p><em>\u201cNosotros en el 2021 tuvimos la fortuna de ganar 6 municipio y 8 distritos electorales, y tuvimos la fortuna de ganar la gubernatura del estado de Sinaloa, de tal manera que eso es lo que manda un proyecto pol\u00edtico de esta naturaleza\u201d,<\/em> afirm\u00f3 el l\u00edder.<\/p>\n\n\n\n<p>El l\u00edder pasista explic\u00f3 adem\u00e1s, que conformar y mantener un instituto pol\u00edtico no es nada f\u00e1cil, sin embargo, gracias al trabajo constante con la gente los 365 d\u00edas del a\u00f1o, se ha logrado mantener como el mejor partido local de todo M\u00e9xico, por lo que dijo, no hay duda que se ver\u00e1n triunfadores en las pr\u00f3ximas eleccione.<\/p>\n\n\n\n<figure class=\"wp-block-image size-large\"><img decoding=\"async\" width=\"1024\" height=\"576\" src=\"https:\/\/fuentesfidedignas.com.mx\/wp-content\/uploads\/2023\/08\/WhatsApp-Image-2023-08-14-at-8.08.42-AM-1024x576.jpeg\" alt=\"\" class=\"wp-image-55354\" srcset=\"https:\/\/fuentesfidedignas.com.mx\/wp-content\/uploads\/2023\/08\/WhatsApp-Image-2023-08-14-at-8.08.42-AM-1024x576.jpeg 1024w, https:\/\/fuentesfidedignas.com.mx\/wp-content\/uploads\/2023\/08\/WhatsApp-Image-2023-08-14-at-8.08.42-AM-300x169.jpeg 300w, https:\/\/fuentesfidedignas.com.mx\/wp-content\/uploads\/2023\/08\/WhatsApp-Image-2023-08-14-at-8.08.42-AM-768x432.jpeg 768w, https:\/\/fuentesfidedignas.com.mx\/wp-content\/uploads\/2023\/08\/WhatsApp-Image-2023-08-14-at-8.08.42-AM-1536x864.jpeg 1536w, https:\/\/fuentesfidedignas.com.mx\/wp-content\/uploads\/2023\/08\/WhatsApp-Image-2023-08-14-at-8.08.42-AM-696x392.jpeg 696w, https:\/\/fuentesfidedignas.com.mx\/wp-content\/uploads\/2023\/08\/WhatsApp-Image-2023-08-14-at-8.08.42-AM-1068x601.jpeg 1068w, https:\/\/fuentesfidedignas.com.mx\/wp-content\/uploads\/2023\/08\/WhatsApp-Image-2023-08-14-at-8.08.42-AM-747x420.jpeg 747w, https:\/\/fuentesfidedignas.com.mx\/wp-content\/uploads\/2023\/08\/WhatsApp-Image-2023-08-14-at-8.08.42-AM.jpeg 1600w\" sizes=\"(max-width: 1024px) 100vw, 1024px\" \/><\/figure>\n\n\n\n<p>Cu\u00e9n Ojeda mencion\u00f3 adem\u00e1s, que a lo largo de estos 11 a\u00f1os el partido se ha fortalecido m\u00e1s y prueba de ello es, que a la fecha ya cuentan con 777 sub comit\u00e9s y m\u00e1s de 3 mil comit\u00e9s seccionales, as\u00ed como con m\u00e1s de 164 mil 700 afiliados al PAS, esto recalc\u00f3, pese a la persecuci\u00f3n pol\u00edtica que han sufrido como partido por parte de la actual administraci\u00f3n estatal.<\/p>\n\n\n\n<p><em>\u201cPor lo pronto venimos a dar gracias a Dios, por lo bien que nos ha ido en este proyecto, esto es emprender, emprender un instituto pol\u00edtico, no es nada f\u00e1cil y sobre todo mantenerlo, ya 11 a\u00f1os han pasado y no \u00fanicamente estamos por encima de muchos partidos nacionales, sino que, tambi\u00e9n es el mejor partido local de todo M\u00e9xico\u201d,<\/em> asegur\u00f3.<\/p>\n\n\n\n<p>Por \u00faltimo, hizo un llamado a la ciudadan\u00eda a no perder la esperanza, ya que mencion\u00f3, si bien, actualmente parece que los funcionarios solo andan buscando que se llevan, cuando a\u00fan hay gente que se preocupa por la poblaci\u00f3n y pondr\u00e1n por encima el inter\u00e9s propio por el de la ciudadan\u00eda.<\/p>\n\n\n\n<figure class=\"wp-block-image size-large\"><img decoding=\"async\" width=\"1024\" height=\"576\" src=\"https:\/\/fuentesfidedignas.com.mx\/wp-content\/uploads\/2023\/08\/1000108771-1024x576.jpg\" alt=\"\" class=\"wp-image-55364\" srcset=\"https:\/\/fuentesfidedignas.com.mx\/wp-content\/uploads\/2023\/08\/1000108771-1024x576.jpg 1024w, https:\/\/fuentesfidedignas.com.mx\/wp-content\/uploads\/2023\/08\/1000108771-300x169.jpg 300w, https:\/\/fuentesfidedignas.com.mx\/wp-content\/uploads\/2023\/08\/1000108771-768x432.jpg 768w, https:\/\/fuentesfidedignas.com.mx\/wp-content\/uploads\/2023\/08\/1000108771-1536x864.jpg 1536w, https:\/\/fuentesfidedignas.com.mx\/wp-content\/uploads\/2023\/08\/1000108771.jpg 1600w\" sizes=\"(max-width: 1024px) 100vw, 1024px\" \/><\/figure>\n\n\n\n<p>El diputado Gene Goj\u00f3rquez record\u00f3 que durante su primer a\u00f1o pasaron una prueba que fue hist\u00f3rica, pues ten\u00edan que obtener m\u00ednimo el 2 por ciento de la votaci\u00f3n, misma que superaron por un n\u00famero mayor, raz\u00f3n por la cual trabajan d\u00eda a d\u00eda para dar resultados.<\/p>\n\n\n\n<p>&#8220;<strong>Recordemos que ten\u00edamos la prueba del \u00e1cido de pasar que era pasar ese 2 por ciento y lo logramos sobradamente con un 14 por ciento, y desde esa primera votaci\u00f3n no hemos dejado de traer buenos resultados a los sinaloenses y por eso nos encontramos en la simpat\u00eda de ellos<\/strong>&#8220;, dijo.<\/p>\n\n\n\n<p><\/p>\n\n\n\n<p><\/p>\n","protected":false},"excerpt":{"rendered":"<p>Dam gracias por el apoyo que han recibido de la ciudadan\u00eda desde que el partido se fund\u00f3 Culiac\u00e1n, Sin.- Dirigentes, militantes y simpatizantes del Partido Sinaloense (PAS) se encuentran en estos momentos en la Catedral de Culiac\u00e1n para dar inicio a las actividades que tienen programadas para el d\u00eda de hoy, entre ellas una misa [&hellip;]<\/p>\n","protected":false},"author":112,"featured_media":55398,"comment_status":"open","ping_status":"open","sticky":false,"template":"","format":"standard","meta":{"tdm_status":"","tdm_grid_status":"","footnotes":""},"categories":[37],"tags":[],"class_list":{"0":"post-55353","1":"post","2":"type-post","3":"status-publish","4":"format-standard","5":"has-post-thumbnail","7":"category-nota-principal"},"yoast_head":"<!-- This site is optimized with the Yoast SEO plugin v27.4 - https:\/\/yoast.com\/product\/yoast-seo-wordpress\/ -->\n<title>Con misa y pastel, el Partido Sinaloense celebra su 11vo aniversario - Fuentes Fidedignas<\/title>\n<meta name=\"robots\" content=\"index, follow, max-snippet:-1, max-image-preview:large, max-video-preview:-1\" \/>\n<link rel=\"canonical\" href=\"https:\/\/fuentesfidedignas.com.mx\/index.php\/2023\/08\/14\/arranca-el-pas-los-festejos-de-su-11vo-aniversario-asisten-a-misa-de-accion-de-gracias\/\" \/>\n<meta property=\"og:locale\" content=\"es_MX\" \/>\n<meta property=\"og:type\" content=\"article\" \/>\n<meta property=\"og:title\" content=\"Con misa y pastel, el Partido Sinaloense celebra su 11vo aniversario - Fuentes Fidedignas\" \/>\n<meta property=\"og:description\" content=\"Dam gracias por el apoyo que han recibido de la ciudadan\u00eda desde que el partido se fund\u00f3 Culiac\u00e1n, Sin.- Dirigentes, militantes y simpatizantes del Partido Sinaloense (PAS) se encuentran en estos momentos en la Catedral de Culiac\u00e1n para dar inicio a las actividades que tienen programadas para el d\u00eda de hoy, entre ellas una misa [&hellip;]\" \/>\n<meta property=\"og:url\" content=\"https:\/\/fuentesfidedignas.com.mx\/index.php\/2023\/08\/14\/arranca-el-pas-los-festejos-de-su-11vo-aniversario-asisten-a-misa-de-accion-de-gracias\/\" \/>\n<meta property=\"og:site_name\" content=\"Fuentes Fidedignas\" \/>\n<meta property=\"article:publisher\" content=\"https:\/\/www.facebook.com\/Fuentes-Fidedignas-368234489921644\" \/>\n<meta property=\"article:published_time\" content=\"2023-08-14T15:10:53+00:00\" \/>\n<meta property=\"article:modified_time\" content=\"2023-08-14T21:06:58+00:00\" \/>\n<meta property=\"og:image\" content=\"https:\/\/fuentesfidedignas.com.mx\/wp-content\/uploads\/2023\/08\/FB_IMG_1692042710716.jpg\" \/>\n\t<meta property=\"og:image:width\" content=\"960\" \/>\n\t<meta property=\"og:image:height\" content=\"640\" \/>\n\t<meta property=\"og:image:type\" content=\"image\/jpeg\" \/>\n<meta name=\"author\" content=\"Leonardo Gutierrez\" \/>\n<meta name=\"twitter:card\" content=\"summary_large_image\" \/>\n<meta name=\"twitter:creator\" content=\"@fidedignas\" \/>\n<meta name=\"twitter:site\" content=\"@fidedignas\" \/>\n<meta name=\"twitter:label1\" content=\"Escrito por\" \/>\n\t<meta name=\"twitter:data1\" content=\"Leonardo Gutierrez\" \/>\n\t<meta name=\"twitter:label2\" content=\"Tiempo de lectura\" \/>\n\t<meta name=\"twitter:data2\" content=\"5 minutos\" \/>\n<script type=\"application\/ld+json\" class=\"yoast-schema-graph\">{\"@context\":\"https:\\\/\\\/schema.org\",\"@graph\":[{\"@type\":\"Article\",\"@id\":\"https:\\\/\\\/fuentesfidedignas.com.mx\\\/index.php\\\/2023\\\/08\\\/14\\\/arranca-el-pas-los-festejos-de-su-11vo-aniversario-asisten-a-misa-de-accion-de-gracias\\\/#article\",\"isPartOf\":{\"@id\":\"https:\\\/\\\/fuentesfidedignas.com.mx\\\/index.php\\\/2023\\\/08\\\/14\\\/arranca-el-pas-los-festejos-de-su-11vo-aniversario-asisten-a-misa-de-accion-de-gracias\\\/\"},\"author\":{\"name\":\"Leonardo Gutierrez\",\"@id\":\"https:\\\/\\\/fuentesfidedignas.com.mx\\\/#\\\/schema\\\/person\\\/c77df25c00baae1d4fdc0340db6f364c\"},\"headline\":\"Con misa y pastel, el Partido Sinaloense celebra su 11vo aniversario\",\"datePublished\":\"2023-08-14T15:10:53+00:00\",\"dateModified\":\"2023-08-14T21:06:58+00:00\",\"mainEntityOfPage\":{\"@id\":\"https:\\\/\\\/fuentesfidedignas.com.mx\\\/index.php\\\/2023\\\/08\\\/14\\\/arranca-el-pas-los-festejos-de-su-11vo-aniversario-asisten-a-misa-de-accion-de-gracias\\\/\"},\"wordCount\":677,\"commentCount\":0,\"publisher\":{\"@id\":\"https:\\\/\\\/fuentesfidedignas.com.mx\\\/#organization\"},\"image\":{\"@id\":\"https:\\\/\\\/fuentesfidedignas.com.mx\\\/index.php\\\/2023\\\/08\\\/14\\\/arranca-el-pas-los-festejos-de-su-11vo-aniversario-asisten-a-misa-de-accion-de-gracias\\\/#primaryimage\"},\"thumbnailUrl\":\"https:\\\/\\\/fuentesfidedignas.com.mx\\\/wp-content\\\/uploads\\\/2023\\\/08\\\/FB_IMG_1692042710716.jpg\",\"articleSection\":[\"NOTA PRINCIPAL\"],\"inLanguage\":\"es\",\"potentialAction\":[{\"@type\":\"CommentAction\",\"name\":\"Comment\",\"target\":[\"https:\\\/\\\/fuentesfidedignas.com.mx\\\/index.php\\\/2023\\\/08\\\/14\\\/arranca-el-pas-los-festejos-de-su-11vo-aniversario-asisten-a-misa-de-accion-de-gracias\\\/#respond\"]}]},{\"@type\":\"WebPage\",\"@id\":\"https:\\\/\\\/fuentesfidedignas.com.mx\\\/index.php\\\/2023\\\/08\\\/14\\\/arranca-el-pas-los-festejos-de-su-11vo-aniversario-asisten-a-misa-de-accion-de-gracias\\\/\",\"url\":\"https:\\\/\\\/fuentesfidedignas.com.mx\\\/index.php\\\/2023\\\/08\\\/14\\\/arranca-el-pas-los-festejos-de-su-11vo-aniversario-asisten-a-misa-de-accion-de-gracias\\\/\",\"name\":\"Con misa y pastel, el Partido Sinaloense celebra su 11vo aniversario - Fuentes Fidedignas\",\"isPartOf\":{\"@id\":\"https:\\\/\\\/fuentesfidedignas.com.mx\\\/#website\"},\"primaryImageOfPage\":{\"@id\":\"https:\\\/\\\/fuentesfidedignas.com.mx\\\/index.php\\\/2023\\\/08\\\/14\\\/arranca-el-pas-los-festejos-de-su-11vo-aniversario-asisten-a-misa-de-accion-de-gracias\\\/#primaryimage\"},\"image\":{\"@id\":\"https:\\\/\\\/fuentesfidedignas.com.mx\\\/index.php\\\/2023\\\/08\\\/14\\\/arranca-el-pas-los-festejos-de-su-11vo-aniversario-asisten-a-misa-de-accion-de-gracias\\\/#primaryimage\"},\"thumbnailUrl\":\"https:\\\/\\\/fuentesfidedignas.com.mx\\\/wp-content\\\/uploads\\\/2023\\\/08\\\/FB_IMG_1692042710716.jpg\",\"datePublished\":\"2023-08-14T15:10:53+00:00\",\"dateModified\":\"2023-08-14T21:06:58+00:00\",\"breadcrumb\":{\"@id\":\"https:\\\/\\\/fuentesfidedignas.com.mx\\\/index.php\\\/2023\\\/08\\\/14\\\/arranca-el-pas-los-festejos-de-su-11vo-aniversario-asisten-a-misa-de-accion-de-gracias\\\/#breadcrumb\"},\"inLanguage\":\"es\",\"potentialAction\":[{\"@type\":\"ReadAction\",\"target\":[\"https:\\\/\\\/fuentesfidedignas.com.mx\\\/index.php\\\/2023\\\/08\\\/14\\\/arranca-el-pas-los-festejos-de-su-11vo-aniversario-asisten-a-misa-de-accion-de-gracias\\\/\"]}]},{\"@type\":\"ImageObject\",\"inLanguage\":\"es\",\"@id\":\"https:\\\/\\\/fuentesfidedignas.com.mx\\\/index.php\\\/2023\\\/08\\\/14\\\/arranca-el-pas-los-festejos-de-su-11vo-aniversario-asisten-a-misa-de-accion-de-gracias\\\/#primaryimage\",\"url\":\"https:\\\/\\\/fuentesfidedignas.com.mx\\\/wp-content\\\/uploads\\\/2023\\\/08\\\/FB_IMG_1692042710716.jpg\",\"contentUrl\":\"https:\\\/\\\/fuentesfidedignas.com.mx\\\/wp-content\\\/uploads\\\/2023\\\/08\\\/FB_IMG_1692042710716.jpg\",\"width\":960,\"height\":640},{\"@type\":\"BreadcrumbList\",\"@id\":\"https:\\\/\\\/fuentesfidedignas.com.mx\\\/index.php\\\/2023\\\/08\\\/14\\\/arranca-el-pas-los-festejos-de-su-11vo-aniversario-asisten-a-misa-de-accion-de-gracias\\\/#breadcrumb\",\"itemListElement\":[{\"@type\":\"ListItem\",\"position\":1,\"name\":\"Inicio\",\"item\":\"https:\\\/\\\/fuentesfidedignas.com.mx\\\/\"},{\"@type\":\"ListItem\",\"position\":2,\"name\":\"Con misa y pastel, el Partido Sinaloense celebra su 11vo aniversario\"}]},{\"@type\":\"WebSite\",\"@id\":\"https:\\\/\\\/fuentesfidedignas.com.mx\\\/#website\",\"url\":\"https:\\\/\\\/fuentesfidedignas.com.mx\\\/\",\"name\":\"Fuentes Fidedignas\",\"description\":\"Otro sitio realizado con WordPress\",\"publisher\":{\"@id\":\"https:\\\/\\\/fuentesfidedignas.com.mx\\\/#organization\"},\"potentialAction\":[{\"@type\":\"SearchAction\",\"target\":{\"@type\":\"EntryPoint\",\"urlTemplate\":\"https:\\\/\\\/fuentesfidedignas.com.mx\\\/?s={search_term_string}\"},\"query-input\":{\"@type\":\"PropertyValueSpecification\",\"valueRequired\":true,\"valueName\":\"search_term_string\"}}],\"inLanguage\":\"es\"},{\"@type\":\"Organization\",\"@id\":\"https:\\\/\\\/fuentesfidedignas.com.mx\\\/#organization\",\"name\":\"Fuentes Fidedignas\",\"url\":\"https:\\\/\\\/fuentesfidedignas.com.mx\\\/\",\"logo\":{\"@type\":\"ImageObject\",\"inLanguage\":\"es\",\"@id\":\"https:\\\/\\\/fuentesfidedignas.com.mx\\\/#\\\/schema\\\/logo\\\/image\\\/\",\"url\":\"https:\\\/\\\/fuentesfidedignas.com.mx\\\/wp-content\\\/uploads\\\/2021\\\/04\\\/logo-retina.png\",\"contentUrl\":\"https:\\\/\\\/fuentesfidedignas.com.mx\\\/wp-content\\\/uploads\\\/2021\\\/04\\\/logo-retina.png\",\"width\":280,\"height\":51,\"caption\":\"Fuentes Fidedignas\"},\"image\":{\"@id\":\"https:\\\/\\\/fuentesfidedignas.com.mx\\\/#\\\/schema\\\/logo\\\/image\\\/\"},\"sameAs\":[\"https:\\\/\\\/www.facebook.com\\\/Fuentes-Fidedignas-368234489921644\",\"https:\\\/\\\/x.com\\\/fidedignas\"]},{\"@type\":\"Person\",\"@id\":\"https:\\\/\\\/fuentesfidedignas.com.mx\\\/#\\\/schema\\\/person\\\/c77df25c00baae1d4fdc0340db6f364c\",\"name\":\"Leonardo Gutierrez\",\"image\":{\"@type\":\"ImageObject\",\"inLanguage\":\"es\",\"@id\":\"https:\\\/\\\/secure.gravatar.com\\\/avatar\\\/17b13a7a986cc98ca4d7337340bcac5945cbae677961c354aefb3c7962c8cc1f?s=96&d=mm&r=g\",\"url\":\"https:\\\/\\\/secure.gravatar.com\\\/avatar\\\/17b13a7a986cc98ca4d7337340bcac5945cbae677961c354aefb3c7962c8cc1f?s=96&d=mm&r=g\",\"contentUrl\":\"https:\\\/\\\/secure.gravatar.com\\\/avatar\\\/17b13a7a986cc98ca4d7337340bcac5945cbae677961c354aefb3c7962c8cc1f?s=96&d=mm&r=g\",\"caption\":\"Leonardo Gutierrez\"},\"url\":\"https:\\\/\\\/fuentesfidedignas.com.mx\\\/index.php\\\/author\\\/leonardogut\\\/\"}]}<\/script>\n<!-- \/ Yoast SEO plugin. -->","yoast_head_json":{"title":"Con misa y pastel, el Partido Sinaloense celebra su 11vo aniversario - Fuentes Fidedignas","robots":{"index":"index","follow":"follow","max-snippet":"max-snippet:-1","max-image-preview":"max-image-preview:large","max-video-preview":"max-video-preview:-1"},"canonical":"https:\/\/fuentesfidedignas.com.mx\/index.php\/2023\/08\/14\/arranca-el-pas-los-festejos-de-su-11vo-aniversario-asisten-a-misa-de-accion-de-gracias\/","og_locale":"es_MX","og_type":"article","og_title":"Con misa y pastel, el Partido Sinaloense celebra su 11vo aniversario - Fuentes Fidedignas","og_description":"Dam gracias por el apoyo que han recibido de la ciudadan\u00eda desde que el partido se fund\u00f3 Culiac\u00e1n, Sin.- Dirigentes, militantes y simpatizantes del Partido Sinaloense (PAS) se encuentran en estos momentos en la Catedral de Culiac\u00e1n para dar inicio a las actividades que tienen programadas para el d\u00eda de hoy, entre ellas una misa [&hellip;]","og_url":"https:\/\/fuentesfidedignas.com.mx\/index.php\/2023\/08\/14\/arranca-el-pas-los-festejos-de-su-11vo-aniversario-asisten-a-misa-de-accion-de-gracias\/","og_site_name":"Fuentes Fidedignas","article_publisher":"https:\/\/www.facebook.com\/Fuentes-Fidedignas-368234489921644","article_published_time":"2023-08-14T15:10:53+00:00","article_modified_time":"2023-08-14T21:06:58+00:00","og_image":[{"width":960,"height":640,"url":"https:\/\/fuentesfidedignas.com.mx\/wp-content\/uploads\/2023\/08\/FB_IMG_1692042710716.jpg","type":"image\/jpeg"}],"author":"Leonardo Gutierrez","twitter_card":"summary_large_image","twitter_creator":"@fidedignas","twitter_site":"@fidedignas","twitter_misc":{"Escrito por":"Leonardo Gutierrez","Tiempo de lectura":"5 minutos"},"schema":{"@context":"https:\/\/schema.org","@graph":[{"@type":"Article","@id":"https:\/\/fuentesfidedignas.com.mx\/index.php\/2023\/08\/14\/arranca-el-pas-los-festejos-de-su-11vo-aniversario-asisten-a-misa-de-accion-de-gracias\/#article","isPartOf":{"@id":"https:\/\/fuentesfidedignas.com.mx\/index.php\/2023\/08\/14\/arranca-el-pas-los-festejos-de-su-11vo-aniversario-asisten-a-misa-de-accion-de-gracias\/"},"author":{"name":"Leonardo Gutierrez","@id":"https:\/\/fuentesfidedignas.com.mx\/#\/schema\/person\/c77df25c00baae1d4fdc0340db6f364c"},"headline":"Con misa y pastel, el Partido Sinaloense celebra su 11vo aniversario","datePublished":"2023-08-14T15:10:53+00:00","dateModified":"2023-08-14T21:06:58+00:00","mainEntityOfPage":{"@id":"https:\/\/fuentesfidedignas.com.mx\/index.php\/2023\/08\/14\/arranca-el-pas-los-festejos-de-su-11vo-aniversario-asisten-a-misa-de-accion-de-gracias\/"},"wordCount":677,"commentCount":0,"publisher":{"@id":"https:\/\/fuentesfidedignas.com.mx\/#organization"},"image":{"@id":"https:\/\/fuentesfidedignas.com.mx\/index.php\/2023\/08\/14\/arranca-el-pas-los-festejos-de-su-11vo-aniversario-asisten-a-misa-de-accion-de-gracias\/#primaryimage"},"thumbnailUrl":"https:\/\/fuentesfidedignas.com.mx\/wp-content\/uploads\/2023\/08\/FB_IMG_1692042710716.jpg","articleSection":["NOTA PRINCIPAL"],"inLanguage":"es","potentialAction":[{"@type":"CommentAction","name":"Comment","target":["https:\/\/fuentesfidedignas.com.mx\/index.php\/2023\/08\/14\/arranca-el-pas-los-festejos-de-su-11vo-aniversario-asisten-a-misa-de-accion-de-gracias\/#respond"]}]},{"@type":"WebPage","@id":"https:\/\/fuentesfidedignas.com.mx\/index.php\/2023\/08\/14\/arranca-el-pas-los-festejos-de-su-11vo-aniversario-asisten-a-misa-de-accion-de-gracias\/","url":"https:\/\/fuentesfidedignas.com.mx\/index.php\/2023\/08\/14\/arranca-el-pas-los-festejos-de-su-11vo-aniversario-asisten-a-misa-de-accion-de-gracias\/","name":"Con misa y pastel, el Partido Sinaloense celebra su 11vo aniversario - Fuentes Fidedignas","isPartOf":{"@id":"https:\/\/fuentesfidedignas.com.mx\/#website"},"primaryImageOfPage":{"@id":"https:\/\/fuentesfidedignas.com.mx\/index.php\/2023\/08\/14\/arranca-el-pas-los-festejos-de-su-11vo-aniversario-asisten-a-misa-de-accion-de-gracias\/#primaryimage"},"image":{"@id":"https:\/\/fuentesfidedignas.com.mx\/index.php\/2023\/08\/14\/arranca-el-pas-los-festejos-de-su-11vo-aniversario-asisten-a-misa-de-accion-de-gracias\/#primaryimage"},"thumbnailUrl":"https:\/\/fuentesfidedignas.com.mx\/wp-content\/uploads\/2023\/08\/FB_IMG_1692042710716.jpg","datePublished":"2023-08-14T15:10:53+00:00","dateModified":"2023-08-14T21:06:58+00:00","breadcrumb":{"@id":"https:\/\/fuentesfidedignas.com.mx\/index.php\/2023\/08\/14\/arranca-el-pas-los-festejos-de-su-11vo-aniversario-asisten-a-misa-de-accion-de-gracias\/#breadcrumb"},"inLanguage":"es","potentialAction":[{"@type":"ReadAction","target":["https:\/\/fuentesfidedignas.com.mx\/index.php\/2023\/08\/14\/arranca-el-pas-los-festejos-de-su-11vo-aniversario-asisten-a-misa-de-accion-de-gracias\/"]}]},{"@type":"ImageObject","inLanguage":"es","@id":"https:\/\/fuentesfidedignas.com.mx\/index.php\/2023\/08\/14\/arranca-el-pas-los-festejos-de-su-11vo-aniversario-asisten-a-misa-de-accion-de-gracias\/#primaryimage","url":"https:\/\/fuentesfidedignas.com.mx\/wp-content\/uploads\/2023\/08\/FB_IMG_1692042710716.jpg","contentUrl":"https:\/\/fuentesfidedignas.com.mx\/wp-content\/uploads\/2023\/08\/FB_IMG_1692042710716.jpg","width":960,"height":640},{"@type":"BreadcrumbList","@id":"https:\/\/fuentesfidedignas.com.mx\/index.php\/2023\/08\/14\/arranca-el-pas-los-festejos-de-su-11vo-aniversario-asisten-a-misa-de-accion-de-gracias\/#breadcrumb","itemListElement":[{"@type":"ListItem","position":1,"name":"Inicio","item":"https:\/\/fuentesfidedignas.com.mx\/"},{"@type":"ListItem","position":2,"name":"Con misa y pastel, el Partido Sinaloense celebra su 11vo aniversario"}]},{"@type":"WebSite","@id":"https:\/\/fuentesfidedignas.com.mx\/#website","url":"https:\/\/fuentesfidedignas.com.mx\/","name":"Fuentes Fidedignas","description":"Otro sitio realizado con WordPress","publisher":{"@id":"https:\/\/fuentesfidedignas.com.mx\/#organization"},"potentialAction":[{"@type":"SearchAction","target":{"@type":"EntryPoint","urlTemplate":"https:\/\/fuentesfidedignas.com.mx\/?s={search_term_string}"},"query-input":{"@type":"PropertyValueSpecification","valueRequired":true,"valueName":"search_term_string"}}],"inLanguage":"es"},{"@type":"Organization","@id":"https:\/\/fuentesfidedignas.com.mx\/#organization","name":"Fuentes Fidedignas","url":"https:\/\/fuentesfidedignas.com.mx\/","logo":{"@type":"ImageObject","inLanguage":"es","@id":"https:\/\/fuentesfidedignas.com.mx\/#\/schema\/logo\/image\/","url":"https:\/\/fuentesfidedignas.com.mx\/wp-content\/uploads\/2021\/04\/logo-retina.png","contentUrl":"https:\/\/fuentesfidedignas.com.mx\/wp-content\/uploads\/2021\/04\/logo-retina.png","width":280,"height":51,"caption":"Fuentes Fidedignas"},"image":{"@id":"https:\/\/fuentesfidedignas.com.mx\/#\/schema\/logo\/image\/"},"sameAs":["https:\/\/www.facebook.com\/Fuentes-Fidedignas-368234489921644","https:\/\/x.com\/fidedignas"]},{"@type":"Person","@id":"https:\/\/fuentesfidedignas.com.mx\/#\/schema\/person\/c77df25c00baae1d4fdc0340db6f364c","name":"Leonardo Gutierrez","image":{"@type":"ImageObject","inLanguage":"es","@id":"https:\/\/secure.gravatar.com\/avatar\/17b13a7a986cc98ca4d7337340bcac5945cbae677961c354aefb3c7962c8cc1f?s=96&d=mm&r=g","url":"https:\/\/secure.gravatar.com\/avatar\/17b13a7a986cc98ca4d7337340bcac5945cbae677961c354aefb3c7962c8cc1f?s=96&d=mm&r=g","contentUrl":"https:\/\/secure.gravatar.com\/avatar\/17b13a7a986cc98ca4d7337340bcac5945cbae677961c354aefb3c7962c8cc1f?s=96&d=mm&r=g","caption":"Leonardo Gutierrez"},"url":"https:\/\/fuentesfidedignas.com.mx\/index.php\/author\/leonardogut\/"}]}},"_links":{"self":[{"href":"https:\/\/fuentesfidedignas.com.mx\/index.php\/wp-json\/wp\/v2\/posts\/55353","targetHints":{"allow":["GET"]}}],"collection":[{"href":"https:\/\/fuentesfidedignas.com.mx\/index.php\/wp-json\/wp\/v2\/posts"}],"about":[{"href":"https:\/\/fuentesfidedignas.com.mx\/index.php\/wp-json\/wp\/v2\/types\/post"}],"author":[{"embeddable":true,"href":"https:\/\/fuentesfidedignas.com.mx\/index.php\/wp-json\/wp\/v2\/users\/112"}],"replies":[{"embeddable":true,"href":"https:\/\/fuentesfidedignas.com.mx\/index.php\/wp-json\/wp\/v2\/comments?post=55353"}],"version-history":[{"count":8,"href":"https:\/\/fuentesfidedignas.com.mx\/index.php\/wp-json\/wp\/v2\/posts\/55353\/revisions"}],"predecessor-version":[{"id":55404,"href":"https:\/\/fuentesfidedignas.com.mx\/index.php\/wp-json\/wp\/v2\/posts\/55353\/revisions\/55404"}],"wp:featuredmedia":[{"embeddable":true,"href":"https:\/\/fuentesfidedignas.com.mx\/index.php\/wp-json\/wp\/v2\/media\/55398"}],"wp:attachment":[{"href":"https:\/\/fuentesfidedignas.com.mx\/index.php\/wp-json\/wp\/v2\/media?parent=55353"}],"wp:term":[{"taxonomy":"category","embeddable":true,"href":"https:\/\/fuentesfidedignas.com.mx\/index.php\/wp-json\/wp\/v2\/categories?post=55353"},{"taxonomy":"post_tag","embeddable":true,"href":"https:\/\/fuentesfidedignas.com.mx\/index.php\/wp-json\/wp\/v2\/tags?post=55353"}],"curies":[{"name":"wp","href":"https:\/\/api.w.org\/{rel}","templated":true}]}}