{"id":55303,"date":"2023-08-13T16:29:34","date_gmt":"2023-08-13T23:29:34","guid":{"rendered":"https:\/\/fuentesfidedignas.com.mx\/?p=55303"},"modified":"2023-08-13T16:29:49","modified_gmt":"2023-08-13T23:29:49","slug":"vincularon-a-proceso-a-presunto-jefe-de-plaza-del-cartel-de-sinaloa","status":"publish","type":"post","link":"https:\/\/fuentesfidedignas.com.mx\/index.php\/2023\/08\/13\/vincularon-a-proceso-a-presunto-jefe-de-plaza-del-cartel-de-sinaloa\/","title":{"rendered":"Vincularon a proceso a presunto jefe de plaza del C\u00e1rtel de Sinaloa"},"content":{"rendered":"\n<p><strong><em>Junto con \u00e9l fue procesado otro sujeto; ambos fueron detenidos junto con armas y fentanilo<\/em><\/strong><\/p>\n\n\n\n<p>Ciudad de M\u00e9xico.- Fueron vinculados a proceso dos personas por su posible responsabilidad en delitos contra la salud y posesi\u00f3n de armamento de uso exclusivo de las autoridades. Uno de los procesados es Humberto A. S, quien es identificado como presunto jefe de plaza del C\u00e1rtel de Sinaloa.<\/p>\n\n\n\n<p>Junto con dicha persona fue detenido y tambi\u00e9n vinculado a proceso Jes\u00fas \u201cB\u201d, identificado como uno de sus colaboradores. Fue la Fiscal\u00eda General de la Rep\u00fablica (FGR) quien inform\u00f3 sobre las vinculaciones a proceso de las dos personas.<\/p>\n\n\n\n<p>Ambos individuos fueron detenidos \u201cen flagrancia\u201d junto con un kilogramo de fentanilo, cuatro armas de fuego, 353 cartuchos \u00fatiles y 15 cargadores, dicho material exclusivo de las autoridades de seguridad.<\/p>\n\n\n\n<p>\u201cLa Fiscal\u00eda General de la Rep\u00fablica (FGR), a trav\u00e9s de la Fiscal\u00eda Especializada en materia de Delincuencia Organizada (FEMDO), obtuvo vinculaci\u00f3n a proceso en contra de dos personas por su probable responsabilidad en los delitos de contra la salud, posesi\u00f3n de armas, cargadores y cartuchos de uso exclusivo del Ej\u00e9rcito, Armada y Fuerza A\u00e9rea\u201d, se puede leer en al comunicado de las autoridades.<\/p>\n\n\n\n<p><strong>D\u00f3nde estar\u00e1n recluidos<\/strong><br>Luego de que el Ministerio P\u00fablico aport\u00f3 los elementos necesarios ante un juez del Estado de M\u00e9xico este \u00faltimo otorg\u00f3 la vinculaci\u00f3n a proceso y determin\u00f3 cuatro meses para realizar la investigaci\u00f3n complementaria, mientras que las personas quedaron recluidas en el Centro Federal de Readaptaci\u00f3n (Cefereso) 1, conocido como El Altiplano.<\/p>\n\n\n\n<p>Dichas personas fueron capturadas el pasado 2 de agosto tras un cateo realizado en Culiac\u00e1n, Sinaloa, los arrestos estuvieron a cargo de la Secretar\u00eda de la Defensa Nacional (Sedena), la Guardia Nacional y otras instituciones de seguridad.<\/p>\n\n\n\n<p>Los primeros reportes sobre la captura de ambas personas fueron dadas a conocer por el medio Foro TV durante el pasado jueves 3 de agosto, mientras que las detenciones fueron confirmadas por el Ej\u00e9rcito durante el 10 de agosto.<\/p>\n\n\n\n<p>La Sedena detall\u00f3 que el inmueble donde fueron detenidos Humberto A. S. y Jes\u00fas B. era usado para realizar actividades il\u00edcitas, mientras que Humberto es identificado como presunto l\u00edder de una c\u00e9lula delictiva que se dedica al trasiego de diversas drogas y armamento a Estados Unidos y otra de las actividad con las que estar\u00eda involucrado, seg\u00fan las investigaciones de las autoridades, es el secuestro.<\/p>\n\n\n\n<p>Para que los sujetos fueron capturados los militares realizaron un per\u00edmetro de seguridad en el poblado de Guadalupe Victoria en Culiac\u00e1n, Sinaloa, sitio donde estaba el \u00bfinmueble que fue asegurado junto con las dosis del opioide y el armamento.<\/p>\n\n\n\n<p><\/p>\n\n\n\n<p><\/p>\n","protected":false},"excerpt":{"rendered":"<p>Junto con \u00e9l fue procesado otro sujeto; ambos fueron detenidos junto con armas y fentanilo Ciudad de M\u00e9xico.- Fueron vinculados a proceso dos personas por su posible responsabilidad en delitos contra la salud y posesi\u00f3n de armamento de uso exclusivo de las autoridades. Uno de los procesados es Humberto A. S, quien es identificado como [&hellip;]<\/p>\n","protected":false},"author":41,"featured_media":55304,"comment_status":"open","ping_status":"open","sticky":false,"template":"","format":"standard","meta":{"tdm_status":"","tdm_grid_status":"","footnotes":""},"categories":[37],"tags":[],"class_list":{"0":"post-55303","1":"post","2":"type-post","3":"status-publish","4":"format-standard","5":"has-post-thumbnail","7":"category-nota-principal"},"yoast_head":"<!-- This site is optimized with the Yoast SEO plugin v27.5 - https:\/\/yoast.com\/product\/yoast-seo-wordpress\/ -->\n<title>Vincularon a proceso a presunto jefe de plaza del C\u00e1rtel de Sinaloa - Fuentes Fidedignas<\/title>\n<meta name=\"robots\" content=\"index, follow, max-snippet:-1, max-image-preview:large, max-video-preview:-1\" \/>\n<link rel=\"canonical\" href=\"https:\/\/fuentesfidedignas.com.mx\/index.php\/2023\/08\/13\/vincularon-a-proceso-a-presunto-jefe-de-plaza-del-cartel-de-sinaloa\/\" \/>\n<meta property=\"og:locale\" content=\"es_MX\" \/>\n<meta property=\"og:type\" content=\"article\" \/>\n<meta property=\"og:title\" content=\"Vincularon a proceso a presunto jefe de plaza del C\u00e1rtel de Sinaloa - Fuentes Fidedignas\" \/>\n<meta property=\"og:description\" content=\"Junto con \u00e9l fue procesado otro sujeto; ambos fueron detenidos junto con armas y fentanilo Ciudad de M\u00e9xico.- Fueron vinculados a proceso dos personas por su posible responsabilidad en delitos contra la salud y posesi\u00f3n de armamento de uso exclusivo de las autoridades. Uno de los procesados es Humberto A. S, quien es identificado como [&hellip;]\" \/>\n<meta property=\"og:url\" content=\"https:\/\/fuentesfidedignas.com.mx\/index.php\/2023\/08\/13\/vincularon-a-proceso-a-presunto-jefe-de-plaza-del-cartel-de-sinaloa\/\" \/>\n<meta property=\"og:site_name\" content=\"Fuentes Fidedignas\" \/>\n<meta property=\"article:publisher\" content=\"https:\/\/www.facebook.com\/Fuentes-Fidedignas-368234489921644\" \/>\n<meta property=\"article:published_time\" content=\"2023-08-13T23:29:34+00:00\" \/>\n<meta property=\"article:modified_time\" content=\"2023-08-13T23:29:49+00:00\" \/>\n<meta property=\"og:image\" content=\"https:\/\/fuentesfidedignas.com.mx\/wp-content\/uploads\/2023\/08\/DETENIDOS_1.jpg\" \/>\n\t<meta property=\"og:image:width\" content=\"1094\" \/>\n\t<meta property=\"og:image:height\" content=\"629\" \/>\n\t<meta property=\"og:image:type\" content=\"image\/jpeg\" \/>\n<meta name=\"author\" content=\"Infobae\" \/>\n<meta name=\"twitter:card\" content=\"summary_large_image\" \/>\n<meta name=\"twitter:creator\" content=\"@fidedignas\" \/>\n<meta name=\"twitter:site\" content=\"@fidedignas\" \/>\n<meta name=\"twitter:label1\" content=\"Escrito por\" \/>\n\t<meta name=\"twitter:data1\" content=\"Infobae\" \/>\n\t<meta name=\"twitter:label2\" content=\"Tiempo de lectura\" \/>\n\t<meta name=\"twitter:data2\" content=\"2 minutos\" \/>\n<script type=\"application\/ld+json\" class=\"yoast-schema-graph\">{\"@context\":\"https:\\\/\\\/schema.org\",\"@graph\":[{\"@type\":\"Article\",\"@id\":\"https:\\\/\\\/fuentesfidedignas.com.mx\\\/index.php\\\/2023\\\/08\\\/13\\\/vincularon-a-proceso-a-presunto-jefe-de-plaza-del-cartel-de-sinaloa\\\/#article\",\"isPartOf\":{\"@id\":\"https:\\\/\\\/fuentesfidedignas.com.mx\\\/index.php\\\/2023\\\/08\\\/13\\\/vincularon-a-proceso-a-presunto-jefe-de-plaza-del-cartel-de-sinaloa\\\/\"},\"author\":{\"name\":\"Infobae\",\"@id\":\"https:\\\/\\\/fuentesfidedignas.com.mx\\\/#\\\/schema\\\/person\\\/8575896a7c1067d352f6c1cd6582c389\"},\"headline\":\"Vincularon a proceso a presunto jefe de plaza del C\u00e1rtel de Sinaloa\",\"datePublished\":\"2023-08-13T23:29:34+00:00\",\"dateModified\":\"2023-08-13T23:29:49+00:00\",\"mainEntityOfPage\":{\"@id\":\"https:\\\/\\\/fuentesfidedignas.com.mx\\\/index.php\\\/2023\\\/08\\\/13\\\/vincularon-a-proceso-a-presunto-jefe-de-plaza-del-cartel-de-sinaloa\\\/\"},\"wordCount\":469,\"commentCount\":0,\"publisher\":{\"@id\":\"https:\\\/\\\/fuentesfidedignas.com.mx\\\/#organization\"},\"image\":{\"@id\":\"https:\\\/\\\/fuentesfidedignas.com.mx\\\/index.php\\\/2023\\\/08\\\/13\\\/vincularon-a-proceso-a-presunto-jefe-de-plaza-del-cartel-de-sinaloa\\\/#primaryimage\"},\"thumbnailUrl\":\"https:\\\/\\\/fuentesfidedignas.com.mx\\\/wp-content\\\/uploads\\\/2023\\\/08\\\/DETENIDOS_1.jpg\",\"articleSection\":[\"NOTA PRINCIPAL\"],\"inLanguage\":\"es\",\"potentialAction\":[{\"@type\":\"CommentAction\",\"name\":\"Comment\",\"target\":[\"https:\\\/\\\/fuentesfidedignas.com.mx\\\/index.php\\\/2023\\\/08\\\/13\\\/vincularon-a-proceso-a-presunto-jefe-de-plaza-del-cartel-de-sinaloa\\\/#respond\"]}]},{\"@type\":\"WebPage\",\"@id\":\"https:\\\/\\\/fuentesfidedignas.com.mx\\\/index.php\\\/2023\\\/08\\\/13\\\/vincularon-a-proceso-a-presunto-jefe-de-plaza-del-cartel-de-sinaloa\\\/\",\"url\":\"https:\\\/\\\/fuentesfidedignas.com.mx\\\/index.php\\\/2023\\\/08\\\/13\\\/vincularon-a-proceso-a-presunto-jefe-de-plaza-del-cartel-de-sinaloa\\\/\",\"name\":\"Vincularon a proceso a presunto jefe de plaza del C\u00e1rtel de Sinaloa - Fuentes Fidedignas\",\"isPartOf\":{\"@id\":\"https:\\\/\\\/fuentesfidedignas.com.mx\\\/#website\"},\"primaryImageOfPage\":{\"@id\":\"https:\\\/\\\/fuentesfidedignas.com.mx\\\/index.php\\\/2023\\\/08\\\/13\\\/vincularon-a-proceso-a-presunto-jefe-de-plaza-del-cartel-de-sinaloa\\\/#primaryimage\"},\"image\":{\"@id\":\"https:\\\/\\\/fuentesfidedignas.com.mx\\\/index.php\\\/2023\\\/08\\\/13\\\/vincularon-a-proceso-a-presunto-jefe-de-plaza-del-cartel-de-sinaloa\\\/#primaryimage\"},\"thumbnailUrl\":\"https:\\\/\\\/fuentesfidedignas.com.mx\\\/wp-content\\\/uploads\\\/2023\\\/08\\\/DETENIDOS_1.jpg\",\"datePublished\":\"2023-08-13T23:29:34+00:00\",\"dateModified\":\"2023-08-13T23:29:49+00:00\",\"breadcrumb\":{\"@id\":\"https:\\\/\\\/fuentesfidedignas.com.mx\\\/index.php\\\/2023\\\/08\\\/13\\\/vincularon-a-proceso-a-presunto-jefe-de-plaza-del-cartel-de-sinaloa\\\/#breadcrumb\"},\"inLanguage\":\"es\",\"potentialAction\":[{\"@type\":\"ReadAction\",\"target\":[\"https:\\\/\\\/fuentesfidedignas.com.mx\\\/index.php\\\/2023\\\/08\\\/13\\\/vincularon-a-proceso-a-presunto-jefe-de-plaza-del-cartel-de-sinaloa\\\/\"]}]},{\"@type\":\"ImageObject\",\"inLanguage\":\"es\",\"@id\":\"https:\\\/\\\/fuentesfidedignas.com.mx\\\/index.php\\\/2023\\\/08\\\/13\\\/vincularon-a-proceso-a-presunto-jefe-de-plaza-del-cartel-de-sinaloa\\\/#primaryimage\",\"url\":\"https:\\\/\\\/fuentesfidedignas.com.mx\\\/wp-content\\\/uploads\\\/2023\\\/08\\\/DETENIDOS_1.jpg\",\"contentUrl\":\"https:\\\/\\\/fuentesfidedignas.com.mx\\\/wp-content\\\/uploads\\\/2023\\\/08\\\/DETENIDOS_1.jpg\",\"width\":1094,\"height\":629},{\"@type\":\"BreadcrumbList\",\"@id\":\"https:\\\/\\\/fuentesfidedignas.com.mx\\\/index.php\\\/2023\\\/08\\\/13\\\/vincularon-a-proceso-a-presunto-jefe-de-plaza-del-cartel-de-sinaloa\\\/#breadcrumb\",\"itemListElement\":[{\"@type\":\"ListItem\",\"position\":1,\"name\":\"Inicio\",\"item\":\"https:\\\/\\\/fuentesfidedignas.com.mx\\\/\"},{\"@type\":\"ListItem\",\"position\":2,\"name\":\"Vincularon a proceso a presunto jefe de plaza del C\u00e1rtel de Sinaloa\"}]},{\"@type\":\"WebSite\",\"@id\":\"https:\\\/\\\/fuentesfidedignas.com.mx\\\/#website\",\"url\":\"https:\\\/\\\/fuentesfidedignas.com.mx\\\/\",\"name\":\"Fuentes Fidedignas\",\"description\":\"Otro sitio realizado con WordPress\",\"publisher\":{\"@id\":\"https:\\\/\\\/fuentesfidedignas.com.mx\\\/#organization\"},\"potentialAction\":[{\"@type\":\"SearchAction\",\"target\":{\"@type\":\"EntryPoint\",\"urlTemplate\":\"https:\\\/\\\/fuentesfidedignas.com.mx\\\/?s={search_term_string}\"},\"query-input\":{\"@type\":\"PropertyValueSpecification\",\"valueRequired\":true,\"valueName\":\"search_term_string\"}}],\"inLanguage\":\"es\"},{\"@type\":\"Organization\",\"@id\":\"https:\\\/\\\/fuentesfidedignas.com.mx\\\/#organization\",\"name\":\"Fuentes Fidedignas\",\"url\":\"https:\\\/\\\/fuentesfidedignas.com.mx\\\/\",\"logo\":{\"@type\":\"ImageObject\",\"inLanguage\":\"es\",\"@id\":\"https:\\\/\\\/fuentesfidedignas.com.mx\\\/#\\\/schema\\\/logo\\\/image\\\/\",\"url\":\"https:\\\/\\\/fuentesfidedignas.com.mx\\\/wp-content\\\/uploads\\\/2021\\\/04\\\/logo-retina.png\",\"contentUrl\":\"https:\\\/\\\/fuentesfidedignas.com.mx\\\/wp-content\\\/uploads\\\/2021\\\/04\\\/logo-retina.png\",\"width\":280,\"height\":51,\"caption\":\"Fuentes Fidedignas\"},\"image\":{\"@id\":\"https:\\\/\\\/fuentesfidedignas.com.mx\\\/#\\\/schema\\\/logo\\\/image\\\/\"},\"sameAs\":[\"https:\\\/\\\/www.facebook.com\\\/Fuentes-Fidedignas-368234489921644\",\"https:\\\/\\\/x.com\\\/fidedignas\"]},{\"@type\":\"Person\",\"@id\":\"https:\\\/\\\/fuentesfidedignas.com.mx\\\/#\\\/schema\\\/person\\\/8575896a7c1067d352f6c1cd6582c389\",\"name\":\"Infobae\",\"image\":{\"@type\":\"ImageObject\",\"inLanguage\":\"es\",\"@id\":\"https:\\\/\\\/secure.gravatar.com\\\/avatar\\\/e4ec95706f8d1670343f6526fdcec45474bab17475a851434a64ca12b5acba1c?s=96&d=mm&r=g\",\"url\":\"https:\\\/\\\/secure.gravatar.com\\\/avatar\\\/e4ec95706f8d1670343f6526fdcec45474bab17475a851434a64ca12b5acba1c?s=96&d=mm&r=g\",\"contentUrl\":\"https:\\\/\\\/secure.gravatar.com\\\/avatar\\\/e4ec95706f8d1670343f6526fdcec45474bab17475a851434a64ca12b5acba1c?s=96&d=mm&r=g\",\"caption\":\"Infobae\"},\"url\":\"https:\\\/\\\/fuentesfidedignas.com.mx\\\/index.php\\\/author\\\/infobae\\\/\"}]}<\/script>\n<!-- \/ Yoast SEO plugin. -->","yoast_head_json":{"title":"Vincularon a proceso a presunto jefe de plaza del C\u00e1rtel de Sinaloa - Fuentes Fidedignas","robots":{"index":"index","follow":"follow","max-snippet":"max-snippet:-1","max-image-preview":"max-image-preview:large","max-video-preview":"max-video-preview:-1"},"canonical":"https:\/\/fuentesfidedignas.com.mx\/index.php\/2023\/08\/13\/vincularon-a-proceso-a-presunto-jefe-de-plaza-del-cartel-de-sinaloa\/","og_locale":"es_MX","og_type":"article","og_title":"Vincularon a proceso a presunto jefe de plaza del C\u00e1rtel de Sinaloa - Fuentes Fidedignas","og_description":"Junto con \u00e9l fue procesado otro sujeto; ambos fueron detenidos junto con armas y fentanilo Ciudad de M\u00e9xico.- Fueron vinculados a proceso dos personas por su posible responsabilidad en delitos contra la salud y posesi\u00f3n de armamento de uso exclusivo de las autoridades. Uno de los procesados es Humberto A. S, quien es identificado como [&hellip;]","og_url":"https:\/\/fuentesfidedignas.com.mx\/index.php\/2023\/08\/13\/vincularon-a-proceso-a-presunto-jefe-de-plaza-del-cartel-de-sinaloa\/","og_site_name":"Fuentes Fidedignas","article_publisher":"https:\/\/www.facebook.com\/Fuentes-Fidedignas-368234489921644","article_published_time":"2023-08-13T23:29:34+00:00","article_modified_time":"2023-08-13T23:29:49+00:00","og_image":[{"width":1094,"height":629,"url":"https:\/\/fuentesfidedignas.com.mx\/wp-content\/uploads\/2023\/08\/DETENIDOS_1.jpg","type":"image\/jpeg"}],"author":"Infobae","twitter_card":"summary_large_image","twitter_creator":"@fidedignas","twitter_site":"@fidedignas","twitter_misc":{"Escrito por":"Infobae","Tiempo de lectura":"2 minutos"},"schema":{"@context":"https:\/\/schema.org","@graph":[{"@type":"Article","@id":"https:\/\/fuentesfidedignas.com.mx\/index.php\/2023\/08\/13\/vincularon-a-proceso-a-presunto-jefe-de-plaza-del-cartel-de-sinaloa\/#article","isPartOf":{"@id":"https:\/\/fuentesfidedignas.com.mx\/index.php\/2023\/08\/13\/vincularon-a-proceso-a-presunto-jefe-de-plaza-del-cartel-de-sinaloa\/"},"author":{"name":"Infobae","@id":"https:\/\/fuentesfidedignas.com.mx\/#\/schema\/person\/8575896a7c1067d352f6c1cd6582c389"},"headline":"Vincularon a proceso a presunto jefe de plaza del C\u00e1rtel de Sinaloa","datePublished":"2023-08-13T23:29:34+00:00","dateModified":"2023-08-13T23:29:49+00:00","mainEntityOfPage":{"@id":"https:\/\/fuentesfidedignas.com.mx\/index.php\/2023\/08\/13\/vincularon-a-proceso-a-presunto-jefe-de-plaza-del-cartel-de-sinaloa\/"},"wordCount":469,"commentCount":0,"publisher":{"@id":"https:\/\/fuentesfidedignas.com.mx\/#organization"},"image":{"@id":"https:\/\/fuentesfidedignas.com.mx\/index.php\/2023\/08\/13\/vincularon-a-proceso-a-presunto-jefe-de-plaza-del-cartel-de-sinaloa\/#primaryimage"},"thumbnailUrl":"https:\/\/fuentesfidedignas.com.mx\/wp-content\/uploads\/2023\/08\/DETENIDOS_1.jpg","articleSection":["NOTA PRINCIPAL"],"inLanguage":"es","potentialAction":[{"@type":"CommentAction","name":"Comment","target":["https:\/\/fuentesfidedignas.com.mx\/index.php\/2023\/08\/13\/vincularon-a-proceso-a-presunto-jefe-de-plaza-del-cartel-de-sinaloa\/#respond"]}]},{"@type":"WebPage","@id":"https:\/\/fuentesfidedignas.com.mx\/index.php\/2023\/08\/13\/vincularon-a-proceso-a-presunto-jefe-de-plaza-del-cartel-de-sinaloa\/","url":"https:\/\/fuentesfidedignas.com.mx\/index.php\/2023\/08\/13\/vincularon-a-proceso-a-presunto-jefe-de-plaza-del-cartel-de-sinaloa\/","name":"Vincularon a proceso a presunto jefe de plaza del C\u00e1rtel de Sinaloa - Fuentes Fidedignas","isPartOf":{"@id":"https:\/\/fuentesfidedignas.com.mx\/#website"},"primaryImageOfPage":{"@id":"https:\/\/fuentesfidedignas.com.mx\/index.php\/2023\/08\/13\/vincularon-a-proceso-a-presunto-jefe-de-plaza-del-cartel-de-sinaloa\/#primaryimage"},"image":{"@id":"https:\/\/fuentesfidedignas.com.mx\/index.php\/2023\/08\/13\/vincularon-a-proceso-a-presunto-jefe-de-plaza-del-cartel-de-sinaloa\/#primaryimage"},"thumbnailUrl":"https:\/\/fuentesfidedignas.com.mx\/wp-content\/uploads\/2023\/08\/DETENIDOS_1.jpg","datePublished":"2023-08-13T23:29:34+00:00","dateModified":"2023-08-13T23:29:49+00:00","breadcrumb":{"@id":"https:\/\/fuentesfidedignas.com.mx\/index.php\/2023\/08\/13\/vincularon-a-proceso-a-presunto-jefe-de-plaza-del-cartel-de-sinaloa\/#breadcrumb"},"inLanguage":"es","potentialAction":[{"@type":"ReadAction","target":["https:\/\/fuentesfidedignas.com.mx\/index.php\/2023\/08\/13\/vincularon-a-proceso-a-presunto-jefe-de-plaza-del-cartel-de-sinaloa\/"]}]},{"@type":"ImageObject","inLanguage":"es","@id":"https:\/\/fuentesfidedignas.com.mx\/index.php\/2023\/08\/13\/vincularon-a-proceso-a-presunto-jefe-de-plaza-del-cartel-de-sinaloa\/#primaryimage","url":"https:\/\/fuentesfidedignas.com.mx\/wp-content\/uploads\/2023\/08\/DETENIDOS_1.jpg","contentUrl":"https:\/\/fuentesfidedignas.com.mx\/wp-content\/uploads\/2023\/08\/DETENIDOS_1.jpg","width":1094,"height":629},{"@type":"BreadcrumbList","@id":"https:\/\/fuentesfidedignas.com.mx\/index.php\/2023\/08\/13\/vincularon-a-proceso-a-presunto-jefe-de-plaza-del-cartel-de-sinaloa\/#breadcrumb","itemListElement":[{"@type":"ListItem","position":1,"name":"Inicio","item":"https:\/\/fuentesfidedignas.com.mx\/"},{"@type":"ListItem","position":2,"name":"Vincularon a proceso a presunto jefe de plaza del C\u00e1rtel de Sinaloa"}]},{"@type":"WebSite","@id":"https:\/\/fuentesfidedignas.com.mx\/#website","url":"https:\/\/fuentesfidedignas.com.mx\/","name":"Fuentes Fidedignas","description":"Otro sitio realizado con WordPress","publisher":{"@id":"https:\/\/fuentesfidedignas.com.mx\/#organization"},"potentialAction":[{"@type":"SearchAction","target":{"@type":"EntryPoint","urlTemplate":"https:\/\/fuentesfidedignas.com.mx\/?s={search_term_string}"},"query-input":{"@type":"PropertyValueSpecification","valueRequired":true,"valueName":"search_term_string"}}],"inLanguage":"es"},{"@type":"Organization","@id":"https:\/\/fuentesfidedignas.com.mx\/#organization","name":"Fuentes Fidedignas","url":"https:\/\/fuentesfidedignas.com.mx\/","logo":{"@type":"ImageObject","inLanguage":"es","@id":"https:\/\/fuentesfidedignas.com.mx\/#\/schema\/logo\/image\/","url":"https:\/\/fuentesfidedignas.com.mx\/wp-content\/uploads\/2021\/04\/logo-retina.png","contentUrl":"https:\/\/fuentesfidedignas.com.mx\/wp-content\/uploads\/2021\/04\/logo-retina.png","width":280,"height":51,"caption":"Fuentes Fidedignas"},"image":{"@id":"https:\/\/fuentesfidedignas.com.mx\/#\/schema\/logo\/image\/"},"sameAs":["https:\/\/www.facebook.com\/Fuentes-Fidedignas-368234489921644","https:\/\/x.com\/fidedignas"]},{"@type":"Person","@id":"https:\/\/fuentesfidedignas.com.mx\/#\/schema\/person\/8575896a7c1067d352f6c1cd6582c389","name":"Infobae","image":{"@type":"ImageObject","inLanguage":"es","@id":"https:\/\/secure.gravatar.com\/avatar\/e4ec95706f8d1670343f6526fdcec45474bab17475a851434a64ca12b5acba1c?s=96&d=mm&r=g","url":"https:\/\/secure.gravatar.com\/avatar\/e4ec95706f8d1670343f6526fdcec45474bab17475a851434a64ca12b5acba1c?s=96&d=mm&r=g","contentUrl":"https:\/\/secure.gravatar.com\/avatar\/e4ec95706f8d1670343f6526fdcec45474bab17475a851434a64ca12b5acba1c?s=96&d=mm&r=g","caption":"Infobae"},"url":"https:\/\/fuentesfidedignas.com.mx\/index.php\/author\/infobae\/"}]}},"_links":{"self":[{"href":"https:\/\/fuentesfidedignas.com.mx\/index.php\/wp-json\/wp\/v2\/posts\/55303","targetHints":{"allow":["GET"]}}],"collection":[{"href":"https:\/\/fuentesfidedignas.com.mx\/index.php\/wp-json\/wp\/v2\/posts"}],"about":[{"href":"https:\/\/fuentesfidedignas.com.mx\/index.php\/wp-json\/wp\/v2\/types\/post"}],"author":[{"embeddable":true,"href":"https:\/\/fuentesfidedignas.com.mx\/index.php\/wp-json\/wp\/v2\/users\/41"}],"replies":[{"embeddable":true,"href":"https:\/\/fuentesfidedignas.com.mx\/index.php\/wp-json\/wp\/v2\/comments?post=55303"}],"version-history":[{"count":2,"href":"https:\/\/fuentesfidedignas.com.mx\/index.php\/wp-json\/wp\/v2\/posts\/55303\/revisions"}],"predecessor-version":[{"id":55306,"href":"https:\/\/fuentesfidedignas.com.mx\/index.php\/wp-json\/wp\/v2\/posts\/55303\/revisions\/55306"}],"wp:featuredmedia":[{"embeddable":true,"href":"https:\/\/fuentesfidedignas.com.mx\/index.php\/wp-json\/wp\/v2\/media\/55304"}],"wp:attachment":[{"href":"https:\/\/fuentesfidedignas.com.mx\/index.php\/wp-json\/wp\/v2\/media?parent=55303"}],"wp:term":[{"taxonomy":"category","embeddable":true,"href":"https:\/\/fuentesfidedignas.com.mx\/index.php\/wp-json\/wp\/v2\/categories?post=55303"},{"taxonomy":"post_tag","embeddable":true,"href":"https:\/\/fuentesfidedignas.com.mx\/index.php\/wp-json\/wp\/v2\/tags?post=55303"}],"curies":[{"name":"wp","href":"https:\/\/api.w.org\/{rel}","templated":true}]}}