{"id":55270,"date":"2023-08-13T12:39:19","date_gmt":"2023-08-13T19:39:19","guid":{"rendered":"https:\/\/fuentesfidedignas.com.mx\/?p=55270"},"modified":"2023-08-13T12:39:52","modified_gmt":"2023-08-13T19:39:52","slug":"eu-acuso-al-exdirector-del-hospital-general-de-culiacan-por-su-presunto-vinculo-con-los-chapitos","status":"publish","type":"post","link":"https:\/\/fuentesfidedignas.com.mx\/index.php\/2023\/08\/13\/eu-acuso-al-exdirector-del-hospital-general-de-culiacan-por-su-presunto-vinculo-con-los-chapitos\/","title":{"rendered":"EU acus\u00f3 al exdirector del Hospital General de Culiac\u00e1n por su presunto v\u00ednculo con \u201cLos Chapitos\u201d"},"content":{"rendered":"\n<p><strong><em>Jorge Alberto Zamudio Lerma fue designado como titular del Hospital General de Culiac\u00e1n el 4 de enero del 2017<\/em><\/strong><\/p>\n\n\n\n<p>Ciudad de M\u00e9xico.- El ex director del Hospital General de Culiac\u00e1n, Jorge Alberto Zamudio Lerma, fue incluido por el Departamento del Tesoro de Estados Unidos en la lista de personas f\u00edsicas y empresas bloqueadas por la Oficina de Control de Bienes Extranjeros (OFAC, por sus siglas en ingl\u00e9s).<\/p>\n\n\n\n<p>Esto quiere decir que ninguna empresa o ciudadano estadounidense podr\u00e1 hacer cualquier negocio u operaci\u00f3n financiera relacionada con el m\u00e9dico mexicano.<\/p>\n\n\n\n<p>\u201cLos sancionados est\u00e1n asociados con los proveedores de precursores qu\u00edmicos con sede en Sinaloa, M\u00e9xico y los hermanos Zamudio Lerma y, en \u00faltima instancia, operan bajo la facci\u00f3n Los Chapitos del C\u00e1rtel de Sinaloa (que es) responsable de una porci\u00f3n significativa del fentanilo il\u00edcito y otras drogas mortales traficadas a los Estados Unidos\u201d, detall\u00f3 el subsecretario del Tesoro para Terrorismo e Inteligencia Financiera, Brian Nelson.<\/p>\n\n\n\n<p>Las autoridades estadounidenses acusan a Zamudio Lerma y a dos de sus hermanos por la presunta compra de precursores qu\u00edmicos con falsos requerimientos para despu\u00e9s desviar dichas sustancias a los laboratorios de drogas sint\u00e9ticas como el fentanilo y la metanfetamina.<\/p>\n\n\n\n<p>Sin embargo, tras darse a conocer las acusaciones de las autoridades estadounidenses, Jorge Alberto Zamudio asegur\u00f3 ser inocente y critic\u00f3 al sistema penal mexicano por su forma de emprender un proceso judicial.<\/p>\n\n\n\n<p>\u201cEstamos en proceso de mostrar mi inocencia porque aqu\u00ed primero eres culpable y despu\u00e9s tienes que demostrar que eres inocente cuando debe ser al rev\u00e9s. Est\u00e1 el proceso y no puedo hablar al respecto, el proceso est\u00e1 en los dos lados, aqu\u00ed est\u00e1n peor que all\u00e1\u201d, dijo a Aristegui Noticias.<\/p>\n\n\n\n<p>El ex director del Hospital General de Culiac\u00e1n asegur\u00f3 que su defensa ya trabaja en la anulaci\u00f3n del congelamiento de sus cuentas bancarias por parte de la Unidad de Inteligencia Financiera (UIF).<\/p>\n\n\n\n<p>Sus dos hermanos tambi\u00e9n fueron incluidos en la acusaci\u00f3n por su presunta asociaci\u00f3n comercial con una empresa de aceros que fue designada como parte de la red criminal de \u201cLos Chapitos\u201d el pasado mes de febrero.<\/p>\n\n\n\n<figure class=\"wp-block-image size-large\"><img decoding=\"async\" width=\"1024\" height=\"618\" src=\"https:\/\/fuentesfidedignas.com.mx\/wp-content\/uploads\/2023\/08\/CARTEL_SIN-1024x618.jpg\" alt=\"\" class=\"wp-image-55271\" srcset=\"https:\/\/fuentesfidedignas.com.mx\/wp-content\/uploads\/2023\/08\/CARTEL_SIN-1024x618.jpg 1024w, https:\/\/fuentesfidedignas.com.mx\/wp-content\/uploads\/2023\/08\/CARTEL_SIN-300x181.jpg 300w, https:\/\/fuentesfidedignas.com.mx\/wp-content\/uploads\/2023\/08\/CARTEL_SIN-768x463.jpg 768w, https:\/\/fuentesfidedignas.com.mx\/wp-content\/uploads\/2023\/08\/CARTEL_SIN-696x420.jpg 696w, https:\/\/fuentesfidedignas.com.mx\/wp-content\/uploads\/2023\/08\/CARTEL_SIN.jpg 1029w\" sizes=\"(max-width: 1024px) 100vw, 1024px\" \/><\/figure>\n\n\n\n<p>Seg\u00fan las autoridades de EEUU, dicha empresa realiz\u00f3 o intent\u00f3 participar en \u201cactividades o transacciones que han contribuido materialmente a la proliferaci\u00f3n internacional de drogas il\u00edcitas o sus medios de producci\u00f3n, o que representan un riesgo significativo de contribuir materialmente a la producci\u00f3n de \u00e9stas\u201d, se\u00f1al\u00f3 el Departamento del Tesoro.<\/p>\n\n\n\n<p>\u201cLos hermanos Zamudio Lerma y su red permiten la producci\u00f3n de drogas sint\u00e9ticas que devastan la vida de los estadounidenses, mientras llenan los bolsillos del liderazgo del C\u00e1rtel de Sinaloa\u201d, dijo Andrea Gacki, directora de la OFAC, el pasado 22 de febrero del 2023.<\/p>\n\n\n\n<p>Acorde con las investigaciones del Departamento del Tesoro, los Zamudio estar\u00edan alineados con la facci\u00f3n encabezada por Ovidio Guzm\u00e1n, capturado el 5 de enero de 2023, pues ser\u00edan los encargados de abastecer de sustancias qu\u00edmicas a Luis Gerardo Flores Madrid, quien trabaja directamente para el hijo de Joaqu\u00edn \u201cEl Chapo\u201d Guzm\u00e1n.<\/p>\n\n\n\n<p>Sumado a ello, los hermanos Zamudio fueron identificados como los principales proveedores de Ernesto Machado Torres y Jos\u00e9 Santana Arredondo Beltr\u00e1n, operadores de un \u201cs\u00faper laboratorio\u201d de drogas sint\u00e9ticas.<\/p>\n\n\n\n<p>Se le otorga dicha denominaci\u00f3n a los complejos utilizados por los grupos criminales que son capaces de producir 10 libras (4,5 kilogramos) o m\u00e1s de narc\u00f3ticos por ciclo. En caso del C\u00e1rtel de Sinaloa, estas instalaciones se utilizan para producir cargamentos de fentanilo y metanfetamina que, posteriormente, son trasladados a EEUU a trav\u00e9s de distintas rutas de Sonora y Baja California.<\/p>\n\n\n\n<p>En el caso de Jorge Alberto Zamudio Lerma fue designado como titular del Hospital General de Culiac\u00e1n el 4 de enero del 2017 durante el sexenio del exgobernador de Sinaloa y hoy embajador de M\u00e9xico en Espa\u00f1a, Quirino Ordaz Coppel.<\/p>\n\n\n\n<p>Su nombramiento fue anunciado por el entonces secretario de Salud estatal, Alfredo Rom\u00e1n Messina, quien a su vez fue designado por Quirino Ordaz.<\/p>\n\n\n\n<p>Seg\u00fan los registros de la SFP, Jorge Zamudio Lerma trabaj\u00f3 en la Secretar\u00eda de Salud Federal desde el a\u00f1o 2000 y actualmente tiene una comisi\u00f3n sindical en la secci\u00f3n 44 del Sindicato Nacional de Trabajadores de la Secretar\u00eda de Salud (SNTSS).<\/p>\n","protected":false},"excerpt":{"rendered":"<p>Jorge Alberto Zamudio Lerma fue designado como titular del Hospital General de Culiac\u00e1n el 4 de enero del 2017 Ciudad de M\u00e9xico.- El ex director del Hospital General de Culiac\u00e1n, Jorge Alberto Zamudio Lerma, fue incluido por el Departamento del Tesoro de Estados Unidos en la lista de personas f\u00edsicas y empresas bloqueadas por la [&hellip;]<\/p>\n","protected":false},"author":41,"featured_media":55273,"comment_status":"open","ping_status":"open","sticky":false,"template":"","format":"standard","meta":{"tdm_status":"","tdm_grid_status":"","footnotes":""},"categories":[37],"tags":[],"class_list":{"0":"post-55270","1":"post","2":"type-post","3":"status-publish","4":"format-standard","5":"has-post-thumbnail","7":"category-nota-principal"},"yoast_head":"<!-- This site is optimized with the Yoast SEO plugin v27.4 - https:\/\/yoast.com\/product\/yoast-seo-wordpress\/ -->\n<title>EU acus\u00f3 al exdirector del Hospital General de Culiac\u00e1n por su presunto v\u00ednculo con \u201cLos Chapitos\u201d - Fuentes Fidedignas<\/title>\n<meta name=\"robots\" content=\"index, follow, max-snippet:-1, max-image-preview:large, max-video-preview:-1\" \/>\n<link rel=\"canonical\" href=\"https:\/\/fuentesfidedignas.com.mx\/index.php\/2023\/08\/13\/eu-acuso-al-exdirector-del-hospital-general-de-culiacan-por-su-presunto-vinculo-con-los-chapitos\/\" \/>\n<meta property=\"og:locale\" content=\"es_MX\" \/>\n<meta property=\"og:type\" content=\"article\" \/>\n<meta property=\"og:title\" content=\"EU acus\u00f3 al exdirector del Hospital General de Culiac\u00e1n por su presunto v\u00ednculo con \u201cLos Chapitos\u201d - Fuentes Fidedignas\" \/>\n<meta property=\"og:description\" content=\"Jorge Alberto Zamudio Lerma fue designado como titular del Hospital General de Culiac\u00e1n el 4 de enero del 2017 Ciudad de M\u00e9xico.- El ex director del Hospital General de Culiac\u00e1n, Jorge Alberto Zamudio Lerma, fue incluido por el Departamento del Tesoro de Estados Unidos en la lista de personas f\u00edsicas y empresas bloqueadas por la [&hellip;]\" \/>\n<meta property=\"og:url\" content=\"https:\/\/fuentesfidedignas.com.mx\/index.php\/2023\/08\/13\/eu-acuso-al-exdirector-del-hospital-general-de-culiacan-por-su-presunto-vinculo-con-los-chapitos\/\" \/>\n<meta property=\"og:site_name\" content=\"Fuentes Fidedignas\" \/>\n<meta property=\"article:publisher\" content=\"https:\/\/www.facebook.com\/Fuentes-Fidedignas-368234489921644\" \/>\n<meta property=\"article:published_time\" content=\"2023-08-13T19:39:19+00:00\" \/>\n<meta property=\"article:modified_time\" content=\"2023-08-13T19:39:52+00:00\" \/>\n<meta property=\"og:image\" content=\"https:\/\/fuentesfidedignas.com.mx\/wp-content\/uploads\/2023\/08\/H_GENERAL.jpg\" \/>\n\t<meta property=\"og:image:width\" content=\"928\" \/>\n\t<meta property=\"og:image:height\" content=\"571\" \/>\n\t<meta property=\"og:image:type\" content=\"image\/jpeg\" \/>\n<meta name=\"author\" content=\"Infobae\" \/>\n<meta name=\"twitter:card\" content=\"summary_large_image\" \/>\n<meta name=\"twitter:creator\" content=\"@fidedignas\" \/>\n<meta name=\"twitter:site\" content=\"@fidedignas\" \/>\n<meta name=\"twitter:label1\" content=\"Escrito por\" \/>\n\t<meta name=\"twitter:data1\" content=\"Infobae\" \/>\n\t<meta name=\"twitter:label2\" content=\"Tiempo de lectura\" \/>\n\t<meta name=\"twitter:data2\" content=\"4 minutos\" \/>\n<script type=\"application\/ld+json\" class=\"yoast-schema-graph\">{\"@context\":\"https:\\\/\\\/schema.org\",\"@graph\":[{\"@type\":\"Article\",\"@id\":\"https:\\\/\\\/fuentesfidedignas.com.mx\\\/index.php\\\/2023\\\/08\\\/13\\\/eu-acuso-al-exdirector-del-hospital-general-de-culiacan-por-su-presunto-vinculo-con-los-chapitos\\\/#article\",\"isPartOf\":{\"@id\":\"https:\\\/\\\/fuentesfidedignas.com.mx\\\/index.php\\\/2023\\\/08\\\/13\\\/eu-acuso-al-exdirector-del-hospital-general-de-culiacan-por-su-presunto-vinculo-con-los-chapitos\\\/\"},\"author\":{\"name\":\"Infobae\",\"@id\":\"https:\\\/\\\/fuentesfidedignas.com.mx\\\/#\\\/schema\\\/person\\\/8575896a7c1067d352f6c1cd6582c389\"},\"headline\":\"EU acus\u00f3 al exdirector del Hospital General de Culiac\u00e1n por su presunto v\u00ednculo con \u201cLos Chapitos\u201d\",\"datePublished\":\"2023-08-13T19:39:19+00:00\",\"dateModified\":\"2023-08-13T19:39:52+00:00\",\"mainEntityOfPage\":{\"@id\":\"https:\\\/\\\/fuentesfidedignas.com.mx\\\/index.php\\\/2023\\\/08\\\/13\\\/eu-acuso-al-exdirector-del-hospital-general-de-culiacan-por-su-presunto-vinculo-con-los-chapitos\\\/\"},\"wordCount\":748,\"commentCount\":0,\"publisher\":{\"@id\":\"https:\\\/\\\/fuentesfidedignas.com.mx\\\/#organization\"},\"image\":{\"@id\":\"https:\\\/\\\/fuentesfidedignas.com.mx\\\/index.php\\\/2023\\\/08\\\/13\\\/eu-acuso-al-exdirector-del-hospital-general-de-culiacan-por-su-presunto-vinculo-con-los-chapitos\\\/#primaryimage\"},\"thumbnailUrl\":\"https:\\\/\\\/fuentesfidedignas.com.mx\\\/wp-content\\\/uploads\\\/2023\\\/08\\\/H_GENERAL.jpg\",\"articleSection\":[\"NOTA PRINCIPAL\"],\"inLanguage\":\"es\",\"potentialAction\":[{\"@type\":\"CommentAction\",\"name\":\"Comment\",\"target\":[\"https:\\\/\\\/fuentesfidedignas.com.mx\\\/index.php\\\/2023\\\/08\\\/13\\\/eu-acuso-al-exdirector-del-hospital-general-de-culiacan-por-su-presunto-vinculo-con-los-chapitos\\\/#respond\"]}]},{\"@type\":\"WebPage\",\"@id\":\"https:\\\/\\\/fuentesfidedignas.com.mx\\\/index.php\\\/2023\\\/08\\\/13\\\/eu-acuso-al-exdirector-del-hospital-general-de-culiacan-por-su-presunto-vinculo-con-los-chapitos\\\/\",\"url\":\"https:\\\/\\\/fuentesfidedignas.com.mx\\\/index.php\\\/2023\\\/08\\\/13\\\/eu-acuso-al-exdirector-del-hospital-general-de-culiacan-por-su-presunto-vinculo-con-los-chapitos\\\/\",\"name\":\"EU acus\u00f3 al exdirector del Hospital General de Culiac\u00e1n por su presunto v\u00ednculo con \u201cLos Chapitos\u201d - Fuentes Fidedignas\",\"isPartOf\":{\"@id\":\"https:\\\/\\\/fuentesfidedignas.com.mx\\\/#website\"},\"primaryImageOfPage\":{\"@id\":\"https:\\\/\\\/fuentesfidedignas.com.mx\\\/index.php\\\/2023\\\/08\\\/13\\\/eu-acuso-al-exdirector-del-hospital-general-de-culiacan-por-su-presunto-vinculo-con-los-chapitos\\\/#primaryimage\"},\"image\":{\"@id\":\"https:\\\/\\\/fuentesfidedignas.com.mx\\\/index.php\\\/2023\\\/08\\\/13\\\/eu-acuso-al-exdirector-del-hospital-general-de-culiacan-por-su-presunto-vinculo-con-los-chapitos\\\/#primaryimage\"},\"thumbnailUrl\":\"https:\\\/\\\/fuentesfidedignas.com.mx\\\/wp-content\\\/uploads\\\/2023\\\/08\\\/H_GENERAL.jpg\",\"datePublished\":\"2023-08-13T19:39:19+00:00\",\"dateModified\":\"2023-08-13T19:39:52+00:00\",\"breadcrumb\":{\"@id\":\"https:\\\/\\\/fuentesfidedignas.com.mx\\\/index.php\\\/2023\\\/08\\\/13\\\/eu-acuso-al-exdirector-del-hospital-general-de-culiacan-por-su-presunto-vinculo-con-los-chapitos\\\/#breadcrumb\"},\"inLanguage\":\"es\",\"potentialAction\":[{\"@type\":\"ReadAction\",\"target\":[\"https:\\\/\\\/fuentesfidedignas.com.mx\\\/index.php\\\/2023\\\/08\\\/13\\\/eu-acuso-al-exdirector-del-hospital-general-de-culiacan-por-su-presunto-vinculo-con-los-chapitos\\\/\"]}]},{\"@type\":\"ImageObject\",\"inLanguage\":\"es\",\"@id\":\"https:\\\/\\\/fuentesfidedignas.com.mx\\\/index.php\\\/2023\\\/08\\\/13\\\/eu-acuso-al-exdirector-del-hospital-general-de-culiacan-por-su-presunto-vinculo-con-los-chapitos\\\/#primaryimage\",\"url\":\"https:\\\/\\\/fuentesfidedignas.com.mx\\\/wp-content\\\/uploads\\\/2023\\\/08\\\/H_GENERAL.jpg\",\"contentUrl\":\"https:\\\/\\\/fuentesfidedignas.com.mx\\\/wp-content\\\/uploads\\\/2023\\\/08\\\/H_GENERAL.jpg\",\"width\":928,\"height\":571},{\"@type\":\"BreadcrumbList\",\"@id\":\"https:\\\/\\\/fuentesfidedignas.com.mx\\\/index.php\\\/2023\\\/08\\\/13\\\/eu-acuso-al-exdirector-del-hospital-general-de-culiacan-por-su-presunto-vinculo-con-los-chapitos\\\/#breadcrumb\",\"itemListElement\":[{\"@type\":\"ListItem\",\"position\":1,\"name\":\"Inicio\",\"item\":\"https:\\\/\\\/fuentesfidedignas.com.mx\\\/\"},{\"@type\":\"ListItem\",\"position\":2,\"name\":\"EU acus\u00f3 al exdirector del Hospital General de Culiac\u00e1n por su presunto v\u00ednculo con \u201cLos Chapitos\u201d\"}]},{\"@type\":\"WebSite\",\"@id\":\"https:\\\/\\\/fuentesfidedignas.com.mx\\\/#website\",\"url\":\"https:\\\/\\\/fuentesfidedignas.com.mx\\\/\",\"name\":\"Fuentes Fidedignas\",\"description\":\"Otro sitio realizado con WordPress\",\"publisher\":{\"@id\":\"https:\\\/\\\/fuentesfidedignas.com.mx\\\/#organization\"},\"potentialAction\":[{\"@type\":\"SearchAction\",\"target\":{\"@type\":\"EntryPoint\",\"urlTemplate\":\"https:\\\/\\\/fuentesfidedignas.com.mx\\\/?s={search_term_string}\"},\"query-input\":{\"@type\":\"PropertyValueSpecification\",\"valueRequired\":true,\"valueName\":\"search_term_string\"}}],\"inLanguage\":\"es\"},{\"@type\":\"Organization\",\"@id\":\"https:\\\/\\\/fuentesfidedignas.com.mx\\\/#organization\",\"name\":\"Fuentes Fidedignas\",\"url\":\"https:\\\/\\\/fuentesfidedignas.com.mx\\\/\",\"logo\":{\"@type\":\"ImageObject\",\"inLanguage\":\"es\",\"@id\":\"https:\\\/\\\/fuentesfidedignas.com.mx\\\/#\\\/schema\\\/logo\\\/image\\\/\",\"url\":\"https:\\\/\\\/fuentesfidedignas.com.mx\\\/wp-content\\\/uploads\\\/2021\\\/04\\\/logo-retina.png\",\"contentUrl\":\"https:\\\/\\\/fuentesfidedignas.com.mx\\\/wp-content\\\/uploads\\\/2021\\\/04\\\/logo-retina.png\",\"width\":280,\"height\":51,\"caption\":\"Fuentes Fidedignas\"},\"image\":{\"@id\":\"https:\\\/\\\/fuentesfidedignas.com.mx\\\/#\\\/schema\\\/logo\\\/image\\\/\"},\"sameAs\":[\"https:\\\/\\\/www.facebook.com\\\/Fuentes-Fidedignas-368234489921644\",\"https:\\\/\\\/x.com\\\/fidedignas\"]},{\"@type\":\"Person\",\"@id\":\"https:\\\/\\\/fuentesfidedignas.com.mx\\\/#\\\/schema\\\/person\\\/8575896a7c1067d352f6c1cd6582c389\",\"name\":\"Infobae\",\"image\":{\"@type\":\"ImageObject\",\"inLanguage\":\"es\",\"@id\":\"https:\\\/\\\/secure.gravatar.com\\\/avatar\\\/e4ec95706f8d1670343f6526fdcec45474bab17475a851434a64ca12b5acba1c?s=96&d=mm&r=g\",\"url\":\"https:\\\/\\\/secure.gravatar.com\\\/avatar\\\/e4ec95706f8d1670343f6526fdcec45474bab17475a851434a64ca12b5acba1c?s=96&d=mm&r=g\",\"contentUrl\":\"https:\\\/\\\/secure.gravatar.com\\\/avatar\\\/e4ec95706f8d1670343f6526fdcec45474bab17475a851434a64ca12b5acba1c?s=96&d=mm&r=g\",\"caption\":\"Infobae\"},\"url\":\"https:\\\/\\\/fuentesfidedignas.com.mx\\\/index.php\\\/author\\\/infobae\\\/\"}]}<\/script>\n<!-- \/ Yoast SEO plugin. -->","yoast_head_json":{"title":"EU acus\u00f3 al exdirector del Hospital General de Culiac\u00e1n por su presunto v\u00ednculo con \u201cLos Chapitos\u201d - Fuentes Fidedignas","robots":{"index":"index","follow":"follow","max-snippet":"max-snippet:-1","max-image-preview":"max-image-preview:large","max-video-preview":"max-video-preview:-1"},"canonical":"https:\/\/fuentesfidedignas.com.mx\/index.php\/2023\/08\/13\/eu-acuso-al-exdirector-del-hospital-general-de-culiacan-por-su-presunto-vinculo-con-los-chapitos\/","og_locale":"es_MX","og_type":"article","og_title":"EU acus\u00f3 al exdirector del Hospital General de Culiac\u00e1n por su presunto v\u00ednculo con \u201cLos Chapitos\u201d - Fuentes Fidedignas","og_description":"Jorge Alberto Zamudio Lerma fue designado como titular del Hospital General de Culiac\u00e1n el 4 de enero del 2017 Ciudad de M\u00e9xico.- El ex director del Hospital General de Culiac\u00e1n, Jorge Alberto Zamudio Lerma, fue incluido por el Departamento del Tesoro de Estados Unidos en la lista de personas f\u00edsicas y empresas bloqueadas por la [&hellip;]","og_url":"https:\/\/fuentesfidedignas.com.mx\/index.php\/2023\/08\/13\/eu-acuso-al-exdirector-del-hospital-general-de-culiacan-por-su-presunto-vinculo-con-los-chapitos\/","og_site_name":"Fuentes Fidedignas","article_publisher":"https:\/\/www.facebook.com\/Fuentes-Fidedignas-368234489921644","article_published_time":"2023-08-13T19:39:19+00:00","article_modified_time":"2023-08-13T19:39:52+00:00","og_image":[{"width":928,"height":571,"url":"https:\/\/fuentesfidedignas.com.mx\/wp-content\/uploads\/2023\/08\/H_GENERAL.jpg","type":"image\/jpeg"}],"author":"Infobae","twitter_card":"summary_large_image","twitter_creator":"@fidedignas","twitter_site":"@fidedignas","twitter_misc":{"Escrito por":"Infobae","Tiempo de lectura":"4 minutos"},"schema":{"@context":"https:\/\/schema.org","@graph":[{"@type":"Article","@id":"https:\/\/fuentesfidedignas.com.mx\/index.php\/2023\/08\/13\/eu-acuso-al-exdirector-del-hospital-general-de-culiacan-por-su-presunto-vinculo-con-los-chapitos\/#article","isPartOf":{"@id":"https:\/\/fuentesfidedignas.com.mx\/index.php\/2023\/08\/13\/eu-acuso-al-exdirector-del-hospital-general-de-culiacan-por-su-presunto-vinculo-con-los-chapitos\/"},"author":{"name":"Infobae","@id":"https:\/\/fuentesfidedignas.com.mx\/#\/schema\/person\/8575896a7c1067d352f6c1cd6582c389"},"headline":"EU acus\u00f3 al exdirector del Hospital General de Culiac\u00e1n por su presunto v\u00ednculo con \u201cLos Chapitos\u201d","datePublished":"2023-08-13T19:39:19+00:00","dateModified":"2023-08-13T19:39:52+00:00","mainEntityOfPage":{"@id":"https:\/\/fuentesfidedignas.com.mx\/index.php\/2023\/08\/13\/eu-acuso-al-exdirector-del-hospital-general-de-culiacan-por-su-presunto-vinculo-con-los-chapitos\/"},"wordCount":748,"commentCount":0,"publisher":{"@id":"https:\/\/fuentesfidedignas.com.mx\/#organization"},"image":{"@id":"https:\/\/fuentesfidedignas.com.mx\/index.php\/2023\/08\/13\/eu-acuso-al-exdirector-del-hospital-general-de-culiacan-por-su-presunto-vinculo-con-los-chapitos\/#primaryimage"},"thumbnailUrl":"https:\/\/fuentesfidedignas.com.mx\/wp-content\/uploads\/2023\/08\/H_GENERAL.jpg","articleSection":["NOTA PRINCIPAL"],"inLanguage":"es","potentialAction":[{"@type":"CommentAction","name":"Comment","target":["https:\/\/fuentesfidedignas.com.mx\/index.php\/2023\/08\/13\/eu-acuso-al-exdirector-del-hospital-general-de-culiacan-por-su-presunto-vinculo-con-los-chapitos\/#respond"]}]},{"@type":"WebPage","@id":"https:\/\/fuentesfidedignas.com.mx\/index.php\/2023\/08\/13\/eu-acuso-al-exdirector-del-hospital-general-de-culiacan-por-su-presunto-vinculo-con-los-chapitos\/","url":"https:\/\/fuentesfidedignas.com.mx\/index.php\/2023\/08\/13\/eu-acuso-al-exdirector-del-hospital-general-de-culiacan-por-su-presunto-vinculo-con-los-chapitos\/","name":"EU acus\u00f3 al exdirector del Hospital General de Culiac\u00e1n por su presunto v\u00ednculo con \u201cLos Chapitos\u201d - Fuentes Fidedignas","isPartOf":{"@id":"https:\/\/fuentesfidedignas.com.mx\/#website"},"primaryImageOfPage":{"@id":"https:\/\/fuentesfidedignas.com.mx\/index.php\/2023\/08\/13\/eu-acuso-al-exdirector-del-hospital-general-de-culiacan-por-su-presunto-vinculo-con-los-chapitos\/#primaryimage"},"image":{"@id":"https:\/\/fuentesfidedignas.com.mx\/index.php\/2023\/08\/13\/eu-acuso-al-exdirector-del-hospital-general-de-culiacan-por-su-presunto-vinculo-con-los-chapitos\/#primaryimage"},"thumbnailUrl":"https:\/\/fuentesfidedignas.com.mx\/wp-content\/uploads\/2023\/08\/H_GENERAL.jpg","datePublished":"2023-08-13T19:39:19+00:00","dateModified":"2023-08-13T19:39:52+00:00","breadcrumb":{"@id":"https:\/\/fuentesfidedignas.com.mx\/index.php\/2023\/08\/13\/eu-acuso-al-exdirector-del-hospital-general-de-culiacan-por-su-presunto-vinculo-con-los-chapitos\/#breadcrumb"},"inLanguage":"es","potentialAction":[{"@type":"ReadAction","target":["https:\/\/fuentesfidedignas.com.mx\/index.php\/2023\/08\/13\/eu-acuso-al-exdirector-del-hospital-general-de-culiacan-por-su-presunto-vinculo-con-los-chapitos\/"]}]},{"@type":"ImageObject","inLanguage":"es","@id":"https:\/\/fuentesfidedignas.com.mx\/index.php\/2023\/08\/13\/eu-acuso-al-exdirector-del-hospital-general-de-culiacan-por-su-presunto-vinculo-con-los-chapitos\/#primaryimage","url":"https:\/\/fuentesfidedignas.com.mx\/wp-content\/uploads\/2023\/08\/H_GENERAL.jpg","contentUrl":"https:\/\/fuentesfidedignas.com.mx\/wp-content\/uploads\/2023\/08\/H_GENERAL.jpg","width":928,"height":571},{"@type":"BreadcrumbList","@id":"https:\/\/fuentesfidedignas.com.mx\/index.php\/2023\/08\/13\/eu-acuso-al-exdirector-del-hospital-general-de-culiacan-por-su-presunto-vinculo-con-los-chapitos\/#breadcrumb","itemListElement":[{"@type":"ListItem","position":1,"name":"Inicio","item":"https:\/\/fuentesfidedignas.com.mx\/"},{"@type":"ListItem","position":2,"name":"EU acus\u00f3 al exdirector del Hospital General de Culiac\u00e1n por su presunto v\u00ednculo con \u201cLos Chapitos\u201d"}]},{"@type":"WebSite","@id":"https:\/\/fuentesfidedignas.com.mx\/#website","url":"https:\/\/fuentesfidedignas.com.mx\/","name":"Fuentes Fidedignas","description":"Otro sitio realizado con WordPress","publisher":{"@id":"https:\/\/fuentesfidedignas.com.mx\/#organization"},"potentialAction":[{"@type":"SearchAction","target":{"@type":"EntryPoint","urlTemplate":"https:\/\/fuentesfidedignas.com.mx\/?s={search_term_string}"},"query-input":{"@type":"PropertyValueSpecification","valueRequired":true,"valueName":"search_term_string"}}],"inLanguage":"es"},{"@type":"Organization","@id":"https:\/\/fuentesfidedignas.com.mx\/#organization","name":"Fuentes Fidedignas","url":"https:\/\/fuentesfidedignas.com.mx\/","logo":{"@type":"ImageObject","inLanguage":"es","@id":"https:\/\/fuentesfidedignas.com.mx\/#\/schema\/logo\/image\/","url":"https:\/\/fuentesfidedignas.com.mx\/wp-content\/uploads\/2021\/04\/logo-retina.png","contentUrl":"https:\/\/fuentesfidedignas.com.mx\/wp-content\/uploads\/2021\/04\/logo-retina.png","width":280,"height":51,"caption":"Fuentes Fidedignas"},"image":{"@id":"https:\/\/fuentesfidedignas.com.mx\/#\/schema\/logo\/image\/"},"sameAs":["https:\/\/www.facebook.com\/Fuentes-Fidedignas-368234489921644","https:\/\/x.com\/fidedignas"]},{"@type":"Person","@id":"https:\/\/fuentesfidedignas.com.mx\/#\/schema\/person\/8575896a7c1067d352f6c1cd6582c389","name":"Infobae","image":{"@type":"ImageObject","inLanguage":"es","@id":"https:\/\/secure.gravatar.com\/avatar\/e4ec95706f8d1670343f6526fdcec45474bab17475a851434a64ca12b5acba1c?s=96&d=mm&r=g","url":"https:\/\/secure.gravatar.com\/avatar\/e4ec95706f8d1670343f6526fdcec45474bab17475a851434a64ca12b5acba1c?s=96&d=mm&r=g","contentUrl":"https:\/\/secure.gravatar.com\/avatar\/e4ec95706f8d1670343f6526fdcec45474bab17475a851434a64ca12b5acba1c?s=96&d=mm&r=g","caption":"Infobae"},"url":"https:\/\/fuentesfidedignas.com.mx\/index.php\/author\/infobae\/"}]}},"_links":{"self":[{"href":"https:\/\/fuentesfidedignas.com.mx\/index.php\/wp-json\/wp\/v2\/posts\/55270","targetHints":{"allow":["GET"]}}],"collection":[{"href":"https:\/\/fuentesfidedignas.com.mx\/index.php\/wp-json\/wp\/v2\/posts"}],"about":[{"href":"https:\/\/fuentesfidedignas.com.mx\/index.php\/wp-json\/wp\/v2\/types\/post"}],"author":[{"embeddable":true,"href":"https:\/\/fuentesfidedignas.com.mx\/index.php\/wp-json\/wp\/v2\/users\/41"}],"replies":[{"embeddable":true,"href":"https:\/\/fuentesfidedignas.com.mx\/index.php\/wp-json\/wp\/v2\/comments?post=55270"}],"version-history":[{"count":1,"href":"https:\/\/fuentesfidedignas.com.mx\/index.php\/wp-json\/wp\/v2\/posts\/55270\/revisions"}],"predecessor-version":[{"id":55274,"href":"https:\/\/fuentesfidedignas.com.mx\/index.php\/wp-json\/wp\/v2\/posts\/55270\/revisions\/55274"}],"wp:featuredmedia":[{"embeddable":true,"href":"https:\/\/fuentesfidedignas.com.mx\/index.php\/wp-json\/wp\/v2\/media\/55273"}],"wp:attachment":[{"href":"https:\/\/fuentesfidedignas.com.mx\/index.php\/wp-json\/wp\/v2\/media?parent=55270"}],"wp:term":[{"taxonomy":"category","embeddable":true,"href":"https:\/\/fuentesfidedignas.com.mx\/index.php\/wp-json\/wp\/v2\/categories?post=55270"},{"taxonomy":"post_tag","embeddable":true,"href":"https:\/\/fuentesfidedignas.com.mx\/index.php\/wp-json\/wp\/v2\/tags?post=55270"}],"curies":[{"name":"wp","href":"https:\/\/api.w.org\/{rel}","templated":true}]}}